{"id":27840,"date":"2025-04-04T08:00:42","date_gmt":"2025-04-04T06:00:42","guid":{"rendered":"https:\/\/www.caudete.org\/ayuntamiento\/?p=27840"},"modified":"2025-04-05T09:27:11","modified_gmt":"2025-04-05T07:27:11","slug":"ruta-callejero-poetico-2025-en-caudete","status":"publish","type":"post","link":"https:\/\/www.caudete.org\/ayuntamiento\/ruta-callejero-poetico-2025-en-caudete\/","title":{"rendered":"Ruta CALLEJERO PO\u00c9TICO en Caudete"},"content":{"rendered":"<p style=\"text-align: justify;\">Manuela Gonz\u00e1lez, Concejal de Cultura ha informado acerca de la actividad organizada <strong>Ruta Callejero Po\u00e9tico 2025<\/strong>, una cita cultural que tendr\u00e1 lugar el pr\u00f3ximo viernes<strong> 4 de abril por la tarde<\/strong>, por la celebraci\u00f3n del <strong>D\u00eda de la Poes\u00eda<\/strong>. Este evento es una nueva iniciativa desarrollada por la Biblioteca P\u00fablica Municipal, que surge tras las actividades del pasado a\u00f1o en conmemoraci\u00f3n del Centenario del Poeta Evaristo Ba\u00f1\u00f3n, y en esta ocasi\u00f3n contar\u00e1 con la participaci\u00f3n de alumnos\/as de la Escuela de Adultos, miembros de los clubes de lectura, Taller de Arte Villa de Caudete, familiares del poeta Evaristo Ba\u00f1\u00f3n, autoridades pol\u00edticas y amigos de la Biblioteca.<\/p>\n<p style=\"text-align: justify;\"><strong>Una ruta po\u00e9tica por las calles de Caudete<\/strong><br \/>\nDurante el recorrido, los asistentes tendr\u00e1n la oportunidad de disfrutar de lecturas po\u00e9ticas en distintos puntos emblem\u00e1ticos de la localidad, en calles que llevan nombres de poetas destacados como Rosal\u00eda de Castro, Antonio Machado, Miguel Hern\u00e1ndez, Federico Garc\u00eda Lorca y el poeta local Evaristo Ba\u00f1\u00f3n. La ruta culminar\u00e1 en la Calle Poeta Evaristo Ba\u00f1\u00f3n, donde se llevar\u00e1 a cabo un recital po\u00e9tico con Ferm\u00edn Pintos y Davinia Fillol, entre otros.<\/p>\n<p style=\"text-align: justify;\"><strong>Horarios y recorrido<\/strong><br \/>\nLa <strong>concentraci\u00f3n<\/strong> de los participantes ser\u00e1 en la <strong>Calle Rosal\u00eda de Castro a las 19:00 horas<\/strong>, desde donde se iniciar\u00e1 el recorrido siguiendo el siguiente itinerario con este horario aproximado:<br \/>\n\u2022 <strong>19:00 horas<\/strong>: Salida desde Calle Rosal\u00eda de Castro.<br \/>\n\u2022 <strong>19:30 horas:<\/strong> Parada en Calle Echegaray, n.\u00ba 21, explanada del Colegio P\u00fablico El Paseo, confluencia de las calles Antonio Machado, Miguel Hern\u00e1ndez y Federico Garc\u00eda Lorca.<br \/>\n\u2022 <strong>20:15 horas:<\/strong> Llegada a Calle Poeta Evaristo Ba\u00f1\u00f3n, donde se realizar\u00e1 el acto final con recital po\u00e9tico<strong> Ferm\u00edn Pintos y Davinia Fillol.<br \/>\n<\/strong><br \/>\nEste <strong>D\u00eda de la Poes\u00eda<\/strong> lo celebraremos recorriendo las calles de nuestro pueblo que rinden homenaje a grandes poetas, disfrutando de la palabra escrita y compartiendo momentos de inspiraci\u00f3n literaria. Invitamos a todos los amantes de la poes\u00eda a asistir y disfrutar de los poemas en diferentes calles emblem\u00e1ticas de la localidad.<\/p>\n<p style=\"text-align: center;\"><strong>\u00a1Te esperamos para vivir juntos una tarde llena de poes\u00eda en las calles de Caudete!<\/strong><\/p>\n<p><a href=\"https:\/\/www.caudete.org\/ayuntamiento\/wp-content\/uploads\/2025\/03\/CallejeroPoeticoNuevaFecha.jpg\" rel='prettyPhoto'><img fetchpriority=\"high\" decoding=\"async\" class=\"alignnone size-full wp-image-28149\" src=\"https:\/\/www.caudete.org\/ayuntamiento\/wp-content\/uploads\/2025\/03\/CallejeroPoeticoNuevaFecha.jpg\" alt=\"\" width=\"707\" height=\"1000\" srcset=\"https:\/\/www.caudete.org\/ayuntamiento\/wp-content\/uploads\/2025\/03\/CallejeroPoeticoNuevaFecha.jpg 707w, https:\/\/www.caudete.org\/ayuntamiento\/wp-content\/uploads\/2025\/03\/CallejeroPoeticoNuevaFecha-283x400.jpg 283w, https:\/\/www.caudete.org\/ayuntamiento\/wp-content\/uploads\/2025\/03\/CallejeroPoeticoNuevaFecha-566x800.jpg 566w\" sizes=\"(max-width: 707px) 100vw, 707px\" \/><\/a><\/p>\n","protected":false},"excerpt":{"rendered":"<p>Manuela Gonz\u00e1lez, Concejal de Cultura ha informado acerca de la actividad organizada Ruta Callejero Po\u00e9tico 2025, una cita cultural que tendr\u00e1 lugar el pr\u00f3ximo viernes 4 de abril por la tarde, por la celebraci\u00f3n del D\u00eda de la Poes\u00eda. Este evento es una nueva iniciativa desarrollada por la Biblioteca P\u00fablica Municipal, que surge tras las &hellip;<\/p>\n","protected":false},"author":5,"featured_media":28151,"comment_status":"closed","ping_status":"open","sticky":false,"template":"","format":"standard","meta":{"ngg_post_thumbnail":0,"footnotes":""},"categories":[14],"tags":[],"class_list":["post-27840","post","type-post","status-publish","format-standard","has-post-thumbnail","hentry","category-cultura"],"yoast_head":"<!-- This site is optimized with the Yoast SEO plugin v27.5 - https:\/\/yoast.com\/product\/yoast-seo-wordpress\/ -->\n<title>Ruta CALLEJERO PO\u00c9TICO en Caudete - MI Ayuntamiento de Caudete<\/title>\n<meta name=\"description\" content=\"P\u00e1gina Oficial del Ayuntamiento de Caudete (Albacete)\" \/>\n<meta name=\"robots\" content=\"index, follow, max-snippet:-1, max-image-preview:large, max-video-preview:-1\" \/>\n<link rel=\"canonical\" href=\"https:\/\/www.caudete.org\/ayuntamiento\/ruta-callejero-poetico-2025-en-caudete\/\" \/>\n<meta property=\"og:locale\" content=\"es_ES\" \/>\n<meta property=\"og:type\" content=\"article\" \/>\n<meta property=\"og:title\" content=\"Ruta CALLEJERO PO\u00c9TICO en Caudete - MI Ayuntamiento de Caudete\" \/>\n<meta property=\"og:description\" content=\"P\u00e1gina Oficial del Ayuntamiento de Caudete (Albacete)\" \/>\n<meta property=\"og:url\" content=\"https:\/\/www.caudete.org\/ayuntamiento\/ruta-callejero-poetico-2025-en-caudete\/\" \/>\n<meta property=\"og:site_name\" content=\"MI Ayuntamiento de Caudete\" \/>\n<meta property=\"article:publisher\" content=\"https:\/\/www.facebook.com\/ayuntamientocaudete\/\" \/>\n<meta property=\"article:published_time\" content=\"2025-04-04T06:00:42+00:00\" \/>\n<meta property=\"article:modified_time\" content=\"2025-04-05T07:27:11+00:00\" \/>\n<meta property=\"og:image\" content=\"https:\/\/www.caudete.org\/ayuntamiento\/wp-content\/uploads\/2025\/03\/CallejeroPoeticoNuevaFecha_port.jpg\" \/>\n\t<meta property=\"og:image:width\" content=\"704\" \/>\n\t<meta property=\"og:image:height\" content=\"323\" \/>\n\t<meta property=\"og:image:type\" content=\"image\/jpeg\" \/>\n<meta name=\"author\" content=\"Dpto Informatica MI Ayuntamiento de Caudete\" \/>\n<meta name=\"twitter:card\" content=\"summary_large_image\" \/>\n<meta name=\"twitter:label1\" content=\"Escrito por\" \/>\n\t<meta name=\"twitter:data1\" content=\"Dpto Informatica MI Ayuntamiento de Caudete\" \/>\n\t<meta name=\"twitter:label2\" content=\"Tiempo de lectura\" \/>\n\t<meta name=\"twitter:data2\" content=\"2 minutos\" \/>\n<script type=\"application\/ld+json\" class=\"yoast-schema-graph\">{\"@context\":\"https:\\\/\\\/schema.org\",\"@graph\":[{\"@type\":\"Article\",\"@id\":\"https:\\\/\\\/www.caudete.org\\\/ayuntamiento\\\/ruta-callejero-poetico-2025-en-caudete\\\/#article\",\"isPartOf\":{\"@id\":\"https:\\\/\\\/www.caudete.org\\\/ayuntamiento\\\/ruta-callejero-poetico-2025-en-caudete\\\/\"},\"author\":{\"name\":\"Dpto Informatica MI Ayuntamiento de Caudete\",\"@id\":\"https:\\\/\\\/www.caudete.org\\\/ayuntamiento\\\/#\\\/schema\\\/person\\\/4b9eab41761957db9b1bf9c418d1ef46\"},\"headline\":\"Ruta CALLEJERO PO\u00c9TICO en Caudete\",\"datePublished\":\"2025-04-04T06:00:42+00:00\",\"dateModified\":\"2025-04-05T07:27:11+00:00\",\"mainEntityOfPage\":{\"@id\":\"https:\\\/\\\/www.caudete.org\\\/ayuntamiento\\\/ruta-callejero-poetico-2025-en-caudete\\\/\"},\"wordCount\":380,\"image\":{\"@id\":\"https:\\\/\\\/www.caudete.org\\\/ayuntamiento\\\/ruta-callejero-poetico-2025-en-caudete\\\/#primaryimage\"},\"thumbnailUrl\":\"https:\\\/\\\/www.caudete.org\\\/ayuntamiento\\\/wp-content\\\/uploads\\\/2025\\\/03\\\/CallejeroPoeticoNuevaFecha_port.jpg\",\"articleSection\":[\"Cultura\"],\"inLanguage\":\"es\"},{\"@type\":\"WebPage\",\"@id\":\"https:\\\/\\\/www.caudete.org\\\/ayuntamiento\\\/ruta-callejero-poetico-2025-en-caudete\\\/\",\"url\":\"https:\\\/\\\/www.caudete.org\\\/ayuntamiento\\\/ruta-callejero-poetico-2025-en-caudete\\\/\",\"name\":\"Ruta CALLEJERO PO\u00c9TICO en Caudete - MI Ayuntamiento de Caudete\",\"isPartOf\":{\"@id\":\"https:\\\/\\\/www.caudete.org\\\/ayuntamiento\\\/#website\"},\"primaryImageOfPage\":{\"@id\":\"https:\\\/\\\/www.caudete.org\\\/ayuntamiento\\\/ruta-callejero-poetico-2025-en-caudete\\\/#primaryimage\"},\"image\":{\"@id\":\"https:\\\/\\\/www.caudete.org\\\/ayuntamiento\\\/ruta-callejero-poetico-2025-en-caudete\\\/#primaryimage\"},\"thumbnailUrl\":\"https:\\\/\\\/www.caudete.org\\\/ayuntamiento\\\/wp-content\\\/uploads\\\/2025\\\/03\\\/CallejeroPoeticoNuevaFecha_port.jpg\",\"datePublished\":\"2025-04-04T06:00:42+00:00\",\"dateModified\":\"2025-04-05T07:27:11+00:00\",\"author\":{\"@id\":\"https:\\\/\\\/www.caudete.org\\\/ayuntamiento\\\/#\\\/schema\\\/person\\\/4b9eab41761957db9b1bf9c418d1ef46\"},\"description\":\"P\u00e1gina Oficial del Ayuntamiento de Caudete (Albacete)\",\"breadcrumb\":{\"@id\":\"https:\\\/\\\/www.caudete.org\\\/ayuntamiento\\\/ruta-callejero-poetico-2025-en-caudete\\\/#breadcrumb\"},\"inLanguage\":\"es\",\"potentialAction\":[{\"@type\":\"ReadAction\",\"target\":[\"https:\\\/\\\/www.caudete.org\\\/ayuntamiento\\\/ruta-callejero-poetico-2025-en-caudete\\\/\"]}]},{\"@type\":\"ImageObject\",\"inLanguage\":\"es\",\"@id\":\"https:\\\/\\\/www.caudete.org\\\/ayuntamiento\\\/ruta-callejero-poetico-2025-en-caudete\\\/#primaryimage\",\"url\":\"https:\\\/\\\/www.caudete.org\\\/ayuntamiento\\\/wp-content\\\/uploads\\\/2025\\\/03\\\/CallejeroPoeticoNuevaFecha_port.jpg\",\"contentUrl\":\"https:\\\/\\\/www.caudete.org\\\/ayuntamiento\\\/wp-content\\\/uploads\\\/2025\\\/03\\\/CallejeroPoeticoNuevaFecha_port.jpg\",\"width\":704,\"height\":323},{\"@type\":\"BreadcrumbList\",\"@id\":\"https:\\\/\\\/www.caudete.org\\\/ayuntamiento\\\/ruta-callejero-poetico-2025-en-caudete\\\/#breadcrumb\",\"itemListElement\":[{\"@type\":\"ListItem\",\"position\":1,\"name\":\"Inicio\",\"item\":\"https:\\\/\\\/www.caudete.org\\\/ayuntamiento\\\/\"},{\"@type\":\"ListItem\",\"position\":2,\"name\":\"Ruta CALLEJERO PO\u00c9TICO en Caudete\"}]},{\"@type\":\"WebSite\",\"@id\":\"https:\\\/\\\/www.caudete.org\\\/ayuntamiento\\\/#website\",\"url\":\"https:\\\/\\\/www.caudete.org\\\/ayuntamiento\\\/\",\"name\":\"MI Ayuntamiento de Caudete\",\"description\":\"P\u00e1gina Oficial del MI Ayuntamiento de Caudete\",\"potentialAction\":[{\"@type\":\"SearchAction\",\"target\":{\"@type\":\"EntryPoint\",\"urlTemplate\":\"https:\\\/\\\/www.caudete.org\\\/ayuntamiento\\\/?s={search_term_string}\"},\"query-input\":{\"@type\":\"PropertyValueSpecification\",\"valueRequired\":true,\"valueName\":\"search_term_string\"}}],\"inLanguage\":\"es\"},{\"@type\":\"Person\",\"@id\":\"https:\\\/\\\/www.caudete.org\\\/ayuntamiento\\\/#\\\/schema\\\/person\\\/4b9eab41761957db9b1bf9c418d1ef46\",\"name\":\"Dpto Informatica MI Ayuntamiento de Caudete\",\"image\":{\"@type\":\"ImageObject\",\"inLanguage\":\"es\",\"@id\":\"https:\\\/\\\/secure.gravatar.com\\\/avatar\\\/ac0321ee4a0a83e82a253e7b2d348ef539e2c8fe16d06b600bde04de1b364fa7?s=96&d=mm&r=g\",\"url\":\"https:\\\/\\\/secure.gravatar.com\\\/avatar\\\/ac0321ee4a0a83e82a253e7b2d348ef539e2c8fe16d06b600bde04de1b364fa7?s=96&d=mm&r=g\",\"contentUrl\":\"https:\\\/\\\/secure.gravatar.com\\\/avatar\\\/ac0321ee4a0a83e82a253e7b2d348ef539e2c8fe16d06b600bde04de1b364fa7?s=96&d=mm&r=g\",\"caption\":\"Dpto Informatica MI Ayuntamiento de Caudete\"},\"url\":\"https:\\\/\\\/www.caudete.org\\\/ayuntamiento\\\/author\\\/informatica\\\/\"}]}<\/script>\n<!-- \/ Yoast SEO plugin. -->","yoast_head_json":{"title":"Ruta CALLEJERO PO\u00c9TICO en Caudete - MI Ayuntamiento de Caudete","description":"P\u00e1gina Oficial del Ayuntamiento de Caudete (Albacete)","robots":{"index":"index","follow":"follow","max-snippet":"max-snippet:-1","max-image-preview":"max-image-preview:large","max-video-preview":"max-video-preview:-1"},"canonical":"https:\/\/www.caudete.org\/ayuntamiento\/ruta-callejero-poetico-2025-en-caudete\/","og_locale":"es_ES","og_type":"article","og_title":"Ruta CALLEJERO PO\u00c9TICO en Caudete - MI Ayuntamiento de Caudete","og_description":"P\u00e1gina Oficial del Ayuntamiento de Caudete (Albacete)","og_url":"https:\/\/www.caudete.org\/ayuntamiento\/ruta-callejero-poetico-2025-en-caudete\/","og_site_name":"MI Ayuntamiento de Caudete","article_publisher":"https:\/\/www.facebook.com\/ayuntamientocaudete\/","article_published_time":"2025-04-04T06:00:42+00:00","article_modified_time":"2025-04-05T07:27:11+00:00","og_image":[{"width":704,"height":323,"url":"https:\/\/www.caudete.org\/ayuntamiento\/wp-content\/uploads\/2025\/03\/CallejeroPoeticoNuevaFecha_port.jpg","type":"image\/jpeg"}],"author":"Dpto Informatica MI Ayuntamiento de Caudete","twitter_card":"summary_large_image","twitter_misc":{"Escrito por":"Dpto Informatica MI Ayuntamiento de Caudete","Tiempo de lectura":"2 minutos"},"schema":{"@context":"https:\/\/schema.org","@graph":[{"@type":"Article","@id":"https:\/\/www.caudete.org\/ayuntamiento\/ruta-callejero-poetico-2025-en-caudete\/#article","isPartOf":{"@id":"https:\/\/www.caudete.org\/ayuntamiento\/ruta-callejero-poetico-2025-en-caudete\/"},"author":{"name":"Dpto Informatica MI Ayuntamiento de Caudete","@id":"https:\/\/www.caudete.org\/ayuntamiento\/#\/schema\/person\/4b9eab41761957db9b1bf9c418d1ef46"},"headline":"Ruta CALLEJERO PO\u00c9TICO en Caudete","datePublished":"2025-04-04T06:00:42+00:00","dateModified":"2025-04-05T07:27:11+00:00","mainEntityOfPage":{"@id":"https:\/\/www.caudete.org\/ayuntamiento\/ruta-callejero-poetico-2025-en-caudete\/"},"wordCount":380,"image":{"@id":"https:\/\/www.caudete.org\/ayuntamiento\/ruta-callejero-poetico-2025-en-caudete\/#primaryimage"},"thumbnailUrl":"https:\/\/www.caudete.org\/ayuntamiento\/wp-content\/uploads\/2025\/03\/CallejeroPoeticoNuevaFecha_port.jpg","articleSection":["Cultura"],"inLanguage":"es"},{"@type":"WebPage","@id":"https:\/\/www.caudete.org\/ayuntamiento\/ruta-callejero-poetico-2025-en-caudete\/","url":"https:\/\/www.caudete.org\/ayuntamiento\/ruta-callejero-poetico-2025-en-caudete\/","name":"Ruta CALLEJERO PO\u00c9TICO en Caudete - MI Ayuntamiento de Caudete","isPartOf":{"@id":"https:\/\/www.caudete.org\/ayuntamiento\/#website"},"primaryImageOfPage":{"@id":"https:\/\/www.caudete.org\/ayuntamiento\/ruta-callejero-poetico-2025-en-caudete\/#primaryimage"},"image":{"@id":"https:\/\/www.caudete.org\/ayuntamiento\/ruta-callejero-poetico-2025-en-caudete\/#primaryimage"},"thumbnailUrl":"https:\/\/www.caudete.org\/ayuntamiento\/wp-content\/uploads\/2025\/03\/CallejeroPoeticoNuevaFecha_port.jpg","datePublished":"2025-04-04T06:00:42+00:00","dateModified":"2025-04-05T07:27:11+00:00","author":{"@id":"https:\/\/www.caudete.org\/ayuntamiento\/#\/schema\/person\/4b9eab41761957db9b1bf9c418d1ef46"},"description":"P\u00e1gina Oficial del Ayuntamiento de Caudete (Albacete)","breadcrumb":{"@id":"https:\/\/www.caudete.org\/ayuntamiento\/ruta-callejero-poetico-2025-en-caudete\/#breadcrumb"},"inLanguage":"es","potentialAction":[{"@type":"ReadAction","target":["https:\/\/www.caudete.org\/ayuntamiento\/ruta-callejero-poetico-2025-en-caudete\/"]}]},{"@type":"ImageObject","inLanguage":"es","@id":"https:\/\/www.caudete.org\/ayuntamiento\/ruta-callejero-poetico-2025-en-caudete\/#primaryimage","url":"https:\/\/www.caudete.org\/ayuntamiento\/wp-content\/uploads\/2025\/03\/CallejeroPoeticoNuevaFecha_port.jpg","contentUrl":"https:\/\/www.caudete.org\/ayuntamiento\/wp-content\/uploads\/2025\/03\/CallejeroPoeticoNuevaFecha_port.jpg","width":704,"height":323},{"@type":"BreadcrumbList","@id":"https:\/\/www.caudete.org\/ayuntamiento\/ruta-callejero-poetico-2025-en-caudete\/#breadcrumb","itemListElement":[{"@type":"ListItem","position":1,"name":"Inicio","item":"https:\/\/www.caudete.org\/ayuntamiento\/"},{"@type":"ListItem","position":2,"name":"Ruta CALLEJERO PO\u00c9TICO en Caudete"}]},{"@type":"WebSite","@id":"https:\/\/www.caudete.org\/ayuntamiento\/#website","url":"https:\/\/www.caudete.org\/ayuntamiento\/","name":"MI Ayuntamiento de Caudete","description":"P\u00e1gina Oficial del MI Ayuntamiento de Caudete","potentialAction":[{"@type":"SearchAction","target":{"@type":"EntryPoint","urlTemplate":"https:\/\/www.caudete.org\/ayuntamiento\/?s={search_term_string}"},"query-input":{"@type":"PropertyValueSpecification","valueRequired":true,"valueName":"search_term_string"}}],"inLanguage":"es"},{"@type":"Person","@id":"https:\/\/www.caudete.org\/ayuntamiento\/#\/schema\/person\/4b9eab41761957db9b1bf9c418d1ef46","name":"Dpto Informatica MI Ayuntamiento de Caudete","image":{"@type":"ImageObject","inLanguage":"es","@id":"https:\/\/secure.gravatar.com\/avatar\/ac0321ee4a0a83e82a253e7b2d348ef539e2c8fe16d06b600bde04de1b364fa7?s=96&d=mm&r=g","url":"https:\/\/secure.gravatar.com\/avatar\/ac0321ee4a0a83e82a253e7b2d348ef539e2c8fe16d06b600bde04de1b364fa7?s=96&d=mm&r=g","contentUrl":"https:\/\/secure.gravatar.com\/avatar\/ac0321ee4a0a83e82a253e7b2d348ef539e2c8fe16d06b600bde04de1b364fa7?s=96&d=mm&r=g","caption":"Dpto Informatica MI Ayuntamiento de Caudete"},"url":"https:\/\/www.caudete.org\/ayuntamiento\/author\/informatica\/"}]}},"_links":{"self":[{"href":"https:\/\/www.caudete.org\/ayuntamiento\/wp-json\/wp\/v2\/posts\/27840","targetHints":{"allow":["GET"]}}],"collection":[{"href":"https:\/\/www.caudete.org\/ayuntamiento\/wp-json\/wp\/v2\/posts"}],"about":[{"href":"https:\/\/www.caudete.org\/ayuntamiento\/wp-json\/wp\/v2\/types\/post"}],"author":[{"embeddable":true,"href":"https:\/\/www.caudete.org\/ayuntamiento\/wp-json\/wp\/v2\/users\/5"}],"replies":[{"embeddable":true,"href":"https:\/\/www.caudete.org\/ayuntamiento\/wp-json\/wp\/v2\/comments?post=27840"}],"version-history":[{"count":10,"href":"https:\/\/www.caudete.org\/ayuntamiento\/wp-json\/wp\/v2\/posts\/27840\/revisions"}],"predecessor-version":[{"id":28156,"href":"https:\/\/www.caudete.org\/ayuntamiento\/wp-json\/wp\/v2\/posts\/27840\/revisions\/28156"}],"wp:featuredmedia":[{"embeddable":true,"href":"https:\/\/www.caudete.org\/ayuntamiento\/wp-json\/wp\/v2\/media\/28151"}],"wp:attachment":[{"href":"https:\/\/www.caudete.org\/ayuntamiento\/wp-json\/wp\/v2\/media?parent=27840"}],"wp:term":[{"taxonomy":"category","embeddable":true,"href":"https:\/\/www.caudete.org\/ayuntamiento\/wp-json\/wp\/v2\/categories?post=27840"},{"taxonomy":"post_tag","embeddable":true,"href":"https:\/\/www.caudete.org\/ayuntamiento\/wp-json\/wp\/v2\/tags?post=27840"}],"curies":[{"name":"wp","href":"https:\/\/api.w.org\/{rel}","templated":true}]}}