{"id":27867,"date":"2025-03-18T09:01:14","date_gmt":"2025-03-18T08:01:14","guid":{"rendered":"https:\/\/www.caudete.org\/ayuntamiento\/?p=27867"},"modified":"2025-03-31T08:02:33","modified_gmt":"2025-03-31T06:02:33","slug":"vuelve-la-concentracion-de-autocaravanas-el-29-y-30-de-marzo","status":"publish","type":"post","link":"https:\/\/www.caudete.org\/ayuntamiento\/vuelve-la-concentracion-de-autocaravanas-el-29-y-30-de-marzo\/","title":{"rendered":"Vuelve la CONCENTRACI\u00d3N DE AUTOCARAVANAS el 29 y 30 de Marzo"},"content":{"rendered":"<p style=\"text-align: center;\"><a href=\"https:\/\/www.caudete.org\/ayuntamiento\/wp-content\/uploads\/2025\/02\/caudete_turismo_horizontal-1.jpg\" rel='prettyPhoto'><img fetchpriority=\"high\" decoding=\"async\" class=\"alignnone wp-image-27403 size-full\" src=\"https:\/\/www.caudete.org\/ayuntamiento\/wp-content\/uploads\/2025\/02\/caudete_turismo_horizontal-1.jpg\" alt=\"\" width=\"625\" height=\"157\" srcset=\"https:\/\/www.caudete.org\/ayuntamiento\/wp-content\/uploads\/2025\/02\/caudete_turismo_horizontal-1.jpg 625w, https:\/\/www.caudete.org\/ayuntamiento\/wp-content\/uploads\/2025\/02\/caudete_turismo_horizontal-1-300x75.jpg 300w\" sizes=\"(max-width: 625px) 100vw, 625px\" \/><\/a><\/p>\n<p style=\"text-align: justify;\">La Concejal\u00eda de Turismo convoca una concentraci\u00f3n de autocaravanas en Caudete con un completo programa de actividades de turismo, cultura y gastronom\u00eda, esperando poder contar con la presencia de amantes del mundo viajero en autocaravana.<\/p>\n<p style=\"text-align: justify;\">Tal y como comentaba el Concejal de Turismo, Diego Cuenca, tras el \u00e9xito de la realizada en 2023, se ha convocado la II Edici\u00f3n, en torno al \u00e1rea creada en el Barrio de San Francisco, siendo por tanto el punto central del encuentro.<\/p>\n<p style=\"text-align: justify;\">El s\u00e1bado 29 de Marzo, a las 11.00 horas de la ma\u00f1ana tendr\u00e1 lugar el acto oficial de Recepci\u00f3n y Bienvenida. No obstante, los autocaravanistas podr\u00e1n ir llegando entre la tarde del viernes y ma\u00f1ana del s\u00e1bado como deseen, para lo cual se se\u00f1alizar\u00e1 la zona, y cortar\u00e1 al tr\u00e1fico la zona que ocupe la concentraci\u00f3n.<\/p>\n<p style=\"text-align: justify;\">A las 14.00 horas, se ofrece la opci\u00f3n de celebrar una comida de convivencia en el cercano Restaurante Vilmar, para lo que ser\u00e1 necesario reserva con antelaci\u00f3n.<\/p>\n<p style=\"text-align: justify;\">A las 17.00 horas, se ofrece a las autocaravanistas dos opciones de turismo cultural a elegir. Necesario reservar en ambas.<br \/>\n&#8211; Santuario de la Virgen de Gracia, con Museo Sala de Mantos. Grupo m\u00ednimo 15 personas.<\/p>\n<p style=\"text-align: justify;\">&#8211; Visita a Villa El Paso.<\/p>\n<p style=\"text-align: justify;\">El domingo 30 de Marzo, a las 10.30 horas del domingo se ofrecer\u00e1 a todos los caravanistas una visita completa al Barrio de San Francisco, conjunto arquitect\u00f3nico construido en 1901 y 1910 por Francisco Albalat, Conde de San Carlos. Gratuito. Salida desde el \u00e1rea de caravanas.<\/p>\n<p style=\"text-align: justify;\">M\u00e1s tarde, de 13.00 a 14.00 horas, se les invitar\u00e1 a conocer la oficina de turismo y casa de Miguel Mart\u00ednez, edificio que data del s. XVIII.<\/p>\n<p style=\"text-align: justify;\">A las 17.00 horas, para cerrar el programa, se ofrecer\u00e1 a los caravanistas, una visita al Palacio de los Obispos de Orihuela, un precioso edificio que fue en origen la residencia de los Obispos de la Di\u00f3cesis y cuya restauraci\u00f3n est\u00e1 pronta a finalizar, con el objeto de convertirse en espacio de eventos y alojamiento. Grupo m\u00ednimo 15 personas.<\/p>\n<p>\u00a0<a href=\"https:\/\/www.caudete.org\/ayuntamiento\/wp-content\/uploads\/2025\/03\/caravanas1.jpg\" rel='prettyPhoto'><img decoding=\"async\" class=\"alignnone wp-image-27869 size-full\" src=\"https:\/\/www.caudete.org\/ayuntamiento\/wp-content\/uploads\/2025\/03\/caravanas1.jpg\" alt=\"\" width=\"1271\" height=\"593\" srcset=\"https:\/\/www.caudete.org\/ayuntamiento\/wp-content\/uploads\/2025\/03\/caravanas1.jpg 1271w, https:\/\/www.caudete.org\/ayuntamiento\/wp-content\/uploads\/2025\/03\/caravanas1-600x280.jpg 600w, https:\/\/www.caudete.org\/ayuntamiento\/wp-content\/uploads\/2025\/03\/caravanas1-1200x560.jpg 1200w, https:\/\/www.caudete.org\/ayuntamiento\/wp-content\/uploads\/2025\/03\/caravanas1-768x358.jpg 768w\" sizes=\"(max-width: 1271px) 100vw, 1271px\" \/><\/a><\/p>\n","protected":false},"excerpt":{"rendered":"<p>La Concejal\u00eda de Turismo convoca una concentraci\u00f3n de autocaravanas en Caudete con un completo programa de actividades de turismo, cultura y gastronom\u00eda, esperando poder contar con la presencia de amantes del mundo viajero en autocaravana. Tal y como comentaba el Concejal de Turismo, Diego Cuenca, tras el \u00e9xito de la realizada en 2023, se ha &hellip;<\/p>\n","protected":false},"author":3,"featured_media":27868,"comment_status":"closed","ping_status":"open","sticky":false,"template":"","format":"standard","meta":{"ngg_post_thumbnail":0,"footnotes":""},"categories":[43],"tags":[],"class_list":["post-27867","post","type-post","status-publish","format-standard","has-post-thumbnail","hentry","category-turismo"],"yoast_head":"<!-- This site is optimized with the Yoast SEO plugin v27.5 - https:\/\/yoast.com\/product\/yoast-seo-wordpress\/ -->\n<title>Vuelve la CONCENTRACI\u00d3N DE AUTOCARAVANAS el 29 y 30 de Marzo - MI Ayuntamiento de Caudete<\/title>\n<meta name=\"description\" content=\"P\u00e1gina Oficial del Ayuntamiento de Caudete (Albacete)\" \/>\n<meta name=\"robots\" content=\"index, follow, max-snippet:-1, max-image-preview:large, max-video-preview:-1\" \/>\n<link rel=\"canonical\" href=\"https:\/\/www.caudete.org\/ayuntamiento\/vuelve-la-concentracion-de-autocaravanas-el-29-y-30-de-marzo\/\" \/>\n<meta property=\"og:locale\" content=\"es_ES\" \/>\n<meta property=\"og:type\" content=\"article\" \/>\n<meta property=\"og:title\" content=\"Vuelve la CONCENTRACI\u00d3N DE AUTOCARAVANAS el 29 y 30 de Marzo - MI Ayuntamiento de Caudete\" \/>\n<meta property=\"og:description\" content=\"P\u00e1gina Oficial del Ayuntamiento de Caudete (Albacete)\" \/>\n<meta property=\"og:url\" content=\"https:\/\/www.caudete.org\/ayuntamiento\/vuelve-la-concentracion-de-autocaravanas-el-29-y-30-de-marzo\/\" \/>\n<meta property=\"og:site_name\" content=\"MI Ayuntamiento de Caudete\" \/>\n<meta property=\"article:publisher\" content=\"https:\/\/www.facebook.com\/ayuntamientocaudete\/\" \/>\n<meta property=\"article:published_time\" content=\"2025-03-18T08:01:14+00:00\" \/>\n<meta property=\"article:modified_time\" content=\"2025-03-31T06:02:33+00:00\" \/>\n<meta property=\"og:image\" content=\"https:\/\/www.caudete.org\/ayuntamiento\/wp-content\/uploads\/2025\/03\/caravanas2.jpg\" \/>\n\t<meta property=\"og:image:width\" content=\"1275\" \/>\n\t<meta property=\"og:image:height\" content=\"597\" \/>\n\t<meta property=\"og:image:type\" content=\"image\/jpeg\" \/>\n<meta name=\"author\" content=\"alcalde\" \/>\n<meta name=\"twitter:card\" content=\"summary_large_image\" \/>\n<meta name=\"twitter:label1\" content=\"Escrito por\" \/>\n\t<meta name=\"twitter:data1\" content=\"alcalde\" \/>\n\t<meta name=\"twitter:label2\" content=\"Tiempo de lectura\" \/>\n\t<meta name=\"twitter:data2\" content=\"3 minutos\" \/>\n<script type=\"application\/ld+json\" class=\"yoast-schema-graph\">{\"@context\":\"https:\\\/\\\/schema.org\",\"@graph\":[{\"@type\":\"Article\",\"@id\":\"https:\\\/\\\/www.caudete.org\\\/ayuntamiento\\\/vuelve-la-concentracion-de-autocaravanas-el-29-y-30-de-marzo\\\/#article\",\"isPartOf\":{\"@id\":\"https:\\\/\\\/www.caudete.org\\\/ayuntamiento\\\/vuelve-la-concentracion-de-autocaravanas-el-29-y-30-de-marzo\\\/\"},\"author\":{\"name\":\"alcalde\",\"@id\":\"https:\\\/\\\/www.caudete.org\\\/ayuntamiento\\\/#\\\/schema\\\/person\\\/cc646da9133078ee4d8dd47457947253\"},\"headline\":\"Vuelve la CONCENTRACI\u00d3N DE AUTOCARAVANAS el 29 y 30 de Marzo\",\"datePublished\":\"2025-03-18T08:01:14+00:00\",\"dateModified\":\"2025-03-31T06:02:33+00:00\",\"mainEntityOfPage\":{\"@id\":\"https:\\\/\\\/www.caudete.org\\\/ayuntamiento\\\/vuelve-la-concentracion-de-autocaravanas-el-29-y-30-de-marzo\\\/\"},\"wordCount\":353,\"image\":{\"@id\":\"https:\\\/\\\/www.caudete.org\\\/ayuntamiento\\\/vuelve-la-concentracion-de-autocaravanas-el-29-y-30-de-marzo\\\/#primaryimage\"},\"thumbnailUrl\":\"https:\\\/\\\/www.caudete.org\\\/ayuntamiento\\\/wp-content\\\/uploads\\\/2025\\\/03\\\/caravanas2.jpg\",\"articleSection\":[\"Turismo\"],\"inLanguage\":\"es\"},{\"@type\":\"WebPage\",\"@id\":\"https:\\\/\\\/www.caudete.org\\\/ayuntamiento\\\/vuelve-la-concentracion-de-autocaravanas-el-29-y-30-de-marzo\\\/\",\"url\":\"https:\\\/\\\/www.caudete.org\\\/ayuntamiento\\\/vuelve-la-concentracion-de-autocaravanas-el-29-y-30-de-marzo\\\/\",\"name\":\"Vuelve la CONCENTRACI\u00d3N DE AUTOCARAVANAS el 29 y 30 de Marzo - MI Ayuntamiento de Caudete\",\"isPartOf\":{\"@id\":\"https:\\\/\\\/www.caudete.org\\\/ayuntamiento\\\/#website\"},\"primaryImageOfPage\":{\"@id\":\"https:\\\/\\\/www.caudete.org\\\/ayuntamiento\\\/vuelve-la-concentracion-de-autocaravanas-el-29-y-30-de-marzo\\\/#primaryimage\"},\"image\":{\"@id\":\"https:\\\/\\\/www.caudete.org\\\/ayuntamiento\\\/vuelve-la-concentracion-de-autocaravanas-el-29-y-30-de-marzo\\\/#primaryimage\"},\"thumbnailUrl\":\"https:\\\/\\\/www.caudete.org\\\/ayuntamiento\\\/wp-content\\\/uploads\\\/2025\\\/03\\\/caravanas2.jpg\",\"datePublished\":\"2025-03-18T08:01:14+00:00\",\"dateModified\":\"2025-03-31T06:02:33+00:00\",\"author\":{\"@id\":\"https:\\\/\\\/www.caudete.org\\\/ayuntamiento\\\/#\\\/schema\\\/person\\\/cc646da9133078ee4d8dd47457947253\"},\"description\":\"P\u00e1gina Oficial del Ayuntamiento de Caudete (Albacete)\",\"breadcrumb\":{\"@id\":\"https:\\\/\\\/www.caudete.org\\\/ayuntamiento\\\/vuelve-la-concentracion-de-autocaravanas-el-29-y-30-de-marzo\\\/#breadcrumb\"},\"inLanguage\":\"es\",\"potentialAction\":[{\"@type\":\"ReadAction\",\"target\":[\"https:\\\/\\\/www.caudete.org\\\/ayuntamiento\\\/vuelve-la-concentracion-de-autocaravanas-el-29-y-30-de-marzo\\\/\"]}]},{\"@type\":\"ImageObject\",\"inLanguage\":\"es\",\"@id\":\"https:\\\/\\\/www.caudete.org\\\/ayuntamiento\\\/vuelve-la-concentracion-de-autocaravanas-el-29-y-30-de-marzo\\\/#primaryimage\",\"url\":\"https:\\\/\\\/www.caudete.org\\\/ayuntamiento\\\/wp-content\\\/uploads\\\/2025\\\/03\\\/caravanas2.jpg\",\"contentUrl\":\"https:\\\/\\\/www.caudete.org\\\/ayuntamiento\\\/wp-content\\\/uploads\\\/2025\\\/03\\\/caravanas2.jpg\",\"width\":1275,\"height\":597},{\"@type\":\"BreadcrumbList\",\"@id\":\"https:\\\/\\\/www.caudete.org\\\/ayuntamiento\\\/vuelve-la-concentracion-de-autocaravanas-el-29-y-30-de-marzo\\\/#breadcrumb\",\"itemListElement\":[{\"@type\":\"ListItem\",\"position\":1,\"name\":\"Inicio\",\"item\":\"https:\\\/\\\/www.caudete.org\\\/ayuntamiento\\\/\"},{\"@type\":\"ListItem\",\"position\":2,\"name\":\"Vuelve la CONCENTRACI\u00d3N DE AUTOCARAVANAS el 29 y 30 de Marzo\"}]},{\"@type\":\"WebSite\",\"@id\":\"https:\\\/\\\/www.caudete.org\\\/ayuntamiento\\\/#website\",\"url\":\"https:\\\/\\\/www.caudete.org\\\/ayuntamiento\\\/\",\"name\":\"MI Ayuntamiento de Caudete\",\"description\":\"P\u00e1gina Oficial del MI Ayuntamiento de Caudete\",\"potentialAction\":[{\"@type\":\"SearchAction\",\"target\":{\"@type\":\"EntryPoint\",\"urlTemplate\":\"https:\\\/\\\/www.caudete.org\\\/ayuntamiento\\\/?s={search_term_string}\"},\"query-input\":{\"@type\":\"PropertyValueSpecification\",\"valueRequired\":true,\"valueName\":\"search_term_string\"}}],\"inLanguage\":\"es\"},{\"@type\":\"Person\",\"@id\":\"https:\\\/\\\/www.caudete.org\\\/ayuntamiento\\\/#\\\/schema\\\/person\\\/cc646da9133078ee4d8dd47457947253\",\"name\":\"alcalde\",\"image\":{\"@type\":\"ImageObject\",\"inLanguage\":\"es\",\"@id\":\"https:\\\/\\\/secure.gravatar.com\\\/avatar\\\/84a817ba065b29ff08d666b215a215f5c79186a645ccb25b14a663d48a130f77?s=96&d=mm&r=g\",\"url\":\"https:\\\/\\\/secure.gravatar.com\\\/avatar\\\/84a817ba065b29ff08d666b215a215f5c79186a645ccb25b14a663d48a130f77?s=96&d=mm&r=g\",\"contentUrl\":\"https:\\\/\\\/secure.gravatar.com\\\/avatar\\\/84a817ba065b29ff08d666b215a215f5c79186a645ccb25b14a663d48a130f77?s=96&d=mm&r=g\",\"caption\":\"alcalde\"},\"url\":\"https:\\\/\\\/www.caudete.org\\\/ayuntamiento\\\/author\\\/alcalde\\\/\"}]}<\/script>\n<!-- \/ Yoast SEO plugin. -->","yoast_head_json":{"title":"Vuelve la CONCENTRACI\u00d3N DE AUTOCARAVANAS el 29 y 30 de Marzo - MI Ayuntamiento de Caudete","description":"P\u00e1gina Oficial del Ayuntamiento de Caudete (Albacete)","robots":{"index":"index","follow":"follow","max-snippet":"max-snippet:-1","max-image-preview":"max-image-preview:large","max-video-preview":"max-video-preview:-1"},"canonical":"https:\/\/www.caudete.org\/ayuntamiento\/vuelve-la-concentracion-de-autocaravanas-el-29-y-30-de-marzo\/","og_locale":"es_ES","og_type":"article","og_title":"Vuelve la CONCENTRACI\u00d3N DE AUTOCARAVANAS el 29 y 30 de Marzo - MI Ayuntamiento de Caudete","og_description":"P\u00e1gina Oficial del Ayuntamiento de Caudete (Albacete)","og_url":"https:\/\/www.caudete.org\/ayuntamiento\/vuelve-la-concentracion-de-autocaravanas-el-29-y-30-de-marzo\/","og_site_name":"MI Ayuntamiento de Caudete","article_publisher":"https:\/\/www.facebook.com\/ayuntamientocaudete\/","article_published_time":"2025-03-18T08:01:14+00:00","article_modified_time":"2025-03-31T06:02:33+00:00","og_image":[{"width":1275,"height":597,"url":"https:\/\/www.caudete.org\/ayuntamiento\/wp-content\/uploads\/2025\/03\/caravanas2.jpg","type":"image\/jpeg"}],"author":"alcalde","twitter_card":"summary_large_image","twitter_misc":{"Escrito por":"alcalde","Tiempo de lectura":"3 minutos"},"schema":{"@context":"https:\/\/schema.org","@graph":[{"@type":"Article","@id":"https:\/\/www.caudete.org\/ayuntamiento\/vuelve-la-concentracion-de-autocaravanas-el-29-y-30-de-marzo\/#article","isPartOf":{"@id":"https:\/\/www.caudete.org\/ayuntamiento\/vuelve-la-concentracion-de-autocaravanas-el-29-y-30-de-marzo\/"},"author":{"name":"alcalde","@id":"https:\/\/www.caudete.org\/ayuntamiento\/#\/schema\/person\/cc646da9133078ee4d8dd47457947253"},"headline":"Vuelve la CONCENTRACI\u00d3N DE AUTOCARAVANAS el 29 y 30 de Marzo","datePublished":"2025-03-18T08:01:14+00:00","dateModified":"2025-03-31T06:02:33+00:00","mainEntityOfPage":{"@id":"https:\/\/www.caudete.org\/ayuntamiento\/vuelve-la-concentracion-de-autocaravanas-el-29-y-30-de-marzo\/"},"wordCount":353,"image":{"@id":"https:\/\/www.caudete.org\/ayuntamiento\/vuelve-la-concentracion-de-autocaravanas-el-29-y-30-de-marzo\/#primaryimage"},"thumbnailUrl":"https:\/\/www.caudete.org\/ayuntamiento\/wp-content\/uploads\/2025\/03\/caravanas2.jpg","articleSection":["Turismo"],"inLanguage":"es"},{"@type":"WebPage","@id":"https:\/\/www.caudete.org\/ayuntamiento\/vuelve-la-concentracion-de-autocaravanas-el-29-y-30-de-marzo\/","url":"https:\/\/www.caudete.org\/ayuntamiento\/vuelve-la-concentracion-de-autocaravanas-el-29-y-30-de-marzo\/","name":"Vuelve la CONCENTRACI\u00d3N DE AUTOCARAVANAS el 29 y 30 de Marzo - MI Ayuntamiento de Caudete","isPartOf":{"@id":"https:\/\/www.caudete.org\/ayuntamiento\/#website"},"primaryImageOfPage":{"@id":"https:\/\/www.caudete.org\/ayuntamiento\/vuelve-la-concentracion-de-autocaravanas-el-29-y-30-de-marzo\/#primaryimage"},"image":{"@id":"https:\/\/www.caudete.org\/ayuntamiento\/vuelve-la-concentracion-de-autocaravanas-el-29-y-30-de-marzo\/#primaryimage"},"thumbnailUrl":"https:\/\/www.caudete.org\/ayuntamiento\/wp-content\/uploads\/2025\/03\/caravanas2.jpg","datePublished":"2025-03-18T08:01:14+00:00","dateModified":"2025-03-31T06:02:33+00:00","author":{"@id":"https:\/\/www.caudete.org\/ayuntamiento\/#\/schema\/person\/cc646da9133078ee4d8dd47457947253"},"description":"P\u00e1gina Oficial del Ayuntamiento de Caudete (Albacete)","breadcrumb":{"@id":"https:\/\/www.caudete.org\/ayuntamiento\/vuelve-la-concentracion-de-autocaravanas-el-29-y-30-de-marzo\/#breadcrumb"},"inLanguage":"es","potentialAction":[{"@type":"ReadAction","target":["https:\/\/www.caudete.org\/ayuntamiento\/vuelve-la-concentracion-de-autocaravanas-el-29-y-30-de-marzo\/"]}]},{"@type":"ImageObject","inLanguage":"es","@id":"https:\/\/www.caudete.org\/ayuntamiento\/vuelve-la-concentracion-de-autocaravanas-el-29-y-30-de-marzo\/#primaryimage","url":"https:\/\/www.caudete.org\/ayuntamiento\/wp-content\/uploads\/2025\/03\/caravanas2.jpg","contentUrl":"https:\/\/www.caudete.org\/ayuntamiento\/wp-content\/uploads\/2025\/03\/caravanas2.jpg","width":1275,"height":597},{"@type":"BreadcrumbList","@id":"https:\/\/www.caudete.org\/ayuntamiento\/vuelve-la-concentracion-de-autocaravanas-el-29-y-30-de-marzo\/#breadcrumb","itemListElement":[{"@type":"ListItem","position":1,"name":"Inicio","item":"https:\/\/www.caudete.org\/ayuntamiento\/"},{"@type":"ListItem","position":2,"name":"Vuelve la CONCENTRACI\u00d3N DE AUTOCARAVANAS el 29 y 30 de Marzo"}]},{"@type":"WebSite","@id":"https:\/\/www.caudete.org\/ayuntamiento\/#website","url":"https:\/\/www.caudete.org\/ayuntamiento\/","name":"MI Ayuntamiento de Caudete","description":"P\u00e1gina Oficial del MI Ayuntamiento de Caudete","potentialAction":[{"@type":"SearchAction","target":{"@type":"EntryPoint","urlTemplate":"https:\/\/www.caudete.org\/ayuntamiento\/?s={search_term_string}"},"query-input":{"@type":"PropertyValueSpecification","valueRequired":true,"valueName":"search_term_string"}}],"inLanguage":"es"},{"@type":"Person","@id":"https:\/\/www.caudete.org\/ayuntamiento\/#\/schema\/person\/cc646da9133078ee4d8dd47457947253","name":"alcalde","image":{"@type":"ImageObject","inLanguage":"es","@id":"https:\/\/secure.gravatar.com\/avatar\/84a817ba065b29ff08d666b215a215f5c79186a645ccb25b14a663d48a130f77?s=96&d=mm&r=g","url":"https:\/\/secure.gravatar.com\/avatar\/84a817ba065b29ff08d666b215a215f5c79186a645ccb25b14a663d48a130f77?s=96&d=mm&r=g","contentUrl":"https:\/\/secure.gravatar.com\/avatar\/84a817ba065b29ff08d666b215a215f5c79186a645ccb25b14a663d48a130f77?s=96&d=mm&r=g","caption":"alcalde"},"url":"https:\/\/www.caudete.org\/ayuntamiento\/author\/alcalde\/"}]}},"_links":{"self":[{"href":"https:\/\/www.caudete.org\/ayuntamiento\/wp-json\/wp\/v2\/posts\/27867","targetHints":{"allow":["GET"]}}],"collection":[{"href":"https:\/\/www.caudete.org\/ayuntamiento\/wp-json\/wp\/v2\/posts"}],"about":[{"href":"https:\/\/www.caudete.org\/ayuntamiento\/wp-json\/wp\/v2\/types\/post"}],"author":[{"embeddable":true,"href":"https:\/\/www.caudete.org\/ayuntamiento\/wp-json\/wp\/v2\/users\/3"}],"replies":[{"embeddable":true,"href":"https:\/\/www.caudete.org\/ayuntamiento\/wp-json\/wp\/v2\/comments?post=27867"}],"version-history":[{"count":2,"href":"https:\/\/www.caudete.org\/ayuntamiento\/wp-json\/wp\/v2\/posts\/27867\/revisions"}],"predecessor-version":[{"id":27878,"href":"https:\/\/www.caudete.org\/ayuntamiento\/wp-json\/wp\/v2\/posts\/27867\/revisions\/27878"}],"wp:featuredmedia":[{"embeddable":true,"href":"https:\/\/www.caudete.org\/ayuntamiento\/wp-json\/wp\/v2\/media\/27868"}],"wp:attachment":[{"href":"https:\/\/www.caudete.org\/ayuntamiento\/wp-json\/wp\/v2\/media?parent=27867"}],"wp:term":[{"taxonomy":"category","embeddable":true,"href":"https:\/\/www.caudete.org\/ayuntamiento\/wp-json\/wp\/v2\/categories?post=27867"},{"taxonomy":"post_tag","embeddable":true,"href":"https:\/\/www.caudete.org\/ayuntamiento\/wp-json\/wp\/v2\/tags?post=27867"}],"curies":[{"name":"wp","href":"https:\/\/api.w.org\/{rel}","templated":true}]}}