{"id":27872,"date":"2025-03-18T09:00:21","date_gmt":"2025-03-18T08:00:21","guid":{"rendered":"https:\/\/www.caudete.org\/ayuntamiento\/?p=27872"},"modified":"2025-03-16T20:13:42","modified_gmt":"2025-03-16T19:13:42","slug":"comienza-talleresjardineria-con-8-jovenes-durante-9-meses","status":"publish","type":"post","link":"https:\/\/www.caudete.org\/ayuntamiento\/comienza-talleresjardineria-con-8-jovenes-durante-9-meses\/","title":{"rendered":"Comienza TALLERES+JARDINER\u00cdA con 8 j\u00f3venes durante 9 meses"},"content":{"rendered":"<p style=\"text-align: justify;\">El pasado viernes daba comienzo el programa TALLERES+ del que Caudete ha sido beneficiario para el proyecto de Jardiner\u00eda, dentro de la L\u00ednea 2 de la convocatoria 2024. Para ello, asistieron a la apertura del curso el Alcalde Mois\u00e9s L\u00f3pez, y las Concejales de Promoci\u00f3n y Desarrollo Econ\u00f3mico M\u00aa Dolores Requena y la de RRHH M\u00aa Pilar Egea.<\/p>\n<p style=\"text-align: justify;\">Un total de 8 alumnos se formar\u00e1n durante los 3 primeros meses, donde se recibe formaci\u00f3n profesional previa del Certificado de Profesionalidad de Nivel I \u201cACTIVIDADES AUXILIARES EN VIVEROS, JARDINES Y CENTROS DE JARDINER\u00cdA\u201d y que el alumno tendr\u00e1 derecho a la percepci\u00f3n de una beca en concepto de asistencia.<\/p>\n<p style=\"text-align: justify;\">En los 6 meses siguientes, desarrollar\u00e1n trabajos consistentes en servicios de utilidad p\u00fablica o de inter\u00e9s social, dando la posibilidad al alumno\/a trabajador la realizaci\u00f3n de un trabajo efectivo como v\u00eda de aprendizaje. Para ello, tendr\u00e1n un contrato laboral en pr\u00e1cticas sobre el que recibir\u00e1n el 80% del S.M.I., y obtendr\u00e1n el Certificado de Profesionalidad Nivel II \u201cINSTALACI\u00d3N Y MANTENIMIENTO DE JARDINES Y ZONAS VERDES\u201d.<\/p>\n<p style=\"text-align: justify;\">La l\u00ednea 2 est\u00e1 dise\u00f1ada para menores de 30 a\u00f1os, en situaci\u00f3n de desempleo. Un total de 18 solicitudes fueron las recibidas y baremadas seg\u00fan las bases rectoras, sobre las que han sido seleccionados 8 alumnos.<\/p>\n<p style=\"text-align: justify;\">Cabe destacar que el programa cuenta con una aportaci\u00f3n m\u00ednima municipal de 10.000\u20ac para costear los materiales de la parte pr\u00e1ctica del programa, mientras que la formaci\u00f3n en su conjunto viene subvencionada por la JCCM con un total de 145.458&#8217;40 \u20ac<\/p>\n<p style=\"text-align: justify;\">\n<p style=\"text-align: justify;\">La finalidad de estos programas es mejorar la empleabilidad y promover la inserci\u00f3n laboral de las personas demandantes de empleo o no ocupadas a trav\u00e9s de la cualificaci\u00f3n, recualificaci\u00f3n y reciclaje de las personas participantes en los mismos, mediante iniciativas que respondan a las necesidades del mercado de trabajo, preferentemente en ocupaciones relacionadas con la recuperaci\u00f3n o promoci\u00f3n del patrimonio art\u00edstico, hist\u00f3rico, cultural o natural, la rehabilitaci\u00f3n de entornos urbanos o naturales, los oficios tradicionales, la eficiencia energ\u00e9tica y las energ\u00edas renovables, la mitigaci\u00f3n del cambio clim\u00e1tico, el cuidado de las personas, las actividades art\u00edsticas y culturales, la implantaci\u00f3n de nuevas tecnolog\u00edas de la informaci\u00f3n, as\u00ed como cualquier otra actividad de utilidad p\u00fablica o de inter\u00e9s general y social que permita compatibilizar el aprendizaje formal y la pr\u00e1ctica profesional en el puesto de trabajo.<\/p>\n<p><a href=\"https:\/\/www.caudete.org\/ayuntamiento\/wp-content\/uploads\/2025\/03\/TALLERES-JARDINERIA.jpeg\" rel='prettyPhoto'><img fetchpriority=\"high\" decoding=\"async\" class=\"alignnone wp-image-27874 size-full\" src=\"https:\/\/www.caudete.org\/ayuntamiento\/wp-content\/uploads\/2025\/03\/TALLERES-JARDINERIA.jpeg\" alt=\"\" width=\"1599\" height=\"899\" srcset=\"https:\/\/www.caudete.org\/ayuntamiento\/wp-content\/uploads\/2025\/03\/TALLERES-JARDINERIA.jpeg 1599w, https:\/\/www.caudete.org\/ayuntamiento\/wp-content\/uploads\/2025\/03\/TALLERES-JARDINERIA-600x337.jpeg 600w, https:\/\/www.caudete.org\/ayuntamiento\/wp-content\/uploads\/2025\/03\/TALLERES-JARDINERIA-1200x675.jpeg 1200w, https:\/\/www.caudete.org\/ayuntamiento\/wp-content\/uploads\/2025\/03\/TALLERES-JARDINERIA-768x432.jpeg 768w, https:\/\/www.caudete.org\/ayuntamiento\/wp-content\/uploads\/2025\/03\/TALLERES-JARDINERIA-1536x864.jpeg 1536w\" sizes=\"(max-width: 1599px) 100vw, 1599px\" \/><\/a><\/p>\n","protected":false},"excerpt":{"rendered":"<p>El pasado viernes daba comienzo el programa TALLERES+ del que Caudete ha sido beneficiario para el proyecto de Jardiner\u00eda, dentro de la L\u00ednea 2 de la convocatoria 2024. Para ello, asistieron a la apertura del curso el Alcalde Mois\u00e9s L\u00f3pez, y las Concejales de Promoci\u00f3n y Desarrollo Econ\u00f3mico M\u00aa Dolores Requena y la de RRHH &hellip;<\/p>\n","protected":false},"author":3,"featured_media":27874,"comment_status":"closed","ping_status":"open","sticky":false,"template":"","format":"standard","meta":{"ngg_post_thumbnail":0,"footnotes":""},"categories":[851],"tags":[],"class_list":["post-27872","post","type-post","status-publish","format-standard","has-post-thumbnail","hentry","category-promocion-y-desarrollo-economico"],"yoast_head":"<!-- This site is optimized with the Yoast SEO plugin v27.4 - https:\/\/yoast.com\/product\/yoast-seo-wordpress\/ -->\n<title>Comienza TALLERES+JARDINER\u00cdA con 8 j\u00f3venes durante 9 meses - MI Ayuntamiento de Caudete<\/title>\n<meta name=\"description\" content=\"P\u00e1gina Oficial del Ayuntamiento de Caudete (Albacete)\" \/>\n<meta name=\"robots\" content=\"index, follow, max-snippet:-1, max-image-preview:large, max-video-preview:-1\" \/>\n<link rel=\"canonical\" href=\"https:\/\/www.caudete.org\/ayuntamiento\/comienza-talleresjardineria-con-8-jovenes-durante-9-meses\/\" \/>\n<meta property=\"og:locale\" content=\"es_ES\" \/>\n<meta property=\"og:type\" content=\"article\" \/>\n<meta property=\"og:title\" content=\"Comienza TALLERES+JARDINER\u00cdA con 8 j\u00f3venes durante 9 meses - MI Ayuntamiento de Caudete\" \/>\n<meta property=\"og:description\" content=\"P\u00e1gina Oficial del Ayuntamiento de Caudete (Albacete)\" \/>\n<meta property=\"og:url\" content=\"https:\/\/www.caudete.org\/ayuntamiento\/comienza-talleresjardineria-con-8-jovenes-durante-9-meses\/\" \/>\n<meta property=\"og:site_name\" content=\"MI Ayuntamiento de Caudete\" \/>\n<meta property=\"article:publisher\" content=\"https:\/\/www.facebook.com\/ayuntamientocaudete\/\" \/>\n<meta property=\"article:published_time\" content=\"2025-03-18T08:00:21+00:00\" \/>\n<meta property=\"og:image\" content=\"https:\/\/www.caudete.org\/ayuntamiento\/wp-content\/uploads\/2025\/03\/TALLERES-JARDINERIA.jpeg\" \/>\n\t<meta property=\"og:image:width\" content=\"1599\" \/>\n\t<meta property=\"og:image:height\" content=\"899\" \/>\n\t<meta property=\"og:image:type\" content=\"image\/jpeg\" \/>\n<meta name=\"author\" content=\"alcalde\" \/>\n<meta name=\"twitter:card\" content=\"summary_large_image\" \/>\n<meta name=\"twitter:label1\" content=\"Escrito por\" \/>\n\t<meta name=\"twitter:data1\" content=\"alcalde\" \/>\n\t<meta name=\"twitter:label2\" content=\"Tiempo de lectura\" \/>\n\t<meta name=\"twitter:data2\" content=\"3 minutos\" \/>\n<script type=\"application\/ld+json\" class=\"yoast-schema-graph\">{\"@context\":\"https:\\\/\\\/schema.org\",\"@graph\":[{\"@type\":\"Article\",\"@id\":\"https:\\\/\\\/www.caudete.org\\\/ayuntamiento\\\/comienza-talleresjardineria-con-8-jovenes-durante-9-meses\\\/#article\",\"isPartOf\":{\"@id\":\"https:\\\/\\\/www.caudete.org\\\/ayuntamiento\\\/comienza-talleresjardineria-con-8-jovenes-durante-9-meses\\\/\"},\"author\":{\"name\":\"alcalde\",\"@id\":\"https:\\\/\\\/www.caudete.org\\\/ayuntamiento\\\/#\\\/schema\\\/person\\\/cc646da9133078ee4d8dd47457947253\"},\"headline\":\"Comienza TALLERES+JARDINER\u00cdA con 8 j\u00f3venes durante 9 meses\",\"datePublished\":\"2025-03-18T08:00:21+00:00\",\"mainEntityOfPage\":{\"@id\":\"https:\\\/\\\/www.caudete.org\\\/ayuntamiento\\\/comienza-talleresjardineria-con-8-jovenes-durante-9-meses\\\/\"},\"wordCount\":432,\"publisher\":{\"@id\":\"https:\\\/\\\/www.caudete.org\\\/ayuntamiento\\\/#organization\"},\"image\":{\"@id\":\"https:\\\/\\\/www.caudete.org\\\/ayuntamiento\\\/comienza-talleresjardineria-con-8-jovenes-durante-9-meses\\\/#primaryimage\"},\"thumbnailUrl\":\"https:\\\/\\\/www.caudete.org\\\/ayuntamiento\\\/wp-content\\\/uploads\\\/2025\\\/03\\\/TALLERES-JARDINERIA.jpeg\",\"articleSection\":[\"Promoci\u00f3n y Desarrollo Econ\u00f3mico\"],\"inLanguage\":\"es\"},{\"@type\":\"WebPage\",\"@id\":\"https:\\\/\\\/www.caudete.org\\\/ayuntamiento\\\/comienza-talleresjardineria-con-8-jovenes-durante-9-meses\\\/\",\"url\":\"https:\\\/\\\/www.caudete.org\\\/ayuntamiento\\\/comienza-talleresjardineria-con-8-jovenes-durante-9-meses\\\/\",\"name\":\"Comienza TALLERES+JARDINER\u00cdA con 8 j\u00f3venes durante 9 meses - MI Ayuntamiento de Caudete\",\"isPartOf\":{\"@id\":\"https:\\\/\\\/www.caudete.org\\\/ayuntamiento\\\/#website\"},\"primaryImageOfPage\":{\"@id\":\"https:\\\/\\\/www.caudete.org\\\/ayuntamiento\\\/comienza-talleresjardineria-con-8-jovenes-durante-9-meses\\\/#primaryimage\"},\"image\":{\"@id\":\"https:\\\/\\\/www.caudete.org\\\/ayuntamiento\\\/comienza-talleresjardineria-con-8-jovenes-durante-9-meses\\\/#primaryimage\"},\"thumbnailUrl\":\"https:\\\/\\\/www.caudete.org\\\/ayuntamiento\\\/wp-content\\\/uploads\\\/2025\\\/03\\\/TALLERES-JARDINERIA.jpeg\",\"datePublished\":\"2025-03-18T08:00:21+00:00\",\"description\":\"P\u00e1gina Oficial del Ayuntamiento de Caudete (Albacete)\",\"breadcrumb\":{\"@id\":\"https:\\\/\\\/www.caudete.org\\\/ayuntamiento\\\/comienza-talleresjardineria-con-8-jovenes-durante-9-meses\\\/#breadcrumb\"},\"inLanguage\":\"es\",\"potentialAction\":[{\"@type\":\"ReadAction\",\"target\":[\"https:\\\/\\\/www.caudete.org\\\/ayuntamiento\\\/comienza-talleresjardineria-con-8-jovenes-durante-9-meses\\\/\"]}]},{\"@type\":\"ImageObject\",\"inLanguage\":\"es\",\"@id\":\"https:\\\/\\\/www.caudete.org\\\/ayuntamiento\\\/comienza-talleresjardineria-con-8-jovenes-durante-9-meses\\\/#primaryimage\",\"url\":\"https:\\\/\\\/www.caudete.org\\\/ayuntamiento\\\/wp-content\\\/uploads\\\/2025\\\/03\\\/TALLERES-JARDINERIA.jpeg\",\"contentUrl\":\"https:\\\/\\\/www.caudete.org\\\/ayuntamiento\\\/wp-content\\\/uploads\\\/2025\\\/03\\\/TALLERES-JARDINERIA.jpeg\",\"width\":1599,\"height\":899},{\"@type\":\"BreadcrumbList\",\"@id\":\"https:\\\/\\\/www.caudete.org\\\/ayuntamiento\\\/comienza-talleresjardineria-con-8-jovenes-durante-9-meses\\\/#breadcrumb\",\"itemListElement\":[{\"@type\":\"ListItem\",\"position\":1,\"name\":\"Inicio\",\"item\":\"https:\\\/\\\/www.caudete.org\\\/ayuntamiento\\\/\"},{\"@type\":\"ListItem\",\"position\":2,\"name\":\"Comienza TALLERES+JARDINER\u00cdA con 8 j\u00f3venes durante 9 meses\"}]},{\"@type\":\"WebSite\",\"@id\":\"https:\\\/\\\/www.caudete.org\\\/ayuntamiento\\\/#website\",\"url\":\"https:\\\/\\\/www.caudete.org\\\/ayuntamiento\\\/\",\"name\":\"MI Ayuntamiento de Caudete\",\"description\":\"P\u00e1gina Oficial del MI Ayuntamiento de Caudete\",\"publisher\":{\"@id\":\"https:\\\/\\\/www.caudete.org\\\/ayuntamiento\\\/#organization\"},\"potentialAction\":[{\"@type\":\"SearchAction\",\"target\":{\"@type\":\"EntryPoint\",\"urlTemplate\":\"https:\\\/\\\/www.caudete.org\\\/ayuntamiento\\\/?s={search_term_string}\"},\"query-input\":{\"@type\":\"PropertyValueSpecification\",\"valueRequired\":true,\"valueName\":\"search_term_string\"}}],\"inLanguage\":\"es\"},{\"@type\":\"Organization\",\"@id\":\"https:\\\/\\\/www.caudete.org\\\/ayuntamiento\\\/#organization\",\"name\":\"Ayuntamiento de Caudete\",\"url\":\"https:\\\/\\\/www.caudete.org\\\/ayuntamiento\\\/\",\"logo\":{\"@type\":\"ImageObject\",\"inLanguage\":\"es\",\"@id\":\"https:\\\/\\\/www.caudete.org\\\/ayuntamiento\\\/#\\\/schema\\\/logo\\\/image\\\/\",\"url\":\"https:\\\/\\\/www.caudete.org\\\/ayuntamiento\\\/wp-content\\\/uploads\\\/2020\\\/11\\\/logo_ayuntamiento_caudete.jpg\",\"contentUrl\":\"https:\\\/\\\/www.caudete.org\\\/ayuntamiento\\\/wp-content\\\/uploads\\\/2020\\\/11\\\/logo_ayuntamiento_caudete.jpg\",\"width\":600,\"height\":150,\"caption\":\"Ayuntamiento de Caudete\"},\"image\":{\"@id\":\"https:\\\/\\\/www.caudete.org\\\/ayuntamiento\\\/#\\\/schema\\\/logo\\\/image\\\/\"},\"sameAs\":[\"https:\\\/\\\/www.facebook.com\\\/ayuntamientocaudete\\\/\",\"https:\\\/\\\/www.youtube.com\\\/channel\\\/UC6VztHaooNsGpw-tNoBEFnQ\"]},{\"@type\":\"Person\",\"@id\":\"https:\\\/\\\/www.caudete.org\\\/ayuntamiento\\\/#\\\/schema\\\/person\\\/cc646da9133078ee4d8dd47457947253\",\"name\":\"alcalde\",\"image\":{\"@type\":\"ImageObject\",\"inLanguage\":\"es\",\"@id\":\"https:\\\/\\\/secure.gravatar.com\\\/avatar\\\/84a817ba065b29ff08d666b215a215f5c79186a645ccb25b14a663d48a130f77?s=96&d=mm&r=g\",\"url\":\"https:\\\/\\\/secure.gravatar.com\\\/avatar\\\/84a817ba065b29ff08d666b215a215f5c79186a645ccb25b14a663d48a130f77?s=96&d=mm&r=g\",\"contentUrl\":\"https:\\\/\\\/secure.gravatar.com\\\/avatar\\\/84a817ba065b29ff08d666b215a215f5c79186a645ccb25b14a663d48a130f77?s=96&d=mm&r=g\",\"caption\":\"alcalde\"},\"url\":\"https:\\\/\\\/www.caudete.org\\\/ayuntamiento\\\/author\\\/alcalde\\\/\"}]}<\/script>\n<!-- \/ Yoast SEO plugin. -->","yoast_head_json":{"title":"Comienza TALLERES+JARDINER\u00cdA con 8 j\u00f3venes durante 9 meses - MI Ayuntamiento de Caudete","description":"P\u00e1gina Oficial del Ayuntamiento de Caudete (Albacete)","robots":{"index":"index","follow":"follow","max-snippet":"max-snippet:-1","max-image-preview":"max-image-preview:large","max-video-preview":"max-video-preview:-1"},"canonical":"https:\/\/www.caudete.org\/ayuntamiento\/comienza-talleresjardineria-con-8-jovenes-durante-9-meses\/","og_locale":"es_ES","og_type":"article","og_title":"Comienza TALLERES+JARDINER\u00cdA con 8 j\u00f3venes durante 9 meses - MI Ayuntamiento de Caudete","og_description":"P\u00e1gina Oficial del Ayuntamiento de Caudete (Albacete)","og_url":"https:\/\/www.caudete.org\/ayuntamiento\/comienza-talleresjardineria-con-8-jovenes-durante-9-meses\/","og_site_name":"MI Ayuntamiento de Caudete","article_publisher":"https:\/\/www.facebook.com\/ayuntamientocaudete\/","article_published_time":"2025-03-18T08:00:21+00:00","og_image":[{"width":1599,"height":899,"url":"https:\/\/www.caudete.org\/ayuntamiento\/wp-content\/uploads\/2025\/03\/TALLERES-JARDINERIA.jpeg","type":"image\/jpeg"}],"author":"alcalde","twitter_card":"summary_large_image","twitter_misc":{"Escrito por":"alcalde","Tiempo de lectura":"3 minutos"},"schema":{"@context":"https:\/\/schema.org","@graph":[{"@type":"Article","@id":"https:\/\/www.caudete.org\/ayuntamiento\/comienza-talleresjardineria-con-8-jovenes-durante-9-meses\/#article","isPartOf":{"@id":"https:\/\/www.caudete.org\/ayuntamiento\/comienza-talleresjardineria-con-8-jovenes-durante-9-meses\/"},"author":{"name":"alcalde","@id":"https:\/\/www.caudete.org\/ayuntamiento\/#\/schema\/person\/cc646da9133078ee4d8dd47457947253"},"headline":"Comienza TALLERES+JARDINER\u00cdA con 8 j\u00f3venes durante 9 meses","datePublished":"2025-03-18T08:00:21+00:00","mainEntityOfPage":{"@id":"https:\/\/www.caudete.org\/ayuntamiento\/comienza-talleresjardineria-con-8-jovenes-durante-9-meses\/"},"wordCount":432,"publisher":{"@id":"https:\/\/www.caudete.org\/ayuntamiento\/#organization"},"image":{"@id":"https:\/\/www.caudete.org\/ayuntamiento\/comienza-talleresjardineria-con-8-jovenes-durante-9-meses\/#primaryimage"},"thumbnailUrl":"https:\/\/www.caudete.org\/ayuntamiento\/wp-content\/uploads\/2025\/03\/TALLERES-JARDINERIA.jpeg","articleSection":["Promoci\u00f3n y Desarrollo Econ\u00f3mico"],"inLanguage":"es"},{"@type":"WebPage","@id":"https:\/\/www.caudete.org\/ayuntamiento\/comienza-talleresjardineria-con-8-jovenes-durante-9-meses\/","url":"https:\/\/www.caudete.org\/ayuntamiento\/comienza-talleresjardineria-con-8-jovenes-durante-9-meses\/","name":"Comienza TALLERES+JARDINER\u00cdA con 8 j\u00f3venes durante 9 meses - MI Ayuntamiento de Caudete","isPartOf":{"@id":"https:\/\/www.caudete.org\/ayuntamiento\/#website"},"primaryImageOfPage":{"@id":"https:\/\/www.caudete.org\/ayuntamiento\/comienza-talleresjardineria-con-8-jovenes-durante-9-meses\/#primaryimage"},"image":{"@id":"https:\/\/www.caudete.org\/ayuntamiento\/comienza-talleresjardineria-con-8-jovenes-durante-9-meses\/#primaryimage"},"thumbnailUrl":"https:\/\/www.caudete.org\/ayuntamiento\/wp-content\/uploads\/2025\/03\/TALLERES-JARDINERIA.jpeg","datePublished":"2025-03-18T08:00:21+00:00","description":"P\u00e1gina Oficial del Ayuntamiento de Caudete (Albacete)","breadcrumb":{"@id":"https:\/\/www.caudete.org\/ayuntamiento\/comienza-talleresjardineria-con-8-jovenes-durante-9-meses\/#breadcrumb"},"inLanguage":"es","potentialAction":[{"@type":"ReadAction","target":["https:\/\/www.caudete.org\/ayuntamiento\/comienza-talleresjardineria-con-8-jovenes-durante-9-meses\/"]}]},{"@type":"ImageObject","inLanguage":"es","@id":"https:\/\/www.caudete.org\/ayuntamiento\/comienza-talleresjardineria-con-8-jovenes-durante-9-meses\/#primaryimage","url":"https:\/\/www.caudete.org\/ayuntamiento\/wp-content\/uploads\/2025\/03\/TALLERES-JARDINERIA.jpeg","contentUrl":"https:\/\/www.caudete.org\/ayuntamiento\/wp-content\/uploads\/2025\/03\/TALLERES-JARDINERIA.jpeg","width":1599,"height":899},{"@type":"BreadcrumbList","@id":"https:\/\/www.caudete.org\/ayuntamiento\/comienza-talleresjardineria-con-8-jovenes-durante-9-meses\/#breadcrumb","itemListElement":[{"@type":"ListItem","position":1,"name":"Inicio","item":"https:\/\/www.caudete.org\/ayuntamiento\/"},{"@type":"ListItem","position":2,"name":"Comienza TALLERES+JARDINER\u00cdA con 8 j\u00f3venes durante 9 meses"}]},{"@type":"WebSite","@id":"https:\/\/www.caudete.org\/ayuntamiento\/#website","url":"https:\/\/www.caudete.org\/ayuntamiento\/","name":"MI Ayuntamiento de Caudete","description":"P\u00e1gina Oficial del MI Ayuntamiento de Caudete","publisher":{"@id":"https:\/\/www.caudete.org\/ayuntamiento\/#organization"},"potentialAction":[{"@type":"SearchAction","target":{"@type":"EntryPoint","urlTemplate":"https:\/\/www.caudete.org\/ayuntamiento\/?s={search_term_string}"},"query-input":{"@type":"PropertyValueSpecification","valueRequired":true,"valueName":"search_term_string"}}],"inLanguage":"es"},{"@type":"Organization","@id":"https:\/\/www.caudete.org\/ayuntamiento\/#organization","name":"Ayuntamiento de Caudete","url":"https:\/\/www.caudete.org\/ayuntamiento\/","logo":{"@type":"ImageObject","inLanguage":"es","@id":"https:\/\/www.caudete.org\/ayuntamiento\/#\/schema\/logo\/image\/","url":"https:\/\/www.caudete.org\/ayuntamiento\/wp-content\/uploads\/2020\/11\/logo_ayuntamiento_caudete.jpg","contentUrl":"https:\/\/www.caudete.org\/ayuntamiento\/wp-content\/uploads\/2020\/11\/logo_ayuntamiento_caudete.jpg","width":600,"height":150,"caption":"Ayuntamiento de Caudete"},"image":{"@id":"https:\/\/www.caudete.org\/ayuntamiento\/#\/schema\/logo\/image\/"},"sameAs":["https:\/\/www.facebook.com\/ayuntamientocaudete\/","https:\/\/www.youtube.com\/channel\/UC6VztHaooNsGpw-tNoBEFnQ"]},{"@type":"Person","@id":"https:\/\/www.caudete.org\/ayuntamiento\/#\/schema\/person\/cc646da9133078ee4d8dd47457947253","name":"alcalde","image":{"@type":"ImageObject","inLanguage":"es","@id":"https:\/\/secure.gravatar.com\/avatar\/84a817ba065b29ff08d666b215a215f5c79186a645ccb25b14a663d48a130f77?s=96&d=mm&r=g","url":"https:\/\/secure.gravatar.com\/avatar\/84a817ba065b29ff08d666b215a215f5c79186a645ccb25b14a663d48a130f77?s=96&d=mm&r=g","contentUrl":"https:\/\/secure.gravatar.com\/avatar\/84a817ba065b29ff08d666b215a215f5c79186a645ccb25b14a663d48a130f77?s=96&d=mm&r=g","caption":"alcalde"},"url":"https:\/\/www.caudete.org\/ayuntamiento\/author\/alcalde\/"}]}},"_links":{"self":[{"href":"https:\/\/www.caudete.org\/ayuntamiento\/wp-json\/wp\/v2\/posts\/27872","targetHints":{"allow":["GET"]}}],"collection":[{"href":"https:\/\/www.caudete.org\/ayuntamiento\/wp-json\/wp\/v2\/posts"}],"about":[{"href":"https:\/\/www.caudete.org\/ayuntamiento\/wp-json\/wp\/v2\/types\/post"}],"author":[{"embeddable":true,"href":"https:\/\/www.caudete.org\/ayuntamiento\/wp-json\/wp\/v2\/users\/3"}],"replies":[{"embeddable":true,"href":"https:\/\/www.caudete.org\/ayuntamiento\/wp-json\/wp\/v2\/comments?post=27872"}],"version-history":[{"count":2,"href":"https:\/\/www.caudete.org\/ayuntamiento\/wp-json\/wp\/v2\/posts\/27872\/revisions"}],"predecessor-version":[{"id":27875,"href":"https:\/\/www.caudete.org\/ayuntamiento\/wp-json\/wp\/v2\/posts\/27872\/revisions\/27875"}],"wp:featuredmedia":[{"embeddable":true,"href":"https:\/\/www.caudete.org\/ayuntamiento\/wp-json\/wp\/v2\/media\/27874"}],"wp:attachment":[{"href":"https:\/\/www.caudete.org\/ayuntamiento\/wp-json\/wp\/v2\/media?parent=27872"}],"wp:term":[{"taxonomy":"category","embeddable":true,"href":"https:\/\/www.caudete.org\/ayuntamiento\/wp-json\/wp\/v2\/categories?post=27872"},{"taxonomy":"post_tag","embeddable":true,"href":"https:\/\/www.caudete.org\/ayuntamiento\/wp-json\/wp\/v2\/tags?post=27872"}],"curies":[{"name":"wp","href":"https:\/\/api.w.org\/{rel}","templated":true}]}}