{"id":27945,"date":"2025-03-20T08:00:00","date_gmt":"2025-03-20T07:00:00","guid":{"rendered":"https:\/\/www.caudete.org\/ayuntamiento\/?p=27945"},"modified":"2025-03-19T17:47:16","modified_gmt":"2025-03-19T16:47:16","slug":"alumnos-del-curso-de-la-up-parlare-darte-viajan-con-erasmus-a-fabriano-italia","status":"publish","type":"post","link":"https:\/\/www.caudete.org\/ayuntamiento\/alumnos-del-curso-de-la-up-parlare-darte-viajan-con-erasmus-a-fabriano-italia\/","title":{"rendered":"Alumnos del Curso de la UP &#8220;Parlare D\u00c1rte&#8221; viajan con Erasmus+ a Fabriano (Italia)"},"content":{"rendered":"<p style=\"text-align: justify;\">Un grupo de estudiantes adultos de la Universidad Popular de Caudete ha participado en un intercambio cultural y formativo en Fabriano (Italia) dentro del programa de proyectos europeos del Ayuntamiento de Caudete que lidera la Concejal M\u00aaDolores Requena Azor\u00edn.<\/p>\n<p style=\"text-align: justify;\">Esta experiencia organizada desde la Agencia de Desarrollo Local y la Universidad Popular en colaboraci\u00f3n con el Ayuntamiento de Fabriano ha permitido a los participantes profundizar en el idioma italiano, conocer el patrimonio art\u00edstico e industrial de la ciudad y fortalecer la cooperaci\u00f3n internacional entre instituciones educativas.<\/p>\n<p style=\"text-align: justify;\"><strong>Un viaje de aprendizaje e intercambio cultural<\/strong><\/p>\n<p style=\"text-align: justify;\">El programa, desarrollado del 5 al 7 de marzo, incluy\u00f3 visitas a lugares emblem\u00e1ticos de Fabriano, una ciudad reconocida por la UNESCO como Ciudad Creativa por su hist\u00f3rica tradici\u00f3n en la fabricaci\u00f3n de papel. Entre las actividades m\u00e1s destacadas se encuentran:<\/p>\n<p style=\"text-align: justify;\">\n\ud83d\udccd <strong>Introducci\u00f3n al patrimonio hist\u00f3rico cultural de Fabriano:<\/strong> Descubrimiento del Teatro Municipal Gentile da Fabriano, la Piazza del Comune, el Oratorio della Carit\u00e0 y otros espacios de gran valor art\u00edstico.<\/p>\n<p style=\"text-align: justify;\">\n\ud83d\udccd <strong>Taller fabricaci\u00f3n de papel en el Museo del Papel y la Filigrana:<\/strong> Donde los participantes aprendieron sobre la tradici\u00f3n artesanal de Fabriano y experimentaron con la elaboraci\u00f3n de papel en un taller pr\u00e1ctico.<\/p>\n<p style=\"text-align: justify;\">\n\ud83d\udccd <strong>Convivencia educativa en la Universidad Popular de Fabriano:<\/strong> Asistencia a una conferencia sobre sociedad y educaci\u00f3n, y visita al complejo del Monasterio de San Benedetto.<\/p>\n<p style=\"text-align: justify;\">\n\ud83d\udccd <strong>Exploraci\u00f3n de la Biblioteca Multimedia y la Pinacoteca C\u00edvica:<\/strong> Donde se conocieron valiosas colecciones documentales y art\u00edsticas.<\/p>\n<p style=\"text-align: justify;\">\n\ud83d\udccd <strong>Laboratorio creativo de acuarela con la Asociaci\u00f3n INARTE<\/strong>: Una actividad creativa en la que los participantes compartieron una experiencia art\u00edstica con la comunidad local.<\/p>\n<p style=\"text-align: justify;\">\n<p style=\"text-align: justify;\"><strong>Un \u00e9xito en la pr\u00e1ctica del idioma y el enriquecimiento personal<\/strong><br \/>\nUno de los principales objetivos de este viaje era la <strong>mejora de la competencia ling\u00fc\u00edstica en italiano<\/strong>, y la inmersi\u00f3n total en el idioma que ha permitido a los participantes aplicar sus conocimientos en situaciones reales de comunicaci\u00f3n.<\/p>\n<p style=\"text-align: justify;\">Adem\u00e1s la movilidad ha sido una experiencia pr\u00e1ctica y te\u00f3rica que ha enriquecido el conocimiento sobre el patrimonio com\u00fan europeo.<\/p>\n<p style=\"text-align: justify;\">Asimismo, la convivencia con personas de diferentes or\u00edgenes, fomentando <strong>valores de cooperaci\u00f3n, inclusi\u00f3n y aprendizaje intercultural<\/strong>.<\/p>\n<p style=\"text-align: justify;\">\nDesde la Universidad Popular de Caudete, se valora muy positivamente esta movilidad, que ha resultado ser una experiencia transformadora tanto a nivel personal como acad\u00e9mico.<\/p>\n<p style=\"text-align: justify;\">Gracias al programa <strong>Erasmus+<\/strong>, los participantes han abierto nuevas puertas al conocimiento europeo y al entendimiento mutuo a trav\u00e9s del arte y la cultura.<\/p>\n<p><a href=\"https:\/\/www.caudete.org\/ayuntamiento\/wp-content\/uploads\/2025\/03\/El-grupo-en-el-Cartiere.jpg\" rel='prettyPhoto'><img fetchpriority=\"high\" decoding=\"async\" class=\"alignnone size-full wp-image-27949\" src=\"https:\/\/www.caudete.org\/ayuntamiento\/wp-content\/uploads\/2025\/03\/El-grupo-en-el-Cartiere.jpg\" alt=\"\" width=\"750\" height=\"1000\" srcset=\"https:\/\/www.caudete.org\/ayuntamiento\/wp-content\/uploads\/2025\/03\/El-grupo-en-el-Cartiere.jpg 750w, https:\/\/www.caudete.org\/ayuntamiento\/wp-content\/uploads\/2025\/03\/El-grupo-en-el-Cartiere-300x400.jpg 300w, https:\/\/www.caudete.org\/ayuntamiento\/wp-content\/uploads\/2025\/03\/El-grupo-en-el-Cartiere-600x800.jpg 600w\" sizes=\"(max-width: 750px) 100vw, 750px\" \/><\/a> <a href=\"https:\/\/www.caudete.org\/ayuntamiento\/wp-content\/uploads\/2025\/03\/El-grupo-en-la-Pinacoteca.jpg\" rel='prettyPhoto'><img decoding=\"async\" class=\"alignnone size-full wp-image-27950\" src=\"https:\/\/www.caudete.org\/ayuntamiento\/wp-content\/uploads\/2025\/03\/El-grupo-en-la-Pinacoteca.jpg\" alt=\"\" width=\"750\" height=\"1000\" srcset=\"https:\/\/www.caudete.org\/ayuntamiento\/wp-content\/uploads\/2025\/03\/El-grupo-en-la-Pinacoteca.jpg 750w, https:\/\/www.caudete.org\/ayuntamiento\/wp-content\/uploads\/2025\/03\/El-grupo-en-la-Pinacoteca-300x400.jpg 300w, https:\/\/www.caudete.org\/ayuntamiento\/wp-content\/uploads\/2025\/03\/El-grupo-en-la-Pinacoteca-600x800.jpg 600w\" sizes=\"(max-width: 750px) 100vw, 750px\" \/><\/a> <a href=\"https:\/\/www.caudete.org\/ayuntamiento\/wp-content\/uploads\/2025\/03\/Grupo-con-bandera-Erasmus-teatro-buena.jpg\" rel='prettyPhoto'><img decoding=\"async\" class=\"alignnone size-full wp-image-27951\" src=\"https:\/\/www.caudete.org\/ayuntamiento\/wp-content\/uploads\/2025\/03\/Grupo-con-bandera-Erasmus-teatro-buena.jpg\" alt=\"\" width=\"1000\" height=\"750\" srcset=\"https:\/\/www.caudete.org\/ayuntamiento\/wp-content\/uploads\/2025\/03\/Grupo-con-bandera-Erasmus-teatro-buena.jpg 1000w, https:\/\/www.caudete.org\/ayuntamiento\/wp-content\/uploads\/2025\/03\/Grupo-con-bandera-Erasmus-teatro-buena-533x400.jpg 533w, https:\/\/www.caudete.org\/ayuntamiento\/wp-content\/uploads\/2025\/03\/Grupo-con-bandera-Erasmus-teatro-buena-768x576.jpg 768w\" sizes=\"(max-width: 1000px) 100vw, 1000px\" \/><\/a> <a href=\"https:\/\/www.caudete.org\/ayuntamiento\/wp-content\/uploads\/2025\/03\/Grupo-con-bibliotecarias.jpg\" rel='prettyPhoto'><img loading=\"lazy\" decoding=\"async\" class=\"alignnone size-full wp-image-27952\" src=\"https:\/\/www.caudete.org\/ayuntamiento\/wp-content\/uploads\/2025\/03\/Grupo-con-bibliotecarias.jpg\" alt=\"\" width=\"1000\" height=\"750\" srcset=\"https:\/\/www.caudete.org\/ayuntamiento\/wp-content\/uploads\/2025\/03\/Grupo-con-bibliotecarias.jpg 1000w, https:\/\/www.caudete.org\/ayuntamiento\/wp-content\/uploads\/2025\/03\/Grupo-con-bibliotecarias-533x400.jpg 533w, https:\/\/www.caudete.org\/ayuntamiento\/wp-content\/uploads\/2025\/03\/Grupo-con-bibliotecarias-768x576.jpg 768w\" sizes=\"(max-width: 1000px) 100vw, 1000px\" \/><\/a> <a href=\"https:\/\/www.caudete.org\/ayuntamiento\/wp-content\/uploads\/2025\/03\/Presentacion-en-la-UP-Fabriano.jpg\" rel='prettyPhoto'><img loading=\"lazy\" decoding=\"async\" class=\"alignnone size-full wp-image-27953\" src=\"https:\/\/www.caudete.org\/ayuntamiento\/wp-content\/uploads\/2025\/03\/Presentacion-en-la-UP-Fabriano.jpg\" alt=\"\" width=\"1000\" height=\"750\" srcset=\"https:\/\/www.caudete.org\/ayuntamiento\/wp-content\/uploads\/2025\/03\/Presentacion-en-la-UP-Fabriano.jpg 1000w, https:\/\/www.caudete.org\/ayuntamiento\/wp-content\/uploads\/2025\/03\/Presentacion-en-la-UP-Fabriano-533x400.jpg 533w, https:\/\/www.caudete.org\/ayuntamiento\/wp-content\/uploads\/2025\/03\/Presentacion-en-la-UP-Fabriano-768x576.jpg 768w\" sizes=\"(max-width: 1000px) 100vw, 1000px\" \/><\/a> <a href=\"https:\/\/www.caudete.org\/ayuntamiento\/wp-content\/uploads\/2025\/03\/Rosabel-haciendo-papel.jpg\" rel='prettyPhoto'><img loading=\"lazy\" decoding=\"async\" class=\"alignnone size-full wp-image-27954\" src=\"https:\/\/www.caudete.org\/ayuntamiento\/wp-content\/uploads\/2025\/03\/Rosabel-haciendo-papel.jpg\" alt=\"\" width=\"1000\" height=\"1000\" srcset=\"https:\/\/www.caudete.org\/ayuntamiento\/wp-content\/uploads\/2025\/03\/Rosabel-haciendo-papel.jpg 1000w, https:\/\/www.caudete.org\/ayuntamiento\/wp-content\/uploads\/2025\/03\/Rosabel-haciendo-papel-400x400.jpg 400w, https:\/\/www.caudete.org\/ayuntamiento\/wp-content\/uploads\/2025\/03\/Rosabel-haciendo-papel-800x800.jpg 800w, https:\/\/www.caudete.org\/ayuntamiento\/wp-content\/uploads\/2025\/03\/Rosabel-haciendo-papel-768x768.jpg 768w, https:\/\/www.caudete.org\/ayuntamiento\/wp-content\/uploads\/2025\/03\/Rosabel-haciendo-papel-60x60.jpg 60w\" sizes=\"(max-width: 1000px) 100vw, 1000px\" \/><\/a><\/p>\n","protected":false},"excerpt":{"rendered":"<p>Un grupo de estudiantes adultos de la Universidad Popular de Caudete ha participado en un intercambio cultural y formativo en Fabriano (Italia) dentro del programa de proyectos europeos del Ayuntamiento de Caudete que lidera la Concejal M\u00aaDolores Requena Azor\u00edn. Esta experiencia organizada desde la Agencia de Desarrollo Local y la Universidad Popular en colaboraci\u00f3n con &hellip;<\/p>\n","protected":false},"author":5,"featured_media":27948,"comment_status":"closed","ping_status":"open","sticky":false,"template":"","format":"standard","meta":{"ngg_post_thumbnail":0,"footnotes":""},"categories":[851],"tags":[],"class_list":["post-27945","post","type-post","status-publish","format-standard","has-post-thumbnail","hentry","category-promocion-y-desarrollo-economico"],"yoast_head":"<!-- This site is optimized with the Yoast SEO plugin v27.4 - https:\/\/yoast.com\/product\/yoast-seo-wordpress\/ -->\n<title>Alumnos del Curso de la UP &quot;Parlare D\u00c1rte&quot; viajan con Erasmus+ a Fabriano (Italia) - MI Ayuntamiento de Caudete<\/title>\n<meta name=\"description\" content=\"P\u00e1gina Oficial del Ayuntamiento de Caudete (Albacete)\" \/>\n<meta name=\"robots\" content=\"index, follow, max-snippet:-1, max-image-preview:large, max-video-preview:-1\" \/>\n<link rel=\"canonical\" href=\"https:\/\/www.caudete.org\/ayuntamiento\/alumnos-del-curso-de-la-up-parlare-darte-viajan-con-erasmus-a-fabriano-italia\/\" \/>\n<meta property=\"og:locale\" content=\"es_ES\" \/>\n<meta property=\"og:type\" content=\"article\" \/>\n<meta property=\"og:title\" content=\"Alumnos del Curso de la UP &quot;Parlare D\u00c1rte&quot; viajan con Erasmus+ a Fabriano (Italia) - MI Ayuntamiento de Caudete\" \/>\n<meta property=\"og:description\" content=\"P\u00e1gina Oficial del Ayuntamiento de Caudete (Albacete)\" \/>\n<meta property=\"og:url\" content=\"https:\/\/www.caudete.org\/ayuntamiento\/alumnos-del-curso-de-la-up-parlare-darte-viajan-con-erasmus-a-fabriano-italia\/\" \/>\n<meta property=\"og:site_name\" content=\"MI Ayuntamiento de Caudete\" \/>\n<meta property=\"article:publisher\" content=\"https:\/\/www.facebook.com\/ayuntamientocaudete\/\" \/>\n<meta property=\"article:published_time\" content=\"2025-03-20T07:00:00+00:00\" \/>\n<meta property=\"og:image\" content=\"https:\/\/www.caudete.org\/ayuntamiento\/wp-content\/uploads\/2025\/03\/directora-UP-Fabriano-con-el-grupo.jpg\" \/>\n\t<meta property=\"og:image:width\" content=\"1000\" \/>\n\t<meta property=\"og:image:height\" content=\"563\" \/>\n\t<meta property=\"og:image:type\" content=\"image\/jpeg\" \/>\n<meta name=\"author\" content=\"Dpto Informatica MI Ayuntamiento de Caudete\" \/>\n<meta name=\"twitter:card\" content=\"summary_large_image\" \/>\n<meta name=\"twitter:label1\" content=\"Escrito por\" \/>\n\t<meta name=\"twitter:data1\" content=\"Dpto Informatica MI Ayuntamiento de Caudete\" \/>\n\t<meta name=\"twitter:label2\" content=\"Tiempo de lectura\" \/>\n\t<meta name=\"twitter:data2\" content=\"4 minutos\" \/>\n<script type=\"application\/ld+json\" class=\"yoast-schema-graph\">{\"@context\":\"https:\\\/\\\/schema.org\",\"@graph\":[{\"@type\":\"Article\",\"@id\":\"https:\\\/\\\/www.caudete.org\\\/ayuntamiento\\\/alumnos-del-curso-de-la-up-parlare-darte-viajan-con-erasmus-a-fabriano-italia\\\/#article\",\"isPartOf\":{\"@id\":\"https:\\\/\\\/www.caudete.org\\\/ayuntamiento\\\/alumnos-del-curso-de-la-up-parlare-darte-viajan-con-erasmus-a-fabriano-italia\\\/\"},\"author\":{\"name\":\"Dpto Informatica MI Ayuntamiento de Caudete\",\"@id\":\"https:\\\/\\\/www.caudete.org\\\/ayuntamiento\\\/#\\\/schema\\\/person\\\/4b9eab41761957db9b1bf9c418d1ef46\"},\"headline\":\"Alumnos del Curso de la UP &#8220;Parlare D\u00c1rte&#8221; viajan con Erasmus+ a Fabriano (Italia)\",\"datePublished\":\"2025-03-20T07:00:00+00:00\",\"mainEntityOfPage\":{\"@id\":\"https:\\\/\\\/www.caudete.org\\\/ayuntamiento\\\/alumnos-del-curso-de-la-up-parlare-darte-viajan-con-erasmus-a-fabriano-italia\\\/\"},\"wordCount\":445,\"publisher\":{\"@id\":\"https:\\\/\\\/www.caudete.org\\\/ayuntamiento\\\/#organization\"},\"image\":{\"@id\":\"https:\\\/\\\/www.caudete.org\\\/ayuntamiento\\\/alumnos-del-curso-de-la-up-parlare-darte-viajan-con-erasmus-a-fabriano-italia\\\/#primaryimage\"},\"thumbnailUrl\":\"https:\\\/\\\/www.caudete.org\\\/ayuntamiento\\\/wp-content\\\/uploads\\\/2025\\\/03\\\/directora-UP-Fabriano-con-el-grupo.jpg\",\"articleSection\":[\"Promoci\u00f3n y Desarrollo Econ\u00f3mico\"],\"inLanguage\":\"es\"},{\"@type\":\"WebPage\",\"@id\":\"https:\\\/\\\/www.caudete.org\\\/ayuntamiento\\\/alumnos-del-curso-de-la-up-parlare-darte-viajan-con-erasmus-a-fabriano-italia\\\/\",\"url\":\"https:\\\/\\\/www.caudete.org\\\/ayuntamiento\\\/alumnos-del-curso-de-la-up-parlare-darte-viajan-con-erasmus-a-fabriano-italia\\\/\",\"name\":\"Alumnos del Curso de la UP \\\"Parlare D\u00c1rte\\\" viajan con Erasmus+ a Fabriano (Italia) - MI Ayuntamiento de Caudete\",\"isPartOf\":{\"@id\":\"https:\\\/\\\/www.caudete.org\\\/ayuntamiento\\\/#website\"},\"primaryImageOfPage\":{\"@id\":\"https:\\\/\\\/www.caudete.org\\\/ayuntamiento\\\/alumnos-del-curso-de-la-up-parlare-darte-viajan-con-erasmus-a-fabriano-italia\\\/#primaryimage\"},\"image\":{\"@id\":\"https:\\\/\\\/www.caudete.org\\\/ayuntamiento\\\/alumnos-del-curso-de-la-up-parlare-darte-viajan-con-erasmus-a-fabriano-italia\\\/#primaryimage\"},\"thumbnailUrl\":\"https:\\\/\\\/www.caudete.org\\\/ayuntamiento\\\/wp-content\\\/uploads\\\/2025\\\/03\\\/directora-UP-Fabriano-con-el-grupo.jpg\",\"datePublished\":\"2025-03-20T07:00:00+00:00\",\"description\":\"P\u00e1gina Oficial del Ayuntamiento de Caudete (Albacete)\",\"breadcrumb\":{\"@id\":\"https:\\\/\\\/www.caudete.org\\\/ayuntamiento\\\/alumnos-del-curso-de-la-up-parlare-darte-viajan-con-erasmus-a-fabriano-italia\\\/#breadcrumb\"},\"inLanguage\":\"es\",\"potentialAction\":[{\"@type\":\"ReadAction\",\"target\":[\"https:\\\/\\\/www.caudete.org\\\/ayuntamiento\\\/alumnos-del-curso-de-la-up-parlare-darte-viajan-con-erasmus-a-fabriano-italia\\\/\"]}]},{\"@type\":\"ImageObject\",\"inLanguage\":\"es\",\"@id\":\"https:\\\/\\\/www.caudete.org\\\/ayuntamiento\\\/alumnos-del-curso-de-la-up-parlare-darte-viajan-con-erasmus-a-fabriano-italia\\\/#primaryimage\",\"url\":\"https:\\\/\\\/www.caudete.org\\\/ayuntamiento\\\/wp-content\\\/uploads\\\/2025\\\/03\\\/directora-UP-Fabriano-con-el-grupo.jpg\",\"contentUrl\":\"https:\\\/\\\/www.caudete.org\\\/ayuntamiento\\\/wp-content\\\/uploads\\\/2025\\\/03\\\/directora-UP-Fabriano-con-el-grupo.jpg\",\"width\":1000,\"height\":563},{\"@type\":\"BreadcrumbList\",\"@id\":\"https:\\\/\\\/www.caudete.org\\\/ayuntamiento\\\/alumnos-del-curso-de-la-up-parlare-darte-viajan-con-erasmus-a-fabriano-italia\\\/#breadcrumb\",\"itemListElement\":[{\"@type\":\"ListItem\",\"position\":1,\"name\":\"Inicio\",\"item\":\"https:\\\/\\\/www.caudete.org\\\/ayuntamiento\\\/\"},{\"@type\":\"ListItem\",\"position\":2,\"name\":\"Alumnos del Curso de la UP &#8220;Parlare D\u00c1rte&#8221; viajan con Erasmus+ a Fabriano (Italia)\"}]},{\"@type\":\"WebSite\",\"@id\":\"https:\\\/\\\/www.caudete.org\\\/ayuntamiento\\\/#website\",\"url\":\"https:\\\/\\\/www.caudete.org\\\/ayuntamiento\\\/\",\"name\":\"MI Ayuntamiento de Caudete\",\"description\":\"P\u00e1gina Oficial del MI Ayuntamiento de Caudete\",\"publisher\":{\"@id\":\"https:\\\/\\\/www.caudete.org\\\/ayuntamiento\\\/#organization\"},\"potentialAction\":[{\"@type\":\"SearchAction\",\"target\":{\"@type\":\"EntryPoint\",\"urlTemplate\":\"https:\\\/\\\/www.caudete.org\\\/ayuntamiento\\\/?s={search_term_string}\"},\"query-input\":{\"@type\":\"PropertyValueSpecification\",\"valueRequired\":true,\"valueName\":\"search_term_string\"}}],\"inLanguage\":\"es\"},{\"@type\":\"Organization\",\"@id\":\"https:\\\/\\\/www.caudete.org\\\/ayuntamiento\\\/#organization\",\"name\":\"Ayuntamiento de Caudete\",\"url\":\"https:\\\/\\\/www.caudete.org\\\/ayuntamiento\\\/\",\"logo\":{\"@type\":\"ImageObject\",\"inLanguage\":\"es\",\"@id\":\"https:\\\/\\\/www.caudete.org\\\/ayuntamiento\\\/#\\\/schema\\\/logo\\\/image\\\/\",\"url\":\"https:\\\/\\\/www.caudete.org\\\/ayuntamiento\\\/wp-content\\\/uploads\\\/2020\\\/11\\\/logo_ayuntamiento_caudete.jpg\",\"contentUrl\":\"https:\\\/\\\/www.caudete.org\\\/ayuntamiento\\\/wp-content\\\/uploads\\\/2020\\\/11\\\/logo_ayuntamiento_caudete.jpg\",\"width\":600,\"height\":150,\"caption\":\"Ayuntamiento de Caudete\"},\"image\":{\"@id\":\"https:\\\/\\\/www.caudete.org\\\/ayuntamiento\\\/#\\\/schema\\\/logo\\\/image\\\/\"},\"sameAs\":[\"https:\\\/\\\/www.facebook.com\\\/ayuntamientocaudete\\\/\",\"https:\\\/\\\/www.youtube.com\\\/channel\\\/UC6VztHaooNsGpw-tNoBEFnQ\"]},{\"@type\":\"Person\",\"@id\":\"https:\\\/\\\/www.caudete.org\\\/ayuntamiento\\\/#\\\/schema\\\/person\\\/4b9eab41761957db9b1bf9c418d1ef46\",\"name\":\"Dpto Informatica MI Ayuntamiento de Caudete\",\"image\":{\"@type\":\"ImageObject\",\"inLanguage\":\"es\",\"@id\":\"https:\\\/\\\/secure.gravatar.com\\\/avatar\\\/ac0321ee4a0a83e82a253e7b2d348ef539e2c8fe16d06b600bde04de1b364fa7?s=96&d=mm&r=g\",\"url\":\"https:\\\/\\\/secure.gravatar.com\\\/avatar\\\/ac0321ee4a0a83e82a253e7b2d348ef539e2c8fe16d06b600bde04de1b364fa7?s=96&d=mm&r=g\",\"contentUrl\":\"https:\\\/\\\/secure.gravatar.com\\\/avatar\\\/ac0321ee4a0a83e82a253e7b2d348ef539e2c8fe16d06b600bde04de1b364fa7?s=96&d=mm&r=g\",\"caption\":\"Dpto Informatica MI Ayuntamiento de Caudete\"},\"url\":\"https:\\\/\\\/www.caudete.org\\\/ayuntamiento\\\/author\\\/informatica\\\/\"}]}<\/script>\n<!-- \/ Yoast SEO plugin. -->","yoast_head_json":{"title":"Alumnos del Curso de la UP \"Parlare D\u00c1rte\" viajan con Erasmus+ a Fabriano (Italia) - MI Ayuntamiento de Caudete","description":"P\u00e1gina Oficial del Ayuntamiento de Caudete (Albacete)","robots":{"index":"index","follow":"follow","max-snippet":"max-snippet:-1","max-image-preview":"max-image-preview:large","max-video-preview":"max-video-preview:-1"},"canonical":"https:\/\/www.caudete.org\/ayuntamiento\/alumnos-del-curso-de-la-up-parlare-darte-viajan-con-erasmus-a-fabriano-italia\/","og_locale":"es_ES","og_type":"article","og_title":"Alumnos del Curso de la UP \"Parlare D\u00c1rte\" viajan con Erasmus+ a Fabriano (Italia) - MI Ayuntamiento de Caudete","og_description":"P\u00e1gina Oficial del Ayuntamiento de Caudete (Albacete)","og_url":"https:\/\/www.caudete.org\/ayuntamiento\/alumnos-del-curso-de-la-up-parlare-darte-viajan-con-erasmus-a-fabriano-italia\/","og_site_name":"MI Ayuntamiento de Caudete","article_publisher":"https:\/\/www.facebook.com\/ayuntamientocaudete\/","article_published_time":"2025-03-20T07:00:00+00:00","og_image":[{"width":1000,"height":563,"url":"https:\/\/www.caudete.org\/ayuntamiento\/wp-content\/uploads\/2025\/03\/directora-UP-Fabriano-con-el-grupo.jpg","type":"image\/jpeg"}],"author":"Dpto Informatica MI Ayuntamiento de Caudete","twitter_card":"summary_large_image","twitter_misc":{"Escrito por":"Dpto Informatica MI Ayuntamiento de Caudete","Tiempo de lectura":"4 minutos"},"schema":{"@context":"https:\/\/schema.org","@graph":[{"@type":"Article","@id":"https:\/\/www.caudete.org\/ayuntamiento\/alumnos-del-curso-de-la-up-parlare-darte-viajan-con-erasmus-a-fabriano-italia\/#article","isPartOf":{"@id":"https:\/\/www.caudete.org\/ayuntamiento\/alumnos-del-curso-de-la-up-parlare-darte-viajan-con-erasmus-a-fabriano-italia\/"},"author":{"name":"Dpto Informatica MI Ayuntamiento de Caudete","@id":"https:\/\/www.caudete.org\/ayuntamiento\/#\/schema\/person\/4b9eab41761957db9b1bf9c418d1ef46"},"headline":"Alumnos del Curso de la UP &#8220;Parlare D\u00c1rte&#8221; viajan con Erasmus+ a Fabriano (Italia)","datePublished":"2025-03-20T07:00:00+00:00","mainEntityOfPage":{"@id":"https:\/\/www.caudete.org\/ayuntamiento\/alumnos-del-curso-de-la-up-parlare-darte-viajan-con-erasmus-a-fabriano-italia\/"},"wordCount":445,"publisher":{"@id":"https:\/\/www.caudete.org\/ayuntamiento\/#organization"},"image":{"@id":"https:\/\/www.caudete.org\/ayuntamiento\/alumnos-del-curso-de-la-up-parlare-darte-viajan-con-erasmus-a-fabriano-italia\/#primaryimage"},"thumbnailUrl":"https:\/\/www.caudete.org\/ayuntamiento\/wp-content\/uploads\/2025\/03\/directora-UP-Fabriano-con-el-grupo.jpg","articleSection":["Promoci\u00f3n y Desarrollo Econ\u00f3mico"],"inLanguage":"es"},{"@type":"WebPage","@id":"https:\/\/www.caudete.org\/ayuntamiento\/alumnos-del-curso-de-la-up-parlare-darte-viajan-con-erasmus-a-fabriano-italia\/","url":"https:\/\/www.caudete.org\/ayuntamiento\/alumnos-del-curso-de-la-up-parlare-darte-viajan-con-erasmus-a-fabriano-italia\/","name":"Alumnos del Curso de la UP \"Parlare D\u00c1rte\" viajan con Erasmus+ a Fabriano (Italia) - MI Ayuntamiento de Caudete","isPartOf":{"@id":"https:\/\/www.caudete.org\/ayuntamiento\/#website"},"primaryImageOfPage":{"@id":"https:\/\/www.caudete.org\/ayuntamiento\/alumnos-del-curso-de-la-up-parlare-darte-viajan-con-erasmus-a-fabriano-italia\/#primaryimage"},"image":{"@id":"https:\/\/www.caudete.org\/ayuntamiento\/alumnos-del-curso-de-la-up-parlare-darte-viajan-con-erasmus-a-fabriano-italia\/#primaryimage"},"thumbnailUrl":"https:\/\/www.caudete.org\/ayuntamiento\/wp-content\/uploads\/2025\/03\/directora-UP-Fabriano-con-el-grupo.jpg","datePublished":"2025-03-20T07:00:00+00:00","description":"P\u00e1gina Oficial del Ayuntamiento de Caudete (Albacete)","breadcrumb":{"@id":"https:\/\/www.caudete.org\/ayuntamiento\/alumnos-del-curso-de-la-up-parlare-darte-viajan-con-erasmus-a-fabriano-italia\/#breadcrumb"},"inLanguage":"es","potentialAction":[{"@type":"ReadAction","target":["https:\/\/www.caudete.org\/ayuntamiento\/alumnos-del-curso-de-la-up-parlare-darte-viajan-con-erasmus-a-fabriano-italia\/"]}]},{"@type":"ImageObject","inLanguage":"es","@id":"https:\/\/www.caudete.org\/ayuntamiento\/alumnos-del-curso-de-la-up-parlare-darte-viajan-con-erasmus-a-fabriano-italia\/#primaryimage","url":"https:\/\/www.caudete.org\/ayuntamiento\/wp-content\/uploads\/2025\/03\/directora-UP-Fabriano-con-el-grupo.jpg","contentUrl":"https:\/\/www.caudete.org\/ayuntamiento\/wp-content\/uploads\/2025\/03\/directora-UP-Fabriano-con-el-grupo.jpg","width":1000,"height":563},{"@type":"BreadcrumbList","@id":"https:\/\/www.caudete.org\/ayuntamiento\/alumnos-del-curso-de-la-up-parlare-darte-viajan-con-erasmus-a-fabriano-italia\/#breadcrumb","itemListElement":[{"@type":"ListItem","position":1,"name":"Inicio","item":"https:\/\/www.caudete.org\/ayuntamiento\/"},{"@type":"ListItem","position":2,"name":"Alumnos del Curso de la UP &#8220;Parlare D\u00c1rte&#8221; viajan con Erasmus+ a Fabriano (Italia)"}]},{"@type":"WebSite","@id":"https:\/\/www.caudete.org\/ayuntamiento\/#website","url":"https:\/\/www.caudete.org\/ayuntamiento\/","name":"MI Ayuntamiento de Caudete","description":"P\u00e1gina Oficial del MI Ayuntamiento de Caudete","publisher":{"@id":"https:\/\/www.caudete.org\/ayuntamiento\/#organization"},"potentialAction":[{"@type":"SearchAction","target":{"@type":"EntryPoint","urlTemplate":"https:\/\/www.caudete.org\/ayuntamiento\/?s={search_term_string}"},"query-input":{"@type":"PropertyValueSpecification","valueRequired":true,"valueName":"search_term_string"}}],"inLanguage":"es"},{"@type":"Organization","@id":"https:\/\/www.caudete.org\/ayuntamiento\/#organization","name":"Ayuntamiento de Caudete","url":"https:\/\/www.caudete.org\/ayuntamiento\/","logo":{"@type":"ImageObject","inLanguage":"es","@id":"https:\/\/www.caudete.org\/ayuntamiento\/#\/schema\/logo\/image\/","url":"https:\/\/www.caudete.org\/ayuntamiento\/wp-content\/uploads\/2020\/11\/logo_ayuntamiento_caudete.jpg","contentUrl":"https:\/\/www.caudete.org\/ayuntamiento\/wp-content\/uploads\/2020\/11\/logo_ayuntamiento_caudete.jpg","width":600,"height":150,"caption":"Ayuntamiento de Caudete"},"image":{"@id":"https:\/\/www.caudete.org\/ayuntamiento\/#\/schema\/logo\/image\/"},"sameAs":["https:\/\/www.facebook.com\/ayuntamientocaudete\/","https:\/\/www.youtube.com\/channel\/UC6VztHaooNsGpw-tNoBEFnQ"]},{"@type":"Person","@id":"https:\/\/www.caudete.org\/ayuntamiento\/#\/schema\/person\/4b9eab41761957db9b1bf9c418d1ef46","name":"Dpto Informatica MI Ayuntamiento de Caudete","image":{"@type":"ImageObject","inLanguage":"es","@id":"https:\/\/secure.gravatar.com\/avatar\/ac0321ee4a0a83e82a253e7b2d348ef539e2c8fe16d06b600bde04de1b364fa7?s=96&d=mm&r=g","url":"https:\/\/secure.gravatar.com\/avatar\/ac0321ee4a0a83e82a253e7b2d348ef539e2c8fe16d06b600bde04de1b364fa7?s=96&d=mm&r=g","contentUrl":"https:\/\/secure.gravatar.com\/avatar\/ac0321ee4a0a83e82a253e7b2d348ef539e2c8fe16d06b600bde04de1b364fa7?s=96&d=mm&r=g","caption":"Dpto Informatica MI Ayuntamiento de Caudete"},"url":"https:\/\/www.caudete.org\/ayuntamiento\/author\/informatica\/"}]}},"_links":{"self":[{"href":"https:\/\/www.caudete.org\/ayuntamiento\/wp-json\/wp\/v2\/posts\/27945","targetHints":{"allow":["GET"]}}],"collection":[{"href":"https:\/\/www.caudete.org\/ayuntamiento\/wp-json\/wp\/v2\/posts"}],"about":[{"href":"https:\/\/www.caudete.org\/ayuntamiento\/wp-json\/wp\/v2\/types\/post"}],"author":[{"embeddable":true,"href":"https:\/\/www.caudete.org\/ayuntamiento\/wp-json\/wp\/v2\/users\/5"}],"replies":[{"embeddable":true,"href":"https:\/\/www.caudete.org\/ayuntamiento\/wp-json\/wp\/v2\/comments?post=27945"}],"version-history":[{"count":5,"href":"https:\/\/www.caudete.org\/ayuntamiento\/wp-json\/wp\/v2\/posts\/27945\/revisions"}],"predecessor-version":[{"id":27966,"href":"https:\/\/www.caudete.org\/ayuntamiento\/wp-json\/wp\/v2\/posts\/27945\/revisions\/27966"}],"wp:featuredmedia":[{"embeddable":true,"href":"https:\/\/www.caudete.org\/ayuntamiento\/wp-json\/wp\/v2\/media\/27948"}],"wp:attachment":[{"href":"https:\/\/www.caudete.org\/ayuntamiento\/wp-json\/wp\/v2\/media?parent=27945"}],"wp:term":[{"taxonomy":"category","embeddable":true,"href":"https:\/\/www.caudete.org\/ayuntamiento\/wp-json\/wp\/v2\/categories?post=27945"},{"taxonomy":"post_tag","embeddable":true,"href":"https:\/\/www.caudete.org\/ayuntamiento\/wp-json\/wp\/v2\/tags?post=27945"}],"curies":[{"name":"wp","href":"https:\/\/api.w.org\/{rel}","templated":true}]}}