{"id":27972,"date":"2025-03-21T08:00:08","date_gmt":"2025-03-21T07:00:08","guid":{"rendered":"https:\/\/www.caudete.org\/ayuntamiento\/?p=27972"},"modified":"2025-03-25T11:49:08","modified_gmt":"2025-03-25T10:49:08","slug":"campamento-digital-formara-en-competencias-digitales-a-jovenes-de-caudete","status":"publish","type":"post","link":"https:\/\/www.caudete.org\/ayuntamiento\/campamento-digital-formara-en-competencias-digitales-a-jovenes-de-caudete\/","title":{"rendered":"&#8216;Campamento Digital\u2019 formar\u00e1 en competencias digitales a j\u00f3venes de Caudete"},"content":{"rendered":"<p>El Ayuntamiento de Caudete, a trav\u00e9s de la Concejal\u00eda de Juventud, ofrece un Campamento Digital los d\u00edas 14, 15 y 16 de abril en la Sala Joven. Este evento est\u00e1 dirigido a 15 j\u00f3venes de entre 10 y 13 a\u00f1os y tiene como objetivo fomentar las competencias digitales en un entorno divertido y educativo.<\/p>\n<p>El campamento, que es completamente gratuito, ofrecer\u00e1 un total de 8 horas de formaci\u00f3n, distribuidas en sesiones de 10:30 a 13:30 horas. Los contenidos han sido adaptados a cada grupo de edad y ser\u00e1n impartidos por formadores especializados en el \u00e1rea.<\/p>\n<p>Esta iniciativa se enmarca dentro de las actividades programadas para aprovechar las vacaciones de Semana Santa, brindando a los j\u00f3venes la oportunidad de aprender y desarrollar habilidades digitales que son cada vez m\u00e1s relevantes en el mundo actual.<\/p>\n<p>Aprender\u00e1n a buscar informaci\u00f3n valiosa en Internet, h\u00e1bitos saludables, pensamiento cr\u00edtico para identificar noticias falsas, profesiones emergentes, as\u00ed como competencias digitales para la b\u00fasqueda de empleo, entre otros.<\/p>\n<p>Al finalizar, los participantes recibir\u00e1n un certificado DigComp que les acredita los conocimientos y competencias adquiridos en la utilizaci\u00f3n de las Tecnolog\u00edas de la Informaci\u00f3n y las Comunicaciones dentro del marco europeo.<\/p>\n<p>Campamento Digital es una iniciativa impulsada por Fundaci\u00f3n Cibervoluntarios, dentro del Programa de Competencias Digitales para la Infancia, CODI, puesto en marcha por el Ministerio de Juventud e Infancia, financiado por la Uni\u00f3n Europea-Next Generation EU.<\/p>\n<p>Las plazas son limitadas, por lo que se recomienda a los interesados que se inscriban antes del 24 de marzo en la Sala Joven.<\/p>\n<p><strong>Tel\u00e9fono 965828284<\/strong><br \/>\n<strong>e-mail: juventud@caudete.org<\/strong><\/p>\n<p>\u00a1No te pierdas esta oportunidad de aprender y divertirte en el Campamento Digital!<\/p>\n<p><a href=\"https:\/\/www.caudete.org\/ayuntamiento\/wp-content\/uploads\/2025\/03\/Campamento-digital-Sala-Joven.jpg\" rel='prettyPhoto'><img fetchpriority=\"high\" decoding=\"async\" class=\"alignnone size-full wp-image-27973\" src=\"https:\/\/www.caudete.org\/ayuntamiento\/wp-content\/uploads\/2025\/03\/Campamento-digital-Sala-Joven.jpg\" alt=\"\" width=\"1131\" height=\"1351\" srcset=\"https:\/\/www.caudete.org\/ayuntamiento\/wp-content\/uploads\/2025\/03\/Campamento-digital-Sala-Joven.jpg 1131w, https:\/\/www.caudete.org\/ayuntamiento\/wp-content\/uploads\/2025\/03\/Campamento-digital-Sala-Joven-335x400.jpg 335w, https:\/\/www.caudete.org\/ayuntamiento\/wp-content\/uploads\/2025\/03\/Campamento-digital-Sala-Joven-670x800.jpg 670w, https:\/\/www.caudete.org\/ayuntamiento\/wp-content\/uploads\/2025\/03\/Campamento-digital-Sala-Joven-768x917.jpg 768w\" sizes=\"(max-width: 1131px) 100vw, 1131px\" \/><\/a><\/p>\n<p>&nbsp;<\/p>\n","protected":false},"excerpt":{"rendered":"<p>El Ayuntamiento de Caudete, a trav\u00e9s de la Concejal\u00eda de Juventud, ofrece un Campamento Digital los d\u00edas 14, 15 y 16 de abril en la Sala Joven. Este evento est\u00e1 dirigido a 15 j\u00f3venes de entre 10 y 13 a\u00f1os y tiene como objetivo fomentar las competencias digitales en un entorno divertido y educativo. El &hellip;<\/p>\n","protected":false},"author":5,"featured_media":27974,"comment_status":"closed","ping_status":"open","sticky":false,"template":"","format":"standard","meta":{"ngg_post_thumbnail":0,"footnotes":""},"categories":[121],"tags":[],"class_list":["post-27972","post","type-post","status-publish","format-standard","has-post-thumbnail","hentry","category-juventud-2"],"yoast_head":"<!-- This site is optimized with the Yoast SEO plugin v27.4 - https:\/\/yoast.com\/product\/yoast-seo-wordpress\/ -->\n<title>&#039;Campamento Digital\u2019 formar\u00e1 en competencias digitales a j\u00f3venes de Caudete - MI Ayuntamiento de Caudete<\/title>\n<meta name=\"description\" content=\"P\u00e1gina Oficial del Ayuntamiento de Caudete (Albacete)\" \/>\n<meta name=\"robots\" content=\"index, follow, max-snippet:-1, max-image-preview:large, max-video-preview:-1\" \/>\n<link rel=\"canonical\" href=\"https:\/\/www.caudete.org\/ayuntamiento\/campamento-digital-formara-en-competencias-digitales-a-jovenes-de-caudete\/\" \/>\n<meta property=\"og:locale\" content=\"es_ES\" \/>\n<meta property=\"og:type\" content=\"article\" \/>\n<meta property=\"og:title\" content=\"&#039;Campamento Digital\u2019 formar\u00e1 en competencias digitales a j\u00f3venes de Caudete - MI Ayuntamiento de Caudete\" \/>\n<meta property=\"og:description\" content=\"P\u00e1gina Oficial del Ayuntamiento de Caudete (Albacete)\" \/>\n<meta property=\"og:url\" content=\"https:\/\/www.caudete.org\/ayuntamiento\/campamento-digital-formara-en-competencias-digitales-a-jovenes-de-caudete\/\" \/>\n<meta property=\"og:site_name\" content=\"MI Ayuntamiento de Caudete\" \/>\n<meta property=\"article:publisher\" content=\"https:\/\/www.facebook.com\/ayuntamientocaudete\/\" \/>\n<meta property=\"article:published_time\" content=\"2025-03-21T07:00:08+00:00\" \/>\n<meta property=\"article:modified_time\" content=\"2025-03-25T10:49:08+00:00\" \/>\n<meta property=\"og:image\" content=\"https:\/\/www.caudete.org\/ayuntamiento\/wp-content\/uploads\/2025\/03\/Campamento-digital-Sala-Joven-port.jpg\" \/>\n\t<meta property=\"og:image:width\" content=\"998\" \/>\n\t<meta property=\"og:image:height\" content=\"484\" \/>\n\t<meta property=\"og:image:type\" content=\"image\/jpeg\" \/>\n<meta name=\"author\" content=\"Dpto Informatica MI Ayuntamiento de Caudete\" \/>\n<meta name=\"twitter:card\" content=\"summary_large_image\" \/>\n<meta name=\"twitter:label1\" content=\"Escrito por\" \/>\n\t<meta name=\"twitter:data1\" content=\"Dpto Informatica MI Ayuntamiento de Caudete\" \/>\n\t<meta name=\"twitter:label2\" content=\"Tiempo de lectura\" \/>\n\t<meta name=\"twitter:data2\" content=\"2 minutos\" \/>\n<script type=\"application\/ld+json\" class=\"yoast-schema-graph\">{\"@context\":\"https:\\\/\\\/schema.org\",\"@graph\":[{\"@type\":\"Article\",\"@id\":\"https:\\\/\\\/www.caudete.org\\\/ayuntamiento\\\/campamento-digital-formara-en-competencias-digitales-a-jovenes-de-caudete\\\/#article\",\"isPartOf\":{\"@id\":\"https:\\\/\\\/www.caudete.org\\\/ayuntamiento\\\/campamento-digital-formara-en-competencias-digitales-a-jovenes-de-caudete\\\/\"},\"author\":{\"name\":\"Dpto Informatica MI Ayuntamiento de Caudete\",\"@id\":\"https:\\\/\\\/www.caudete.org\\\/ayuntamiento\\\/#\\\/schema\\\/person\\\/4b9eab41761957db9b1bf9c418d1ef46\"},\"headline\":\"&#8216;Campamento Digital\u2019 formar\u00e1 en competencias digitales a j\u00f3venes de Caudete\",\"datePublished\":\"2025-03-21T07:00:08+00:00\",\"dateModified\":\"2025-03-25T10:49:08+00:00\",\"mainEntityOfPage\":{\"@id\":\"https:\\\/\\\/www.caudete.org\\\/ayuntamiento\\\/campamento-digital-formara-en-competencias-digitales-a-jovenes-de-caudete\\\/\"},\"wordCount\":294,\"publisher\":{\"@id\":\"https:\\\/\\\/www.caudete.org\\\/ayuntamiento\\\/#organization\"},\"image\":{\"@id\":\"https:\\\/\\\/www.caudete.org\\\/ayuntamiento\\\/campamento-digital-formara-en-competencias-digitales-a-jovenes-de-caudete\\\/#primaryimage\"},\"thumbnailUrl\":\"https:\\\/\\\/www.caudete.org\\\/ayuntamiento\\\/wp-content\\\/uploads\\\/2025\\\/03\\\/Campamento-digital-Sala-Joven-port.jpg\",\"articleSection\":[\"Juventud\"],\"inLanguage\":\"es\"},{\"@type\":\"WebPage\",\"@id\":\"https:\\\/\\\/www.caudete.org\\\/ayuntamiento\\\/campamento-digital-formara-en-competencias-digitales-a-jovenes-de-caudete\\\/\",\"url\":\"https:\\\/\\\/www.caudete.org\\\/ayuntamiento\\\/campamento-digital-formara-en-competencias-digitales-a-jovenes-de-caudete\\\/\",\"name\":\"'Campamento Digital\u2019 formar\u00e1 en competencias digitales a j\u00f3venes de Caudete - MI Ayuntamiento de Caudete\",\"isPartOf\":{\"@id\":\"https:\\\/\\\/www.caudete.org\\\/ayuntamiento\\\/#website\"},\"primaryImageOfPage\":{\"@id\":\"https:\\\/\\\/www.caudete.org\\\/ayuntamiento\\\/campamento-digital-formara-en-competencias-digitales-a-jovenes-de-caudete\\\/#primaryimage\"},\"image\":{\"@id\":\"https:\\\/\\\/www.caudete.org\\\/ayuntamiento\\\/campamento-digital-formara-en-competencias-digitales-a-jovenes-de-caudete\\\/#primaryimage\"},\"thumbnailUrl\":\"https:\\\/\\\/www.caudete.org\\\/ayuntamiento\\\/wp-content\\\/uploads\\\/2025\\\/03\\\/Campamento-digital-Sala-Joven-port.jpg\",\"datePublished\":\"2025-03-21T07:00:08+00:00\",\"dateModified\":\"2025-03-25T10:49:08+00:00\",\"description\":\"P\u00e1gina Oficial del Ayuntamiento de Caudete (Albacete)\",\"breadcrumb\":{\"@id\":\"https:\\\/\\\/www.caudete.org\\\/ayuntamiento\\\/campamento-digital-formara-en-competencias-digitales-a-jovenes-de-caudete\\\/#breadcrumb\"},\"inLanguage\":\"es\",\"potentialAction\":[{\"@type\":\"ReadAction\",\"target\":[\"https:\\\/\\\/www.caudete.org\\\/ayuntamiento\\\/campamento-digital-formara-en-competencias-digitales-a-jovenes-de-caudete\\\/\"]}]},{\"@type\":\"ImageObject\",\"inLanguage\":\"es\",\"@id\":\"https:\\\/\\\/www.caudete.org\\\/ayuntamiento\\\/campamento-digital-formara-en-competencias-digitales-a-jovenes-de-caudete\\\/#primaryimage\",\"url\":\"https:\\\/\\\/www.caudete.org\\\/ayuntamiento\\\/wp-content\\\/uploads\\\/2025\\\/03\\\/Campamento-digital-Sala-Joven-port.jpg\",\"contentUrl\":\"https:\\\/\\\/www.caudete.org\\\/ayuntamiento\\\/wp-content\\\/uploads\\\/2025\\\/03\\\/Campamento-digital-Sala-Joven-port.jpg\",\"width\":998,\"height\":484},{\"@type\":\"BreadcrumbList\",\"@id\":\"https:\\\/\\\/www.caudete.org\\\/ayuntamiento\\\/campamento-digital-formara-en-competencias-digitales-a-jovenes-de-caudete\\\/#breadcrumb\",\"itemListElement\":[{\"@type\":\"ListItem\",\"position\":1,\"name\":\"Inicio\",\"item\":\"https:\\\/\\\/www.caudete.org\\\/ayuntamiento\\\/\"},{\"@type\":\"ListItem\",\"position\":2,\"name\":\"&#8216;Campamento Digital\u2019 formar\u00e1 en competencias digitales a j\u00f3venes de Caudete\"}]},{\"@type\":\"WebSite\",\"@id\":\"https:\\\/\\\/www.caudete.org\\\/ayuntamiento\\\/#website\",\"url\":\"https:\\\/\\\/www.caudete.org\\\/ayuntamiento\\\/\",\"name\":\"MI Ayuntamiento de Caudete\",\"description\":\"P\u00e1gina Oficial del MI Ayuntamiento de Caudete\",\"publisher\":{\"@id\":\"https:\\\/\\\/www.caudete.org\\\/ayuntamiento\\\/#organization\"},\"potentialAction\":[{\"@type\":\"SearchAction\",\"target\":{\"@type\":\"EntryPoint\",\"urlTemplate\":\"https:\\\/\\\/www.caudete.org\\\/ayuntamiento\\\/?s={search_term_string}\"},\"query-input\":{\"@type\":\"PropertyValueSpecification\",\"valueRequired\":true,\"valueName\":\"search_term_string\"}}],\"inLanguage\":\"es\"},{\"@type\":\"Organization\",\"@id\":\"https:\\\/\\\/www.caudete.org\\\/ayuntamiento\\\/#organization\",\"name\":\"Ayuntamiento de Caudete\",\"url\":\"https:\\\/\\\/www.caudete.org\\\/ayuntamiento\\\/\",\"logo\":{\"@type\":\"ImageObject\",\"inLanguage\":\"es\",\"@id\":\"https:\\\/\\\/www.caudete.org\\\/ayuntamiento\\\/#\\\/schema\\\/logo\\\/image\\\/\",\"url\":\"https:\\\/\\\/www.caudete.org\\\/ayuntamiento\\\/wp-content\\\/uploads\\\/2020\\\/11\\\/logo_ayuntamiento_caudete.jpg\",\"contentUrl\":\"https:\\\/\\\/www.caudete.org\\\/ayuntamiento\\\/wp-content\\\/uploads\\\/2020\\\/11\\\/logo_ayuntamiento_caudete.jpg\",\"width\":600,\"height\":150,\"caption\":\"Ayuntamiento de Caudete\"},\"image\":{\"@id\":\"https:\\\/\\\/www.caudete.org\\\/ayuntamiento\\\/#\\\/schema\\\/logo\\\/image\\\/\"},\"sameAs\":[\"https:\\\/\\\/www.facebook.com\\\/ayuntamientocaudete\\\/\",\"https:\\\/\\\/www.youtube.com\\\/channel\\\/UC6VztHaooNsGpw-tNoBEFnQ\"]},{\"@type\":\"Person\",\"@id\":\"https:\\\/\\\/www.caudete.org\\\/ayuntamiento\\\/#\\\/schema\\\/person\\\/4b9eab41761957db9b1bf9c418d1ef46\",\"name\":\"Dpto Informatica MI Ayuntamiento de Caudete\",\"image\":{\"@type\":\"ImageObject\",\"inLanguage\":\"es\",\"@id\":\"https:\\\/\\\/secure.gravatar.com\\\/avatar\\\/ac0321ee4a0a83e82a253e7b2d348ef539e2c8fe16d06b600bde04de1b364fa7?s=96&d=mm&r=g\",\"url\":\"https:\\\/\\\/secure.gravatar.com\\\/avatar\\\/ac0321ee4a0a83e82a253e7b2d348ef539e2c8fe16d06b600bde04de1b364fa7?s=96&d=mm&r=g\",\"contentUrl\":\"https:\\\/\\\/secure.gravatar.com\\\/avatar\\\/ac0321ee4a0a83e82a253e7b2d348ef539e2c8fe16d06b600bde04de1b364fa7?s=96&d=mm&r=g\",\"caption\":\"Dpto Informatica MI Ayuntamiento de Caudete\"},\"url\":\"https:\\\/\\\/www.caudete.org\\\/ayuntamiento\\\/author\\\/informatica\\\/\"}]}<\/script>\n<!-- \/ Yoast SEO plugin. -->","yoast_head_json":{"title":"'Campamento Digital\u2019 formar\u00e1 en competencias digitales a j\u00f3venes de Caudete - MI Ayuntamiento de Caudete","description":"P\u00e1gina Oficial del Ayuntamiento de Caudete (Albacete)","robots":{"index":"index","follow":"follow","max-snippet":"max-snippet:-1","max-image-preview":"max-image-preview:large","max-video-preview":"max-video-preview:-1"},"canonical":"https:\/\/www.caudete.org\/ayuntamiento\/campamento-digital-formara-en-competencias-digitales-a-jovenes-de-caudete\/","og_locale":"es_ES","og_type":"article","og_title":"'Campamento Digital\u2019 formar\u00e1 en competencias digitales a j\u00f3venes de Caudete - MI Ayuntamiento de Caudete","og_description":"P\u00e1gina Oficial del Ayuntamiento de Caudete (Albacete)","og_url":"https:\/\/www.caudete.org\/ayuntamiento\/campamento-digital-formara-en-competencias-digitales-a-jovenes-de-caudete\/","og_site_name":"MI Ayuntamiento de Caudete","article_publisher":"https:\/\/www.facebook.com\/ayuntamientocaudete\/","article_published_time":"2025-03-21T07:00:08+00:00","article_modified_time":"2025-03-25T10:49:08+00:00","og_image":[{"width":998,"height":484,"url":"https:\/\/www.caudete.org\/ayuntamiento\/wp-content\/uploads\/2025\/03\/Campamento-digital-Sala-Joven-port.jpg","type":"image\/jpeg"}],"author":"Dpto Informatica MI Ayuntamiento de Caudete","twitter_card":"summary_large_image","twitter_misc":{"Escrito por":"Dpto Informatica MI Ayuntamiento de Caudete","Tiempo de lectura":"2 minutos"},"schema":{"@context":"https:\/\/schema.org","@graph":[{"@type":"Article","@id":"https:\/\/www.caudete.org\/ayuntamiento\/campamento-digital-formara-en-competencias-digitales-a-jovenes-de-caudete\/#article","isPartOf":{"@id":"https:\/\/www.caudete.org\/ayuntamiento\/campamento-digital-formara-en-competencias-digitales-a-jovenes-de-caudete\/"},"author":{"name":"Dpto Informatica MI Ayuntamiento de Caudete","@id":"https:\/\/www.caudete.org\/ayuntamiento\/#\/schema\/person\/4b9eab41761957db9b1bf9c418d1ef46"},"headline":"&#8216;Campamento Digital\u2019 formar\u00e1 en competencias digitales a j\u00f3venes de Caudete","datePublished":"2025-03-21T07:00:08+00:00","dateModified":"2025-03-25T10:49:08+00:00","mainEntityOfPage":{"@id":"https:\/\/www.caudete.org\/ayuntamiento\/campamento-digital-formara-en-competencias-digitales-a-jovenes-de-caudete\/"},"wordCount":294,"publisher":{"@id":"https:\/\/www.caudete.org\/ayuntamiento\/#organization"},"image":{"@id":"https:\/\/www.caudete.org\/ayuntamiento\/campamento-digital-formara-en-competencias-digitales-a-jovenes-de-caudete\/#primaryimage"},"thumbnailUrl":"https:\/\/www.caudete.org\/ayuntamiento\/wp-content\/uploads\/2025\/03\/Campamento-digital-Sala-Joven-port.jpg","articleSection":["Juventud"],"inLanguage":"es"},{"@type":"WebPage","@id":"https:\/\/www.caudete.org\/ayuntamiento\/campamento-digital-formara-en-competencias-digitales-a-jovenes-de-caudete\/","url":"https:\/\/www.caudete.org\/ayuntamiento\/campamento-digital-formara-en-competencias-digitales-a-jovenes-de-caudete\/","name":"'Campamento Digital\u2019 formar\u00e1 en competencias digitales a j\u00f3venes de Caudete - MI Ayuntamiento de Caudete","isPartOf":{"@id":"https:\/\/www.caudete.org\/ayuntamiento\/#website"},"primaryImageOfPage":{"@id":"https:\/\/www.caudete.org\/ayuntamiento\/campamento-digital-formara-en-competencias-digitales-a-jovenes-de-caudete\/#primaryimage"},"image":{"@id":"https:\/\/www.caudete.org\/ayuntamiento\/campamento-digital-formara-en-competencias-digitales-a-jovenes-de-caudete\/#primaryimage"},"thumbnailUrl":"https:\/\/www.caudete.org\/ayuntamiento\/wp-content\/uploads\/2025\/03\/Campamento-digital-Sala-Joven-port.jpg","datePublished":"2025-03-21T07:00:08+00:00","dateModified":"2025-03-25T10:49:08+00:00","description":"P\u00e1gina Oficial del Ayuntamiento de Caudete (Albacete)","breadcrumb":{"@id":"https:\/\/www.caudete.org\/ayuntamiento\/campamento-digital-formara-en-competencias-digitales-a-jovenes-de-caudete\/#breadcrumb"},"inLanguage":"es","potentialAction":[{"@type":"ReadAction","target":["https:\/\/www.caudete.org\/ayuntamiento\/campamento-digital-formara-en-competencias-digitales-a-jovenes-de-caudete\/"]}]},{"@type":"ImageObject","inLanguage":"es","@id":"https:\/\/www.caudete.org\/ayuntamiento\/campamento-digital-formara-en-competencias-digitales-a-jovenes-de-caudete\/#primaryimage","url":"https:\/\/www.caudete.org\/ayuntamiento\/wp-content\/uploads\/2025\/03\/Campamento-digital-Sala-Joven-port.jpg","contentUrl":"https:\/\/www.caudete.org\/ayuntamiento\/wp-content\/uploads\/2025\/03\/Campamento-digital-Sala-Joven-port.jpg","width":998,"height":484},{"@type":"BreadcrumbList","@id":"https:\/\/www.caudete.org\/ayuntamiento\/campamento-digital-formara-en-competencias-digitales-a-jovenes-de-caudete\/#breadcrumb","itemListElement":[{"@type":"ListItem","position":1,"name":"Inicio","item":"https:\/\/www.caudete.org\/ayuntamiento\/"},{"@type":"ListItem","position":2,"name":"&#8216;Campamento Digital\u2019 formar\u00e1 en competencias digitales a j\u00f3venes de Caudete"}]},{"@type":"WebSite","@id":"https:\/\/www.caudete.org\/ayuntamiento\/#website","url":"https:\/\/www.caudete.org\/ayuntamiento\/","name":"MI Ayuntamiento de Caudete","description":"P\u00e1gina Oficial del MI Ayuntamiento de Caudete","publisher":{"@id":"https:\/\/www.caudete.org\/ayuntamiento\/#organization"},"potentialAction":[{"@type":"SearchAction","target":{"@type":"EntryPoint","urlTemplate":"https:\/\/www.caudete.org\/ayuntamiento\/?s={search_term_string}"},"query-input":{"@type":"PropertyValueSpecification","valueRequired":true,"valueName":"search_term_string"}}],"inLanguage":"es"},{"@type":"Organization","@id":"https:\/\/www.caudete.org\/ayuntamiento\/#organization","name":"Ayuntamiento de Caudete","url":"https:\/\/www.caudete.org\/ayuntamiento\/","logo":{"@type":"ImageObject","inLanguage":"es","@id":"https:\/\/www.caudete.org\/ayuntamiento\/#\/schema\/logo\/image\/","url":"https:\/\/www.caudete.org\/ayuntamiento\/wp-content\/uploads\/2020\/11\/logo_ayuntamiento_caudete.jpg","contentUrl":"https:\/\/www.caudete.org\/ayuntamiento\/wp-content\/uploads\/2020\/11\/logo_ayuntamiento_caudete.jpg","width":600,"height":150,"caption":"Ayuntamiento de Caudete"},"image":{"@id":"https:\/\/www.caudete.org\/ayuntamiento\/#\/schema\/logo\/image\/"},"sameAs":["https:\/\/www.facebook.com\/ayuntamientocaudete\/","https:\/\/www.youtube.com\/channel\/UC6VztHaooNsGpw-tNoBEFnQ"]},{"@type":"Person","@id":"https:\/\/www.caudete.org\/ayuntamiento\/#\/schema\/person\/4b9eab41761957db9b1bf9c418d1ef46","name":"Dpto Informatica MI Ayuntamiento de Caudete","image":{"@type":"ImageObject","inLanguage":"es","@id":"https:\/\/secure.gravatar.com\/avatar\/ac0321ee4a0a83e82a253e7b2d348ef539e2c8fe16d06b600bde04de1b364fa7?s=96&d=mm&r=g","url":"https:\/\/secure.gravatar.com\/avatar\/ac0321ee4a0a83e82a253e7b2d348ef539e2c8fe16d06b600bde04de1b364fa7?s=96&d=mm&r=g","contentUrl":"https:\/\/secure.gravatar.com\/avatar\/ac0321ee4a0a83e82a253e7b2d348ef539e2c8fe16d06b600bde04de1b364fa7?s=96&d=mm&r=g","caption":"Dpto Informatica MI Ayuntamiento de Caudete"},"url":"https:\/\/www.caudete.org\/ayuntamiento\/author\/informatica\/"}]}},"_links":{"self":[{"href":"https:\/\/www.caudete.org\/ayuntamiento\/wp-json\/wp\/v2\/posts\/27972","targetHints":{"allow":["GET"]}}],"collection":[{"href":"https:\/\/www.caudete.org\/ayuntamiento\/wp-json\/wp\/v2\/posts"}],"about":[{"href":"https:\/\/www.caudete.org\/ayuntamiento\/wp-json\/wp\/v2\/types\/post"}],"author":[{"embeddable":true,"href":"https:\/\/www.caudete.org\/ayuntamiento\/wp-json\/wp\/v2\/users\/5"}],"replies":[{"embeddable":true,"href":"https:\/\/www.caudete.org\/ayuntamiento\/wp-json\/wp\/v2\/comments?post=27972"}],"version-history":[{"count":2,"href":"https:\/\/www.caudete.org\/ayuntamiento\/wp-json\/wp\/v2\/posts\/27972\/revisions"}],"predecessor-version":[{"id":27981,"href":"https:\/\/www.caudete.org\/ayuntamiento\/wp-json\/wp\/v2\/posts\/27972\/revisions\/27981"}],"wp:featuredmedia":[{"embeddable":true,"href":"https:\/\/www.caudete.org\/ayuntamiento\/wp-json\/wp\/v2\/media\/27974"}],"wp:attachment":[{"href":"https:\/\/www.caudete.org\/ayuntamiento\/wp-json\/wp\/v2\/media?parent=27972"}],"wp:term":[{"taxonomy":"category","embeddable":true,"href":"https:\/\/www.caudete.org\/ayuntamiento\/wp-json\/wp\/v2\/categories?post=27972"},{"taxonomy":"post_tag","embeddable":true,"href":"https:\/\/www.caudete.org\/ayuntamiento\/wp-json\/wp\/v2\/tags?post=27972"}],"curies":[{"name":"wp","href":"https:\/\/api.w.org\/{rel}","templated":true}]}}