{"id":27976,"date":"2025-03-20T14:42:15","date_gmt":"2025-03-20T13:42:15","guid":{"rendered":"https:\/\/www.caudete.org\/ayuntamiento\/?p=27976"},"modified":"2025-03-24T08:16:13","modified_gmt":"2025-03-24T07:16:13","slug":"cine-en-el-auditorio-municipal-los-dias-22-y-23-de-marzo","status":"publish","type":"post","link":"https:\/\/www.caudete.org\/ayuntamiento\/cine-en-el-auditorio-municipal-los-dias-22-y-23-de-marzo\/","title":{"rendered":"Cine en el Auditorio Municipal los d\u00edas 22 y 23 de marzo"},"content":{"rendered":"<p>El cine sigue formando parte de la Programaci\u00f3n Cultural de Primavera 2025. La Concejal\u00eda de Cultura del M. I. Ayuntamiento de Caudete, sigue apostando por un plan para todas las edades donde disfrutar de la compa\u00f1\u00eda de amigos y familiares junto al s\u00e9ptimo arte en el Auditorio Municipal.<\/p>\n<p>Recomendada para todos los p\u00fablicos Looney Tunes vuelve a la gran pantalla con su \u00faltima entrega: \u201c<strong>El d\u00eda que la Tierra explot\u00f3. Una pel\u00edcula de Looney Tunes<\/strong>\u201d.<br \/>\nTendr\u00e1 pases los d\u00edas s\u00e1bado 22 y domingo 23 de marzo a las 17:00h.<br \/>\nSinopsis: Porky y Lucas deber\u00e1n salvar el mundo cuando descubran un plan alien\u00edgena secreto para controlar sus mentes.<\/p>\n<p>Tambi\u00e9n contamos en la cartelera de marzo con <strong>\u201cAnora\u201d<\/strong>, con pases los d\u00edas s\u00e1bado 22 y domingo 23 a las 19:00 horas.<br \/>\nAnora ha sido galardonada con 5 Premios Oscar, incluyendo Mejor pel\u00edcula, direcci\u00f3n y gui\u00f3n original. Y en el a\u00f1o 2024: Festival de Cannes: Palma de Oro: Mejor pel\u00edcula, los Premios BAFTA: Mejor actriz protagonista y mejor casting y los Premios Globos de Oro: 5 nominaciones<br \/>\nSinopsis: Anora, una joven prostituta de Brooklyn, tiene la oportunidad de vivir una historia a lo Cenicienta cuando conoce al hijo de un oligarca ruso e impulsivamente se casa con \u00e9l. Cuando la noticia llega a Rusia, su cuento de hadas se ve amenazado, ya que los padres parten hacia Nueva York para intentar conseguir la anulaci\u00f3n del matrimonio.<br \/>\nUna pel\u00edcula recomendada para mayores de 16 a\u00f1os.<\/p>\n<p>Venta de entradas en la Casa de Cultura 40 minutos antes del comienzo de la proyecci\u00f3n de la pel\u00edcula.<\/p>\n<p>\u00a1Os esperamos!<\/p>\n<p><a href=\"https:\/\/www.caudete.org\/ayuntamiento\/wp-content\/uploads\/2025\/03\/Cartel-Cine-Anora-Tierra-Exploto.jpg\" rel='prettyPhoto'><img fetchpriority=\"high\" decoding=\"async\" class=\"alignnone size-full wp-image-27977\" src=\"https:\/\/www.caudete.org\/ayuntamiento\/wp-content\/uploads\/2025\/03\/Cartel-Cine-Anora-Tierra-Exploto.jpg\" alt=\"\" width=\"1000\" height=\"1414\" srcset=\"https:\/\/www.caudete.org\/ayuntamiento\/wp-content\/uploads\/2025\/03\/Cartel-Cine-Anora-Tierra-Exploto.jpg 1000w, https:\/\/www.caudete.org\/ayuntamiento\/wp-content\/uploads\/2025\/03\/Cartel-Cine-Anora-Tierra-Exploto-283x400.jpg 283w, https:\/\/www.caudete.org\/ayuntamiento\/wp-content\/uploads\/2025\/03\/Cartel-Cine-Anora-Tierra-Exploto-566x800.jpg 566w, https:\/\/www.caudete.org\/ayuntamiento\/wp-content\/uploads\/2025\/03\/Cartel-Cine-Anora-Tierra-Exploto-768x1086.jpg 768w\" sizes=\"(max-width: 1000px) 100vw, 1000px\" \/><\/a><\/p>\n","protected":false},"excerpt":{"rendered":"<p>El cine sigue formando parte de la Programaci\u00f3n Cultural de Primavera 2025. La Concejal\u00eda de Cultura del M. I. Ayuntamiento de Caudete, sigue apostando por un plan para todas las edades donde disfrutar de la compa\u00f1\u00eda de amigos y familiares junto al s\u00e9ptimo arte en el Auditorio Municipal. Recomendada para todos los p\u00fablicos Looney Tunes &hellip;<\/p>\n","protected":false},"author":5,"featured_media":27979,"comment_status":"closed","ping_status":"open","sticky":false,"template":"","format":"standard","meta":{"ngg_post_thumbnail":0,"footnotes":""},"categories":[14],"tags":[],"class_list":["post-27976","post","type-post","status-publish","format-standard","has-post-thumbnail","hentry","category-cultura"],"yoast_head":"<!-- This site is optimized with the Yoast SEO plugin v27.5 - https:\/\/yoast.com\/product\/yoast-seo-wordpress\/ -->\n<title>Cine en el Auditorio Municipal los d\u00edas 22 y 23 de marzo - MI Ayuntamiento de Caudete<\/title>\n<meta name=\"description\" content=\"P\u00e1gina Oficial del Ayuntamiento de Caudete (Albacete)\" \/>\n<meta name=\"robots\" content=\"index, follow, max-snippet:-1, max-image-preview:large, max-video-preview:-1\" \/>\n<link rel=\"canonical\" href=\"https:\/\/www.caudete.org\/ayuntamiento\/cine-en-el-auditorio-municipal-los-dias-22-y-23-de-marzo\/\" \/>\n<meta property=\"og:locale\" content=\"es_ES\" \/>\n<meta property=\"og:type\" content=\"article\" \/>\n<meta property=\"og:title\" content=\"Cine en el Auditorio Municipal los d\u00edas 22 y 23 de marzo - MI Ayuntamiento de Caudete\" \/>\n<meta property=\"og:description\" content=\"P\u00e1gina Oficial del Ayuntamiento de Caudete (Albacete)\" \/>\n<meta property=\"og:url\" content=\"https:\/\/www.caudete.org\/ayuntamiento\/cine-en-el-auditorio-municipal-los-dias-22-y-23-de-marzo\/\" \/>\n<meta property=\"og:site_name\" content=\"MI Ayuntamiento de Caudete\" \/>\n<meta property=\"article:publisher\" content=\"https:\/\/www.facebook.com\/ayuntamientocaudete\/\" \/>\n<meta property=\"article:published_time\" content=\"2025-03-20T13:42:15+00:00\" \/>\n<meta property=\"article:modified_time\" content=\"2025-03-24T07:16:13+00:00\" \/>\n<meta property=\"og:image\" content=\"https:\/\/www.caudete.org\/ayuntamiento\/wp-content\/uploads\/2025\/03\/Cartel-Cine-Anora-Tierra-Exploto-port.jpg\" \/>\n\t<meta property=\"og:image:width\" content=\"1000\" \/>\n\t<meta property=\"og:image:height\" content=\"500\" \/>\n\t<meta property=\"og:image:type\" content=\"image\/jpeg\" \/>\n<meta name=\"author\" content=\"Dpto Informatica MI Ayuntamiento de Caudete\" \/>\n<meta name=\"twitter:card\" content=\"summary_large_image\" \/>\n<meta name=\"twitter:label1\" content=\"Escrito por\" \/>\n\t<meta name=\"twitter:data1\" content=\"Dpto Informatica MI Ayuntamiento de Caudete\" \/>\n\t<meta name=\"twitter:label2\" content=\"Tiempo de lectura\" \/>\n\t<meta name=\"twitter:data2\" content=\"2 minutos\" \/>\n<script type=\"application\/ld+json\" class=\"yoast-schema-graph\">{\"@context\":\"https:\\\/\\\/schema.org\",\"@graph\":[{\"@type\":\"Article\",\"@id\":\"https:\\\/\\\/www.caudete.org\\\/ayuntamiento\\\/cine-en-el-auditorio-municipal-los-dias-22-y-23-de-marzo\\\/#article\",\"isPartOf\":{\"@id\":\"https:\\\/\\\/www.caudete.org\\\/ayuntamiento\\\/cine-en-el-auditorio-municipal-los-dias-22-y-23-de-marzo\\\/\"},\"author\":{\"name\":\"Dpto Informatica MI Ayuntamiento de Caudete\",\"@id\":\"https:\\\/\\\/www.caudete.org\\\/ayuntamiento\\\/#\\\/schema\\\/person\\\/4b9eab41761957db9b1bf9c418d1ef46\"},\"headline\":\"Cine en el Auditorio Municipal los d\u00edas 22 y 23 de marzo\",\"datePublished\":\"2025-03-20T13:42:15+00:00\",\"dateModified\":\"2025-03-24T07:16:13+00:00\",\"mainEntityOfPage\":{\"@id\":\"https:\\\/\\\/www.caudete.org\\\/ayuntamiento\\\/cine-en-el-auditorio-municipal-los-dias-22-y-23-de-marzo\\\/\"},\"wordCount\":286,\"image\":{\"@id\":\"https:\\\/\\\/www.caudete.org\\\/ayuntamiento\\\/cine-en-el-auditorio-municipal-los-dias-22-y-23-de-marzo\\\/#primaryimage\"},\"thumbnailUrl\":\"https:\\\/\\\/www.caudete.org\\\/ayuntamiento\\\/wp-content\\\/uploads\\\/2025\\\/03\\\/Cartel-Cine-Anora-Tierra-Exploto-port.jpg\",\"articleSection\":[\"Cultura\"],\"inLanguage\":\"es\"},{\"@type\":\"WebPage\",\"@id\":\"https:\\\/\\\/www.caudete.org\\\/ayuntamiento\\\/cine-en-el-auditorio-municipal-los-dias-22-y-23-de-marzo\\\/\",\"url\":\"https:\\\/\\\/www.caudete.org\\\/ayuntamiento\\\/cine-en-el-auditorio-municipal-los-dias-22-y-23-de-marzo\\\/\",\"name\":\"Cine en el Auditorio Municipal los d\u00edas 22 y 23 de marzo - MI Ayuntamiento de Caudete\",\"isPartOf\":{\"@id\":\"https:\\\/\\\/www.caudete.org\\\/ayuntamiento\\\/#website\"},\"primaryImageOfPage\":{\"@id\":\"https:\\\/\\\/www.caudete.org\\\/ayuntamiento\\\/cine-en-el-auditorio-municipal-los-dias-22-y-23-de-marzo\\\/#primaryimage\"},\"image\":{\"@id\":\"https:\\\/\\\/www.caudete.org\\\/ayuntamiento\\\/cine-en-el-auditorio-municipal-los-dias-22-y-23-de-marzo\\\/#primaryimage\"},\"thumbnailUrl\":\"https:\\\/\\\/www.caudete.org\\\/ayuntamiento\\\/wp-content\\\/uploads\\\/2025\\\/03\\\/Cartel-Cine-Anora-Tierra-Exploto-port.jpg\",\"datePublished\":\"2025-03-20T13:42:15+00:00\",\"dateModified\":\"2025-03-24T07:16:13+00:00\",\"author\":{\"@id\":\"https:\\\/\\\/www.caudete.org\\\/ayuntamiento\\\/#\\\/schema\\\/person\\\/4b9eab41761957db9b1bf9c418d1ef46\"},\"description\":\"P\u00e1gina Oficial del Ayuntamiento de Caudete (Albacete)\",\"breadcrumb\":{\"@id\":\"https:\\\/\\\/www.caudete.org\\\/ayuntamiento\\\/cine-en-el-auditorio-municipal-los-dias-22-y-23-de-marzo\\\/#breadcrumb\"},\"inLanguage\":\"es\",\"potentialAction\":[{\"@type\":\"ReadAction\",\"target\":[\"https:\\\/\\\/www.caudete.org\\\/ayuntamiento\\\/cine-en-el-auditorio-municipal-los-dias-22-y-23-de-marzo\\\/\"]}]},{\"@type\":\"ImageObject\",\"inLanguage\":\"es\",\"@id\":\"https:\\\/\\\/www.caudete.org\\\/ayuntamiento\\\/cine-en-el-auditorio-municipal-los-dias-22-y-23-de-marzo\\\/#primaryimage\",\"url\":\"https:\\\/\\\/www.caudete.org\\\/ayuntamiento\\\/wp-content\\\/uploads\\\/2025\\\/03\\\/Cartel-Cine-Anora-Tierra-Exploto-port.jpg\",\"contentUrl\":\"https:\\\/\\\/www.caudete.org\\\/ayuntamiento\\\/wp-content\\\/uploads\\\/2025\\\/03\\\/Cartel-Cine-Anora-Tierra-Exploto-port.jpg\",\"width\":1000,\"height\":500},{\"@type\":\"BreadcrumbList\",\"@id\":\"https:\\\/\\\/www.caudete.org\\\/ayuntamiento\\\/cine-en-el-auditorio-municipal-los-dias-22-y-23-de-marzo\\\/#breadcrumb\",\"itemListElement\":[{\"@type\":\"ListItem\",\"position\":1,\"name\":\"Inicio\",\"item\":\"https:\\\/\\\/www.caudete.org\\\/ayuntamiento\\\/\"},{\"@type\":\"ListItem\",\"position\":2,\"name\":\"Cine en el Auditorio Municipal los d\u00edas 22 y 23 de marzo\"}]},{\"@type\":\"WebSite\",\"@id\":\"https:\\\/\\\/www.caudete.org\\\/ayuntamiento\\\/#website\",\"url\":\"https:\\\/\\\/www.caudete.org\\\/ayuntamiento\\\/\",\"name\":\"MI Ayuntamiento de Caudete\",\"description\":\"P\u00e1gina Oficial del MI Ayuntamiento de Caudete\",\"potentialAction\":[{\"@type\":\"SearchAction\",\"target\":{\"@type\":\"EntryPoint\",\"urlTemplate\":\"https:\\\/\\\/www.caudete.org\\\/ayuntamiento\\\/?s={search_term_string}\"},\"query-input\":{\"@type\":\"PropertyValueSpecification\",\"valueRequired\":true,\"valueName\":\"search_term_string\"}}],\"inLanguage\":\"es\"},{\"@type\":\"Person\",\"@id\":\"https:\\\/\\\/www.caudete.org\\\/ayuntamiento\\\/#\\\/schema\\\/person\\\/4b9eab41761957db9b1bf9c418d1ef46\",\"name\":\"Dpto Informatica MI Ayuntamiento de Caudete\",\"image\":{\"@type\":\"ImageObject\",\"inLanguage\":\"es\",\"@id\":\"https:\\\/\\\/secure.gravatar.com\\\/avatar\\\/ac0321ee4a0a83e82a253e7b2d348ef539e2c8fe16d06b600bde04de1b364fa7?s=96&d=mm&r=g\",\"url\":\"https:\\\/\\\/secure.gravatar.com\\\/avatar\\\/ac0321ee4a0a83e82a253e7b2d348ef539e2c8fe16d06b600bde04de1b364fa7?s=96&d=mm&r=g\",\"contentUrl\":\"https:\\\/\\\/secure.gravatar.com\\\/avatar\\\/ac0321ee4a0a83e82a253e7b2d348ef539e2c8fe16d06b600bde04de1b364fa7?s=96&d=mm&r=g\",\"caption\":\"Dpto Informatica MI Ayuntamiento de Caudete\"},\"url\":\"https:\\\/\\\/www.caudete.org\\\/ayuntamiento\\\/author\\\/informatica\\\/\"}]}<\/script>\n<!-- \/ Yoast SEO plugin. -->","yoast_head_json":{"title":"Cine en el Auditorio Municipal los d\u00edas 22 y 23 de marzo - MI Ayuntamiento de Caudete","description":"P\u00e1gina Oficial del Ayuntamiento de Caudete (Albacete)","robots":{"index":"index","follow":"follow","max-snippet":"max-snippet:-1","max-image-preview":"max-image-preview:large","max-video-preview":"max-video-preview:-1"},"canonical":"https:\/\/www.caudete.org\/ayuntamiento\/cine-en-el-auditorio-municipal-los-dias-22-y-23-de-marzo\/","og_locale":"es_ES","og_type":"article","og_title":"Cine en el Auditorio Municipal los d\u00edas 22 y 23 de marzo - MI Ayuntamiento de Caudete","og_description":"P\u00e1gina Oficial del Ayuntamiento de Caudete (Albacete)","og_url":"https:\/\/www.caudete.org\/ayuntamiento\/cine-en-el-auditorio-municipal-los-dias-22-y-23-de-marzo\/","og_site_name":"MI Ayuntamiento de Caudete","article_publisher":"https:\/\/www.facebook.com\/ayuntamientocaudete\/","article_published_time":"2025-03-20T13:42:15+00:00","article_modified_time":"2025-03-24T07:16:13+00:00","og_image":[{"width":1000,"height":500,"url":"https:\/\/www.caudete.org\/ayuntamiento\/wp-content\/uploads\/2025\/03\/Cartel-Cine-Anora-Tierra-Exploto-port.jpg","type":"image\/jpeg"}],"author":"Dpto Informatica MI Ayuntamiento de Caudete","twitter_card":"summary_large_image","twitter_misc":{"Escrito por":"Dpto Informatica MI Ayuntamiento de Caudete","Tiempo de lectura":"2 minutos"},"schema":{"@context":"https:\/\/schema.org","@graph":[{"@type":"Article","@id":"https:\/\/www.caudete.org\/ayuntamiento\/cine-en-el-auditorio-municipal-los-dias-22-y-23-de-marzo\/#article","isPartOf":{"@id":"https:\/\/www.caudete.org\/ayuntamiento\/cine-en-el-auditorio-municipal-los-dias-22-y-23-de-marzo\/"},"author":{"name":"Dpto Informatica MI Ayuntamiento de Caudete","@id":"https:\/\/www.caudete.org\/ayuntamiento\/#\/schema\/person\/4b9eab41761957db9b1bf9c418d1ef46"},"headline":"Cine en el Auditorio Municipal los d\u00edas 22 y 23 de marzo","datePublished":"2025-03-20T13:42:15+00:00","dateModified":"2025-03-24T07:16:13+00:00","mainEntityOfPage":{"@id":"https:\/\/www.caudete.org\/ayuntamiento\/cine-en-el-auditorio-municipal-los-dias-22-y-23-de-marzo\/"},"wordCount":286,"image":{"@id":"https:\/\/www.caudete.org\/ayuntamiento\/cine-en-el-auditorio-municipal-los-dias-22-y-23-de-marzo\/#primaryimage"},"thumbnailUrl":"https:\/\/www.caudete.org\/ayuntamiento\/wp-content\/uploads\/2025\/03\/Cartel-Cine-Anora-Tierra-Exploto-port.jpg","articleSection":["Cultura"],"inLanguage":"es"},{"@type":"WebPage","@id":"https:\/\/www.caudete.org\/ayuntamiento\/cine-en-el-auditorio-municipal-los-dias-22-y-23-de-marzo\/","url":"https:\/\/www.caudete.org\/ayuntamiento\/cine-en-el-auditorio-municipal-los-dias-22-y-23-de-marzo\/","name":"Cine en el Auditorio Municipal los d\u00edas 22 y 23 de marzo - MI Ayuntamiento de Caudete","isPartOf":{"@id":"https:\/\/www.caudete.org\/ayuntamiento\/#website"},"primaryImageOfPage":{"@id":"https:\/\/www.caudete.org\/ayuntamiento\/cine-en-el-auditorio-municipal-los-dias-22-y-23-de-marzo\/#primaryimage"},"image":{"@id":"https:\/\/www.caudete.org\/ayuntamiento\/cine-en-el-auditorio-municipal-los-dias-22-y-23-de-marzo\/#primaryimage"},"thumbnailUrl":"https:\/\/www.caudete.org\/ayuntamiento\/wp-content\/uploads\/2025\/03\/Cartel-Cine-Anora-Tierra-Exploto-port.jpg","datePublished":"2025-03-20T13:42:15+00:00","dateModified":"2025-03-24T07:16:13+00:00","author":{"@id":"https:\/\/www.caudete.org\/ayuntamiento\/#\/schema\/person\/4b9eab41761957db9b1bf9c418d1ef46"},"description":"P\u00e1gina Oficial del Ayuntamiento de Caudete (Albacete)","breadcrumb":{"@id":"https:\/\/www.caudete.org\/ayuntamiento\/cine-en-el-auditorio-municipal-los-dias-22-y-23-de-marzo\/#breadcrumb"},"inLanguage":"es","potentialAction":[{"@type":"ReadAction","target":["https:\/\/www.caudete.org\/ayuntamiento\/cine-en-el-auditorio-municipal-los-dias-22-y-23-de-marzo\/"]}]},{"@type":"ImageObject","inLanguage":"es","@id":"https:\/\/www.caudete.org\/ayuntamiento\/cine-en-el-auditorio-municipal-los-dias-22-y-23-de-marzo\/#primaryimage","url":"https:\/\/www.caudete.org\/ayuntamiento\/wp-content\/uploads\/2025\/03\/Cartel-Cine-Anora-Tierra-Exploto-port.jpg","contentUrl":"https:\/\/www.caudete.org\/ayuntamiento\/wp-content\/uploads\/2025\/03\/Cartel-Cine-Anora-Tierra-Exploto-port.jpg","width":1000,"height":500},{"@type":"BreadcrumbList","@id":"https:\/\/www.caudete.org\/ayuntamiento\/cine-en-el-auditorio-municipal-los-dias-22-y-23-de-marzo\/#breadcrumb","itemListElement":[{"@type":"ListItem","position":1,"name":"Inicio","item":"https:\/\/www.caudete.org\/ayuntamiento\/"},{"@type":"ListItem","position":2,"name":"Cine en el Auditorio Municipal los d\u00edas 22 y 23 de marzo"}]},{"@type":"WebSite","@id":"https:\/\/www.caudete.org\/ayuntamiento\/#website","url":"https:\/\/www.caudete.org\/ayuntamiento\/","name":"MI Ayuntamiento de Caudete","description":"P\u00e1gina Oficial del MI Ayuntamiento de Caudete","potentialAction":[{"@type":"SearchAction","target":{"@type":"EntryPoint","urlTemplate":"https:\/\/www.caudete.org\/ayuntamiento\/?s={search_term_string}"},"query-input":{"@type":"PropertyValueSpecification","valueRequired":true,"valueName":"search_term_string"}}],"inLanguage":"es"},{"@type":"Person","@id":"https:\/\/www.caudete.org\/ayuntamiento\/#\/schema\/person\/4b9eab41761957db9b1bf9c418d1ef46","name":"Dpto Informatica MI Ayuntamiento de Caudete","image":{"@type":"ImageObject","inLanguage":"es","@id":"https:\/\/secure.gravatar.com\/avatar\/ac0321ee4a0a83e82a253e7b2d348ef539e2c8fe16d06b600bde04de1b364fa7?s=96&d=mm&r=g","url":"https:\/\/secure.gravatar.com\/avatar\/ac0321ee4a0a83e82a253e7b2d348ef539e2c8fe16d06b600bde04de1b364fa7?s=96&d=mm&r=g","contentUrl":"https:\/\/secure.gravatar.com\/avatar\/ac0321ee4a0a83e82a253e7b2d348ef539e2c8fe16d06b600bde04de1b364fa7?s=96&d=mm&r=g","caption":"Dpto Informatica MI Ayuntamiento de Caudete"},"url":"https:\/\/www.caudete.org\/ayuntamiento\/author\/informatica\/"}]}},"_links":{"self":[{"href":"https:\/\/www.caudete.org\/ayuntamiento\/wp-json\/wp\/v2\/posts\/27976","targetHints":{"allow":["GET"]}}],"collection":[{"href":"https:\/\/www.caudete.org\/ayuntamiento\/wp-json\/wp\/v2\/posts"}],"about":[{"href":"https:\/\/www.caudete.org\/ayuntamiento\/wp-json\/wp\/v2\/types\/post"}],"author":[{"embeddable":true,"href":"https:\/\/www.caudete.org\/ayuntamiento\/wp-json\/wp\/v2\/users\/5"}],"replies":[{"embeddable":true,"href":"https:\/\/www.caudete.org\/ayuntamiento\/wp-json\/wp\/v2\/comments?post=27976"}],"version-history":[{"count":1,"href":"https:\/\/www.caudete.org\/ayuntamiento\/wp-json\/wp\/v2\/posts\/27976\/revisions"}],"predecessor-version":[{"id":27978,"href":"https:\/\/www.caudete.org\/ayuntamiento\/wp-json\/wp\/v2\/posts\/27976\/revisions\/27978"}],"wp:featuredmedia":[{"embeddable":true,"href":"https:\/\/www.caudete.org\/ayuntamiento\/wp-json\/wp\/v2\/media\/27979"}],"wp:attachment":[{"href":"https:\/\/www.caudete.org\/ayuntamiento\/wp-json\/wp\/v2\/media?parent=27976"}],"wp:term":[{"taxonomy":"category","embeddable":true,"href":"https:\/\/www.caudete.org\/ayuntamiento\/wp-json\/wp\/v2\/categories?post=27976"},{"taxonomy":"post_tag","embeddable":true,"href":"https:\/\/www.caudete.org\/ayuntamiento\/wp-json\/wp\/v2\/tags?post=27976"}],"curies":[{"name":"wp","href":"https:\/\/api.w.org\/{rel}","templated":true}]}}