{"id":28024,"date":"2025-03-23T18:46:23","date_gmt":"2025-03-23T17:46:23","guid":{"rendered":"https:\/\/www.caudete.org\/ayuntamiento\/?p=28024"},"modified":"2025-03-23T18:47:18","modified_gmt":"2025-03-23T17:47:18","slug":"resultado-de-la-primera-busqueda-de-fugas-de-agua-realizada-en-caudete","status":"publish","type":"post","link":"https:\/\/www.caudete.org\/ayuntamiento\/resultado-de-la-primera-busqueda-de-fugas-de-agua-realizada-en-caudete\/","title":{"rendered":"Resultado de la primera b\u00fasqueda de fugas de agua realizada en Caudete"},"content":{"rendered":"<p>Como os inform\u00e9 a mediados de enero del presente 2025, \u00edbamos a llevar a cabo una campa\u00f1a de b\u00fasqueda de fugas de agua en toda la red municipal. Pues bien, dicha campa\u00f1a ya se ha realizado y hace un par de d\u00edas recib\u00ed el informe oficial elaborado por la empresa que ha realizado la b\u00fasqueda (Aquona).<\/p>\n<p>En primer lugar, os quiero informar que es la primera vez que se realiza una campa\u00f1a para la b\u00fasqueda de fugas de agua en nuestra localidad. En mi opini\u00f3n, esto demuestra el inter\u00e9s de este concejal y el equipo de gobierno por ir dando soluciones efectivas al grave problema de roturas y p\u00e9rdida incontrolada de agua que sufrimos en nuestra localidad.<\/p>\n<p>Tambi\u00e9n os tengo que transmitir mi satisfacci\u00f3n y la de todo mi equipo de t\u00e9cnicos y fontaneros respecto a los resultados, por los motivos que a continuaci\u00f3n os ir\u00e9 detallando.<br \/>\nLa inversi\u00f3n que hemos llevado a cabo, es decir, lo que nos hemos gastado en esta campa\u00f1a de b\u00fasqueda y detecci\u00f3n de fugas de agua ha sido de 2.680&#8217;88\u20ac + iva. Si tenemos en cuenta que hemos detectado alguna fuga que estaba impidiendo que llegase presi\u00f3n de agua adecuada a alg\u00fan barrio entero, creo que ya ha valido la pena.<\/p>\n<p>Esta campa\u00f1a se ha realizado en dos partes, la primera en todo el casco urbano y la segunda en los Villares y el PTEC (Parque Tecnol\u00f3gico, pol\u00edgono de encima de las v\u00edas).<br \/>\nEn total se han encontrado 10 fugas reales. Hay que tener en cuenta que estas fugas son &#8220;silenciosas&#8221;, puesto que no dan la cara, no hacen mancha, por lo que son de muy dif\u00edcil localizaci\u00f3n. De no haberse hecho esta campa\u00f1a, a saber cuando las habr\u00edamos encontrado, ni cuanta agua se habr\u00eda perdido (una de ellas ten\u00eda una p\u00e9rdida importante).<br \/>\nQuiero deciros tambi\u00e9n, que los expertos recomiendan hacer una b\u00fasqueda cada tres meses, pero nosotros vamos a intentar hacerlas cada seis y, si vemos que aparecen muchas m\u00e1s fugas, valoraremos hacerlas cada tres.<\/p>\n<p><strong>Tengo que insistir. Para mejorar el servicio del agua necesitamos vuestra colaboraci\u00f3n, que cuando surja un problema, de cualquier \u00edndole, os pong\u00e1is en contacto con nosotros llamando al siguiente tel\u00e9fono: 96 582 58 69 y con la mayor brevedad posible se os atender\u00e1.<\/strong><\/p>\n<p style=\"text-align: center;\">\u00a1\u00a1En la concejal\u00eda del Ciclo Integral del Agua nos esforzamos en dar un buen servicio y gestionar bien tu dinero!!<\/p>\n<p style=\"text-align: center;\"><span style=\"font-size: 18pt;\"><em>Comunicado de Jos\u00e9 Miguel Moll\u00e1 Nieto, <\/em><\/span><\/p>\n<p style=\"text-align: center;\"><strong><em><u>Concejal del Ciclo Integral del Agua<\/u><\/em><\/strong><\/p>\n","protected":false},"excerpt":{"rendered":"<p>Como os inform\u00e9 a mediados de enero del presente 2025, \u00edbamos a llevar a cabo una campa\u00f1a de b\u00fasqueda de fugas de agua en toda la red municipal. Pues bien, dicha campa\u00f1a ya se ha realizado y hace un par de d\u00edas recib\u00ed el informe oficial elaborado por la empresa que ha realizado la b\u00fasqueda &hellip;<\/p>\n","protected":false},"author":5,"featured_media":28025,"comment_status":"closed","ping_status":"open","sticky":false,"template":"","format":"standard","meta":{"ngg_post_thumbnail":0,"footnotes":""},"categories":[49],"tags":[],"class_list":["post-28024","post","type-post","status-publish","format-standard","has-post-thumbnail","hentry","category-ciclo-integral-del-agua"],"yoast_head":"<!-- This site is optimized with the Yoast SEO plugin v27.5 - https:\/\/yoast.com\/product\/yoast-seo-wordpress\/ -->\n<title>Resultado de la primera b\u00fasqueda de fugas de agua realizada en Caudete - MI Ayuntamiento de Caudete<\/title>\n<meta name=\"description\" content=\"P\u00e1gina Oficial del Ayuntamiento de Caudete (Albacete)\" \/>\n<meta name=\"robots\" content=\"index, follow, max-snippet:-1, max-image-preview:large, max-video-preview:-1\" \/>\n<link rel=\"canonical\" href=\"https:\/\/www.caudete.org\/ayuntamiento\/resultado-de-la-primera-busqueda-de-fugas-de-agua-realizada-en-caudete\/\" \/>\n<meta property=\"og:locale\" content=\"es_ES\" \/>\n<meta property=\"og:type\" content=\"article\" \/>\n<meta property=\"og:title\" content=\"Resultado de la primera b\u00fasqueda de fugas de agua realizada en Caudete - MI Ayuntamiento de Caudete\" \/>\n<meta property=\"og:description\" content=\"P\u00e1gina Oficial del Ayuntamiento de Caudete (Albacete)\" \/>\n<meta property=\"og:url\" content=\"https:\/\/www.caudete.org\/ayuntamiento\/resultado-de-la-primera-busqueda-de-fugas-de-agua-realizada-en-caudete\/\" \/>\n<meta property=\"og:site_name\" content=\"MI Ayuntamiento de Caudete\" \/>\n<meta property=\"article:publisher\" content=\"https:\/\/www.facebook.com\/ayuntamientocaudete\/\" \/>\n<meta property=\"article:published_time\" content=\"2025-03-23T17:46:23+00:00\" \/>\n<meta property=\"article:modified_time\" content=\"2025-03-23T17:47:18+00:00\" \/>\n<meta property=\"og:image\" content=\"https:\/\/www.caudete.org\/ayuntamiento\/wp-content\/uploads\/2025\/03\/FuegadeAgua.jpg\" \/>\n\t<meta property=\"og:image:width\" content=\"786\" \/>\n\t<meta property=\"og:image:height\" content=\"425\" \/>\n\t<meta property=\"og:image:type\" content=\"image\/jpeg\" \/>\n<meta name=\"author\" content=\"Dpto Informatica MI Ayuntamiento de Caudete\" \/>\n<meta name=\"twitter:card\" content=\"summary_large_image\" \/>\n<meta name=\"twitter:label1\" content=\"Escrito por\" \/>\n\t<meta name=\"twitter:data1\" content=\"Dpto Informatica MI Ayuntamiento de Caudete\" \/>\n\t<meta name=\"twitter:label2\" content=\"Tiempo de lectura\" \/>\n\t<meta name=\"twitter:data2\" content=\"3 minutos\" \/>\n<script type=\"application\/ld+json\" class=\"yoast-schema-graph\">{\"@context\":\"https:\\\/\\\/schema.org\",\"@graph\":[{\"@type\":\"Article\",\"@id\":\"https:\\\/\\\/www.caudete.org\\\/ayuntamiento\\\/resultado-de-la-primera-busqueda-de-fugas-de-agua-realizada-en-caudete\\\/#article\",\"isPartOf\":{\"@id\":\"https:\\\/\\\/www.caudete.org\\\/ayuntamiento\\\/resultado-de-la-primera-busqueda-de-fugas-de-agua-realizada-en-caudete\\\/\"},\"author\":{\"name\":\"Dpto Informatica MI Ayuntamiento de Caudete\",\"@id\":\"https:\\\/\\\/www.caudete.org\\\/ayuntamiento\\\/#\\\/schema\\\/person\\\/4b9eab41761957db9b1bf9c418d1ef46\"},\"headline\":\"Resultado de la primera b\u00fasqueda de fugas de agua realizada en Caudete\",\"datePublished\":\"2025-03-23T17:46:23+00:00\",\"dateModified\":\"2025-03-23T17:47:18+00:00\",\"mainEntityOfPage\":{\"@id\":\"https:\\\/\\\/www.caudete.org\\\/ayuntamiento\\\/resultado-de-la-primera-busqueda-de-fugas-de-agua-realizada-en-caudete\\\/\"},\"wordCount\":450,\"image\":{\"@id\":\"https:\\\/\\\/www.caudete.org\\\/ayuntamiento\\\/resultado-de-la-primera-busqueda-de-fugas-de-agua-realizada-en-caudete\\\/#primaryimage\"},\"thumbnailUrl\":\"https:\\\/\\\/www.caudete.org\\\/ayuntamiento\\\/wp-content\\\/uploads\\\/2025\\\/03\\\/FuegadeAgua.jpg\",\"articleSection\":[\"Ciclo Integral del Agua\"],\"inLanguage\":\"es\"},{\"@type\":\"WebPage\",\"@id\":\"https:\\\/\\\/www.caudete.org\\\/ayuntamiento\\\/resultado-de-la-primera-busqueda-de-fugas-de-agua-realizada-en-caudete\\\/\",\"url\":\"https:\\\/\\\/www.caudete.org\\\/ayuntamiento\\\/resultado-de-la-primera-busqueda-de-fugas-de-agua-realizada-en-caudete\\\/\",\"name\":\"Resultado de la primera b\u00fasqueda de fugas de agua realizada en Caudete - MI Ayuntamiento de Caudete\",\"isPartOf\":{\"@id\":\"https:\\\/\\\/www.caudete.org\\\/ayuntamiento\\\/#website\"},\"primaryImageOfPage\":{\"@id\":\"https:\\\/\\\/www.caudete.org\\\/ayuntamiento\\\/resultado-de-la-primera-busqueda-de-fugas-de-agua-realizada-en-caudete\\\/#primaryimage\"},\"image\":{\"@id\":\"https:\\\/\\\/www.caudete.org\\\/ayuntamiento\\\/resultado-de-la-primera-busqueda-de-fugas-de-agua-realizada-en-caudete\\\/#primaryimage\"},\"thumbnailUrl\":\"https:\\\/\\\/www.caudete.org\\\/ayuntamiento\\\/wp-content\\\/uploads\\\/2025\\\/03\\\/FuegadeAgua.jpg\",\"datePublished\":\"2025-03-23T17:46:23+00:00\",\"dateModified\":\"2025-03-23T17:47:18+00:00\",\"author\":{\"@id\":\"https:\\\/\\\/www.caudete.org\\\/ayuntamiento\\\/#\\\/schema\\\/person\\\/4b9eab41761957db9b1bf9c418d1ef46\"},\"description\":\"P\u00e1gina Oficial del Ayuntamiento de Caudete (Albacete)\",\"breadcrumb\":{\"@id\":\"https:\\\/\\\/www.caudete.org\\\/ayuntamiento\\\/resultado-de-la-primera-busqueda-de-fugas-de-agua-realizada-en-caudete\\\/#breadcrumb\"},\"inLanguage\":\"es\",\"potentialAction\":[{\"@type\":\"ReadAction\",\"target\":[\"https:\\\/\\\/www.caudete.org\\\/ayuntamiento\\\/resultado-de-la-primera-busqueda-de-fugas-de-agua-realizada-en-caudete\\\/\"]}]},{\"@type\":\"ImageObject\",\"inLanguage\":\"es\",\"@id\":\"https:\\\/\\\/www.caudete.org\\\/ayuntamiento\\\/resultado-de-la-primera-busqueda-de-fugas-de-agua-realizada-en-caudete\\\/#primaryimage\",\"url\":\"https:\\\/\\\/www.caudete.org\\\/ayuntamiento\\\/wp-content\\\/uploads\\\/2025\\\/03\\\/FuegadeAgua.jpg\",\"contentUrl\":\"https:\\\/\\\/www.caudete.org\\\/ayuntamiento\\\/wp-content\\\/uploads\\\/2025\\\/03\\\/FuegadeAgua.jpg\",\"width\":786,\"height\":425},{\"@type\":\"BreadcrumbList\",\"@id\":\"https:\\\/\\\/www.caudete.org\\\/ayuntamiento\\\/resultado-de-la-primera-busqueda-de-fugas-de-agua-realizada-en-caudete\\\/#breadcrumb\",\"itemListElement\":[{\"@type\":\"ListItem\",\"position\":1,\"name\":\"Inicio\",\"item\":\"https:\\\/\\\/www.caudete.org\\\/ayuntamiento\\\/\"},{\"@type\":\"ListItem\",\"position\":2,\"name\":\"Resultado de la primera b\u00fasqueda de fugas de agua realizada en Caudete\"}]},{\"@type\":\"WebSite\",\"@id\":\"https:\\\/\\\/www.caudete.org\\\/ayuntamiento\\\/#website\",\"url\":\"https:\\\/\\\/www.caudete.org\\\/ayuntamiento\\\/\",\"name\":\"MI Ayuntamiento de Caudete\",\"description\":\"P\u00e1gina Oficial del MI Ayuntamiento de Caudete\",\"potentialAction\":[{\"@type\":\"SearchAction\",\"target\":{\"@type\":\"EntryPoint\",\"urlTemplate\":\"https:\\\/\\\/www.caudete.org\\\/ayuntamiento\\\/?s={search_term_string}\"},\"query-input\":{\"@type\":\"PropertyValueSpecification\",\"valueRequired\":true,\"valueName\":\"search_term_string\"}}],\"inLanguage\":\"es\"},{\"@type\":\"Person\",\"@id\":\"https:\\\/\\\/www.caudete.org\\\/ayuntamiento\\\/#\\\/schema\\\/person\\\/4b9eab41761957db9b1bf9c418d1ef46\",\"name\":\"Dpto Informatica MI Ayuntamiento de Caudete\",\"image\":{\"@type\":\"ImageObject\",\"inLanguage\":\"es\",\"@id\":\"https:\\\/\\\/secure.gravatar.com\\\/avatar\\\/ac0321ee4a0a83e82a253e7b2d348ef539e2c8fe16d06b600bde04de1b364fa7?s=96&d=mm&r=g\",\"url\":\"https:\\\/\\\/secure.gravatar.com\\\/avatar\\\/ac0321ee4a0a83e82a253e7b2d348ef539e2c8fe16d06b600bde04de1b364fa7?s=96&d=mm&r=g\",\"contentUrl\":\"https:\\\/\\\/secure.gravatar.com\\\/avatar\\\/ac0321ee4a0a83e82a253e7b2d348ef539e2c8fe16d06b600bde04de1b364fa7?s=96&d=mm&r=g\",\"caption\":\"Dpto Informatica MI Ayuntamiento de Caudete\"},\"url\":\"https:\\\/\\\/www.caudete.org\\\/ayuntamiento\\\/author\\\/informatica\\\/\"}]}<\/script>\n<!-- \/ Yoast SEO plugin. -->","yoast_head_json":{"title":"Resultado de la primera b\u00fasqueda de fugas de agua realizada en Caudete - MI Ayuntamiento de Caudete","description":"P\u00e1gina Oficial del Ayuntamiento de Caudete (Albacete)","robots":{"index":"index","follow":"follow","max-snippet":"max-snippet:-1","max-image-preview":"max-image-preview:large","max-video-preview":"max-video-preview:-1"},"canonical":"https:\/\/www.caudete.org\/ayuntamiento\/resultado-de-la-primera-busqueda-de-fugas-de-agua-realizada-en-caudete\/","og_locale":"es_ES","og_type":"article","og_title":"Resultado de la primera b\u00fasqueda de fugas de agua realizada en Caudete - MI Ayuntamiento de Caudete","og_description":"P\u00e1gina Oficial del Ayuntamiento de Caudete (Albacete)","og_url":"https:\/\/www.caudete.org\/ayuntamiento\/resultado-de-la-primera-busqueda-de-fugas-de-agua-realizada-en-caudete\/","og_site_name":"MI Ayuntamiento de Caudete","article_publisher":"https:\/\/www.facebook.com\/ayuntamientocaudete\/","article_published_time":"2025-03-23T17:46:23+00:00","article_modified_time":"2025-03-23T17:47:18+00:00","og_image":[{"width":786,"height":425,"url":"https:\/\/www.caudete.org\/ayuntamiento\/wp-content\/uploads\/2025\/03\/FuegadeAgua.jpg","type":"image\/jpeg"}],"author":"Dpto Informatica MI Ayuntamiento de Caudete","twitter_card":"summary_large_image","twitter_misc":{"Escrito por":"Dpto Informatica MI Ayuntamiento de Caudete","Tiempo de lectura":"3 minutos"},"schema":{"@context":"https:\/\/schema.org","@graph":[{"@type":"Article","@id":"https:\/\/www.caudete.org\/ayuntamiento\/resultado-de-la-primera-busqueda-de-fugas-de-agua-realizada-en-caudete\/#article","isPartOf":{"@id":"https:\/\/www.caudete.org\/ayuntamiento\/resultado-de-la-primera-busqueda-de-fugas-de-agua-realizada-en-caudete\/"},"author":{"name":"Dpto Informatica MI Ayuntamiento de Caudete","@id":"https:\/\/www.caudete.org\/ayuntamiento\/#\/schema\/person\/4b9eab41761957db9b1bf9c418d1ef46"},"headline":"Resultado de la primera b\u00fasqueda de fugas de agua realizada en Caudete","datePublished":"2025-03-23T17:46:23+00:00","dateModified":"2025-03-23T17:47:18+00:00","mainEntityOfPage":{"@id":"https:\/\/www.caudete.org\/ayuntamiento\/resultado-de-la-primera-busqueda-de-fugas-de-agua-realizada-en-caudete\/"},"wordCount":450,"image":{"@id":"https:\/\/www.caudete.org\/ayuntamiento\/resultado-de-la-primera-busqueda-de-fugas-de-agua-realizada-en-caudete\/#primaryimage"},"thumbnailUrl":"https:\/\/www.caudete.org\/ayuntamiento\/wp-content\/uploads\/2025\/03\/FuegadeAgua.jpg","articleSection":["Ciclo Integral del Agua"],"inLanguage":"es"},{"@type":"WebPage","@id":"https:\/\/www.caudete.org\/ayuntamiento\/resultado-de-la-primera-busqueda-de-fugas-de-agua-realizada-en-caudete\/","url":"https:\/\/www.caudete.org\/ayuntamiento\/resultado-de-la-primera-busqueda-de-fugas-de-agua-realizada-en-caudete\/","name":"Resultado de la primera b\u00fasqueda de fugas de agua realizada en Caudete - MI Ayuntamiento de Caudete","isPartOf":{"@id":"https:\/\/www.caudete.org\/ayuntamiento\/#website"},"primaryImageOfPage":{"@id":"https:\/\/www.caudete.org\/ayuntamiento\/resultado-de-la-primera-busqueda-de-fugas-de-agua-realizada-en-caudete\/#primaryimage"},"image":{"@id":"https:\/\/www.caudete.org\/ayuntamiento\/resultado-de-la-primera-busqueda-de-fugas-de-agua-realizada-en-caudete\/#primaryimage"},"thumbnailUrl":"https:\/\/www.caudete.org\/ayuntamiento\/wp-content\/uploads\/2025\/03\/FuegadeAgua.jpg","datePublished":"2025-03-23T17:46:23+00:00","dateModified":"2025-03-23T17:47:18+00:00","author":{"@id":"https:\/\/www.caudete.org\/ayuntamiento\/#\/schema\/person\/4b9eab41761957db9b1bf9c418d1ef46"},"description":"P\u00e1gina Oficial del Ayuntamiento de Caudete (Albacete)","breadcrumb":{"@id":"https:\/\/www.caudete.org\/ayuntamiento\/resultado-de-la-primera-busqueda-de-fugas-de-agua-realizada-en-caudete\/#breadcrumb"},"inLanguage":"es","potentialAction":[{"@type":"ReadAction","target":["https:\/\/www.caudete.org\/ayuntamiento\/resultado-de-la-primera-busqueda-de-fugas-de-agua-realizada-en-caudete\/"]}]},{"@type":"ImageObject","inLanguage":"es","@id":"https:\/\/www.caudete.org\/ayuntamiento\/resultado-de-la-primera-busqueda-de-fugas-de-agua-realizada-en-caudete\/#primaryimage","url":"https:\/\/www.caudete.org\/ayuntamiento\/wp-content\/uploads\/2025\/03\/FuegadeAgua.jpg","contentUrl":"https:\/\/www.caudete.org\/ayuntamiento\/wp-content\/uploads\/2025\/03\/FuegadeAgua.jpg","width":786,"height":425},{"@type":"BreadcrumbList","@id":"https:\/\/www.caudete.org\/ayuntamiento\/resultado-de-la-primera-busqueda-de-fugas-de-agua-realizada-en-caudete\/#breadcrumb","itemListElement":[{"@type":"ListItem","position":1,"name":"Inicio","item":"https:\/\/www.caudete.org\/ayuntamiento\/"},{"@type":"ListItem","position":2,"name":"Resultado de la primera b\u00fasqueda de fugas de agua realizada en Caudete"}]},{"@type":"WebSite","@id":"https:\/\/www.caudete.org\/ayuntamiento\/#website","url":"https:\/\/www.caudete.org\/ayuntamiento\/","name":"MI Ayuntamiento de Caudete","description":"P\u00e1gina Oficial del MI Ayuntamiento de Caudete","potentialAction":[{"@type":"SearchAction","target":{"@type":"EntryPoint","urlTemplate":"https:\/\/www.caudete.org\/ayuntamiento\/?s={search_term_string}"},"query-input":{"@type":"PropertyValueSpecification","valueRequired":true,"valueName":"search_term_string"}}],"inLanguage":"es"},{"@type":"Person","@id":"https:\/\/www.caudete.org\/ayuntamiento\/#\/schema\/person\/4b9eab41761957db9b1bf9c418d1ef46","name":"Dpto Informatica MI Ayuntamiento de Caudete","image":{"@type":"ImageObject","inLanguage":"es","@id":"https:\/\/secure.gravatar.com\/avatar\/ac0321ee4a0a83e82a253e7b2d348ef539e2c8fe16d06b600bde04de1b364fa7?s=96&d=mm&r=g","url":"https:\/\/secure.gravatar.com\/avatar\/ac0321ee4a0a83e82a253e7b2d348ef539e2c8fe16d06b600bde04de1b364fa7?s=96&d=mm&r=g","contentUrl":"https:\/\/secure.gravatar.com\/avatar\/ac0321ee4a0a83e82a253e7b2d348ef539e2c8fe16d06b600bde04de1b364fa7?s=96&d=mm&r=g","caption":"Dpto Informatica MI Ayuntamiento de Caudete"},"url":"https:\/\/www.caudete.org\/ayuntamiento\/author\/informatica\/"}]}},"_links":{"self":[{"href":"https:\/\/www.caudete.org\/ayuntamiento\/wp-json\/wp\/v2\/posts\/28024","targetHints":{"allow":["GET"]}}],"collection":[{"href":"https:\/\/www.caudete.org\/ayuntamiento\/wp-json\/wp\/v2\/posts"}],"about":[{"href":"https:\/\/www.caudete.org\/ayuntamiento\/wp-json\/wp\/v2\/types\/post"}],"author":[{"embeddable":true,"href":"https:\/\/www.caudete.org\/ayuntamiento\/wp-json\/wp\/v2\/users\/5"}],"replies":[{"embeddable":true,"href":"https:\/\/www.caudete.org\/ayuntamiento\/wp-json\/wp\/v2\/comments?post=28024"}],"version-history":[{"count":2,"href":"https:\/\/www.caudete.org\/ayuntamiento\/wp-json\/wp\/v2\/posts\/28024\/revisions"}],"predecessor-version":[{"id":28027,"href":"https:\/\/www.caudete.org\/ayuntamiento\/wp-json\/wp\/v2\/posts\/28024\/revisions\/28027"}],"wp:featuredmedia":[{"embeddable":true,"href":"https:\/\/www.caudete.org\/ayuntamiento\/wp-json\/wp\/v2\/media\/28025"}],"wp:attachment":[{"href":"https:\/\/www.caudete.org\/ayuntamiento\/wp-json\/wp\/v2\/media?parent=28024"}],"wp:term":[{"taxonomy":"category","embeddable":true,"href":"https:\/\/www.caudete.org\/ayuntamiento\/wp-json\/wp\/v2\/categories?post=28024"},{"taxonomy":"post_tag","embeddable":true,"href":"https:\/\/www.caudete.org\/ayuntamiento\/wp-json\/wp\/v2\/tags?post=28024"}],"curies":[{"name":"wp","href":"https:\/\/api.w.org\/{rel}","templated":true}]}}