{"id":28031,"date":"2025-03-25T08:19:29","date_gmt":"2025-03-25T07:19:29","guid":{"rendered":"https:\/\/www.caudete.org\/ayuntamiento\/?p=28031"},"modified":"2025-03-31T08:02:38","modified_gmt":"2025-03-31T06:02:38","slug":"el-sabado-a-la-1230h-abrira-sus-puertas-el-molino-de-abajo-como-museo-etnografico","status":"publish","type":"post","link":"https:\/\/www.caudete.org\/ayuntamiento\/el-sabado-a-la-1230h-abrira-sus-puertas-el-molino-de-abajo-como-museo-etnografico\/","title":{"rendered":"El s\u00e1bado a la 12:30h abrir\u00e1 sus puertas El Molino de Abajo como museo Etnogr\u00e1fico"},"content":{"rendered":"<p>El Alcalde Mois\u00e9s L\u00f3pez junto al Concejal de Turismo y Patrimonio Diego Cuenca han anunciado que a las 12.30h del s\u00e1bado 29 de Marzo abrir\u00e1 sus puertas como Museo Etnogr\u00e1fico el recientemente recuperado Molino de Abajo.<\/p>\n<p>Un edificio que ahonda sus primeras noticias en 1305, y que ha estado en funcionamiento hasta la d\u00e9cada de los 70, ha sido recuperado gracias a la colaboraci\u00f3n del Ayuntamiento con la Diputaci\u00f3n Provincial, lo que ha permitido adem\u00e1s darle un uso para la ciudadan\u00eda, el Museo Etnogr\u00e1fico.<\/p>\n<p>Cesiones y donaciones de particulares dan sentido y contenido al espacio, albergando cerca de 300 piezas expuestas, bajo el proyecto y profesionalidad de la restauradora de arte local Lourdes Ca\u00f1izares.<\/p>\n<p>Un trabajo que ve la luz despu\u00e9s de a\u00f1os de trabajo, incluido en el Plan Tur\u00edstico de Caudete, y que sin duda no s\u00f3lo recupera un edificio hist\u00f3rico para la localidad, y recuperar y preservar patrimonio material familiar, sino que adem\u00e1s permitir\u00e1 incrementar la oferta y recursos tur\u00edsticos que ofrecer a los visitantes.<\/p>\n<p><a href=\"https:\/\/www.caudete.org\/ayuntamiento\/wp-content\/uploads\/2025\/03\/MolinodeAbajo.jpg\" rel='prettyPhoto'><img fetchpriority=\"high\" decoding=\"async\" class=\"alignnone size-full wp-image-28032\" src=\"https:\/\/www.caudete.org\/ayuntamiento\/wp-content\/uploads\/2025\/03\/MolinodeAbajo.jpg\" alt=\"\" width=\"1000\" height=\"704\" srcset=\"https:\/\/www.caudete.org\/ayuntamiento\/wp-content\/uploads\/2025\/03\/MolinodeAbajo.jpg 1000w, https:\/\/www.caudete.org\/ayuntamiento\/wp-content\/uploads\/2025\/03\/MolinodeAbajo-568x400.jpg 568w, https:\/\/www.caudete.org\/ayuntamiento\/wp-content\/uploads\/2025\/03\/MolinodeAbajo-768x541.jpg 768w\" sizes=\"(max-width: 1000px) 100vw, 1000px\" \/><\/a><\/p>\n","protected":false},"excerpt":{"rendered":"<p>El Alcalde Mois\u00e9s L\u00f3pez junto al Concejal de Turismo y Patrimonio Diego Cuenca han anunciado que a las 12.30h del s\u00e1bado 29 de Marzo abrir\u00e1 sus puertas como Museo Etnogr\u00e1fico el recientemente recuperado Molino de Abajo. Un edificio que ahonda sus primeras noticias en 1305, y que ha estado en funcionamiento hasta la d\u00e9cada de &hellip;<\/p>\n","protected":false},"author":5,"featured_media":28033,"comment_status":"closed","ping_status":"open","sticky":false,"template":"","format":"standard","meta":{"ngg_post_thumbnail":0,"footnotes":""},"categories":[45],"tags":[],"class_list":["post-28031","post","type-post","status-publish","format-standard","has-post-thumbnail","hentry","category-patrimonio"],"yoast_head":"<!-- This site is optimized with the Yoast SEO plugin v27.5 - https:\/\/yoast.com\/product\/yoast-seo-wordpress\/ -->\n<title>El s\u00e1bado a la 12:30h abrir\u00e1 sus puertas El Molino de Abajo como museo Etnogr\u00e1fico - MI Ayuntamiento de Caudete<\/title>\n<meta name=\"description\" content=\"P\u00e1gina Oficial del Ayuntamiento de Caudete (Albacete)\" \/>\n<meta name=\"robots\" content=\"index, follow, max-snippet:-1, max-image-preview:large, max-video-preview:-1\" \/>\n<link rel=\"canonical\" href=\"https:\/\/www.caudete.org\/ayuntamiento\/el-sabado-a-la-1230h-abrira-sus-puertas-el-molino-de-abajo-como-museo-etnografico\/\" \/>\n<meta property=\"og:locale\" content=\"es_ES\" \/>\n<meta property=\"og:type\" content=\"article\" \/>\n<meta property=\"og:title\" content=\"El s\u00e1bado a la 12:30h abrir\u00e1 sus puertas El Molino de Abajo como museo Etnogr\u00e1fico - MI Ayuntamiento de Caudete\" \/>\n<meta property=\"og:description\" content=\"P\u00e1gina Oficial del Ayuntamiento de Caudete (Albacete)\" \/>\n<meta property=\"og:url\" content=\"https:\/\/www.caudete.org\/ayuntamiento\/el-sabado-a-la-1230h-abrira-sus-puertas-el-molino-de-abajo-como-museo-etnografico\/\" \/>\n<meta property=\"og:site_name\" content=\"MI Ayuntamiento de Caudete\" \/>\n<meta property=\"article:publisher\" content=\"https:\/\/www.facebook.com\/ayuntamientocaudete\/\" \/>\n<meta property=\"article:published_time\" content=\"2025-03-25T07:19:29+00:00\" \/>\n<meta property=\"article:modified_time\" content=\"2025-03-31T06:02:38+00:00\" \/>\n<meta property=\"og:image\" content=\"https:\/\/www.caudete.org\/ayuntamiento\/wp-content\/uploads\/2025\/03\/MolinodeAbajo-port.jpg\" \/>\n\t<meta property=\"og:image:width\" content=\"1000\" \/>\n\t<meta property=\"og:image:height\" content=\"383\" \/>\n\t<meta property=\"og:image:type\" content=\"image\/jpeg\" \/>\n<meta name=\"author\" content=\"Dpto Informatica MI Ayuntamiento de Caudete\" \/>\n<meta name=\"twitter:card\" content=\"summary_large_image\" \/>\n<meta name=\"twitter:label1\" content=\"Escrito por\" \/>\n\t<meta name=\"twitter:data1\" content=\"Dpto Informatica MI Ayuntamiento de Caudete\" \/>\n\t<meta name=\"twitter:label2\" content=\"Tiempo de lectura\" \/>\n\t<meta name=\"twitter:data2\" content=\"2 minutos\" \/>\n<script type=\"application\/ld+json\" class=\"yoast-schema-graph\">{\"@context\":\"https:\\\/\\\/schema.org\",\"@graph\":[{\"@type\":\"Article\",\"@id\":\"https:\\\/\\\/www.caudete.org\\\/ayuntamiento\\\/el-sabado-a-la-1230h-abrira-sus-puertas-el-molino-de-abajo-como-museo-etnografico\\\/#article\",\"isPartOf\":{\"@id\":\"https:\\\/\\\/www.caudete.org\\\/ayuntamiento\\\/el-sabado-a-la-1230h-abrira-sus-puertas-el-molino-de-abajo-como-museo-etnografico\\\/\"},\"author\":{\"name\":\"Dpto Informatica MI Ayuntamiento de Caudete\",\"@id\":\"https:\\\/\\\/www.caudete.org\\\/ayuntamiento\\\/#\\\/schema\\\/person\\\/4b9eab41761957db9b1bf9c418d1ef46\"},\"headline\":\"El s\u00e1bado a la 12:30h abrir\u00e1 sus puertas El Molino de Abajo como museo Etnogr\u00e1fico\",\"datePublished\":\"2025-03-25T07:19:29+00:00\",\"dateModified\":\"2025-03-31T06:02:38+00:00\",\"mainEntityOfPage\":{\"@id\":\"https:\\\/\\\/www.caudete.org\\\/ayuntamiento\\\/el-sabado-a-la-1230h-abrira-sus-puertas-el-molino-de-abajo-como-museo-etnografico\\\/\"},\"wordCount\":198,\"image\":{\"@id\":\"https:\\\/\\\/www.caudete.org\\\/ayuntamiento\\\/el-sabado-a-la-1230h-abrira-sus-puertas-el-molino-de-abajo-como-museo-etnografico\\\/#primaryimage\"},\"thumbnailUrl\":\"https:\\\/\\\/www.caudete.org\\\/ayuntamiento\\\/wp-content\\\/uploads\\\/2025\\\/03\\\/MolinodeAbajo-port.jpg\",\"articleSection\":[\"Patrimonio\"],\"inLanguage\":\"es\"},{\"@type\":\"WebPage\",\"@id\":\"https:\\\/\\\/www.caudete.org\\\/ayuntamiento\\\/el-sabado-a-la-1230h-abrira-sus-puertas-el-molino-de-abajo-como-museo-etnografico\\\/\",\"url\":\"https:\\\/\\\/www.caudete.org\\\/ayuntamiento\\\/el-sabado-a-la-1230h-abrira-sus-puertas-el-molino-de-abajo-como-museo-etnografico\\\/\",\"name\":\"El s\u00e1bado a la 12:30h abrir\u00e1 sus puertas El Molino de Abajo como museo Etnogr\u00e1fico - MI Ayuntamiento de Caudete\",\"isPartOf\":{\"@id\":\"https:\\\/\\\/www.caudete.org\\\/ayuntamiento\\\/#website\"},\"primaryImageOfPage\":{\"@id\":\"https:\\\/\\\/www.caudete.org\\\/ayuntamiento\\\/el-sabado-a-la-1230h-abrira-sus-puertas-el-molino-de-abajo-como-museo-etnografico\\\/#primaryimage\"},\"image\":{\"@id\":\"https:\\\/\\\/www.caudete.org\\\/ayuntamiento\\\/el-sabado-a-la-1230h-abrira-sus-puertas-el-molino-de-abajo-como-museo-etnografico\\\/#primaryimage\"},\"thumbnailUrl\":\"https:\\\/\\\/www.caudete.org\\\/ayuntamiento\\\/wp-content\\\/uploads\\\/2025\\\/03\\\/MolinodeAbajo-port.jpg\",\"datePublished\":\"2025-03-25T07:19:29+00:00\",\"dateModified\":\"2025-03-31T06:02:38+00:00\",\"author\":{\"@id\":\"https:\\\/\\\/www.caudete.org\\\/ayuntamiento\\\/#\\\/schema\\\/person\\\/4b9eab41761957db9b1bf9c418d1ef46\"},\"description\":\"P\u00e1gina Oficial del Ayuntamiento de Caudete (Albacete)\",\"breadcrumb\":{\"@id\":\"https:\\\/\\\/www.caudete.org\\\/ayuntamiento\\\/el-sabado-a-la-1230h-abrira-sus-puertas-el-molino-de-abajo-como-museo-etnografico\\\/#breadcrumb\"},\"inLanguage\":\"es\",\"potentialAction\":[{\"@type\":\"ReadAction\",\"target\":[\"https:\\\/\\\/www.caudete.org\\\/ayuntamiento\\\/el-sabado-a-la-1230h-abrira-sus-puertas-el-molino-de-abajo-como-museo-etnografico\\\/\"]}]},{\"@type\":\"ImageObject\",\"inLanguage\":\"es\",\"@id\":\"https:\\\/\\\/www.caudete.org\\\/ayuntamiento\\\/el-sabado-a-la-1230h-abrira-sus-puertas-el-molino-de-abajo-como-museo-etnografico\\\/#primaryimage\",\"url\":\"https:\\\/\\\/www.caudete.org\\\/ayuntamiento\\\/wp-content\\\/uploads\\\/2025\\\/03\\\/MolinodeAbajo-port.jpg\",\"contentUrl\":\"https:\\\/\\\/www.caudete.org\\\/ayuntamiento\\\/wp-content\\\/uploads\\\/2025\\\/03\\\/MolinodeAbajo-port.jpg\",\"width\":1000,\"height\":383},{\"@type\":\"BreadcrumbList\",\"@id\":\"https:\\\/\\\/www.caudete.org\\\/ayuntamiento\\\/el-sabado-a-la-1230h-abrira-sus-puertas-el-molino-de-abajo-como-museo-etnografico\\\/#breadcrumb\",\"itemListElement\":[{\"@type\":\"ListItem\",\"position\":1,\"name\":\"Inicio\",\"item\":\"https:\\\/\\\/www.caudete.org\\\/ayuntamiento\\\/\"},{\"@type\":\"ListItem\",\"position\":2,\"name\":\"El s\u00e1bado a la 12:30h abrir\u00e1 sus puertas El Molino de Abajo como museo Etnogr\u00e1fico\"}]},{\"@type\":\"WebSite\",\"@id\":\"https:\\\/\\\/www.caudete.org\\\/ayuntamiento\\\/#website\",\"url\":\"https:\\\/\\\/www.caudete.org\\\/ayuntamiento\\\/\",\"name\":\"MI Ayuntamiento de Caudete\",\"description\":\"P\u00e1gina Oficial del MI Ayuntamiento de Caudete\",\"potentialAction\":[{\"@type\":\"SearchAction\",\"target\":{\"@type\":\"EntryPoint\",\"urlTemplate\":\"https:\\\/\\\/www.caudete.org\\\/ayuntamiento\\\/?s={search_term_string}\"},\"query-input\":{\"@type\":\"PropertyValueSpecification\",\"valueRequired\":true,\"valueName\":\"search_term_string\"}}],\"inLanguage\":\"es\"},{\"@type\":\"Person\",\"@id\":\"https:\\\/\\\/www.caudete.org\\\/ayuntamiento\\\/#\\\/schema\\\/person\\\/4b9eab41761957db9b1bf9c418d1ef46\",\"name\":\"Dpto Informatica MI Ayuntamiento de Caudete\",\"image\":{\"@type\":\"ImageObject\",\"inLanguage\":\"es\",\"@id\":\"https:\\\/\\\/secure.gravatar.com\\\/avatar\\\/ac0321ee4a0a83e82a253e7b2d348ef539e2c8fe16d06b600bde04de1b364fa7?s=96&d=mm&r=g\",\"url\":\"https:\\\/\\\/secure.gravatar.com\\\/avatar\\\/ac0321ee4a0a83e82a253e7b2d348ef539e2c8fe16d06b600bde04de1b364fa7?s=96&d=mm&r=g\",\"contentUrl\":\"https:\\\/\\\/secure.gravatar.com\\\/avatar\\\/ac0321ee4a0a83e82a253e7b2d348ef539e2c8fe16d06b600bde04de1b364fa7?s=96&d=mm&r=g\",\"caption\":\"Dpto Informatica MI Ayuntamiento de Caudete\"},\"url\":\"https:\\\/\\\/www.caudete.org\\\/ayuntamiento\\\/author\\\/informatica\\\/\"}]}<\/script>\n<!-- \/ Yoast SEO plugin. -->","yoast_head_json":{"title":"El s\u00e1bado a la 12:30h abrir\u00e1 sus puertas El Molino de Abajo como museo Etnogr\u00e1fico - MI Ayuntamiento de Caudete","description":"P\u00e1gina Oficial del Ayuntamiento de Caudete (Albacete)","robots":{"index":"index","follow":"follow","max-snippet":"max-snippet:-1","max-image-preview":"max-image-preview:large","max-video-preview":"max-video-preview:-1"},"canonical":"https:\/\/www.caudete.org\/ayuntamiento\/el-sabado-a-la-1230h-abrira-sus-puertas-el-molino-de-abajo-como-museo-etnografico\/","og_locale":"es_ES","og_type":"article","og_title":"El s\u00e1bado a la 12:30h abrir\u00e1 sus puertas El Molino de Abajo como museo Etnogr\u00e1fico - MI Ayuntamiento de Caudete","og_description":"P\u00e1gina Oficial del Ayuntamiento de Caudete (Albacete)","og_url":"https:\/\/www.caudete.org\/ayuntamiento\/el-sabado-a-la-1230h-abrira-sus-puertas-el-molino-de-abajo-como-museo-etnografico\/","og_site_name":"MI Ayuntamiento de Caudete","article_publisher":"https:\/\/www.facebook.com\/ayuntamientocaudete\/","article_published_time":"2025-03-25T07:19:29+00:00","article_modified_time":"2025-03-31T06:02:38+00:00","og_image":[{"width":1000,"height":383,"url":"https:\/\/www.caudete.org\/ayuntamiento\/wp-content\/uploads\/2025\/03\/MolinodeAbajo-port.jpg","type":"image\/jpeg"}],"author":"Dpto Informatica MI Ayuntamiento de Caudete","twitter_card":"summary_large_image","twitter_misc":{"Escrito por":"Dpto Informatica MI Ayuntamiento de Caudete","Tiempo de lectura":"2 minutos"},"schema":{"@context":"https:\/\/schema.org","@graph":[{"@type":"Article","@id":"https:\/\/www.caudete.org\/ayuntamiento\/el-sabado-a-la-1230h-abrira-sus-puertas-el-molino-de-abajo-como-museo-etnografico\/#article","isPartOf":{"@id":"https:\/\/www.caudete.org\/ayuntamiento\/el-sabado-a-la-1230h-abrira-sus-puertas-el-molino-de-abajo-como-museo-etnografico\/"},"author":{"name":"Dpto Informatica MI Ayuntamiento de Caudete","@id":"https:\/\/www.caudete.org\/ayuntamiento\/#\/schema\/person\/4b9eab41761957db9b1bf9c418d1ef46"},"headline":"El s\u00e1bado a la 12:30h abrir\u00e1 sus puertas El Molino de Abajo como museo Etnogr\u00e1fico","datePublished":"2025-03-25T07:19:29+00:00","dateModified":"2025-03-31T06:02:38+00:00","mainEntityOfPage":{"@id":"https:\/\/www.caudete.org\/ayuntamiento\/el-sabado-a-la-1230h-abrira-sus-puertas-el-molino-de-abajo-como-museo-etnografico\/"},"wordCount":198,"image":{"@id":"https:\/\/www.caudete.org\/ayuntamiento\/el-sabado-a-la-1230h-abrira-sus-puertas-el-molino-de-abajo-como-museo-etnografico\/#primaryimage"},"thumbnailUrl":"https:\/\/www.caudete.org\/ayuntamiento\/wp-content\/uploads\/2025\/03\/MolinodeAbajo-port.jpg","articleSection":["Patrimonio"],"inLanguage":"es"},{"@type":"WebPage","@id":"https:\/\/www.caudete.org\/ayuntamiento\/el-sabado-a-la-1230h-abrira-sus-puertas-el-molino-de-abajo-como-museo-etnografico\/","url":"https:\/\/www.caudete.org\/ayuntamiento\/el-sabado-a-la-1230h-abrira-sus-puertas-el-molino-de-abajo-como-museo-etnografico\/","name":"El s\u00e1bado a la 12:30h abrir\u00e1 sus puertas El Molino de Abajo como museo Etnogr\u00e1fico - MI Ayuntamiento de Caudete","isPartOf":{"@id":"https:\/\/www.caudete.org\/ayuntamiento\/#website"},"primaryImageOfPage":{"@id":"https:\/\/www.caudete.org\/ayuntamiento\/el-sabado-a-la-1230h-abrira-sus-puertas-el-molino-de-abajo-como-museo-etnografico\/#primaryimage"},"image":{"@id":"https:\/\/www.caudete.org\/ayuntamiento\/el-sabado-a-la-1230h-abrira-sus-puertas-el-molino-de-abajo-como-museo-etnografico\/#primaryimage"},"thumbnailUrl":"https:\/\/www.caudete.org\/ayuntamiento\/wp-content\/uploads\/2025\/03\/MolinodeAbajo-port.jpg","datePublished":"2025-03-25T07:19:29+00:00","dateModified":"2025-03-31T06:02:38+00:00","author":{"@id":"https:\/\/www.caudete.org\/ayuntamiento\/#\/schema\/person\/4b9eab41761957db9b1bf9c418d1ef46"},"description":"P\u00e1gina Oficial del Ayuntamiento de Caudete (Albacete)","breadcrumb":{"@id":"https:\/\/www.caudete.org\/ayuntamiento\/el-sabado-a-la-1230h-abrira-sus-puertas-el-molino-de-abajo-como-museo-etnografico\/#breadcrumb"},"inLanguage":"es","potentialAction":[{"@type":"ReadAction","target":["https:\/\/www.caudete.org\/ayuntamiento\/el-sabado-a-la-1230h-abrira-sus-puertas-el-molino-de-abajo-como-museo-etnografico\/"]}]},{"@type":"ImageObject","inLanguage":"es","@id":"https:\/\/www.caudete.org\/ayuntamiento\/el-sabado-a-la-1230h-abrira-sus-puertas-el-molino-de-abajo-como-museo-etnografico\/#primaryimage","url":"https:\/\/www.caudete.org\/ayuntamiento\/wp-content\/uploads\/2025\/03\/MolinodeAbajo-port.jpg","contentUrl":"https:\/\/www.caudete.org\/ayuntamiento\/wp-content\/uploads\/2025\/03\/MolinodeAbajo-port.jpg","width":1000,"height":383},{"@type":"BreadcrumbList","@id":"https:\/\/www.caudete.org\/ayuntamiento\/el-sabado-a-la-1230h-abrira-sus-puertas-el-molino-de-abajo-como-museo-etnografico\/#breadcrumb","itemListElement":[{"@type":"ListItem","position":1,"name":"Inicio","item":"https:\/\/www.caudete.org\/ayuntamiento\/"},{"@type":"ListItem","position":2,"name":"El s\u00e1bado a la 12:30h abrir\u00e1 sus puertas El Molino de Abajo como museo Etnogr\u00e1fico"}]},{"@type":"WebSite","@id":"https:\/\/www.caudete.org\/ayuntamiento\/#website","url":"https:\/\/www.caudete.org\/ayuntamiento\/","name":"MI Ayuntamiento de Caudete","description":"P\u00e1gina Oficial del MI Ayuntamiento de Caudete","potentialAction":[{"@type":"SearchAction","target":{"@type":"EntryPoint","urlTemplate":"https:\/\/www.caudete.org\/ayuntamiento\/?s={search_term_string}"},"query-input":{"@type":"PropertyValueSpecification","valueRequired":true,"valueName":"search_term_string"}}],"inLanguage":"es"},{"@type":"Person","@id":"https:\/\/www.caudete.org\/ayuntamiento\/#\/schema\/person\/4b9eab41761957db9b1bf9c418d1ef46","name":"Dpto Informatica MI Ayuntamiento de Caudete","image":{"@type":"ImageObject","inLanguage":"es","@id":"https:\/\/secure.gravatar.com\/avatar\/ac0321ee4a0a83e82a253e7b2d348ef539e2c8fe16d06b600bde04de1b364fa7?s=96&d=mm&r=g","url":"https:\/\/secure.gravatar.com\/avatar\/ac0321ee4a0a83e82a253e7b2d348ef539e2c8fe16d06b600bde04de1b364fa7?s=96&d=mm&r=g","contentUrl":"https:\/\/secure.gravatar.com\/avatar\/ac0321ee4a0a83e82a253e7b2d348ef539e2c8fe16d06b600bde04de1b364fa7?s=96&d=mm&r=g","caption":"Dpto Informatica MI Ayuntamiento de Caudete"},"url":"https:\/\/www.caudete.org\/ayuntamiento\/author\/informatica\/"}]}},"_links":{"self":[{"href":"https:\/\/www.caudete.org\/ayuntamiento\/wp-json\/wp\/v2\/posts\/28031","targetHints":{"allow":["GET"]}}],"collection":[{"href":"https:\/\/www.caudete.org\/ayuntamiento\/wp-json\/wp\/v2\/posts"}],"about":[{"href":"https:\/\/www.caudete.org\/ayuntamiento\/wp-json\/wp\/v2\/types\/post"}],"author":[{"embeddable":true,"href":"https:\/\/www.caudete.org\/ayuntamiento\/wp-json\/wp\/v2\/users\/5"}],"replies":[{"embeddable":true,"href":"https:\/\/www.caudete.org\/ayuntamiento\/wp-json\/wp\/v2\/comments?post=28031"}],"version-history":[{"count":1,"href":"https:\/\/www.caudete.org\/ayuntamiento\/wp-json\/wp\/v2\/posts\/28031\/revisions"}],"predecessor-version":[{"id":28034,"href":"https:\/\/www.caudete.org\/ayuntamiento\/wp-json\/wp\/v2\/posts\/28031\/revisions\/28034"}],"wp:featuredmedia":[{"embeddable":true,"href":"https:\/\/www.caudete.org\/ayuntamiento\/wp-json\/wp\/v2\/media\/28033"}],"wp:attachment":[{"href":"https:\/\/www.caudete.org\/ayuntamiento\/wp-json\/wp\/v2\/media?parent=28031"}],"wp:term":[{"taxonomy":"category","embeddable":true,"href":"https:\/\/www.caudete.org\/ayuntamiento\/wp-json\/wp\/v2\/categories?post=28031"},{"taxonomy":"post_tag","embeddable":true,"href":"https:\/\/www.caudete.org\/ayuntamiento\/wp-json\/wp\/v2\/tags?post=28031"}],"curies":[{"name":"wp","href":"https:\/\/api.w.org\/{rel}","templated":true}]}}