{"id":28044,"date":"2025-03-26T09:00:50","date_gmt":"2025-03-26T08:00:50","guid":{"rendered":"https:\/\/www.caudete.org\/ayuntamiento\/?p=28044"},"modified":"2025-03-26T17:42:03","modified_gmt":"2025-03-26T16:42:03","slug":"el-espectaculo-me-concedes-este-baile-de-danzame-mucho-producciones-fue-todo-un-exito","status":"publish","type":"post","link":"https:\/\/www.caudete.org\/ayuntamiento\/el-espectaculo-me-concedes-este-baile-de-danzame-mucho-producciones-fue-todo-un-exito\/","title":{"rendered":"El espect\u00e1culo \u201c\u00bfMe concedes este baile?\u201d de D\u00e1nzame Mucho Producciones fue todo un \u00e9xito"},"content":{"rendered":"<p>El lunes 24 de marzo, los cursos de 5\u00ba y 6\u00ba de primaria de los centros educativos de Caudete asistieron al espect\u00e1culo \u201c\u00bfMe concedes este baile? De D\u00e1nzame Mucho Producciones en el Auditorio Municipal. Un espect\u00e1culo que se encuentra dentro de la Programaci\u00f3n Cultural de Primavera 2025 y que forma parte de la campa\u00f1a escolar de la Excma. Diputaci\u00f3n de Albacete.<\/p>\n<p>La danza nace con la humanidad, est\u00e1 considerada generalmente, como la expresi\u00f3n de arte m\u00e1s antigua con un contenido m\u00e1gico, hace referencia a lo cotidiano, ritual, relaciones con los dioses y con la naturaleza. Es un lenguaje no verbal y universal que nos acompa\u00f1a desde nuestros primeros a\u00f1os de vida.<br \/>\nLa danza en la educaci\u00f3n es un elemento socializador importante que desarrolla las competencias motrices, espaciales y emocionales.<\/p>\n<p>\u201c\u00bfMe concede este baile?. La historia de la historia de la danza\u201d bajo la direcci\u00f3n y creaci\u00f3n de Lola Puentes y Cecilia Jim\u00e9nez, pretende difundir y dar a conocer la disciplina de la danza a trav\u00e9s de un proyecto que ha ido creciendo durante a\u00f1os. Obra de danza multidisciplinar que recorre d\u00e9cadas en un abrir y cerrar de ojos, y que combina danza con un apoyo did\u00e1ctico audiovisual, que hace del espect\u00e1culo estar en constante cambio.<\/p>\n<p>Coreograf\u00eda:Lola Puentes, Cecilia Jim\u00e9nez Ferres<br \/>\nDirecci\u00f3n:Cecilia Jim\u00e9nez Ferres<br \/>\nInt\u00e9rpretes:Cecilia Jim\u00e9nez Ferres, Mayte Ballesteros Cuesta, Elena Ballesteros Cuesta, Julia Ru\u00edz y Paula Mart\u00ednez<br \/>\nAdaptaci\u00f3n:Lola Puentes<br \/>\nEscenograf\u00eda:Cecilia Jim\u00e9nez Ferres<\/p>\n<p><a href=\"https:\/\/www.caudete.org\/ayuntamiento\/wp-content\/uploads\/2025\/03\/MeOfrecesEsteBaile5.jpg\" rel='prettyPhoto'><img fetchpriority=\"high\" decoding=\"async\" class=\"alignnone size-full wp-image-28046\" src=\"https:\/\/www.caudete.org\/ayuntamiento\/wp-content\/uploads\/2025\/03\/MeOfrecesEsteBaile5.jpg\" alt=\"\" width=\"1000\" height=\"563\" srcset=\"https:\/\/www.caudete.org\/ayuntamiento\/wp-content\/uploads\/2025\/03\/MeOfrecesEsteBaile5.jpg 1000w, https:\/\/www.caudete.org\/ayuntamiento\/wp-content\/uploads\/2025\/03\/MeOfrecesEsteBaile5-600x338.jpg 600w, https:\/\/www.caudete.org\/ayuntamiento\/wp-content\/uploads\/2025\/03\/MeOfrecesEsteBaile5-768x432.jpg 768w\" sizes=\"(max-width: 1000px) 100vw, 1000px\" \/><\/a> <a href=\"https:\/\/www.caudete.org\/ayuntamiento\/wp-content\/uploads\/2025\/03\/MeOfrecesEsteBaile4.jpg\" rel='prettyPhoto'><img decoding=\"async\" class=\"alignnone size-full wp-image-28047\" src=\"https:\/\/www.caudete.org\/ayuntamiento\/wp-content\/uploads\/2025\/03\/MeOfrecesEsteBaile4.jpg\" alt=\"\" width=\"563\" height=\"1000\" srcset=\"https:\/\/www.caudete.org\/ayuntamiento\/wp-content\/uploads\/2025\/03\/MeOfrecesEsteBaile4.jpg 563w, https:\/\/www.caudete.org\/ayuntamiento\/wp-content\/uploads\/2025\/03\/MeOfrecesEsteBaile4-225x400.jpg 225w, https:\/\/www.caudete.org\/ayuntamiento\/wp-content\/uploads\/2025\/03\/MeOfrecesEsteBaile4-450x800.jpg 450w\" sizes=\"(max-width: 563px) 100vw, 563px\" \/><\/a> <a href=\"https:\/\/www.caudete.org\/ayuntamiento\/wp-content\/uploads\/2025\/03\/MeOfrecesEsteBaile3.jpg\" rel='prettyPhoto'><img decoding=\"async\" class=\"alignnone size-full wp-image-28048\" src=\"https:\/\/www.caudete.org\/ayuntamiento\/wp-content\/uploads\/2025\/03\/MeOfrecesEsteBaile3.jpg\" alt=\"\" width=\"563\" height=\"1000\" srcset=\"https:\/\/www.caudete.org\/ayuntamiento\/wp-content\/uploads\/2025\/03\/MeOfrecesEsteBaile3.jpg 563w, https:\/\/www.caudete.org\/ayuntamiento\/wp-content\/uploads\/2025\/03\/MeOfrecesEsteBaile3-225x400.jpg 225w, https:\/\/www.caudete.org\/ayuntamiento\/wp-content\/uploads\/2025\/03\/MeOfrecesEsteBaile3-450x800.jpg 450w\" sizes=\"(max-width: 563px) 100vw, 563px\" \/><\/a> <a href=\"https:\/\/www.caudete.org\/ayuntamiento\/wp-content\/uploads\/2025\/03\/MeOfrecesEsteBaile2.jpg\" rel='prettyPhoto'><img loading=\"lazy\" decoding=\"async\" class=\"alignnone size-full wp-image-28049\" src=\"https:\/\/www.caudete.org\/ayuntamiento\/wp-content\/uploads\/2025\/03\/MeOfrecesEsteBaile2.jpg\" alt=\"\" width=\"563\" height=\"1000\" srcset=\"https:\/\/www.caudete.org\/ayuntamiento\/wp-content\/uploads\/2025\/03\/MeOfrecesEsteBaile2.jpg 563w, https:\/\/www.caudete.org\/ayuntamiento\/wp-content\/uploads\/2025\/03\/MeOfrecesEsteBaile2-225x400.jpg 225w, https:\/\/www.caudete.org\/ayuntamiento\/wp-content\/uploads\/2025\/03\/MeOfrecesEsteBaile2-450x800.jpg 450w\" sizes=\"(max-width: 563px) 100vw, 563px\" \/><\/a><\/p>\n<p>&nbsp;<\/p>\n","protected":false},"excerpt":{"rendered":"<p>El lunes 24 de marzo, los cursos de 5\u00ba y 6\u00ba de primaria de los centros educativos de Caudete asistieron al espect\u00e1culo \u201c\u00bfMe concedes este baile? De D\u00e1nzame Mucho Producciones en el Auditorio Municipal. Un espect\u00e1culo que se encuentra dentro de la Programaci\u00f3n Cultural de Primavera 2025 y que forma parte de la campa\u00f1a escolar &hellip;<\/p>\n","protected":false},"author":5,"featured_media":28045,"comment_status":"closed","ping_status":"open","sticky":false,"template":"","format":"standard","meta":{"ngg_post_thumbnail":0,"footnotes":""},"categories":[14],"tags":[],"class_list":["post-28044","post","type-post","status-publish","format-standard","has-post-thumbnail","hentry","category-cultura"],"yoast_head":"<!-- This site is optimized with the Yoast SEO plugin v27.4 - https:\/\/yoast.com\/product\/yoast-seo-wordpress\/ -->\n<title>El espect\u00e1culo \u201c\u00bfMe concedes este baile?\u201d de D\u00e1nzame Mucho Producciones fue todo un \u00e9xito - MI Ayuntamiento de Caudete<\/title>\n<meta name=\"description\" content=\"P\u00e1gina Oficial del Ayuntamiento de Caudete (Albacete)\" \/>\n<meta name=\"robots\" content=\"index, follow, max-snippet:-1, max-image-preview:large, max-video-preview:-1\" \/>\n<link rel=\"canonical\" href=\"https:\/\/www.caudete.org\/ayuntamiento\/el-espectaculo-me-concedes-este-baile-de-danzame-mucho-producciones-fue-todo-un-exito\/\" \/>\n<meta property=\"og:locale\" content=\"es_ES\" \/>\n<meta property=\"og:type\" content=\"article\" \/>\n<meta property=\"og:title\" content=\"El espect\u00e1culo \u201c\u00bfMe concedes este baile?\u201d de D\u00e1nzame Mucho Producciones fue todo un \u00e9xito - MI Ayuntamiento de Caudete\" \/>\n<meta property=\"og:description\" content=\"P\u00e1gina Oficial del Ayuntamiento de Caudete (Albacete)\" \/>\n<meta property=\"og:url\" content=\"https:\/\/www.caudete.org\/ayuntamiento\/el-espectaculo-me-concedes-este-baile-de-danzame-mucho-producciones-fue-todo-un-exito\/\" \/>\n<meta property=\"og:site_name\" content=\"MI Ayuntamiento de Caudete\" \/>\n<meta property=\"article:publisher\" content=\"https:\/\/www.facebook.com\/ayuntamientocaudete\/\" \/>\n<meta property=\"article:published_time\" content=\"2025-03-26T08:00:50+00:00\" \/>\n<meta property=\"article:modified_time\" content=\"2025-03-26T16:42:03+00:00\" \/>\n<meta property=\"og:image\" content=\"https:\/\/www.caudete.org\/ayuntamiento\/wp-content\/uploads\/2025\/03\/MeOfrecesEsteBaile1.jpg\" \/>\n\t<meta property=\"og:image:width\" content=\"1000\" \/>\n\t<meta property=\"og:image:height\" content=\"563\" \/>\n\t<meta property=\"og:image:type\" content=\"image\/jpeg\" \/>\n<meta name=\"author\" content=\"Dpto Informatica MI Ayuntamiento de Caudete\" \/>\n<meta name=\"twitter:card\" content=\"summary_large_image\" \/>\n<meta name=\"twitter:label1\" content=\"Escrito por\" \/>\n\t<meta name=\"twitter:data1\" content=\"Dpto Informatica MI Ayuntamiento de Caudete\" \/>\n\t<meta name=\"twitter:label2\" content=\"Tiempo de lectura\" \/>\n\t<meta name=\"twitter:data2\" content=\"3 minutos\" \/>\n<script type=\"application\/ld+json\" class=\"yoast-schema-graph\">{\"@context\":\"https:\\\/\\\/schema.org\",\"@graph\":[{\"@type\":\"Article\",\"@id\":\"https:\\\/\\\/www.caudete.org\\\/ayuntamiento\\\/el-espectaculo-me-concedes-este-baile-de-danzame-mucho-producciones-fue-todo-un-exito\\\/#article\",\"isPartOf\":{\"@id\":\"https:\\\/\\\/www.caudete.org\\\/ayuntamiento\\\/el-espectaculo-me-concedes-este-baile-de-danzame-mucho-producciones-fue-todo-un-exito\\\/\"},\"author\":{\"name\":\"Dpto Informatica MI Ayuntamiento de Caudete\",\"@id\":\"https:\\\/\\\/www.caudete.org\\\/ayuntamiento\\\/#\\\/schema\\\/person\\\/4b9eab41761957db9b1bf9c418d1ef46\"},\"headline\":\"El espect\u00e1culo \u201c\u00bfMe concedes este baile?\u201d de D\u00e1nzame Mucho Producciones fue todo un \u00e9xito\",\"datePublished\":\"2025-03-26T08:00:50+00:00\",\"dateModified\":\"2025-03-26T16:42:03+00:00\",\"mainEntityOfPage\":{\"@id\":\"https:\\\/\\\/www.caudete.org\\\/ayuntamiento\\\/el-espectaculo-me-concedes-este-baile-de-danzame-mucho-producciones-fue-todo-un-exito\\\/\"},\"wordCount\":281,\"publisher\":{\"@id\":\"https:\\\/\\\/www.caudete.org\\\/ayuntamiento\\\/#organization\"},\"image\":{\"@id\":\"https:\\\/\\\/www.caudete.org\\\/ayuntamiento\\\/el-espectaculo-me-concedes-este-baile-de-danzame-mucho-producciones-fue-todo-un-exito\\\/#primaryimage\"},\"thumbnailUrl\":\"https:\\\/\\\/www.caudete.org\\\/ayuntamiento\\\/wp-content\\\/uploads\\\/2025\\\/03\\\/MeOfrecesEsteBaile1.jpg\",\"articleSection\":[\"Cultura\"],\"inLanguage\":\"es\"},{\"@type\":\"WebPage\",\"@id\":\"https:\\\/\\\/www.caudete.org\\\/ayuntamiento\\\/el-espectaculo-me-concedes-este-baile-de-danzame-mucho-producciones-fue-todo-un-exito\\\/\",\"url\":\"https:\\\/\\\/www.caudete.org\\\/ayuntamiento\\\/el-espectaculo-me-concedes-este-baile-de-danzame-mucho-producciones-fue-todo-un-exito\\\/\",\"name\":\"El espect\u00e1culo \u201c\u00bfMe concedes este baile?\u201d de D\u00e1nzame Mucho Producciones fue todo un \u00e9xito - MI Ayuntamiento de Caudete\",\"isPartOf\":{\"@id\":\"https:\\\/\\\/www.caudete.org\\\/ayuntamiento\\\/#website\"},\"primaryImageOfPage\":{\"@id\":\"https:\\\/\\\/www.caudete.org\\\/ayuntamiento\\\/el-espectaculo-me-concedes-este-baile-de-danzame-mucho-producciones-fue-todo-un-exito\\\/#primaryimage\"},\"image\":{\"@id\":\"https:\\\/\\\/www.caudete.org\\\/ayuntamiento\\\/el-espectaculo-me-concedes-este-baile-de-danzame-mucho-producciones-fue-todo-un-exito\\\/#primaryimage\"},\"thumbnailUrl\":\"https:\\\/\\\/www.caudete.org\\\/ayuntamiento\\\/wp-content\\\/uploads\\\/2025\\\/03\\\/MeOfrecesEsteBaile1.jpg\",\"datePublished\":\"2025-03-26T08:00:50+00:00\",\"dateModified\":\"2025-03-26T16:42:03+00:00\",\"description\":\"P\u00e1gina Oficial del Ayuntamiento de Caudete (Albacete)\",\"breadcrumb\":{\"@id\":\"https:\\\/\\\/www.caudete.org\\\/ayuntamiento\\\/el-espectaculo-me-concedes-este-baile-de-danzame-mucho-producciones-fue-todo-un-exito\\\/#breadcrumb\"},\"inLanguage\":\"es\",\"potentialAction\":[{\"@type\":\"ReadAction\",\"target\":[\"https:\\\/\\\/www.caudete.org\\\/ayuntamiento\\\/el-espectaculo-me-concedes-este-baile-de-danzame-mucho-producciones-fue-todo-un-exito\\\/\"]}]},{\"@type\":\"ImageObject\",\"inLanguage\":\"es\",\"@id\":\"https:\\\/\\\/www.caudete.org\\\/ayuntamiento\\\/el-espectaculo-me-concedes-este-baile-de-danzame-mucho-producciones-fue-todo-un-exito\\\/#primaryimage\",\"url\":\"https:\\\/\\\/www.caudete.org\\\/ayuntamiento\\\/wp-content\\\/uploads\\\/2025\\\/03\\\/MeOfrecesEsteBaile1.jpg\",\"contentUrl\":\"https:\\\/\\\/www.caudete.org\\\/ayuntamiento\\\/wp-content\\\/uploads\\\/2025\\\/03\\\/MeOfrecesEsteBaile1.jpg\",\"width\":1000,\"height\":563},{\"@type\":\"BreadcrumbList\",\"@id\":\"https:\\\/\\\/www.caudete.org\\\/ayuntamiento\\\/el-espectaculo-me-concedes-este-baile-de-danzame-mucho-producciones-fue-todo-un-exito\\\/#breadcrumb\",\"itemListElement\":[{\"@type\":\"ListItem\",\"position\":1,\"name\":\"Inicio\",\"item\":\"https:\\\/\\\/www.caudete.org\\\/ayuntamiento\\\/\"},{\"@type\":\"ListItem\",\"position\":2,\"name\":\"El espect\u00e1culo \u201c\u00bfMe concedes este baile?\u201d de D\u00e1nzame Mucho Producciones fue todo un \u00e9xito\"}]},{\"@type\":\"WebSite\",\"@id\":\"https:\\\/\\\/www.caudete.org\\\/ayuntamiento\\\/#website\",\"url\":\"https:\\\/\\\/www.caudete.org\\\/ayuntamiento\\\/\",\"name\":\"MI Ayuntamiento de Caudete\",\"description\":\"P\u00e1gina Oficial del MI Ayuntamiento de Caudete\",\"publisher\":{\"@id\":\"https:\\\/\\\/www.caudete.org\\\/ayuntamiento\\\/#organization\"},\"potentialAction\":[{\"@type\":\"SearchAction\",\"target\":{\"@type\":\"EntryPoint\",\"urlTemplate\":\"https:\\\/\\\/www.caudete.org\\\/ayuntamiento\\\/?s={search_term_string}\"},\"query-input\":{\"@type\":\"PropertyValueSpecification\",\"valueRequired\":true,\"valueName\":\"search_term_string\"}}],\"inLanguage\":\"es\"},{\"@type\":\"Organization\",\"@id\":\"https:\\\/\\\/www.caudete.org\\\/ayuntamiento\\\/#organization\",\"name\":\"Ayuntamiento de Caudete\",\"url\":\"https:\\\/\\\/www.caudete.org\\\/ayuntamiento\\\/\",\"logo\":{\"@type\":\"ImageObject\",\"inLanguage\":\"es\",\"@id\":\"https:\\\/\\\/www.caudete.org\\\/ayuntamiento\\\/#\\\/schema\\\/logo\\\/image\\\/\",\"url\":\"https:\\\/\\\/www.caudete.org\\\/ayuntamiento\\\/wp-content\\\/uploads\\\/2020\\\/11\\\/logo_ayuntamiento_caudete.jpg\",\"contentUrl\":\"https:\\\/\\\/www.caudete.org\\\/ayuntamiento\\\/wp-content\\\/uploads\\\/2020\\\/11\\\/logo_ayuntamiento_caudete.jpg\",\"width\":600,\"height\":150,\"caption\":\"Ayuntamiento de Caudete\"},\"image\":{\"@id\":\"https:\\\/\\\/www.caudete.org\\\/ayuntamiento\\\/#\\\/schema\\\/logo\\\/image\\\/\"},\"sameAs\":[\"https:\\\/\\\/www.facebook.com\\\/ayuntamientocaudete\\\/\",\"https:\\\/\\\/www.youtube.com\\\/channel\\\/UC6VztHaooNsGpw-tNoBEFnQ\"]},{\"@type\":\"Person\",\"@id\":\"https:\\\/\\\/www.caudete.org\\\/ayuntamiento\\\/#\\\/schema\\\/person\\\/4b9eab41761957db9b1bf9c418d1ef46\",\"name\":\"Dpto Informatica MI Ayuntamiento de Caudete\",\"image\":{\"@type\":\"ImageObject\",\"inLanguage\":\"es\",\"@id\":\"https:\\\/\\\/secure.gravatar.com\\\/avatar\\\/ac0321ee4a0a83e82a253e7b2d348ef539e2c8fe16d06b600bde04de1b364fa7?s=96&d=mm&r=g\",\"url\":\"https:\\\/\\\/secure.gravatar.com\\\/avatar\\\/ac0321ee4a0a83e82a253e7b2d348ef539e2c8fe16d06b600bde04de1b364fa7?s=96&d=mm&r=g\",\"contentUrl\":\"https:\\\/\\\/secure.gravatar.com\\\/avatar\\\/ac0321ee4a0a83e82a253e7b2d348ef539e2c8fe16d06b600bde04de1b364fa7?s=96&d=mm&r=g\",\"caption\":\"Dpto Informatica MI Ayuntamiento de Caudete\"},\"url\":\"https:\\\/\\\/www.caudete.org\\\/ayuntamiento\\\/author\\\/informatica\\\/\"}]}<\/script>\n<!-- \/ Yoast SEO plugin. -->","yoast_head_json":{"title":"El espect\u00e1culo \u201c\u00bfMe concedes este baile?\u201d de D\u00e1nzame Mucho Producciones fue todo un \u00e9xito - MI Ayuntamiento de Caudete","description":"P\u00e1gina Oficial del Ayuntamiento de Caudete (Albacete)","robots":{"index":"index","follow":"follow","max-snippet":"max-snippet:-1","max-image-preview":"max-image-preview:large","max-video-preview":"max-video-preview:-1"},"canonical":"https:\/\/www.caudete.org\/ayuntamiento\/el-espectaculo-me-concedes-este-baile-de-danzame-mucho-producciones-fue-todo-un-exito\/","og_locale":"es_ES","og_type":"article","og_title":"El espect\u00e1culo \u201c\u00bfMe concedes este baile?\u201d de D\u00e1nzame Mucho Producciones fue todo un \u00e9xito - MI Ayuntamiento de Caudete","og_description":"P\u00e1gina Oficial del Ayuntamiento de Caudete (Albacete)","og_url":"https:\/\/www.caudete.org\/ayuntamiento\/el-espectaculo-me-concedes-este-baile-de-danzame-mucho-producciones-fue-todo-un-exito\/","og_site_name":"MI Ayuntamiento de Caudete","article_publisher":"https:\/\/www.facebook.com\/ayuntamientocaudete\/","article_published_time":"2025-03-26T08:00:50+00:00","article_modified_time":"2025-03-26T16:42:03+00:00","og_image":[{"width":1000,"height":563,"url":"https:\/\/www.caudete.org\/ayuntamiento\/wp-content\/uploads\/2025\/03\/MeOfrecesEsteBaile1.jpg","type":"image\/jpeg"}],"author":"Dpto Informatica MI Ayuntamiento de Caudete","twitter_card":"summary_large_image","twitter_misc":{"Escrito por":"Dpto Informatica MI Ayuntamiento de Caudete","Tiempo de lectura":"3 minutos"},"schema":{"@context":"https:\/\/schema.org","@graph":[{"@type":"Article","@id":"https:\/\/www.caudete.org\/ayuntamiento\/el-espectaculo-me-concedes-este-baile-de-danzame-mucho-producciones-fue-todo-un-exito\/#article","isPartOf":{"@id":"https:\/\/www.caudete.org\/ayuntamiento\/el-espectaculo-me-concedes-este-baile-de-danzame-mucho-producciones-fue-todo-un-exito\/"},"author":{"name":"Dpto Informatica MI Ayuntamiento de Caudete","@id":"https:\/\/www.caudete.org\/ayuntamiento\/#\/schema\/person\/4b9eab41761957db9b1bf9c418d1ef46"},"headline":"El espect\u00e1culo \u201c\u00bfMe concedes este baile?\u201d de D\u00e1nzame Mucho Producciones fue todo un \u00e9xito","datePublished":"2025-03-26T08:00:50+00:00","dateModified":"2025-03-26T16:42:03+00:00","mainEntityOfPage":{"@id":"https:\/\/www.caudete.org\/ayuntamiento\/el-espectaculo-me-concedes-este-baile-de-danzame-mucho-producciones-fue-todo-un-exito\/"},"wordCount":281,"publisher":{"@id":"https:\/\/www.caudete.org\/ayuntamiento\/#organization"},"image":{"@id":"https:\/\/www.caudete.org\/ayuntamiento\/el-espectaculo-me-concedes-este-baile-de-danzame-mucho-producciones-fue-todo-un-exito\/#primaryimage"},"thumbnailUrl":"https:\/\/www.caudete.org\/ayuntamiento\/wp-content\/uploads\/2025\/03\/MeOfrecesEsteBaile1.jpg","articleSection":["Cultura"],"inLanguage":"es"},{"@type":"WebPage","@id":"https:\/\/www.caudete.org\/ayuntamiento\/el-espectaculo-me-concedes-este-baile-de-danzame-mucho-producciones-fue-todo-un-exito\/","url":"https:\/\/www.caudete.org\/ayuntamiento\/el-espectaculo-me-concedes-este-baile-de-danzame-mucho-producciones-fue-todo-un-exito\/","name":"El espect\u00e1culo \u201c\u00bfMe concedes este baile?\u201d de D\u00e1nzame Mucho Producciones fue todo un \u00e9xito - MI Ayuntamiento de Caudete","isPartOf":{"@id":"https:\/\/www.caudete.org\/ayuntamiento\/#website"},"primaryImageOfPage":{"@id":"https:\/\/www.caudete.org\/ayuntamiento\/el-espectaculo-me-concedes-este-baile-de-danzame-mucho-producciones-fue-todo-un-exito\/#primaryimage"},"image":{"@id":"https:\/\/www.caudete.org\/ayuntamiento\/el-espectaculo-me-concedes-este-baile-de-danzame-mucho-producciones-fue-todo-un-exito\/#primaryimage"},"thumbnailUrl":"https:\/\/www.caudete.org\/ayuntamiento\/wp-content\/uploads\/2025\/03\/MeOfrecesEsteBaile1.jpg","datePublished":"2025-03-26T08:00:50+00:00","dateModified":"2025-03-26T16:42:03+00:00","description":"P\u00e1gina Oficial del Ayuntamiento de Caudete (Albacete)","breadcrumb":{"@id":"https:\/\/www.caudete.org\/ayuntamiento\/el-espectaculo-me-concedes-este-baile-de-danzame-mucho-producciones-fue-todo-un-exito\/#breadcrumb"},"inLanguage":"es","potentialAction":[{"@type":"ReadAction","target":["https:\/\/www.caudete.org\/ayuntamiento\/el-espectaculo-me-concedes-este-baile-de-danzame-mucho-producciones-fue-todo-un-exito\/"]}]},{"@type":"ImageObject","inLanguage":"es","@id":"https:\/\/www.caudete.org\/ayuntamiento\/el-espectaculo-me-concedes-este-baile-de-danzame-mucho-producciones-fue-todo-un-exito\/#primaryimage","url":"https:\/\/www.caudete.org\/ayuntamiento\/wp-content\/uploads\/2025\/03\/MeOfrecesEsteBaile1.jpg","contentUrl":"https:\/\/www.caudete.org\/ayuntamiento\/wp-content\/uploads\/2025\/03\/MeOfrecesEsteBaile1.jpg","width":1000,"height":563},{"@type":"BreadcrumbList","@id":"https:\/\/www.caudete.org\/ayuntamiento\/el-espectaculo-me-concedes-este-baile-de-danzame-mucho-producciones-fue-todo-un-exito\/#breadcrumb","itemListElement":[{"@type":"ListItem","position":1,"name":"Inicio","item":"https:\/\/www.caudete.org\/ayuntamiento\/"},{"@type":"ListItem","position":2,"name":"El espect\u00e1culo \u201c\u00bfMe concedes este baile?\u201d de D\u00e1nzame Mucho Producciones fue todo un \u00e9xito"}]},{"@type":"WebSite","@id":"https:\/\/www.caudete.org\/ayuntamiento\/#website","url":"https:\/\/www.caudete.org\/ayuntamiento\/","name":"MI Ayuntamiento de Caudete","description":"P\u00e1gina Oficial del MI Ayuntamiento de Caudete","publisher":{"@id":"https:\/\/www.caudete.org\/ayuntamiento\/#organization"},"potentialAction":[{"@type":"SearchAction","target":{"@type":"EntryPoint","urlTemplate":"https:\/\/www.caudete.org\/ayuntamiento\/?s={search_term_string}"},"query-input":{"@type":"PropertyValueSpecification","valueRequired":true,"valueName":"search_term_string"}}],"inLanguage":"es"},{"@type":"Organization","@id":"https:\/\/www.caudete.org\/ayuntamiento\/#organization","name":"Ayuntamiento de Caudete","url":"https:\/\/www.caudete.org\/ayuntamiento\/","logo":{"@type":"ImageObject","inLanguage":"es","@id":"https:\/\/www.caudete.org\/ayuntamiento\/#\/schema\/logo\/image\/","url":"https:\/\/www.caudete.org\/ayuntamiento\/wp-content\/uploads\/2020\/11\/logo_ayuntamiento_caudete.jpg","contentUrl":"https:\/\/www.caudete.org\/ayuntamiento\/wp-content\/uploads\/2020\/11\/logo_ayuntamiento_caudete.jpg","width":600,"height":150,"caption":"Ayuntamiento de Caudete"},"image":{"@id":"https:\/\/www.caudete.org\/ayuntamiento\/#\/schema\/logo\/image\/"},"sameAs":["https:\/\/www.facebook.com\/ayuntamientocaudete\/","https:\/\/www.youtube.com\/channel\/UC6VztHaooNsGpw-tNoBEFnQ"]},{"@type":"Person","@id":"https:\/\/www.caudete.org\/ayuntamiento\/#\/schema\/person\/4b9eab41761957db9b1bf9c418d1ef46","name":"Dpto Informatica MI Ayuntamiento de Caudete","image":{"@type":"ImageObject","inLanguage":"es","@id":"https:\/\/secure.gravatar.com\/avatar\/ac0321ee4a0a83e82a253e7b2d348ef539e2c8fe16d06b600bde04de1b364fa7?s=96&d=mm&r=g","url":"https:\/\/secure.gravatar.com\/avatar\/ac0321ee4a0a83e82a253e7b2d348ef539e2c8fe16d06b600bde04de1b364fa7?s=96&d=mm&r=g","contentUrl":"https:\/\/secure.gravatar.com\/avatar\/ac0321ee4a0a83e82a253e7b2d348ef539e2c8fe16d06b600bde04de1b364fa7?s=96&d=mm&r=g","caption":"Dpto Informatica MI Ayuntamiento de Caudete"},"url":"https:\/\/www.caudete.org\/ayuntamiento\/author\/informatica\/"}]}},"_links":{"self":[{"href":"https:\/\/www.caudete.org\/ayuntamiento\/wp-json\/wp\/v2\/posts\/28044","targetHints":{"allow":["GET"]}}],"collection":[{"href":"https:\/\/www.caudete.org\/ayuntamiento\/wp-json\/wp\/v2\/posts"}],"about":[{"href":"https:\/\/www.caudete.org\/ayuntamiento\/wp-json\/wp\/v2\/types\/post"}],"author":[{"embeddable":true,"href":"https:\/\/www.caudete.org\/ayuntamiento\/wp-json\/wp\/v2\/users\/5"}],"replies":[{"embeddable":true,"href":"https:\/\/www.caudete.org\/ayuntamiento\/wp-json\/wp\/v2\/comments?post=28044"}],"version-history":[{"count":1,"href":"https:\/\/www.caudete.org\/ayuntamiento\/wp-json\/wp\/v2\/posts\/28044\/revisions"}],"predecessor-version":[{"id":28050,"href":"https:\/\/www.caudete.org\/ayuntamiento\/wp-json\/wp\/v2\/posts\/28044\/revisions\/28050"}],"wp:featuredmedia":[{"embeddable":true,"href":"https:\/\/www.caudete.org\/ayuntamiento\/wp-json\/wp\/v2\/media\/28045"}],"wp:attachment":[{"href":"https:\/\/www.caudete.org\/ayuntamiento\/wp-json\/wp\/v2\/media?parent=28044"}],"wp:term":[{"taxonomy":"category","embeddable":true,"href":"https:\/\/www.caudete.org\/ayuntamiento\/wp-json\/wp\/v2\/categories?post=28044"},{"taxonomy":"post_tag","embeddable":true,"href":"https:\/\/www.caudete.org\/ayuntamiento\/wp-json\/wp\/v2\/tags?post=28044"}],"curies":[{"name":"wp","href":"https:\/\/api.w.org\/{rel}","templated":true}]}}