{"id":28058,"date":"2025-03-27T08:00:21","date_gmt":"2025-03-27T07:00:21","guid":{"rendered":"https:\/\/www.caudete.org\/ayuntamiento\/?p=28058"},"modified":"2025-03-26T17:46:05","modified_gmt":"2025-03-26T16:46:05","slug":"conociendo-la-biblioteca-municipal-de-praga-a-traves-de-la-acreditacion-erasmus-educacion-de-adultos-del-ayuntamiento-de-caudete","status":"publish","type":"post","link":"https:\/\/www.caudete.org\/ayuntamiento\/conociendo-la-biblioteca-municipal-de-praga-a-traves-de-la-acreditacion-erasmus-educacion-de-adultos-del-ayuntamiento-de-caudete\/","title":{"rendered":"Descubriendo la Biblioteca Municipal de Praga con Erasmus+ Caudete"},"content":{"rendered":"<p><strong><span style=\"color: #000000;\"><span style=\"font-family: Open Sans;\"><span style=\"font-size: medium;\">La concejala Mar\u00eda Dolores Requena, responsable de proyectos europeos del Ayuntamiento de Caudete, <\/span><\/span><\/span><\/strong><strong><span style=\"color: #000000;\"><span style=\"font-family: Open Sans;\"><span style=\"font-size: medium;\">y la Concejal de Cultura, Maria Manuela Gonzalez, <\/span><\/span><\/span><\/strong><strong><span style=\"color: #000000;\"><span style=\"font-family: Open Sans;\"><span style=\"font-size: medium;\">informa<\/span><\/span><\/span><\/strong><strong><span style=\"color: #000000;\"><span style=\"font-family: Open Sans;\"><span style=\"font-size: medium;\">n<\/span><\/span><\/span><\/strong><strong><span style=\"color: #000000;\"><span style=\"font-family: Open Sans;\"><span style=\"font-size: medium;\"> de <\/span><\/span><\/span><\/strong><strong><span style=\"color: #000000;\"><span style=\"font-family: Open Sans;\"><span style=\"font-size: medium;\">una nueva movilidad <\/span><\/span><\/span><\/strong><strong><span style=\"color: #000000;\"><span style=\"font-family: Open Sans;\"><span style=\"font-size: medium;\">en el marco de la Acreditaci\u00f3n<\/span><\/span><\/span><\/strong><strong><span style=\"color: #000000;\"><span style=\"font-family: Open Sans;\"><span style=\"font-size: medium;\"> Erasmus<\/span><\/span><\/span><\/strong><strong><span style=\"color: #000000;\"><span style=\"font-family: Open Sans;\"><span style=\"font-size: medium;\">+<\/span><\/span><\/span><\/strong> <strong><span style=\"color: #000000;\"><span style=\"font-family: Open Sans;\"><span style=\"font-size: medium;\">E<\/span><\/span><\/span><\/strong><strong><span style=\"color: #000000;\"><span style=\"font-family: Open Sans;\"><span style=\"font-size: medium;\">ducaci\u00f3n <\/span><\/span><\/span><\/strong><strong><span style=\"color: #000000;\"><span style=\"font-family: Open Sans;\"><span style=\"font-size: medium;\">d<\/span><\/span><\/span><\/strong><strong><span style=\"color: #000000;\"><span style=\"font-family: Open Sans;\"><span style=\"font-size: medium;\">e <\/span><\/span><\/span><\/strong><strong><span style=\"color: #000000;\"><span style=\"font-family: Open Sans;\"><span style=\"font-size: medium;\">Adultos.<\/span><\/span><\/span><\/strong><\/p>\n<p>Los pasados d\u00edas 13 y 14 de marzo, la Directora de la Biblioteca P\u00fablica Municipal Ana Mar\u00eda Matute de Caudete, Mar\u00eda Jos\u00e9 Moreno, y la T\u00e9cnico de Desarrollo Local, Mar\u00eda Elia Lac\u00e1rcel, participaron en una actividad de observaci\u00f3n de pr\u00e1cticas de trabajo en la Biblioteca Municipal de Praga, tanto en su sede central como en sucursales de la misma en distintas zonas urbanas de la capital checa, con el objetivo de conocer de cerca el funcionamiento y los servicios innovadores de las bibliotecas de la capital checa, con especial \u00e9nfasis en la alfabetizaci\u00f3n digital, el voluntariado y la relaci\u00f3n de la biblioteca con el entorno sociocultural de la ciudad.<\/p>\n<p><b>En<\/b><b> la Biblioteca Central de Praga,<\/b> el personal participante pudo conocer el proyecto <em>Idiom!<\/em>, una emblem\u00e1tica instalaci\u00f3n art\u00edstica formada por libros apilados, que representa la importancia del conocimiento. Asimismo, se constat\u00f3 la importancia del entorno cultural en los servicios bibliotecarios, destacando la m\u00fasica como un eje fundamental. La biblioteca ofrece entre otros servicios colecciones de partituras, biograf\u00edas de m\u00fasicos, charlas, clases de ukelele, pr\u00e1ctica de piano y una amplia selecci\u00f3n de libros relacionados con la m\u00fasica.<\/p>\n<p><strong>Inspiradora result\u00f3 la visita al C<\/strong><strong>entro de Asesoramiento Digital en Lu\u017einy: <\/strong><strong>u<\/strong><strong>na biblioteca dentro de un centro comercial. <\/strong>El <em>Digit\u00e1ln\u00ed poradna na Lu\u017ein\u00e1ch <\/em><em>es <\/em>un innovador servicio que brinda apoyo en alfabetizaci\u00f3n digital y uso de herramientas tecnol\u00f3gicas. Durante la actividad, las t\u00e9cnicos municipales participaron en una sesi\u00f3n de alfabetizaci\u00f3n digital con voluntariado para personas mayores, observando de primera mano c\u00f3mo estas iniciativas ayudan a reducir la brecha digital.<\/p>\n<p><strong>Asimismo, se pudo conocer la c<\/strong><strong>onsultor\u00eda <\/strong><strong>d<\/strong><strong>igital en Z\u00e1h\u0159ebsk\u00e1, <\/strong><strong>servicio este <\/strong><br \/>\nenfocado a la mejora del acceso a la informaci\u00f3n mediante capacitaci\u00f3n tecnol\u00f3gica. Se destac\u00f3 la importancia de la inclusi\u00f3n digital y la formaci\u00f3n personalizada para los distintos perfiles de usuarios.<\/p>\n<p><strong>La visita a la <\/strong><strong>Biblioteca Jezerka <\/strong><strong>permiti\u00f3<\/strong> conocer proyectos de educaci\u00f3n no formal de personas adultas a trav\u00e9s de talleres que combinan la lectura y labores conjuntas de costura y punto, con innovadoras y atractivas propuestas estil\u00edsticas, que contribuyen a vertebrar socialmente la comunidad local multicultural del barrio, habiendo facilitado, por ejemplo, la convivencia de mujeres rusas y ucranianas. Adem\u00e1s, se particip\u00f3 en un Taller de conversaci\u00f3n en espa\u00f1ol organizado con el apoyo de voluntario cultural en la Biblioteca.<\/p>\n<p>Por \u00faltimo, la actividad de observaci\u00f3n en la <strong>Biblioteca de Velk\u00fd ml\u00fdn <\/strong>permiti\u00f3 conocer este centro cultural\/biblioteca ubicado en un antiguo molino restaurado, en funcionamiento desde hace tan solo un a\u00f1o, y que ya es centro social de alta demanda para el \u00e1rea periurbana a la que da servicio. Los m\u00faltiples usos socioculturales de este espacio, as\u00ed como el funcionamiento de la biblioteca en base a un modelo de autoservicio en determinadas horas, resultaron de gran inter\u00e9s para el personal municipal participante. Se mantuvo una interesante charla con la bibliotecaria sobre los retos y beneficios de este sistema y los desafios para fidelizar a los usuarios de la biblioteca, as\u00ed como para aunar los intereses de los diferentes colectivos que hacen uso del centro.<\/p>\n<p>Durante esta movilidad Erasmus, se adquirieron conocimientos clave sobre la gesti\u00f3n innovadora de servicios bibliotecarios en entornos multiculturales. Se identificaron estrategias para organizar actividades culturales y promocionar la lectura entre distintos perfiles de usuarios. Adem\u00e1s, se profundiz\u00f3 en el uso de tecnolog\u00edas digitales en bibliotecas y su impacto en la inclusi\u00f3n social, destacando los programas de alfabetizaci\u00f3n digital como herramientas fundamentales para reducir la brecha tecnol\u00f3gica.<\/p>\n<p>El papel del voluntariado bibliotecario tambi\u00e9n fue un aspecto relevante, demostrando su valor como apoyo a usuarios con menos recursos y como medio para fortalecer la comunidad. Asimismo, se explor\u00f3 c\u00f3mo las bibliotecas pueden integrar el entorno cultural en sus servicios, fomentando la creatividad a trav\u00e9s de experiencias sensoriales y participativas.<\/p>\n<p>Finalmente, esta movilidad permiti\u00f3 fortalecer competencias de trabajo en equipo y comunicaci\u00f3n en un contexto internacional, favoreciendo el intercambio de buenas pr\u00e1cticas con otros profesionales del sector, y con una entidad, la Biblioteca Municipal de Praga, que tambi\u00e9n cuenta, como la Biblioteca Municipal Ana Mar\u00eda Matute de Caudete con Acreditaci\u00f3n Erasmus+ en el sector de Educaci\u00f3n de Adultos, lo que ofrece perspectivas muy interesantes de colaboraci\u00f3n en futuros proyectos.<\/p>\n<p><a href=\"https:\/\/www.caudete.org\/ayuntamiento\/wp-content\/uploads\/2025\/03\/ErasmusPraga1-1.jpg\" rel='prettyPhoto'><img fetchpriority=\"high\" decoding=\"async\" class=\"alignnone size-full wp-image-28068\" src=\"https:\/\/www.caudete.org\/ayuntamiento\/wp-content\/uploads\/2025\/03\/ErasmusPraga1-1.jpg\" alt=\"\" width=\"751\" height=\"1000\" srcset=\"https:\/\/www.caudete.org\/ayuntamiento\/wp-content\/uploads\/2025\/03\/ErasmusPraga1-1.jpg 751w, https:\/\/www.caudete.org\/ayuntamiento\/wp-content\/uploads\/2025\/03\/ErasmusPraga1-1-300x400.jpg 300w, https:\/\/www.caudete.org\/ayuntamiento\/wp-content\/uploads\/2025\/03\/ErasmusPraga1-1-601x800.jpg 601w\" sizes=\"(max-width: 751px) 100vw, 751px\" \/><\/a><br \/>\n<a href=\"https:\/\/www.caudete.org\/ayuntamiento\/wp-content\/uploads\/2025\/03\/ErasmusPraga2.jpg\" rel='prettyPhoto'><img decoding=\"async\" class=\"alignnone size-full wp-image-28062\" src=\"https:\/\/www.caudete.org\/ayuntamiento\/wp-content\/uploads\/2025\/03\/ErasmusPraga2.jpg\" alt=\"\" width=\"1000\" height=\"750\" srcset=\"https:\/\/www.caudete.org\/ayuntamiento\/wp-content\/uploads\/2025\/03\/ErasmusPraga2.jpg 1000w, https:\/\/www.caudete.org\/ayuntamiento\/wp-content\/uploads\/2025\/03\/ErasmusPraga2-533x400.jpg 533w, https:\/\/www.caudete.org\/ayuntamiento\/wp-content\/uploads\/2025\/03\/ErasmusPraga2-768x576.jpg 768w\" sizes=\"(max-width: 1000px) 100vw, 1000px\" \/><\/a><a href=\"https:\/\/www.caudete.org\/ayuntamiento\/wp-content\/uploads\/2025\/03\/ErasmusPraga3.jpg\" rel='prettyPhoto'><img decoding=\"async\" class=\"alignnone size-full wp-image-28063\" src=\"https:\/\/www.caudete.org\/ayuntamiento\/wp-content\/uploads\/2025\/03\/ErasmusPraga3.jpg\" alt=\"\" width=\"750\" height=\"1000\" srcset=\"https:\/\/www.caudete.org\/ayuntamiento\/wp-content\/uploads\/2025\/03\/ErasmusPraga3.jpg 750w, https:\/\/www.caudete.org\/ayuntamiento\/wp-content\/uploads\/2025\/03\/ErasmusPraga3-300x400.jpg 300w, https:\/\/www.caudete.org\/ayuntamiento\/wp-content\/uploads\/2025\/03\/ErasmusPraga3-600x800.jpg 600w\" sizes=\"(max-width: 750px) 100vw, 750px\" \/><\/a><a href=\"https:\/\/www.caudete.org\/ayuntamiento\/wp-content\/uploads\/2025\/03\/ErasmusPraga4.jpg\" rel='prettyPhoto'><img loading=\"lazy\" decoding=\"async\" class=\"alignnone size-full wp-image-28064\" src=\"https:\/\/www.caudete.org\/ayuntamiento\/wp-content\/uploads\/2025\/03\/ErasmusPraga4.jpg\" alt=\"\" width=\"1000\" height=\"750\" srcset=\"https:\/\/www.caudete.org\/ayuntamiento\/wp-content\/uploads\/2025\/03\/ErasmusPraga4.jpg 1000w, https:\/\/www.caudete.org\/ayuntamiento\/wp-content\/uploads\/2025\/03\/ErasmusPraga4-533x400.jpg 533w, https:\/\/www.caudete.org\/ayuntamiento\/wp-content\/uploads\/2025\/03\/ErasmusPraga4-768x576.jpg 768w\" sizes=\"(max-width: 1000px) 100vw, 1000px\" \/><\/a><a href=\"https:\/\/www.caudete.org\/ayuntamiento\/wp-content\/uploads\/2025\/03\/ErasmusPraga5.jpg\" rel='prettyPhoto'><img loading=\"lazy\" decoding=\"async\" class=\"alignnone size-full wp-image-28065\" src=\"https:\/\/www.caudete.org\/ayuntamiento\/wp-content\/uploads\/2025\/03\/ErasmusPraga5.jpg\" alt=\"\" width=\"1000\" height=\"750\" srcset=\"https:\/\/www.caudete.org\/ayuntamiento\/wp-content\/uploads\/2025\/03\/ErasmusPraga5.jpg 1000w, https:\/\/www.caudete.org\/ayuntamiento\/wp-content\/uploads\/2025\/03\/ErasmusPraga5-533x400.jpg 533w, https:\/\/www.caudete.org\/ayuntamiento\/wp-content\/uploads\/2025\/03\/ErasmusPraga5-768x576.jpg 768w\" sizes=\"(max-width: 1000px) 100vw, 1000px\" \/><\/a><a href=\"https:\/\/www.caudete.org\/ayuntamiento\/wp-content\/uploads\/2025\/03\/ErasmusPraga6.jpg\" rel='prettyPhoto'><img loading=\"lazy\" decoding=\"async\" class=\"alignnone size-full wp-image-28066\" src=\"https:\/\/www.caudete.org\/ayuntamiento\/wp-content\/uploads\/2025\/03\/ErasmusPraga6.jpg\" alt=\"\" width=\"750\" height=\"1000\" srcset=\"https:\/\/www.caudete.org\/ayuntamiento\/wp-content\/uploads\/2025\/03\/ErasmusPraga6.jpg 750w, https:\/\/www.caudete.org\/ayuntamiento\/wp-content\/uploads\/2025\/03\/ErasmusPraga6-300x400.jpg 300w, https:\/\/www.caudete.org\/ayuntamiento\/wp-content\/uploads\/2025\/03\/ErasmusPraga6-600x800.jpg 600w\" sizes=\"(max-width: 750px) 100vw, 750px\" \/><\/a><\/p>\n","protected":false},"excerpt":{"rendered":"<p>La concejala Mar\u00eda Dolores Requena, responsable de proyectos europeos del Ayuntamiento de Caudete, y la Concejal de Cultura, Maria Manuela Gonzalez, informan de una nueva movilidad en el marco de la Acreditaci\u00f3n Erasmus+ Educaci\u00f3n de Adultos. Los pasados d\u00edas 13 y 14 de marzo, la Directora de la Biblioteca P\u00fablica Municipal Ana Mar\u00eda Matute de &hellip;<\/p>\n","protected":false},"author":5,"featured_media":28060,"comment_status":"closed","ping_status":"open","sticky":false,"template":"","format":"standard","meta":{"ngg_post_thumbnail":0,"footnotes":""},"categories":[14],"tags":[],"class_list":["post-28058","post","type-post","status-publish","format-standard","has-post-thumbnail","hentry","category-cultura"],"yoast_head":"<!-- This site is optimized with the Yoast SEO plugin v27.4 - https:\/\/yoast.com\/product\/yoast-seo-wordpress\/ -->\n<title>Descubriendo la Biblioteca Municipal de Praga con Erasmus+ Caudete - MI Ayuntamiento de Caudete<\/title>\n<meta name=\"description\" content=\"P\u00e1gina Oficial del Ayuntamiento de Caudete (Albacete)\" \/>\n<meta name=\"robots\" content=\"index, follow, max-snippet:-1, max-image-preview:large, max-video-preview:-1\" \/>\n<link rel=\"canonical\" href=\"https:\/\/www.caudete.org\/ayuntamiento\/conociendo-la-biblioteca-municipal-de-praga-a-traves-de-la-acreditacion-erasmus-educacion-de-adultos-del-ayuntamiento-de-caudete\/\" \/>\n<meta property=\"og:locale\" content=\"es_ES\" \/>\n<meta property=\"og:type\" content=\"article\" \/>\n<meta property=\"og:title\" content=\"Descubriendo la Biblioteca Municipal de Praga con Erasmus+ Caudete - MI Ayuntamiento de Caudete\" \/>\n<meta property=\"og:description\" content=\"P\u00e1gina Oficial del Ayuntamiento de Caudete (Albacete)\" \/>\n<meta property=\"og:url\" content=\"https:\/\/www.caudete.org\/ayuntamiento\/conociendo-la-biblioteca-municipal-de-praga-a-traves-de-la-acreditacion-erasmus-educacion-de-adultos-del-ayuntamiento-de-caudete\/\" \/>\n<meta property=\"og:site_name\" content=\"MI Ayuntamiento de Caudete\" \/>\n<meta property=\"article:publisher\" content=\"https:\/\/www.facebook.com\/ayuntamientocaudete\/\" \/>\n<meta property=\"article:published_time\" content=\"2025-03-27T07:00:21+00:00\" \/>\n<meta property=\"og:image\" content=\"https:\/\/www.caudete.org\/ayuntamiento\/wp-content\/uploads\/2025\/03\/ErasmusPragaPort.jpg\" \/>\n\t<meta property=\"og:image:width\" content=\"998\" \/>\n\t<meta property=\"og:image:height\" content=\"390\" \/>\n\t<meta property=\"og:image:type\" content=\"image\/jpeg\" \/>\n<meta name=\"author\" content=\"Dpto Informatica MI Ayuntamiento de Caudete\" \/>\n<meta name=\"twitter:card\" content=\"summary_large_image\" \/>\n<meta name=\"twitter:label1\" content=\"Escrito por\" \/>\n\t<meta name=\"twitter:data1\" content=\"Dpto Informatica MI Ayuntamiento de Caudete\" \/>\n\t<meta name=\"twitter:label2\" content=\"Tiempo de lectura\" \/>\n\t<meta name=\"twitter:data2\" content=\"5 minutos\" \/>\n<script type=\"application\/ld+json\" class=\"yoast-schema-graph\">{\"@context\":\"https:\\\/\\\/schema.org\",\"@graph\":[{\"@type\":\"Article\",\"@id\":\"https:\\\/\\\/www.caudete.org\\\/ayuntamiento\\\/conociendo-la-biblioteca-municipal-de-praga-a-traves-de-la-acreditacion-erasmus-educacion-de-adultos-del-ayuntamiento-de-caudete\\\/#article\",\"isPartOf\":{\"@id\":\"https:\\\/\\\/www.caudete.org\\\/ayuntamiento\\\/conociendo-la-biblioteca-municipal-de-praga-a-traves-de-la-acreditacion-erasmus-educacion-de-adultos-del-ayuntamiento-de-caudete\\\/\"},\"author\":{\"name\":\"Dpto Informatica MI Ayuntamiento de Caudete\",\"@id\":\"https:\\\/\\\/www.caudete.org\\\/ayuntamiento\\\/#\\\/schema\\\/person\\\/4b9eab41761957db9b1bf9c418d1ef46\"},\"headline\":\"Descubriendo la Biblioteca Municipal de Praga con Erasmus+ Caudete\",\"datePublished\":\"2025-03-27T07:00:21+00:00\",\"mainEntityOfPage\":{\"@id\":\"https:\\\/\\\/www.caudete.org\\\/ayuntamiento\\\/conociendo-la-biblioteca-municipal-de-praga-a-traves-de-la-acreditacion-erasmus-educacion-de-adultos-del-ayuntamiento-de-caudete\\\/\"},\"wordCount\":803,\"publisher\":{\"@id\":\"https:\\\/\\\/www.caudete.org\\\/ayuntamiento\\\/#organization\"},\"image\":{\"@id\":\"https:\\\/\\\/www.caudete.org\\\/ayuntamiento\\\/conociendo-la-biblioteca-municipal-de-praga-a-traves-de-la-acreditacion-erasmus-educacion-de-adultos-del-ayuntamiento-de-caudete\\\/#primaryimage\"},\"thumbnailUrl\":\"https:\\\/\\\/www.caudete.org\\\/ayuntamiento\\\/wp-content\\\/uploads\\\/2025\\\/03\\\/ErasmusPragaPort.jpg\",\"articleSection\":[\"Cultura\"],\"inLanguage\":\"es\"},{\"@type\":\"WebPage\",\"@id\":\"https:\\\/\\\/www.caudete.org\\\/ayuntamiento\\\/conociendo-la-biblioteca-municipal-de-praga-a-traves-de-la-acreditacion-erasmus-educacion-de-adultos-del-ayuntamiento-de-caudete\\\/\",\"url\":\"https:\\\/\\\/www.caudete.org\\\/ayuntamiento\\\/conociendo-la-biblioteca-municipal-de-praga-a-traves-de-la-acreditacion-erasmus-educacion-de-adultos-del-ayuntamiento-de-caudete\\\/\",\"name\":\"Descubriendo la Biblioteca Municipal de Praga con Erasmus+ Caudete - MI Ayuntamiento de Caudete\",\"isPartOf\":{\"@id\":\"https:\\\/\\\/www.caudete.org\\\/ayuntamiento\\\/#website\"},\"primaryImageOfPage\":{\"@id\":\"https:\\\/\\\/www.caudete.org\\\/ayuntamiento\\\/conociendo-la-biblioteca-municipal-de-praga-a-traves-de-la-acreditacion-erasmus-educacion-de-adultos-del-ayuntamiento-de-caudete\\\/#primaryimage\"},\"image\":{\"@id\":\"https:\\\/\\\/www.caudete.org\\\/ayuntamiento\\\/conociendo-la-biblioteca-municipal-de-praga-a-traves-de-la-acreditacion-erasmus-educacion-de-adultos-del-ayuntamiento-de-caudete\\\/#primaryimage\"},\"thumbnailUrl\":\"https:\\\/\\\/www.caudete.org\\\/ayuntamiento\\\/wp-content\\\/uploads\\\/2025\\\/03\\\/ErasmusPragaPort.jpg\",\"datePublished\":\"2025-03-27T07:00:21+00:00\",\"description\":\"P\u00e1gina Oficial del Ayuntamiento de Caudete (Albacete)\",\"breadcrumb\":{\"@id\":\"https:\\\/\\\/www.caudete.org\\\/ayuntamiento\\\/conociendo-la-biblioteca-municipal-de-praga-a-traves-de-la-acreditacion-erasmus-educacion-de-adultos-del-ayuntamiento-de-caudete\\\/#breadcrumb\"},\"inLanguage\":\"es\",\"potentialAction\":[{\"@type\":\"ReadAction\",\"target\":[\"https:\\\/\\\/www.caudete.org\\\/ayuntamiento\\\/conociendo-la-biblioteca-municipal-de-praga-a-traves-de-la-acreditacion-erasmus-educacion-de-adultos-del-ayuntamiento-de-caudete\\\/\"]}]},{\"@type\":\"ImageObject\",\"inLanguage\":\"es\",\"@id\":\"https:\\\/\\\/www.caudete.org\\\/ayuntamiento\\\/conociendo-la-biblioteca-municipal-de-praga-a-traves-de-la-acreditacion-erasmus-educacion-de-adultos-del-ayuntamiento-de-caudete\\\/#primaryimage\",\"url\":\"https:\\\/\\\/www.caudete.org\\\/ayuntamiento\\\/wp-content\\\/uploads\\\/2025\\\/03\\\/ErasmusPragaPort.jpg\",\"contentUrl\":\"https:\\\/\\\/www.caudete.org\\\/ayuntamiento\\\/wp-content\\\/uploads\\\/2025\\\/03\\\/ErasmusPragaPort.jpg\",\"width\":998,\"height\":390},{\"@type\":\"BreadcrumbList\",\"@id\":\"https:\\\/\\\/www.caudete.org\\\/ayuntamiento\\\/conociendo-la-biblioteca-municipal-de-praga-a-traves-de-la-acreditacion-erasmus-educacion-de-adultos-del-ayuntamiento-de-caudete\\\/#breadcrumb\",\"itemListElement\":[{\"@type\":\"ListItem\",\"position\":1,\"name\":\"Inicio\",\"item\":\"https:\\\/\\\/www.caudete.org\\\/ayuntamiento\\\/\"},{\"@type\":\"ListItem\",\"position\":2,\"name\":\"Descubriendo la Biblioteca Municipal de Praga con Erasmus+ Caudete\"}]},{\"@type\":\"WebSite\",\"@id\":\"https:\\\/\\\/www.caudete.org\\\/ayuntamiento\\\/#website\",\"url\":\"https:\\\/\\\/www.caudete.org\\\/ayuntamiento\\\/\",\"name\":\"MI Ayuntamiento de Caudete\",\"description\":\"P\u00e1gina Oficial del MI Ayuntamiento de Caudete\",\"publisher\":{\"@id\":\"https:\\\/\\\/www.caudete.org\\\/ayuntamiento\\\/#organization\"},\"potentialAction\":[{\"@type\":\"SearchAction\",\"target\":{\"@type\":\"EntryPoint\",\"urlTemplate\":\"https:\\\/\\\/www.caudete.org\\\/ayuntamiento\\\/?s={search_term_string}\"},\"query-input\":{\"@type\":\"PropertyValueSpecification\",\"valueRequired\":true,\"valueName\":\"search_term_string\"}}],\"inLanguage\":\"es\"},{\"@type\":\"Organization\",\"@id\":\"https:\\\/\\\/www.caudete.org\\\/ayuntamiento\\\/#organization\",\"name\":\"Ayuntamiento de Caudete\",\"url\":\"https:\\\/\\\/www.caudete.org\\\/ayuntamiento\\\/\",\"logo\":{\"@type\":\"ImageObject\",\"inLanguage\":\"es\",\"@id\":\"https:\\\/\\\/www.caudete.org\\\/ayuntamiento\\\/#\\\/schema\\\/logo\\\/image\\\/\",\"url\":\"https:\\\/\\\/www.caudete.org\\\/ayuntamiento\\\/wp-content\\\/uploads\\\/2020\\\/11\\\/logo_ayuntamiento_caudete.jpg\",\"contentUrl\":\"https:\\\/\\\/www.caudete.org\\\/ayuntamiento\\\/wp-content\\\/uploads\\\/2020\\\/11\\\/logo_ayuntamiento_caudete.jpg\",\"width\":600,\"height\":150,\"caption\":\"Ayuntamiento de Caudete\"},\"image\":{\"@id\":\"https:\\\/\\\/www.caudete.org\\\/ayuntamiento\\\/#\\\/schema\\\/logo\\\/image\\\/\"},\"sameAs\":[\"https:\\\/\\\/www.facebook.com\\\/ayuntamientocaudete\\\/\",\"https:\\\/\\\/www.youtube.com\\\/channel\\\/UC6VztHaooNsGpw-tNoBEFnQ\"]},{\"@type\":\"Person\",\"@id\":\"https:\\\/\\\/www.caudete.org\\\/ayuntamiento\\\/#\\\/schema\\\/person\\\/4b9eab41761957db9b1bf9c418d1ef46\",\"name\":\"Dpto Informatica MI Ayuntamiento de Caudete\",\"image\":{\"@type\":\"ImageObject\",\"inLanguage\":\"es\",\"@id\":\"https:\\\/\\\/secure.gravatar.com\\\/avatar\\\/ac0321ee4a0a83e82a253e7b2d348ef539e2c8fe16d06b600bde04de1b364fa7?s=96&d=mm&r=g\",\"url\":\"https:\\\/\\\/secure.gravatar.com\\\/avatar\\\/ac0321ee4a0a83e82a253e7b2d348ef539e2c8fe16d06b600bde04de1b364fa7?s=96&d=mm&r=g\",\"contentUrl\":\"https:\\\/\\\/secure.gravatar.com\\\/avatar\\\/ac0321ee4a0a83e82a253e7b2d348ef539e2c8fe16d06b600bde04de1b364fa7?s=96&d=mm&r=g\",\"caption\":\"Dpto Informatica MI Ayuntamiento de Caudete\"},\"url\":\"https:\\\/\\\/www.caudete.org\\\/ayuntamiento\\\/author\\\/informatica\\\/\"}]}<\/script>\n<!-- \/ Yoast SEO plugin. -->","yoast_head_json":{"title":"Descubriendo la Biblioteca Municipal de Praga con Erasmus+ Caudete - MI Ayuntamiento de Caudete","description":"P\u00e1gina Oficial del Ayuntamiento de Caudete (Albacete)","robots":{"index":"index","follow":"follow","max-snippet":"max-snippet:-1","max-image-preview":"max-image-preview:large","max-video-preview":"max-video-preview:-1"},"canonical":"https:\/\/www.caudete.org\/ayuntamiento\/conociendo-la-biblioteca-municipal-de-praga-a-traves-de-la-acreditacion-erasmus-educacion-de-adultos-del-ayuntamiento-de-caudete\/","og_locale":"es_ES","og_type":"article","og_title":"Descubriendo la Biblioteca Municipal de Praga con Erasmus+ Caudete - MI Ayuntamiento de Caudete","og_description":"P\u00e1gina Oficial del Ayuntamiento de Caudete (Albacete)","og_url":"https:\/\/www.caudete.org\/ayuntamiento\/conociendo-la-biblioteca-municipal-de-praga-a-traves-de-la-acreditacion-erasmus-educacion-de-adultos-del-ayuntamiento-de-caudete\/","og_site_name":"MI Ayuntamiento de Caudete","article_publisher":"https:\/\/www.facebook.com\/ayuntamientocaudete\/","article_published_time":"2025-03-27T07:00:21+00:00","og_image":[{"width":998,"height":390,"url":"https:\/\/www.caudete.org\/ayuntamiento\/wp-content\/uploads\/2025\/03\/ErasmusPragaPort.jpg","type":"image\/jpeg"}],"author":"Dpto Informatica MI Ayuntamiento de Caudete","twitter_card":"summary_large_image","twitter_misc":{"Escrito por":"Dpto Informatica MI Ayuntamiento de Caudete","Tiempo de lectura":"5 minutos"},"schema":{"@context":"https:\/\/schema.org","@graph":[{"@type":"Article","@id":"https:\/\/www.caudete.org\/ayuntamiento\/conociendo-la-biblioteca-municipal-de-praga-a-traves-de-la-acreditacion-erasmus-educacion-de-adultos-del-ayuntamiento-de-caudete\/#article","isPartOf":{"@id":"https:\/\/www.caudete.org\/ayuntamiento\/conociendo-la-biblioteca-municipal-de-praga-a-traves-de-la-acreditacion-erasmus-educacion-de-adultos-del-ayuntamiento-de-caudete\/"},"author":{"name":"Dpto Informatica MI Ayuntamiento de Caudete","@id":"https:\/\/www.caudete.org\/ayuntamiento\/#\/schema\/person\/4b9eab41761957db9b1bf9c418d1ef46"},"headline":"Descubriendo la Biblioteca Municipal de Praga con Erasmus+ Caudete","datePublished":"2025-03-27T07:00:21+00:00","mainEntityOfPage":{"@id":"https:\/\/www.caudete.org\/ayuntamiento\/conociendo-la-biblioteca-municipal-de-praga-a-traves-de-la-acreditacion-erasmus-educacion-de-adultos-del-ayuntamiento-de-caudete\/"},"wordCount":803,"publisher":{"@id":"https:\/\/www.caudete.org\/ayuntamiento\/#organization"},"image":{"@id":"https:\/\/www.caudete.org\/ayuntamiento\/conociendo-la-biblioteca-municipal-de-praga-a-traves-de-la-acreditacion-erasmus-educacion-de-adultos-del-ayuntamiento-de-caudete\/#primaryimage"},"thumbnailUrl":"https:\/\/www.caudete.org\/ayuntamiento\/wp-content\/uploads\/2025\/03\/ErasmusPragaPort.jpg","articleSection":["Cultura"],"inLanguage":"es"},{"@type":"WebPage","@id":"https:\/\/www.caudete.org\/ayuntamiento\/conociendo-la-biblioteca-municipal-de-praga-a-traves-de-la-acreditacion-erasmus-educacion-de-adultos-del-ayuntamiento-de-caudete\/","url":"https:\/\/www.caudete.org\/ayuntamiento\/conociendo-la-biblioteca-municipal-de-praga-a-traves-de-la-acreditacion-erasmus-educacion-de-adultos-del-ayuntamiento-de-caudete\/","name":"Descubriendo la Biblioteca Municipal de Praga con Erasmus+ Caudete - MI Ayuntamiento de Caudete","isPartOf":{"@id":"https:\/\/www.caudete.org\/ayuntamiento\/#website"},"primaryImageOfPage":{"@id":"https:\/\/www.caudete.org\/ayuntamiento\/conociendo-la-biblioteca-municipal-de-praga-a-traves-de-la-acreditacion-erasmus-educacion-de-adultos-del-ayuntamiento-de-caudete\/#primaryimage"},"image":{"@id":"https:\/\/www.caudete.org\/ayuntamiento\/conociendo-la-biblioteca-municipal-de-praga-a-traves-de-la-acreditacion-erasmus-educacion-de-adultos-del-ayuntamiento-de-caudete\/#primaryimage"},"thumbnailUrl":"https:\/\/www.caudete.org\/ayuntamiento\/wp-content\/uploads\/2025\/03\/ErasmusPragaPort.jpg","datePublished":"2025-03-27T07:00:21+00:00","description":"P\u00e1gina Oficial del Ayuntamiento de Caudete (Albacete)","breadcrumb":{"@id":"https:\/\/www.caudete.org\/ayuntamiento\/conociendo-la-biblioteca-municipal-de-praga-a-traves-de-la-acreditacion-erasmus-educacion-de-adultos-del-ayuntamiento-de-caudete\/#breadcrumb"},"inLanguage":"es","potentialAction":[{"@type":"ReadAction","target":["https:\/\/www.caudete.org\/ayuntamiento\/conociendo-la-biblioteca-municipal-de-praga-a-traves-de-la-acreditacion-erasmus-educacion-de-adultos-del-ayuntamiento-de-caudete\/"]}]},{"@type":"ImageObject","inLanguage":"es","@id":"https:\/\/www.caudete.org\/ayuntamiento\/conociendo-la-biblioteca-municipal-de-praga-a-traves-de-la-acreditacion-erasmus-educacion-de-adultos-del-ayuntamiento-de-caudete\/#primaryimage","url":"https:\/\/www.caudete.org\/ayuntamiento\/wp-content\/uploads\/2025\/03\/ErasmusPragaPort.jpg","contentUrl":"https:\/\/www.caudete.org\/ayuntamiento\/wp-content\/uploads\/2025\/03\/ErasmusPragaPort.jpg","width":998,"height":390},{"@type":"BreadcrumbList","@id":"https:\/\/www.caudete.org\/ayuntamiento\/conociendo-la-biblioteca-municipal-de-praga-a-traves-de-la-acreditacion-erasmus-educacion-de-adultos-del-ayuntamiento-de-caudete\/#breadcrumb","itemListElement":[{"@type":"ListItem","position":1,"name":"Inicio","item":"https:\/\/www.caudete.org\/ayuntamiento\/"},{"@type":"ListItem","position":2,"name":"Descubriendo la Biblioteca Municipal de Praga con Erasmus+ Caudete"}]},{"@type":"WebSite","@id":"https:\/\/www.caudete.org\/ayuntamiento\/#website","url":"https:\/\/www.caudete.org\/ayuntamiento\/","name":"MI Ayuntamiento de Caudete","description":"P\u00e1gina Oficial del MI Ayuntamiento de Caudete","publisher":{"@id":"https:\/\/www.caudete.org\/ayuntamiento\/#organization"},"potentialAction":[{"@type":"SearchAction","target":{"@type":"EntryPoint","urlTemplate":"https:\/\/www.caudete.org\/ayuntamiento\/?s={search_term_string}"},"query-input":{"@type":"PropertyValueSpecification","valueRequired":true,"valueName":"search_term_string"}}],"inLanguage":"es"},{"@type":"Organization","@id":"https:\/\/www.caudete.org\/ayuntamiento\/#organization","name":"Ayuntamiento de Caudete","url":"https:\/\/www.caudete.org\/ayuntamiento\/","logo":{"@type":"ImageObject","inLanguage":"es","@id":"https:\/\/www.caudete.org\/ayuntamiento\/#\/schema\/logo\/image\/","url":"https:\/\/www.caudete.org\/ayuntamiento\/wp-content\/uploads\/2020\/11\/logo_ayuntamiento_caudete.jpg","contentUrl":"https:\/\/www.caudete.org\/ayuntamiento\/wp-content\/uploads\/2020\/11\/logo_ayuntamiento_caudete.jpg","width":600,"height":150,"caption":"Ayuntamiento de Caudete"},"image":{"@id":"https:\/\/www.caudete.org\/ayuntamiento\/#\/schema\/logo\/image\/"},"sameAs":["https:\/\/www.facebook.com\/ayuntamientocaudete\/","https:\/\/www.youtube.com\/channel\/UC6VztHaooNsGpw-tNoBEFnQ"]},{"@type":"Person","@id":"https:\/\/www.caudete.org\/ayuntamiento\/#\/schema\/person\/4b9eab41761957db9b1bf9c418d1ef46","name":"Dpto Informatica MI Ayuntamiento de Caudete","image":{"@type":"ImageObject","inLanguage":"es","@id":"https:\/\/secure.gravatar.com\/avatar\/ac0321ee4a0a83e82a253e7b2d348ef539e2c8fe16d06b600bde04de1b364fa7?s=96&d=mm&r=g","url":"https:\/\/secure.gravatar.com\/avatar\/ac0321ee4a0a83e82a253e7b2d348ef539e2c8fe16d06b600bde04de1b364fa7?s=96&d=mm&r=g","contentUrl":"https:\/\/secure.gravatar.com\/avatar\/ac0321ee4a0a83e82a253e7b2d348ef539e2c8fe16d06b600bde04de1b364fa7?s=96&d=mm&r=g","caption":"Dpto Informatica MI Ayuntamiento de Caudete"},"url":"https:\/\/www.caudete.org\/ayuntamiento\/author\/informatica\/"}]}},"_links":{"self":[{"href":"https:\/\/www.caudete.org\/ayuntamiento\/wp-json\/wp\/v2\/posts\/28058","targetHints":{"allow":["GET"]}}],"collection":[{"href":"https:\/\/www.caudete.org\/ayuntamiento\/wp-json\/wp\/v2\/posts"}],"about":[{"href":"https:\/\/www.caudete.org\/ayuntamiento\/wp-json\/wp\/v2\/types\/post"}],"author":[{"embeddable":true,"href":"https:\/\/www.caudete.org\/ayuntamiento\/wp-json\/wp\/v2\/users\/5"}],"replies":[{"embeddable":true,"href":"https:\/\/www.caudete.org\/ayuntamiento\/wp-json\/wp\/v2\/comments?post=28058"}],"version-history":[{"count":4,"href":"https:\/\/www.caudete.org\/ayuntamiento\/wp-json\/wp\/v2\/posts\/28058\/revisions"}],"predecessor-version":[{"id":28070,"href":"https:\/\/www.caudete.org\/ayuntamiento\/wp-json\/wp\/v2\/posts\/28058\/revisions\/28070"}],"wp:featuredmedia":[{"embeddable":true,"href":"https:\/\/www.caudete.org\/ayuntamiento\/wp-json\/wp\/v2\/media\/28060"}],"wp:attachment":[{"href":"https:\/\/www.caudete.org\/ayuntamiento\/wp-json\/wp\/v2\/media?parent=28058"}],"wp:term":[{"taxonomy":"category","embeddable":true,"href":"https:\/\/www.caudete.org\/ayuntamiento\/wp-json\/wp\/v2\/categories?post=28058"},{"taxonomy":"post_tag","embeddable":true,"href":"https:\/\/www.caudete.org\/ayuntamiento\/wp-json\/wp\/v2\/tags?post=28058"}],"curies":[{"name":"wp","href":"https:\/\/api.w.org\/{rel}","templated":true}]}}