{"id":28071,"date":"2025-03-28T08:00:54","date_gmt":"2025-03-28T07:00:54","guid":{"rendered":"https:\/\/www.caudete.org\/ayuntamiento\/?p=28071"},"modified":"2025-04-04T08:11:18","modified_gmt":"2025-04-04T06:11:18","slug":"presentacion-del-libro-1778-cien-anos-despues-de-juan-tecles","status":"publish","type":"post","link":"https:\/\/www.caudete.org\/ayuntamiento\/presentacion-del-libro-1778-cien-anos-despues-de-juan-tecles\/","title":{"rendered":"Presentaci\u00f3n del libro 1778 cien a\u00f1os despu\u00e9s de Juan Tecles"},"content":{"rendered":"<p>La Concejal\u00eda de Cultura del Ayuntamiento de Caudete tiene el placer de invitar a la presentaci\u00f3n del libro 1778 cien a\u00f1os despu\u00e9s del escritor caudetano Juan Tecles S\u00e1nchez. El evento tendr\u00e1 lugar en abierto, el jueves 3 de abril a las 19:30 horas en el Museo de la Acuarela Rafael Requena.<br \/>\nEl acto contar\u00e1 con la presentaci\u00f3n de Miguel Llorens, quien desde el a\u00f1o 2005 comenz\u00f3 a trabajar como inform\u00e1tico para fundar despu\u00e9s Caudete Digital, medio de comunicaci\u00f3n local que dirige desde el a\u00f1o 2000.<br \/>\nJuan Tecles S\u00e1nchez, nacido en Caudete en octubre de 1950, ha destacado por su versatilidad y talento en diversas disciplinas. A lo largo de su vida, ha compaginado sus estudios con experiencias laborales en diferentes sectores, desde el turismo hasta la banca. Su pasi\u00f3n por la escritura le ha llevado a explorar distintos g\u00e9neros, consolid\u00e1ndose como un autor prol\u00edfico y vers\u00e1til.<br \/>\nEntre sus publicaciones destacan Diario de viaje &#8211; \u00c1FRICA (Senegal-Gambia-Guinea Bissau), un relato de viajes publicado en 2016, y sus novelas Las huellas de la carcoma (2016) y Oximoron (2019). Adem\u00e1s, su talento literario ha sido reconocido con el 1er Premio del Certamen Literario Evaristo Ba\u00f1\u00f3n en la Categor\u00eda Especial Narrativa en los a\u00f1os 2018 y 2022.<br \/>\nLa presentaci\u00f3n de 1778 cien a\u00f1os despu\u00e9s supone una nueva oportunidad para conocer la obra de este escritor caudetano y descubrir su visi\u00f3n y estilo narrativo en esta aventura hist\u00f3rica .<br \/>\n1778 cien a\u00f1os despu\u00e9s transporta al lector a los siglos XVIII y XIX, situ\u00e1ndolo en el a\u00f1o 1778, cuando el rey Carlos III promulg\u00f3 el Reglamento y Aranceles Reales para el Comercio Libre de Espa\u00f1a a Indias. En este contexto, los astilleros de una peque\u00f1a poblaci\u00f3n de la costa catalana se convirtieron en un punto clave para inversores, comerciantes, marineros y aventureros, generando una nueva esperanza de prosperidad entre sus habitantes. La novela sigue la vida de cuatro familias de distinto estatus social \u2014le\u00f1adores, pescadores, campesinos y prestamistas\u2014, cuyas complejas relaciones humanas conforman una historia en la que se entrelazan ficci\u00f3n, tradiciones, leyendas y hechos reales. A lo largo de cuatro generaciones, los protagonistas atraviesan episodios de amor, odio, superaci\u00f3n y huida forzada hacia Cuba, con el anhelo de regresar como pr\u00f3speros &#8220;indianos&#8221; y dejar su huella en la historia de su pueblo natal.<\/p>\n<p>Invitamos a todos los amantes de la literatura a acompa\u00f1arnos en este evento cultural y a disfrutar de una tarde de letras y creatividad en un entorno inmejorable.<\/p>\n<p><a href=\"https:\/\/www.caudete.org\/ayuntamiento\/wp-content\/uploads\/2025\/03\/PresentacionLibro1778.jpg\" rel='prettyPhoto'><img fetchpriority=\"high\" decoding=\"async\" class=\"alignnone size-full wp-image-28073\" src=\"https:\/\/www.caudete.org\/ayuntamiento\/wp-content\/uploads\/2025\/03\/PresentacionLibro1778.jpg\" alt=\"\" width=\"707\" height=\"1000\" srcset=\"https:\/\/www.caudete.org\/ayuntamiento\/wp-content\/uploads\/2025\/03\/PresentacionLibro1778.jpg 707w, https:\/\/www.caudete.org\/ayuntamiento\/wp-content\/uploads\/2025\/03\/PresentacionLibro1778-283x400.jpg 283w, https:\/\/www.caudete.org\/ayuntamiento\/wp-content\/uploads\/2025\/03\/PresentacionLibro1778-566x800.jpg 566w\" sizes=\"(max-width: 707px) 100vw, 707px\" \/><\/a><\/p>\n<p>&nbsp;<\/p>\n","protected":false},"excerpt":{"rendered":"<p>La Concejal\u00eda de Cultura del Ayuntamiento de Caudete tiene el placer de invitar a la presentaci\u00f3n del libro 1778 cien a\u00f1os despu\u00e9s del escritor caudetano Juan Tecles S\u00e1nchez. El evento tendr\u00e1 lugar en abierto, el jueves 3 de abril a las 19:30 horas en el Museo de la Acuarela Rafael Requena. El acto contar\u00e1 con &hellip;<\/p>\n","protected":false},"author":5,"featured_media":28072,"comment_status":"closed","ping_status":"open","sticky":false,"template":"","format":"standard","meta":{"ngg_post_thumbnail":0,"footnotes":""},"categories":[14],"tags":[],"class_list":["post-28071","post","type-post","status-publish","format-standard","has-post-thumbnail","hentry","category-cultura"],"yoast_head":"<!-- This site is optimized with the Yoast SEO plugin v27.4 - https:\/\/yoast.com\/product\/yoast-seo-wordpress\/ -->\n<title>Presentaci\u00f3n del libro 1778 cien a\u00f1os despu\u00e9s de Juan Tecles - MI Ayuntamiento de Caudete<\/title>\n<meta name=\"description\" content=\"P\u00e1gina Oficial del Ayuntamiento de Caudete (Albacete)\" \/>\n<meta name=\"robots\" content=\"index, follow, max-snippet:-1, max-image-preview:large, max-video-preview:-1\" \/>\n<link rel=\"canonical\" href=\"https:\/\/www.caudete.org\/ayuntamiento\/presentacion-del-libro-1778-cien-anos-despues-de-juan-tecles\/\" \/>\n<meta property=\"og:locale\" content=\"es_ES\" \/>\n<meta property=\"og:type\" content=\"article\" \/>\n<meta property=\"og:title\" content=\"Presentaci\u00f3n del libro 1778 cien a\u00f1os despu\u00e9s de Juan Tecles - MI Ayuntamiento de Caudete\" \/>\n<meta property=\"og:description\" content=\"P\u00e1gina Oficial del Ayuntamiento de Caudete (Albacete)\" \/>\n<meta property=\"og:url\" content=\"https:\/\/www.caudete.org\/ayuntamiento\/presentacion-del-libro-1778-cien-anos-despues-de-juan-tecles\/\" \/>\n<meta property=\"og:site_name\" content=\"MI Ayuntamiento de Caudete\" \/>\n<meta property=\"article:publisher\" content=\"https:\/\/www.facebook.com\/ayuntamientocaudete\/\" \/>\n<meta property=\"article:published_time\" content=\"2025-03-28T07:00:54+00:00\" \/>\n<meta property=\"article:modified_time\" content=\"2025-04-04T06:11:18+00:00\" \/>\n<meta property=\"og:image\" content=\"https:\/\/www.caudete.org\/ayuntamiento\/wp-content\/uploads\/2025\/03\/PresentacionLibro1778port.jpg\" \/>\n\t<meta property=\"og:image:width\" content=\"987\" \/>\n\t<meta property=\"og:image:height\" content=\"425\" \/>\n\t<meta property=\"og:image:type\" content=\"image\/jpeg\" \/>\n<meta name=\"author\" content=\"Dpto Informatica MI Ayuntamiento de Caudete\" \/>\n<meta name=\"twitter:card\" content=\"summary_large_image\" \/>\n<meta name=\"twitter:label1\" content=\"Escrito por\" \/>\n\t<meta name=\"twitter:data1\" content=\"Dpto Informatica MI Ayuntamiento de Caudete\" \/>\n\t<meta name=\"twitter:label2\" content=\"Tiempo de lectura\" \/>\n\t<meta name=\"twitter:data2\" content=\"3 minutos\" \/>\n<script type=\"application\/ld+json\" class=\"yoast-schema-graph\">{\"@context\":\"https:\\\/\\\/schema.org\",\"@graph\":[{\"@type\":\"Article\",\"@id\":\"https:\\\/\\\/www.caudete.org\\\/ayuntamiento\\\/presentacion-del-libro-1778-cien-anos-despues-de-juan-tecles\\\/#article\",\"isPartOf\":{\"@id\":\"https:\\\/\\\/www.caudete.org\\\/ayuntamiento\\\/presentacion-del-libro-1778-cien-anos-despues-de-juan-tecles\\\/\"},\"author\":{\"name\":\"Dpto Informatica MI Ayuntamiento de Caudete\",\"@id\":\"https:\\\/\\\/www.caudete.org\\\/ayuntamiento\\\/#\\\/schema\\\/person\\\/4b9eab41761957db9b1bf9c418d1ef46\"},\"headline\":\"Presentaci\u00f3n del libro 1778 cien a\u00f1os despu\u00e9s de Juan Tecles\",\"datePublished\":\"2025-03-28T07:00:54+00:00\",\"dateModified\":\"2025-04-04T06:11:18+00:00\",\"mainEntityOfPage\":{\"@id\":\"https:\\\/\\\/www.caudete.org\\\/ayuntamiento\\\/presentacion-del-libro-1778-cien-anos-despues-de-juan-tecles\\\/\"},\"wordCount\":442,\"publisher\":{\"@id\":\"https:\\\/\\\/www.caudete.org\\\/ayuntamiento\\\/#organization\"},\"image\":{\"@id\":\"https:\\\/\\\/www.caudete.org\\\/ayuntamiento\\\/presentacion-del-libro-1778-cien-anos-despues-de-juan-tecles\\\/#primaryimage\"},\"thumbnailUrl\":\"https:\\\/\\\/www.caudete.org\\\/ayuntamiento\\\/wp-content\\\/uploads\\\/2025\\\/03\\\/PresentacionLibro1778port.jpg\",\"articleSection\":[\"Cultura\"],\"inLanguage\":\"es\"},{\"@type\":\"WebPage\",\"@id\":\"https:\\\/\\\/www.caudete.org\\\/ayuntamiento\\\/presentacion-del-libro-1778-cien-anos-despues-de-juan-tecles\\\/\",\"url\":\"https:\\\/\\\/www.caudete.org\\\/ayuntamiento\\\/presentacion-del-libro-1778-cien-anos-despues-de-juan-tecles\\\/\",\"name\":\"Presentaci\u00f3n del libro 1778 cien a\u00f1os despu\u00e9s de Juan Tecles - MI Ayuntamiento de Caudete\",\"isPartOf\":{\"@id\":\"https:\\\/\\\/www.caudete.org\\\/ayuntamiento\\\/#website\"},\"primaryImageOfPage\":{\"@id\":\"https:\\\/\\\/www.caudete.org\\\/ayuntamiento\\\/presentacion-del-libro-1778-cien-anos-despues-de-juan-tecles\\\/#primaryimage\"},\"image\":{\"@id\":\"https:\\\/\\\/www.caudete.org\\\/ayuntamiento\\\/presentacion-del-libro-1778-cien-anos-despues-de-juan-tecles\\\/#primaryimage\"},\"thumbnailUrl\":\"https:\\\/\\\/www.caudete.org\\\/ayuntamiento\\\/wp-content\\\/uploads\\\/2025\\\/03\\\/PresentacionLibro1778port.jpg\",\"datePublished\":\"2025-03-28T07:00:54+00:00\",\"dateModified\":\"2025-04-04T06:11:18+00:00\",\"description\":\"P\u00e1gina Oficial del Ayuntamiento de Caudete (Albacete)\",\"breadcrumb\":{\"@id\":\"https:\\\/\\\/www.caudete.org\\\/ayuntamiento\\\/presentacion-del-libro-1778-cien-anos-despues-de-juan-tecles\\\/#breadcrumb\"},\"inLanguage\":\"es\",\"potentialAction\":[{\"@type\":\"ReadAction\",\"target\":[\"https:\\\/\\\/www.caudete.org\\\/ayuntamiento\\\/presentacion-del-libro-1778-cien-anos-despues-de-juan-tecles\\\/\"]}]},{\"@type\":\"ImageObject\",\"inLanguage\":\"es\",\"@id\":\"https:\\\/\\\/www.caudete.org\\\/ayuntamiento\\\/presentacion-del-libro-1778-cien-anos-despues-de-juan-tecles\\\/#primaryimage\",\"url\":\"https:\\\/\\\/www.caudete.org\\\/ayuntamiento\\\/wp-content\\\/uploads\\\/2025\\\/03\\\/PresentacionLibro1778port.jpg\",\"contentUrl\":\"https:\\\/\\\/www.caudete.org\\\/ayuntamiento\\\/wp-content\\\/uploads\\\/2025\\\/03\\\/PresentacionLibro1778port.jpg\",\"width\":987,\"height\":425},{\"@type\":\"BreadcrumbList\",\"@id\":\"https:\\\/\\\/www.caudete.org\\\/ayuntamiento\\\/presentacion-del-libro-1778-cien-anos-despues-de-juan-tecles\\\/#breadcrumb\",\"itemListElement\":[{\"@type\":\"ListItem\",\"position\":1,\"name\":\"Inicio\",\"item\":\"https:\\\/\\\/www.caudete.org\\\/ayuntamiento\\\/\"},{\"@type\":\"ListItem\",\"position\":2,\"name\":\"Presentaci\u00f3n del libro 1778 cien a\u00f1os despu\u00e9s de Juan Tecles\"}]},{\"@type\":\"WebSite\",\"@id\":\"https:\\\/\\\/www.caudete.org\\\/ayuntamiento\\\/#website\",\"url\":\"https:\\\/\\\/www.caudete.org\\\/ayuntamiento\\\/\",\"name\":\"MI Ayuntamiento de Caudete\",\"description\":\"P\u00e1gina Oficial del MI Ayuntamiento de Caudete\",\"publisher\":{\"@id\":\"https:\\\/\\\/www.caudete.org\\\/ayuntamiento\\\/#organization\"},\"potentialAction\":[{\"@type\":\"SearchAction\",\"target\":{\"@type\":\"EntryPoint\",\"urlTemplate\":\"https:\\\/\\\/www.caudete.org\\\/ayuntamiento\\\/?s={search_term_string}\"},\"query-input\":{\"@type\":\"PropertyValueSpecification\",\"valueRequired\":true,\"valueName\":\"search_term_string\"}}],\"inLanguage\":\"es\"},{\"@type\":\"Organization\",\"@id\":\"https:\\\/\\\/www.caudete.org\\\/ayuntamiento\\\/#organization\",\"name\":\"Ayuntamiento de Caudete\",\"url\":\"https:\\\/\\\/www.caudete.org\\\/ayuntamiento\\\/\",\"logo\":{\"@type\":\"ImageObject\",\"inLanguage\":\"es\",\"@id\":\"https:\\\/\\\/www.caudete.org\\\/ayuntamiento\\\/#\\\/schema\\\/logo\\\/image\\\/\",\"url\":\"https:\\\/\\\/www.caudete.org\\\/ayuntamiento\\\/wp-content\\\/uploads\\\/2020\\\/11\\\/logo_ayuntamiento_caudete.jpg\",\"contentUrl\":\"https:\\\/\\\/www.caudete.org\\\/ayuntamiento\\\/wp-content\\\/uploads\\\/2020\\\/11\\\/logo_ayuntamiento_caudete.jpg\",\"width\":600,\"height\":150,\"caption\":\"Ayuntamiento de Caudete\"},\"image\":{\"@id\":\"https:\\\/\\\/www.caudete.org\\\/ayuntamiento\\\/#\\\/schema\\\/logo\\\/image\\\/\"},\"sameAs\":[\"https:\\\/\\\/www.facebook.com\\\/ayuntamientocaudete\\\/\",\"https:\\\/\\\/www.youtube.com\\\/channel\\\/UC6VztHaooNsGpw-tNoBEFnQ\"]},{\"@type\":\"Person\",\"@id\":\"https:\\\/\\\/www.caudete.org\\\/ayuntamiento\\\/#\\\/schema\\\/person\\\/4b9eab41761957db9b1bf9c418d1ef46\",\"name\":\"Dpto Informatica MI Ayuntamiento de Caudete\",\"image\":{\"@type\":\"ImageObject\",\"inLanguage\":\"es\",\"@id\":\"https:\\\/\\\/secure.gravatar.com\\\/avatar\\\/ac0321ee4a0a83e82a253e7b2d348ef539e2c8fe16d06b600bde04de1b364fa7?s=96&d=mm&r=g\",\"url\":\"https:\\\/\\\/secure.gravatar.com\\\/avatar\\\/ac0321ee4a0a83e82a253e7b2d348ef539e2c8fe16d06b600bde04de1b364fa7?s=96&d=mm&r=g\",\"contentUrl\":\"https:\\\/\\\/secure.gravatar.com\\\/avatar\\\/ac0321ee4a0a83e82a253e7b2d348ef539e2c8fe16d06b600bde04de1b364fa7?s=96&d=mm&r=g\",\"caption\":\"Dpto Informatica MI Ayuntamiento de Caudete\"},\"url\":\"https:\\\/\\\/www.caudete.org\\\/ayuntamiento\\\/author\\\/informatica\\\/\"}]}<\/script>\n<!-- \/ Yoast SEO plugin. -->","yoast_head_json":{"title":"Presentaci\u00f3n del libro 1778 cien a\u00f1os despu\u00e9s de Juan Tecles - MI Ayuntamiento de Caudete","description":"P\u00e1gina Oficial del Ayuntamiento de Caudete (Albacete)","robots":{"index":"index","follow":"follow","max-snippet":"max-snippet:-1","max-image-preview":"max-image-preview:large","max-video-preview":"max-video-preview:-1"},"canonical":"https:\/\/www.caudete.org\/ayuntamiento\/presentacion-del-libro-1778-cien-anos-despues-de-juan-tecles\/","og_locale":"es_ES","og_type":"article","og_title":"Presentaci\u00f3n del libro 1778 cien a\u00f1os despu\u00e9s de Juan Tecles - MI Ayuntamiento de Caudete","og_description":"P\u00e1gina Oficial del Ayuntamiento de Caudete (Albacete)","og_url":"https:\/\/www.caudete.org\/ayuntamiento\/presentacion-del-libro-1778-cien-anos-despues-de-juan-tecles\/","og_site_name":"MI Ayuntamiento de Caudete","article_publisher":"https:\/\/www.facebook.com\/ayuntamientocaudete\/","article_published_time":"2025-03-28T07:00:54+00:00","article_modified_time":"2025-04-04T06:11:18+00:00","og_image":[{"width":987,"height":425,"url":"https:\/\/www.caudete.org\/ayuntamiento\/wp-content\/uploads\/2025\/03\/PresentacionLibro1778port.jpg","type":"image\/jpeg"}],"author":"Dpto Informatica MI Ayuntamiento de Caudete","twitter_card":"summary_large_image","twitter_misc":{"Escrito por":"Dpto Informatica MI Ayuntamiento de Caudete","Tiempo de lectura":"3 minutos"},"schema":{"@context":"https:\/\/schema.org","@graph":[{"@type":"Article","@id":"https:\/\/www.caudete.org\/ayuntamiento\/presentacion-del-libro-1778-cien-anos-despues-de-juan-tecles\/#article","isPartOf":{"@id":"https:\/\/www.caudete.org\/ayuntamiento\/presentacion-del-libro-1778-cien-anos-despues-de-juan-tecles\/"},"author":{"name":"Dpto Informatica MI Ayuntamiento de Caudete","@id":"https:\/\/www.caudete.org\/ayuntamiento\/#\/schema\/person\/4b9eab41761957db9b1bf9c418d1ef46"},"headline":"Presentaci\u00f3n del libro 1778 cien a\u00f1os despu\u00e9s de Juan Tecles","datePublished":"2025-03-28T07:00:54+00:00","dateModified":"2025-04-04T06:11:18+00:00","mainEntityOfPage":{"@id":"https:\/\/www.caudete.org\/ayuntamiento\/presentacion-del-libro-1778-cien-anos-despues-de-juan-tecles\/"},"wordCount":442,"publisher":{"@id":"https:\/\/www.caudete.org\/ayuntamiento\/#organization"},"image":{"@id":"https:\/\/www.caudete.org\/ayuntamiento\/presentacion-del-libro-1778-cien-anos-despues-de-juan-tecles\/#primaryimage"},"thumbnailUrl":"https:\/\/www.caudete.org\/ayuntamiento\/wp-content\/uploads\/2025\/03\/PresentacionLibro1778port.jpg","articleSection":["Cultura"],"inLanguage":"es"},{"@type":"WebPage","@id":"https:\/\/www.caudete.org\/ayuntamiento\/presentacion-del-libro-1778-cien-anos-despues-de-juan-tecles\/","url":"https:\/\/www.caudete.org\/ayuntamiento\/presentacion-del-libro-1778-cien-anos-despues-de-juan-tecles\/","name":"Presentaci\u00f3n del libro 1778 cien a\u00f1os despu\u00e9s de Juan Tecles - MI Ayuntamiento de Caudete","isPartOf":{"@id":"https:\/\/www.caudete.org\/ayuntamiento\/#website"},"primaryImageOfPage":{"@id":"https:\/\/www.caudete.org\/ayuntamiento\/presentacion-del-libro-1778-cien-anos-despues-de-juan-tecles\/#primaryimage"},"image":{"@id":"https:\/\/www.caudete.org\/ayuntamiento\/presentacion-del-libro-1778-cien-anos-despues-de-juan-tecles\/#primaryimage"},"thumbnailUrl":"https:\/\/www.caudete.org\/ayuntamiento\/wp-content\/uploads\/2025\/03\/PresentacionLibro1778port.jpg","datePublished":"2025-03-28T07:00:54+00:00","dateModified":"2025-04-04T06:11:18+00:00","description":"P\u00e1gina Oficial del Ayuntamiento de Caudete (Albacete)","breadcrumb":{"@id":"https:\/\/www.caudete.org\/ayuntamiento\/presentacion-del-libro-1778-cien-anos-despues-de-juan-tecles\/#breadcrumb"},"inLanguage":"es","potentialAction":[{"@type":"ReadAction","target":["https:\/\/www.caudete.org\/ayuntamiento\/presentacion-del-libro-1778-cien-anos-despues-de-juan-tecles\/"]}]},{"@type":"ImageObject","inLanguage":"es","@id":"https:\/\/www.caudete.org\/ayuntamiento\/presentacion-del-libro-1778-cien-anos-despues-de-juan-tecles\/#primaryimage","url":"https:\/\/www.caudete.org\/ayuntamiento\/wp-content\/uploads\/2025\/03\/PresentacionLibro1778port.jpg","contentUrl":"https:\/\/www.caudete.org\/ayuntamiento\/wp-content\/uploads\/2025\/03\/PresentacionLibro1778port.jpg","width":987,"height":425},{"@type":"BreadcrumbList","@id":"https:\/\/www.caudete.org\/ayuntamiento\/presentacion-del-libro-1778-cien-anos-despues-de-juan-tecles\/#breadcrumb","itemListElement":[{"@type":"ListItem","position":1,"name":"Inicio","item":"https:\/\/www.caudete.org\/ayuntamiento\/"},{"@type":"ListItem","position":2,"name":"Presentaci\u00f3n del libro 1778 cien a\u00f1os despu\u00e9s de Juan Tecles"}]},{"@type":"WebSite","@id":"https:\/\/www.caudete.org\/ayuntamiento\/#website","url":"https:\/\/www.caudete.org\/ayuntamiento\/","name":"MI Ayuntamiento de Caudete","description":"P\u00e1gina Oficial del MI Ayuntamiento de Caudete","publisher":{"@id":"https:\/\/www.caudete.org\/ayuntamiento\/#organization"},"potentialAction":[{"@type":"SearchAction","target":{"@type":"EntryPoint","urlTemplate":"https:\/\/www.caudete.org\/ayuntamiento\/?s={search_term_string}"},"query-input":{"@type":"PropertyValueSpecification","valueRequired":true,"valueName":"search_term_string"}}],"inLanguage":"es"},{"@type":"Organization","@id":"https:\/\/www.caudete.org\/ayuntamiento\/#organization","name":"Ayuntamiento de Caudete","url":"https:\/\/www.caudete.org\/ayuntamiento\/","logo":{"@type":"ImageObject","inLanguage":"es","@id":"https:\/\/www.caudete.org\/ayuntamiento\/#\/schema\/logo\/image\/","url":"https:\/\/www.caudete.org\/ayuntamiento\/wp-content\/uploads\/2020\/11\/logo_ayuntamiento_caudete.jpg","contentUrl":"https:\/\/www.caudete.org\/ayuntamiento\/wp-content\/uploads\/2020\/11\/logo_ayuntamiento_caudete.jpg","width":600,"height":150,"caption":"Ayuntamiento de Caudete"},"image":{"@id":"https:\/\/www.caudete.org\/ayuntamiento\/#\/schema\/logo\/image\/"},"sameAs":["https:\/\/www.facebook.com\/ayuntamientocaudete\/","https:\/\/www.youtube.com\/channel\/UC6VztHaooNsGpw-tNoBEFnQ"]},{"@type":"Person","@id":"https:\/\/www.caudete.org\/ayuntamiento\/#\/schema\/person\/4b9eab41761957db9b1bf9c418d1ef46","name":"Dpto Informatica MI Ayuntamiento de Caudete","image":{"@type":"ImageObject","inLanguage":"es","@id":"https:\/\/secure.gravatar.com\/avatar\/ac0321ee4a0a83e82a253e7b2d348ef539e2c8fe16d06b600bde04de1b364fa7?s=96&d=mm&r=g","url":"https:\/\/secure.gravatar.com\/avatar\/ac0321ee4a0a83e82a253e7b2d348ef539e2c8fe16d06b600bde04de1b364fa7?s=96&d=mm&r=g","contentUrl":"https:\/\/secure.gravatar.com\/avatar\/ac0321ee4a0a83e82a253e7b2d348ef539e2c8fe16d06b600bde04de1b364fa7?s=96&d=mm&r=g","caption":"Dpto Informatica MI Ayuntamiento de Caudete"},"url":"https:\/\/www.caudete.org\/ayuntamiento\/author\/informatica\/"}]}},"_links":{"self":[{"href":"https:\/\/www.caudete.org\/ayuntamiento\/wp-json\/wp\/v2\/posts\/28071","targetHints":{"allow":["GET"]}}],"collection":[{"href":"https:\/\/www.caudete.org\/ayuntamiento\/wp-json\/wp\/v2\/posts"}],"about":[{"href":"https:\/\/www.caudete.org\/ayuntamiento\/wp-json\/wp\/v2\/types\/post"}],"author":[{"embeddable":true,"href":"https:\/\/www.caudete.org\/ayuntamiento\/wp-json\/wp\/v2\/users\/5"}],"replies":[{"embeddable":true,"href":"https:\/\/www.caudete.org\/ayuntamiento\/wp-json\/wp\/v2\/comments?post=28071"}],"version-history":[{"count":1,"href":"https:\/\/www.caudete.org\/ayuntamiento\/wp-json\/wp\/v2\/posts\/28071\/revisions"}],"predecessor-version":[{"id":28074,"href":"https:\/\/www.caudete.org\/ayuntamiento\/wp-json\/wp\/v2\/posts\/28071\/revisions\/28074"}],"wp:featuredmedia":[{"embeddable":true,"href":"https:\/\/www.caudete.org\/ayuntamiento\/wp-json\/wp\/v2\/media\/28072"}],"wp:attachment":[{"href":"https:\/\/www.caudete.org\/ayuntamiento\/wp-json\/wp\/v2\/media?parent=28071"}],"wp:term":[{"taxonomy":"category","embeddable":true,"href":"https:\/\/www.caudete.org\/ayuntamiento\/wp-json\/wp\/v2\/categories?post=28071"},{"taxonomy":"post_tag","embeddable":true,"href":"https:\/\/www.caudete.org\/ayuntamiento\/wp-json\/wp\/v2\/tags?post=28071"}],"curies":[{"name":"wp","href":"https:\/\/api.w.org\/{rel}","templated":true}]}}