{"id":28096,"date":"2025-03-31T11:08:12","date_gmt":"2025-03-31T09:08:12","guid":{"rendered":"https:\/\/www.caudete.org\/ayuntamiento\/?p=28096"},"modified":"2025-03-31T12:51:07","modified_gmt":"2025-03-31T10:51:07","slug":"broche-final-a-las-jornadas-y-actividades-por-la-igualdad-en-caudete","status":"publish","type":"post","link":"https:\/\/www.caudete.org\/ayuntamiento\/broche-final-a-las-jornadas-y-actividades-por-la-igualdad-en-caudete\/","title":{"rendered":"&#8220;Broche final a las jornadas y actividades por la igualdad en Caudete&#8221;"},"content":{"rendered":"<p>La Concejal\u00eda de Bienestar e Igualdad Social del Ayuntamiento de Caudete ha puesto el broche final a las actividades organizadas con motivo del <strong>D\u00eda Internacional de la Mujer<\/strong> con la entrega de premios del <strong>XI Concurso de Lemas por la Igualdad<\/strong> y el gran \u00e9xito de la representaci\u00f3n teatral Amapolas de Invierno, en colaboraci\u00f3n con la Concejal\u00eda de Cultura y Educaci\u00f3n.<\/p>\n<p>La concejal <strong>Mar\u00eda Mart\u00ednez Garc\u00eda<\/strong> ha sido la encargada de entregar los premios de este certamen, una iniciativa organizada por el M.I. Ayuntamiento de Caudete a trav\u00e9s del<strong> Centro de la Mujer<\/strong>, en la que han participado los alumnos y alumnas de <strong>5\u00ba de primaria<\/strong> de los colegios de la localidad. Antes del concurso, las profesionales del Centro de la Mujer impartieron un taller sobre la <strong>conciliaci\u00f3n de la vida laboral, familiar y personal<\/strong>, destacando la importancia de la corresponsabilidad en el hogar desde la infancia.<\/p>\n<p>Los lemas premiados este a\u00f1o han sido:<br \/>\n\ud83c\udfc6 <strong>Colegio Alc\u00e1zar y Serrano<\/strong> \u2013 &#8220;Reparte las tareas del hogar y la doble jornada para la mujer desaparecer\u00e1&#8221;<br \/>\n\ud83c\udfc6 <strong>Colegio Amor de Dios<\/strong> \u2013 &#8220;Hombre y mujer, mismo poder&#8221;<br \/>\n\ud83c\udfc6 <strong>Colegio El Paseo<\/strong> \u2013 &#8220;En las tareas del hogar, hombres y mujeres debemos colaborar&#8221;<br \/>\n\ud83c\udfc6 <strong>Colegio Gloria Fuertes<\/strong> \u2013 &#8220;Igualdad y respeto, ese es nuestro reto&#8221;<\/p>\n<p>Los lemas ganadores formar\u00e1n parte de la campa\u00f1a de concienciaci\u00f3n del 8 de marzo del pr\u00f3ximo a\u00f1o, reafirmando el compromiso del Ayuntamiento con la igualdad de oportunidades.<\/p>\n<p>Por otro lado, la representaci\u00f3n de la obra <strong>Amapolas de Invierno<\/strong> puso en escena la sensibilizaci\u00f3n sobre la violencia contra la mujer a trav\u00e9s del teatro, logrando una gran acogida entre el p\u00fablico. La obra ha sido posible gracias a la financiaci\u00f3n por el pacto de estado y a la implicaci\u00f3n de los participantes en el <strong>Taller de Teatro para la Sensibilizaci\u00f3n<\/strong>, promovido por la<strong> Concejal\u00eda de Igualdad y Cultura<\/strong> con la colaboraci\u00f3n del <strong>Centro de la Mujer del M.I. Ayuntamiento de Caudete<\/strong> y el apoyo incondicional de la <strong>Asociaci\u00f3n de Mujeres de Santa B\u00e1rbara de Caudete<\/strong>.<\/p>\n<p>Desde la <strong>Concejal\u00eda de Igualdad Social<\/strong>, se agradece la <strong>participaci\u00f3n, la ayuda y el compromiso<\/strong> de todas las personas y entidades implicadas, incluyendo alumnado, profesorado, profesionales del Centro de la Mujer y asociaciones locales y especial a <strong>Manoli Gonz\u00e1lez Solera,\u00a0 Concejal de Cultura y Educaci\u00f3n,<\/strong> que participo tanto en la obra de teatro c\u00f3mo en las actividades que consolidan el trabajo por una sociedad m\u00e1s justa y equilibrada, fomentando valores de <strong>respeto, corresponsabilidad y convivencia<\/strong> en el municipio.<\/p>\n<p><a href=\"https:\/\/www.caudete.org\/ayuntamiento\/wp-content\/uploads\/2025\/03\/TeatroAmapolasdeInvierno1.jpg\" rel='prettyPhoto'><img fetchpriority=\"high\" decoding=\"async\" class=\"alignnone size-full wp-image-28098\" src=\"https:\/\/www.caudete.org\/ayuntamiento\/wp-content\/uploads\/2025\/03\/TeatroAmapolasdeInvierno1.jpg\" alt=\"\" width=\"1000\" height=\"726\" srcset=\"https:\/\/www.caudete.org\/ayuntamiento\/wp-content\/uploads\/2025\/03\/TeatroAmapolasdeInvierno1.jpg 1000w, https:\/\/www.caudete.org\/ayuntamiento\/wp-content\/uploads\/2025\/03\/TeatroAmapolasdeInvierno1-551x400.jpg 551w, https:\/\/www.caudete.org\/ayuntamiento\/wp-content\/uploads\/2025\/03\/TeatroAmapolasdeInvierno1-768x558.jpg 768w\" sizes=\"(max-width: 1000px) 100vw, 1000px\" \/><\/a> <a href=\"https:\/\/www.caudete.org\/ayuntamiento\/wp-content\/uploads\/2025\/03\/teatroamapolasinvierno2.jpg\" rel='prettyPhoto'><img decoding=\"async\" class=\"alignnone size-full wp-image-28099\" src=\"https:\/\/www.caudete.org\/ayuntamiento\/wp-content\/uploads\/2025\/03\/teatroamapolasinvierno2.jpg\" alt=\"\" width=\"750\" height=\"1000\" srcset=\"https:\/\/www.caudete.org\/ayuntamiento\/wp-content\/uploads\/2025\/03\/teatroamapolasinvierno2.jpg 750w, https:\/\/www.caudete.org\/ayuntamiento\/wp-content\/uploads\/2025\/03\/teatroamapolasinvierno2-300x400.jpg 300w, https:\/\/www.caudete.org\/ayuntamiento\/wp-content\/uploads\/2025\/03\/teatroamapolasinvierno2-600x800.jpg 600w\" sizes=\"(max-width: 750px) 100vw, 750px\" \/><\/a><\/p>\n","protected":false},"excerpt":{"rendered":"<p>La Concejal\u00eda de Bienestar e Igualdad Social del Ayuntamiento de Caudete ha puesto el broche final a las actividades organizadas con motivo del D\u00eda Internacional de la Mujer con la entrega de premios del XI Concurso de Lemas por la Igualdad y el gran \u00e9xito de la representaci\u00f3n teatral Amapolas de Invierno, en colaboraci\u00f3n con &hellip;<\/p>\n","protected":false},"author":5,"featured_media":28097,"comment_status":"closed","ping_status":"open","sticky":false,"template":"","format":"standard","meta":{"ngg_post_thumbnail":0,"footnotes":""},"categories":[522],"tags":[],"class_list":["post-28096","post","type-post","status-publish","format-standard","has-post-thumbnail","hentry","category-igualdad"],"yoast_head":"<!-- This site is optimized with the Yoast SEO plugin v27.5 - https:\/\/yoast.com\/product\/yoast-seo-wordpress\/ -->\n<title>&quot;Broche final a las jornadas y actividades por la igualdad en Caudete&quot; - MI Ayuntamiento de Caudete<\/title>\n<meta name=\"description\" content=\"P\u00e1gina Oficial del Ayuntamiento de Caudete (Albacete)\" \/>\n<meta name=\"robots\" content=\"index, follow, max-snippet:-1, max-image-preview:large, max-video-preview:-1\" \/>\n<link rel=\"canonical\" href=\"https:\/\/www.caudete.org\/ayuntamiento\/broche-final-a-las-jornadas-y-actividades-por-la-igualdad-en-caudete\/\" \/>\n<meta property=\"og:locale\" content=\"es_ES\" \/>\n<meta property=\"og:type\" content=\"article\" \/>\n<meta property=\"og:title\" content=\"&quot;Broche final a las jornadas y actividades por la igualdad en Caudete&quot; - MI Ayuntamiento de Caudete\" \/>\n<meta property=\"og:description\" content=\"P\u00e1gina Oficial del Ayuntamiento de Caudete (Albacete)\" \/>\n<meta property=\"og:url\" content=\"https:\/\/www.caudete.org\/ayuntamiento\/broche-final-a-las-jornadas-y-actividades-por-la-igualdad-en-caudete\/\" \/>\n<meta property=\"og:site_name\" content=\"MI Ayuntamiento de Caudete\" \/>\n<meta property=\"article:publisher\" content=\"https:\/\/www.facebook.com\/ayuntamientocaudete\/\" \/>\n<meta property=\"article:published_time\" content=\"2025-03-31T09:08:12+00:00\" \/>\n<meta property=\"article:modified_time\" content=\"2025-03-31T10:51:07+00:00\" \/>\n<meta property=\"og:image\" content=\"https:\/\/www.caudete.org\/ayuntamiento\/wp-content\/uploads\/2025\/03\/teatroamapolasinvierno3.jpg\" \/>\n\t<meta property=\"og:image:width\" content=\"1000\" \/>\n\t<meta property=\"og:image:height\" content=\"519\" \/>\n\t<meta property=\"og:image:type\" content=\"image\/jpeg\" \/>\n<meta name=\"author\" content=\"Dpto Informatica MI Ayuntamiento de Caudete\" \/>\n<meta name=\"twitter:card\" content=\"summary_large_image\" \/>\n<meta name=\"twitter:label1\" content=\"Escrito por\" \/>\n\t<meta name=\"twitter:data1\" content=\"Dpto Informatica MI Ayuntamiento de Caudete\" \/>\n\t<meta name=\"twitter:label2\" content=\"Tiempo de lectura\" \/>\n\t<meta name=\"twitter:data2\" content=\"3 minutos\" \/>\n<script type=\"application\/ld+json\" class=\"yoast-schema-graph\">{\"@context\":\"https:\\\/\\\/schema.org\",\"@graph\":[{\"@type\":\"Article\",\"@id\":\"https:\\\/\\\/www.caudete.org\\\/ayuntamiento\\\/broche-final-a-las-jornadas-y-actividades-por-la-igualdad-en-caudete\\\/#article\",\"isPartOf\":{\"@id\":\"https:\\\/\\\/www.caudete.org\\\/ayuntamiento\\\/broche-final-a-las-jornadas-y-actividades-por-la-igualdad-en-caudete\\\/\"},\"author\":{\"name\":\"Dpto Informatica MI Ayuntamiento de Caudete\",\"@id\":\"https:\\\/\\\/www.caudete.org\\\/ayuntamiento\\\/#\\\/schema\\\/person\\\/4b9eab41761957db9b1bf9c418d1ef46\"},\"headline\":\"&#8220;Broche final a las jornadas y actividades por la igualdad en Caudete&#8221;\",\"datePublished\":\"2025-03-31T09:08:12+00:00\",\"dateModified\":\"2025-03-31T10:51:07+00:00\",\"mainEntityOfPage\":{\"@id\":\"https:\\\/\\\/www.caudete.org\\\/ayuntamiento\\\/broche-final-a-las-jornadas-y-actividades-por-la-igualdad-en-caudete\\\/\"},\"wordCount\":452,\"publisher\":{\"@id\":\"https:\\\/\\\/www.caudete.org\\\/ayuntamiento\\\/#organization\"},\"image\":{\"@id\":\"https:\\\/\\\/www.caudete.org\\\/ayuntamiento\\\/broche-final-a-las-jornadas-y-actividades-por-la-igualdad-en-caudete\\\/#primaryimage\"},\"thumbnailUrl\":\"https:\\\/\\\/www.caudete.org\\\/ayuntamiento\\\/wp-content\\\/uploads\\\/2025\\\/03\\\/teatroamapolasinvierno3.jpg\",\"articleSection\":[\"Igualdad\"],\"inLanguage\":\"es\"},{\"@type\":\"WebPage\",\"@id\":\"https:\\\/\\\/www.caudete.org\\\/ayuntamiento\\\/broche-final-a-las-jornadas-y-actividades-por-la-igualdad-en-caudete\\\/\",\"url\":\"https:\\\/\\\/www.caudete.org\\\/ayuntamiento\\\/broche-final-a-las-jornadas-y-actividades-por-la-igualdad-en-caudete\\\/\",\"name\":\"\\\"Broche final a las jornadas y actividades por la igualdad en Caudete\\\" - MI Ayuntamiento de Caudete\",\"isPartOf\":{\"@id\":\"https:\\\/\\\/www.caudete.org\\\/ayuntamiento\\\/#website\"},\"primaryImageOfPage\":{\"@id\":\"https:\\\/\\\/www.caudete.org\\\/ayuntamiento\\\/broche-final-a-las-jornadas-y-actividades-por-la-igualdad-en-caudete\\\/#primaryimage\"},\"image\":{\"@id\":\"https:\\\/\\\/www.caudete.org\\\/ayuntamiento\\\/broche-final-a-las-jornadas-y-actividades-por-la-igualdad-en-caudete\\\/#primaryimage\"},\"thumbnailUrl\":\"https:\\\/\\\/www.caudete.org\\\/ayuntamiento\\\/wp-content\\\/uploads\\\/2025\\\/03\\\/teatroamapolasinvierno3.jpg\",\"datePublished\":\"2025-03-31T09:08:12+00:00\",\"dateModified\":\"2025-03-31T10:51:07+00:00\",\"description\":\"P\u00e1gina Oficial del Ayuntamiento de Caudete (Albacete)\",\"breadcrumb\":{\"@id\":\"https:\\\/\\\/www.caudete.org\\\/ayuntamiento\\\/broche-final-a-las-jornadas-y-actividades-por-la-igualdad-en-caudete\\\/#breadcrumb\"},\"inLanguage\":\"es\",\"potentialAction\":[{\"@type\":\"ReadAction\",\"target\":[\"https:\\\/\\\/www.caudete.org\\\/ayuntamiento\\\/broche-final-a-las-jornadas-y-actividades-por-la-igualdad-en-caudete\\\/\"]}]},{\"@type\":\"ImageObject\",\"inLanguage\":\"es\",\"@id\":\"https:\\\/\\\/www.caudete.org\\\/ayuntamiento\\\/broche-final-a-las-jornadas-y-actividades-por-la-igualdad-en-caudete\\\/#primaryimage\",\"url\":\"https:\\\/\\\/www.caudete.org\\\/ayuntamiento\\\/wp-content\\\/uploads\\\/2025\\\/03\\\/teatroamapolasinvierno3.jpg\",\"contentUrl\":\"https:\\\/\\\/www.caudete.org\\\/ayuntamiento\\\/wp-content\\\/uploads\\\/2025\\\/03\\\/teatroamapolasinvierno3.jpg\",\"width\":1000,\"height\":519},{\"@type\":\"BreadcrumbList\",\"@id\":\"https:\\\/\\\/www.caudete.org\\\/ayuntamiento\\\/broche-final-a-las-jornadas-y-actividades-por-la-igualdad-en-caudete\\\/#breadcrumb\",\"itemListElement\":[{\"@type\":\"ListItem\",\"position\":1,\"name\":\"Inicio\",\"item\":\"https:\\\/\\\/www.caudete.org\\\/ayuntamiento\\\/\"},{\"@type\":\"ListItem\",\"position\":2,\"name\":\"&#8220;Broche final a las jornadas y actividades por la igualdad en Caudete&#8221;\"}]},{\"@type\":\"WebSite\",\"@id\":\"https:\\\/\\\/www.caudete.org\\\/ayuntamiento\\\/#website\",\"url\":\"https:\\\/\\\/www.caudete.org\\\/ayuntamiento\\\/\",\"name\":\"MI Ayuntamiento de Caudete\",\"description\":\"P\u00e1gina Oficial del MI Ayuntamiento de Caudete\",\"publisher\":{\"@id\":\"https:\\\/\\\/www.caudete.org\\\/ayuntamiento\\\/#organization\"},\"potentialAction\":[{\"@type\":\"SearchAction\",\"target\":{\"@type\":\"EntryPoint\",\"urlTemplate\":\"https:\\\/\\\/www.caudete.org\\\/ayuntamiento\\\/?s={search_term_string}\"},\"query-input\":{\"@type\":\"PropertyValueSpecification\",\"valueRequired\":true,\"valueName\":\"search_term_string\"}}],\"inLanguage\":\"es\"},{\"@type\":\"Organization\",\"@id\":\"https:\\\/\\\/www.caudete.org\\\/ayuntamiento\\\/#organization\",\"name\":\"Ayuntamiento de Caudete\",\"url\":\"https:\\\/\\\/www.caudete.org\\\/ayuntamiento\\\/\",\"logo\":{\"@type\":\"ImageObject\",\"inLanguage\":\"es\",\"@id\":\"https:\\\/\\\/www.caudete.org\\\/ayuntamiento\\\/#\\\/schema\\\/logo\\\/image\\\/\",\"url\":\"https:\\\/\\\/www.caudete.org\\\/ayuntamiento\\\/wp-content\\\/uploads\\\/2020\\\/11\\\/logo_ayuntamiento_caudete.jpg\",\"contentUrl\":\"https:\\\/\\\/www.caudete.org\\\/ayuntamiento\\\/wp-content\\\/uploads\\\/2020\\\/11\\\/logo_ayuntamiento_caudete.jpg\",\"width\":600,\"height\":150,\"caption\":\"Ayuntamiento de Caudete\"},\"image\":{\"@id\":\"https:\\\/\\\/www.caudete.org\\\/ayuntamiento\\\/#\\\/schema\\\/logo\\\/image\\\/\"},\"sameAs\":[\"https:\\\/\\\/www.facebook.com\\\/ayuntamientocaudete\\\/\",\"https:\\\/\\\/www.youtube.com\\\/channel\\\/UC6VztHaooNsGpw-tNoBEFnQ\"]},{\"@type\":\"Person\",\"@id\":\"https:\\\/\\\/www.caudete.org\\\/ayuntamiento\\\/#\\\/schema\\\/person\\\/4b9eab41761957db9b1bf9c418d1ef46\",\"name\":\"Dpto Informatica MI Ayuntamiento de Caudete\",\"image\":{\"@type\":\"ImageObject\",\"inLanguage\":\"es\",\"@id\":\"https:\\\/\\\/secure.gravatar.com\\\/avatar\\\/ac0321ee4a0a83e82a253e7b2d348ef539e2c8fe16d06b600bde04de1b364fa7?s=96&d=mm&r=g\",\"url\":\"https:\\\/\\\/secure.gravatar.com\\\/avatar\\\/ac0321ee4a0a83e82a253e7b2d348ef539e2c8fe16d06b600bde04de1b364fa7?s=96&d=mm&r=g\",\"contentUrl\":\"https:\\\/\\\/secure.gravatar.com\\\/avatar\\\/ac0321ee4a0a83e82a253e7b2d348ef539e2c8fe16d06b600bde04de1b364fa7?s=96&d=mm&r=g\",\"caption\":\"Dpto Informatica MI Ayuntamiento de Caudete\"},\"url\":\"https:\\\/\\\/www.caudete.org\\\/ayuntamiento\\\/author\\\/informatica\\\/\"}]}<\/script>\n<!-- \/ Yoast SEO plugin. -->","yoast_head_json":{"title":"\"Broche final a las jornadas y actividades por la igualdad en Caudete\" - MI Ayuntamiento de Caudete","description":"P\u00e1gina Oficial del Ayuntamiento de Caudete (Albacete)","robots":{"index":"index","follow":"follow","max-snippet":"max-snippet:-1","max-image-preview":"max-image-preview:large","max-video-preview":"max-video-preview:-1"},"canonical":"https:\/\/www.caudete.org\/ayuntamiento\/broche-final-a-las-jornadas-y-actividades-por-la-igualdad-en-caudete\/","og_locale":"es_ES","og_type":"article","og_title":"\"Broche final a las jornadas y actividades por la igualdad en Caudete\" - MI Ayuntamiento de Caudete","og_description":"P\u00e1gina Oficial del Ayuntamiento de Caudete (Albacete)","og_url":"https:\/\/www.caudete.org\/ayuntamiento\/broche-final-a-las-jornadas-y-actividades-por-la-igualdad-en-caudete\/","og_site_name":"MI Ayuntamiento de Caudete","article_publisher":"https:\/\/www.facebook.com\/ayuntamientocaudete\/","article_published_time":"2025-03-31T09:08:12+00:00","article_modified_time":"2025-03-31T10:51:07+00:00","og_image":[{"width":1000,"height":519,"url":"https:\/\/www.caudete.org\/ayuntamiento\/wp-content\/uploads\/2025\/03\/teatroamapolasinvierno3.jpg","type":"image\/jpeg"}],"author":"Dpto Informatica MI Ayuntamiento de Caudete","twitter_card":"summary_large_image","twitter_misc":{"Escrito por":"Dpto Informatica MI Ayuntamiento de Caudete","Tiempo de lectura":"3 minutos"},"schema":{"@context":"https:\/\/schema.org","@graph":[{"@type":"Article","@id":"https:\/\/www.caudete.org\/ayuntamiento\/broche-final-a-las-jornadas-y-actividades-por-la-igualdad-en-caudete\/#article","isPartOf":{"@id":"https:\/\/www.caudete.org\/ayuntamiento\/broche-final-a-las-jornadas-y-actividades-por-la-igualdad-en-caudete\/"},"author":{"name":"Dpto Informatica MI Ayuntamiento de Caudete","@id":"https:\/\/www.caudete.org\/ayuntamiento\/#\/schema\/person\/4b9eab41761957db9b1bf9c418d1ef46"},"headline":"&#8220;Broche final a las jornadas y actividades por la igualdad en Caudete&#8221;","datePublished":"2025-03-31T09:08:12+00:00","dateModified":"2025-03-31T10:51:07+00:00","mainEntityOfPage":{"@id":"https:\/\/www.caudete.org\/ayuntamiento\/broche-final-a-las-jornadas-y-actividades-por-la-igualdad-en-caudete\/"},"wordCount":452,"publisher":{"@id":"https:\/\/www.caudete.org\/ayuntamiento\/#organization"},"image":{"@id":"https:\/\/www.caudete.org\/ayuntamiento\/broche-final-a-las-jornadas-y-actividades-por-la-igualdad-en-caudete\/#primaryimage"},"thumbnailUrl":"https:\/\/www.caudete.org\/ayuntamiento\/wp-content\/uploads\/2025\/03\/teatroamapolasinvierno3.jpg","articleSection":["Igualdad"],"inLanguage":"es"},{"@type":"WebPage","@id":"https:\/\/www.caudete.org\/ayuntamiento\/broche-final-a-las-jornadas-y-actividades-por-la-igualdad-en-caudete\/","url":"https:\/\/www.caudete.org\/ayuntamiento\/broche-final-a-las-jornadas-y-actividades-por-la-igualdad-en-caudete\/","name":"\"Broche final a las jornadas y actividades por la igualdad en Caudete\" - MI Ayuntamiento de Caudete","isPartOf":{"@id":"https:\/\/www.caudete.org\/ayuntamiento\/#website"},"primaryImageOfPage":{"@id":"https:\/\/www.caudete.org\/ayuntamiento\/broche-final-a-las-jornadas-y-actividades-por-la-igualdad-en-caudete\/#primaryimage"},"image":{"@id":"https:\/\/www.caudete.org\/ayuntamiento\/broche-final-a-las-jornadas-y-actividades-por-la-igualdad-en-caudete\/#primaryimage"},"thumbnailUrl":"https:\/\/www.caudete.org\/ayuntamiento\/wp-content\/uploads\/2025\/03\/teatroamapolasinvierno3.jpg","datePublished":"2025-03-31T09:08:12+00:00","dateModified":"2025-03-31T10:51:07+00:00","description":"P\u00e1gina Oficial del Ayuntamiento de Caudete (Albacete)","breadcrumb":{"@id":"https:\/\/www.caudete.org\/ayuntamiento\/broche-final-a-las-jornadas-y-actividades-por-la-igualdad-en-caudete\/#breadcrumb"},"inLanguage":"es","potentialAction":[{"@type":"ReadAction","target":["https:\/\/www.caudete.org\/ayuntamiento\/broche-final-a-las-jornadas-y-actividades-por-la-igualdad-en-caudete\/"]}]},{"@type":"ImageObject","inLanguage":"es","@id":"https:\/\/www.caudete.org\/ayuntamiento\/broche-final-a-las-jornadas-y-actividades-por-la-igualdad-en-caudete\/#primaryimage","url":"https:\/\/www.caudete.org\/ayuntamiento\/wp-content\/uploads\/2025\/03\/teatroamapolasinvierno3.jpg","contentUrl":"https:\/\/www.caudete.org\/ayuntamiento\/wp-content\/uploads\/2025\/03\/teatroamapolasinvierno3.jpg","width":1000,"height":519},{"@type":"BreadcrumbList","@id":"https:\/\/www.caudete.org\/ayuntamiento\/broche-final-a-las-jornadas-y-actividades-por-la-igualdad-en-caudete\/#breadcrumb","itemListElement":[{"@type":"ListItem","position":1,"name":"Inicio","item":"https:\/\/www.caudete.org\/ayuntamiento\/"},{"@type":"ListItem","position":2,"name":"&#8220;Broche final a las jornadas y actividades por la igualdad en Caudete&#8221;"}]},{"@type":"WebSite","@id":"https:\/\/www.caudete.org\/ayuntamiento\/#website","url":"https:\/\/www.caudete.org\/ayuntamiento\/","name":"MI Ayuntamiento de Caudete","description":"P\u00e1gina Oficial del MI Ayuntamiento de Caudete","publisher":{"@id":"https:\/\/www.caudete.org\/ayuntamiento\/#organization"},"potentialAction":[{"@type":"SearchAction","target":{"@type":"EntryPoint","urlTemplate":"https:\/\/www.caudete.org\/ayuntamiento\/?s={search_term_string}"},"query-input":{"@type":"PropertyValueSpecification","valueRequired":true,"valueName":"search_term_string"}}],"inLanguage":"es"},{"@type":"Organization","@id":"https:\/\/www.caudete.org\/ayuntamiento\/#organization","name":"Ayuntamiento de Caudete","url":"https:\/\/www.caudete.org\/ayuntamiento\/","logo":{"@type":"ImageObject","inLanguage":"es","@id":"https:\/\/www.caudete.org\/ayuntamiento\/#\/schema\/logo\/image\/","url":"https:\/\/www.caudete.org\/ayuntamiento\/wp-content\/uploads\/2020\/11\/logo_ayuntamiento_caudete.jpg","contentUrl":"https:\/\/www.caudete.org\/ayuntamiento\/wp-content\/uploads\/2020\/11\/logo_ayuntamiento_caudete.jpg","width":600,"height":150,"caption":"Ayuntamiento de Caudete"},"image":{"@id":"https:\/\/www.caudete.org\/ayuntamiento\/#\/schema\/logo\/image\/"},"sameAs":["https:\/\/www.facebook.com\/ayuntamientocaudete\/","https:\/\/www.youtube.com\/channel\/UC6VztHaooNsGpw-tNoBEFnQ"]},{"@type":"Person","@id":"https:\/\/www.caudete.org\/ayuntamiento\/#\/schema\/person\/4b9eab41761957db9b1bf9c418d1ef46","name":"Dpto Informatica MI Ayuntamiento de Caudete","image":{"@type":"ImageObject","inLanguage":"es","@id":"https:\/\/secure.gravatar.com\/avatar\/ac0321ee4a0a83e82a253e7b2d348ef539e2c8fe16d06b600bde04de1b364fa7?s=96&d=mm&r=g","url":"https:\/\/secure.gravatar.com\/avatar\/ac0321ee4a0a83e82a253e7b2d348ef539e2c8fe16d06b600bde04de1b364fa7?s=96&d=mm&r=g","contentUrl":"https:\/\/secure.gravatar.com\/avatar\/ac0321ee4a0a83e82a253e7b2d348ef539e2c8fe16d06b600bde04de1b364fa7?s=96&d=mm&r=g","caption":"Dpto Informatica MI Ayuntamiento de Caudete"},"url":"https:\/\/www.caudete.org\/ayuntamiento\/author\/informatica\/"}]}},"_links":{"self":[{"href":"https:\/\/www.caudete.org\/ayuntamiento\/wp-json\/wp\/v2\/posts\/28096","targetHints":{"allow":["GET"]}}],"collection":[{"href":"https:\/\/www.caudete.org\/ayuntamiento\/wp-json\/wp\/v2\/posts"}],"about":[{"href":"https:\/\/www.caudete.org\/ayuntamiento\/wp-json\/wp\/v2\/types\/post"}],"author":[{"embeddable":true,"href":"https:\/\/www.caudete.org\/ayuntamiento\/wp-json\/wp\/v2\/users\/5"}],"replies":[{"embeddable":true,"href":"https:\/\/www.caudete.org\/ayuntamiento\/wp-json\/wp\/v2\/comments?post=28096"}],"version-history":[{"count":4,"href":"https:\/\/www.caudete.org\/ayuntamiento\/wp-json\/wp\/v2\/posts\/28096\/revisions"}],"predecessor-version":[{"id":28109,"href":"https:\/\/www.caudete.org\/ayuntamiento\/wp-json\/wp\/v2\/posts\/28096\/revisions\/28109"}],"wp:featuredmedia":[{"embeddable":true,"href":"https:\/\/www.caudete.org\/ayuntamiento\/wp-json\/wp\/v2\/media\/28097"}],"wp:attachment":[{"href":"https:\/\/www.caudete.org\/ayuntamiento\/wp-json\/wp\/v2\/media?parent=28096"}],"wp:term":[{"taxonomy":"category","embeddable":true,"href":"https:\/\/www.caudete.org\/ayuntamiento\/wp-json\/wp\/v2\/categories?post=28096"},{"taxonomy":"post_tag","embeddable":true,"href":"https:\/\/www.caudete.org\/ayuntamiento\/wp-json\/wp\/v2\/tags?post=28096"}],"curies":[{"name":"wp","href":"https:\/\/api.w.org\/{rel}","templated":true}]}}