{"id":28110,"date":"2025-04-03T08:00:06","date_gmt":"2025-04-03T06:00:06","guid":{"rendered":"https:\/\/www.caudete.org\/ayuntamiento\/?p=28110"},"modified":"2025-04-08T09:01:32","modified_gmt":"2025-04-08T07:01:32","slug":"coser-y-cantar-de-la-compania-teloncillo-teatro-un-espectaculo-a-partir-de-los-6-meses","status":"publish","type":"post","link":"https:\/\/www.caudete.org\/ayuntamiento\/coser-y-cantar-de-la-compania-teloncillo-teatro-un-espectaculo-a-partir-de-los-6-meses\/","title":{"rendered":"\u201cCoser y cantar\u201d de la Compa\u00f1\u00eda Teloncillo Teatro, un espect\u00e1culo a partir de los 6 meses"},"content":{"rendered":"<p>La Concejal\u00eda de Cultura presenta \u201cCoser y cantar\u201d un espect\u00e1culo recomendado para beb\u00e9s a partir de 6 meses, que se encuentra dentro de la Programaci\u00f3n Cultural de Primavera 2025 del programa de Red Artes Esc\u00e9nicas y M\u00fasica de la JCCM y Cultural Albacete , y, que podr\u00e1 disfrutarse en el Auditorio Municipal el pr\u00f3ximo domingo <strong>6 de abril de 2025<\/strong> a las 18:00h.<\/p>\n<p>Hila que te hila el hilo la hilandera, hilando los hilos los hila en hilera.<br \/>\nUn espect\u00e1culo cargado de hilos, lanas, telas, botones, palabras, sonidos, m\u00fasica y canciones.<br \/>\nHilos para un coraz\u00f3n descosido, cantos para un siete en el calz\u00f3n, cuentos para tejer<br \/>\ntonter\u00edas, agujas para so\u00f1ar en camis\u00f3n.<br \/>\nA nuestra protagonista se le l\u00edan los hilos con las palabras, los vestidos con los cuentos. \u00bfTejer\u00e1 cuentos? \u00bfBordar\u00e1 canciones?&#8230; Todo ser\u00e1 \u201ccoser y cantar\u201d.<br \/>\nCosturera sin dedal<br \/>\nCose poco, cose mal.<br \/>\nCosturera sin dedal<br \/>\nCose poco, cose poco<br \/>\nCose poco y cose mal.<br \/>\nLas canciones del espect\u00e1culo est\u00e1n compuestas por \u00c1ngel S\u00e1nchez e hilvanadas -como<br \/>\nsiempre, por Marieta Monedero- sobre poemas populares y de autores como Rafael Alberti, Ignacio Sanz, Charo Ruano, Liliana Cinetto y Cecilia Pisos.<\/p>\n<p>Coser y Cantar es un homenaje a todas esas mujeres \u201ctejedoras\u201d que nos rodean.<br \/>\nMujeres que con sus m\u00e1gicas manos han tejido una parte de nuestras vidas: hilvanando historias para espantar nuestros miedos nocturnos, no dando puntada sin hilo en nuestro desarrollo, enhebrando aguja tras aguja para remendar entuertos, cosiendo descosidos para darnos ese calor, amor y ternura necesarios para nuestro crecimiento.<\/p>\n<p><strong>Teloncillo Teatro es una compa\u00f1\u00eda de teatro profesional vallisoletana Premio Nacional de artes esc\u00e9nicas para la infancia y la juventud.<\/strong><br \/>\nDuraci\u00f3n 35 minutos<br \/>\nEdad recomendada de 6 meses a 6 a\u00f1os<\/p>\n<p>Entradas ya disponibles en Casa de Cultura aforo limitado<\/p>\n<p><a href=\"https:\/\/www.caudete.org\/ayuntamiento\/wp-content\/uploads\/2025\/03\/CoseryCantar2.jpg\" rel='prettyPhoto'><img fetchpriority=\"high\" decoding=\"async\" class=\"alignnone size-full wp-image-28113\" src=\"https:\/\/www.caudete.org\/ayuntamiento\/wp-content\/uploads\/2025\/03\/CoseryCantar2.jpg\" alt=\"\" width=\"820\" height=\"470\" srcset=\"https:\/\/www.caudete.org\/ayuntamiento\/wp-content\/uploads\/2025\/03\/CoseryCantar2.jpg 820w, https:\/\/www.caudete.org\/ayuntamiento\/wp-content\/uploads\/2025\/03\/CoseryCantar2-600x344.jpg 600w, https:\/\/www.caudete.org\/ayuntamiento\/wp-content\/uploads\/2025\/03\/CoseryCantar2-768x440.jpg 768w\" sizes=\"(max-width: 820px) 100vw, 820px\" \/><\/a><\/p>\n<p>&nbsp;<\/p>\n","protected":false},"excerpt":{"rendered":"<p>La Concejal\u00eda de Cultura presenta \u201cCoser y cantar\u201d un espect\u00e1culo recomendado para beb\u00e9s a partir de 6 meses, que se encuentra dentro de la Programaci\u00f3n Cultural de Primavera 2025 del programa de Red Artes Esc\u00e9nicas y M\u00fasica de la JCCM y Cultural Albacete , y, que podr\u00e1 disfrutarse en el Auditorio Municipal el pr\u00f3ximo domingo &hellip;<\/p>\n","protected":false},"author":5,"featured_media":28112,"comment_status":"closed","ping_status":"open","sticky":false,"template":"","format":"standard","meta":{"ngg_post_thumbnail":0,"footnotes":""},"categories":[14],"tags":[],"class_list":["post-28110","post","type-post","status-publish","format-standard","has-post-thumbnail","hentry","category-cultura"],"yoast_head":"<!-- This site is optimized with the Yoast SEO plugin v27.5 - https:\/\/yoast.com\/product\/yoast-seo-wordpress\/ -->\n<title>\u201cCoser y cantar\u201d de la Compa\u00f1\u00eda Teloncillo Teatro, un espect\u00e1culo a partir de los 6 meses - MI Ayuntamiento de Caudete<\/title>\n<meta name=\"description\" content=\"P\u00e1gina Oficial del Ayuntamiento de Caudete (Albacete)\" \/>\n<meta name=\"robots\" content=\"index, follow, max-snippet:-1, max-image-preview:large, max-video-preview:-1\" \/>\n<link rel=\"canonical\" href=\"https:\/\/www.caudete.org\/ayuntamiento\/coser-y-cantar-de-la-compania-teloncillo-teatro-un-espectaculo-a-partir-de-los-6-meses\/\" \/>\n<meta property=\"og:locale\" content=\"es_ES\" \/>\n<meta property=\"og:type\" content=\"article\" \/>\n<meta property=\"og:title\" content=\"\u201cCoser y cantar\u201d de la Compa\u00f1\u00eda Teloncillo Teatro, un espect\u00e1culo a partir de los 6 meses - MI Ayuntamiento de Caudete\" \/>\n<meta property=\"og:description\" content=\"P\u00e1gina Oficial del Ayuntamiento de Caudete (Albacete)\" \/>\n<meta property=\"og:url\" content=\"https:\/\/www.caudete.org\/ayuntamiento\/coser-y-cantar-de-la-compania-teloncillo-teatro-un-espectaculo-a-partir-de-los-6-meses\/\" \/>\n<meta property=\"og:site_name\" content=\"MI Ayuntamiento de Caudete\" \/>\n<meta property=\"article:publisher\" content=\"https:\/\/www.facebook.com\/ayuntamientocaudete\/\" \/>\n<meta property=\"article:published_time\" content=\"2025-04-03T06:00:06+00:00\" \/>\n<meta property=\"article:modified_time\" content=\"2025-04-08T07:01:32+00:00\" \/>\n<meta property=\"og:image\" content=\"https:\/\/www.caudete.org\/ayuntamiento\/wp-content\/uploads\/2025\/03\/CoseryCantar1.jpg\" \/>\n\t<meta property=\"og:image:width\" content=\"1000\" \/>\n\t<meta property=\"og:image:height\" content=\"522\" \/>\n\t<meta property=\"og:image:type\" content=\"image\/jpeg\" \/>\n<meta name=\"author\" content=\"Dpto Informatica MI Ayuntamiento de Caudete\" \/>\n<meta name=\"twitter:card\" content=\"summary_large_image\" \/>\n<meta name=\"twitter:label1\" content=\"Escrito por\" \/>\n\t<meta name=\"twitter:data1\" content=\"Dpto Informatica MI Ayuntamiento de Caudete\" \/>\n\t<meta name=\"twitter:label2\" content=\"Tiempo de lectura\" \/>\n\t<meta name=\"twitter:data2\" content=\"2 minutos\" \/>\n<script type=\"application\/ld+json\" class=\"yoast-schema-graph\">{\"@context\":\"https:\\\/\\\/schema.org\",\"@graph\":[{\"@type\":\"Article\",\"@id\":\"https:\\\/\\\/www.caudete.org\\\/ayuntamiento\\\/coser-y-cantar-de-la-compania-teloncillo-teatro-un-espectaculo-a-partir-de-los-6-meses\\\/#article\",\"isPartOf\":{\"@id\":\"https:\\\/\\\/www.caudete.org\\\/ayuntamiento\\\/coser-y-cantar-de-la-compania-teloncillo-teatro-un-espectaculo-a-partir-de-los-6-meses\\\/\"},\"author\":{\"name\":\"Dpto Informatica MI Ayuntamiento de Caudete\",\"@id\":\"https:\\\/\\\/www.caudete.org\\\/ayuntamiento\\\/#\\\/schema\\\/person\\\/4b9eab41761957db9b1bf9c418d1ef46\"},\"headline\":\"\u201cCoser y cantar\u201d de la Compa\u00f1\u00eda Teloncillo Teatro, un espect\u00e1culo a partir de los 6 meses\",\"datePublished\":\"2025-04-03T06:00:06+00:00\",\"dateModified\":\"2025-04-08T07:01:32+00:00\",\"mainEntityOfPage\":{\"@id\":\"https:\\\/\\\/www.caudete.org\\\/ayuntamiento\\\/coser-y-cantar-de-la-compania-teloncillo-teatro-un-espectaculo-a-partir-de-los-6-meses\\\/\"},\"wordCount\":325,\"image\":{\"@id\":\"https:\\\/\\\/www.caudete.org\\\/ayuntamiento\\\/coser-y-cantar-de-la-compania-teloncillo-teatro-un-espectaculo-a-partir-de-los-6-meses\\\/#primaryimage\"},\"thumbnailUrl\":\"https:\\\/\\\/www.caudete.org\\\/ayuntamiento\\\/wp-content\\\/uploads\\\/2025\\\/03\\\/CoseryCantar1.jpg\",\"articleSection\":[\"Cultura\"],\"inLanguage\":\"es\"},{\"@type\":\"WebPage\",\"@id\":\"https:\\\/\\\/www.caudete.org\\\/ayuntamiento\\\/coser-y-cantar-de-la-compania-teloncillo-teatro-un-espectaculo-a-partir-de-los-6-meses\\\/\",\"url\":\"https:\\\/\\\/www.caudete.org\\\/ayuntamiento\\\/coser-y-cantar-de-la-compania-teloncillo-teatro-un-espectaculo-a-partir-de-los-6-meses\\\/\",\"name\":\"\u201cCoser y cantar\u201d de la Compa\u00f1\u00eda Teloncillo Teatro, un espect\u00e1culo a partir de los 6 meses - MI Ayuntamiento de Caudete\",\"isPartOf\":{\"@id\":\"https:\\\/\\\/www.caudete.org\\\/ayuntamiento\\\/#website\"},\"primaryImageOfPage\":{\"@id\":\"https:\\\/\\\/www.caudete.org\\\/ayuntamiento\\\/coser-y-cantar-de-la-compania-teloncillo-teatro-un-espectaculo-a-partir-de-los-6-meses\\\/#primaryimage\"},\"image\":{\"@id\":\"https:\\\/\\\/www.caudete.org\\\/ayuntamiento\\\/coser-y-cantar-de-la-compania-teloncillo-teatro-un-espectaculo-a-partir-de-los-6-meses\\\/#primaryimage\"},\"thumbnailUrl\":\"https:\\\/\\\/www.caudete.org\\\/ayuntamiento\\\/wp-content\\\/uploads\\\/2025\\\/03\\\/CoseryCantar1.jpg\",\"datePublished\":\"2025-04-03T06:00:06+00:00\",\"dateModified\":\"2025-04-08T07:01:32+00:00\",\"author\":{\"@id\":\"https:\\\/\\\/www.caudete.org\\\/ayuntamiento\\\/#\\\/schema\\\/person\\\/4b9eab41761957db9b1bf9c418d1ef46\"},\"description\":\"P\u00e1gina Oficial del Ayuntamiento de Caudete (Albacete)\",\"breadcrumb\":{\"@id\":\"https:\\\/\\\/www.caudete.org\\\/ayuntamiento\\\/coser-y-cantar-de-la-compania-teloncillo-teatro-un-espectaculo-a-partir-de-los-6-meses\\\/#breadcrumb\"},\"inLanguage\":\"es\",\"potentialAction\":[{\"@type\":\"ReadAction\",\"target\":[\"https:\\\/\\\/www.caudete.org\\\/ayuntamiento\\\/coser-y-cantar-de-la-compania-teloncillo-teatro-un-espectaculo-a-partir-de-los-6-meses\\\/\"]}]},{\"@type\":\"ImageObject\",\"inLanguage\":\"es\",\"@id\":\"https:\\\/\\\/www.caudete.org\\\/ayuntamiento\\\/coser-y-cantar-de-la-compania-teloncillo-teatro-un-espectaculo-a-partir-de-los-6-meses\\\/#primaryimage\",\"url\":\"https:\\\/\\\/www.caudete.org\\\/ayuntamiento\\\/wp-content\\\/uploads\\\/2025\\\/03\\\/CoseryCantar1.jpg\",\"contentUrl\":\"https:\\\/\\\/www.caudete.org\\\/ayuntamiento\\\/wp-content\\\/uploads\\\/2025\\\/03\\\/CoseryCantar1.jpg\",\"width\":1000,\"height\":522},{\"@type\":\"BreadcrumbList\",\"@id\":\"https:\\\/\\\/www.caudete.org\\\/ayuntamiento\\\/coser-y-cantar-de-la-compania-teloncillo-teatro-un-espectaculo-a-partir-de-los-6-meses\\\/#breadcrumb\",\"itemListElement\":[{\"@type\":\"ListItem\",\"position\":1,\"name\":\"Inicio\",\"item\":\"https:\\\/\\\/www.caudete.org\\\/ayuntamiento\\\/\"},{\"@type\":\"ListItem\",\"position\":2,\"name\":\"\u201cCoser y cantar\u201d de la Compa\u00f1\u00eda Teloncillo Teatro, un espect\u00e1culo a partir de los 6 meses\"}]},{\"@type\":\"WebSite\",\"@id\":\"https:\\\/\\\/www.caudete.org\\\/ayuntamiento\\\/#website\",\"url\":\"https:\\\/\\\/www.caudete.org\\\/ayuntamiento\\\/\",\"name\":\"MI Ayuntamiento de Caudete\",\"description\":\"P\u00e1gina Oficial del MI Ayuntamiento de Caudete\",\"potentialAction\":[{\"@type\":\"SearchAction\",\"target\":{\"@type\":\"EntryPoint\",\"urlTemplate\":\"https:\\\/\\\/www.caudete.org\\\/ayuntamiento\\\/?s={search_term_string}\"},\"query-input\":{\"@type\":\"PropertyValueSpecification\",\"valueRequired\":true,\"valueName\":\"search_term_string\"}}],\"inLanguage\":\"es\"},{\"@type\":\"Person\",\"@id\":\"https:\\\/\\\/www.caudete.org\\\/ayuntamiento\\\/#\\\/schema\\\/person\\\/4b9eab41761957db9b1bf9c418d1ef46\",\"name\":\"Dpto Informatica MI Ayuntamiento de Caudete\",\"image\":{\"@type\":\"ImageObject\",\"inLanguage\":\"es\",\"@id\":\"https:\\\/\\\/secure.gravatar.com\\\/avatar\\\/ac0321ee4a0a83e82a253e7b2d348ef539e2c8fe16d06b600bde04de1b364fa7?s=96&d=mm&r=g\",\"url\":\"https:\\\/\\\/secure.gravatar.com\\\/avatar\\\/ac0321ee4a0a83e82a253e7b2d348ef539e2c8fe16d06b600bde04de1b364fa7?s=96&d=mm&r=g\",\"contentUrl\":\"https:\\\/\\\/secure.gravatar.com\\\/avatar\\\/ac0321ee4a0a83e82a253e7b2d348ef539e2c8fe16d06b600bde04de1b364fa7?s=96&d=mm&r=g\",\"caption\":\"Dpto Informatica MI Ayuntamiento de Caudete\"},\"url\":\"https:\\\/\\\/www.caudete.org\\\/ayuntamiento\\\/author\\\/informatica\\\/\"}]}<\/script>\n<!-- \/ Yoast SEO plugin. -->","yoast_head_json":{"title":"\u201cCoser y cantar\u201d de la Compa\u00f1\u00eda Teloncillo Teatro, un espect\u00e1culo a partir de los 6 meses - MI Ayuntamiento de Caudete","description":"P\u00e1gina Oficial del Ayuntamiento de Caudete (Albacete)","robots":{"index":"index","follow":"follow","max-snippet":"max-snippet:-1","max-image-preview":"max-image-preview:large","max-video-preview":"max-video-preview:-1"},"canonical":"https:\/\/www.caudete.org\/ayuntamiento\/coser-y-cantar-de-la-compania-teloncillo-teatro-un-espectaculo-a-partir-de-los-6-meses\/","og_locale":"es_ES","og_type":"article","og_title":"\u201cCoser y cantar\u201d de la Compa\u00f1\u00eda Teloncillo Teatro, un espect\u00e1culo a partir de los 6 meses - MI Ayuntamiento de Caudete","og_description":"P\u00e1gina Oficial del Ayuntamiento de Caudete (Albacete)","og_url":"https:\/\/www.caudete.org\/ayuntamiento\/coser-y-cantar-de-la-compania-teloncillo-teatro-un-espectaculo-a-partir-de-los-6-meses\/","og_site_name":"MI Ayuntamiento de Caudete","article_publisher":"https:\/\/www.facebook.com\/ayuntamientocaudete\/","article_published_time":"2025-04-03T06:00:06+00:00","article_modified_time":"2025-04-08T07:01:32+00:00","og_image":[{"width":1000,"height":522,"url":"https:\/\/www.caudete.org\/ayuntamiento\/wp-content\/uploads\/2025\/03\/CoseryCantar1.jpg","type":"image\/jpeg"}],"author":"Dpto Informatica MI Ayuntamiento de Caudete","twitter_card":"summary_large_image","twitter_misc":{"Escrito por":"Dpto Informatica MI Ayuntamiento de Caudete","Tiempo de lectura":"2 minutos"},"schema":{"@context":"https:\/\/schema.org","@graph":[{"@type":"Article","@id":"https:\/\/www.caudete.org\/ayuntamiento\/coser-y-cantar-de-la-compania-teloncillo-teatro-un-espectaculo-a-partir-de-los-6-meses\/#article","isPartOf":{"@id":"https:\/\/www.caudete.org\/ayuntamiento\/coser-y-cantar-de-la-compania-teloncillo-teatro-un-espectaculo-a-partir-de-los-6-meses\/"},"author":{"name":"Dpto Informatica MI Ayuntamiento de Caudete","@id":"https:\/\/www.caudete.org\/ayuntamiento\/#\/schema\/person\/4b9eab41761957db9b1bf9c418d1ef46"},"headline":"\u201cCoser y cantar\u201d de la Compa\u00f1\u00eda Teloncillo Teatro, un espect\u00e1culo a partir de los 6 meses","datePublished":"2025-04-03T06:00:06+00:00","dateModified":"2025-04-08T07:01:32+00:00","mainEntityOfPage":{"@id":"https:\/\/www.caudete.org\/ayuntamiento\/coser-y-cantar-de-la-compania-teloncillo-teatro-un-espectaculo-a-partir-de-los-6-meses\/"},"wordCount":325,"image":{"@id":"https:\/\/www.caudete.org\/ayuntamiento\/coser-y-cantar-de-la-compania-teloncillo-teatro-un-espectaculo-a-partir-de-los-6-meses\/#primaryimage"},"thumbnailUrl":"https:\/\/www.caudete.org\/ayuntamiento\/wp-content\/uploads\/2025\/03\/CoseryCantar1.jpg","articleSection":["Cultura"],"inLanguage":"es"},{"@type":"WebPage","@id":"https:\/\/www.caudete.org\/ayuntamiento\/coser-y-cantar-de-la-compania-teloncillo-teatro-un-espectaculo-a-partir-de-los-6-meses\/","url":"https:\/\/www.caudete.org\/ayuntamiento\/coser-y-cantar-de-la-compania-teloncillo-teatro-un-espectaculo-a-partir-de-los-6-meses\/","name":"\u201cCoser y cantar\u201d de la Compa\u00f1\u00eda Teloncillo Teatro, un espect\u00e1culo a partir de los 6 meses - MI Ayuntamiento de Caudete","isPartOf":{"@id":"https:\/\/www.caudete.org\/ayuntamiento\/#website"},"primaryImageOfPage":{"@id":"https:\/\/www.caudete.org\/ayuntamiento\/coser-y-cantar-de-la-compania-teloncillo-teatro-un-espectaculo-a-partir-de-los-6-meses\/#primaryimage"},"image":{"@id":"https:\/\/www.caudete.org\/ayuntamiento\/coser-y-cantar-de-la-compania-teloncillo-teatro-un-espectaculo-a-partir-de-los-6-meses\/#primaryimage"},"thumbnailUrl":"https:\/\/www.caudete.org\/ayuntamiento\/wp-content\/uploads\/2025\/03\/CoseryCantar1.jpg","datePublished":"2025-04-03T06:00:06+00:00","dateModified":"2025-04-08T07:01:32+00:00","author":{"@id":"https:\/\/www.caudete.org\/ayuntamiento\/#\/schema\/person\/4b9eab41761957db9b1bf9c418d1ef46"},"description":"P\u00e1gina Oficial del Ayuntamiento de Caudete (Albacete)","breadcrumb":{"@id":"https:\/\/www.caudete.org\/ayuntamiento\/coser-y-cantar-de-la-compania-teloncillo-teatro-un-espectaculo-a-partir-de-los-6-meses\/#breadcrumb"},"inLanguage":"es","potentialAction":[{"@type":"ReadAction","target":["https:\/\/www.caudete.org\/ayuntamiento\/coser-y-cantar-de-la-compania-teloncillo-teatro-un-espectaculo-a-partir-de-los-6-meses\/"]}]},{"@type":"ImageObject","inLanguage":"es","@id":"https:\/\/www.caudete.org\/ayuntamiento\/coser-y-cantar-de-la-compania-teloncillo-teatro-un-espectaculo-a-partir-de-los-6-meses\/#primaryimage","url":"https:\/\/www.caudete.org\/ayuntamiento\/wp-content\/uploads\/2025\/03\/CoseryCantar1.jpg","contentUrl":"https:\/\/www.caudete.org\/ayuntamiento\/wp-content\/uploads\/2025\/03\/CoseryCantar1.jpg","width":1000,"height":522},{"@type":"BreadcrumbList","@id":"https:\/\/www.caudete.org\/ayuntamiento\/coser-y-cantar-de-la-compania-teloncillo-teatro-un-espectaculo-a-partir-de-los-6-meses\/#breadcrumb","itemListElement":[{"@type":"ListItem","position":1,"name":"Inicio","item":"https:\/\/www.caudete.org\/ayuntamiento\/"},{"@type":"ListItem","position":2,"name":"\u201cCoser y cantar\u201d de la Compa\u00f1\u00eda Teloncillo Teatro, un espect\u00e1culo a partir de los 6 meses"}]},{"@type":"WebSite","@id":"https:\/\/www.caudete.org\/ayuntamiento\/#website","url":"https:\/\/www.caudete.org\/ayuntamiento\/","name":"MI Ayuntamiento de Caudete","description":"P\u00e1gina Oficial del MI Ayuntamiento de Caudete","potentialAction":[{"@type":"SearchAction","target":{"@type":"EntryPoint","urlTemplate":"https:\/\/www.caudete.org\/ayuntamiento\/?s={search_term_string}"},"query-input":{"@type":"PropertyValueSpecification","valueRequired":true,"valueName":"search_term_string"}}],"inLanguage":"es"},{"@type":"Person","@id":"https:\/\/www.caudete.org\/ayuntamiento\/#\/schema\/person\/4b9eab41761957db9b1bf9c418d1ef46","name":"Dpto Informatica MI Ayuntamiento de Caudete","image":{"@type":"ImageObject","inLanguage":"es","@id":"https:\/\/secure.gravatar.com\/avatar\/ac0321ee4a0a83e82a253e7b2d348ef539e2c8fe16d06b600bde04de1b364fa7?s=96&d=mm&r=g","url":"https:\/\/secure.gravatar.com\/avatar\/ac0321ee4a0a83e82a253e7b2d348ef539e2c8fe16d06b600bde04de1b364fa7?s=96&d=mm&r=g","contentUrl":"https:\/\/secure.gravatar.com\/avatar\/ac0321ee4a0a83e82a253e7b2d348ef539e2c8fe16d06b600bde04de1b364fa7?s=96&d=mm&r=g","caption":"Dpto Informatica MI Ayuntamiento de Caudete"},"url":"https:\/\/www.caudete.org\/ayuntamiento\/author\/informatica\/"}]}},"_links":{"self":[{"href":"https:\/\/www.caudete.org\/ayuntamiento\/wp-json\/wp\/v2\/posts\/28110","targetHints":{"allow":["GET"]}}],"collection":[{"href":"https:\/\/www.caudete.org\/ayuntamiento\/wp-json\/wp\/v2\/posts"}],"about":[{"href":"https:\/\/www.caudete.org\/ayuntamiento\/wp-json\/wp\/v2\/types\/post"}],"author":[{"embeddable":true,"href":"https:\/\/www.caudete.org\/ayuntamiento\/wp-json\/wp\/v2\/users\/5"}],"replies":[{"embeddable":true,"href":"https:\/\/www.caudete.org\/ayuntamiento\/wp-json\/wp\/v2\/comments?post=28110"}],"version-history":[{"count":3,"href":"https:\/\/www.caudete.org\/ayuntamiento\/wp-json\/wp\/v2\/posts\/28110\/revisions"}],"predecessor-version":[{"id":28155,"href":"https:\/\/www.caudete.org\/ayuntamiento\/wp-json\/wp\/v2\/posts\/28110\/revisions\/28155"}],"wp:featuredmedia":[{"embeddable":true,"href":"https:\/\/www.caudete.org\/ayuntamiento\/wp-json\/wp\/v2\/media\/28112"}],"wp:attachment":[{"href":"https:\/\/www.caudete.org\/ayuntamiento\/wp-json\/wp\/v2\/media?parent=28110"}],"wp:term":[{"taxonomy":"category","embeddable":true,"href":"https:\/\/www.caudete.org\/ayuntamiento\/wp-json\/wp\/v2\/categories?post=28110"},{"taxonomy":"post_tag","embeddable":true,"href":"https:\/\/www.caudete.org\/ayuntamiento\/wp-json\/wp\/v2\/tags?post=28110"}],"curies":[{"name":"wp","href":"https:\/\/api.w.org\/{rel}","templated":true}]}}