{"id":28117,"date":"2025-04-01T10:55:20","date_gmt":"2025-04-01T08:55:20","guid":{"rendered":"https:\/\/www.caudete.org\/ayuntamiento\/?p=28117"},"modified":"2025-04-01T10:55:20","modified_gmt":"2025-04-01T08:55:20","slug":"entrada-en-vigor-de-la-ordenanza-que-regula-la-tasa-por-la-retirada-de-vehiculos-en-la-via-publica","status":"publish","type":"post","link":"https:\/\/www.caudete.org\/ayuntamiento\/entrada-en-vigor-de-la-ordenanza-que-regula-la-tasa-por-la-retirada-de-vehiculos-en-la-via-publica\/","title":{"rendered":"Entrada en vigor de la Ordenanza que regula la tasa por la retirada de veh\u00edculos en la v\u00eda p\u00fablica"},"content":{"rendered":"<p style=\"text-align: justify;\"><em><strong>ENTRADA EN VIGOR DE LA MODIFICACI\u00d3N DE LA ORDENANZA FISCAL REGULADORA DE LA TASA DE INMOVILIZACION O RETIRADA DE VEHICULOS INCORRECTAMENTE ESTACIONADOS O ABANDONADOS Y LA CONSIGUIENTE CUSTODIA DE LOS MISMOS POR PARTE DEL M.I. AYUNTAMIENTO .<\/strong><\/em><\/p>\n<p style=\"text-align: justify;\">La Concejal de Seguridad, M\u00aa Dolores Requena, junto al Alcalde Mois\u00e9s L\u00f3pez, encargado adem\u00e1s del \u00e1rea de Movilidad, ponen en conocimiento de la ciudadan\u00eda que la modificaci\u00f3n de la <em>&#8220;Ordenanza Fiscal reguladora de la tasa por inmovilizaci\u00f3n o retirada de veh\u00edculos incorrectamente estacionados o abandonados y la consiguiente custodia de los mismos&#8221;, <\/em>fue aprobada inicialmente por el Pleno el pasado mes de diciembre y tras el periodo correspondiente de exposici\u00f3n p\u00fablica ha quedado aprobada definitivamente tras su publicaci\u00f3n en el BOP el pasado 12 de marzo.<\/p>\n<p style=\"text-align: justify;\">La entrada en vigor de dicha modificaci\u00f3n se produjo al d\u00eda siguiente de su publicaci\u00f3n, es decir el <strong>d\u00eda 13 de marzo de 2025.<\/strong><\/p>\n<p style=\"text-align: justify;\">Esta entrada en vigor ,implica la aplicaci\u00f3n de todas las modificaciones que se recogen en el texto como son las actualizaciones de los importes de las tasas por retirada de los veh\u00edculos abandonados, inmovilizados o estacionados incorrectamente en las v\u00edas p\u00fablicas de la localidad por parte de los servicios municipales, y la inclusi\u00f3n del pago de importes por custodia del veh\u00edculo en el dep\u00f3sito municipal a partir de las 24 horas de su retirada de la v\u00eda p\u00fablica (siempre que sea por causas ajenas a la Administraci\u00f3n).<\/p>\n<p style=\"text-align: justify;\">La propuesta de modificaci\u00f3n de esta ordenanza vino motivada por la necesidad de actualizar los costes que este servicio supone actualmente para el Ayuntamiento.<\/p>\n<p style=\"text-align: justify;\">Como ya se expuso en su d\u00eda, con esta modificaci\u00f3n se pretende ,evitar al m\u00e1ximo el desfase en los gastos que, en cierta forma, supone financiar a aquellos conductores que incumplan las leyes de tr\u00e1fico y estacionamiento.<\/p>\n","protected":false},"excerpt":{"rendered":"<p>ENTRADA EN VIGOR DE LA MODIFICACI\u00d3N DE LA ORDENANZA FISCAL REGULADORA DE LA TASA DE INMOVILIZACION O RETIRADA DE VEHICULOS INCORRECTAMENTE ESTACIONADOS O ABANDONADOS Y LA CONSIGUIENTE CUSTODIA DE LOS MISMOS POR PARTE DEL M.I. AYUNTAMIENTO . La Concejal de Seguridad, M\u00aa Dolores Requena, junto al Alcalde Mois\u00e9s L\u00f3pez, encargado adem\u00e1s del \u00e1rea de Movilidad, &hellip;<\/p>\n","protected":false},"author":3,"featured_media":28118,"comment_status":"closed","ping_status":"open","sticky":false,"template":"","format":"standard","meta":{"ngg_post_thumbnail":0,"footnotes":""},"categories":[880],"tags":[],"class_list":["post-28117","post","type-post","status-publish","format-standard","has-post-thumbnail","hentry","category-seguridad-y-movilidad"],"yoast_head":"<!-- This site is optimized with the Yoast SEO plugin v27.5 - https:\/\/yoast.com\/product\/yoast-seo-wordpress\/ -->\n<title>Entrada en vigor de la Ordenanza que regula la tasa por la retirada de veh\u00edculos en la v\u00eda p\u00fablica - MI Ayuntamiento de Caudete<\/title>\n<meta name=\"description\" content=\"P\u00e1gina Oficial del Ayuntamiento de Caudete (Albacete)\" \/>\n<meta name=\"robots\" content=\"index, follow, max-snippet:-1, max-image-preview:large, max-video-preview:-1\" \/>\n<link rel=\"canonical\" href=\"https:\/\/www.caudete.org\/ayuntamiento\/entrada-en-vigor-de-la-ordenanza-que-regula-la-tasa-por-la-retirada-de-vehiculos-en-la-via-publica\/\" \/>\n<meta property=\"og:locale\" content=\"es_ES\" \/>\n<meta property=\"og:type\" content=\"article\" \/>\n<meta property=\"og:title\" content=\"Entrada en vigor de la Ordenanza que regula la tasa por la retirada de veh\u00edculos en la v\u00eda p\u00fablica - MI Ayuntamiento de Caudete\" \/>\n<meta property=\"og:description\" content=\"P\u00e1gina Oficial del Ayuntamiento de Caudete (Albacete)\" \/>\n<meta property=\"og:url\" content=\"https:\/\/www.caudete.org\/ayuntamiento\/entrada-en-vigor-de-la-ordenanza-que-regula-la-tasa-por-la-retirada-de-vehiculos-en-la-via-publica\/\" \/>\n<meta property=\"og:site_name\" content=\"MI Ayuntamiento de Caudete\" \/>\n<meta property=\"article:publisher\" content=\"https:\/\/www.facebook.com\/ayuntamientocaudete\/\" \/>\n<meta property=\"article:published_time\" content=\"2025-04-01T08:55:20+00:00\" \/>\n<meta property=\"og:image\" content=\"https:\/\/www.caudete.org\/ayuntamiento\/wp-content\/uploads\/2025\/04\/grua-cocheG.jpg\" \/>\n\t<meta property=\"og:image:width\" content=\"1060\" \/>\n\t<meta property=\"og:image:height\" content=\"720\" \/>\n\t<meta property=\"og:image:type\" content=\"image\/jpeg\" \/>\n<meta name=\"author\" content=\"alcalde\" \/>\n<meta name=\"twitter:card\" content=\"summary_large_image\" \/>\n<meta name=\"twitter:label1\" content=\"Escrito por\" \/>\n\t<meta name=\"twitter:data1\" content=\"alcalde\" \/>\n\t<meta name=\"twitter:label2\" content=\"Tiempo de lectura\" \/>\n\t<meta name=\"twitter:data2\" content=\"2 minutos\" \/>\n<script type=\"application\/ld+json\" class=\"yoast-schema-graph\">{\"@context\":\"https:\\\/\\\/schema.org\",\"@graph\":[{\"@type\":\"Article\",\"@id\":\"https:\\\/\\\/www.caudete.org\\\/ayuntamiento\\\/entrada-en-vigor-de-la-ordenanza-que-regula-la-tasa-por-la-retirada-de-vehiculos-en-la-via-publica\\\/#article\",\"isPartOf\":{\"@id\":\"https:\\\/\\\/www.caudete.org\\\/ayuntamiento\\\/entrada-en-vigor-de-la-ordenanza-que-regula-la-tasa-por-la-retirada-de-vehiculos-en-la-via-publica\\\/\"},\"author\":{\"name\":\"alcalde\",\"@id\":\"https:\\\/\\\/www.caudete.org\\\/ayuntamiento\\\/#\\\/schema\\\/person\\\/cc646da9133078ee4d8dd47457947253\"},\"headline\":\"Entrada en vigor de la Ordenanza que regula la tasa por la retirada de veh\u00edculos en la v\u00eda p\u00fablica\",\"datePublished\":\"2025-04-01T08:55:20+00:00\",\"mainEntityOfPage\":{\"@id\":\"https:\\\/\\\/www.caudete.org\\\/ayuntamiento\\\/entrada-en-vigor-de-la-ordenanza-que-regula-la-tasa-por-la-retirada-de-vehiculos-en-la-via-publica\\\/\"},\"wordCount\":343,\"image\":{\"@id\":\"https:\\\/\\\/www.caudete.org\\\/ayuntamiento\\\/entrada-en-vigor-de-la-ordenanza-que-regula-la-tasa-por-la-retirada-de-vehiculos-en-la-via-publica\\\/#primaryimage\"},\"thumbnailUrl\":\"https:\\\/\\\/www.caudete.org\\\/ayuntamiento\\\/wp-content\\\/uploads\\\/2025\\\/04\\\/grua-cocheG.jpg\",\"articleSection\":[\"Seguridad y Movilidad\"],\"inLanguage\":\"es\"},{\"@type\":\"WebPage\",\"@id\":\"https:\\\/\\\/www.caudete.org\\\/ayuntamiento\\\/entrada-en-vigor-de-la-ordenanza-que-regula-la-tasa-por-la-retirada-de-vehiculos-en-la-via-publica\\\/\",\"url\":\"https:\\\/\\\/www.caudete.org\\\/ayuntamiento\\\/entrada-en-vigor-de-la-ordenanza-que-regula-la-tasa-por-la-retirada-de-vehiculos-en-la-via-publica\\\/\",\"name\":\"Entrada en vigor de la Ordenanza que regula la tasa por la retirada de veh\u00edculos en la v\u00eda p\u00fablica - MI Ayuntamiento de Caudete\",\"isPartOf\":{\"@id\":\"https:\\\/\\\/www.caudete.org\\\/ayuntamiento\\\/#website\"},\"primaryImageOfPage\":{\"@id\":\"https:\\\/\\\/www.caudete.org\\\/ayuntamiento\\\/entrada-en-vigor-de-la-ordenanza-que-regula-la-tasa-por-la-retirada-de-vehiculos-en-la-via-publica\\\/#primaryimage\"},\"image\":{\"@id\":\"https:\\\/\\\/www.caudete.org\\\/ayuntamiento\\\/entrada-en-vigor-de-la-ordenanza-que-regula-la-tasa-por-la-retirada-de-vehiculos-en-la-via-publica\\\/#primaryimage\"},\"thumbnailUrl\":\"https:\\\/\\\/www.caudete.org\\\/ayuntamiento\\\/wp-content\\\/uploads\\\/2025\\\/04\\\/grua-cocheG.jpg\",\"datePublished\":\"2025-04-01T08:55:20+00:00\",\"author\":{\"@id\":\"https:\\\/\\\/www.caudete.org\\\/ayuntamiento\\\/#\\\/schema\\\/person\\\/cc646da9133078ee4d8dd47457947253\"},\"description\":\"P\u00e1gina Oficial del Ayuntamiento de Caudete (Albacete)\",\"breadcrumb\":{\"@id\":\"https:\\\/\\\/www.caudete.org\\\/ayuntamiento\\\/entrada-en-vigor-de-la-ordenanza-que-regula-la-tasa-por-la-retirada-de-vehiculos-en-la-via-publica\\\/#breadcrumb\"},\"inLanguage\":\"es\",\"potentialAction\":[{\"@type\":\"ReadAction\",\"target\":[\"https:\\\/\\\/www.caudete.org\\\/ayuntamiento\\\/entrada-en-vigor-de-la-ordenanza-que-regula-la-tasa-por-la-retirada-de-vehiculos-en-la-via-publica\\\/\"]}]},{\"@type\":\"ImageObject\",\"inLanguage\":\"es\",\"@id\":\"https:\\\/\\\/www.caudete.org\\\/ayuntamiento\\\/entrada-en-vigor-de-la-ordenanza-que-regula-la-tasa-por-la-retirada-de-vehiculos-en-la-via-publica\\\/#primaryimage\",\"url\":\"https:\\\/\\\/www.caudete.org\\\/ayuntamiento\\\/wp-content\\\/uploads\\\/2025\\\/04\\\/grua-cocheG.jpg\",\"contentUrl\":\"https:\\\/\\\/www.caudete.org\\\/ayuntamiento\\\/wp-content\\\/uploads\\\/2025\\\/04\\\/grua-cocheG.jpg\",\"width\":1060,\"height\":720},{\"@type\":\"BreadcrumbList\",\"@id\":\"https:\\\/\\\/www.caudete.org\\\/ayuntamiento\\\/entrada-en-vigor-de-la-ordenanza-que-regula-la-tasa-por-la-retirada-de-vehiculos-en-la-via-publica\\\/#breadcrumb\",\"itemListElement\":[{\"@type\":\"ListItem\",\"position\":1,\"name\":\"Inicio\",\"item\":\"https:\\\/\\\/www.caudete.org\\\/ayuntamiento\\\/\"},{\"@type\":\"ListItem\",\"position\":2,\"name\":\"Entrada en vigor de la Ordenanza que regula la tasa por la retirada de veh\u00edculos en la v\u00eda p\u00fablica\"}]},{\"@type\":\"WebSite\",\"@id\":\"https:\\\/\\\/www.caudete.org\\\/ayuntamiento\\\/#website\",\"url\":\"https:\\\/\\\/www.caudete.org\\\/ayuntamiento\\\/\",\"name\":\"MI Ayuntamiento de Caudete\",\"description\":\"P\u00e1gina Oficial del MI Ayuntamiento de Caudete\",\"potentialAction\":[{\"@type\":\"SearchAction\",\"target\":{\"@type\":\"EntryPoint\",\"urlTemplate\":\"https:\\\/\\\/www.caudete.org\\\/ayuntamiento\\\/?s={search_term_string}\"},\"query-input\":{\"@type\":\"PropertyValueSpecification\",\"valueRequired\":true,\"valueName\":\"search_term_string\"}}],\"inLanguage\":\"es\"},{\"@type\":\"Person\",\"@id\":\"https:\\\/\\\/www.caudete.org\\\/ayuntamiento\\\/#\\\/schema\\\/person\\\/cc646da9133078ee4d8dd47457947253\",\"name\":\"alcalde\",\"image\":{\"@type\":\"ImageObject\",\"inLanguage\":\"es\",\"@id\":\"https:\\\/\\\/secure.gravatar.com\\\/avatar\\\/84a817ba065b29ff08d666b215a215f5c79186a645ccb25b14a663d48a130f77?s=96&d=mm&r=g\",\"url\":\"https:\\\/\\\/secure.gravatar.com\\\/avatar\\\/84a817ba065b29ff08d666b215a215f5c79186a645ccb25b14a663d48a130f77?s=96&d=mm&r=g\",\"contentUrl\":\"https:\\\/\\\/secure.gravatar.com\\\/avatar\\\/84a817ba065b29ff08d666b215a215f5c79186a645ccb25b14a663d48a130f77?s=96&d=mm&r=g\",\"caption\":\"alcalde\"},\"url\":\"https:\\\/\\\/www.caudete.org\\\/ayuntamiento\\\/author\\\/alcalde\\\/\"}]}<\/script>\n<!-- \/ Yoast SEO plugin. -->","yoast_head_json":{"title":"Entrada en vigor de la Ordenanza que regula la tasa por la retirada de veh\u00edculos en la v\u00eda p\u00fablica - MI Ayuntamiento de Caudete","description":"P\u00e1gina Oficial del Ayuntamiento de Caudete (Albacete)","robots":{"index":"index","follow":"follow","max-snippet":"max-snippet:-1","max-image-preview":"max-image-preview:large","max-video-preview":"max-video-preview:-1"},"canonical":"https:\/\/www.caudete.org\/ayuntamiento\/entrada-en-vigor-de-la-ordenanza-que-regula-la-tasa-por-la-retirada-de-vehiculos-en-la-via-publica\/","og_locale":"es_ES","og_type":"article","og_title":"Entrada en vigor de la Ordenanza que regula la tasa por la retirada de veh\u00edculos en la v\u00eda p\u00fablica - MI Ayuntamiento de Caudete","og_description":"P\u00e1gina Oficial del Ayuntamiento de Caudete (Albacete)","og_url":"https:\/\/www.caudete.org\/ayuntamiento\/entrada-en-vigor-de-la-ordenanza-que-regula-la-tasa-por-la-retirada-de-vehiculos-en-la-via-publica\/","og_site_name":"MI Ayuntamiento de Caudete","article_publisher":"https:\/\/www.facebook.com\/ayuntamientocaudete\/","article_published_time":"2025-04-01T08:55:20+00:00","og_image":[{"width":1060,"height":720,"url":"https:\/\/www.caudete.org\/ayuntamiento\/wp-content\/uploads\/2025\/04\/grua-cocheG.jpg","type":"image\/jpeg"}],"author":"alcalde","twitter_card":"summary_large_image","twitter_misc":{"Escrito por":"alcalde","Tiempo de lectura":"2 minutos"},"schema":{"@context":"https:\/\/schema.org","@graph":[{"@type":"Article","@id":"https:\/\/www.caudete.org\/ayuntamiento\/entrada-en-vigor-de-la-ordenanza-que-regula-la-tasa-por-la-retirada-de-vehiculos-en-la-via-publica\/#article","isPartOf":{"@id":"https:\/\/www.caudete.org\/ayuntamiento\/entrada-en-vigor-de-la-ordenanza-que-regula-la-tasa-por-la-retirada-de-vehiculos-en-la-via-publica\/"},"author":{"name":"alcalde","@id":"https:\/\/www.caudete.org\/ayuntamiento\/#\/schema\/person\/cc646da9133078ee4d8dd47457947253"},"headline":"Entrada en vigor de la Ordenanza que regula la tasa por la retirada de veh\u00edculos en la v\u00eda p\u00fablica","datePublished":"2025-04-01T08:55:20+00:00","mainEntityOfPage":{"@id":"https:\/\/www.caudete.org\/ayuntamiento\/entrada-en-vigor-de-la-ordenanza-que-regula-la-tasa-por-la-retirada-de-vehiculos-en-la-via-publica\/"},"wordCount":343,"image":{"@id":"https:\/\/www.caudete.org\/ayuntamiento\/entrada-en-vigor-de-la-ordenanza-que-regula-la-tasa-por-la-retirada-de-vehiculos-en-la-via-publica\/#primaryimage"},"thumbnailUrl":"https:\/\/www.caudete.org\/ayuntamiento\/wp-content\/uploads\/2025\/04\/grua-cocheG.jpg","articleSection":["Seguridad y Movilidad"],"inLanguage":"es"},{"@type":"WebPage","@id":"https:\/\/www.caudete.org\/ayuntamiento\/entrada-en-vigor-de-la-ordenanza-que-regula-la-tasa-por-la-retirada-de-vehiculos-en-la-via-publica\/","url":"https:\/\/www.caudete.org\/ayuntamiento\/entrada-en-vigor-de-la-ordenanza-que-regula-la-tasa-por-la-retirada-de-vehiculos-en-la-via-publica\/","name":"Entrada en vigor de la Ordenanza que regula la tasa por la retirada de veh\u00edculos en la v\u00eda p\u00fablica - MI Ayuntamiento de Caudete","isPartOf":{"@id":"https:\/\/www.caudete.org\/ayuntamiento\/#website"},"primaryImageOfPage":{"@id":"https:\/\/www.caudete.org\/ayuntamiento\/entrada-en-vigor-de-la-ordenanza-que-regula-la-tasa-por-la-retirada-de-vehiculos-en-la-via-publica\/#primaryimage"},"image":{"@id":"https:\/\/www.caudete.org\/ayuntamiento\/entrada-en-vigor-de-la-ordenanza-que-regula-la-tasa-por-la-retirada-de-vehiculos-en-la-via-publica\/#primaryimage"},"thumbnailUrl":"https:\/\/www.caudete.org\/ayuntamiento\/wp-content\/uploads\/2025\/04\/grua-cocheG.jpg","datePublished":"2025-04-01T08:55:20+00:00","author":{"@id":"https:\/\/www.caudete.org\/ayuntamiento\/#\/schema\/person\/cc646da9133078ee4d8dd47457947253"},"description":"P\u00e1gina Oficial del Ayuntamiento de Caudete (Albacete)","breadcrumb":{"@id":"https:\/\/www.caudete.org\/ayuntamiento\/entrada-en-vigor-de-la-ordenanza-que-regula-la-tasa-por-la-retirada-de-vehiculos-en-la-via-publica\/#breadcrumb"},"inLanguage":"es","potentialAction":[{"@type":"ReadAction","target":["https:\/\/www.caudete.org\/ayuntamiento\/entrada-en-vigor-de-la-ordenanza-que-regula-la-tasa-por-la-retirada-de-vehiculos-en-la-via-publica\/"]}]},{"@type":"ImageObject","inLanguage":"es","@id":"https:\/\/www.caudete.org\/ayuntamiento\/entrada-en-vigor-de-la-ordenanza-que-regula-la-tasa-por-la-retirada-de-vehiculos-en-la-via-publica\/#primaryimage","url":"https:\/\/www.caudete.org\/ayuntamiento\/wp-content\/uploads\/2025\/04\/grua-cocheG.jpg","contentUrl":"https:\/\/www.caudete.org\/ayuntamiento\/wp-content\/uploads\/2025\/04\/grua-cocheG.jpg","width":1060,"height":720},{"@type":"BreadcrumbList","@id":"https:\/\/www.caudete.org\/ayuntamiento\/entrada-en-vigor-de-la-ordenanza-que-regula-la-tasa-por-la-retirada-de-vehiculos-en-la-via-publica\/#breadcrumb","itemListElement":[{"@type":"ListItem","position":1,"name":"Inicio","item":"https:\/\/www.caudete.org\/ayuntamiento\/"},{"@type":"ListItem","position":2,"name":"Entrada en vigor de la Ordenanza que regula la tasa por la retirada de veh\u00edculos en la v\u00eda p\u00fablica"}]},{"@type":"WebSite","@id":"https:\/\/www.caudete.org\/ayuntamiento\/#website","url":"https:\/\/www.caudete.org\/ayuntamiento\/","name":"MI Ayuntamiento de Caudete","description":"P\u00e1gina Oficial del MI Ayuntamiento de Caudete","potentialAction":[{"@type":"SearchAction","target":{"@type":"EntryPoint","urlTemplate":"https:\/\/www.caudete.org\/ayuntamiento\/?s={search_term_string}"},"query-input":{"@type":"PropertyValueSpecification","valueRequired":true,"valueName":"search_term_string"}}],"inLanguage":"es"},{"@type":"Person","@id":"https:\/\/www.caudete.org\/ayuntamiento\/#\/schema\/person\/cc646da9133078ee4d8dd47457947253","name":"alcalde","image":{"@type":"ImageObject","inLanguage":"es","@id":"https:\/\/secure.gravatar.com\/avatar\/84a817ba065b29ff08d666b215a215f5c79186a645ccb25b14a663d48a130f77?s=96&d=mm&r=g","url":"https:\/\/secure.gravatar.com\/avatar\/84a817ba065b29ff08d666b215a215f5c79186a645ccb25b14a663d48a130f77?s=96&d=mm&r=g","contentUrl":"https:\/\/secure.gravatar.com\/avatar\/84a817ba065b29ff08d666b215a215f5c79186a645ccb25b14a663d48a130f77?s=96&d=mm&r=g","caption":"alcalde"},"url":"https:\/\/www.caudete.org\/ayuntamiento\/author\/alcalde\/"}]}},"_links":{"self":[{"href":"https:\/\/www.caudete.org\/ayuntamiento\/wp-json\/wp\/v2\/posts\/28117","targetHints":{"allow":["GET"]}}],"collection":[{"href":"https:\/\/www.caudete.org\/ayuntamiento\/wp-json\/wp\/v2\/posts"}],"about":[{"href":"https:\/\/www.caudete.org\/ayuntamiento\/wp-json\/wp\/v2\/types\/post"}],"author":[{"embeddable":true,"href":"https:\/\/www.caudete.org\/ayuntamiento\/wp-json\/wp\/v2\/users\/3"}],"replies":[{"embeddable":true,"href":"https:\/\/www.caudete.org\/ayuntamiento\/wp-json\/wp\/v2\/comments?post=28117"}],"version-history":[{"count":1,"href":"https:\/\/www.caudete.org\/ayuntamiento\/wp-json\/wp\/v2\/posts\/28117\/revisions"}],"predecessor-version":[{"id":28119,"href":"https:\/\/www.caudete.org\/ayuntamiento\/wp-json\/wp\/v2\/posts\/28117\/revisions\/28119"}],"wp:featuredmedia":[{"embeddable":true,"href":"https:\/\/www.caudete.org\/ayuntamiento\/wp-json\/wp\/v2\/media\/28118"}],"wp:attachment":[{"href":"https:\/\/www.caudete.org\/ayuntamiento\/wp-json\/wp\/v2\/media?parent=28117"}],"wp:term":[{"taxonomy":"category","embeddable":true,"href":"https:\/\/www.caudete.org\/ayuntamiento\/wp-json\/wp\/v2\/categories?post=28117"},{"taxonomy":"post_tag","embeddable":true,"href":"https:\/\/www.caudete.org\/ayuntamiento\/wp-json\/wp\/v2\/tags?post=28117"}],"curies":[{"name":"wp","href":"https:\/\/api.w.org\/{rel}","templated":true}]}}