{"id":28142,"date":"2025-04-04T08:00:16","date_gmt":"2025-04-04T06:00:16","guid":{"rendered":"https:\/\/www.caudete.org\/ayuntamiento\/?p=28142"},"modified":"2025-04-03T11:59:39","modified_gmt":"2025-04-03T09:59:39","slug":"exito-rotundo-de-los-atletas-de-edm-caudete-en-los-campeonatos-provinciales-de-atletismo","status":"publish","type":"post","link":"https:\/\/www.caudete.org\/ayuntamiento\/exito-rotundo-de-los-atletas-de-edm-caudete-en-los-campeonatos-provinciales-de-atletismo\/","title":{"rendered":"\u00c9xito Rotundo de los atletas de EDM CAUDETE en los Campeonatos Provinciales de Atletismo"},"content":{"rendered":"<p>La Concejal de Deportes, Pilar Egea, se complace en anunciar los extraordinarios resultados obtenidos por los atletas de las Escuelas Deportivas Municipales de Caudete en la tercera jornada de los Campeonatos Provinciales de Atletismo en pista, celebrados el pasado s\u00e1bado 29 de marzo en Albacete.<\/p>\n<p>Los atletas de Caudete han demostrado un desempe\u00f1o excepcional, consiguiendo 6 medallas adicionales, que sumadas a las 18 obtenidas en las dos jornadas anteriores, elevan el total a 24 medallas. Esta cifra representa el mayor logro en la historia del atletismo local hasta la fecha.<\/p>\n<p>Adem\u00e1s de las medallas, cabe destacar la participaci\u00f3n de muchos atletas de las EDM de CAUDETE en las finales de diversas pruebas. En las tres pruebas de velocidad (80m sub14 masculino, 100m sub18 masculino y femenino), 8 de los 24 finalistas eran de Caudete, consolid\u00e1ndose como el equipo como el m\u00e1s fuerte de la provincia en esta disciplina.<br \/>\nResaltar que un gran n\u00famero de atletas lograron las marcas m\u00ednimas requeridas para participar en los pr\u00f3ximos campeonatos de Castilla-La Mancha, que se celebrar\u00e1n durante los fines de semana de abril y mayo en Guadalajara, Albacete, Cuenca, Toledo y Ciudad Real.<\/p>\n<p>Los medallistas de esta jornada fueron para los siguientes atletas:<br \/>\n\u2022 <strong>Alex Camarasa<\/strong>: Plata en 80m sub14.<br \/>\n\u2022 <strong>Daniela Vicente:<\/strong> Plata en lanzamiento de jabalina sub16.<br \/>\n\u2022 <strong>Cristina Asensio:<\/strong> Oro en 100m sub18.<br \/>\n\u2022 <strong>\u00c1ngel Torres:<\/strong> Plata en 100m y salto de longitud sub18.<br \/>\n\u2022 <strong>Miguel Cantero:<\/strong> Bronce en 100m sub18.<\/p>\n<p>La Concejal, Pilar Egea, ha aprovechado para felicitar a todos los atletas por su dedicaci\u00f3n y esfuerzo, as\u00ed como a los entrenadores por su excelente labor. &#8220;Estos resultados son fruto del trabajo constante y la pasi\u00f3n por el deporte que caracteriza a nuestros j\u00f3venes atletas. Estamos muy orgullosos de su desempe\u00f1o y les deseamos mucho \u00e9xito en los pr\u00f3ximos campeonatos regionales&#8221;, declar\u00f3 la concejala.<\/p>\n<p>La Concejal\u00eda de Deportes del Ayuntamiento de Caudete reafirma su compromiso con el fomento del deporte y el apoyo a los j\u00f3venes talentos locales.<a href=\"https:\/\/www.caudete.org\/ayuntamiento\/wp-content\/uploads\/2025\/04\/1000164753.jpg\" rel='prettyPhoto'><img fetchpriority=\"high\" decoding=\"async\" class=\"alignnone size-full wp-image-28143\" src=\"https:\/\/www.caudete.org\/ayuntamiento\/wp-content\/uploads\/2025\/04\/1000164753.jpg\" alt=\"\" width=\"1000\" height=\"750\" srcset=\"https:\/\/www.caudete.org\/ayuntamiento\/wp-content\/uploads\/2025\/04\/1000164753.jpg 1000w, https:\/\/www.caudete.org\/ayuntamiento\/wp-content\/uploads\/2025\/04\/1000164753-533x400.jpg 533w, https:\/\/www.caudete.org\/ayuntamiento\/wp-content\/uploads\/2025\/04\/1000164753-768x576.jpg 768w\" sizes=\"(max-width: 1000px) 100vw, 1000px\" \/><\/a> <a href=\"https:\/\/www.caudete.org\/ayuntamiento\/wp-content\/uploads\/2025\/04\/1000164762.jpg\" rel='prettyPhoto'><img decoding=\"async\" class=\"alignnone size-full wp-image-28144\" src=\"https:\/\/www.caudete.org\/ayuntamiento\/wp-content\/uploads\/2025\/04\/1000164762.jpg\" alt=\"\" width=\"1000\" height=\"750\" srcset=\"https:\/\/www.caudete.org\/ayuntamiento\/wp-content\/uploads\/2025\/04\/1000164762.jpg 1000w, https:\/\/www.caudete.org\/ayuntamiento\/wp-content\/uploads\/2025\/04\/1000164762-533x400.jpg 533w, https:\/\/www.caudete.org\/ayuntamiento\/wp-content\/uploads\/2025\/04\/1000164762-768x576.jpg 768w\" sizes=\"(max-width: 1000px) 100vw, 1000px\" \/><\/a> <a href=\"https:\/\/www.caudete.org\/ayuntamiento\/wp-content\/uploads\/2025\/04\/IMG-20250329-WA0020.jpg\" rel='prettyPhoto'><img decoding=\"async\" class=\"alignnone size-full wp-image-28145\" src=\"https:\/\/www.caudete.org\/ayuntamiento\/wp-content\/uploads\/2025\/04\/IMG-20250329-WA0020.jpg\" alt=\"\" width=\"451\" height=\"1000\" srcset=\"https:\/\/www.caudete.org\/ayuntamiento\/wp-content\/uploads\/2025\/04\/IMG-20250329-WA0020.jpg 451w, https:\/\/www.caudete.org\/ayuntamiento\/wp-content\/uploads\/2025\/04\/IMG-20250329-WA0020-180x400.jpg 180w, https:\/\/www.caudete.org\/ayuntamiento\/wp-content\/uploads\/2025\/04\/IMG-20250329-WA0020-361x800.jpg 361w\" sizes=\"(max-width: 451px) 100vw, 451px\" \/><\/a> <a href=\"https:\/\/www.caudete.org\/ayuntamiento\/wp-content\/uploads\/2025\/04\/IMG-20250329-WA0021.jpg\" rel='prettyPhoto'><img loading=\"lazy\" decoding=\"async\" class=\"alignnone size-full wp-image-28146\" src=\"https:\/\/www.caudete.org\/ayuntamiento\/wp-content\/uploads\/2025\/04\/IMG-20250329-WA0021.jpg\" alt=\"\" width=\"1536\" height=\"2048\" srcset=\"https:\/\/www.caudete.org\/ayuntamiento\/wp-content\/uploads\/2025\/04\/IMG-20250329-WA0021.jpg 1536w, https:\/\/www.caudete.org\/ayuntamiento\/wp-content\/uploads\/2025\/04\/IMG-20250329-WA0021-300x400.jpg 300w, https:\/\/www.caudete.org\/ayuntamiento\/wp-content\/uploads\/2025\/04\/IMG-20250329-WA0021-600x800.jpg 600w, https:\/\/www.caudete.org\/ayuntamiento\/wp-content\/uploads\/2025\/04\/IMG-20250329-WA0021-768x1024.jpg 768w, https:\/\/www.caudete.org\/ayuntamiento\/wp-content\/uploads\/2025\/04\/IMG-20250329-WA0021-1152x1536.jpg 1152w\" sizes=\"(max-width: 1536px) 100vw, 1536px\" \/><\/a><\/p>\n<p>&nbsp;<\/p>\n","protected":false},"excerpt":{"rendered":"<p>La Concejal de Deportes, Pilar Egea, se complace en anunciar los extraordinarios resultados obtenidos por los atletas de las Escuelas Deportivas Municipales de Caudete en la tercera jornada de los Campeonatos Provinciales de Atletismo en pista, celebrados el pasado s\u00e1bado 29 de marzo en Albacete. Los atletas de Caudete han demostrado un desempe\u00f1o excepcional, consiguiendo &hellip;<\/p>\n","protected":false},"author":5,"featured_media":28147,"comment_status":"closed","ping_status":"open","sticky":false,"template":"","format":"standard","meta":{"ngg_post_thumbnail":0,"footnotes":""},"categories":[23],"tags":[],"class_list":["post-28142","post","type-post","status-publish","format-standard","has-post-thumbnail","hentry","category-deportes"],"yoast_head":"<!-- This site is optimized with the Yoast SEO plugin v27.5 - https:\/\/yoast.com\/product\/yoast-seo-wordpress\/ -->\n<title>\u00c9xito Rotundo de los atletas de EDM CAUDETE en los Campeonatos Provinciales de Atletismo - MI Ayuntamiento de Caudete<\/title>\n<meta name=\"description\" content=\"P\u00e1gina Oficial del Ayuntamiento de Caudete (Albacete)\" \/>\n<meta name=\"robots\" content=\"index, follow, max-snippet:-1, max-image-preview:large, max-video-preview:-1\" \/>\n<link rel=\"canonical\" href=\"https:\/\/www.caudete.org\/ayuntamiento\/exito-rotundo-de-los-atletas-de-edm-caudete-en-los-campeonatos-provinciales-de-atletismo\/\" \/>\n<meta property=\"og:locale\" content=\"es_ES\" \/>\n<meta property=\"og:type\" content=\"article\" \/>\n<meta property=\"og:title\" content=\"\u00c9xito Rotundo de los atletas de EDM CAUDETE en los Campeonatos Provinciales de Atletismo - MI Ayuntamiento de Caudete\" \/>\n<meta property=\"og:description\" content=\"P\u00e1gina Oficial del Ayuntamiento de Caudete (Albacete)\" \/>\n<meta property=\"og:url\" content=\"https:\/\/www.caudete.org\/ayuntamiento\/exito-rotundo-de-los-atletas-de-edm-caudete-en-los-campeonatos-provinciales-de-atletismo\/\" \/>\n<meta property=\"og:site_name\" content=\"MI Ayuntamiento de Caudete\" \/>\n<meta property=\"article:publisher\" content=\"https:\/\/www.facebook.com\/ayuntamientocaudete\/\" \/>\n<meta property=\"article:published_time\" content=\"2025-04-04T06:00:16+00:00\" \/>\n<meta property=\"og:image\" content=\"https:\/\/www.caudete.org\/ayuntamiento\/wp-content\/uploads\/2025\/04\/Atletismo1_port.jpg\" \/>\n\t<meta property=\"og:image:width\" content=\"1527\" \/>\n\t<meta property=\"og:image:height\" content=\"808\" \/>\n\t<meta property=\"og:image:type\" content=\"image\/jpeg\" \/>\n<meta name=\"author\" content=\"Dpto Informatica MI Ayuntamiento de Caudete\" \/>\n<meta name=\"twitter:card\" content=\"summary_large_image\" \/>\n<meta name=\"twitter:label1\" content=\"Escrito por\" \/>\n\t<meta name=\"twitter:data1\" content=\"Dpto Informatica MI Ayuntamiento de Caudete\" \/>\n\t<meta name=\"twitter:label2\" content=\"Tiempo de lectura\" \/>\n\t<meta name=\"twitter:data2\" content=\"3 minutos\" \/>\n<script type=\"application\/ld+json\" class=\"yoast-schema-graph\">{\"@context\":\"https:\\\/\\\/schema.org\",\"@graph\":[{\"@type\":\"Article\",\"@id\":\"https:\\\/\\\/www.caudete.org\\\/ayuntamiento\\\/exito-rotundo-de-los-atletas-de-edm-caudete-en-los-campeonatos-provinciales-de-atletismo\\\/#article\",\"isPartOf\":{\"@id\":\"https:\\\/\\\/www.caudete.org\\\/ayuntamiento\\\/exito-rotundo-de-los-atletas-de-edm-caudete-en-los-campeonatos-provinciales-de-atletismo\\\/\"},\"author\":{\"name\":\"Dpto Informatica MI Ayuntamiento de Caudete\",\"@id\":\"https:\\\/\\\/www.caudete.org\\\/ayuntamiento\\\/#\\\/schema\\\/person\\\/4b9eab41761957db9b1bf9c418d1ef46\"},\"headline\":\"\u00c9xito Rotundo de los atletas de EDM CAUDETE en los Campeonatos Provinciales de Atletismo\",\"datePublished\":\"2025-04-04T06:00:16+00:00\",\"mainEntityOfPage\":{\"@id\":\"https:\\\/\\\/www.caudete.org\\\/ayuntamiento\\\/exito-rotundo-de-los-atletas-de-edm-caudete-en-los-campeonatos-provinciales-de-atletismo\\\/\"},\"wordCount\":349,\"image\":{\"@id\":\"https:\\\/\\\/www.caudete.org\\\/ayuntamiento\\\/exito-rotundo-de-los-atletas-de-edm-caudete-en-los-campeonatos-provinciales-de-atletismo\\\/#primaryimage\"},\"thumbnailUrl\":\"https:\\\/\\\/www.caudete.org\\\/ayuntamiento\\\/wp-content\\\/uploads\\\/2025\\\/04\\\/Atletismo1_port.jpg\",\"articleSection\":[\"Deportes\"],\"inLanguage\":\"es\"},{\"@type\":\"WebPage\",\"@id\":\"https:\\\/\\\/www.caudete.org\\\/ayuntamiento\\\/exito-rotundo-de-los-atletas-de-edm-caudete-en-los-campeonatos-provinciales-de-atletismo\\\/\",\"url\":\"https:\\\/\\\/www.caudete.org\\\/ayuntamiento\\\/exito-rotundo-de-los-atletas-de-edm-caudete-en-los-campeonatos-provinciales-de-atletismo\\\/\",\"name\":\"\u00c9xito Rotundo de los atletas de EDM CAUDETE en los Campeonatos Provinciales de Atletismo - MI Ayuntamiento de Caudete\",\"isPartOf\":{\"@id\":\"https:\\\/\\\/www.caudete.org\\\/ayuntamiento\\\/#website\"},\"primaryImageOfPage\":{\"@id\":\"https:\\\/\\\/www.caudete.org\\\/ayuntamiento\\\/exito-rotundo-de-los-atletas-de-edm-caudete-en-los-campeonatos-provinciales-de-atletismo\\\/#primaryimage\"},\"image\":{\"@id\":\"https:\\\/\\\/www.caudete.org\\\/ayuntamiento\\\/exito-rotundo-de-los-atletas-de-edm-caudete-en-los-campeonatos-provinciales-de-atletismo\\\/#primaryimage\"},\"thumbnailUrl\":\"https:\\\/\\\/www.caudete.org\\\/ayuntamiento\\\/wp-content\\\/uploads\\\/2025\\\/04\\\/Atletismo1_port.jpg\",\"datePublished\":\"2025-04-04T06:00:16+00:00\",\"author\":{\"@id\":\"https:\\\/\\\/www.caudete.org\\\/ayuntamiento\\\/#\\\/schema\\\/person\\\/4b9eab41761957db9b1bf9c418d1ef46\"},\"description\":\"P\u00e1gina Oficial del Ayuntamiento de Caudete (Albacete)\",\"breadcrumb\":{\"@id\":\"https:\\\/\\\/www.caudete.org\\\/ayuntamiento\\\/exito-rotundo-de-los-atletas-de-edm-caudete-en-los-campeonatos-provinciales-de-atletismo\\\/#breadcrumb\"},\"inLanguage\":\"es\",\"potentialAction\":[{\"@type\":\"ReadAction\",\"target\":[\"https:\\\/\\\/www.caudete.org\\\/ayuntamiento\\\/exito-rotundo-de-los-atletas-de-edm-caudete-en-los-campeonatos-provinciales-de-atletismo\\\/\"]}]},{\"@type\":\"ImageObject\",\"inLanguage\":\"es\",\"@id\":\"https:\\\/\\\/www.caudete.org\\\/ayuntamiento\\\/exito-rotundo-de-los-atletas-de-edm-caudete-en-los-campeonatos-provinciales-de-atletismo\\\/#primaryimage\",\"url\":\"https:\\\/\\\/www.caudete.org\\\/ayuntamiento\\\/wp-content\\\/uploads\\\/2025\\\/04\\\/Atletismo1_port.jpg\",\"contentUrl\":\"https:\\\/\\\/www.caudete.org\\\/ayuntamiento\\\/wp-content\\\/uploads\\\/2025\\\/04\\\/Atletismo1_port.jpg\",\"width\":1527,\"height\":808},{\"@type\":\"BreadcrumbList\",\"@id\":\"https:\\\/\\\/www.caudete.org\\\/ayuntamiento\\\/exito-rotundo-de-los-atletas-de-edm-caudete-en-los-campeonatos-provinciales-de-atletismo\\\/#breadcrumb\",\"itemListElement\":[{\"@type\":\"ListItem\",\"position\":1,\"name\":\"Inicio\",\"item\":\"https:\\\/\\\/www.caudete.org\\\/ayuntamiento\\\/\"},{\"@type\":\"ListItem\",\"position\":2,\"name\":\"\u00c9xito Rotundo de los atletas de EDM CAUDETE en los Campeonatos Provinciales de Atletismo\"}]},{\"@type\":\"WebSite\",\"@id\":\"https:\\\/\\\/www.caudete.org\\\/ayuntamiento\\\/#website\",\"url\":\"https:\\\/\\\/www.caudete.org\\\/ayuntamiento\\\/\",\"name\":\"MI Ayuntamiento de Caudete\",\"description\":\"P\u00e1gina Oficial del MI Ayuntamiento de Caudete\",\"potentialAction\":[{\"@type\":\"SearchAction\",\"target\":{\"@type\":\"EntryPoint\",\"urlTemplate\":\"https:\\\/\\\/www.caudete.org\\\/ayuntamiento\\\/?s={search_term_string}\"},\"query-input\":{\"@type\":\"PropertyValueSpecification\",\"valueRequired\":true,\"valueName\":\"search_term_string\"}}],\"inLanguage\":\"es\"},{\"@type\":\"Person\",\"@id\":\"https:\\\/\\\/www.caudete.org\\\/ayuntamiento\\\/#\\\/schema\\\/person\\\/4b9eab41761957db9b1bf9c418d1ef46\",\"name\":\"Dpto Informatica MI Ayuntamiento de Caudete\",\"image\":{\"@type\":\"ImageObject\",\"inLanguage\":\"es\",\"@id\":\"https:\\\/\\\/secure.gravatar.com\\\/avatar\\\/ac0321ee4a0a83e82a253e7b2d348ef539e2c8fe16d06b600bde04de1b364fa7?s=96&d=mm&r=g\",\"url\":\"https:\\\/\\\/secure.gravatar.com\\\/avatar\\\/ac0321ee4a0a83e82a253e7b2d348ef539e2c8fe16d06b600bde04de1b364fa7?s=96&d=mm&r=g\",\"contentUrl\":\"https:\\\/\\\/secure.gravatar.com\\\/avatar\\\/ac0321ee4a0a83e82a253e7b2d348ef539e2c8fe16d06b600bde04de1b364fa7?s=96&d=mm&r=g\",\"caption\":\"Dpto Informatica MI Ayuntamiento de Caudete\"},\"url\":\"https:\\\/\\\/www.caudete.org\\\/ayuntamiento\\\/author\\\/informatica\\\/\"}]}<\/script>\n<!-- \/ Yoast SEO plugin. -->","yoast_head_json":{"title":"\u00c9xito Rotundo de los atletas de EDM CAUDETE en los Campeonatos Provinciales de Atletismo - MI Ayuntamiento de Caudete","description":"P\u00e1gina Oficial del Ayuntamiento de Caudete (Albacete)","robots":{"index":"index","follow":"follow","max-snippet":"max-snippet:-1","max-image-preview":"max-image-preview:large","max-video-preview":"max-video-preview:-1"},"canonical":"https:\/\/www.caudete.org\/ayuntamiento\/exito-rotundo-de-los-atletas-de-edm-caudete-en-los-campeonatos-provinciales-de-atletismo\/","og_locale":"es_ES","og_type":"article","og_title":"\u00c9xito Rotundo de los atletas de EDM CAUDETE en los Campeonatos Provinciales de Atletismo - MI Ayuntamiento de Caudete","og_description":"P\u00e1gina Oficial del Ayuntamiento de Caudete (Albacete)","og_url":"https:\/\/www.caudete.org\/ayuntamiento\/exito-rotundo-de-los-atletas-de-edm-caudete-en-los-campeonatos-provinciales-de-atletismo\/","og_site_name":"MI Ayuntamiento de Caudete","article_publisher":"https:\/\/www.facebook.com\/ayuntamientocaudete\/","article_published_time":"2025-04-04T06:00:16+00:00","og_image":[{"width":1527,"height":808,"url":"https:\/\/www.caudete.org\/ayuntamiento\/wp-content\/uploads\/2025\/04\/Atletismo1_port.jpg","type":"image\/jpeg"}],"author":"Dpto Informatica MI Ayuntamiento de Caudete","twitter_card":"summary_large_image","twitter_misc":{"Escrito por":"Dpto Informatica MI Ayuntamiento de Caudete","Tiempo de lectura":"3 minutos"},"schema":{"@context":"https:\/\/schema.org","@graph":[{"@type":"Article","@id":"https:\/\/www.caudete.org\/ayuntamiento\/exito-rotundo-de-los-atletas-de-edm-caudete-en-los-campeonatos-provinciales-de-atletismo\/#article","isPartOf":{"@id":"https:\/\/www.caudete.org\/ayuntamiento\/exito-rotundo-de-los-atletas-de-edm-caudete-en-los-campeonatos-provinciales-de-atletismo\/"},"author":{"name":"Dpto Informatica MI Ayuntamiento de Caudete","@id":"https:\/\/www.caudete.org\/ayuntamiento\/#\/schema\/person\/4b9eab41761957db9b1bf9c418d1ef46"},"headline":"\u00c9xito Rotundo de los atletas de EDM CAUDETE en los Campeonatos Provinciales de Atletismo","datePublished":"2025-04-04T06:00:16+00:00","mainEntityOfPage":{"@id":"https:\/\/www.caudete.org\/ayuntamiento\/exito-rotundo-de-los-atletas-de-edm-caudete-en-los-campeonatos-provinciales-de-atletismo\/"},"wordCount":349,"image":{"@id":"https:\/\/www.caudete.org\/ayuntamiento\/exito-rotundo-de-los-atletas-de-edm-caudete-en-los-campeonatos-provinciales-de-atletismo\/#primaryimage"},"thumbnailUrl":"https:\/\/www.caudete.org\/ayuntamiento\/wp-content\/uploads\/2025\/04\/Atletismo1_port.jpg","articleSection":["Deportes"],"inLanguage":"es"},{"@type":"WebPage","@id":"https:\/\/www.caudete.org\/ayuntamiento\/exito-rotundo-de-los-atletas-de-edm-caudete-en-los-campeonatos-provinciales-de-atletismo\/","url":"https:\/\/www.caudete.org\/ayuntamiento\/exito-rotundo-de-los-atletas-de-edm-caudete-en-los-campeonatos-provinciales-de-atletismo\/","name":"\u00c9xito Rotundo de los atletas de EDM CAUDETE en los Campeonatos Provinciales de Atletismo - MI Ayuntamiento de Caudete","isPartOf":{"@id":"https:\/\/www.caudete.org\/ayuntamiento\/#website"},"primaryImageOfPage":{"@id":"https:\/\/www.caudete.org\/ayuntamiento\/exito-rotundo-de-los-atletas-de-edm-caudete-en-los-campeonatos-provinciales-de-atletismo\/#primaryimage"},"image":{"@id":"https:\/\/www.caudete.org\/ayuntamiento\/exito-rotundo-de-los-atletas-de-edm-caudete-en-los-campeonatos-provinciales-de-atletismo\/#primaryimage"},"thumbnailUrl":"https:\/\/www.caudete.org\/ayuntamiento\/wp-content\/uploads\/2025\/04\/Atletismo1_port.jpg","datePublished":"2025-04-04T06:00:16+00:00","author":{"@id":"https:\/\/www.caudete.org\/ayuntamiento\/#\/schema\/person\/4b9eab41761957db9b1bf9c418d1ef46"},"description":"P\u00e1gina Oficial del Ayuntamiento de Caudete (Albacete)","breadcrumb":{"@id":"https:\/\/www.caudete.org\/ayuntamiento\/exito-rotundo-de-los-atletas-de-edm-caudete-en-los-campeonatos-provinciales-de-atletismo\/#breadcrumb"},"inLanguage":"es","potentialAction":[{"@type":"ReadAction","target":["https:\/\/www.caudete.org\/ayuntamiento\/exito-rotundo-de-los-atletas-de-edm-caudete-en-los-campeonatos-provinciales-de-atletismo\/"]}]},{"@type":"ImageObject","inLanguage":"es","@id":"https:\/\/www.caudete.org\/ayuntamiento\/exito-rotundo-de-los-atletas-de-edm-caudete-en-los-campeonatos-provinciales-de-atletismo\/#primaryimage","url":"https:\/\/www.caudete.org\/ayuntamiento\/wp-content\/uploads\/2025\/04\/Atletismo1_port.jpg","contentUrl":"https:\/\/www.caudete.org\/ayuntamiento\/wp-content\/uploads\/2025\/04\/Atletismo1_port.jpg","width":1527,"height":808},{"@type":"BreadcrumbList","@id":"https:\/\/www.caudete.org\/ayuntamiento\/exito-rotundo-de-los-atletas-de-edm-caudete-en-los-campeonatos-provinciales-de-atletismo\/#breadcrumb","itemListElement":[{"@type":"ListItem","position":1,"name":"Inicio","item":"https:\/\/www.caudete.org\/ayuntamiento\/"},{"@type":"ListItem","position":2,"name":"\u00c9xito Rotundo de los atletas de EDM CAUDETE en los Campeonatos Provinciales de Atletismo"}]},{"@type":"WebSite","@id":"https:\/\/www.caudete.org\/ayuntamiento\/#website","url":"https:\/\/www.caudete.org\/ayuntamiento\/","name":"MI Ayuntamiento de Caudete","description":"P\u00e1gina Oficial del MI Ayuntamiento de Caudete","potentialAction":[{"@type":"SearchAction","target":{"@type":"EntryPoint","urlTemplate":"https:\/\/www.caudete.org\/ayuntamiento\/?s={search_term_string}"},"query-input":{"@type":"PropertyValueSpecification","valueRequired":true,"valueName":"search_term_string"}}],"inLanguage":"es"},{"@type":"Person","@id":"https:\/\/www.caudete.org\/ayuntamiento\/#\/schema\/person\/4b9eab41761957db9b1bf9c418d1ef46","name":"Dpto Informatica MI Ayuntamiento de Caudete","image":{"@type":"ImageObject","inLanguage":"es","@id":"https:\/\/secure.gravatar.com\/avatar\/ac0321ee4a0a83e82a253e7b2d348ef539e2c8fe16d06b600bde04de1b364fa7?s=96&d=mm&r=g","url":"https:\/\/secure.gravatar.com\/avatar\/ac0321ee4a0a83e82a253e7b2d348ef539e2c8fe16d06b600bde04de1b364fa7?s=96&d=mm&r=g","contentUrl":"https:\/\/secure.gravatar.com\/avatar\/ac0321ee4a0a83e82a253e7b2d348ef539e2c8fe16d06b600bde04de1b364fa7?s=96&d=mm&r=g","caption":"Dpto Informatica MI Ayuntamiento de Caudete"},"url":"https:\/\/www.caudete.org\/ayuntamiento\/author\/informatica\/"}]}},"_links":{"self":[{"href":"https:\/\/www.caudete.org\/ayuntamiento\/wp-json\/wp\/v2\/posts\/28142","targetHints":{"allow":["GET"]}}],"collection":[{"href":"https:\/\/www.caudete.org\/ayuntamiento\/wp-json\/wp\/v2\/posts"}],"about":[{"href":"https:\/\/www.caudete.org\/ayuntamiento\/wp-json\/wp\/v2\/types\/post"}],"author":[{"embeddable":true,"href":"https:\/\/www.caudete.org\/ayuntamiento\/wp-json\/wp\/v2\/users\/5"}],"replies":[{"embeddable":true,"href":"https:\/\/www.caudete.org\/ayuntamiento\/wp-json\/wp\/v2\/comments?post=28142"}],"version-history":[{"count":1,"href":"https:\/\/www.caudete.org\/ayuntamiento\/wp-json\/wp\/v2\/posts\/28142\/revisions"}],"predecessor-version":[{"id":28148,"href":"https:\/\/www.caudete.org\/ayuntamiento\/wp-json\/wp\/v2\/posts\/28142\/revisions\/28148"}],"wp:featuredmedia":[{"embeddable":true,"href":"https:\/\/www.caudete.org\/ayuntamiento\/wp-json\/wp\/v2\/media\/28147"}],"wp:attachment":[{"href":"https:\/\/www.caudete.org\/ayuntamiento\/wp-json\/wp\/v2\/media?parent=28142"}],"wp:term":[{"taxonomy":"category","embeddable":true,"href":"https:\/\/www.caudete.org\/ayuntamiento\/wp-json\/wp\/v2\/categories?post=28142"},{"taxonomy":"post_tag","embeddable":true,"href":"https:\/\/www.caudete.org\/ayuntamiento\/wp-json\/wp\/v2\/tags?post=28142"}],"curies":[{"name":"wp","href":"https:\/\/api.w.org\/{rel}","templated":true}]}}