{"id":28206,"date":"2025-04-08T15:01:53","date_gmt":"2025-04-08T13:01:53","guid":{"rendered":"https:\/\/www.caudete.org\/ayuntamiento\/?p=28206"},"modified":"2025-04-08T15:01:53","modified_gmt":"2025-04-08T13:01:53","slug":"flor-ma-delgado-carvajal-es-la-nueva-jefa-de-la-agrupacion-de-voluntarios-de-proteccion-civil-de-caudete","status":"publish","type":"post","link":"https:\/\/www.caudete.org\/ayuntamiento\/flor-ma-delgado-carvajal-es-la-nueva-jefa-de-la-agrupacion-de-voluntarios-de-proteccion-civil-de-caudete\/","title":{"rendered":"Flor M\u00aa Delgado Carvajal es la nueva Jefa de la Agrupaci\u00f3n de Voluntarios de Protecci\u00f3n Civil de Caudete"},"content":{"rendered":"<p><a href=\"https:\/\/www.caudete.org\/ayuntamiento\/wp-content\/uploads\/2025\/04\/WhatsApp-Image-2025-04-08-at-14.05.26-1.jpeg\" rel='prettyPhoto'><img fetchpriority=\"high\" decoding=\"async\" class=\"alignnone wp-image-28208 size-full\" src=\"https:\/\/www.caudete.org\/ayuntamiento\/wp-content\/uploads\/2025\/04\/WhatsApp-Image-2025-04-08-at-14.05.26-1-e1744115949987.jpeg\" alt=\"\" width=\"1599\" height=\"717\" srcset=\"https:\/\/www.caudete.org\/ayuntamiento\/wp-content\/uploads\/2025\/04\/WhatsApp-Image-2025-04-08-at-14.05.26-1-e1744115949987.jpeg 1599w, https:\/\/www.caudete.org\/ayuntamiento\/wp-content\/uploads\/2025\/04\/WhatsApp-Image-2025-04-08-at-14.05.26-1-e1744115949987-600x269.jpeg 600w, https:\/\/www.caudete.org\/ayuntamiento\/wp-content\/uploads\/2025\/04\/WhatsApp-Image-2025-04-08-at-14.05.26-1-e1744115949987-1200x538.jpeg 1200w, https:\/\/www.caudete.org\/ayuntamiento\/wp-content\/uploads\/2025\/04\/WhatsApp-Image-2025-04-08-at-14.05.26-1-e1744115949987-768x344.jpeg 768w, https:\/\/www.caudete.org\/ayuntamiento\/wp-content\/uploads\/2025\/04\/WhatsApp-Image-2025-04-08-at-14.05.26-1-e1744115949987-1536x689.jpeg 1536w\" sizes=\"(max-width: 1599px) 100vw, 1599px\" \/><\/a><\/p>\n<p style=\"text-align: justify;\">La Sala de Prensa del Ayuntamiento acog\u00eda este mediod\u00eda la presentaci\u00f3n del nuevo Jefe de la Agrupaci\u00f3n de Voluntarios de Protecci\u00f3n Civil de Caudete, Flor Mar\u00eda Delgado Carvajal, una experimentada voluntaria de la agrupaci\u00f3n local.<\/p>\n<p style=\"text-align: justify;\">Acompa\u00f1ados del Alcalde Mois\u00e9s L\u00f3pez, de la Concejal de Emergencias Pilar Egea y del Jefe del Servicio de Protecci\u00f3n Civil Jorge Rodr\u00edguez, quedaba oficialmente presentada ante los caudetanos tras la emisi\u00f3n de la Resoluci\u00f3n de Alcald\u00eda n\u00ba685 de fecha 20\/03\/2025 que proced\u00eda al nombramiento y por tanto designaci\u00f3n del puesto.<\/p>\n<p style=\"text-align: justify;\">Flor M\u00aa se hace cargo tras formar parte de la Agrupaci\u00f3n durante 21 a\u00f1os, y haber sido la Subjefa de la misma en los \u00faltimos dos a\u00f1os. Cuenta por tanto con experiencia y con el conocimiento del funcionamiento interno de la Agrupaci\u00f3n, as\u00ed como de haber prestado servicios en diferentes actuaciones para las que ha sido requerida la presencia o intervenci\u00f3n de los voluntarios, adem\u00e1s de conocer a Agrupaciones de otras localidades con las que se ha trabajado y colaborado.<\/p>\n<p style=\"text-align: justify;\">Tal y como ha explicado el Alcalde, la Agrupaci\u00f3n de Voluntarios de Caudete se encuentra inmersa en una nueva etapa en la que se ha procedido a la renovaci\u00f3n de la estructura de los cargos, ya que hace unas semanas se produc\u00eda el nombramiento del Jefe de Servicio, ahora al Jefe de Agrupaci\u00f3n, y lo siguiente ser\u00e1 la conformaci\u00f3n de los mandos internos o Subjefes de la Agrupaci\u00f3n, a propuesta de Flor M\u00aa.<\/p>\n<p style=\"text-align: justify;\">Igualmente, se est\u00e1n produciendo nuevas incorporaciones a la Agrupaci\u00f3n, y por delante hay un proyecto ilusionante que cuenta con la experiencia y formaci\u00f3n de Flor y la profesionalidad de Jorge, como Jefa de Agrupaci\u00f3n y Jefe del Servicio respectivamente; que venga a incrementar la formaci\u00f3n y dotaci\u00f3n de los voluntarios y as\u00ed de forma gradual poder ir teniendo presencia en los servicios para los que se requiera a la Agrupaci\u00f3n.<\/p>\n<p style=\"text-align: justify;\">Por su parte, Flor M\u00aa ha agradecido la confianza depositada en ella para dirigir la Agrupaci\u00f3n, invitando a los caudetanos que lo deseen a sumarse al equipo humano de la misma, donde en conjunto poder ayudar a la poblaci\u00f3n en eventos o situaciones de emergencia para los que se le requiera.<\/p>\n<p style=\"text-align: justify;\">Tanto Jorge Rodr\u00edguez como Pilar Egea han felicitado de nuevo a Flor, dese\u00e1ndole \u00e9xito y ofreciendo toda la colaboraci\u00f3n en conjunto con la Agrupaci\u00f3n para conseguir los objetivos marcados y as\u00ed prestar el servicio que por naturaleza le es encomendado a la Protecci\u00f3n Civil.<\/p>\n<p><a href=\"https:\/\/www.caudete.org\/ayuntamiento\/wp-content\/uploads\/2025\/04\/JEFE-PROTECCION-CIVIL-FLOR-MARIA-DELGADO-CARVAJAL.jpeg\" rel='prettyPhoto'><img decoding=\"async\" class=\"alignnone wp-image-28207 size-full\" src=\"https:\/\/www.caudete.org\/ayuntamiento\/wp-content\/uploads\/2025\/04\/JEFE-PROTECCION-CIVIL-FLOR-MARIA-DELGADO-CARVAJAL.jpeg\" alt=\"\" width=\"899\" height=\"702\" srcset=\"https:\/\/www.caudete.org\/ayuntamiento\/wp-content\/uploads\/2025\/04\/JEFE-PROTECCION-CIVIL-FLOR-MARIA-DELGADO-CARVAJAL.jpeg 899w, https:\/\/www.caudete.org\/ayuntamiento\/wp-content\/uploads\/2025\/04\/JEFE-PROTECCION-CIVIL-FLOR-MARIA-DELGADO-CARVAJAL-512x400.jpeg 512w, https:\/\/www.caudete.org\/ayuntamiento\/wp-content\/uploads\/2025\/04\/JEFE-PROTECCION-CIVIL-FLOR-MARIA-DELGADO-CARVAJAL-768x600.jpeg 768w\" sizes=\"(max-width: 899px) 100vw, 899px\" \/><\/a><\/p>\n","protected":false},"excerpt":{"rendered":"<p>La Sala de Prensa del Ayuntamiento acog\u00eda este mediod\u00eda la presentaci\u00f3n del nuevo Jefe de la Agrupaci\u00f3n de Voluntarios de Protecci\u00f3n Civil de Caudete, Flor Mar\u00eda Delgado Carvajal, una experimentada voluntaria de la agrupaci\u00f3n local. Acompa\u00f1ados del Alcalde Mois\u00e9s L\u00f3pez, de la Concejal de Emergencias Pilar Egea y del Jefe del Servicio de Protecci\u00f3n Civil &hellip;<\/p>\n","protected":false},"author":3,"featured_media":28207,"comment_status":"closed","ping_status":"open","sticky":false,"template":"","format":"standard","meta":{"ngg_post_thumbnail":0,"footnotes":""},"categories":[41],"tags":[],"class_list":["post-28206","post","type-post","status-publish","format-standard","has-post-thumbnail","hentry","category-emergencias"],"yoast_head":"<!-- This site is optimized with the Yoast SEO plugin v27.5 - https:\/\/yoast.com\/product\/yoast-seo-wordpress\/ -->\n<title>Flor M\u00aa Delgado Carvajal es la nueva Jefa de la Agrupaci\u00f3n de Voluntarios de Protecci\u00f3n Civil de Caudete - MI Ayuntamiento de Caudete<\/title>\n<meta name=\"description\" content=\"P\u00e1gina Oficial del Ayuntamiento de Caudete (Albacete)\" \/>\n<meta name=\"robots\" content=\"index, follow, max-snippet:-1, max-image-preview:large, max-video-preview:-1\" \/>\n<link rel=\"canonical\" href=\"https:\/\/www.caudete.org\/ayuntamiento\/flor-ma-delgado-carvajal-es-la-nueva-jefa-de-la-agrupacion-de-voluntarios-de-proteccion-civil-de-caudete\/\" \/>\n<meta property=\"og:locale\" content=\"es_ES\" \/>\n<meta property=\"og:type\" content=\"article\" \/>\n<meta property=\"og:title\" content=\"Flor M\u00aa Delgado Carvajal es la nueva Jefa de la Agrupaci\u00f3n de Voluntarios de Protecci\u00f3n Civil de Caudete - MI Ayuntamiento de Caudete\" \/>\n<meta property=\"og:description\" content=\"P\u00e1gina Oficial del Ayuntamiento de Caudete (Albacete)\" \/>\n<meta property=\"og:url\" content=\"https:\/\/www.caudete.org\/ayuntamiento\/flor-ma-delgado-carvajal-es-la-nueva-jefa-de-la-agrupacion-de-voluntarios-de-proteccion-civil-de-caudete\/\" \/>\n<meta property=\"og:site_name\" content=\"MI Ayuntamiento de Caudete\" \/>\n<meta property=\"article:publisher\" content=\"https:\/\/www.facebook.com\/ayuntamientocaudete\/\" \/>\n<meta property=\"article:published_time\" content=\"2025-04-08T13:01:53+00:00\" \/>\n<meta property=\"og:image\" content=\"https:\/\/www.caudete.org\/ayuntamiento\/wp-content\/uploads\/2025\/04\/JEFE-PROTECCION-CIVIL-FLOR-MARIA-DELGADO-CARVAJAL.jpeg\" \/>\n\t<meta property=\"og:image:width\" content=\"899\" \/>\n\t<meta property=\"og:image:height\" content=\"702\" \/>\n\t<meta property=\"og:image:type\" content=\"image\/jpeg\" \/>\n<meta name=\"author\" content=\"alcalde\" \/>\n<meta name=\"twitter:card\" content=\"summary_large_image\" \/>\n<meta name=\"twitter:label1\" content=\"Escrito por\" \/>\n\t<meta name=\"twitter:data1\" content=\"alcalde\" \/>\n\t<meta name=\"twitter:label2\" content=\"Tiempo de lectura\" \/>\n\t<meta name=\"twitter:data2\" content=\"3 minutos\" \/>\n<script type=\"application\/ld+json\" class=\"yoast-schema-graph\">{\"@context\":\"https:\\\/\\\/schema.org\",\"@graph\":[{\"@type\":\"Article\",\"@id\":\"https:\\\/\\\/www.caudete.org\\\/ayuntamiento\\\/flor-ma-delgado-carvajal-es-la-nueva-jefa-de-la-agrupacion-de-voluntarios-de-proteccion-civil-de-caudete\\\/#article\",\"isPartOf\":{\"@id\":\"https:\\\/\\\/www.caudete.org\\\/ayuntamiento\\\/flor-ma-delgado-carvajal-es-la-nueva-jefa-de-la-agrupacion-de-voluntarios-de-proteccion-civil-de-caudete\\\/\"},\"author\":{\"name\":\"alcalde\",\"@id\":\"https:\\\/\\\/www.caudete.org\\\/ayuntamiento\\\/#\\\/schema\\\/person\\\/cc646da9133078ee4d8dd47457947253\"},\"headline\":\"Flor M\u00aa Delgado Carvajal es la nueva Jefa de la Agrupaci\u00f3n de Voluntarios de Protecci\u00f3n Civil de Caudete\",\"datePublished\":\"2025-04-08T13:01:53+00:00\",\"mainEntityOfPage\":{\"@id\":\"https:\\\/\\\/www.caudete.org\\\/ayuntamiento\\\/flor-ma-delgado-carvajal-es-la-nueva-jefa-de-la-agrupacion-de-voluntarios-de-proteccion-civil-de-caudete\\\/\"},\"wordCount\":464,\"image\":{\"@id\":\"https:\\\/\\\/www.caudete.org\\\/ayuntamiento\\\/flor-ma-delgado-carvajal-es-la-nueva-jefa-de-la-agrupacion-de-voluntarios-de-proteccion-civil-de-caudete\\\/#primaryimage\"},\"thumbnailUrl\":\"https:\\\/\\\/www.caudete.org\\\/ayuntamiento\\\/wp-content\\\/uploads\\\/2025\\\/04\\\/JEFE-PROTECCION-CIVIL-FLOR-MARIA-DELGADO-CARVAJAL.jpeg\",\"articleSection\":[\"Emergencias\"],\"inLanguage\":\"es\"},{\"@type\":\"WebPage\",\"@id\":\"https:\\\/\\\/www.caudete.org\\\/ayuntamiento\\\/flor-ma-delgado-carvajal-es-la-nueva-jefa-de-la-agrupacion-de-voluntarios-de-proteccion-civil-de-caudete\\\/\",\"url\":\"https:\\\/\\\/www.caudete.org\\\/ayuntamiento\\\/flor-ma-delgado-carvajal-es-la-nueva-jefa-de-la-agrupacion-de-voluntarios-de-proteccion-civil-de-caudete\\\/\",\"name\":\"Flor M\u00aa Delgado Carvajal es la nueva Jefa de la Agrupaci\u00f3n de Voluntarios de Protecci\u00f3n Civil de Caudete - MI Ayuntamiento de Caudete\",\"isPartOf\":{\"@id\":\"https:\\\/\\\/www.caudete.org\\\/ayuntamiento\\\/#website\"},\"primaryImageOfPage\":{\"@id\":\"https:\\\/\\\/www.caudete.org\\\/ayuntamiento\\\/flor-ma-delgado-carvajal-es-la-nueva-jefa-de-la-agrupacion-de-voluntarios-de-proteccion-civil-de-caudete\\\/#primaryimage\"},\"image\":{\"@id\":\"https:\\\/\\\/www.caudete.org\\\/ayuntamiento\\\/flor-ma-delgado-carvajal-es-la-nueva-jefa-de-la-agrupacion-de-voluntarios-de-proteccion-civil-de-caudete\\\/#primaryimage\"},\"thumbnailUrl\":\"https:\\\/\\\/www.caudete.org\\\/ayuntamiento\\\/wp-content\\\/uploads\\\/2025\\\/04\\\/JEFE-PROTECCION-CIVIL-FLOR-MARIA-DELGADO-CARVAJAL.jpeg\",\"datePublished\":\"2025-04-08T13:01:53+00:00\",\"author\":{\"@id\":\"https:\\\/\\\/www.caudete.org\\\/ayuntamiento\\\/#\\\/schema\\\/person\\\/cc646da9133078ee4d8dd47457947253\"},\"description\":\"P\u00e1gina Oficial del Ayuntamiento de Caudete (Albacete)\",\"breadcrumb\":{\"@id\":\"https:\\\/\\\/www.caudete.org\\\/ayuntamiento\\\/flor-ma-delgado-carvajal-es-la-nueva-jefa-de-la-agrupacion-de-voluntarios-de-proteccion-civil-de-caudete\\\/#breadcrumb\"},\"inLanguage\":\"es\",\"potentialAction\":[{\"@type\":\"ReadAction\",\"target\":[\"https:\\\/\\\/www.caudete.org\\\/ayuntamiento\\\/flor-ma-delgado-carvajal-es-la-nueva-jefa-de-la-agrupacion-de-voluntarios-de-proteccion-civil-de-caudete\\\/\"]}]},{\"@type\":\"ImageObject\",\"inLanguage\":\"es\",\"@id\":\"https:\\\/\\\/www.caudete.org\\\/ayuntamiento\\\/flor-ma-delgado-carvajal-es-la-nueva-jefa-de-la-agrupacion-de-voluntarios-de-proteccion-civil-de-caudete\\\/#primaryimage\",\"url\":\"https:\\\/\\\/www.caudete.org\\\/ayuntamiento\\\/wp-content\\\/uploads\\\/2025\\\/04\\\/JEFE-PROTECCION-CIVIL-FLOR-MARIA-DELGADO-CARVAJAL.jpeg\",\"contentUrl\":\"https:\\\/\\\/www.caudete.org\\\/ayuntamiento\\\/wp-content\\\/uploads\\\/2025\\\/04\\\/JEFE-PROTECCION-CIVIL-FLOR-MARIA-DELGADO-CARVAJAL.jpeg\",\"width\":899,\"height\":702},{\"@type\":\"BreadcrumbList\",\"@id\":\"https:\\\/\\\/www.caudete.org\\\/ayuntamiento\\\/flor-ma-delgado-carvajal-es-la-nueva-jefa-de-la-agrupacion-de-voluntarios-de-proteccion-civil-de-caudete\\\/#breadcrumb\",\"itemListElement\":[{\"@type\":\"ListItem\",\"position\":1,\"name\":\"Inicio\",\"item\":\"https:\\\/\\\/www.caudete.org\\\/ayuntamiento\\\/\"},{\"@type\":\"ListItem\",\"position\":2,\"name\":\"Flor M\u00aa Delgado Carvajal es la nueva Jefa de la Agrupaci\u00f3n de Voluntarios de Protecci\u00f3n Civil de Caudete\"}]},{\"@type\":\"WebSite\",\"@id\":\"https:\\\/\\\/www.caudete.org\\\/ayuntamiento\\\/#website\",\"url\":\"https:\\\/\\\/www.caudete.org\\\/ayuntamiento\\\/\",\"name\":\"MI Ayuntamiento de Caudete\",\"description\":\"P\u00e1gina Oficial del MI Ayuntamiento de Caudete\",\"potentialAction\":[{\"@type\":\"SearchAction\",\"target\":{\"@type\":\"EntryPoint\",\"urlTemplate\":\"https:\\\/\\\/www.caudete.org\\\/ayuntamiento\\\/?s={search_term_string}\"},\"query-input\":{\"@type\":\"PropertyValueSpecification\",\"valueRequired\":true,\"valueName\":\"search_term_string\"}}],\"inLanguage\":\"es\"},{\"@type\":\"Person\",\"@id\":\"https:\\\/\\\/www.caudete.org\\\/ayuntamiento\\\/#\\\/schema\\\/person\\\/cc646da9133078ee4d8dd47457947253\",\"name\":\"alcalde\",\"image\":{\"@type\":\"ImageObject\",\"inLanguage\":\"es\",\"@id\":\"https:\\\/\\\/secure.gravatar.com\\\/avatar\\\/84a817ba065b29ff08d666b215a215f5c79186a645ccb25b14a663d48a130f77?s=96&d=mm&r=g\",\"url\":\"https:\\\/\\\/secure.gravatar.com\\\/avatar\\\/84a817ba065b29ff08d666b215a215f5c79186a645ccb25b14a663d48a130f77?s=96&d=mm&r=g\",\"contentUrl\":\"https:\\\/\\\/secure.gravatar.com\\\/avatar\\\/84a817ba065b29ff08d666b215a215f5c79186a645ccb25b14a663d48a130f77?s=96&d=mm&r=g\",\"caption\":\"alcalde\"},\"url\":\"https:\\\/\\\/www.caudete.org\\\/ayuntamiento\\\/author\\\/alcalde\\\/\"}]}<\/script>\n<!-- \/ Yoast SEO plugin. -->","yoast_head_json":{"title":"Flor M\u00aa Delgado Carvajal es la nueva Jefa de la Agrupaci\u00f3n de Voluntarios de Protecci\u00f3n Civil de Caudete - MI Ayuntamiento de Caudete","description":"P\u00e1gina Oficial del Ayuntamiento de Caudete (Albacete)","robots":{"index":"index","follow":"follow","max-snippet":"max-snippet:-1","max-image-preview":"max-image-preview:large","max-video-preview":"max-video-preview:-1"},"canonical":"https:\/\/www.caudete.org\/ayuntamiento\/flor-ma-delgado-carvajal-es-la-nueva-jefa-de-la-agrupacion-de-voluntarios-de-proteccion-civil-de-caudete\/","og_locale":"es_ES","og_type":"article","og_title":"Flor M\u00aa Delgado Carvajal es la nueva Jefa de la Agrupaci\u00f3n de Voluntarios de Protecci\u00f3n Civil de Caudete - MI Ayuntamiento de Caudete","og_description":"P\u00e1gina Oficial del Ayuntamiento de Caudete (Albacete)","og_url":"https:\/\/www.caudete.org\/ayuntamiento\/flor-ma-delgado-carvajal-es-la-nueva-jefa-de-la-agrupacion-de-voluntarios-de-proteccion-civil-de-caudete\/","og_site_name":"MI Ayuntamiento de Caudete","article_publisher":"https:\/\/www.facebook.com\/ayuntamientocaudete\/","article_published_time":"2025-04-08T13:01:53+00:00","og_image":[{"width":899,"height":702,"url":"https:\/\/www.caudete.org\/ayuntamiento\/wp-content\/uploads\/2025\/04\/JEFE-PROTECCION-CIVIL-FLOR-MARIA-DELGADO-CARVAJAL.jpeg","type":"image\/jpeg"}],"author":"alcalde","twitter_card":"summary_large_image","twitter_misc":{"Escrito por":"alcalde","Tiempo de lectura":"3 minutos"},"schema":{"@context":"https:\/\/schema.org","@graph":[{"@type":"Article","@id":"https:\/\/www.caudete.org\/ayuntamiento\/flor-ma-delgado-carvajal-es-la-nueva-jefa-de-la-agrupacion-de-voluntarios-de-proteccion-civil-de-caudete\/#article","isPartOf":{"@id":"https:\/\/www.caudete.org\/ayuntamiento\/flor-ma-delgado-carvajal-es-la-nueva-jefa-de-la-agrupacion-de-voluntarios-de-proteccion-civil-de-caudete\/"},"author":{"name":"alcalde","@id":"https:\/\/www.caudete.org\/ayuntamiento\/#\/schema\/person\/cc646da9133078ee4d8dd47457947253"},"headline":"Flor M\u00aa Delgado Carvajal es la nueva Jefa de la Agrupaci\u00f3n de Voluntarios de Protecci\u00f3n Civil de Caudete","datePublished":"2025-04-08T13:01:53+00:00","mainEntityOfPage":{"@id":"https:\/\/www.caudete.org\/ayuntamiento\/flor-ma-delgado-carvajal-es-la-nueva-jefa-de-la-agrupacion-de-voluntarios-de-proteccion-civil-de-caudete\/"},"wordCount":464,"image":{"@id":"https:\/\/www.caudete.org\/ayuntamiento\/flor-ma-delgado-carvajal-es-la-nueva-jefa-de-la-agrupacion-de-voluntarios-de-proteccion-civil-de-caudete\/#primaryimage"},"thumbnailUrl":"https:\/\/www.caudete.org\/ayuntamiento\/wp-content\/uploads\/2025\/04\/JEFE-PROTECCION-CIVIL-FLOR-MARIA-DELGADO-CARVAJAL.jpeg","articleSection":["Emergencias"],"inLanguage":"es"},{"@type":"WebPage","@id":"https:\/\/www.caudete.org\/ayuntamiento\/flor-ma-delgado-carvajal-es-la-nueva-jefa-de-la-agrupacion-de-voluntarios-de-proteccion-civil-de-caudete\/","url":"https:\/\/www.caudete.org\/ayuntamiento\/flor-ma-delgado-carvajal-es-la-nueva-jefa-de-la-agrupacion-de-voluntarios-de-proteccion-civil-de-caudete\/","name":"Flor M\u00aa Delgado Carvajal es la nueva Jefa de la Agrupaci\u00f3n de Voluntarios de Protecci\u00f3n Civil de Caudete - MI Ayuntamiento de Caudete","isPartOf":{"@id":"https:\/\/www.caudete.org\/ayuntamiento\/#website"},"primaryImageOfPage":{"@id":"https:\/\/www.caudete.org\/ayuntamiento\/flor-ma-delgado-carvajal-es-la-nueva-jefa-de-la-agrupacion-de-voluntarios-de-proteccion-civil-de-caudete\/#primaryimage"},"image":{"@id":"https:\/\/www.caudete.org\/ayuntamiento\/flor-ma-delgado-carvajal-es-la-nueva-jefa-de-la-agrupacion-de-voluntarios-de-proteccion-civil-de-caudete\/#primaryimage"},"thumbnailUrl":"https:\/\/www.caudete.org\/ayuntamiento\/wp-content\/uploads\/2025\/04\/JEFE-PROTECCION-CIVIL-FLOR-MARIA-DELGADO-CARVAJAL.jpeg","datePublished":"2025-04-08T13:01:53+00:00","author":{"@id":"https:\/\/www.caudete.org\/ayuntamiento\/#\/schema\/person\/cc646da9133078ee4d8dd47457947253"},"description":"P\u00e1gina Oficial del Ayuntamiento de Caudete (Albacete)","breadcrumb":{"@id":"https:\/\/www.caudete.org\/ayuntamiento\/flor-ma-delgado-carvajal-es-la-nueva-jefa-de-la-agrupacion-de-voluntarios-de-proteccion-civil-de-caudete\/#breadcrumb"},"inLanguage":"es","potentialAction":[{"@type":"ReadAction","target":["https:\/\/www.caudete.org\/ayuntamiento\/flor-ma-delgado-carvajal-es-la-nueva-jefa-de-la-agrupacion-de-voluntarios-de-proteccion-civil-de-caudete\/"]}]},{"@type":"ImageObject","inLanguage":"es","@id":"https:\/\/www.caudete.org\/ayuntamiento\/flor-ma-delgado-carvajal-es-la-nueva-jefa-de-la-agrupacion-de-voluntarios-de-proteccion-civil-de-caudete\/#primaryimage","url":"https:\/\/www.caudete.org\/ayuntamiento\/wp-content\/uploads\/2025\/04\/JEFE-PROTECCION-CIVIL-FLOR-MARIA-DELGADO-CARVAJAL.jpeg","contentUrl":"https:\/\/www.caudete.org\/ayuntamiento\/wp-content\/uploads\/2025\/04\/JEFE-PROTECCION-CIVIL-FLOR-MARIA-DELGADO-CARVAJAL.jpeg","width":899,"height":702},{"@type":"BreadcrumbList","@id":"https:\/\/www.caudete.org\/ayuntamiento\/flor-ma-delgado-carvajal-es-la-nueva-jefa-de-la-agrupacion-de-voluntarios-de-proteccion-civil-de-caudete\/#breadcrumb","itemListElement":[{"@type":"ListItem","position":1,"name":"Inicio","item":"https:\/\/www.caudete.org\/ayuntamiento\/"},{"@type":"ListItem","position":2,"name":"Flor M\u00aa Delgado Carvajal es la nueva Jefa de la Agrupaci\u00f3n de Voluntarios de Protecci\u00f3n Civil de Caudete"}]},{"@type":"WebSite","@id":"https:\/\/www.caudete.org\/ayuntamiento\/#website","url":"https:\/\/www.caudete.org\/ayuntamiento\/","name":"MI Ayuntamiento de Caudete","description":"P\u00e1gina Oficial del MI Ayuntamiento de Caudete","potentialAction":[{"@type":"SearchAction","target":{"@type":"EntryPoint","urlTemplate":"https:\/\/www.caudete.org\/ayuntamiento\/?s={search_term_string}"},"query-input":{"@type":"PropertyValueSpecification","valueRequired":true,"valueName":"search_term_string"}}],"inLanguage":"es"},{"@type":"Person","@id":"https:\/\/www.caudete.org\/ayuntamiento\/#\/schema\/person\/cc646da9133078ee4d8dd47457947253","name":"alcalde","image":{"@type":"ImageObject","inLanguage":"es","@id":"https:\/\/secure.gravatar.com\/avatar\/84a817ba065b29ff08d666b215a215f5c79186a645ccb25b14a663d48a130f77?s=96&d=mm&r=g","url":"https:\/\/secure.gravatar.com\/avatar\/84a817ba065b29ff08d666b215a215f5c79186a645ccb25b14a663d48a130f77?s=96&d=mm&r=g","contentUrl":"https:\/\/secure.gravatar.com\/avatar\/84a817ba065b29ff08d666b215a215f5c79186a645ccb25b14a663d48a130f77?s=96&d=mm&r=g","caption":"alcalde"},"url":"https:\/\/www.caudete.org\/ayuntamiento\/author\/alcalde\/"}]}},"_links":{"self":[{"href":"https:\/\/www.caudete.org\/ayuntamiento\/wp-json\/wp\/v2\/posts\/28206","targetHints":{"allow":["GET"]}}],"collection":[{"href":"https:\/\/www.caudete.org\/ayuntamiento\/wp-json\/wp\/v2\/posts"}],"about":[{"href":"https:\/\/www.caudete.org\/ayuntamiento\/wp-json\/wp\/v2\/types\/post"}],"author":[{"embeddable":true,"href":"https:\/\/www.caudete.org\/ayuntamiento\/wp-json\/wp\/v2\/users\/3"}],"replies":[{"embeddable":true,"href":"https:\/\/www.caudete.org\/ayuntamiento\/wp-json\/wp\/v2\/comments?post=28206"}],"version-history":[{"count":1,"href":"https:\/\/www.caudete.org\/ayuntamiento\/wp-json\/wp\/v2\/posts\/28206\/revisions"}],"predecessor-version":[{"id":28209,"href":"https:\/\/www.caudete.org\/ayuntamiento\/wp-json\/wp\/v2\/posts\/28206\/revisions\/28209"}],"wp:featuredmedia":[{"embeddable":true,"href":"https:\/\/www.caudete.org\/ayuntamiento\/wp-json\/wp\/v2\/media\/28207"}],"wp:attachment":[{"href":"https:\/\/www.caudete.org\/ayuntamiento\/wp-json\/wp\/v2\/media?parent=28206"}],"wp:term":[{"taxonomy":"category","embeddable":true,"href":"https:\/\/www.caudete.org\/ayuntamiento\/wp-json\/wp\/v2\/categories?post=28206"},{"taxonomy":"post_tag","embeddable":true,"href":"https:\/\/www.caudete.org\/ayuntamiento\/wp-json\/wp\/v2\/tags?post=28206"}],"curies":[{"name":"wp","href":"https:\/\/api.w.org\/{rel}","templated":true}]}}