{"id":28210,"date":"2025-04-08T15:15:51","date_gmt":"2025-04-08T13:15:51","guid":{"rendered":"https:\/\/www.caudete.org\/ayuntamiento\/?p=28210"},"modified":"2025-04-08T15:15:51","modified_gmt":"2025-04-08T13:15:51","slug":"la-junta-local-de-seguridad-se-reunio-el-pasado-jueves-para-abordar-diferentes-cuestiones","status":"publish","type":"post","link":"https:\/\/www.caudete.org\/ayuntamiento\/la-junta-local-de-seguridad-se-reunio-el-pasado-jueves-para-abordar-diferentes-cuestiones\/","title":{"rendered":"La JUNTA LOCAL DE SEGURIDAD se reuni\u00f3 el pasado jueves para abordar diferentes cuestiones"},"content":{"rendered":"<p style=\"text-align: justify;\">El pasado jueves 3 de Abril se reun\u00edan los miembros de la Junta Local de Seguridad tras ser citados por el Alcalde para abordar diferentes cuestiones de relevancia para el Consistorio y los caudetanos.<\/p>\n<p style=\"text-align: justify;\">En primer lugar, ante la cercan\u00eda de las Pascuas y el uso de La Toconera como merendero y acampada, las fuerzas de seguridad presentes, as\u00ed como Protecci\u00f3n Civil y las Concejal\u00edas de Seguridad y Emergencias analizaban las condiciones dictadas por el Bando Municipal, y fijaban la coordinaci\u00f3n entre todos ellos, para una cita que en los \u00faltimos a\u00f1os arroja una cifra de congregados muy elevadas.<\/p>\n<p style=\"text-align: justify;\">La situaci\u00f3n de seguridad en el municipio era sin duda el punto de mayor trascendencia en la reuni\u00f3n celebrada, ya que en las \u00faltimas semanas se han producido da\u00f1os en propiedades privadas y cosas, hechos sobre los cuales la Guardia Civil se encuentra inmersa en investigaciones, en colaboraci\u00f3n con la Polic\u00eda Local.<\/p>\n<p style=\"text-align: justify;\">La memoria de actividades de la Polic\u00eda Local del ejercicio 2024 fue otro de los puntos abordados, poniendo de manifiesto la labor desarrollada por el cuerpo policial en beneficio de los caudetanos, y los crecientes servicios que se prestan.<\/p>\n<p style=\"text-align: justify;\">En el apartado de ruegos y preguntas, se puso de manifiesto la inminente puesta en marcha de las nuevas instalaciones del Acuartelamiento de la Guardia Civil en Caudete para lo que aun no hay fecha prevista al estar ultim\u00e1ndose algunos detalles; as\u00ed como los buenos resultados que est\u00e1n dando las c\u00e1maras de seguridad que el Ayuntamiento tiene instaladas por diferentes puntos del municipio y que est\u00e1n contribuyendo al esclarecimiento de delitos, incidiendo en la necesidad de ampliar la Red de Videovigilancia Municipal, cuesti\u00f3n que fue aceptada por los Ediles.<\/p>\n","protected":false},"excerpt":{"rendered":"<p>El pasado jueves 3 de Abril se reun\u00edan los miembros de la Junta Local de Seguridad tras ser citados por el Alcalde para abordar diferentes cuestiones de relevancia para el Consistorio y los caudetanos. En primer lugar, ante la cercan\u00eda de las Pascuas y el uso de La Toconera como merendero y acampada, las fuerzas &hellip;<\/p>\n","protected":false},"author":3,"featured_media":15829,"comment_status":"closed","ping_status":"open","sticky":false,"template":"","format":"standard","meta":{"ngg_post_thumbnail":0,"footnotes":""},"categories":[852],"tags":[],"class_list":["post-28210","post","type-post","status-publish","format-standard","has-post-thumbnail","hentry","category-seguridad-ciudadana"],"yoast_head":"<!-- This site is optimized with the Yoast SEO plugin v27.5 - https:\/\/yoast.com\/product\/yoast-seo-wordpress\/ -->\n<title>La JUNTA LOCAL DE SEGURIDAD se reuni\u00f3 el pasado jueves para abordar diferentes cuestiones - MI Ayuntamiento de Caudete<\/title>\n<meta name=\"description\" content=\"P\u00e1gina Oficial del Ayuntamiento de Caudete (Albacete)\" \/>\n<meta name=\"robots\" content=\"index, follow, max-snippet:-1, max-image-preview:large, max-video-preview:-1\" \/>\n<link rel=\"canonical\" href=\"https:\/\/www.caudete.org\/ayuntamiento\/la-junta-local-de-seguridad-se-reunio-el-pasado-jueves-para-abordar-diferentes-cuestiones\/\" \/>\n<meta property=\"og:locale\" content=\"es_ES\" \/>\n<meta property=\"og:type\" content=\"article\" \/>\n<meta property=\"og:title\" content=\"La JUNTA LOCAL DE SEGURIDAD se reuni\u00f3 el pasado jueves para abordar diferentes cuestiones - MI Ayuntamiento de Caudete\" \/>\n<meta property=\"og:description\" content=\"P\u00e1gina Oficial del Ayuntamiento de Caudete (Albacete)\" \/>\n<meta property=\"og:url\" content=\"https:\/\/www.caudete.org\/ayuntamiento\/la-junta-local-de-seguridad-se-reunio-el-pasado-jueves-para-abordar-diferentes-cuestiones\/\" \/>\n<meta property=\"og:site_name\" content=\"MI Ayuntamiento de Caudete\" \/>\n<meta property=\"article:publisher\" content=\"https:\/\/www.facebook.com\/ayuntamientocaudete\/\" \/>\n<meta property=\"article:published_time\" content=\"2025-04-08T13:15:51+00:00\" \/>\n<meta property=\"og:image\" content=\"https:\/\/www.caudete.org\/ayuntamiento\/wp-content\/uploads\/2021\/08\/WhatsApp-Image-2021-08-24-at-13.26.04.jpeg\" \/>\n\t<meta property=\"og:image:width\" content=\"2048\" \/>\n\t<meta property=\"og:image:height\" content=\"1536\" \/>\n\t<meta property=\"og:image:type\" content=\"image\/jpeg\" \/>\n<meta name=\"author\" content=\"alcalde\" \/>\n<meta name=\"twitter:card\" content=\"summary_large_image\" \/>\n<meta name=\"twitter:label1\" content=\"Escrito por\" \/>\n\t<meta name=\"twitter:data1\" content=\"alcalde\" \/>\n\t<meta name=\"twitter:label2\" content=\"Tiempo de lectura\" \/>\n\t<meta name=\"twitter:data2\" content=\"2 minutos\" \/>\n<script type=\"application\/ld+json\" class=\"yoast-schema-graph\">{\"@context\":\"https:\\\/\\\/schema.org\",\"@graph\":[{\"@type\":\"Article\",\"@id\":\"https:\\\/\\\/www.caudete.org\\\/ayuntamiento\\\/la-junta-local-de-seguridad-se-reunio-el-pasado-jueves-para-abordar-diferentes-cuestiones\\\/#article\",\"isPartOf\":{\"@id\":\"https:\\\/\\\/www.caudete.org\\\/ayuntamiento\\\/la-junta-local-de-seguridad-se-reunio-el-pasado-jueves-para-abordar-diferentes-cuestiones\\\/\"},\"author\":{\"name\":\"alcalde\",\"@id\":\"https:\\\/\\\/www.caudete.org\\\/ayuntamiento\\\/#\\\/schema\\\/person\\\/cc646da9133078ee4d8dd47457947253\"},\"headline\":\"La JUNTA LOCAL DE SEGURIDAD se reuni\u00f3 el pasado jueves para abordar diferentes cuestiones\",\"datePublished\":\"2025-04-08T13:15:51+00:00\",\"mainEntityOfPage\":{\"@id\":\"https:\\\/\\\/www.caudete.org\\\/ayuntamiento\\\/la-junta-local-de-seguridad-se-reunio-el-pasado-jueves-para-abordar-diferentes-cuestiones\\\/\"},\"wordCount\":308,\"image\":{\"@id\":\"https:\\\/\\\/www.caudete.org\\\/ayuntamiento\\\/la-junta-local-de-seguridad-se-reunio-el-pasado-jueves-para-abordar-diferentes-cuestiones\\\/#primaryimage\"},\"thumbnailUrl\":\"https:\\\/\\\/www.caudete.org\\\/ayuntamiento\\\/wp-content\\\/uploads\\\/2021\\\/08\\\/WhatsApp-Image-2021-08-24-at-13.26.04.jpeg\",\"articleSection\":[\"Seguridad Ciudadana\"],\"inLanguage\":\"es\"},{\"@type\":\"WebPage\",\"@id\":\"https:\\\/\\\/www.caudete.org\\\/ayuntamiento\\\/la-junta-local-de-seguridad-se-reunio-el-pasado-jueves-para-abordar-diferentes-cuestiones\\\/\",\"url\":\"https:\\\/\\\/www.caudete.org\\\/ayuntamiento\\\/la-junta-local-de-seguridad-se-reunio-el-pasado-jueves-para-abordar-diferentes-cuestiones\\\/\",\"name\":\"La JUNTA LOCAL DE SEGURIDAD se reuni\u00f3 el pasado jueves para abordar diferentes cuestiones - MI Ayuntamiento de Caudete\",\"isPartOf\":{\"@id\":\"https:\\\/\\\/www.caudete.org\\\/ayuntamiento\\\/#website\"},\"primaryImageOfPage\":{\"@id\":\"https:\\\/\\\/www.caudete.org\\\/ayuntamiento\\\/la-junta-local-de-seguridad-se-reunio-el-pasado-jueves-para-abordar-diferentes-cuestiones\\\/#primaryimage\"},\"image\":{\"@id\":\"https:\\\/\\\/www.caudete.org\\\/ayuntamiento\\\/la-junta-local-de-seguridad-se-reunio-el-pasado-jueves-para-abordar-diferentes-cuestiones\\\/#primaryimage\"},\"thumbnailUrl\":\"https:\\\/\\\/www.caudete.org\\\/ayuntamiento\\\/wp-content\\\/uploads\\\/2021\\\/08\\\/WhatsApp-Image-2021-08-24-at-13.26.04.jpeg\",\"datePublished\":\"2025-04-08T13:15:51+00:00\",\"author\":{\"@id\":\"https:\\\/\\\/www.caudete.org\\\/ayuntamiento\\\/#\\\/schema\\\/person\\\/cc646da9133078ee4d8dd47457947253\"},\"description\":\"P\u00e1gina Oficial del Ayuntamiento de Caudete (Albacete)\",\"breadcrumb\":{\"@id\":\"https:\\\/\\\/www.caudete.org\\\/ayuntamiento\\\/la-junta-local-de-seguridad-se-reunio-el-pasado-jueves-para-abordar-diferentes-cuestiones\\\/#breadcrumb\"},\"inLanguage\":\"es\",\"potentialAction\":[{\"@type\":\"ReadAction\",\"target\":[\"https:\\\/\\\/www.caudete.org\\\/ayuntamiento\\\/la-junta-local-de-seguridad-se-reunio-el-pasado-jueves-para-abordar-diferentes-cuestiones\\\/\"]}]},{\"@type\":\"ImageObject\",\"inLanguage\":\"es\",\"@id\":\"https:\\\/\\\/www.caudete.org\\\/ayuntamiento\\\/la-junta-local-de-seguridad-se-reunio-el-pasado-jueves-para-abordar-diferentes-cuestiones\\\/#primaryimage\",\"url\":\"https:\\\/\\\/www.caudete.org\\\/ayuntamiento\\\/wp-content\\\/uploads\\\/2021\\\/08\\\/WhatsApp-Image-2021-08-24-at-13.26.04.jpeg\",\"contentUrl\":\"https:\\\/\\\/www.caudete.org\\\/ayuntamiento\\\/wp-content\\\/uploads\\\/2021\\\/08\\\/WhatsApp-Image-2021-08-24-at-13.26.04.jpeg\",\"width\":2048,\"height\":1536},{\"@type\":\"BreadcrumbList\",\"@id\":\"https:\\\/\\\/www.caudete.org\\\/ayuntamiento\\\/la-junta-local-de-seguridad-se-reunio-el-pasado-jueves-para-abordar-diferentes-cuestiones\\\/#breadcrumb\",\"itemListElement\":[{\"@type\":\"ListItem\",\"position\":1,\"name\":\"Inicio\",\"item\":\"https:\\\/\\\/www.caudete.org\\\/ayuntamiento\\\/\"},{\"@type\":\"ListItem\",\"position\":2,\"name\":\"La JUNTA LOCAL DE SEGURIDAD se reuni\u00f3 el pasado jueves para abordar diferentes cuestiones\"}]},{\"@type\":\"WebSite\",\"@id\":\"https:\\\/\\\/www.caudete.org\\\/ayuntamiento\\\/#website\",\"url\":\"https:\\\/\\\/www.caudete.org\\\/ayuntamiento\\\/\",\"name\":\"MI Ayuntamiento de Caudete\",\"description\":\"P\u00e1gina Oficial del MI Ayuntamiento de Caudete\",\"potentialAction\":[{\"@type\":\"SearchAction\",\"target\":{\"@type\":\"EntryPoint\",\"urlTemplate\":\"https:\\\/\\\/www.caudete.org\\\/ayuntamiento\\\/?s={search_term_string}\"},\"query-input\":{\"@type\":\"PropertyValueSpecification\",\"valueRequired\":true,\"valueName\":\"search_term_string\"}}],\"inLanguage\":\"es\"},{\"@type\":\"Person\",\"@id\":\"https:\\\/\\\/www.caudete.org\\\/ayuntamiento\\\/#\\\/schema\\\/person\\\/cc646da9133078ee4d8dd47457947253\",\"name\":\"alcalde\",\"image\":{\"@type\":\"ImageObject\",\"inLanguage\":\"es\",\"@id\":\"https:\\\/\\\/secure.gravatar.com\\\/avatar\\\/84a817ba065b29ff08d666b215a215f5c79186a645ccb25b14a663d48a130f77?s=96&d=mm&r=g\",\"url\":\"https:\\\/\\\/secure.gravatar.com\\\/avatar\\\/84a817ba065b29ff08d666b215a215f5c79186a645ccb25b14a663d48a130f77?s=96&d=mm&r=g\",\"contentUrl\":\"https:\\\/\\\/secure.gravatar.com\\\/avatar\\\/84a817ba065b29ff08d666b215a215f5c79186a645ccb25b14a663d48a130f77?s=96&d=mm&r=g\",\"caption\":\"alcalde\"},\"url\":\"https:\\\/\\\/www.caudete.org\\\/ayuntamiento\\\/author\\\/alcalde\\\/\"}]}<\/script>\n<!-- \/ Yoast SEO plugin. -->","yoast_head_json":{"title":"La JUNTA LOCAL DE SEGURIDAD se reuni\u00f3 el pasado jueves para abordar diferentes cuestiones - MI Ayuntamiento de Caudete","description":"P\u00e1gina Oficial del Ayuntamiento de Caudete (Albacete)","robots":{"index":"index","follow":"follow","max-snippet":"max-snippet:-1","max-image-preview":"max-image-preview:large","max-video-preview":"max-video-preview:-1"},"canonical":"https:\/\/www.caudete.org\/ayuntamiento\/la-junta-local-de-seguridad-se-reunio-el-pasado-jueves-para-abordar-diferentes-cuestiones\/","og_locale":"es_ES","og_type":"article","og_title":"La JUNTA LOCAL DE SEGURIDAD se reuni\u00f3 el pasado jueves para abordar diferentes cuestiones - MI Ayuntamiento de Caudete","og_description":"P\u00e1gina Oficial del Ayuntamiento de Caudete (Albacete)","og_url":"https:\/\/www.caudete.org\/ayuntamiento\/la-junta-local-de-seguridad-se-reunio-el-pasado-jueves-para-abordar-diferentes-cuestiones\/","og_site_name":"MI Ayuntamiento de Caudete","article_publisher":"https:\/\/www.facebook.com\/ayuntamientocaudete\/","article_published_time":"2025-04-08T13:15:51+00:00","og_image":[{"width":2048,"height":1536,"url":"https:\/\/www.caudete.org\/ayuntamiento\/wp-content\/uploads\/2021\/08\/WhatsApp-Image-2021-08-24-at-13.26.04.jpeg","type":"image\/jpeg"}],"author":"alcalde","twitter_card":"summary_large_image","twitter_misc":{"Escrito por":"alcalde","Tiempo de lectura":"2 minutos"},"schema":{"@context":"https:\/\/schema.org","@graph":[{"@type":"Article","@id":"https:\/\/www.caudete.org\/ayuntamiento\/la-junta-local-de-seguridad-se-reunio-el-pasado-jueves-para-abordar-diferentes-cuestiones\/#article","isPartOf":{"@id":"https:\/\/www.caudete.org\/ayuntamiento\/la-junta-local-de-seguridad-se-reunio-el-pasado-jueves-para-abordar-diferentes-cuestiones\/"},"author":{"name":"alcalde","@id":"https:\/\/www.caudete.org\/ayuntamiento\/#\/schema\/person\/cc646da9133078ee4d8dd47457947253"},"headline":"La JUNTA LOCAL DE SEGURIDAD se reuni\u00f3 el pasado jueves para abordar diferentes cuestiones","datePublished":"2025-04-08T13:15:51+00:00","mainEntityOfPage":{"@id":"https:\/\/www.caudete.org\/ayuntamiento\/la-junta-local-de-seguridad-se-reunio-el-pasado-jueves-para-abordar-diferentes-cuestiones\/"},"wordCount":308,"image":{"@id":"https:\/\/www.caudete.org\/ayuntamiento\/la-junta-local-de-seguridad-se-reunio-el-pasado-jueves-para-abordar-diferentes-cuestiones\/#primaryimage"},"thumbnailUrl":"https:\/\/www.caudete.org\/ayuntamiento\/wp-content\/uploads\/2021\/08\/WhatsApp-Image-2021-08-24-at-13.26.04.jpeg","articleSection":["Seguridad Ciudadana"],"inLanguage":"es"},{"@type":"WebPage","@id":"https:\/\/www.caudete.org\/ayuntamiento\/la-junta-local-de-seguridad-se-reunio-el-pasado-jueves-para-abordar-diferentes-cuestiones\/","url":"https:\/\/www.caudete.org\/ayuntamiento\/la-junta-local-de-seguridad-se-reunio-el-pasado-jueves-para-abordar-diferentes-cuestiones\/","name":"La JUNTA LOCAL DE SEGURIDAD se reuni\u00f3 el pasado jueves para abordar diferentes cuestiones - MI Ayuntamiento de Caudete","isPartOf":{"@id":"https:\/\/www.caudete.org\/ayuntamiento\/#website"},"primaryImageOfPage":{"@id":"https:\/\/www.caudete.org\/ayuntamiento\/la-junta-local-de-seguridad-se-reunio-el-pasado-jueves-para-abordar-diferentes-cuestiones\/#primaryimage"},"image":{"@id":"https:\/\/www.caudete.org\/ayuntamiento\/la-junta-local-de-seguridad-se-reunio-el-pasado-jueves-para-abordar-diferentes-cuestiones\/#primaryimage"},"thumbnailUrl":"https:\/\/www.caudete.org\/ayuntamiento\/wp-content\/uploads\/2021\/08\/WhatsApp-Image-2021-08-24-at-13.26.04.jpeg","datePublished":"2025-04-08T13:15:51+00:00","author":{"@id":"https:\/\/www.caudete.org\/ayuntamiento\/#\/schema\/person\/cc646da9133078ee4d8dd47457947253"},"description":"P\u00e1gina Oficial del Ayuntamiento de Caudete (Albacete)","breadcrumb":{"@id":"https:\/\/www.caudete.org\/ayuntamiento\/la-junta-local-de-seguridad-se-reunio-el-pasado-jueves-para-abordar-diferentes-cuestiones\/#breadcrumb"},"inLanguage":"es","potentialAction":[{"@type":"ReadAction","target":["https:\/\/www.caudete.org\/ayuntamiento\/la-junta-local-de-seguridad-se-reunio-el-pasado-jueves-para-abordar-diferentes-cuestiones\/"]}]},{"@type":"ImageObject","inLanguage":"es","@id":"https:\/\/www.caudete.org\/ayuntamiento\/la-junta-local-de-seguridad-se-reunio-el-pasado-jueves-para-abordar-diferentes-cuestiones\/#primaryimage","url":"https:\/\/www.caudete.org\/ayuntamiento\/wp-content\/uploads\/2021\/08\/WhatsApp-Image-2021-08-24-at-13.26.04.jpeg","contentUrl":"https:\/\/www.caudete.org\/ayuntamiento\/wp-content\/uploads\/2021\/08\/WhatsApp-Image-2021-08-24-at-13.26.04.jpeg","width":2048,"height":1536},{"@type":"BreadcrumbList","@id":"https:\/\/www.caudete.org\/ayuntamiento\/la-junta-local-de-seguridad-se-reunio-el-pasado-jueves-para-abordar-diferentes-cuestiones\/#breadcrumb","itemListElement":[{"@type":"ListItem","position":1,"name":"Inicio","item":"https:\/\/www.caudete.org\/ayuntamiento\/"},{"@type":"ListItem","position":2,"name":"La JUNTA LOCAL DE SEGURIDAD se reuni\u00f3 el pasado jueves para abordar diferentes cuestiones"}]},{"@type":"WebSite","@id":"https:\/\/www.caudete.org\/ayuntamiento\/#website","url":"https:\/\/www.caudete.org\/ayuntamiento\/","name":"MI Ayuntamiento de Caudete","description":"P\u00e1gina Oficial del MI Ayuntamiento de Caudete","potentialAction":[{"@type":"SearchAction","target":{"@type":"EntryPoint","urlTemplate":"https:\/\/www.caudete.org\/ayuntamiento\/?s={search_term_string}"},"query-input":{"@type":"PropertyValueSpecification","valueRequired":true,"valueName":"search_term_string"}}],"inLanguage":"es"},{"@type":"Person","@id":"https:\/\/www.caudete.org\/ayuntamiento\/#\/schema\/person\/cc646da9133078ee4d8dd47457947253","name":"alcalde","image":{"@type":"ImageObject","inLanguage":"es","@id":"https:\/\/secure.gravatar.com\/avatar\/84a817ba065b29ff08d666b215a215f5c79186a645ccb25b14a663d48a130f77?s=96&d=mm&r=g","url":"https:\/\/secure.gravatar.com\/avatar\/84a817ba065b29ff08d666b215a215f5c79186a645ccb25b14a663d48a130f77?s=96&d=mm&r=g","contentUrl":"https:\/\/secure.gravatar.com\/avatar\/84a817ba065b29ff08d666b215a215f5c79186a645ccb25b14a663d48a130f77?s=96&d=mm&r=g","caption":"alcalde"},"url":"https:\/\/www.caudete.org\/ayuntamiento\/author\/alcalde\/"}]}},"_links":{"self":[{"href":"https:\/\/www.caudete.org\/ayuntamiento\/wp-json\/wp\/v2\/posts\/28210","targetHints":{"allow":["GET"]}}],"collection":[{"href":"https:\/\/www.caudete.org\/ayuntamiento\/wp-json\/wp\/v2\/posts"}],"about":[{"href":"https:\/\/www.caudete.org\/ayuntamiento\/wp-json\/wp\/v2\/types\/post"}],"author":[{"embeddable":true,"href":"https:\/\/www.caudete.org\/ayuntamiento\/wp-json\/wp\/v2\/users\/3"}],"replies":[{"embeddable":true,"href":"https:\/\/www.caudete.org\/ayuntamiento\/wp-json\/wp\/v2\/comments?post=28210"}],"version-history":[{"count":1,"href":"https:\/\/www.caudete.org\/ayuntamiento\/wp-json\/wp\/v2\/posts\/28210\/revisions"}],"predecessor-version":[{"id":28212,"href":"https:\/\/www.caudete.org\/ayuntamiento\/wp-json\/wp\/v2\/posts\/28210\/revisions\/28212"}],"wp:featuredmedia":[{"embeddable":true,"href":"https:\/\/www.caudete.org\/ayuntamiento\/wp-json\/wp\/v2\/media\/15829"}],"wp:attachment":[{"href":"https:\/\/www.caudete.org\/ayuntamiento\/wp-json\/wp\/v2\/media?parent=28210"}],"wp:term":[{"taxonomy":"category","embeddable":true,"href":"https:\/\/www.caudete.org\/ayuntamiento\/wp-json\/wp\/v2\/categories?post=28210"},{"taxonomy":"post_tag","embeddable":true,"href":"https:\/\/www.caudete.org\/ayuntamiento\/wp-json\/wp\/v2\/tags?post=28210"}],"curies":[{"name":"wp","href":"https:\/\/api.w.org\/{rel}","templated":true}]}}