{"id":28229,"date":"2025-04-10T11:43:31","date_gmt":"2025-04-10T09:43:31","guid":{"rendered":"https:\/\/www.caudete.org\/ayuntamiento\/?p=28229"},"modified":"2025-04-10T11:43:31","modified_gmt":"2025-04-10T09:43:31","slug":"el-alevin-a-de-las-edm-de-caudete-conquista-el-grupo-d-con-una-temporada-de-ensueno","status":"publish","type":"post","link":"https:\/\/www.caudete.org\/ayuntamiento\/el-alevin-a-de-las-edm-de-caudete-conquista-el-grupo-d-con-una-temporada-de-ensueno\/","title":{"rendered":"El Alev\u00edn \u201cA\u201d de las EDM de Caudete conquista el Grupo D con una temporada de ensue\u00f1o"},"content":{"rendered":"<p>Caudete celebra el triunfo del equipo Alev\u00edn A de las Escuelas Deportivas Municipales (EDM) de f\u00fatbol, que se ha proclamado campe\u00f3n del Grupo D a falta de una jornada para el final de la liga. El logro es fruto del esfuerzo colectivo de los j\u00f3venes jugadores y la dedicaci\u00f3n de sus entrenadores, Pedro Jos\u00e9 Garc\u00eda Banegas y David Cervera Soler.<\/p>\n<p>La temporada del Alev\u00edn \u201cA\u201d ha sido sencillamente espectacular. Con 46 puntos, producto de 15 victorias, tan solo una derrota y un empate, el equipo ha demostrado una solidez y un potencial ofensivo arrollador. Sus 111 goles a favor lo confirman como el conjunto m\u00e1s goleador de la categor\u00eda, con un rendimiento coral en ataque que ha sido la clave de su \u00e9xito.<br \/>\nMenci\u00f3n especial merece Juli\u00e1n Mart\u00ednez S\u00e1ez, el m\u00e1ximo artillero del equipo con 22 dianas, erigi\u00e9ndose como uno de los grandes protagonistas de esta campa\u00f1a. Su olfato goleador y su calidad han sido fundamentales para el campeonato.<\/p>\n<p>Ahora, el Alev\u00edn A se prepara para afrontar la emocionante fase eliminatoria del campeonato provincial, donde se medir\u00e1 a los dos mejores equipos de cada uno de los otros tres grupos (A, B y C). El camino hacia el t\u00edtulo provincial comenzar\u00e1 con los cuartos de final, que se disputar\u00e1n a partido \u00fanico en el campo del equipo mejor clasificado en la fase regular. Las semifinales se decidir\u00e1n por sorteo, sin ventaja de campo, mientras que la gran final y el partido por el tercer y cuarto puesto se jugar\u00e1n en terreno neutral.<\/p>\n<p>El primer escollo para los j\u00f3venes campeones de Caudete ser\u00e1 el encuentro de cuartos de final, programado para el pr\u00f3ximo 26 de abril en la Ciudad Deportiva Antonio Amor\u00f3s. El equipo hace un llamamiento a toda la afici\u00f3n, familias y vecinos de Caudete para que acudan al campo a brindar su apoyo y alentar a sus j\u00f3venes promesas en este importante desaf\u00edo.<br \/>\nLa Concejal\u00eda de Deportes del Ayuntamiento de Caudete ha querido destacar el excelente trabajo que se viene realizando en todas las categor\u00edas de la Escuela Deportiva Municipal de f\u00fatbol. La concejal M.\u00aa Pilar Egea ha felicitado especialmente a entrenadores, monitores, familias y, por supuesto, a todos los jugadores por su compromiso, progreso y actitud ejemplar durante toda la temporada. &#8220;La EDM es un referente deportivo y formativo en nuestro municipio, y seguiremos trabajando para que contin\u00fae creciendo y ofreciendo oportunidades a nuestros j\u00f3venes&#8221;, ha afirmado la concejal.<\/p>\n<p>El Ayuntamiento de Caudete reafirma su apuesta por el deporte base como una herramienta fundamental para la formaci\u00f3n en valores, el crecimiento personal y la convivencia de sus j\u00f3venes ciudadanos. El \u00e9xito del Alev\u00edn \u201cA\u201d de f\u00fatbol es un claro ejemplo del talento y el potencial que existe en la cantera deportiva local.<br \/>\n<a href=\"https:\/\/www.caudete.org\/ayuntamiento\/wp-content\/uploads\/2025\/04\/Foto-Alevin-A.jpg\" rel='prettyPhoto'><img fetchpriority=\"high\" decoding=\"async\" class=\"alignnone size-full wp-image-28230\" src=\"https:\/\/www.caudete.org\/ayuntamiento\/wp-content\/uploads\/2025\/04\/Foto-Alevin-A.jpg\" alt=\"\" width=\"1000\" height=\"750\" srcset=\"https:\/\/www.caudete.org\/ayuntamiento\/wp-content\/uploads\/2025\/04\/Foto-Alevin-A.jpg 1000w, https:\/\/www.caudete.org\/ayuntamiento\/wp-content\/uploads\/2025\/04\/Foto-Alevin-A-533x400.jpg 533w, https:\/\/www.caudete.org\/ayuntamiento\/wp-content\/uploads\/2025\/04\/Foto-Alevin-A-768x576.jpg 768w\" sizes=\"(max-width: 1000px) 100vw, 1000px\" \/><\/a><a href=\"https:\/\/www.caudete.org\/ayuntamiento\/wp-content\/uploads\/2025\/04\/Foto-Alevin-A.png\" rel='prettyPhoto'><img decoding=\"async\" class=\"alignnone size-full wp-image-28231\" src=\"https:\/\/www.caudete.org\/ayuntamiento\/wp-content\/uploads\/2025\/04\/Foto-Alevin-A.png\" alt=\"\" width=\"1000\" height=\"766\" srcset=\"https:\/\/www.caudete.org\/ayuntamiento\/wp-content\/uploads\/2025\/04\/Foto-Alevin-A.png 1000w, https:\/\/www.caudete.org\/ayuntamiento\/wp-content\/uploads\/2025\/04\/Foto-Alevin-A-522x400.png 522w, https:\/\/www.caudete.org\/ayuntamiento\/wp-content\/uploads\/2025\/04\/Foto-Alevin-A-768x588.png 768w\" sizes=\"(max-width: 1000px) 100vw, 1000px\" \/><\/a><\/p>\n","protected":false},"excerpt":{"rendered":"<p>Caudete celebra el triunfo del equipo Alev\u00edn A de las Escuelas Deportivas Municipales (EDM) de f\u00fatbol, que se ha proclamado campe\u00f3n del Grupo D a falta de una jornada para el final de la liga. El logro es fruto del esfuerzo colectivo de los j\u00f3venes jugadores y la dedicaci\u00f3n de sus entrenadores, Pedro Jos\u00e9 Garc\u00eda &hellip;<\/p>\n","protected":false},"author":5,"featured_media":28232,"comment_status":"closed","ping_status":"open","sticky":false,"template":"","format":"standard","meta":{"ngg_post_thumbnail":0,"footnotes":""},"categories":[23],"tags":[],"class_list":["post-28229","post","type-post","status-publish","format-standard","has-post-thumbnail","hentry","category-deportes"],"yoast_head":"<!-- This site is optimized with the Yoast SEO plugin v27.5 - https:\/\/yoast.com\/product\/yoast-seo-wordpress\/ -->\n<title>El Alev\u00edn \u201cA\u201d de las EDM de Caudete conquista el Grupo D con una temporada de ensue\u00f1o - MI Ayuntamiento de Caudete<\/title>\n<meta name=\"description\" content=\"P\u00e1gina Oficial del Ayuntamiento de Caudete (Albacete)\" \/>\n<meta name=\"robots\" content=\"index, follow, max-snippet:-1, max-image-preview:large, max-video-preview:-1\" \/>\n<link rel=\"canonical\" href=\"https:\/\/www.caudete.org\/ayuntamiento\/el-alevin-a-de-las-edm-de-caudete-conquista-el-grupo-d-con-una-temporada-de-ensueno\/\" \/>\n<meta property=\"og:locale\" content=\"es_ES\" \/>\n<meta property=\"og:type\" content=\"article\" \/>\n<meta property=\"og:title\" content=\"El Alev\u00edn \u201cA\u201d de las EDM de Caudete conquista el Grupo D con una temporada de ensue\u00f1o - MI Ayuntamiento de Caudete\" \/>\n<meta property=\"og:description\" content=\"P\u00e1gina Oficial del Ayuntamiento de Caudete (Albacete)\" \/>\n<meta property=\"og:url\" content=\"https:\/\/www.caudete.org\/ayuntamiento\/el-alevin-a-de-las-edm-de-caudete-conquista-el-grupo-d-con-una-temporada-de-ensueno\/\" \/>\n<meta property=\"og:site_name\" content=\"MI Ayuntamiento de Caudete\" \/>\n<meta property=\"article:publisher\" content=\"https:\/\/www.facebook.com\/ayuntamientocaudete\/\" \/>\n<meta property=\"article:published_time\" content=\"2025-04-10T09:43:31+00:00\" \/>\n<meta property=\"og:image\" content=\"https:\/\/www.caudete.org\/ayuntamiento\/wp-content\/uploads\/2025\/04\/Foto-Alevin-A-port.jpg\" \/>\n\t<meta property=\"og:image:width\" content=\"1000\" \/>\n\t<meta property=\"og:image:height\" content=\"459\" \/>\n\t<meta property=\"og:image:type\" content=\"image\/jpeg\" \/>\n<meta name=\"author\" content=\"Dpto Informatica MI Ayuntamiento de Caudete\" \/>\n<meta name=\"twitter:card\" content=\"summary_large_image\" \/>\n<meta name=\"twitter:label1\" content=\"Escrito por\" \/>\n\t<meta name=\"twitter:data1\" content=\"Dpto Informatica MI Ayuntamiento de Caudete\" \/>\n\t<meta name=\"twitter:label2\" content=\"Tiempo de lectura\" \/>\n\t<meta name=\"twitter:data2\" content=\"3 minutos\" \/>\n<script type=\"application\/ld+json\" class=\"yoast-schema-graph\">{\"@context\":\"https:\\\/\\\/schema.org\",\"@graph\":[{\"@type\":\"Article\",\"@id\":\"https:\\\/\\\/www.caudete.org\\\/ayuntamiento\\\/el-alevin-a-de-las-edm-de-caudete-conquista-el-grupo-d-con-una-temporada-de-ensueno\\\/#article\",\"isPartOf\":{\"@id\":\"https:\\\/\\\/www.caudete.org\\\/ayuntamiento\\\/el-alevin-a-de-las-edm-de-caudete-conquista-el-grupo-d-con-una-temporada-de-ensueno\\\/\"},\"author\":{\"name\":\"Dpto Informatica MI Ayuntamiento de Caudete\",\"@id\":\"https:\\\/\\\/www.caudete.org\\\/ayuntamiento\\\/#\\\/schema\\\/person\\\/4b9eab41761957db9b1bf9c418d1ef46\"},\"headline\":\"El Alev\u00edn \u201cA\u201d de las EDM de Caudete conquista el Grupo D con una temporada de ensue\u00f1o\",\"datePublished\":\"2025-04-10T09:43:31+00:00\",\"mainEntityOfPage\":{\"@id\":\"https:\\\/\\\/www.caudete.org\\\/ayuntamiento\\\/el-alevin-a-de-las-edm-de-caudete-conquista-el-grupo-d-con-una-temporada-de-ensueno\\\/\"},\"wordCount\":504,\"image\":{\"@id\":\"https:\\\/\\\/www.caudete.org\\\/ayuntamiento\\\/el-alevin-a-de-las-edm-de-caudete-conquista-el-grupo-d-con-una-temporada-de-ensueno\\\/#primaryimage\"},\"thumbnailUrl\":\"https:\\\/\\\/www.caudete.org\\\/ayuntamiento\\\/wp-content\\\/uploads\\\/2025\\\/04\\\/Foto-Alevin-A-port.jpg\",\"articleSection\":[\"Deportes\"],\"inLanguage\":\"es\"},{\"@type\":\"WebPage\",\"@id\":\"https:\\\/\\\/www.caudete.org\\\/ayuntamiento\\\/el-alevin-a-de-las-edm-de-caudete-conquista-el-grupo-d-con-una-temporada-de-ensueno\\\/\",\"url\":\"https:\\\/\\\/www.caudete.org\\\/ayuntamiento\\\/el-alevin-a-de-las-edm-de-caudete-conquista-el-grupo-d-con-una-temporada-de-ensueno\\\/\",\"name\":\"El Alev\u00edn \u201cA\u201d de las EDM de Caudete conquista el Grupo D con una temporada de ensue\u00f1o - MI Ayuntamiento de Caudete\",\"isPartOf\":{\"@id\":\"https:\\\/\\\/www.caudete.org\\\/ayuntamiento\\\/#website\"},\"primaryImageOfPage\":{\"@id\":\"https:\\\/\\\/www.caudete.org\\\/ayuntamiento\\\/el-alevin-a-de-las-edm-de-caudete-conquista-el-grupo-d-con-una-temporada-de-ensueno\\\/#primaryimage\"},\"image\":{\"@id\":\"https:\\\/\\\/www.caudete.org\\\/ayuntamiento\\\/el-alevin-a-de-las-edm-de-caudete-conquista-el-grupo-d-con-una-temporada-de-ensueno\\\/#primaryimage\"},\"thumbnailUrl\":\"https:\\\/\\\/www.caudete.org\\\/ayuntamiento\\\/wp-content\\\/uploads\\\/2025\\\/04\\\/Foto-Alevin-A-port.jpg\",\"datePublished\":\"2025-04-10T09:43:31+00:00\",\"author\":{\"@id\":\"https:\\\/\\\/www.caudete.org\\\/ayuntamiento\\\/#\\\/schema\\\/person\\\/4b9eab41761957db9b1bf9c418d1ef46\"},\"description\":\"P\u00e1gina Oficial del Ayuntamiento de Caudete (Albacete)\",\"breadcrumb\":{\"@id\":\"https:\\\/\\\/www.caudete.org\\\/ayuntamiento\\\/el-alevin-a-de-las-edm-de-caudete-conquista-el-grupo-d-con-una-temporada-de-ensueno\\\/#breadcrumb\"},\"inLanguage\":\"es\",\"potentialAction\":[{\"@type\":\"ReadAction\",\"target\":[\"https:\\\/\\\/www.caudete.org\\\/ayuntamiento\\\/el-alevin-a-de-las-edm-de-caudete-conquista-el-grupo-d-con-una-temporada-de-ensueno\\\/\"]}]},{\"@type\":\"ImageObject\",\"inLanguage\":\"es\",\"@id\":\"https:\\\/\\\/www.caudete.org\\\/ayuntamiento\\\/el-alevin-a-de-las-edm-de-caudete-conquista-el-grupo-d-con-una-temporada-de-ensueno\\\/#primaryimage\",\"url\":\"https:\\\/\\\/www.caudete.org\\\/ayuntamiento\\\/wp-content\\\/uploads\\\/2025\\\/04\\\/Foto-Alevin-A-port.jpg\",\"contentUrl\":\"https:\\\/\\\/www.caudete.org\\\/ayuntamiento\\\/wp-content\\\/uploads\\\/2025\\\/04\\\/Foto-Alevin-A-port.jpg\",\"width\":1000,\"height\":459},{\"@type\":\"BreadcrumbList\",\"@id\":\"https:\\\/\\\/www.caudete.org\\\/ayuntamiento\\\/el-alevin-a-de-las-edm-de-caudete-conquista-el-grupo-d-con-una-temporada-de-ensueno\\\/#breadcrumb\",\"itemListElement\":[{\"@type\":\"ListItem\",\"position\":1,\"name\":\"Inicio\",\"item\":\"https:\\\/\\\/www.caudete.org\\\/ayuntamiento\\\/\"},{\"@type\":\"ListItem\",\"position\":2,\"name\":\"El Alev\u00edn \u201cA\u201d de las EDM de Caudete conquista el Grupo D con una temporada de ensue\u00f1o\"}]},{\"@type\":\"WebSite\",\"@id\":\"https:\\\/\\\/www.caudete.org\\\/ayuntamiento\\\/#website\",\"url\":\"https:\\\/\\\/www.caudete.org\\\/ayuntamiento\\\/\",\"name\":\"MI Ayuntamiento de Caudete\",\"description\":\"P\u00e1gina Oficial del MI Ayuntamiento de Caudete\",\"potentialAction\":[{\"@type\":\"SearchAction\",\"target\":{\"@type\":\"EntryPoint\",\"urlTemplate\":\"https:\\\/\\\/www.caudete.org\\\/ayuntamiento\\\/?s={search_term_string}\"},\"query-input\":{\"@type\":\"PropertyValueSpecification\",\"valueRequired\":true,\"valueName\":\"search_term_string\"}}],\"inLanguage\":\"es\"},{\"@type\":\"Person\",\"@id\":\"https:\\\/\\\/www.caudete.org\\\/ayuntamiento\\\/#\\\/schema\\\/person\\\/4b9eab41761957db9b1bf9c418d1ef46\",\"name\":\"Dpto Informatica MI Ayuntamiento de Caudete\",\"image\":{\"@type\":\"ImageObject\",\"inLanguage\":\"es\",\"@id\":\"https:\\\/\\\/secure.gravatar.com\\\/avatar\\\/ac0321ee4a0a83e82a253e7b2d348ef539e2c8fe16d06b600bde04de1b364fa7?s=96&d=mm&r=g\",\"url\":\"https:\\\/\\\/secure.gravatar.com\\\/avatar\\\/ac0321ee4a0a83e82a253e7b2d348ef539e2c8fe16d06b600bde04de1b364fa7?s=96&d=mm&r=g\",\"contentUrl\":\"https:\\\/\\\/secure.gravatar.com\\\/avatar\\\/ac0321ee4a0a83e82a253e7b2d348ef539e2c8fe16d06b600bde04de1b364fa7?s=96&d=mm&r=g\",\"caption\":\"Dpto Informatica MI Ayuntamiento de Caudete\"},\"url\":\"https:\\\/\\\/www.caudete.org\\\/ayuntamiento\\\/author\\\/informatica\\\/\"}]}<\/script>\n<!-- \/ Yoast SEO plugin. -->","yoast_head_json":{"title":"El Alev\u00edn \u201cA\u201d de las EDM de Caudete conquista el Grupo D con una temporada de ensue\u00f1o - MI Ayuntamiento de Caudete","description":"P\u00e1gina Oficial del Ayuntamiento de Caudete (Albacete)","robots":{"index":"index","follow":"follow","max-snippet":"max-snippet:-1","max-image-preview":"max-image-preview:large","max-video-preview":"max-video-preview:-1"},"canonical":"https:\/\/www.caudete.org\/ayuntamiento\/el-alevin-a-de-las-edm-de-caudete-conquista-el-grupo-d-con-una-temporada-de-ensueno\/","og_locale":"es_ES","og_type":"article","og_title":"El Alev\u00edn \u201cA\u201d de las EDM de Caudete conquista el Grupo D con una temporada de ensue\u00f1o - MI Ayuntamiento de Caudete","og_description":"P\u00e1gina Oficial del Ayuntamiento de Caudete (Albacete)","og_url":"https:\/\/www.caudete.org\/ayuntamiento\/el-alevin-a-de-las-edm-de-caudete-conquista-el-grupo-d-con-una-temporada-de-ensueno\/","og_site_name":"MI Ayuntamiento de Caudete","article_publisher":"https:\/\/www.facebook.com\/ayuntamientocaudete\/","article_published_time":"2025-04-10T09:43:31+00:00","og_image":[{"width":1000,"height":459,"url":"https:\/\/www.caudete.org\/ayuntamiento\/wp-content\/uploads\/2025\/04\/Foto-Alevin-A-port.jpg","type":"image\/jpeg"}],"author":"Dpto Informatica MI Ayuntamiento de Caudete","twitter_card":"summary_large_image","twitter_misc":{"Escrito por":"Dpto Informatica MI Ayuntamiento de Caudete","Tiempo de lectura":"3 minutos"},"schema":{"@context":"https:\/\/schema.org","@graph":[{"@type":"Article","@id":"https:\/\/www.caudete.org\/ayuntamiento\/el-alevin-a-de-las-edm-de-caudete-conquista-el-grupo-d-con-una-temporada-de-ensueno\/#article","isPartOf":{"@id":"https:\/\/www.caudete.org\/ayuntamiento\/el-alevin-a-de-las-edm-de-caudete-conquista-el-grupo-d-con-una-temporada-de-ensueno\/"},"author":{"name":"Dpto Informatica MI Ayuntamiento de Caudete","@id":"https:\/\/www.caudete.org\/ayuntamiento\/#\/schema\/person\/4b9eab41761957db9b1bf9c418d1ef46"},"headline":"El Alev\u00edn \u201cA\u201d de las EDM de Caudete conquista el Grupo D con una temporada de ensue\u00f1o","datePublished":"2025-04-10T09:43:31+00:00","mainEntityOfPage":{"@id":"https:\/\/www.caudete.org\/ayuntamiento\/el-alevin-a-de-las-edm-de-caudete-conquista-el-grupo-d-con-una-temporada-de-ensueno\/"},"wordCount":504,"image":{"@id":"https:\/\/www.caudete.org\/ayuntamiento\/el-alevin-a-de-las-edm-de-caudete-conquista-el-grupo-d-con-una-temporada-de-ensueno\/#primaryimage"},"thumbnailUrl":"https:\/\/www.caudete.org\/ayuntamiento\/wp-content\/uploads\/2025\/04\/Foto-Alevin-A-port.jpg","articleSection":["Deportes"],"inLanguage":"es"},{"@type":"WebPage","@id":"https:\/\/www.caudete.org\/ayuntamiento\/el-alevin-a-de-las-edm-de-caudete-conquista-el-grupo-d-con-una-temporada-de-ensueno\/","url":"https:\/\/www.caudete.org\/ayuntamiento\/el-alevin-a-de-las-edm-de-caudete-conquista-el-grupo-d-con-una-temporada-de-ensueno\/","name":"El Alev\u00edn \u201cA\u201d de las EDM de Caudete conquista el Grupo D con una temporada de ensue\u00f1o - MI Ayuntamiento de Caudete","isPartOf":{"@id":"https:\/\/www.caudete.org\/ayuntamiento\/#website"},"primaryImageOfPage":{"@id":"https:\/\/www.caudete.org\/ayuntamiento\/el-alevin-a-de-las-edm-de-caudete-conquista-el-grupo-d-con-una-temporada-de-ensueno\/#primaryimage"},"image":{"@id":"https:\/\/www.caudete.org\/ayuntamiento\/el-alevin-a-de-las-edm-de-caudete-conquista-el-grupo-d-con-una-temporada-de-ensueno\/#primaryimage"},"thumbnailUrl":"https:\/\/www.caudete.org\/ayuntamiento\/wp-content\/uploads\/2025\/04\/Foto-Alevin-A-port.jpg","datePublished":"2025-04-10T09:43:31+00:00","author":{"@id":"https:\/\/www.caudete.org\/ayuntamiento\/#\/schema\/person\/4b9eab41761957db9b1bf9c418d1ef46"},"description":"P\u00e1gina Oficial del Ayuntamiento de Caudete (Albacete)","breadcrumb":{"@id":"https:\/\/www.caudete.org\/ayuntamiento\/el-alevin-a-de-las-edm-de-caudete-conquista-el-grupo-d-con-una-temporada-de-ensueno\/#breadcrumb"},"inLanguage":"es","potentialAction":[{"@type":"ReadAction","target":["https:\/\/www.caudete.org\/ayuntamiento\/el-alevin-a-de-las-edm-de-caudete-conquista-el-grupo-d-con-una-temporada-de-ensueno\/"]}]},{"@type":"ImageObject","inLanguage":"es","@id":"https:\/\/www.caudete.org\/ayuntamiento\/el-alevin-a-de-las-edm-de-caudete-conquista-el-grupo-d-con-una-temporada-de-ensueno\/#primaryimage","url":"https:\/\/www.caudete.org\/ayuntamiento\/wp-content\/uploads\/2025\/04\/Foto-Alevin-A-port.jpg","contentUrl":"https:\/\/www.caudete.org\/ayuntamiento\/wp-content\/uploads\/2025\/04\/Foto-Alevin-A-port.jpg","width":1000,"height":459},{"@type":"BreadcrumbList","@id":"https:\/\/www.caudete.org\/ayuntamiento\/el-alevin-a-de-las-edm-de-caudete-conquista-el-grupo-d-con-una-temporada-de-ensueno\/#breadcrumb","itemListElement":[{"@type":"ListItem","position":1,"name":"Inicio","item":"https:\/\/www.caudete.org\/ayuntamiento\/"},{"@type":"ListItem","position":2,"name":"El Alev\u00edn \u201cA\u201d de las EDM de Caudete conquista el Grupo D con una temporada de ensue\u00f1o"}]},{"@type":"WebSite","@id":"https:\/\/www.caudete.org\/ayuntamiento\/#website","url":"https:\/\/www.caudete.org\/ayuntamiento\/","name":"MI Ayuntamiento de Caudete","description":"P\u00e1gina Oficial del MI Ayuntamiento de Caudete","potentialAction":[{"@type":"SearchAction","target":{"@type":"EntryPoint","urlTemplate":"https:\/\/www.caudete.org\/ayuntamiento\/?s={search_term_string}"},"query-input":{"@type":"PropertyValueSpecification","valueRequired":true,"valueName":"search_term_string"}}],"inLanguage":"es"},{"@type":"Person","@id":"https:\/\/www.caudete.org\/ayuntamiento\/#\/schema\/person\/4b9eab41761957db9b1bf9c418d1ef46","name":"Dpto Informatica MI Ayuntamiento de Caudete","image":{"@type":"ImageObject","inLanguage":"es","@id":"https:\/\/secure.gravatar.com\/avatar\/ac0321ee4a0a83e82a253e7b2d348ef539e2c8fe16d06b600bde04de1b364fa7?s=96&d=mm&r=g","url":"https:\/\/secure.gravatar.com\/avatar\/ac0321ee4a0a83e82a253e7b2d348ef539e2c8fe16d06b600bde04de1b364fa7?s=96&d=mm&r=g","contentUrl":"https:\/\/secure.gravatar.com\/avatar\/ac0321ee4a0a83e82a253e7b2d348ef539e2c8fe16d06b600bde04de1b364fa7?s=96&d=mm&r=g","caption":"Dpto Informatica MI Ayuntamiento de Caudete"},"url":"https:\/\/www.caudete.org\/ayuntamiento\/author\/informatica\/"}]}},"_links":{"self":[{"href":"https:\/\/www.caudete.org\/ayuntamiento\/wp-json\/wp\/v2\/posts\/28229","targetHints":{"allow":["GET"]}}],"collection":[{"href":"https:\/\/www.caudete.org\/ayuntamiento\/wp-json\/wp\/v2\/posts"}],"about":[{"href":"https:\/\/www.caudete.org\/ayuntamiento\/wp-json\/wp\/v2\/types\/post"}],"author":[{"embeddable":true,"href":"https:\/\/www.caudete.org\/ayuntamiento\/wp-json\/wp\/v2\/users\/5"}],"replies":[{"embeddable":true,"href":"https:\/\/www.caudete.org\/ayuntamiento\/wp-json\/wp\/v2\/comments?post=28229"}],"version-history":[{"count":1,"href":"https:\/\/www.caudete.org\/ayuntamiento\/wp-json\/wp\/v2\/posts\/28229\/revisions"}],"predecessor-version":[{"id":28233,"href":"https:\/\/www.caudete.org\/ayuntamiento\/wp-json\/wp\/v2\/posts\/28229\/revisions\/28233"}],"wp:featuredmedia":[{"embeddable":true,"href":"https:\/\/www.caudete.org\/ayuntamiento\/wp-json\/wp\/v2\/media\/28232"}],"wp:attachment":[{"href":"https:\/\/www.caudete.org\/ayuntamiento\/wp-json\/wp\/v2\/media?parent=28229"}],"wp:term":[{"taxonomy":"category","embeddable":true,"href":"https:\/\/www.caudete.org\/ayuntamiento\/wp-json\/wp\/v2\/categories?post=28229"},{"taxonomy":"post_tag","embeddable":true,"href":"https:\/\/www.caudete.org\/ayuntamiento\/wp-json\/wp\/v2\/tags?post=28229"}],"curies":[{"name":"wp","href":"https:\/\/api.w.org\/{rel}","templated":true}]}}