{"id":28237,"date":"2025-04-10T18:19:01","date_gmt":"2025-04-10T16:19:01","guid":{"rendered":"https:\/\/www.caudete.org\/ayuntamiento\/?p=28237"},"modified":"2025-04-10T18:19:01","modified_gmt":"2025-04-10T16:19:01","slug":"un-bando-municipal-recuerda-las-calles-que-acogeran-los-actos-de-semana-santa-calles-cortadas-al-trafico-y-prohibicion-de-estacionamiento","status":"publish","type":"post","link":"https:\/\/www.caudete.org\/ayuntamiento\/un-bando-municipal-recuerda-las-calles-que-acogeran-los-actos-de-semana-santa-calles-cortadas-al-trafico-y-prohibicion-de-estacionamiento\/","title":{"rendered":"Un BANDO MUNICIPAL recuerda las calles que acoger\u00e1n los actos de Semana Santa: calles cortadas al tr\u00e1fico y prohibici\u00f3n de estacionamiento"},"content":{"rendered":"<p style=\"text-align: justify;\">El Alcalde Mois\u00e9s L\u00f3pez, con motivo de la proximidad de la Semana Santa 2025 y la realizaci\u00f3n de actos por parte de la Junta de Cofrad\u00edas y Pasos de Semana Santa, ha emitido un BANDO MUNICIPAL con el objeto de dar mayor alcance a la poblaci\u00f3n acerca de las calles que acogen los actos y por tanto se ven afectadas de forma temporal al tr\u00e1fico y al estacionamiento de veh\u00edculos.<\/p>\n<p>El contenido del expresado Bando se puede consultar <a href=\"https:\/\/caudete.sedipualba.es\/tablondeanuncios\/anuncio.aspx?id=61921\" target=\"_blank\" rel=\"nofollow\">clicando aqu\u00ed<\/a> o bien en la transcripci\u00f3n literal que sigue:<\/p>\n<p>&nbsp;<\/p>\n<p style=\"text-align: justify;\"><em>&lt;&lt;&lt;Dada cuenta de la Resoluci\u00f3n de Alcald\u00eda n\u00ba 927, de fecha 10 de abril de 2025, en relaci\u00f3n con la autorizaci\u00f3n de ocupaci\u00f3n de v\u00edas p\u00fablicas para la celebraci\u00f3n de las procesiones de Semana Santa de 2025.<\/em><\/p>\n<p style=\"text-align: justify;\"><em>Desde el Ayuntamiento, se comunica el corte de circulaci\u00f3n y prohibici\u00f3n de aparcar, seg\u00fan el cronograma e itinerario de las procesiones de la Semana Santa de Caudete para 2025 y que se detalla a continuaci\u00f3n:<\/em><\/p>\n<p style=\"text-align: justify;\"><span style=\"text-decoration: underline;\"><strong><em>TRASLADO VIRGEN DE LA PIEDAD<\/em><\/strong><\/span><br \/>\n<em>VIERNES, 11 DE ABRIL<\/em><br \/>\n<em>Hora. 22:00<\/em><br \/>\n<em>Recorrido: Convento Madres Carmelitas, avenida Virgen de Gracia, calle De\u00e1n Mart\u00ednez, Gerardo Mates, Juan L\u00f3pez, avenida Virgen de Gracia, Plaza de la Iglesia.<\/em><\/p>\n<p style=\"text-align: justify;\"><span style=\"text-decoration: underline;\"><strong><em>PROCESI\u00d3N INFANTIL<\/em><\/strong><\/span><br \/>\n<em>S\u00c1BADO, 12 DE ABRIL<\/em><br \/>\n<em>Hora: 19:00<\/em><br \/>\n<em>Salida: Iglesia de San Francisco.<\/em><br \/>\n<em>Llegada: Iglesia de San Francisco.<\/em><br \/>\n<em>Recorrido: calles San Francisco, Juan Arellano, San Jaime, Santo Cristo, Santa In\u00e9s.<\/em><\/p>\n<p style=\"text-align: justify;\"><span style=\"text-decoration: underline;\"><strong><em>PROCESI\u00d3N DE LAS PALMAS<\/em><\/strong><\/span><br \/>\n<em>DOMINGO, 13 DE ABRIL<\/em><br \/>\n<em>Hora: 11:30<\/em><br \/>\n<em>Salida: Plaza de Santa Ana.<\/em><br \/>\n<em>Llegada: Santa Catalina.<\/em><br \/>\n<em>Recorrido: Plaza de Santa Ana, calles el \u00c1ngel, Maestro Francisco Serrano, Abad\u00eda, Plaza de la Iglesia.<\/em><\/p>\n<p style=\"text-align: justify;\"><span style=\"text-decoration: underline;\"><strong><em>ENTRADA DE LA CENTURIA ROMANA<\/em><\/strong><\/span><br \/>\n<em>DOMINGO, 13 DE ABRIL<\/em><br \/>\n<em>Hora: 12:30<\/em><br \/>\n<em>Salida: calle Col\u00f3n<\/em><br \/>\n<em>Llegada: calle Col\u00f3n<\/em><br \/>\n<em>Recorrido: calles Col\u00f3n, Juan Arellano, Santa In\u00e9s, San Jaime, Las Eras, San Antonio Abad, Plaza del Carmen, calle Mayor, avenida Virgen de Gracia, calle Jos\u00e9 Ruiz Ruiz, calle Alcalde Luis Pascual, calle El Molino, calle Joaqu\u00edn Pascual, calle San Jaime, calle Juan Arellano, calle Col\u00f3n.<\/em><\/p>\n<p style=\"text-align: justify;\"><span style=\"text-decoration: underline;\"><strong><em>PROCESI\u00d3N DE LA VIRGEN DE LOS DOLORES<\/em><\/strong><\/span><br \/>\n<em>DOMINGO, 13 DE ABRIL<\/em><br \/>\n<em>Hora: 19:30<\/em><br \/>\n<em>Salida y Llegada: Santa Catalina.<\/em><br \/>\n<em>Recorrido: calle De\u00e1n Mart\u00ednez, avenida Virgen de Gracia, calles La Zafra, Alcalde Luis Pascual, el Molino, plaza del Carmen, calle Mayor, Plaza de Santa Catalina.<\/em><\/p>\n<p style=\"text-align: justify;\"><span style=\"text-decoration: underline;\"><strong><em>PROCESI\u00d3N DE LA LUZ<\/em><\/strong><\/span><br \/>\n<em>LUNES, 14 DE ABRIL Hora: 21:30<\/em><br \/>\n<em>Salida y Llegada: Iglesia de San Francisco.<\/em><br \/>\n<em>Recorrido: calles San Francisco, C\u00e1novas del Castillo, calle Jos\u00e9 Canalejas, calle Santa In\u00e9s, Iglesia San Francisco.<\/em><\/p>\n<p style=\"text-align: justify;\"><span style=\"text-decoration: underline;\"><strong><em>TAMBORADA<\/em><\/strong><\/span><br \/>\n<em>MARTES, 15 DE ABRIL<\/em><br \/>\n<em>Hora: 21:30<\/em><br \/>\n<em>Acto de la Tamborada y, seguidamente, procesi\u00f3n. Recorrido: Plaza de la Iglesia, calle De\u00e1n Mart\u00ednez, Avenida Virgen de Gracia, Plaza de la Iglesia.<\/em><\/p>\n<p style=\"text-align: justify;\"><span style=\"text-decoration: underline;\"><strong><em>TRASLADO DE IM\u00c1GENES<\/em><\/strong><\/span><br \/>\n<em>MI\u00c9RCOLES, 16 DE ABRIL<\/em><br \/>\n<em>Hora: 22:00<\/em><br \/>\n<em>Salida: San Francisco.<\/em><br \/>\n<em>Llegada: Santa Catalina.<\/em><br \/>\n<em>Recorrido: calles Santa In\u00e9s, San Jaime (N\u00daMEROS impares), Las Eras, Las Moreras, Plaza del Carmen, calle Mayor, Plaza de la Iglesia.<\/em><\/p>\n<p style=\"text-align: justify;\"><span style=\"text-decoration: underline;\"><strong><em>PROCESI\u00d3N DEL SILENCIO<\/em><\/strong><\/span><br \/>\n<em>JUEVES, 17 DE ABRIL<\/em><br \/>\n<em>Hora: 22:30<\/em><br \/>\n<em>Salida y Llegada: Santa Catalina.<\/em><br \/>\n<em>Recorrido: Vuelta de la Procesi\u00f3n.<\/em><\/p>\n<p style=\"text-align: justify;\"><span style=\"text-decoration: underline;\"><strong><em>LOS PASOS<\/em><\/strong><\/span><br \/>\n<em>VIERNES, 18 DE ABRIL<\/em><br \/>\n<em>Hora: 7:30<\/em><br \/>\n<em>Salida y Llegada: Santa Catalina.<\/em><br \/>\n<em>Recorrido: calle De\u00e1n Mart\u00ednez, avenida Virgen de Gracia, calle Mercado, Plaza del Carmen, calle las Moreras, calle Las Eras, calle San Antonio Abad, Plaza del Carmen, calle Mayor, Plaza de la Iglesia.<\/em><\/p>\n<p style=\"text-align: justify;\"><span style=\"text-decoration: underline;\"><strong><em>PROCESI\u00d3N DEL SANTO ENTIERRO<\/em><\/strong><\/span><br \/>\n<em>VIERNES, 18 DE ABRIL<\/em><br \/>\n<em>Hora: 20:00<\/em><br \/>\n<em>Recorrido: Vuelta de la Procesi\u00f3n.<\/em><\/p>\n<p style=\"text-align: justify;\"><span style=\"text-decoration: underline;\"><strong><em>VIGILIA PASCUAL<\/em><\/strong><\/span><br \/>\n<em>S\u00c1BADO, 19 DE ABRIL<\/em><br \/>\n<em>Hora: 22:30<\/em><br \/>\n<em>Recorrido: Plaza de la Iglesia.<\/em><\/p>\n<p style=\"text-align: justify;\"><span style=\"text-decoration: underline;\"><strong><em>PROCESI\u00d3N DEL ENCUENTRO<\/em><\/strong><\/span><br \/>\n<em>DOMINGO, 20 DE ABRIL<\/em><br \/>\n<em>Lugar: Plaza de la Iglesia.<\/em><br \/>\n<em>Hora: 10:30<\/em><br \/>\n<em>Prohibido estacionamiento en calle Paracuellos de la Vega por paso de la Virgen del Rosario.<\/em><\/p>\n<p style=\"text-align: justify;\">\n<p style=\"text-align: center;\"><em>Lo que se hace p\u00fablico para general conocimiento y cumplimiento.<\/em><br \/>\n<em>EL ALCALDE,&gt;&gt;&gt;<\/em><\/p>\n","protected":false},"excerpt":{"rendered":"<p>El Alcalde Mois\u00e9s L\u00f3pez, con motivo de la proximidad de la Semana Santa 2025 y la realizaci\u00f3n de actos por parte de la Junta de Cofrad\u00edas y Pasos de Semana Santa, ha emitido un BANDO MUNICIPAL con el objeto de dar mayor alcance a la poblaci\u00f3n acerca de las calles que acogen los actos y &hellip;<\/p>\n","protected":false},"author":3,"featured_media":28238,"comment_status":"closed","ping_status":"open","sticky":false,"template":"","format":"standard","meta":{"ngg_post_thumbnail":0,"footnotes":""},"categories":[46],"tags":[],"class_list":["post-28237","post","type-post","status-publish","format-standard","has-post-thumbnail","hentry","category-movilidad-urbana"],"yoast_head":"<!-- This site is optimized with the Yoast SEO plugin v27.4 - https:\/\/yoast.com\/product\/yoast-seo-wordpress\/ -->\n<title>Un BANDO MUNICIPAL recuerda las calles que acoger\u00e1n los actos de Semana Santa: calles cortadas al tr\u00e1fico y prohibici\u00f3n de estacionamiento - MI Ayuntamiento de Caudete<\/title>\n<meta name=\"description\" content=\"P\u00e1gina Oficial del Ayuntamiento de Caudete (Albacete)\" \/>\n<meta name=\"robots\" content=\"index, follow, max-snippet:-1, max-image-preview:large, max-video-preview:-1\" \/>\n<link rel=\"canonical\" href=\"https:\/\/www.caudete.org\/ayuntamiento\/un-bando-municipal-recuerda-las-calles-que-acogeran-los-actos-de-semana-santa-calles-cortadas-al-trafico-y-prohibicion-de-estacionamiento\/\" \/>\n<meta property=\"og:locale\" content=\"es_ES\" \/>\n<meta property=\"og:type\" content=\"article\" \/>\n<meta property=\"og:title\" content=\"Un BANDO MUNICIPAL recuerda las calles que acoger\u00e1n los actos de Semana Santa: calles cortadas al tr\u00e1fico y prohibici\u00f3n de estacionamiento - MI Ayuntamiento de Caudete\" \/>\n<meta property=\"og:description\" content=\"P\u00e1gina Oficial del Ayuntamiento de Caudete (Albacete)\" \/>\n<meta property=\"og:url\" content=\"https:\/\/www.caudete.org\/ayuntamiento\/un-bando-municipal-recuerda-las-calles-que-acogeran-los-actos-de-semana-santa-calles-cortadas-al-trafico-y-prohibicion-de-estacionamiento\/\" \/>\n<meta property=\"og:site_name\" content=\"MI Ayuntamiento de Caudete\" \/>\n<meta property=\"article:publisher\" content=\"https:\/\/www.facebook.com\/ayuntamientocaudete\/\" \/>\n<meta property=\"article:published_time\" content=\"2025-04-10T16:19:01+00:00\" \/>\n<meta property=\"og:image\" content=\"https:\/\/www.caudete.org\/ayuntamiento\/wp-content\/uploads\/2025\/04\/BANDO-MUNICIPAL-SEMANA-SANTA-PROCESIONES.jpg\" \/>\n\t<meta property=\"og:image:width\" content=\"1092\" \/>\n\t<meta property=\"og:image:height\" content=\"703\" \/>\n\t<meta property=\"og:image:type\" content=\"image\/jpeg\" \/>\n<meta name=\"author\" content=\"alcalde\" \/>\n<meta name=\"twitter:card\" content=\"summary_large_image\" \/>\n<meta name=\"twitter:label1\" content=\"Escrito por\" \/>\n\t<meta name=\"twitter:data1\" content=\"alcalde\" \/>\n\t<meta name=\"twitter:label2\" content=\"Tiempo de lectura\" \/>\n\t<meta name=\"twitter:data2\" content=\"3 minutos\" \/>\n<script type=\"application\/ld+json\" class=\"yoast-schema-graph\">{\"@context\":\"https:\\\/\\\/schema.org\",\"@graph\":[{\"@type\":\"Article\",\"@id\":\"https:\\\/\\\/www.caudete.org\\\/ayuntamiento\\\/un-bando-municipal-recuerda-las-calles-que-acogeran-los-actos-de-semana-santa-calles-cortadas-al-trafico-y-prohibicion-de-estacionamiento\\\/#article\",\"isPartOf\":{\"@id\":\"https:\\\/\\\/www.caudete.org\\\/ayuntamiento\\\/un-bando-municipal-recuerda-las-calles-que-acogeran-los-actos-de-semana-santa-calles-cortadas-al-trafico-y-prohibicion-de-estacionamiento\\\/\"},\"author\":{\"name\":\"alcalde\",\"@id\":\"https:\\\/\\\/www.caudete.org\\\/ayuntamiento\\\/#\\\/schema\\\/person\\\/cc646da9133078ee4d8dd47457947253\"},\"headline\":\"Un BANDO MUNICIPAL recuerda las calles que acoger\u00e1n los actos de Semana Santa: calles cortadas al tr\u00e1fico y prohibici\u00f3n de estacionamiento\",\"datePublished\":\"2025-04-10T16:19:01+00:00\",\"mainEntityOfPage\":{\"@id\":\"https:\\\/\\\/www.caudete.org\\\/ayuntamiento\\\/un-bando-municipal-recuerda-las-calles-que-acogeran-los-actos-de-semana-santa-calles-cortadas-al-trafico-y-prohibicion-de-estacionamiento\\\/\"},\"wordCount\":650,\"publisher\":{\"@id\":\"https:\\\/\\\/www.caudete.org\\\/ayuntamiento\\\/#organization\"},\"image\":{\"@id\":\"https:\\\/\\\/www.caudete.org\\\/ayuntamiento\\\/un-bando-municipal-recuerda-las-calles-que-acogeran-los-actos-de-semana-santa-calles-cortadas-al-trafico-y-prohibicion-de-estacionamiento\\\/#primaryimage\"},\"thumbnailUrl\":\"https:\\\/\\\/www.caudete.org\\\/ayuntamiento\\\/wp-content\\\/uploads\\\/2025\\\/04\\\/BANDO-MUNICIPAL-SEMANA-SANTA-PROCESIONES.jpg\",\"articleSection\":[\"Movilidad Urbana\"],\"inLanguage\":\"es\"},{\"@type\":\"WebPage\",\"@id\":\"https:\\\/\\\/www.caudete.org\\\/ayuntamiento\\\/un-bando-municipal-recuerda-las-calles-que-acogeran-los-actos-de-semana-santa-calles-cortadas-al-trafico-y-prohibicion-de-estacionamiento\\\/\",\"url\":\"https:\\\/\\\/www.caudete.org\\\/ayuntamiento\\\/un-bando-municipal-recuerda-las-calles-que-acogeran-los-actos-de-semana-santa-calles-cortadas-al-trafico-y-prohibicion-de-estacionamiento\\\/\",\"name\":\"Un BANDO MUNICIPAL recuerda las calles que acoger\u00e1n los actos de Semana Santa: calles cortadas al tr\u00e1fico y prohibici\u00f3n de estacionamiento - MI Ayuntamiento de Caudete\",\"isPartOf\":{\"@id\":\"https:\\\/\\\/www.caudete.org\\\/ayuntamiento\\\/#website\"},\"primaryImageOfPage\":{\"@id\":\"https:\\\/\\\/www.caudete.org\\\/ayuntamiento\\\/un-bando-municipal-recuerda-las-calles-que-acogeran-los-actos-de-semana-santa-calles-cortadas-al-trafico-y-prohibicion-de-estacionamiento\\\/#primaryimage\"},\"image\":{\"@id\":\"https:\\\/\\\/www.caudete.org\\\/ayuntamiento\\\/un-bando-municipal-recuerda-las-calles-que-acogeran-los-actos-de-semana-santa-calles-cortadas-al-trafico-y-prohibicion-de-estacionamiento\\\/#primaryimage\"},\"thumbnailUrl\":\"https:\\\/\\\/www.caudete.org\\\/ayuntamiento\\\/wp-content\\\/uploads\\\/2025\\\/04\\\/BANDO-MUNICIPAL-SEMANA-SANTA-PROCESIONES.jpg\",\"datePublished\":\"2025-04-10T16:19:01+00:00\",\"description\":\"P\u00e1gina Oficial del Ayuntamiento de Caudete (Albacete)\",\"breadcrumb\":{\"@id\":\"https:\\\/\\\/www.caudete.org\\\/ayuntamiento\\\/un-bando-municipal-recuerda-las-calles-que-acogeran-los-actos-de-semana-santa-calles-cortadas-al-trafico-y-prohibicion-de-estacionamiento\\\/#breadcrumb\"},\"inLanguage\":\"es\",\"potentialAction\":[{\"@type\":\"ReadAction\",\"target\":[\"https:\\\/\\\/www.caudete.org\\\/ayuntamiento\\\/un-bando-municipal-recuerda-las-calles-que-acogeran-los-actos-de-semana-santa-calles-cortadas-al-trafico-y-prohibicion-de-estacionamiento\\\/\"]}]},{\"@type\":\"ImageObject\",\"inLanguage\":\"es\",\"@id\":\"https:\\\/\\\/www.caudete.org\\\/ayuntamiento\\\/un-bando-municipal-recuerda-las-calles-que-acogeran-los-actos-de-semana-santa-calles-cortadas-al-trafico-y-prohibicion-de-estacionamiento\\\/#primaryimage\",\"url\":\"https:\\\/\\\/www.caudete.org\\\/ayuntamiento\\\/wp-content\\\/uploads\\\/2025\\\/04\\\/BANDO-MUNICIPAL-SEMANA-SANTA-PROCESIONES.jpg\",\"contentUrl\":\"https:\\\/\\\/www.caudete.org\\\/ayuntamiento\\\/wp-content\\\/uploads\\\/2025\\\/04\\\/BANDO-MUNICIPAL-SEMANA-SANTA-PROCESIONES.jpg\",\"width\":1092,\"height\":703},{\"@type\":\"BreadcrumbList\",\"@id\":\"https:\\\/\\\/www.caudete.org\\\/ayuntamiento\\\/un-bando-municipal-recuerda-las-calles-que-acogeran-los-actos-de-semana-santa-calles-cortadas-al-trafico-y-prohibicion-de-estacionamiento\\\/#breadcrumb\",\"itemListElement\":[{\"@type\":\"ListItem\",\"position\":1,\"name\":\"Inicio\",\"item\":\"https:\\\/\\\/www.caudete.org\\\/ayuntamiento\\\/\"},{\"@type\":\"ListItem\",\"position\":2,\"name\":\"Un BANDO MUNICIPAL recuerda las calles que acoger\u00e1n los actos de Semana Santa: calles cortadas al tr\u00e1fico y prohibici\u00f3n de estacionamiento\"}]},{\"@type\":\"WebSite\",\"@id\":\"https:\\\/\\\/www.caudete.org\\\/ayuntamiento\\\/#website\",\"url\":\"https:\\\/\\\/www.caudete.org\\\/ayuntamiento\\\/\",\"name\":\"MI Ayuntamiento de Caudete\",\"description\":\"P\u00e1gina Oficial del MI Ayuntamiento de Caudete\",\"publisher\":{\"@id\":\"https:\\\/\\\/www.caudete.org\\\/ayuntamiento\\\/#organization\"},\"potentialAction\":[{\"@type\":\"SearchAction\",\"target\":{\"@type\":\"EntryPoint\",\"urlTemplate\":\"https:\\\/\\\/www.caudete.org\\\/ayuntamiento\\\/?s={search_term_string}\"},\"query-input\":{\"@type\":\"PropertyValueSpecification\",\"valueRequired\":true,\"valueName\":\"search_term_string\"}}],\"inLanguage\":\"es\"},{\"@type\":\"Organization\",\"@id\":\"https:\\\/\\\/www.caudete.org\\\/ayuntamiento\\\/#organization\",\"name\":\"Ayuntamiento de Caudete\",\"url\":\"https:\\\/\\\/www.caudete.org\\\/ayuntamiento\\\/\",\"logo\":{\"@type\":\"ImageObject\",\"inLanguage\":\"es\",\"@id\":\"https:\\\/\\\/www.caudete.org\\\/ayuntamiento\\\/#\\\/schema\\\/logo\\\/image\\\/\",\"url\":\"https:\\\/\\\/www.caudete.org\\\/ayuntamiento\\\/wp-content\\\/uploads\\\/2020\\\/11\\\/logo_ayuntamiento_caudete.jpg\",\"contentUrl\":\"https:\\\/\\\/www.caudete.org\\\/ayuntamiento\\\/wp-content\\\/uploads\\\/2020\\\/11\\\/logo_ayuntamiento_caudete.jpg\",\"width\":600,\"height\":150,\"caption\":\"Ayuntamiento de Caudete\"},\"image\":{\"@id\":\"https:\\\/\\\/www.caudete.org\\\/ayuntamiento\\\/#\\\/schema\\\/logo\\\/image\\\/\"},\"sameAs\":[\"https:\\\/\\\/www.facebook.com\\\/ayuntamientocaudete\\\/\",\"https:\\\/\\\/www.youtube.com\\\/channel\\\/UC6VztHaooNsGpw-tNoBEFnQ\"]},{\"@type\":\"Person\",\"@id\":\"https:\\\/\\\/www.caudete.org\\\/ayuntamiento\\\/#\\\/schema\\\/person\\\/cc646da9133078ee4d8dd47457947253\",\"name\":\"alcalde\",\"image\":{\"@type\":\"ImageObject\",\"inLanguage\":\"es\",\"@id\":\"https:\\\/\\\/secure.gravatar.com\\\/avatar\\\/84a817ba065b29ff08d666b215a215f5c79186a645ccb25b14a663d48a130f77?s=96&d=mm&r=g\",\"url\":\"https:\\\/\\\/secure.gravatar.com\\\/avatar\\\/84a817ba065b29ff08d666b215a215f5c79186a645ccb25b14a663d48a130f77?s=96&d=mm&r=g\",\"contentUrl\":\"https:\\\/\\\/secure.gravatar.com\\\/avatar\\\/84a817ba065b29ff08d666b215a215f5c79186a645ccb25b14a663d48a130f77?s=96&d=mm&r=g\",\"caption\":\"alcalde\"},\"url\":\"https:\\\/\\\/www.caudete.org\\\/ayuntamiento\\\/author\\\/alcalde\\\/\"}]}<\/script>\n<!-- \/ Yoast SEO plugin. -->","yoast_head_json":{"title":"Un BANDO MUNICIPAL recuerda las calles que acoger\u00e1n los actos de Semana Santa: calles cortadas al tr\u00e1fico y prohibici\u00f3n de estacionamiento - MI Ayuntamiento de Caudete","description":"P\u00e1gina Oficial del Ayuntamiento de Caudete (Albacete)","robots":{"index":"index","follow":"follow","max-snippet":"max-snippet:-1","max-image-preview":"max-image-preview:large","max-video-preview":"max-video-preview:-1"},"canonical":"https:\/\/www.caudete.org\/ayuntamiento\/un-bando-municipal-recuerda-las-calles-que-acogeran-los-actos-de-semana-santa-calles-cortadas-al-trafico-y-prohibicion-de-estacionamiento\/","og_locale":"es_ES","og_type":"article","og_title":"Un BANDO MUNICIPAL recuerda las calles que acoger\u00e1n los actos de Semana Santa: calles cortadas al tr\u00e1fico y prohibici\u00f3n de estacionamiento - MI Ayuntamiento de Caudete","og_description":"P\u00e1gina Oficial del Ayuntamiento de Caudete (Albacete)","og_url":"https:\/\/www.caudete.org\/ayuntamiento\/un-bando-municipal-recuerda-las-calles-que-acogeran-los-actos-de-semana-santa-calles-cortadas-al-trafico-y-prohibicion-de-estacionamiento\/","og_site_name":"MI Ayuntamiento de Caudete","article_publisher":"https:\/\/www.facebook.com\/ayuntamientocaudete\/","article_published_time":"2025-04-10T16:19:01+00:00","og_image":[{"width":1092,"height":703,"url":"https:\/\/www.caudete.org\/ayuntamiento\/wp-content\/uploads\/2025\/04\/BANDO-MUNICIPAL-SEMANA-SANTA-PROCESIONES.jpg","type":"image\/jpeg"}],"author":"alcalde","twitter_card":"summary_large_image","twitter_misc":{"Escrito por":"alcalde","Tiempo de lectura":"3 minutos"},"schema":{"@context":"https:\/\/schema.org","@graph":[{"@type":"Article","@id":"https:\/\/www.caudete.org\/ayuntamiento\/un-bando-municipal-recuerda-las-calles-que-acogeran-los-actos-de-semana-santa-calles-cortadas-al-trafico-y-prohibicion-de-estacionamiento\/#article","isPartOf":{"@id":"https:\/\/www.caudete.org\/ayuntamiento\/un-bando-municipal-recuerda-las-calles-que-acogeran-los-actos-de-semana-santa-calles-cortadas-al-trafico-y-prohibicion-de-estacionamiento\/"},"author":{"name":"alcalde","@id":"https:\/\/www.caudete.org\/ayuntamiento\/#\/schema\/person\/cc646da9133078ee4d8dd47457947253"},"headline":"Un BANDO MUNICIPAL recuerda las calles que acoger\u00e1n los actos de Semana Santa: calles cortadas al tr\u00e1fico y prohibici\u00f3n de estacionamiento","datePublished":"2025-04-10T16:19:01+00:00","mainEntityOfPage":{"@id":"https:\/\/www.caudete.org\/ayuntamiento\/un-bando-municipal-recuerda-las-calles-que-acogeran-los-actos-de-semana-santa-calles-cortadas-al-trafico-y-prohibicion-de-estacionamiento\/"},"wordCount":650,"publisher":{"@id":"https:\/\/www.caudete.org\/ayuntamiento\/#organization"},"image":{"@id":"https:\/\/www.caudete.org\/ayuntamiento\/un-bando-municipal-recuerda-las-calles-que-acogeran-los-actos-de-semana-santa-calles-cortadas-al-trafico-y-prohibicion-de-estacionamiento\/#primaryimage"},"thumbnailUrl":"https:\/\/www.caudete.org\/ayuntamiento\/wp-content\/uploads\/2025\/04\/BANDO-MUNICIPAL-SEMANA-SANTA-PROCESIONES.jpg","articleSection":["Movilidad Urbana"],"inLanguage":"es"},{"@type":"WebPage","@id":"https:\/\/www.caudete.org\/ayuntamiento\/un-bando-municipal-recuerda-las-calles-que-acogeran-los-actos-de-semana-santa-calles-cortadas-al-trafico-y-prohibicion-de-estacionamiento\/","url":"https:\/\/www.caudete.org\/ayuntamiento\/un-bando-municipal-recuerda-las-calles-que-acogeran-los-actos-de-semana-santa-calles-cortadas-al-trafico-y-prohibicion-de-estacionamiento\/","name":"Un BANDO MUNICIPAL recuerda las calles que acoger\u00e1n los actos de Semana Santa: calles cortadas al tr\u00e1fico y prohibici\u00f3n de estacionamiento - MI Ayuntamiento de Caudete","isPartOf":{"@id":"https:\/\/www.caudete.org\/ayuntamiento\/#website"},"primaryImageOfPage":{"@id":"https:\/\/www.caudete.org\/ayuntamiento\/un-bando-municipal-recuerda-las-calles-que-acogeran-los-actos-de-semana-santa-calles-cortadas-al-trafico-y-prohibicion-de-estacionamiento\/#primaryimage"},"image":{"@id":"https:\/\/www.caudete.org\/ayuntamiento\/un-bando-municipal-recuerda-las-calles-que-acogeran-los-actos-de-semana-santa-calles-cortadas-al-trafico-y-prohibicion-de-estacionamiento\/#primaryimage"},"thumbnailUrl":"https:\/\/www.caudete.org\/ayuntamiento\/wp-content\/uploads\/2025\/04\/BANDO-MUNICIPAL-SEMANA-SANTA-PROCESIONES.jpg","datePublished":"2025-04-10T16:19:01+00:00","description":"P\u00e1gina Oficial del Ayuntamiento de Caudete (Albacete)","breadcrumb":{"@id":"https:\/\/www.caudete.org\/ayuntamiento\/un-bando-municipal-recuerda-las-calles-que-acogeran-los-actos-de-semana-santa-calles-cortadas-al-trafico-y-prohibicion-de-estacionamiento\/#breadcrumb"},"inLanguage":"es","potentialAction":[{"@type":"ReadAction","target":["https:\/\/www.caudete.org\/ayuntamiento\/un-bando-municipal-recuerda-las-calles-que-acogeran-los-actos-de-semana-santa-calles-cortadas-al-trafico-y-prohibicion-de-estacionamiento\/"]}]},{"@type":"ImageObject","inLanguage":"es","@id":"https:\/\/www.caudete.org\/ayuntamiento\/un-bando-municipal-recuerda-las-calles-que-acogeran-los-actos-de-semana-santa-calles-cortadas-al-trafico-y-prohibicion-de-estacionamiento\/#primaryimage","url":"https:\/\/www.caudete.org\/ayuntamiento\/wp-content\/uploads\/2025\/04\/BANDO-MUNICIPAL-SEMANA-SANTA-PROCESIONES.jpg","contentUrl":"https:\/\/www.caudete.org\/ayuntamiento\/wp-content\/uploads\/2025\/04\/BANDO-MUNICIPAL-SEMANA-SANTA-PROCESIONES.jpg","width":1092,"height":703},{"@type":"BreadcrumbList","@id":"https:\/\/www.caudete.org\/ayuntamiento\/un-bando-municipal-recuerda-las-calles-que-acogeran-los-actos-de-semana-santa-calles-cortadas-al-trafico-y-prohibicion-de-estacionamiento\/#breadcrumb","itemListElement":[{"@type":"ListItem","position":1,"name":"Inicio","item":"https:\/\/www.caudete.org\/ayuntamiento\/"},{"@type":"ListItem","position":2,"name":"Un BANDO MUNICIPAL recuerda las calles que acoger\u00e1n los actos de Semana Santa: calles cortadas al tr\u00e1fico y prohibici\u00f3n de estacionamiento"}]},{"@type":"WebSite","@id":"https:\/\/www.caudete.org\/ayuntamiento\/#website","url":"https:\/\/www.caudete.org\/ayuntamiento\/","name":"MI Ayuntamiento de Caudete","description":"P\u00e1gina Oficial del MI Ayuntamiento de Caudete","publisher":{"@id":"https:\/\/www.caudete.org\/ayuntamiento\/#organization"},"potentialAction":[{"@type":"SearchAction","target":{"@type":"EntryPoint","urlTemplate":"https:\/\/www.caudete.org\/ayuntamiento\/?s={search_term_string}"},"query-input":{"@type":"PropertyValueSpecification","valueRequired":true,"valueName":"search_term_string"}}],"inLanguage":"es"},{"@type":"Organization","@id":"https:\/\/www.caudete.org\/ayuntamiento\/#organization","name":"Ayuntamiento de Caudete","url":"https:\/\/www.caudete.org\/ayuntamiento\/","logo":{"@type":"ImageObject","inLanguage":"es","@id":"https:\/\/www.caudete.org\/ayuntamiento\/#\/schema\/logo\/image\/","url":"https:\/\/www.caudete.org\/ayuntamiento\/wp-content\/uploads\/2020\/11\/logo_ayuntamiento_caudete.jpg","contentUrl":"https:\/\/www.caudete.org\/ayuntamiento\/wp-content\/uploads\/2020\/11\/logo_ayuntamiento_caudete.jpg","width":600,"height":150,"caption":"Ayuntamiento de Caudete"},"image":{"@id":"https:\/\/www.caudete.org\/ayuntamiento\/#\/schema\/logo\/image\/"},"sameAs":["https:\/\/www.facebook.com\/ayuntamientocaudete\/","https:\/\/www.youtube.com\/channel\/UC6VztHaooNsGpw-tNoBEFnQ"]},{"@type":"Person","@id":"https:\/\/www.caudete.org\/ayuntamiento\/#\/schema\/person\/cc646da9133078ee4d8dd47457947253","name":"alcalde","image":{"@type":"ImageObject","inLanguage":"es","@id":"https:\/\/secure.gravatar.com\/avatar\/84a817ba065b29ff08d666b215a215f5c79186a645ccb25b14a663d48a130f77?s=96&d=mm&r=g","url":"https:\/\/secure.gravatar.com\/avatar\/84a817ba065b29ff08d666b215a215f5c79186a645ccb25b14a663d48a130f77?s=96&d=mm&r=g","contentUrl":"https:\/\/secure.gravatar.com\/avatar\/84a817ba065b29ff08d666b215a215f5c79186a645ccb25b14a663d48a130f77?s=96&d=mm&r=g","caption":"alcalde"},"url":"https:\/\/www.caudete.org\/ayuntamiento\/author\/alcalde\/"}]}},"_links":{"self":[{"href":"https:\/\/www.caudete.org\/ayuntamiento\/wp-json\/wp\/v2\/posts\/28237","targetHints":{"allow":["GET"]}}],"collection":[{"href":"https:\/\/www.caudete.org\/ayuntamiento\/wp-json\/wp\/v2\/posts"}],"about":[{"href":"https:\/\/www.caudete.org\/ayuntamiento\/wp-json\/wp\/v2\/types\/post"}],"author":[{"embeddable":true,"href":"https:\/\/www.caudete.org\/ayuntamiento\/wp-json\/wp\/v2\/users\/3"}],"replies":[{"embeddable":true,"href":"https:\/\/www.caudete.org\/ayuntamiento\/wp-json\/wp\/v2\/comments?post=28237"}],"version-history":[{"count":1,"href":"https:\/\/www.caudete.org\/ayuntamiento\/wp-json\/wp\/v2\/posts\/28237\/revisions"}],"predecessor-version":[{"id":28239,"href":"https:\/\/www.caudete.org\/ayuntamiento\/wp-json\/wp\/v2\/posts\/28237\/revisions\/28239"}],"wp:featuredmedia":[{"embeddable":true,"href":"https:\/\/www.caudete.org\/ayuntamiento\/wp-json\/wp\/v2\/media\/28238"}],"wp:attachment":[{"href":"https:\/\/www.caudete.org\/ayuntamiento\/wp-json\/wp\/v2\/media?parent=28237"}],"wp:term":[{"taxonomy":"category","embeddable":true,"href":"https:\/\/www.caudete.org\/ayuntamiento\/wp-json\/wp\/v2\/categories?post=28237"},{"taxonomy":"post_tag","embeddable":true,"href":"https:\/\/www.caudete.org\/ayuntamiento\/wp-json\/wp\/v2\/tags?post=28237"}],"curies":[{"name":"wp","href":"https:\/\/api.w.org\/{rel}","templated":true}]}}