{"id":28240,"date":"2025-04-11T10:00:52","date_gmt":"2025-04-11T08:00:52","guid":{"rendered":"https:\/\/www.caudete.org\/ayuntamiento\/?p=28240"},"modified":"2025-04-11T08:11:29","modified_gmt":"2025-04-11T06:11:29","slug":"sobre-la-mocion-no-debatida-en-el-pleno-sobre-la-situacion-sanitaria","status":"publish","type":"post","link":"https:\/\/www.caudete.org\/ayuntamiento\/sobre-la-mocion-no-debatida-en-el-pleno-sobre-la-situacion-sanitaria\/","title":{"rendered":"Sobre la moci\u00f3n no debatida en el Pleno sobre la situaci\u00f3n sanitaria"},"content":{"rendered":"<p>La Concejal\u00eda de Sanidad, Bienestar y Familia del M.I. Ayuntamiento de Caudete informa de que, en el Pleno celebrado el pasado [fecha], no se lleg\u00f3 a debatir la moci\u00f3n registrada para trasladar la preocupaci\u00f3n ciudadana ante la situaci\u00f3n sanitaria del Hospital General de Almansa y del Centro de Salud de Caudete.<\/p>\n<p><strong>La moci\u00f3n fue presentada por la Concejal Mar\u00eda Mart\u00ednez Garc\u00eda<\/strong>, a trav\u00e9s del procedimiento de urgencia, recogido en el art\u00edculo 91.4 del Reglamento de Organizaci\u00f3n y Funcionamiento de las Entidades Locales (ROF), y no fue admitida para su debate al no alcanzarse la mayor\u00eda requerida.<\/p>\n<p>Durante el Pleno asistieron representantes de la <strong>Plataforma en Defensa del Hospital de Almansa<\/strong>, quienes, haciendo uso del turno de palabra para el p\u00fablico, trasladaron su malestar por la situaci\u00f3n y solicitaron mantener un encuentro conjunto con los diferentes grupos municipales para seguir trabajando en defensa de la sanidad de nuestra comarca.<\/p>\n<p>Desde esta Concejal\u00eda Mar\u00eda Mart\u00ednez Garc\u00eda se reafirma el compromiso de continuar trabajando desde el \u00e1mbito institucional, con responsabilidad, di\u00e1logo y coordinaci\u00f3n, con el fin de contribuir a la mejora de la atenci\u00f3n sanitaria que reciben los vecinos de Caudete.<\/p>\n<p style=\"text-align: center;\">\n<strong>Comunicado de la Concejal\u00eda de Sanidad, Bienestar y Familia<\/strong><\/p>\n","protected":false},"excerpt":{"rendered":"<p>La Concejal\u00eda de Sanidad, Bienestar y Familia del M.I. Ayuntamiento de Caudete informa de que, en el Pleno celebrado el pasado fecha, no se lleg\u00f3 a debatir la moci\u00f3n registrada para trasladar la preocupaci\u00f3n ciudadana ante la situaci\u00f3n sanitaria del Hospital General de Almansa y del Centro de Salud de Caudete. La moci\u00f3n fue presentada &hellip;<\/p>\n","protected":false},"author":5,"featured_media":27799,"comment_status":"closed","ping_status":"open","sticky":false,"template":"","format":"standard","meta":{"ngg_post_thumbnail":0,"footnotes":""},"categories":[16],"tags":[],"class_list":["post-28240","post","type-post","status-publish","format-standard","has-post-thumbnail","hentry","category-sanidad"],"yoast_head":"<!-- This site is optimized with the Yoast SEO plugin v27.5 - https:\/\/yoast.com\/product\/yoast-seo-wordpress\/ -->\n<title>Sobre la moci\u00f3n no debatida en el Pleno sobre la situaci\u00f3n sanitaria - MI Ayuntamiento de Caudete<\/title>\n<meta name=\"description\" content=\"P\u00e1gina Oficial del Ayuntamiento de Caudete (Albacete)\" \/>\n<meta name=\"robots\" content=\"index, follow, max-snippet:-1, max-image-preview:large, max-video-preview:-1\" \/>\n<link rel=\"canonical\" href=\"https:\/\/www.caudete.org\/ayuntamiento\/sobre-la-mocion-no-debatida-en-el-pleno-sobre-la-situacion-sanitaria\/\" \/>\n<meta property=\"og:locale\" content=\"es_ES\" \/>\n<meta property=\"og:type\" content=\"article\" \/>\n<meta property=\"og:title\" content=\"Sobre la moci\u00f3n no debatida en el Pleno sobre la situaci\u00f3n sanitaria - MI Ayuntamiento de Caudete\" \/>\n<meta property=\"og:description\" content=\"P\u00e1gina Oficial del Ayuntamiento de Caudete (Albacete)\" \/>\n<meta property=\"og:url\" content=\"https:\/\/www.caudete.org\/ayuntamiento\/sobre-la-mocion-no-debatida-en-el-pleno-sobre-la-situacion-sanitaria\/\" \/>\n<meta property=\"og:site_name\" content=\"MI Ayuntamiento de Caudete\" \/>\n<meta property=\"article:publisher\" content=\"https:\/\/www.facebook.com\/ayuntamientocaudete\/\" \/>\n<meta property=\"article:published_time\" content=\"2025-04-11T08:00:52+00:00\" \/>\n<meta property=\"og:image\" content=\"https:\/\/www.caudete.org\/ayuntamiento\/wp-content\/uploads\/2025\/03\/Hospital-Almansa.jpg\" \/>\n\t<meta property=\"og:image:width\" content=\"799\" \/>\n\t<meta property=\"og:image:height\" content=\"375\" \/>\n\t<meta property=\"og:image:type\" content=\"image\/jpeg\" \/>\n<meta name=\"author\" content=\"Dpto Informatica MI Ayuntamiento de Caudete\" \/>\n<meta name=\"twitter:card\" content=\"summary_large_image\" \/>\n<meta name=\"twitter:label1\" content=\"Escrito por\" \/>\n\t<meta name=\"twitter:data1\" content=\"Dpto Informatica MI Ayuntamiento de Caudete\" \/>\n\t<meta name=\"twitter:label2\" content=\"Tiempo de lectura\" \/>\n\t<meta name=\"twitter:data2\" content=\"2 minutos\" \/>\n<script type=\"application\/ld+json\" class=\"yoast-schema-graph\">{\"@context\":\"https:\\\/\\\/schema.org\",\"@graph\":[{\"@type\":\"Article\",\"@id\":\"https:\\\/\\\/www.caudete.org\\\/ayuntamiento\\\/sobre-la-mocion-no-debatida-en-el-pleno-sobre-la-situacion-sanitaria\\\/#article\",\"isPartOf\":{\"@id\":\"https:\\\/\\\/www.caudete.org\\\/ayuntamiento\\\/sobre-la-mocion-no-debatida-en-el-pleno-sobre-la-situacion-sanitaria\\\/\"},\"author\":{\"name\":\"Dpto Informatica MI Ayuntamiento de Caudete\",\"@id\":\"https:\\\/\\\/www.caudete.org\\\/ayuntamiento\\\/#\\\/schema\\\/person\\\/4b9eab41761957db9b1bf9c418d1ef46\"},\"headline\":\"Sobre la moci\u00f3n no debatida en el Pleno sobre la situaci\u00f3n sanitaria\",\"datePublished\":\"2025-04-11T08:00:52+00:00\",\"mainEntityOfPage\":{\"@id\":\"https:\\\/\\\/www.caudete.org\\\/ayuntamiento\\\/sobre-la-mocion-no-debatida-en-el-pleno-sobre-la-situacion-sanitaria\\\/\"},\"wordCount\":233,\"image\":{\"@id\":\"https:\\\/\\\/www.caudete.org\\\/ayuntamiento\\\/sobre-la-mocion-no-debatida-en-el-pleno-sobre-la-situacion-sanitaria\\\/#primaryimage\"},\"thumbnailUrl\":\"https:\\\/\\\/www.caudete.org\\\/ayuntamiento\\\/wp-content\\\/uploads\\\/2025\\\/03\\\/Hospital-Almansa.jpg\",\"articleSection\":[\"Sanidad\"],\"inLanguage\":\"es\"},{\"@type\":\"WebPage\",\"@id\":\"https:\\\/\\\/www.caudete.org\\\/ayuntamiento\\\/sobre-la-mocion-no-debatida-en-el-pleno-sobre-la-situacion-sanitaria\\\/\",\"url\":\"https:\\\/\\\/www.caudete.org\\\/ayuntamiento\\\/sobre-la-mocion-no-debatida-en-el-pleno-sobre-la-situacion-sanitaria\\\/\",\"name\":\"Sobre la moci\u00f3n no debatida en el Pleno sobre la situaci\u00f3n sanitaria - MI Ayuntamiento de Caudete\",\"isPartOf\":{\"@id\":\"https:\\\/\\\/www.caudete.org\\\/ayuntamiento\\\/#website\"},\"primaryImageOfPage\":{\"@id\":\"https:\\\/\\\/www.caudete.org\\\/ayuntamiento\\\/sobre-la-mocion-no-debatida-en-el-pleno-sobre-la-situacion-sanitaria\\\/#primaryimage\"},\"image\":{\"@id\":\"https:\\\/\\\/www.caudete.org\\\/ayuntamiento\\\/sobre-la-mocion-no-debatida-en-el-pleno-sobre-la-situacion-sanitaria\\\/#primaryimage\"},\"thumbnailUrl\":\"https:\\\/\\\/www.caudete.org\\\/ayuntamiento\\\/wp-content\\\/uploads\\\/2025\\\/03\\\/Hospital-Almansa.jpg\",\"datePublished\":\"2025-04-11T08:00:52+00:00\",\"author\":{\"@id\":\"https:\\\/\\\/www.caudete.org\\\/ayuntamiento\\\/#\\\/schema\\\/person\\\/4b9eab41761957db9b1bf9c418d1ef46\"},\"description\":\"P\u00e1gina Oficial del Ayuntamiento de Caudete (Albacete)\",\"breadcrumb\":{\"@id\":\"https:\\\/\\\/www.caudete.org\\\/ayuntamiento\\\/sobre-la-mocion-no-debatida-en-el-pleno-sobre-la-situacion-sanitaria\\\/#breadcrumb\"},\"inLanguage\":\"es\",\"potentialAction\":[{\"@type\":\"ReadAction\",\"target\":[\"https:\\\/\\\/www.caudete.org\\\/ayuntamiento\\\/sobre-la-mocion-no-debatida-en-el-pleno-sobre-la-situacion-sanitaria\\\/\"]}]},{\"@type\":\"ImageObject\",\"inLanguage\":\"es\",\"@id\":\"https:\\\/\\\/www.caudete.org\\\/ayuntamiento\\\/sobre-la-mocion-no-debatida-en-el-pleno-sobre-la-situacion-sanitaria\\\/#primaryimage\",\"url\":\"https:\\\/\\\/www.caudete.org\\\/ayuntamiento\\\/wp-content\\\/uploads\\\/2025\\\/03\\\/Hospital-Almansa.jpg\",\"contentUrl\":\"https:\\\/\\\/www.caudete.org\\\/ayuntamiento\\\/wp-content\\\/uploads\\\/2025\\\/03\\\/Hospital-Almansa.jpg\",\"width\":799,\"height\":375},{\"@type\":\"BreadcrumbList\",\"@id\":\"https:\\\/\\\/www.caudete.org\\\/ayuntamiento\\\/sobre-la-mocion-no-debatida-en-el-pleno-sobre-la-situacion-sanitaria\\\/#breadcrumb\",\"itemListElement\":[{\"@type\":\"ListItem\",\"position\":1,\"name\":\"Inicio\",\"item\":\"https:\\\/\\\/www.caudete.org\\\/ayuntamiento\\\/\"},{\"@type\":\"ListItem\",\"position\":2,\"name\":\"Sobre la moci\u00f3n no debatida en el Pleno sobre la situaci\u00f3n sanitaria\"}]},{\"@type\":\"WebSite\",\"@id\":\"https:\\\/\\\/www.caudete.org\\\/ayuntamiento\\\/#website\",\"url\":\"https:\\\/\\\/www.caudete.org\\\/ayuntamiento\\\/\",\"name\":\"MI Ayuntamiento de Caudete\",\"description\":\"P\u00e1gina Oficial del MI Ayuntamiento de Caudete\",\"potentialAction\":[{\"@type\":\"SearchAction\",\"target\":{\"@type\":\"EntryPoint\",\"urlTemplate\":\"https:\\\/\\\/www.caudete.org\\\/ayuntamiento\\\/?s={search_term_string}\"},\"query-input\":{\"@type\":\"PropertyValueSpecification\",\"valueRequired\":true,\"valueName\":\"search_term_string\"}}],\"inLanguage\":\"es\"},{\"@type\":\"Person\",\"@id\":\"https:\\\/\\\/www.caudete.org\\\/ayuntamiento\\\/#\\\/schema\\\/person\\\/4b9eab41761957db9b1bf9c418d1ef46\",\"name\":\"Dpto Informatica MI Ayuntamiento de Caudete\",\"image\":{\"@type\":\"ImageObject\",\"inLanguage\":\"es\",\"@id\":\"https:\\\/\\\/secure.gravatar.com\\\/avatar\\\/ac0321ee4a0a83e82a253e7b2d348ef539e2c8fe16d06b600bde04de1b364fa7?s=96&d=mm&r=g\",\"url\":\"https:\\\/\\\/secure.gravatar.com\\\/avatar\\\/ac0321ee4a0a83e82a253e7b2d348ef539e2c8fe16d06b600bde04de1b364fa7?s=96&d=mm&r=g\",\"contentUrl\":\"https:\\\/\\\/secure.gravatar.com\\\/avatar\\\/ac0321ee4a0a83e82a253e7b2d348ef539e2c8fe16d06b600bde04de1b364fa7?s=96&d=mm&r=g\",\"caption\":\"Dpto Informatica MI Ayuntamiento de Caudete\"},\"url\":\"https:\\\/\\\/www.caudete.org\\\/ayuntamiento\\\/author\\\/informatica\\\/\"}]}<\/script>\n<!-- \/ Yoast SEO plugin. -->","yoast_head_json":{"title":"Sobre la moci\u00f3n no debatida en el Pleno sobre la situaci\u00f3n sanitaria - MI Ayuntamiento de Caudete","description":"P\u00e1gina Oficial del Ayuntamiento de Caudete (Albacete)","robots":{"index":"index","follow":"follow","max-snippet":"max-snippet:-1","max-image-preview":"max-image-preview:large","max-video-preview":"max-video-preview:-1"},"canonical":"https:\/\/www.caudete.org\/ayuntamiento\/sobre-la-mocion-no-debatida-en-el-pleno-sobre-la-situacion-sanitaria\/","og_locale":"es_ES","og_type":"article","og_title":"Sobre la moci\u00f3n no debatida en el Pleno sobre la situaci\u00f3n sanitaria - MI Ayuntamiento de Caudete","og_description":"P\u00e1gina Oficial del Ayuntamiento de Caudete (Albacete)","og_url":"https:\/\/www.caudete.org\/ayuntamiento\/sobre-la-mocion-no-debatida-en-el-pleno-sobre-la-situacion-sanitaria\/","og_site_name":"MI Ayuntamiento de Caudete","article_publisher":"https:\/\/www.facebook.com\/ayuntamientocaudete\/","article_published_time":"2025-04-11T08:00:52+00:00","og_image":[{"width":799,"height":375,"url":"https:\/\/www.caudete.org\/ayuntamiento\/wp-content\/uploads\/2025\/03\/Hospital-Almansa.jpg","type":"image\/jpeg"}],"author":"Dpto Informatica MI Ayuntamiento de Caudete","twitter_card":"summary_large_image","twitter_misc":{"Escrito por":"Dpto Informatica MI Ayuntamiento de Caudete","Tiempo de lectura":"2 minutos"},"schema":{"@context":"https:\/\/schema.org","@graph":[{"@type":"Article","@id":"https:\/\/www.caudete.org\/ayuntamiento\/sobre-la-mocion-no-debatida-en-el-pleno-sobre-la-situacion-sanitaria\/#article","isPartOf":{"@id":"https:\/\/www.caudete.org\/ayuntamiento\/sobre-la-mocion-no-debatida-en-el-pleno-sobre-la-situacion-sanitaria\/"},"author":{"name":"Dpto Informatica MI Ayuntamiento de Caudete","@id":"https:\/\/www.caudete.org\/ayuntamiento\/#\/schema\/person\/4b9eab41761957db9b1bf9c418d1ef46"},"headline":"Sobre la moci\u00f3n no debatida en el Pleno sobre la situaci\u00f3n sanitaria","datePublished":"2025-04-11T08:00:52+00:00","mainEntityOfPage":{"@id":"https:\/\/www.caudete.org\/ayuntamiento\/sobre-la-mocion-no-debatida-en-el-pleno-sobre-la-situacion-sanitaria\/"},"wordCount":233,"image":{"@id":"https:\/\/www.caudete.org\/ayuntamiento\/sobre-la-mocion-no-debatida-en-el-pleno-sobre-la-situacion-sanitaria\/#primaryimage"},"thumbnailUrl":"https:\/\/www.caudete.org\/ayuntamiento\/wp-content\/uploads\/2025\/03\/Hospital-Almansa.jpg","articleSection":["Sanidad"],"inLanguage":"es"},{"@type":"WebPage","@id":"https:\/\/www.caudete.org\/ayuntamiento\/sobre-la-mocion-no-debatida-en-el-pleno-sobre-la-situacion-sanitaria\/","url":"https:\/\/www.caudete.org\/ayuntamiento\/sobre-la-mocion-no-debatida-en-el-pleno-sobre-la-situacion-sanitaria\/","name":"Sobre la moci\u00f3n no debatida en el Pleno sobre la situaci\u00f3n sanitaria - MI Ayuntamiento de Caudete","isPartOf":{"@id":"https:\/\/www.caudete.org\/ayuntamiento\/#website"},"primaryImageOfPage":{"@id":"https:\/\/www.caudete.org\/ayuntamiento\/sobre-la-mocion-no-debatida-en-el-pleno-sobre-la-situacion-sanitaria\/#primaryimage"},"image":{"@id":"https:\/\/www.caudete.org\/ayuntamiento\/sobre-la-mocion-no-debatida-en-el-pleno-sobre-la-situacion-sanitaria\/#primaryimage"},"thumbnailUrl":"https:\/\/www.caudete.org\/ayuntamiento\/wp-content\/uploads\/2025\/03\/Hospital-Almansa.jpg","datePublished":"2025-04-11T08:00:52+00:00","author":{"@id":"https:\/\/www.caudete.org\/ayuntamiento\/#\/schema\/person\/4b9eab41761957db9b1bf9c418d1ef46"},"description":"P\u00e1gina Oficial del Ayuntamiento de Caudete (Albacete)","breadcrumb":{"@id":"https:\/\/www.caudete.org\/ayuntamiento\/sobre-la-mocion-no-debatida-en-el-pleno-sobre-la-situacion-sanitaria\/#breadcrumb"},"inLanguage":"es","potentialAction":[{"@type":"ReadAction","target":["https:\/\/www.caudete.org\/ayuntamiento\/sobre-la-mocion-no-debatida-en-el-pleno-sobre-la-situacion-sanitaria\/"]}]},{"@type":"ImageObject","inLanguage":"es","@id":"https:\/\/www.caudete.org\/ayuntamiento\/sobre-la-mocion-no-debatida-en-el-pleno-sobre-la-situacion-sanitaria\/#primaryimage","url":"https:\/\/www.caudete.org\/ayuntamiento\/wp-content\/uploads\/2025\/03\/Hospital-Almansa.jpg","contentUrl":"https:\/\/www.caudete.org\/ayuntamiento\/wp-content\/uploads\/2025\/03\/Hospital-Almansa.jpg","width":799,"height":375},{"@type":"BreadcrumbList","@id":"https:\/\/www.caudete.org\/ayuntamiento\/sobre-la-mocion-no-debatida-en-el-pleno-sobre-la-situacion-sanitaria\/#breadcrumb","itemListElement":[{"@type":"ListItem","position":1,"name":"Inicio","item":"https:\/\/www.caudete.org\/ayuntamiento\/"},{"@type":"ListItem","position":2,"name":"Sobre la moci\u00f3n no debatida en el Pleno sobre la situaci\u00f3n sanitaria"}]},{"@type":"WebSite","@id":"https:\/\/www.caudete.org\/ayuntamiento\/#website","url":"https:\/\/www.caudete.org\/ayuntamiento\/","name":"MI Ayuntamiento de Caudete","description":"P\u00e1gina Oficial del MI Ayuntamiento de Caudete","potentialAction":[{"@type":"SearchAction","target":{"@type":"EntryPoint","urlTemplate":"https:\/\/www.caudete.org\/ayuntamiento\/?s={search_term_string}"},"query-input":{"@type":"PropertyValueSpecification","valueRequired":true,"valueName":"search_term_string"}}],"inLanguage":"es"},{"@type":"Person","@id":"https:\/\/www.caudete.org\/ayuntamiento\/#\/schema\/person\/4b9eab41761957db9b1bf9c418d1ef46","name":"Dpto Informatica MI Ayuntamiento de Caudete","image":{"@type":"ImageObject","inLanguage":"es","@id":"https:\/\/secure.gravatar.com\/avatar\/ac0321ee4a0a83e82a253e7b2d348ef539e2c8fe16d06b600bde04de1b364fa7?s=96&d=mm&r=g","url":"https:\/\/secure.gravatar.com\/avatar\/ac0321ee4a0a83e82a253e7b2d348ef539e2c8fe16d06b600bde04de1b364fa7?s=96&d=mm&r=g","contentUrl":"https:\/\/secure.gravatar.com\/avatar\/ac0321ee4a0a83e82a253e7b2d348ef539e2c8fe16d06b600bde04de1b364fa7?s=96&d=mm&r=g","caption":"Dpto Informatica MI Ayuntamiento de Caudete"},"url":"https:\/\/www.caudete.org\/ayuntamiento\/author\/informatica\/"}]}},"_links":{"self":[{"href":"https:\/\/www.caudete.org\/ayuntamiento\/wp-json\/wp\/v2\/posts\/28240","targetHints":{"allow":["GET"]}}],"collection":[{"href":"https:\/\/www.caudete.org\/ayuntamiento\/wp-json\/wp\/v2\/posts"}],"about":[{"href":"https:\/\/www.caudete.org\/ayuntamiento\/wp-json\/wp\/v2\/types\/post"}],"author":[{"embeddable":true,"href":"https:\/\/www.caudete.org\/ayuntamiento\/wp-json\/wp\/v2\/users\/5"}],"replies":[{"embeddable":true,"href":"https:\/\/www.caudete.org\/ayuntamiento\/wp-json\/wp\/v2\/comments?post=28240"}],"version-history":[{"count":1,"href":"https:\/\/www.caudete.org\/ayuntamiento\/wp-json\/wp\/v2\/posts\/28240\/revisions"}],"predecessor-version":[{"id":28241,"href":"https:\/\/www.caudete.org\/ayuntamiento\/wp-json\/wp\/v2\/posts\/28240\/revisions\/28241"}],"wp:featuredmedia":[{"embeddable":true,"href":"https:\/\/www.caudete.org\/ayuntamiento\/wp-json\/wp\/v2\/media\/27799"}],"wp:attachment":[{"href":"https:\/\/www.caudete.org\/ayuntamiento\/wp-json\/wp\/v2\/media?parent=28240"}],"wp:term":[{"taxonomy":"category","embeddable":true,"href":"https:\/\/www.caudete.org\/ayuntamiento\/wp-json\/wp\/v2\/categories?post=28240"},{"taxonomy":"post_tag","embeddable":true,"href":"https:\/\/www.caudete.org\/ayuntamiento\/wp-json\/wp\/v2\/tags?post=28240"}],"curies":[{"name":"wp","href":"https:\/\/api.w.org\/{rel}","templated":true}]}}