{"id":28246,"date":"2025-04-14T14:14:47","date_gmt":"2025-04-14T12:14:47","guid":{"rendered":"https:\/\/www.caudete.org\/ayuntamiento\/?p=28246"},"modified":"2025-06-12T09:43:11","modified_gmt":"2025-06-12T07:43:11","slug":"caudete-celebra-el-dia-del-libro-2025-con-una-programacion-diversa-y-mas-de-una-docena-de-actividades-para-todos-los-publicos","status":"publish","type":"post","link":"https:\/\/www.caudete.org\/ayuntamiento\/caudete-celebra-el-dia-del-libro-2025-con-una-programacion-diversa-y-mas-de-una-docena-de-actividades-para-todos-los-publicos\/","title":{"rendered":"Caudete celebra el D\u00eda del Libro 2025 con una programaci\u00f3n diversa y m\u00e1s de una docena de actividades para todos los p\u00fablicos"},"content":{"rendered":"<p>La Concejal\u00eda de Cultura del Ayuntamiento de Caudete, a trav\u00e9s de la Biblioteca P\u00fablica Municipal Ana Mar\u00eda Matute, ha organizado una amplia y variada programaci\u00f3n para conmemorar el D\u00eda del Libro 2025. Las actividades se extender\u00e1n durante los meses de abril, mayo y junio, con el objetivo de fomentar la lectura, impulsar la participaci\u00f3n ciudadana y celebrar la creaci\u00f3n literaria en todas sus formas.<\/p>\n<p>La programaci\u00f3n incluye m\u00e1s de una docena de propuestas dirigidas a p\u00fablico infantil, juvenil y adulto, con talleres, encuentros con autoras y autores, espect\u00e1culos, maratones literarios y sesiones de cuentacuentos. Todas las actividades est\u00e1n pensadas para ofrecer una experiencia inclusiva, culturalmente enriquecedora y adaptada a diferentes edades e intereses. La biblioteca se consolida as\u00ed como epicentro de la vida cultural de Caudete.<\/p>\n<p>La agenda di\u00f3 comienzo el pasado 11 de abril con la participaci\u00f3n del club de lectura juvenil Lectibe en el XI Encuentro Provincial de Clubes de Lectura Juveniles celebrado en Casas Ib\u00e1\u00f1ez, que cont\u00f3 con la presencia del escritor Pedro Ma\u00f1as. El lunes 22 de abril se celebrar\u00e1 un taller de carn\u00e9 de peluches, dirigido a ni\u00f1os y ni\u00f1as de entre 3 y 10 a\u00f1os. Esta actividad, que requiere inscripci\u00f3n previa y tendr\u00e1 lugar a las 17:30 horas en la biblioteca.<\/p>\n<p>Uno de los momentos m\u00e1s esperados ser\u00e1 el tradicional Marat\u00f3n Literario del 23 de abril, D\u00eda Mundial del Libro, que este a\u00f1o rinde homenaje al centenario del nacimiento de Ana Mar\u00eda Matute. La actividad se desarrollar\u00e1 durante todo el d\u00eda. en las instalaciones de la biblioteca y contar\u00e1 con la participaci\u00f3n de representantes institucionales, alumnado de centros educativos, miembros de clubes de lectura y vecinas y vecinos de la localidad.<\/p>\n<p>El 25 de abril, a las 19:00 horas, se celebrar\u00e1 el espect\u00e1culo familiar \u201cSue\u00f1o\u201d, de la compa\u00f1\u00eda Criolla, en el Auditorio Municipal. Durante este acto tendr\u00e1 lugar tambi\u00e9n la entrega de premios del XXVIII Certamen Literario Evaristo Ba\u00f1\u00f3n. Las invitaciones pueden recogerse previamente en la biblioteca.<br \/>\nLa narradora oral Eugenia Manzanera protagonizar\u00e1 varias sesiones muy especiales. El 29 de abril ofrecer\u00e1 el espect\u00e1culo para personas adultas Con sumo placer, a las 21:00 horas, con entrada mediante invitaci\u00f3n. Al d\u00eda siguiente, 30 de abril, realizar\u00e1 sesiones de cuentacuentos concertadas con los centros educativos de la localidad para el alumnado de 2\u00ba y 3\u00ba de primaria, en una propuesta que une oralidad, animaci\u00f3n lectora y humor.<\/p>\n<p>El programa continuar\u00e1 el 5 de mayo con un taller de camisetas literarias para j\u00f3venes, que se celebrar\u00e1 a las 18:30 horas. Tambi\u00e9n en mayo, el d\u00eda 8, tendr\u00e1 lugar la presentaci\u00f3n del libro Artista Autista: creatividad en el espectro, del joven autor Eve Edgar L\u00f3pez, a las 19:30 horas en el Museo de la Acuarela Rafael Requena. El d\u00eda 15 ser\u00e1 el turno de la escritora y periodista Ana Requena Aguilar, quien ofrecer\u00e1 un encuentro literario en torno a su libro Intensas, a las 19:00 horas, tambi\u00e9n en el Museo de la Acuarela Rafael Requena<br \/>\nEl 28 de mayo, la poeta To\u00f1i Verdejo dirigir\u00e1 un taller de haikus concertado con centros educativos de 4\u00ba de primaria de Caudete, y el d\u00eda siguiente, 29 de mayo, se celebrar\u00e1 una edici\u00f3n especial del programa infantil \u201cLa Hora del Cuento\u201d, con una fiesta fin de curso de peluches y ni\u00f1os a las 18:00 horas. Esta actividad est\u00e1 dirigida a p\u00fablico familiar y requiere invitaci\u00f3n previa.<\/p>\n<p>La clausura del curso 2024\/2025 de los clubes de lectura municipales tendr\u00e1 lugar el 30 de mayo, con un acto de reconocimiento a la participaci\u00f3n y compromiso de todas las personas lectoras que forman parte de esta red cultural.<\/p>\n<p>Las actividades se prolongar\u00e1n hasta junio con propuestas destacadas como el viaje literario al Encuentro de Clubes de Lectura para personas adultas que se celebrar\u00e1 en Tobarra el d\u00eda 6, con la participaci\u00f3n del escritor y comunicador M\u00e1ximo Huerta, y el encuentro con la escritora Mar\u00eda Zaragoza, autora de la novela La biblioteca de fuego, Premio Azor\u00edn de Novela en 2022, cuyo fecha ser\u00e1 el 11 de junio a las 18:00 horas, dentro del programa \u201cEncuentros con&#8230;\u201d de la Diputaci\u00f3n de Albacete que tendr\u00e1 lugar en la el Museo de la Acuarela Rafael Requena.<\/p>\n<p>La Concejal\u00eda de Cultura quiere agradecer especialmente la implicaci\u00f3n activa de los centros educativos y de las asociaciones de madres y padres (AMPAS), cuya colaboraci\u00f3n ha sido fundamental para el \u00e9xito de muchas de las actividades programadas.<\/p>\n<p>Desde el Ayuntamiento de Caudete se anima a toda la ciudadan\u00eda a sumarse a esta celebraci\u00f3n colectiva de la lectura, disfrutando de una programaci\u00f3n pensada para estimular la imaginaci\u00f3n, fortalecer el h\u00e1bito lector y acercar la literatura a todas las generaciones. Para m\u00e1s informaci\u00f3n o inscripciones, las personas interesadas pueden acudir a la Biblioteca P\u00fablica Municipal Ana Mar\u00eda Matute o consultar los canales oficiales del Ayuntamiento.<br \/>\n<a href=\"https:\/\/www.caudete.org\/ayuntamiento\/wp-content\/uploads\/2025\/04\/1.jpg\" rel='prettyPhoto'><img fetchpriority=\"high\" decoding=\"async\" class=\"alignnone size-full wp-image-28247\" src=\"https:\/\/www.caudete.org\/ayuntamiento\/wp-content\/uploads\/2025\/04\/1.jpg\" alt=\"\" width=\"1000\" height=\"773\" srcset=\"https:\/\/www.caudete.org\/ayuntamiento\/wp-content\/uploads\/2025\/04\/1.jpg 1000w, https:\/\/www.caudete.org\/ayuntamiento\/wp-content\/uploads\/2025\/04\/1-517x400.jpg 517w, https:\/\/www.caudete.org\/ayuntamiento\/wp-content\/uploads\/2025\/04\/1-768x594.jpg 768w\" sizes=\"(max-width: 1000px) 100vw, 1000px\" \/><\/a> <a href=\"https:\/\/www.caudete.org\/ayuntamiento\/wp-content\/uploads\/2025\/04\/2.jpg\" rel='prettyPhoto'><img decoding=\"async\" class=\"alignnone size-full wp-image-28248\" src=\"https:\/\/www.caudete.org\/ayuntamiento\/wp-content\/uploads\/2025\/04\/2.jpg\" alt=\"\" width=\"1000\" height=\"773\" srcset=\"https:\/\/www.caudete.org\/ayuntamiento\/wp-content\/uploads\/2025\/04\/2.jpg 1000w, https:\/\/www.caudete.org\/ayuntamiento\/wp-content\/uploads\/2025\/04\/2-517x400.jpg 517w, https:\/\/www.caudete.org\/ayuntamiento\/wp-content\/uploads\/2025\/04\/2-768x594.jpg 768w\" sizes=\"(max-width: 1000px) 100vw, 1000px\" \/><\/a><\/p>\n","protected":false},"excerpt":{"rendered":"<p>La Concejal\u00eda de Cultura del Ayuntamiento de Caudete, a trav\u00e9s de la Biblioteca P\u00fablica Municipal Ana Mar\u00eda Matute, ha organizado una amplia y variada programaci\u00f3n para conmemorar el D\u00eda del Libro 2025. Las actividades se extender\u00e1n durante los meses de abril, mayo y junio, con el objetivo de fomentar la lectura, impulsar la participaci\u00f3n ciudadana &hellip;<\/p>\n","protected":false},"author":5,"featured_media":28249,"comment_status":"closed","ping_status":"open","sticky":false,"template":"","format":"standard","meta":{"ngg_post_thumbnail":0,"footnotes":""},"categories":[14],"tags":[],"class_list":["post-28246","post","type-post","status-publish","format-standard","has-post-thumbnail","hentry","category-cultura"],"yoast_head":"<!-- This site is optimized with the Yoast SEO plugin v27.5 - https:\/\/yoast.com\/product\/yoast-seo-wordpress\/ -->\n<title>Caudete celebra el D\u00eda del Libro 2025 con una programaci\u00f3n diversa y m\u00e1s de una docena de actividades para todos los p\u00fablicos - MI Ayuntamiento de Caudete<\/title>\n<meta name=\"description\" content=\"P\u00e1gina Oficial del Ayuntamiento de Caudete (Albacete)\" \/>\n<meta name=\"robots\" content=\"index, follow, max-snippet:-1, max-image-preview:large, max-video-preview:-1\" \/>\n<link rel=\"canonical\" href=\"https:\/\/www.caudete.org\/ayuntamiento\/caudete-celebra-el-dia-del-libro-2025-con-una-programacion-diversa-y-mas-de-una-docena-de-actividades-para-todos-los-publicos\/\" \/>\n<meta property=\"og:locale\" content=\"es_ES\" \/>\n<meta property=\"og:type\" content=\"article\" \/>\n<meta property=\"og:title\" content=\"Caudete celebra el D\u00eda del Libro 2025 con una programaci\u00f3n diversa y m\u00e1s de una docena de actividades para todos los p\u00fablicos - MI Ayuntamiento de Caudete\" \/>\n<meta property=\"og:description\" content=\"P\u00e1gina Oficial del Ayuntamiento de Caudete (Albacete)\" \/>\n<meta property=\"og:url\" content=\"https:\/\/www.caudete.org\/ayuntamiento\/caudete-celebra-el-dia-del-libro-2025-con-una-programacion-diversa-y-mas-de-una-docena-de-actividades-para-todos-los-publicos\/\" \/>\n<meta property=\"og:site_name\" content=\"MI Ayuntamiento de Caudete\" \/>\n<meta property=\"article:publisher\" content=\"https:\/\/www.facebook.com\/ayuntamientocaudete\/\" \/>\n<meta property=\"article:published_time\" content=\"2025-04-14T12:14:47+00:00\" \/>\n<meta property=\"article:modified_time\" content=\"2025-06-12T07:43:11+00:00\" \/>\n<meta property=\"og:image\" content=\"https:\/\/www.caudete.org\/ayuntamiento\/wp-content\/uploads\/2025\/04\/Semana-del-libro-2025-port.jpg\" \/>\n\t<meta property=\"og:image:width\" content=\"999\" \/>\n\t<meta property=\"og:image:height\" content=\"452\" \/>\n\t<meta property=\"og:image:type\" content=\"image\/jpeg\" \/>\n<meta name=\"author\" content=\"Dpto Informatica MI Ayuntamiento de Caudete\" \/>\n<meta name=\"twitter:card\" content=\"summary_large_image\" \/>\n<meta name=\"twitter:label1\" content=\"Escrito por\" \/>\n\t<meta name=\"twitter:data1\" content=\"Dpto Informatica MI Ayuntamiento de Caudete\" \/>\n\t<meta name=\"twitter:label2\" content=\"Tiempo de lectura\" \/>\n\t<meta name=\"twitter:data2\" content=\"5 minutos\" \/>\n<script type=\"application\/ld+json\" class=\"yoast-schema-graph\">{\"@context\":\"https:\\\/\\\/schema.org\",\"@graph\":[{\"@type\":\"Article\",\"@id\":\"https:\\\/\\\/www.caudete.org\\\/ayuntamiento\\\/caudete-celebra-el-dia-del-libro-2025-con-una-programacion-diversa-y-mas-de-una-docena-de-actividades-para-todos-los-publicos\\\/#article\",\"isPartOf\":{\"@id\":\"https:\\\/\\\/www.caudete.org\\\/ayuntamiento\\\/caudete-celebra-el-dia-del-libro-2025-con-una-programacion-diversa-y-mas-de-una-docena-de-actividades-para-todos-los-publicos\\\/\"},\"author\":{\"name\":\"Dpto Informatica MI Ayuntamiento de Caudete\",\"@id\":\"https:\\\/\\\/www.caudete.org\\\/ayuntamiento\\\/#\\\/schema\\\/person\\\/4b9eab41761957db9b1bf9c418d1ef46\"},\"headline\":\"Caudete celebra el D\u00eda del Libro 2025 con una programaci\u00f3n diversa y m\u00e1s de una docena de actividades para todos los p\u00fablicos\",\"datePublished\":\"2025-04-14T12:14:47+00:00\",\"dateModified\":\"2025-06-12T07:43:11+00:00\",\"mainEntityOfPage\":{\"@id\":\"https:\\\/\\\/www.caudete.org\\\/ayuntamiento\\\/caudete-celebra-el-dia-del-libro-2025-con-una-programacion-diversa-y-mas-de-una-docena-de-actividades-para-todos-los-publicos\\\/\"},\"wordCount\":855,\"image\":{\"@id\":\"https:\\\/\\\/www.caudete.org\\\/ayuntamiento\\\/caudete-celebra-el-dia-del-libro-2025-con-una-programacion-diversa-y-mas-de-una-docena-de-actividades-para-todos-los-publicos\\\/#primaryimage\"},\"thumbnailUrl\":\"https:\\\/\\\/www.caudete.org\\\/ayuntamiento\\\/wp-content\\\/uploads\\\/2025\\\/04\\\/Semana-del-libro-2025-port.jpg\",\"articleSection\":[\"Cultura\"],\"inLanguage\":\"es\"},{\"@type\":\"WebPage\",\"@id\":\"https:\\\/\\\/www.caudete.org\\\/ayuntamiento\\\/caudete-celebra-el-dia-del-libro-2025-con-una-programacion-diversa-y-mas-de-una-docena-de-actividades-para-todos-los-publicos\\\/\",\"url\":\"https:\\\/\\\/www.caudete.org\\\/ayuntamiento\\\/caudete-celebra-el-dia-del-libro-2025-con-una-programacion-diversa-y-mas-de-una-docena-de-actividades-para-todos-los-publicos\\\/\",\"name\":\"Caudete celebra el D\u00eda del Libro 2025 con una programaci\u00f3n diversa y m\u00e1s de una docena de actividades para todos los p\u00fablicos - MI Ayuntamiento de Caudete\",\"isPartOf\":{\"@id\":\"https:\\\/\\\/www.caudete.org\\\/ayuntamiento\\\/#website\"},\"primaryImageOfPage\":{\"@id\":\"https:\\\/\\\/www.caudete.org\\\/ayuntamiento\\\/caudete-celebra-el-dia-del-libro-2025-con-una-programacion-diversa-y-mas-de-una-docena-de-actividades-para-todos-los-publicos\\\/#primaryimage\"},\"image\":{\"@id\":\"https:\\\/\\\/www.caudete.org\\\/ayuntamiento\\\/caudete-celebra-el-dia-del-libro-2025-con-una-programacion-diversa-y-mas-de-una-docena-de-actividades-para-todos-los-publicos\\\/#primaryimage\"},\"thumbnailUrl\":\"https:\\\/\\\/www.caudete.org\\\/ayuntamiento\\\/wp-content\\\/uploads\\\/2025\\\/04\\\/Semana-del-libro-2025-port.jpg\",\"datePublished\":\"2025-04-14T12:14:47+00:00\",\"dateModified\":\"2025-06-12T07:43:11+00:00\",\"author\":{\"@id\":\"https:\\\/\\\/www.caudete.org\\\/ayuntamiento\\\/#\\\/schema\\\/person\\\/4b9eab41761957db9b1bf9c418d1ef46\"},\"description\":\"P\u00e1gina Oficial del Ayuntamiento de Caudete (Albacete)\",\"breadcrumb\":{\"@id\":\"https:\\\/\\\/www.caudete.org\\\/ayuntamiento\\\/caudete-celebra-el-dia-del-libro-2025-con-una-programacion-diversa-y-mas-de-una-docena-de-actividades-para-todos-los-publicos\\\/#breadcrumb\"},\"inLanguage\":\"es\",\"potentialAction\":[{\"@type\":\"ReadAction\",\"target\":[\"https:\\\/\\\/www.caudete.org\\\/ayuntamiento\\\/caudete-celebra-el-dia-del-libro-2025-con-una-programacion-diversa-y-mas-de-una-docena-de-actividades-para-todos-los-publicos\\\/\"]}]},{\"@type\":\"ImageObject\",\"inLanguage\":\"es\",\"@id\":\"https:\\\/\\\/www.caudete.org\\\/ayuntamiento\\\/caudete-celebra-el-dia-del-libro-2025-con-una-programacion-diversa-y-mas-de-una-docena-de-actividades-para-todos-los-publicos\\\/#primaryimage\",\"url\":\"https:\\\/\\\/www.caudete.org\\\/ayuntamiento\\\/wp-content\\\/uploads\\\/2025\\\/04\\\/Semana-del-libro-2025-port.jpg\",\"contentUrl\":\"https:\\\/\\\/www.caudete.org\\\/ayuntamiento\\\/wp-content\\\/uploads\\\/2025\\\/04\\\/Semana-del-libro-2025-port.jpg\",\"width\":999,\"height\":452},{\"@type\":\"BreadcrumbList\",\"@id\":\"https:\\\/\\\/www.caudete.org\\\/ayuntamiento\\\/caudete-celebra-el-dia-del-libro-2025-con-una-programacion-diversa-y-mas-de-una-docena-de-actividades-para-todos-los-publicos\\\/#breadcrumb\",\"itemListElement\":[{\"@type\":\"ListItem\",\"position\":1,\"name\":\"Inicio\",\"item\":\"https:\\\/\\\/www.caudete.org\\\/ayuntamiento\\\/\"},{\"@type\":\"ListItem\",\"position\":2,\"name\":\"Caudete celebra el D\u00eda del Libro 2025 con una programaci\u00f3n diversa y m\u00e1s de una docena de actividades para todos los p\u00fablicos\"}]},{\"@type\":\"WebSite\",\"@id\":\"https:\\\/\\\/www.caudete.org\\\/ayuntamiento\\\/#website\",\"url\":\"https:\\\/\\\/www.caudete.org\\\/ayuntamiento\\\/\",\"name\":\"MI Ayuntamiento de Caudete\",\"description\":\"P\u00e1gina Oficial del MI Ayuntamiento de Caudete\",\"potentialAction\":[{\"@type\":\"SearchAction\",\"target\":{\"@type\":\"EntryPoint\",\"urlTemplate\":\"https:\\\/\\\/www.caudete.org\\\/ayuntamiento\\\/?s={search_term_string}\"},\"query-input\":{\"@type\":\"PropertyValueSpecification\",\"valueRequired\":true,\"valueName\":\"search_term_string\"}}],\"inLanguage\":\"es\"},{\"@type\":\"Person\",\"@id\":\"https:\\\/\\\/www.caudete.org\\\/ayuntamiento\\\/#\\\/schema\\\/person\\\/4b9eab41761957db9b1bf9c418d1ef46\",\"name\":\"Dpto Informatica MI Ayuntamiento de Caudete\",\"image\":{\"@type\":\"ImageObject\",\"inLanguage\":\"es\",\"@id\":\"https:\\\/\\\/secure.gravatar.com\\\/avatar\\\/ac0321ee4a0a83e82a253e7b2d348ef539e2c8fe16d06b600bde04de1b364fa7?s=96&d=mm&r=g\",\"url\":\"https:\\\/\\\/secure.gravatar.com\\\/avatar\\\/ac0321ee4a0a83e82a253e7b2d348ef539e2c8fe16d06b600bde04de1b364fa7?s=96&d=mm&r=g\",\"contentUrl\":\"https:\\\/\\\/secure.gravatar.com\\\/avatar\\\/ac0321ee4a0a83e82a253e7b2d348ef539e2c8fe16d06b600bde04de1b364fa7?s=96&d=mm&r=g\",\"caption\":\"Dpto Informatica MI Ayuntamiento de Caudete\"},\"url\":\"https:\\\/\\\/www.caudete.org\\\/ayuntamiento\\\/author\\\/informatica\\\/\"}]}<\/script>\n<!-- \/ Yoast SEO plugin. -->","yoast_head_json":{"title":"Caudete celebra el D\u00eda del Libro 2025 con una programaci\u00f3n diversa y m\u00e1s de una docena de actividades para todos los p\u00fablicos - MI Ayuntamiento de Caudete","description":"P\u00e1gina Oficial del Ayuntamiento de Caudete (Albacete)","robots":{"index":"index","follow":"follow","max-snippet":"max-snippet:-1","max-image-preview":"max-image-preview:large","max-video-preview":"max-video-preview:-1"},"canonical":"https:\/\/www.caudete.org\/ayuntamiento\/caudete-celebra-el-dia-del-libro-2025-con-una-programacion-diversa-y-mas-de-una-docena-de-actividades-para-todos-los-publicos\/","og_locale":"es_ES","og_type":"article","og_title":"Caudete celebra el D\u00eda del Libro 2025 con una programaci\u00f3n diversa y m\u00e1s de una docena de actividades para todos los p\u00fablicos - MI Ayuntamiento de Caudete","og_description":"P\u00e1gina Oficial del Ayuntamiento de Caudete (Albacete)","og_url":"https:\/\/www.caudete.org\/ayuntamiento\/caudete-celebra-el-dia-del-libro-2025-con-una-programacion-diversa-y-mas-de-una-docena-de-actividades-para-todos-los-publicos\/","og_site_name":"MI Ayuntamiento de Caudete","article_publisher":"https:\/\/www.facebook.com\/ayuntamientocaudete\/","article_published_time":"2025-04-14T12:14:47+00:00","article_modified_time":"2025-06-12T07:43:11+00:00","og_image":[{"width":999,"height":452,"url":"https:\/\/www.caudete.org\/ayuntamiento\/wp-content\/uploads\/2025\/04\/Semana-del-libro-2025-port.jpg","type":"image\/jpeg"}],"author":"Dpto Informatica MI Ayuntamiento de Caudete","twitter_card":"summary_large_image","twitter_misc":{"Escrito por":"Dpto Informatica MI Ayuntamiento de Caudete","Tiempo de lectura":"5 minutos"},"schema":{"@context":"https:\/\/schema.org","@graph":[{"@type":"Article","@id":"https:\/\/www.caudete.org\/ayuntamiento\/caudete-celebra-el-dia-del-libro-2025-con-una-programacion-diversa-y-mas-de-una-docena-de-actividades-para-todos-los-publicos\/#article","isPartOf":{"@id":"https:\/\/www.caudete.org\/ayuntamiento\/caudete-celebra-el-dia-del-libro-2025-con-una-programacion-diversa-y-mas-de-una-docena-de-actividades-para-todos-los-publicos\/"},"author":{"name":"Dpto Informatica MI Ayuntamiento de Caudete","@id":"https:\/\/www.caudete.org\/ayuntamiento\/#\/schema\/person\/4b9eab41761957db9b1bf9c418d1ef46"},"headline":"Caudete celebra el D\u00eda del Libro 2025 con una programaci\u00f3n diversa y m\u00e1s de una docena de actividades para todos los p\u00fablicos","datePublished":"2025-04-14T12:14:47+00:00","dateModified":"2025-06-12T07:43:11+00:00","mainEntityOfPage":{"@id":"https:\/\/www.caudete.org\/ayuntamiento\/caudete-celebra-el-dia-del-libro-2025-con-una-programacion-diversa-y-mas-de-una-docena-de-actividades-para-todos-los-publicos\/"},"wordCount":855,"image":{"@id":"https:\/\/www.caudete.org\/ayuntamiento\/caudete-celebra-el-dia-del-libro-2025-con-una-programacion-diversa-y-mas-de-una-docena-de-actividades-para-todos-los-publicos\/#primaryimage"},"thumbnailUrl":"https:\/\/www.caudete.org\/ayuntamiento\/wp-content\/uploads\/2025\/04\/Semana-del-libro-2025-port.jpg","articleSection":["Cultura"],"inLanguage":"es"},{"@type":"WebPage","@id":"https:\/\/www.caudete.org\/ayuntamiento\/caudete-celebra-el-dia-del-libro-2025-con-una-programacion-diversa-y-mas-de-una-docena-de-actividades-para-todos-los-publicos\/","url":"https:\/\/www.caudete.org\/ayuntamiento\/caudete-celebra-el-dia-del-libro-2025-con-una-programacion-diversa-y-mas-de-una-docena-de-actividades-para-todos-los-publicos\/","name":"Caudete celebra el D\u00eda del Libro 2025 con una programaci\u00f3n diversa y m\u00e1s de una docena de actividades para todos los p\u00fablicos - MI Ayuntamiento de Caudete","isPartOf":{"@id":"https:\/\/www.caudete.org\/ayuntamiento\/#website"},"primaryImageOfPage":{"@id":"https:\/\/www.caudete.org\/ayuntamiento\/caudete-celebra-el-dia-del-libro-2025-con-una-programacion-diversa-y-mas-de-una-docena-de-actividades-para-todos-los-publicos\/#primaryimage"},"image":{"@id":"https:\/\/www.caudete.org\/ayuntamiento\/caudete-celebra-el-dia-del-libro-2025-con-una-programacion-diversa-y-mas-de-una-docena-de-actividades-para-todos-los-publicos\/#primaryimage"},"thumbnailUrl":"https:\/\/www.caudete.org\/ayuntamiento\/wp-content\/uploads\/2025\/04\/Semana-del-libro-2025-port.jpg","datePublished":"2025-04-14T12:14:47+00:00","dateModified":"2025-06-12T07:43:11+00:00","author":{"@id":"https:\/\/www.caudete.org\/ayuntamiento\/#\/schema\/person\/4b9eab41761957db9b1bf9c418d1ef46"},"description":"P\u00e1gina Oficial del Ayuntamiento de Caudete (Albacete)","breadcrumb":{"@id":"https:\/\/www.caudete.org\/ayuntamiento\/caudete-celebra-el-dia-del-libro-2025-con-una-programacion-diversa-y-mas-de-una-docena-de-actividades-para-todos-los-publicos\/#breadcrumb"},"inLanguage":"es","potentialAction":[{"@type":"ReadAction","target":["https:\/\/www.caudete.org\/ayuntamiento\/caudete-celebra-el-dia-del-libro-2025-con-una-programacion-diversa-y-mas-de-una-docena-de-actividades-para-todos-los-publicos\/"]}]},{"@type":"ImageObject","inLanguage":"es","@id":"https:\/\/www.caudete.org\/ayuntamiento\/caudete-celebra-el-dia-del-libro-2025-con-una-programacion-diversa-y-mas-de-una-docena-de-actividades-para-todos-los-publicos\/#primaryimage","url":"https:\/\/www.caudete.org\/ayuntamiento\/wp-content\/uploads\/2025\/04\/Semana-del-libro-2025-port.jpg","contentUrl":"https:\/\/www.caudete.org\/ayuntamiento\/wp-content\/uploads\/2025\/04\/Semana-del-libro-2025-port.jpg","width":999,"height":452},{"@type":"BreadcrumbList","@id":"https:\/\/www.caudete.org\/ayuntamiento\/caudete-celebra-el-dia-del-libro-2025-con-una-programacion-diversa-y-mas-de-una-docena-de-actividades-para-todos-los-publicos\/#breadcrumb","itemListElement":[{"@type":"ListItem","position":1,"name":"Inicio","item":"https:\/\/www.caudete.org\/ayuntamiento\/"},{"@type":"ListItem","position":2,"name":"Caudete celebra el D\u00eda del Libro 2025 con una programaci\u00f3n diversa y m\u00e1s de una docena de actividades para todos los p\u00fablicos"}]},{"@type":"WebSite","@id":"https:\/\/www.caudete.org\/ayuntamiento\/#website","url":"https:\/\/www.caudete.org\/ayuntamiento\/","name":"MI Ayuntamiento de Caudete","description":"P\u00e1gina Oficial del MI Ayuntamiento de Caudete","potentialAction":[{"@type":"SearchAction","target":{"@type":"EntryPoint","urlTemplate":"https:\/\/www.caudete.org\/ayuntamiento\/?s={search_term_string}"},"query-input":{"@type":"PropertyValueSpecification","valueRequired":true,"valueName":"search_term_string"}}],"inLanguage":"es"},{"@type":"Person","@id":"https:\/\/www.caudete.org\/ayuntamiento\/#\/schema\/person\/4b9eab41761957db9b1bf9c418d1ef46","name":"Dpto Informatica MI Ayuntamiento de Caudete","image":{"@type":"ImageObject","inLanguage":"es","@id":"https:\/\/secure.gravatar.com\/avatar\/ac0321ee4a0a83e82a253e7b2d348ef539e2c8fe16d06b600bde04de1b364fa7?s=96&d=mm&r=g","url":"https:\/\/secure.gravatar.com\/avatar\/ac0321ee4a0a83e82a253e7b2d348ef539e2c8fe16d06b600bde04de1b364fa7?s=96&d=mm&r=g","contentUrl":"https:\/\/secure.gravatar.com\/avatar\/ac0321ee4a0a83e82a253e7b2d348ef539e2c8fe16d06b600bde04de1b364fa7?s=96&d=mm&r=g","caption":"Dpto Informatica MI Ayuntamiento de Caudete"},"url":"https:\/\/www.caudete.org\/ayuntamiento\/author\/informatica\/"}]}},"_links":{"self":[{"href":"https:\/\/www.caudete.org\/ayuntamiento\/wp-json\/wp\/v2\/posts\/28246","targetHints":{"allow":["GET"]}}],"collection":[{"href":"https:\/\/www.caudete.org\/ayuntamiento\/wp-json\/wp\/v2\/posts"}],"about":[{"href":"https:\/\/www.caudete.org\/ayuntamiento\/wp-json\/wp\/v2\/types\/post"}],"author":[{"embeddable":true,"href":"https:\/\/www.caudete.org\/ayuntamiento\/wp-json\/wp\/v2\/users\/5"}],"replies":[{"embeddable":true,"href":"https:\/\/www.caudete.org\/ayuntamiento\/wp-json\/wp\/v2\/comments?post=28246"}],"version-history":[{"count":1,"href":"https:\/\/www.caudete.org\/ayuntamiento\/wp-json\/wp\/v2\/posts\/28246\/revisions"}],"predecessor-version":[{"id":28250,"href":"https:\/\/www.caudete.org\/ayuntamiento\/wp-json\/wp\/v2\/posts\/28246\/revisions\/28250"}],"wp:featuredmedia":[{"embeddable":true,"href":"https:\/\/www.caudete.org\/ayuntamiento\/wp-json\/wp\/v2\/media\/28249"}],"wp:attachment":[{"href":"https:\/\/www.caudete.org\/ayuntamiento\/wp-json\/wp\/v2\/media?parent=28246"}],"wp:term":[{"taxonomy":"category","embeddable":true,"href":"https:\/\/www.caudete.org\/ayuntamiento\/wp-json\/wp\/v2\/categories?post=28246"},{"taxonomy":"post_tag","embeddable":true,"href":"https:\/\/www.caudete.org\/ayuntamiento\/wp-json\/wp\/v2\/tags?post=28246"}],"curies":[{"name":"wp","href":"https:\/\/api.w.org\/{rel}","templated":true}]}}