{"id":28251,"date":"2025-04-14T14:19:05","date_gmt":"2025-04-14T12:19:05","guid":{"rendered":"https:\/\/www.caudete.org\/ayuntamiento\/?p=28251"},"modified":"2025-04-14T14:19:47","modified_gmt":"2025-04-14T12:19:47","slug":"campamentos-y-verano-joven-2025","status":"publish","type":"post","link":"https:\/\/www.caudete.org\/ayuntamiento\/campamentos-y-verano-joven-2025\/","title":{"rendered":"Campamentos y Verano Joven 2025"},"content":{"rendered":"<p>El Centro de Informaci\u00f3n Juvenil se complace en informar sobre los emocionantes campamentos que oferta la Diputaci\u00f3n de Albacete, as\u00ed como las actividades de Ocio y Tiempo Libre del Programa Verano Joven de la Junta de Comunidades de Castilla-La Mancha.<\/p>\n<p><strong>CAMPAMENTOS VERANO 2025 \u2013 DIPUTACI\u00d3N ALBACETE<\/strong><\/p>\n<p>\u00a1Este verano, prep\u00e1rate para la aventura! Multiaventura, misterios, deporte y nuevos amigos te esperan. Si naciste entre 2010 y 2016, \u00a1tienes una cita con la diversi\u00f3n!<\/p>\n<p>Opciones disponibles:<br \/>\n&#8211; Campamento Multiaventura en Alcal\u00e1 del J\u00facar (29 junio &#8211; 5 julio)<br \/>\n&#8211; Exploradores del Tiempo en Agram\u00f3n (30 junio &#8211; 6 julio)<br \/>\n&#8211; Campus de Baloncesto en Caudete (30 junio &#8211; 6 julio)<br \/>\n&#8211; Campus de F\u00fatbol en Albacete (30 junio &#8211; 6 julio)<\/p>\n<p>Plazo de inscripci\u00f3n: del 11 al 23 de abril<br \/>\nPrecio \u00fanico: 250 \u20ac<br \/>\nPlazas disponibles: 50 por actividad<\/p>\n<p>Solicita tu plaza online en: <a href=\"https:\/\/web.dipualba.es\/juventud-y-deportes\/programa-de-actividades-juveniles-y-deportivas-ofertadas-para-el-verano-2025\/?fbclid=IwY2xjawJpoaZleHRuA2FlbQIxMAABHk9zJy4FxrsgIy0SFqLi-u5fFkq7ZDuWfiYG6B-JpIaDqJnTn56Z1-EOwbW-_aem_il47JBA292shCzjpBBilvw\" target=\"_blank\" rel=\"nofollow\">Diputaci\u00f3n de Albacete &#8211; Programa de Actividades Juveniles<\/a><br \/>\nM\u00e1s informaci\u00f3n: campamentos.deportes@dipualba.es | 690 935 122 (10:00 a 14:00)<\/p>\n<p><strong>VERANO JOVEN 2025 &#8211; JCCM<\/strong><\/p>\n<p>Actividades de Ocio y Tiempo Libre y de Voluntariado Juvenil.<\/p>\n<p>Plazas disponibles:<br \/>\n&#8211; 435 para alumnos de 3\u00ba a 6\u00ba de Primaria en campamentos en Albacete, Ciudad Real, Cuenca, Guadalajara y Toledo.<br \/>\n&#8211; 636 para Secundaria, con actividades en la regi\u00f3n y en otras comunidades como Galicia, Madrid y m\u00e1s.<\/p>\n<p>Ventajas:<br \/>\n&#8211; 50% de descuento para quienes reciban beca de comedor escolar o libros de texto.<\/p>\n<p>Preinscripciones: Desde el 12 de abril hasta el 27 de abril.<br \/>\nLas personas interesadas en todas estas actividades podr\u00e1n consultar la informaci\u00f3n completa a trav\u00e9s de las fichas informativas que figuran en el Portal Joven de Castilla-La Mancha ( <a href=\"https:\/\/juventud.castillalamancha.es\/verano-joven\" target=\"_blank\" rel=\"nofollow\">https:\/\/juventud.castillalamancha.es\/verano-joven<\/a> ) y realizar la preinscripci\u00f3n en la sede electr\u00f3nica de la Junta de Castilla-La Mancha www.jccm.es.<\/p>\n<p>Sorteo p\u00fablico para adjudicaci\u00f3n de plazas: el 7 de mayo a las 9:00 horas.<\/p>\n<p>Para m\u00e1s informaci\u00f3n, puedes pasarte por el Centro de Informaci\u00f3n Juvenil (Sala Joven).<\/p>\n<p>\u00a1No te pierdas la oportunidad de vivir un verano inolvidable!<\/p>\n<p><a href=\"https:\/\/www.caudete.org\/ayuntamiento\/wp-content\/uploads\/2025\/04\/CARTEL-VERANO-JOVEN-2025.jpg\" rel='prettyPhoto'><img fetchpriority=\"high\" decoding=\"async\" class=\"alignnone size-full wp-image-28253\" src=\"https:\/\/www.caudete.org\/ayuntamiento\/wp-content\/uploads\/2025\/04\/CARTEL-VERANO-JOVEN-2025.jpg\" alt=\"\" width=\"1200\" height=\"800\" srcset=\"https:\/\/www.caudete.org\/ayuntamiento\/wp-content\/uploads\/2025\/04\/CARTEL-VERANO-JOVEN-2025.jpg 1200w, https:\/\/www.caudete.org\/ayuntamiento\/wp-content\/uploads\/2025\/04\/CARTEL-VERANO-JOVEN-2025-600x400.jpg 600w, https:\/\/www.caudete.org\/ayuntamiento\/wp-content\/uploads\/2025\/04\/CARTEL-VERANO-JOVEN-2025-768x512.jpg 768w\" sizes=\"(max-width: 1200px) 100vw, 1200px\" \/><\/a><\/p>\n<p><a href=\"https:\/\/www.caudete.org\/ayuntamiento\/wp-content\/uploads\/2025\/04\/CARTEL-CAMPUS-FUTBOL.jpg\" rel='prettyPhoto'><img decoding=\"async\" class=\"alignnone size-full wp-image-28254\" src=\"https:\/\/www.caudete.org\/ayuntamiento\/wp-content\/uploads\/2025\/04\/CARTEL-CAMPUS-FUTBOL.jpg\" alt=\"\" width=\"857\" height=\"1000\" srcset=\"https:\/\/www.caudete.org\/ayuntamiento\/wp-content\/uploads\/2025\/04\/CARTEL-CAMPUS-FUTBOL.jpg 857w, https:\/\/www.caudete.org\/ayuntamiento\/wp-content\/uploads\/2025\/04\/CARTEL-CAMPUS-FUTBOL-343x400.jpg 343w, https:\/\/www.caudete.org\/ayuntamiento\/wp-content\/uploads\/2025\/04\/CARTEL-CAMPUS-FUTBOL-686x800.jpg 686w, https:\/\/www.caudete.org\/ayuntamiento\/wp-content\/uploads\/2025\/04\/CARTEL-CAMPUS-FUTBOL-768x896.jpg 768w\" sizes=\"(max-width: 857px) 100vw, 857px\" \/><\/a> <a href=\"https:\/\/www.caudete.org\/ayuntamiento\/wp-content\/uploads\/2025\/04\/cartelCampusBaloncesto25.jpg\" rel='prettyPhoto'><img decoding=\"async\" class=\"alignnone size-full wp-image-28255\" src=\"https:\/\/www.caudete.org\/ayuntamiento\/wp-content\/uploads\/2025\/04\/cartelCampusBaloncesto25.jpg\" alt=\"\" width=\"713\" height=\"1000\" srcset=\"https:\/\/www.caudete.org\/ayuntamiento\/wp-content\/uploads\/2025\/04\/cartelCampusBaloncesto25.jpg 713w, https:\/\/www.caudete.org\/ayuntamiento\/wp-content\/uploads\/2025\/04\/cartelCampusBaloncesto25-285x400.jpg 285w, https:\/\/www.caudete.org\/ayuntamiento\/wp-content\/uploads\/2025\/04\/cartelCampusBaloncesto25-570x800.jpg 570w\" sizes=\"(max-width: 713px) 100vw, 713px\" \/><\/a> <a href=\"https:\/\/www.caudete.org\/ayuntamiento\/wp-content\/uploads\/2025\/04\/cartelExploradoresDelTiempoAgramon25web.jpg\" rel='prettyPhoto'><img loading=\"lazy\" decoding=\"async\" class=\"alignnone size-full wp-image-28256\" src=\"https:\/\/www.caudete.org\/ayuntamiento\/wp-content\/uploads\/2025\/04\/cartelExploradoresDelTiempoAgramon25web.jpg\" alt=\"\" width=\"563\" height=\"1000\" srcset=\"https:\/\/www.caudete.org\/ayuntamiento\/wp-content\/uploads\/2025\/04\/cartelExploradoresDelTiempoAgramon25web.jpg 563w, https:\/\/www.caudete.org\/ayuntamiento\/wp-content\/uploads\/2025\/04\/cartelExploradoresDelTiempoAgramon25web-225x400.jpg 225w, https:\/\/www.caudete.org\/ayuntamiento\/wp-content\/uploads\/2025\/04\/cartelExploradoresDelTiempoAgramon25web-450x800.jpg 450w\" sizes=\"(max-width: 563px) 100vw, 563px\" \/><\/a> <a href=\"https:\/\/www.caudete.org\/ayuntamiento\/wp-content\/uploads\/2025\/04\/cartelMultiaventura25web.jpg\" rel='prettyPhoto'><img loading=\"lazy\" decoding=\"async\" class=\"alignnone size-full wp-image-28257\" src=\"https:\/\/www.caudete.org\/ayuntamiento\/wp-content\/uploads\/2025\/04\/cartelMultiaventura25web.jpg\" alt=\"\" width=\"707\" height=\"1000\" srcset=\"https:\/\/www.caudete.org\/ayuntamiento\/wp-content\/uploads\/2025\/04\/cartelMultiaventura25web.jpg 707w, https:\/\/www.caudete.org\/ayuntamiento\/wp-content\/uploads\/2025\/04\/cartelMultiaventura25web-283x400.jpg 283w, https:\/\/www.caudete.org\/ayuntamiento\/wp-content\/uploads\/2025\/04\/cartelMultiaventura25web-566x800.jpg 566w\" sizes=\"(max-width: 707px) 100vw, 707px\" \/><\/a><\/p>\n","protected":false},"excerpt":{"rendered":"<p>El Centro de Informaci\u00f3n Juvenil se complace en informar sobre los emocionantes campamentos que oferta la Diputaci\u00f3n de Albacete, as\u00ed como las actividades de Ocio y Tiempo Libre del Programa Verano Joven de la Junta de Comunidades de Castilla-La Mancha. CAMPAMENTOS VERANO 2025 \u2013 DIPUTACI\u00d3N ALBACETE \u00a1Este verano, prep\u00e1rate para la aventura! Multiaventura, misterios, deporte &hellip;<\/p>\n","protected":false},"author":5,"featured_media":28252,"comment_status":"closed","ping_status":"open","sticky":false,"template":"","format":"standard","meta":{"ngg_post_thumbnail":0,"footnotes":""},"categories":[121],"tags":[],"class_list":["post-28251","post","type-post","status-publish","format-standard","has-post-thumbnail","hentry","category-juventud-2"],"yoast_head":"<!-- This site is optimized with the Yoast SEO plugin v27.4 - https:\/\/yoast.com\/product\/yoast-seo-wordpress\/ -->\n<title>Campamentos y Verano Joven 2025 - MI Ayuntamiento de Caudete<\/title>\n<meta name=\"description\" content=\"P\u00e1gina Oficial del Ayuntamiento de Caudete (Albacete)\" \/>\n<meta name=\"robots\" content=\"index, follow, max-snippet:-1, max-image-preview:large, max-video-preview:-1\" \/>\n<link rel=\"canonical\" href=\"https:\/\/www.caudete.org\/ayuntamiento\/campamentos-y-verano-joven-2025\/\" \/>\n<meta property=\"og:locale\" content=\"es_ES\" \/>\n<meta property=\"og:type\" content=\"article\" \/>\n<meta property=\"og:title\" content=\"Campamentos y Verano Joven 2025 - MI Ayuntamiento de Caudete\" \/>\n<meta property=\"og:description\" content=\"P\u00e1gina Oficial del Ayuntamiento de Caudete (Albacete)\" \/>\n<meta property=\"og:url\" content=\"https:\/\/www.caudete.org\/ayuntamiento\/campamentos-y-verano-joven-2025\/\" \/>\n<meta property=\"og:site_name\" content=\"MI Ayuntamiento de Caudete\" \/>\n<meta property=\"article:publisher\" content=\"https:\/\/www.facebook.com\/ayuntamientocaudete\/\" \/>\n<meta property=\"article:published_time\" content=\"2025-04-14T12:19:05+00:00\" \/>\n<meta property=\"article:modified_time\" content=\"2025-04-14T12:19:47+00:00\" \/>\n<meta property=\"og:image\" content=\"https:\/\/www.caudete.org\/ayuntamiento\/wp-content\/uploads\/2025\/04\/CARTEL-VERANO-JOVEN-2025-port.jpg\" \/>\n\t<meta property=\"og:image:width\" content=\"1000\" \/>\n\t<meta property=\"og:image:height\" content=\"427\" \/>\n\t<meta property=\"og:image:type\" content=\"image\/jpeg\" \/>\n<meta name=\"author\" content=\"Dpto Informatica MI Ayuntamiento de Caudete\" \/>\n<meta name=\"twitter:card\" content=\"summary_large_image\" \/>\n<meta name=\"twitter:label1\" content=\"Escrito por\" \/>\n\t<meta name=\"twitter:data1\" content=\"Dpto Informatica MI Ayuntamiento de Caudete\" \/>\n\t<meta name=\"twitter:label2\" content=\"Tiempo de lectura\" \/>\n\t<meta name=\"twitter:data2\" content=\"3 minutos\" \/>\n<script type=\"application\/ld+json\" class=\"yoast-schema-graph\">{\"@context\":\"https:\\\/\\\/schema.org\",\"@graph\":[{\"@type\":\"Article\",\"@id\":\"https:\\\/\\\/www.caudete.org\\\/ayuntamiento\\\/campamentos-y-verano-joven-2025\\\/#article\",\"isPartOf\":{\"@id\":\"https:\\\/\\\/www.caudete.org\\\/ayuntamiento\\\/campamentos-y-verano-joven-2025\\\/\"},\"author\":{\"name\":\"Dpto Informatica MI Ayuntamiento de Caudete\",\"@id\":\"https:\\\/\\\/www.caudete.org\\\/ayuntamiento\\\/#\\\/schema\\\/person\\\/4b9eab41761957db9b1bf9c418d1ef46\"},\"headline\":\"Campamentos y Verano Joven 2025\",\"datePublished\":\"2025-04-14T12:19:05+00:00\",\"dateModified\":\"2025-04-14T12:19:47+00:00\",\"mainEntityOfPage\":{\"@id\":\"https:\\\/\\\/www.caudete.org\\\/ayuntamiento\\\/campamentos-y-verano-joven-2025\\\/\"},\"wordCount\":326,\"publisher\":{\"@id\":\"https:\\\/\\\/www.caudete.org\\\/ayuntamiento\\\/#organization\"},\"image\":{\"@id\":\"https:\\\/\\\/www.caudete.org\\\/ayuntamiento\\\/campamentos-y-verano-joven-2025\\\/#primaryimage\"},\"thumbnailUrl\":\"https:\\\/\\\/www.caudete.org\\\/ayuntamiento\\\/wp-content\\\/uploads\\\/2025\\\/04\\\/CARTEL-VERANO-JOVEN-2025-port.jpg\",\"articleSection\":[\"Juventud\"],\"inLanguage\":\"es\"},{\"@type\":\"WebPage\",\"@id\":\"https:\\\/\\\/www.caudete.org\\\/ayuntamiento\\\/campamentos-y-verano-joven-2025\\\/\",\"url\":\"https:\\\/\\\/www.caudete.org\\\/ayuntamiento\\\/campamentos-y-verano-joven-2025\\\/\",\"name\":\"Campamentos y Verano Joven 2025 - MI Ayuntamiento de Caudete\",\"isPartOf\":{\"@id\":\"https:\\\/\\\/www.caudete.org\\\/ayuntamiento\\\/#website\"},\"primaryImageOfPage\":{\"@id\":\"https:\\\/\\\/www.caudete.org\\\/ayuntamiento\\\/campamentos-y-verano-joven-2025\\\/#primaryimage\"},\"image\":{\"@id\":\"https:\\\/\\\/www.caudete.org\\\/ayuntamiento\\\/campamentos-y-verano-joven-2025\\\/#primaryimage\"},\"thumbnailUrl\":\"https:\\\/\\\/www.caudete.org\\\/ayuntamiento\\\/wp-content\\\/uploads\\\/2025\\\/04\\\/CARTEL-VERANO-JOVEN-2025-port.jpg\",\"datePublished\":\"2025-04-14T12:19:05+00:00\",\"dateModified\":\"2025-04-14T12:19:47+00:00\",\"description\":\"P\u00e1gina Oficial del Ayuntamiento de Caudete (Albacete)\",\"breadcrumb\":{\"@id\":\"https:\\\/\\\/www.caudete.org\\\/ayuntamiento\\\/campamentos-y-verano-joven-2025\\\/#breadcrumb\"},\"inLanguage\":\"es\",\"potentialAction\":[{\"@type\":\"ReadAction\",\"target\":[\"https:\\\/\\\/www.caudete.org\\\/ayuntamiento\\\/campamentos-y-verano-joven-2025\\\/\"]}]},{\"@type\":\"ImageObject\",\"inLanguage\":\"es\",\"@id\":\"https:\\\/\\\/www.caudete.org\\\/ayuntamiento\\\/campamentos-y-verano-joven-2025\\\/#primaryimage\",\"url\":\"https:\\\/\\\/www.caudete.org\\\/ayuntamiento\\\/wp-content\\\/uploads\\\/2025\\\/04\\\/CARTEL-VERANO-JOVEN-2025-port.jpg\",\"contentUrl\":\"https:\\\/\\\/www.caudete.org\\\/ayuntamiento\\\/wp-content\\\/uploads\\\/2025\\\/04\\\/CARTEL-VERANO-JOVEN-2025-port.jpg\",\"width\":1000,\"height\":427},{\"@type\":\"BreadcrumbList\",\"@id\":\"https:\\\/\\\/www.caudete.org\\\/ayuntamiento\\\/campamentos-y-verano-joven-2025\\\/#breadcrumb\",\"itemListElement\":[{\"@type\":\"ListItem\",\"position\":1,\"name\":\"Inicio\",\"item\":\"https:\\\/\\\/www.caudete.org\\\/ayuntamiento\\\/\"},{\"@type\":\"ListItem\",\"position\":2,\"name\":\"Campamentos y Verano Joven 2025\"}]},{\"@type\":\"WebSite\",\"@id\":\"https:\\\/\\\/www.caudete.org\\\/ayuntamiento\\\/#website\",\"url\":\"https:\\\/\\\/www.caudete.org\\\/ayuntamiento\\\/\",\"name\":\"MI Ayuntamiento de Caudete\",\"description\":\"P\u00e1gina Oficial del MI Ayuntamiento de Caudete\",\"publisher\":{\"@id\":\"https:\\\/\\\/www.caudete.org\\\/ayuntamiento\\\/#organization\"},\"potentialAction\":[{\"@type\":\"SearchAction\",\"target\":{\"@type\":\"EntryPoint\",\"urlTemplate\":\"https:\\\/\\\/www.caudete.org\\\/ayuntamiento\\\/?s={search_term_string}\"},\"query-input\":{\"@type\":\"PropertyValueSpecification\",\"valueRequired\":true,\"valueName\":\"search_term_string\"}}],\"inLanguage\":\"es\"},{\"@type\":\"Organization\",\"@id\":\"https:\\\/\\\/www.caudete.org\\\/ayuntamiento\\\/#organization\",\"name\":\"Ayuntamiento de Caudete\",\"url\":\"https:\\\/\\\/www.caudete.org\\\/ayuntamiento\\\/\",\"logo\":{\"@type\":\"ImageObject\",\"inLanguage\":\"es\",\"@id\":\"https:\\\/\\\/www.caudete.org\\\/ayuntamiento\\\/#\\\/schema\\\/logo\\\/image\\\/\",\"url\":\"https:\\\/\\\/www.caudete.org\\\/ayuntamiento\\\/wp-content\\\/uploads\\\/2020\\\/11\\\/logo_ayuntamiento_caudete.jpg\",\"contentUrl\":\"https:\\\/\\\/www.caudete.org\\\/ayuntamiento\\\/wp-content\\\/uploads\\\/2020\\\/11\\\/logo_ayuntamiento_caudete.jpg\",\"width\":600,\"height\":150,\"caption\":\"Ayuntamiento de Caudete\"},\"image\":{\"@id\":\"https:\\\/\\\/www.caudete.org\\\/ayuntamiento\\\/#\\\/schema\\\/logo\\\/image\\\/\"},\"sameAs\":[\"https:\\\/\\\/www.facebook.com\\\/ayuntamientocaudete\\\/\",\"https:\\\/\\\/www.youtube.com\\\/channel\\\/UC6VztHaooNsGpw-tNoBEFnQ\"]},{\"@type\":\"Person\",\"@id\":\"https:\\\/\\\/www.caudete.org\\\/ayuntamiento\\\/#\\\/schema\\\/person\\\/4b9eab41761957db9b1bf9c418d1ef46\",\"name\":\"Dpto Informatica MI Ayuntamiento de Caudete\",\"image\":{\"@type\":\"ImageObject\",\"inLanguage\":\"es\",\"@id\":\"https:\\\/\\\/secure.gravatar.com\\\/avatar\\\/ac0321ee4a0a83e82a253e7b2d348ef539e2c8fe16d06b600bde04de1b364fa7?s=96&d=mm&r=g\",\"url\":\"https:\\\/\\\/secure.gravatar.com\\\/avatar\\\/ac0321ee4a0a83e82a253e7b2d348ef539e2c8fe16d06b600bde04de1b364fa7?s=96&d=mm&r=g\",\"contentUrl\":\"https:\\\/\\\/secure.gravatar.com\\\/avatar\\\/ac0321ee4a0a83e82a253e7b2d348ef539e2c8fe16d06b600bde04de1b364fa7?s=96&d=mm&r=g\",\"caption\":\"Dpto Informatica MI Ayuntamiento de Caudete\"},\"url\":\"https:\\\/\\\/www.caudete.org\\\/ayuntamiento\\\/author\\\/informatica\\\/\"}]}<\/script>\n<!-- \/ Yoast SEO plugin. -->","yoast_head_json":{"title":"Campamentos y Verano Joven 2025 - MI Ayuntamiento de Caudete","description":"P\u00e1gina Oficial del Ayuntamiento de Caudete (Albacete)","robots":{"index":"index","follow":"follow","max-snippet":"max-snippet:-1","max-image-preview":"max-image-preview:large","max-video-preview":"max-video-preview:-1"},"canonical":"https:\/\/www.caudete.org\/ayuntamiento\/campamentos-y-verano-joven-2025\/","og_locale":"es_ES","og_type":"article","og_title":"Campamentos y Verano Joven 2025 - MI Ayuntamiento de Caudete","og_description":"P\u00e1gina Oficial del Ayuntamiento de Caudete (Albacete)","og_url":"https:\/\/www.caudete.org\/ayuntamiento\/campamentos-y-verano-joven-2025\/","og_site_name":"MI Ayuntamiento de Caudete","article_publisher":"https:\/\/www.facebook.com\/ayuntamientocaudete\/","article_published_time":"2025-04-14T12:19:05+00:00","article_modified_time":"2025-04-14T12:19:47+00:00","og_image":[{"width":1000,"height":427,"url":"https:\/\/www.caudete.org\/ayuntamiento\/wp-content\/uploads\/2025\/04\/CARTEL-VERANO-JOVEN-2025-port.jpg","type":"image\/jpeg"}],"author":"Dpto Informatica MI Ayuntamiento de Caudete","twitter_card":"summary_large_image","twitter_misc":{"Escrito por":"Dpto Informatica MI Ayuntamiento de Caudete","Tiempo de lectura":"3 minutos"},"schema":{"@context":"https:\/\/schema.org","@graph":[{"@type":"Article","@id":"https:\/\/www.caudete.org\/ayuntamiento\/campamentos-y-verano-joven-2025\/#article","isPartOf":{"@id":"https:\/\/www.caudete.org\/ayuntamiento\/campamentos-y-verano-joven-2025\/"},"author":{"name":"Dpto Informatica MI Ayuntamiento de Caudete","@id":"https:\/\/www.caudete.org\/ayuntamiento\/#\/schema\/person\/4b9eab41761957db9b1bf9c418d1ef46"},"headline":"Campamentos y Verano Joven 2025","datePublished":"2025-04-14T12:19:05+00:00","dateModified":"2025-04-14T12:19:47+00:00","mainEntityOfPage":{"@id":"https:\/\/www.caudete.org\/ayuntamiento\/campamentos-y-verano-joven-2025\/"},"wordCount":326,"publisher":{"@id":"https:\/\/www.caudete.org\/ayuntamiento\/#organization"},"image":{"@id":"https:\/\/www.caudete.org\/ayuntamiento\/campamentos-y-verano-joven-2025\/#primaryimage"},"thumbnailUrl":"https:\/\/www.caudete.org\/ayuntamiento\/wp-content\/uploads\/2025\/04\/CARTEL-VERANO-JOVEN-2025-port.jpg","articleSection":["Juventud"],"inLanguage":"es"},{"@type":"WebPage","@id":"https:\/\/www.caudete.org\/ayuntamiento\/campamentos-y-verano-joven-2025\/","url":"https:\/\/www.caudete.org\/ayuntamiento\/campamentos-y-verano-joven-2025\/","name":"Campamentos y Verano Joven 2025 - MI Ayuntamiento de Caudete","isPartOf":{"@id":"https:\/\/www.caudete.org\/ayuntamiento\/#website"},"primaryImageOfPage":{"@id":"https:\/\/www.caudete.org\/ayuntamiento\/campamentos-y-verano-joven-2025\/#primaryimage"},"image":{"@id":"https:\/\/www.caudete.org\/ayuntamiento\/campamentos-y-verano-joven-2025\/#primaryimage"},"thumbnailUrl":"https:\/\/www.caudete.org\/ayuntamiento\/wp-content\/uploads\/2025\/04\/CARTEL-VERANO-JOVEN-2025-port.jpg","datePublished":"2025-04-14T12:19:05+00:00","dateModified":"2025-04-14T12:19:47+00:00","description":"P\u00e1gina Oficial del Ayuntamiento de Caudete (Albacete)","breadcrumb":{"@id":"https:\/\/www.caudete.org\/ayuntamiento\/campamentos-y-verano-joven-2025\/#breadcrumb"},"inLanguage":"es","potentialAction":[{"@type":"ReadAction","target":["https:\/\/www.caudete.org\/ayuntamiento\/campamentos-y-verano-joven-2025\/"]}]},{"@type":"ImageObject","inLanguage":"es","@id":"https:\/\/www.caudete.org\/ayuntamiento\/campamentos-y-verano-joven-2025\/#primaryimage","url":"https:\/\/www.caudete.org\/ayuntamiento\/wp-content\/uploads\/2025\/04\/CARTEL-VERANO-JOVEN-2025-port.jpg","contentUrl":"https:\/\/www.caudete.org\/ayuntamiento\/wp-content\/uploads\/2025\/04\/CARTEL-VERANO-JOVEN-2025-port.jpg","width":1000,"height":427},{"@type":"BreadcrumbList","@id":"https:\/\/www.caudete.org\/ayuntamiento\/campamentos-y-verano-joven-2025\/#breadcrumb","itemListElement":[{"@type":"ListItem","position":1,"name":"Inicio","item":"https:\/\/www.caudete.org\/ayuntamiento\/"},{"@type":"ListItem","position":2,"name":"Campamentos y Verano Joven 2025"}]},{"@type":"WebSite","@id":"https:\/\/www.caudete.org\/ayuntamiento\/#website","url":"https:\/\/www.caudete.org\/ayuntamiento\/","name":"MI Ayuntamiento de Caudete","description":"P\u00e1gina Oficial del MI Ayuntamiento de Caudete","publisher":{"@id":"https:\/\/www.caudete.org\/ayuntamiento\/#organization"},"potentialAction":[{"@type":"SearchAction","target":{"@type":"EntryPoint","urlTemplate":"https:\/\/www.caudete.org\/ayuntamiento\/?s={search_term_string}"},"query-input":{"@type":"PropertyValueSpecification","valueRequired":true,"valueName":"search_term_string"}}],"inLanguage":"es"},{"@type":"Organization","@id":"https:\/\/www.caudete.org\/ayuntamiento\/#organization","name":"Ayuntamiento de Caudete","url":"https:\/\/www.caudete.org\/ayuntamiento\/","logo":{"@type":"ImageObject","inLanguage":"es","@id":"https:\/\/www.caudete.org\/ayuntamiento\/#\/schema\/logo\/image\/","url":"https:\/\/www.caudete.org\/ayuntamiento\/wp-content\/uploads\/2020\/11\/logo_ayuntamiento_caudete.jpg","contentUrl":"https:\/\/www.caudete.org\/ayuntamiento\/wp-content\/uploads\/2020\/11\/logo_ayuntamiento_caudete.jpg","width":600,"height":150,"caption":"Ayuntamiento de Caudete"},"image":{"@id":"https:\/\/www.caudete.org\/ayuntamiento\/#\/schema\/logo\/image\/"},"sameAs":["https:\/\/www.facebook.com\/ayuntamientocaudete\/","https:\/\/www.youtube.com\/channel\/UC6VztHaooNsGpw-tNoBEFnQ"]},{"@type":"Person","@id":"https:\/\/www.caudete.org\/ayuntamiento\/#\/schema\/person\/4b9eab41761957db9b1bf9c418d1ef46","name":"Dpto Informatica MI Ayuntamiento de Caudete","image":{"@type":"ImageObject","inLanguage":"es","@id":"https:\/\/secure.gravatar.com\/avatar\/ac0321ee4a0a83e82a253e7b2d348ef539e2c8fe16d06b600bde04de1b364fa7?s=96&d=mm&r=g","url":"https:\/\/secure.gravatar.com\/avatar\/ac0321ee4a0a83e82a253e7b2d348ef539e2c8fe16d06b600bde04de1b364fa7?s=96&d=mm&r=g","contentUrl":"https:\/\/secure.gravatar.com\/avatar\/ac0321ee4a0a83e82a253e7b2d348ef539e2c8fe16d06b600bde04de1b364fa7?s=96&d=mm&r=g","caption":"Dpto Informatica MI Ayuntamiento de Caudete"},"url":"https:\/\/www.caudete.org\/ayuntamiento\/author\/informatica\/"}]}},"_links":{"self":[{"href":"https:\/\/www.caudete.org\/ayuntamiento\/wp-json\/wp\/v2\/posts\/28251","targetHints":{"allow":["GET"]}}],"collection":[{"href":"https:\/\/www.caudete.org\/ayuntamiento\/wp-json\/wp\/v2\/posts"}],"about":[{"href":"https:\/\/www.caudete.org\/ayuntamiento\/wp-json\/wp\/v2\/types\/post"}],"author":[{"embeddable":true,"href":"https:\/\/www.caudete.org\/ayuntamiento\/wp-json\/wp\/v2\/users\/5"}],"replies":[{"embeddable":true,"href":"https:\/\/www.caudete.org\/ayuntamiento\/wp-json\/wp\/v2\/comments?post=28251"}],"version-history":[{"count":2,"href":"https:\/\/www.caudete.org\/ayuntamiento\/wp-json\/wp\/v2\/posts\/28251\/revisions"}],"predecessor-version":[{"id":28259,"href":"https:\/\/www.caudete.org\/ayuntamiento\/wp-json\/wp\/v2\/posts\/28251\/revisions\/28259"}],"wp:featuredmedia":[{"embeddable":true,"href":"https:\/\/www.caudete.org\/ayuntamiento\/wp-json\/wp\/v2\/media\/28252"}],"wp:attachment":[{"href":"https:\/\/www.caudete.org\/ayuntamiento\/wp-json\/wp\/v2\/media?parent=28251"}],"wp:term":[{"taxonomy":"category","embeddable":true,"href":"https:\/\/www.caudete.org\/ayuntamiento\/wp-json\/wp\/v2\/categories?post=28251"},{"taxonomy":"post_tag","embeddable":true,"href":"https:\/\/www.caudete.org\/ayuntamiento\/wp-json\/wp\/v2\/tags?post=28251"}],"curies":[{"name":"wp","href":"https:\/\/api.w.org\/{rel}","templated":true}]}}