{"id":28287,"date":"2025-04-15T10:34:01","date_gmt":"2025-04-15T08:34:01","guid":{"rendered":"https:\/\/www.caudete.org\/ayuntamiento\/?p=28287"},"modified":"2025-05-18T12:56:45","modified_gmt":"2025-05-18T10:56:45","slug":"nina-volk-artista-invitada-en-la-vii-bienal-internacional-de-caudete-nos-visitara-el-proximo-mes-de-mayo","status":"publish","type":"post","link":"https:\/\/www.caudete.org\/ayuntamiento\/nina-volk-artista-invitada-en-la-vii-bienal-internacional-de-caudete-nos-visitara-el-proximo-mes-de-mayo\/","title":{"rendered":"Nina Volk, artista invitada en la VII Bienal Internacional de Caudete, nos visitar\u00e1 el pr\u00f3ximo mes de mayo"},"content":{"rendered":"<p>La Concejal\u00eda de Cultura en colaboraci\u00f3n con el Taller de Arte \u201cVilla de Caudete\u201d presenta la Masterclass de Nina Volk, una actividad que forma parte de este periodo \u201cEntre Bienales\u201d.<\/p>\n<p>La artista australiana invitada en la VII Bienal Internacional de Caudete 2024, Nina Volk, visita nuevamente Caudete el pr\u00f3ximo mes de mayo e impartir\u00e1 una Masterclass de 5 horas.<\/p>\n<p>En esta clase magistral de \u201cPintura suelta pero realista\u201d, Nina Volk trabajar\u00e1 sobre el delicado equilibrio entre soltura y realismo en la pintura de acuarela. Un taller dise\u00f1ado para artistas de todos los niveles que deseen capturar la esencia de sus temas con un enfoque fresco y espont\u00e1neo.<\/p>\n<p>Nina Volk facilitar\u00e1 las t\u00e9cnicas para la pintura suelta, la utilizaci\u00f3n del agua, el aprovechamiento de cualidades de la pintura, los tonalidades y pinceladas amplias con detalles m\u00ednimos para crear pinturas vibrantes y din\u00e1micas.<\/p>\n<p>La Masterclass se realizar\u00e1 el s\u00e1bado 17 de mayo de 9:00h a 14:00h. Esta actividad consta de 18 plazas que ser\u00e1n asignadas por riguroso orden de inscripci\u00f3n.<\/p>\n<p>Inscripciones a trav\u00e9s del email <a href=\"mailto:informacion@casadecultura.caudete.org\" target=\"_blank\" rel=\"nofollow\">informacion@casadecultura.caudete.org<\/a><\/p>\n<p>Toda informaci\u00f3n, el precio y lugar de realizaci\u00f3n de la Masterclass, en el email <a href=\"mailto:informacion@casadecultura.caudete.org\" target=\"_blank\" rel=\"nofollow\">informacion@casadecultura.caudete.org<\/a> o en el tel\u00e9fono 965 82 81 30<\/p>\n<p>&nbsp;<\/p>\n<p><a href=\"https:\/\/www.caudete.org\/ayuntamiento\/wp-content\/uploads\/2025\/04\/cartel-master-nina.jpg\" rel='prettyPhoto'><img fetchpriority=\"high\" decoding=\"async\" class=\"alignnone size-full wp-image-28289\" src=\"https:\/\/www.caudete.org\/ayuntamiento\/wp-content\/uploads\/2025\/04\/cartel-master-nina.jpg\" alt=\"\" width=\"720\" height=\"1024\" srcset=\"https:\/\/www.caudete.org\/ayuntamiento\/wp-content\/uploads\/2025\/04\/cartel-master-nina.jpg 720w, https:\/\/www.caudete.org\/ayuntamiento\/wp-content\/uploads\/2025\/04\/cartel-master-nina-281x400.jpg 281w, https:\/\/www.caudete.org\/ayuntamiento\/wp-content\/uploads\/2025\/04\/cartel-master-nina-563x800.jpg 563w\" sizes=\"(max-width: 720px) 100vw, 720px\" \/><\/a><\/p>\n<p><a href=\"https:\/\/www.caudete.org\/ayuntamiento\/wp-content\/uploads\/2025\/04\/Nina-Volk-Artist.jpg\" rel='prettyPhoto'><img decoding=\"async\" class=\"alignnone size-full wp-image-28290\" src=\"https:\/\/www.caudete.org\/ayuntamiento\/wp-content\/uploads\/2025\/04\/Nina-Volk-Artist.jpg\" alt=\"\" width=\"1000\" height=\"667\" srcset=\"https:\/\/www.caudete.org\/ayuntamiento\/wp-content\/uploads\/2025\/04\/Nina-Volk-Artist.jpg 1000w, https:\/\/www.caudete.org\/ayuntamiento\/wp-content\/uploads\/2025\/04\/Nina-Volk-Artist-600x400.jpg 600w, https:\/\/www.caudete.org\/ayuntamiento\/wp-content\/uploads\/2025\/04\/Nina-Volk-Artist-768x512.jpg 768w\" sizes=\"(max-width: 1000px) 100vw, 1000px\" \/><\/a> <a href=\"https:\/\/www.caudete.org\/ayuntamiento\/wp-content\/uploads\/2025\/04\/Nina-Volk_Building-20-RMIT-114x76-1.jpg\" rel='prettyPhoto'><img decoding=\"async\" class=\"alignnone size-full wp-image-28291\" src=\"https:\/\/www.caudete.org\/ayuntamiento\/wp-content\/uploads\/2025\/04\/Nina-Volk_Building-20-RMIT-114x76-1.jpg\" alt=\"\" width=\"671\" height=\"1000\" srcset=\"https:\/\/www.caudete.org\/ayuntamiento\/wp-content\/uploads\/2025\/04\/Nina-Volk_Building-20-RMIT-114x76-1.jpg 671w, https:\/\/www.caudete.org\/ayuntamiento\/wp-content\/uploads\/2025\/04\/Nina-Volk_Building-20-RMIT-114x76-1-268x400.jpg 268w, https:\/\/www.caudete.org\/ayuntamiento\/wp-content\/uploads\/2025\/04\/Nina-Volk_Building-20-RMIT-114x76-1-537x800.jpg 537w\" sizes=\"(max-width: 671px) 100vw, 671px\" \/><\/a><\/p>\n","protected":false},"excerpt":{"rendered":"<p>La Concejal\u00eda de Cultura en colaboraci\u00f3n con el Taller de Arte \u201cVilla de Caudete\u201d presenta la Masterclass de Nina Volk, una actividad que forma parte de este periodo \u201cEntre Bienales\u201d. La artista australiana invitada en la VII Bienal Internacional de Caudete 2024, Nina Volk, visita nuevamente Caudete el pr\u00f3ximo mes de mayo e impartir\u00e1 una &hellip;<\/p>\n","protected":false},"author":5,"featured_media":28288,"comment_status":"closed","ping_status":"open","sticky":false,"template":"","format":"standard","meta":{"ngg_post_thumbnail":0,"footnotes":""},"categories":[14],"tags":[],"class_list":["post-28287","post","type-post","status-publish","format-standard","has-post-thumbnail","hentry","category-cultura"],"yoast_head":"<!-- This site is optimized with the Yoast SEO plugin v27.5 - https:\/\/yoast.com\/product\/yoast-seo-wordpress\/ -->\n<title>Nina Volk, artista invitada en la VII Bienal Internacional de Caudete, nos visitar\u00e1 el pr\u00f3ximo mes de mayo - MI Ayuntamiento de Caudete<\/title>\n<meta name=\"description\" content=\"P\u00e1gina Oficial del Ayuntamiento de Caudete (Albacete)\" \/>\n<meta name=\"robots\" content=\"index, follow, max-snippet:-1, max-image-preview:large, max-video-preview:-1\" \/>\n<link rel=\"canonical\" href=\"https:\/\/www.caudete.org\/ayuntamiento\/nina-volk-artista-invitada-en-la-vii-bienal-internacional-de-caudete-nos-visitara-el-proximo-mes-de-mayo\/\" \/>\n<meta property=\"og:locale\" content=\"es_ES\" \/>\n<meta property=\"og:type\" content=\"article\" \/>\n<meta property=\"og:title\" content=\"Nina Volk, artista invitada en la VII Bienal Internacional de Caudete, nos visitar\u00e1 el pr\u00f3ximo mes de mayo - MI Ayuntamiento de Caudete\" \/>\n<meta property=\"og:description\" content=\"P\u00e1gina Oficial del Ayuntamiento de Caudete (Albacete)\" \/>\n<meta property=\"og:url\" content=\"https:\/\/www.caudete.org\/ayuntamiento\/nina-volk-artista-invitada-en-la-vii-bienal-internacional-de-caudete-nos-visitara-el-proximo-mes-de-mayo\/\" \/>\n<meta property=\"og:site_name\" content=\"MI Ayuntamiento de Caudete\" \/>\n<meta property=\"article:publisher\" content=\"https:\/\/www.facebook.com\/ayuntamientocaudete\/\" \/>\n<meta property=\"article:published_time\" content=\"2025-04-15T08:34:01+00:00\" \/>\n<meta property=\"article:modified_time\" content=\"2025-05-18T10:56:45+00:00\" \/>\n<meta property=\"og:image\" content=\"https:\/\/www.caudete.org\/ayuntamiento\/wp-content\/uploads\/2025\/04\/cartel-master-nina-port.jpg\" \/>\n\t<meta property=\"og:image:width\" content=\"720\" \/>\n\t<meta property=\"og:image:height\" content=\"330\" \/>\n\t<meta property=\"og:image:type\" content=\"image\/jpeg\" \/>\n<meta name=\"author\" content=\"Dpto Informatica MI Ayuntamiento de Caudete\" \/>\n<meta name=\"twitter:card\" content=\"summary_large_image\" \/>\n<meta name=\"twitter:label1\" content=\"Escrito por\" \/>\n\t<meta name=\"twitter:data1\" content=\"Dpto Informatica MI Ayuntamiento de Caudete\" \/>\n\t<meta name=\"twitter:label2\" content=\"Tiempo de lectura\" \/>\n\t<meta name=\"twitter:data2\" content=\"2 minutos\" \/>\n<script type=\"application\/ld+json\" class=\"yoast-schema-graph\">{\"@context\":\"https:\\\/\\\/schema.org\",\"@graph\":[{\"@type\":\"Article\",\"@id\":\"https:\\\/\\\/www.caudete.org\\\/ayuntamiento\\\/nina-volk-artista-invitada-en-la-vii-bienal-internacional-de-caudete-nos-visitara-el-proximo-mes-de-mayo\\\/#article\",\"isPartOf\":{\"@id\":\"https:\\\/\\\/www.caudete.org\\\/ayuntamiento\\\/nina-volk-artista-invitada-en-la-vii-bienal-internacional-de-caudete-nos-visitara-el-proximo-mes-de-mayo\\\/\"},\"author\":{\"name\":\"Dpto Informatica MI Ayuntamiento de Caudete\",\"@id\":\"https:\\\/\\\/www.caudete.org\\\/ayuntamiento\\\/#\\\/schema\\\/person\\\/4b9eab41761957db9b1bf9c418d1ef46\"},\"headline\":\"Nina Volk, artista invitada en la VII Bienal Internacional de Caudete, nos visitar\u00e1 el pr\u00f3ximo mes de mayo\",\"datePublished\":\"2025-04-15T08:34:01+00:00\",\"dateModified\":\"2025-05-18T10:56:45+00:00\",\"mainEntityOfPage\":{\"@id\":\"https:\\\/\\\/www.caudete.org\\\/ayuntamiento\\\/nina-volk-artista-invitada-en-la-vii-bienal-internacional-de-caudete-nos-visitara-el-proximo-mes-de-mayo\\\/\"},\"wordCount\":231,\"image\":{\"@id\":\"https:\\\/\\\/www.caudete.org\\\/ayuntamiento\\\/nina-volk-artista-invitada-en-la-vii-bienal-internacional-de-caudete-nos-visitara-el-proximo-mes-de-mayo\\\/#primaryimage\"},\"thumbnailUrl\":\"https:\\\/\\\/www.caudete.org\\\/ayuntamiento\\\/wp-content\\\/uploads\\\/2025\\\/04\\\/cartel-master-nina-port.jpg\",\"articleSection\":[\"Cultura\"],\"inLanguage\":\"es\"},{\"@type\":\"WebPage\",\"@id\":\"https:\\\/\\\/www.caudete.org\\\/ayuntamiento\\\/nina-volk-artista-invitada-en-la-vii-bienal-internacional-de-caudete-nos-visitara-el-proximo-mes-de-mayo\\\/\",\"url\":\"https:\\\/\\\/www.caudete.org\\\/ayuntamiento\\\/nina-volk-artista-invitada-en-la-vii-bienal-internacional-de-caudete-nos-visitara-el-proximo-mes-de-mayo\\\/\",\"name\":\"Nina Volk, artista invitada en la VII Bienal Internacional de Caudete, nos visitar\u00e1 el pr\u00f3ximo mes de mayo - MI Ayuntamiento de Caudete\",\"isPartOf\":{\"@id\":\"https:\\\/\\\/www.caudete.org\\\/ayuntamiento\\\/#website\"},\"primaryImageOfPage\":{\"@id\":\"https:\\\/\\\/www.caudete.org\\\/ayuntamiento\\\/nina-volk-artista-invitada-en-la-vii-bienal-internacional-de-caudete-nos-visitara-el-proximo-mes-de-mayo\\\/#primaryimage\"},\"image\":{\"@id\":\"https:\\\/\\\/www.caudete.org\\\/ayuntamiento\\\/nina-volk-artista-invitada-en-la-vii-bienal-internacional-de-caudete-nos-visitara-el-proximo-mes-de-mayo\\\/#primaryimage\"},\"thumbnailUrl\":\"https:\\\/\\\/www.caudete.org\\\/ayuntamiento\\\/wp-content\\\/uploads\\\/2025\\\/04\\\/cartel-master-nina-port.jpg\",\"datePublished\":\"2025-04-15T08:34:01+00:00\",\"dateModified\":\"2025-05-18T10:56:45+00:00\",\"author\":{\"@id\":\"https:\\\/\\\/www.caudete.org\\\/ayuntamiento\\\/#\\\/schema\\\/person\\\/4b9eab41761957db9b1bf9c418d1ef46\"},\"description\":\"P\u00e1gina Oficial del Ayuntamiento de Caudete (Albacete)\",\"breadcrumb\":{\"@id\":\"https:\\\/\\\/www.caudete.org\\\/ayuntamiento\\\/nina-volk-artista-invitada-en-la-vii-bienal-internacional-de-caudete-nos-visitara-el-proximo-mes-de-mayo\\\/#breadcrumb\"},\"inLanguage\":\"es\",\"potentialAction\":[{\"@type\":\"ReadAction\",\"target\":[\"https:\\\/\\\/www.caudete.org\\\/ayuntamiento\\\/nina-volk-artista-invitada-en-la-vii-bienal-internacional-de-caudete-nos-visitara-el-proximo-mes-de-mayo\\\/\"]}]},{\"@type\":\"ImageObject\",\"inLanguage\":\"es\",\"@id\":\"https:\\\/\\\/www.caudete.org\\\/ayuntamiento\\\/nina-volk-artista-invitada-en-la-vii-bienal-internacional-de-caudete-nos-visitara-el-proximo-mes-de-mayo\\\/#primaryimage\",\"url\":\"https:\\\/\\\/www.caudete.org\\\/ayuntamiento\\\/wp-content\\\/uploads\\\/2025\\\/04\\\/cartel-master-nina-port.jpg\",\"contentUrl\":\"https:\\\/\\\/www.caudete.org\\\/ayuntamiento\\\/wp-content\\\/uploads\\\/2025\\\/04\\\/cartel-master-nina-port.jpg\",\"width\":720,\"height\":330},{\"@type\":\"BreadcrumbList\",\"@id\":\"https:\\\/\\\/www.caudete.org\\\/ayuntamiento\\\/nina-volk-artista-invitada-en-la-vii-bienal-internacional-de-caudete-nos-visitara-el-proximo-mes-de-mayo\\\/#breadcrumb\",\"itemListElement\":[{\"@type\":\"ListItem\",\"position\":1,\"name\":\"Inicio\",\"item\":\"https:\\\/\\\/www.caudete.org\\\/ayuntamiento\\\/\"},{\"@type\":\"ListItem\",\"position\":2,\"name\":\"Nina Volk, artista invitada en la VII Bienal Internacional de Caudete, nos visitar\u00e1 el pr\u00f3ximo mes de mayo\"}]},{\"@type\":\"WebSite\",\"@id\":\"https:\\\/\\\/www.caudete.org\\\/ayuntamiento\\\/#website\",\"url\":\"https:\\\/\\\/www.caudete.org\\\/ayuntamiento\\\/\",\"name\":\"MI Ayuntamiento de Caudete\",\"description\":\"P\u00e1gina Oficial del MI Ayuntamiento de Caudete\",\"potentialAction\":[{\"@type\":\"SearchAction\",\"target\":{\"@type\":\"EntryPoint\",\"urlTemplate\":\"https:\\\/\\\/www.caudete.org\\\/ayuntamiento\\\/?s={search_term_string}\"},\"query-input\":{\"@type\":\"PropertyValueSpecification\",\"valueRequired\":true,\"valueName\":\"search_term_string\"}}],\"inLanguage\":\"es\"},{\"@type\":\"Person\",\"@id\":\"https:\\\/\\\/www.caudete.org\\\/ayuntamiento\\\/#\\\/schema\\\/person\\\/4b9eab41761957db9b1bf9c418d1ef46\",\"name\":\"Dpto Informatica MI Ayuntamiento de Caudete\",\"image\":{\"@type\":\"ImageObject\",\"inLanguage\":\"es\",\"@id\":\"https:\\\/\\\/secure.gravatar.com\\\/avatar\\\/ac0321ee4a0a83e82a253e7b2d348ef539e2c8fe16d06b600bde04de1b364fa7?s=96&d=mm&r=g\",\"url\":\"https:\\\/\\\/secure.gravatar.com\\\/avatar\\\/ac0321ee4a0a83e82a253e7b2d348ef539e2c8fe16d06b600bde04de1b364fa7?s=96&d=mm&r=g\",\"contentUrl\":\"https:\\\/\\\/secure.gravatar.com\\\/avatar\\\/ac0321ee4a0a83e82a253e7b2d348ef539e2c8fe16d06b600bde04de1b364fa7?s=96&d=mm&r=g\",\"caption\":\"Dpto Informatica MI Ayuntamiento de Caudete\"},\"url\":\"https:\\\/\\\/www.caudete.org\\\/ayuntamiento\\\/author\\\/informatica\\\/\"}]}<\/script>\n<!-- \/ Yoast SEO plugin. -->","yoast_head_json":{"title":"Nina Volk, artista invitada en la VII Bienal Internacional de Caudete, nos visitar\u00e1 el pr\u00f3ximo mes de mayo - MI Ayuntamiento de Caudete","description":"P\u00e1gina Oficial del Ayuntamiento de Caudete (Albacete)","robots":{"index":"index","follow":"follow","max-snippet":"max-snippet:-1","max-image-preview":"max-image-preview:large","max-video-preview":"max-video-preview:-1"},"canonical":"https:\/\/www.caudete.org\/ayuntamiento\/nina-volk-artista-invitada-en-la-vii-bienal-internacional-de-caudete-nos-visitara-el-proximo-mes-de-mayo\/","og_locale":"es_ES","og_type":"article","og_title":"Nina Volk, artista invitada en la VII Bienal Internacional de Caudete, nos visitar\u00e1 el pr\u00f3ximo mes de mayo - MI Ayuntamiento de Caudete","og_description":"P\u00e1gina Oficial del Ayuntamiento de Caudete (Albacete)","og_url":"https:\/\/www.caudete.org\/ayuntamiento\/nina-volk-artista-invitada-en-la-vii-bienal-internacional-de-caudete-nos-visitara-el-proximo-mes-de-mayo\/","og_site_name":"MI Ayuntamiento de Caudete","article_publisher":"https:\/\/www.facebook.com\/ayuntamientocaudete\/","article_published_time":"2025-04-15T08:34:01+00:00","article_modified_time":"2025-05-18T10:56:45+00:00","og_image":[{"width":720,"height":330,"url":"https:\/\/www.caudete.org\/ayuntamiento\/wp-content\/uploads\/2025\/04\/cartel-master-nina-port.jpg","type":"image\/jpeg"}],"author":"Dpto Informatica MI Ayuntamiento de Caudete","twitter_card":"summary_large_image","twitter_misc":{"Escrito por":"Dpto Informatica MI Ayuntamiento de Caudete","Tiempo de lectura":"2 minutos"},"schema":{"@context":"https:\/\/schema.org","@graph":[{"@type":"Article","@id":"https:\/\/www.caudete.org\/ayuntamiento\/nina-volk-artista-invitada-en-la-vii-bienal-internacional-de-caudete-nos-visitara-el-proximo-mes-de-mayo\/#article","isPartOf":{"@id":"https:\/\/www.caudete.org\/ayuntamiento\/nina-volk-artista-invitada-en-la-vii-bienal-internacional-de-caudete-nos-visitara-el-proximo-mes-de-mayo\/"},"author":{"name":"Dpto Informatica MI Ayuntamiento de Caudete","@id":"https:\/\/www.caudete.org\/ayuntamiento\/#\/schema\/person\/4b9eab41761957db9b1bf9c418d1ef46"},"headline":"Nina Volk, artista invitada en la VII Bienal Internacional de Caudete, nos visitar\u00e1 el pr\u00f3ximo mes de mayo","datePublished":"2025-04-15T08:34:01+00:00","dateModified":"2025-05-18T10:56:45+00:00","mainEntityOfPage":{"@id":"https:\/\/www.caudete.org\/ayuntamiento\/nina-volk-artista-invitada-en-la-vii-bienal-internacional-de-caudete-nos-visitara-el-proximo-mes-de-mayo\/"},"wordCount":231,"image":{"@id":"https:\/\/www.caudete.org\/ayuntamiento\/nina-volk-artista-invitada-en-la-vii-bienal-internacional-de-caudete-nos-visitara-el-proximo-mes-de-mayo\/#primaryimage"},"thumbnailUrl":"https:\/\/www.caudete.org\/ayuntamiento\/wp-content\/uploads\/2025\/04\/cartel-master-nina-port.jpg","articleSection":["Cultura"],"inLanguage":"es"},{"@type":"WebPage","@id":"https:\/\/www.caudete.org\/ayuntamiento\/nina-volk-artista-invitada-en-la-vii-bienal-internacional-de-caudete-nos-visitara-el-proximo-mes-de-mayo\/","url":"https:\/\/www.caudete.org\/ayuntamiento\/nina-volk-artista-invitada-en-la-vii-bienal-internacional-de-caudete-nos-visitara-el-proximo-mes-de-mayo\/","name":"Nina Volk, artista invitada en la VII Bienal Internacional de Caudete, nos visitar\u00e1 el pr\u00f3ximo mes de mayo - MI Ayuntamiento de Caudete","isPartOf":{"@id":"https:\/\/www.caudete.org\/ayuntamiento\/#website"},"primaryImageOfPage":{"@id":"https:\/\/www.caudete.org\/ayuntamiento\/nina-volk-artista-invitada-en-la-vii-bienal-internacional-de-caudete-nos-visitara-el-proximo-mes-de-mayo\/#primaryimage"},"image":{"@id":"https:\/\/www.caudete.org\/ayuntamiento\/nina-volk-artista-invitada-en-la-vii-bienal-internacional-de-caudete-nos-visitara-el-proximo-mes-de-mayo\/#primaryimage"},"thumbnailUrl":"https:\/\/www.caudete.org\/ayuntamiento\/wp-content\/uploads\/2025\/04\/cartel-master-nina-port.jpg","datePublished":"2025-04-15T08:34:01+00:00","dateModified":"2025-05-18T10:56:45+00:00","author":{"@id":"https:\/\/www.caudete.org\/ayuntamiento\/#\/schema\/person\/4b9eab41761957db9b1bf9c418d1ef46"},"description":"P\u00e1gina Oficial del Ayuntamiento de Caudete (Albacete)","breadcrumb":{"@id":"https:\/\/www.caudete.org\/ayuntamiento\/nina-volk-artista-invitada-en-la-vii-bienal-internacional-de-caudete-nos-visitara-el-proximo-mes-de-mayo\/#breadcrumb"},"inLanguage":"es","potentialAction":[{"@type":"ReadAction","target":["https:\/\/www.caudete.org\/ayuntamiento\/nina-volk-artista-invitada-en-la-vii-bienal-internacional-de-caudete-nos-visitara-el-proximo-mes-de-mayo\/"]}]},{"@type":"ImageObject","inLanguage":"es","@id":"https:\/\/www.caudete.org\/ayuntamiento\/nina-volk-artista-invitada-en-la-vii-bienal-internacional-de-caudete-nos-visitara-el-proximo-mes-de-mayo\/#primaryimage","url":"https:\/\/www.caudete.org\/ayuntamiento\/wp-content\/uploads\/2025\/04\/cartel-master-nina-port.jpg","contentUrl":"https:\/\/www.caudete.org\/ayuntamiento\/wp-content\/uploads\/2025\/04\/cartel-master-nina-port.jpg","width":720,"height":330},{"@type":"BreadcrumbList","@id":"https:\/\/www.caudete.org\/ayuntamiento\/nina-volk-artista-invitada-en-la-vii-bienal-internacional-de-caudete-nos-visitara-el-proximo-mes-de-mayo\/#breadcrumb","itemListElement":[{"@type":"ListItem","position":1,"name":"Inicio","item":"https:\/\/www.caudete.org\/ayuntamiento\/"},{"@type":"ListItem","position":2,"name":"Nina Volk, artista invitada en la VII Bienal Internacional de Caudete, nos visitar\u00e1 el pr\u00f3ximo mes de mayo"}]},{"@type":"WebSite","@id":"https:\/\/www.caudete.org\/ayuntamiento\/#website","url":"https:\/\/www.caudete.org\/ayuntamiento\/","name":"MI Ayuntamiento de Caudete","description":"P\u00e1gina Oficial del MI Ayuntamiento de Caudete","potentialAction":[{"@type":"SearchAction","target":{"@type":"EntryPoint","urlTemplate":"https:\/\/www.caudete.org\/ayuntamiento\/?s={search_term_string}"},"query-input":{"@type":"PropertyValueSpecification","valueRequired":true,"valueName":"search_term_string"}}],"inLanguage":"es"},{"@type":"Person","@id":"https:\/\/www.caudete.org\/ayuntamiento\/#\/schema\/person\/4b9eab41761957db9b1bf9c418d1ef46","name":"Dpto Informatica MI Ayuntamiento de Caudete","image":{"@type":"ImageObject","inLanguage":"es","@id":"https:\/\/secure.gravatar.com\/avatar\/ac0321ee4a0a83e82a253e7b2d348ef539e2c8fe16d06b600bde04de1b364fa7?s=96&d=mm&r=g","url":"https:\/\/secure.gravatar.com\/avatar\/ac0321ee4a0a83e82a253e7b2d348ef539e2c8fe16d06b600bde04de1b364fa7?s=96&d=mm&r=g","contentUrl":"https:\/\/secure.gravatar.com\/avatar\/ac0321ee4a0a83e82a253e7b2d348ef539e2c8fe16d06b600bde04de1b364fa7?s=96&d=mm&r=g","caption":"Dpto Informatica MI Ayuntamiento de Caudete"},"url":"https:\/\/www.caudete.org\/ayuntamiento\/author\/informatica\/"}]}},"_links":{"self":[{"href":"https:\/\/www.caudete.org\/ayuntamiento\/wp-json\/wp\/v2\/posts\/28287","targetHints":{"allow":["GET"]}}],"collection":[{"href":"https:\/\/www.caudete.org\/ayuntamiento\/wp-json\/wp\/v2\/posts"}],"about":[{"href":"https:\/\/www.caudete.org\/ayuntamiento\/wp-json\/wp\/v2\/types\/post"}],"author":[{"embeddable":true,"href":"https:\/\/www.caudete.org\/ayuntamiento\/wp-json\/wp\/v2\/users\/5"}],"replies":[{"embeddable":true,"href":"https:\/\/www.caudete.org\/ayuntamiento\/wp-json\/wp\/v2\/comments?post=28287"}],"version-history":[{"count":1,"href":"https:\/\/www.caudete.org\/ayuntamiento\/wp-json\/wp\/v2\/posts\/28287\/revisions"}],"predecessor-version":[{"id":28292,"href":"https:\/\/www.caudete.org\/ayuntamiento\/wp-json\/wp\/v2\/posts\/28287\/revisions\/28292"}],"wp:featuredmedia":[{"embeddable":true,"href":"https:\/\/www.caudete.org\/ayuntamiento\/wp-json\/wp\/v2\/media\/28288"}],"wp:attachment":[{"href":"https:\/\/www.caudete.org\/ayuntamiento\/wp-json\/wp\/v2\/media?parent=28287"}],"wp:term":[{"taxonomy":"category","embeddable":true,"href":"https:\/\/www.caudete.org\/ayuntamiento\/wp-json\/wp\/v2\/categories?post=28287"},{"taxonomy":"post_tag","embeddable":true,"href":"https:\/\/www.caudete.org\/ayuntamiento\/wp-json\/wp\/v2\/tags?post=28287"}],"curies":[{"name":"wp","href":"https:\/\/api.w.org\/{rel}","templated":true}]}}