{"id":28294,"date":"2025-04-22T08:00:42","date_gmt":"2025-04-22T06:00:42","guid":{"rendered":"https:\/\/www.caudete.org\/ayuntamiento\/?p=28294"},"modified":"2025-04-28T10:13:56","modified_gmt":"2025-04-28T08:13:56","slug":"gala-de-entrega-de-premios-del-xxviii-certamen-literario-evaristo-banon-con-el-teatro-sueno-de-la-compania-criolla","status":"publish","type":"post","link":"https:\/\/www.caudete.org\/ayuntamiento\/gala-de-entrega-de-premios-del-xxviii-certamen-literario-evaristo-banon-con-el-teatro-sueno-de-la-compania-criolla\/","title":{"rendered":"Gala de entrega de premios del XXVIII Certamen Literario Evaristo Ba\u00f1\u00f3n con el teatro &#8220;Sue\u00f1o&#8221;, de la compa\u00f1\u00eda Criolla"},"content":{"rendered":"<p>La Concejal\u00eda de Cultura informa que el pr\u00f3ximo <strong>viernes 25 de abril<\/strong>, a las <strong>19:00 horas<\/strong>, en el <strong>Auditorio Municipal de la Casa de Cultura de Caudete<\/strong>, se celebrar\u00e1 la esperada <strong>Gala de Entrega de Premios del XXVIII Certamen Literario Evaristo Ba\u00f1\u00f3n Medina.<\/strong><\/p>\n<p>Durante el acto, se har\u00e1 entrega de los galardones correspondientes a las distintas <strong>modalidades del certamen<\/strong>, que cada a\u00f1o reconoce y premia el<strong> talento literario de Caudete<\/strong>, fomentando la creatividad, la lectura y la escritura entre vecinos y vecinas de todas las edades. Este certamen, organizado por la <strong>Biblioteca P\u00fablica Municipal \u201cAna Mar\u00eda Matute<\/strong>\u201d, cuenta con una amplia trayectoria desde 1997 y se ha convertido en una verdadera cantera de escritores y escritoras locales.<\/p>\n<p>La gala incluir\u00e1 adem\u00e1s la representaci\u00f3n de la obra <strong>\u201cSue\u00f1o\u201d<\/strong>, de la reconocida <strong>Compa\u00f1\u00eda Criolla<\/strong>, espect\u00e1culo galardonado con el <strong>Premio al Mejor Espect\u00e1culo Barroco Infantil<\/strong> en el <strong>Festival Internacional de Teatro Cl\u00e1sico de Almagro<\/strong>.<\/p>\n<p><strong>\u201cSue\u00f1o\u201d<\/strong> es una versi\u00f3n libre, dirigida a p\u00fablico <strong>infantil, juvenil y familiar<\/strong>, de la obra de William Shakespeare <strong>\u201cSue\u00f1o de una noche de verano\u201d<\/strong>. En ella, cuatro int\u00e9rpretes se adentran en un bosque encantado para ensayar una obra, sin saber que all\u00ed habitan criaturas m\u00e1gicas dispuestas a trastocar sus emociones. La obra plantea una reflexi\u00f3n po\u00e9tica y divertida sobre los l\u00edmites entre la realidad, la imaginaci\u00f3n y los sue\u00f1os.<\/p>\n<p>Con un estilo din\u00e1mico y lleno de recursos esc\u00e9nicos, la <strong>Compa\u00f1\u00eda Criolla<\/strong> ofrece una propuesta que reinterpreta los cl\u00e1sicos con un lenguaje cercano, fresco y actual, ideal para disfrutar en familia.<br \/>\nEsta gala se enmarca dentro de la programaci\u00f3n especial de abril con motivo del <strong>D\u00eda del Libro.<\/strong><\/p>\n<p><strong>Entrada con invitaci\u00f3n<\/strong>, disponible en la <strong>Biblioteca P\u00fablica Municipal \u201cAna Mar\u00eda Matute\u201d<\/strong> de Caudete.<\/p>\n<p>Desde la <strong>Biblioteca P\u00fablica Municipal \u201cAna Mar\u00eda Matute\u201d<\/strong>, organizadora del certamen, queremos expresar nuestro m\u00e1s sincero agradecimiento a los <strong>centros educativos<\/strong> y a las <strong>AMPAS<\/strong> de la localidad por su implicaci\u00f3n y colaboraci\u00f3n constante, fundamentales para el \u00e9xito y la continuidad de esta convocatoria cultural tan querida.<\/p>\n<p>Una tarde para celebrar el teatro, la literatura y el talento de nuestro pueblo.<\/p>\n<p><a href=\"https:\/\/www.caudete.org\/ayuntamiento\/wp-content\/uploads\/2025\/04\/CARTEL-SUENO.jpg\" rel='prettyPhoto'><img fetchpriority=\"high\" decoding=\"async\" class=\"alignnone size-full wp-image-28299\" src=\"https:\/\/www.caudete.org\/ayuntamiento\/wp-content\/uploads\/2025\/04\/CARTEL-SUENO.jpg\" alt=\"\" width=\"707\" height=\"1000\" srcset=\"https:\/\/www.caudete.org\/ayuntamiento\/wp-content\/uploads\/2025\/04\/CARTEL-SUENO.jpg 707w, https:\/\/www.caudete.org\/ayuntamiento\/wp-content\/uploads\/2025\/04\/CARTEL-SUENO-283x400.jpg 283w, https:\/\/www.caudete.org\/ayuntamiento\/wp-content\/uploads\/2025\/04\/CARTEL-SUENO-566x800.jpg 566w\" sizes=\"(max-width: 707px) 100vw, 707px\" \/><\/a><\/p>\n","protected":false},"excerpt":{"rendered":"<p>La Concejal\u00eda de Cultura informa que el pr\u00f3ximo viernes 25 de abril, a las 19:00 horas, en el Auditorio Municipal de la Casa de Cultura de Caudete, se celebrar\u00e1 la esperada Gala de Entrega de Premios del XXVIII Certamen Literario Evaristo Ba\u00f1\u00f3n Medina. Durante el acto, se har\u00e1 entrega de los galardones correspondientes a las &hellip;<\/p>\n","protected":false},"author":5,"featured_media":28297,"comment_status":"closed","ping_status":"open","sticky":false,"template":"","format":"standard","meta":{"ngg_post_thumbnail":0,"footnotes":""},"categories":[14],"tags":[],"class_list":["post-28294","post","type-post","status-publish","format-standard","has-post-thumbnail","hentry","category-cultura"],"yoast_head":"<!-- This site is optimized with the Yoast SEO plugin v27.5 - https:\/\/yoast.com\/product\/yoast-seo-wordpress\/ -->\n<title>Gala de entrega de premios del XXVIII Certamen Literario Evaristo Ba\u00f1\u00f3n con el teatro &quot;Sue\u00f1o&quot;, de la compa\u00f1\u00eda Criolla - MI Ayuntamiento de Caudete<\/title>\n<meta name=\"description\" content=\"P\u00e1gina Oficial del Ayuntamiento de Caudete (Albacete)\" \/>\n<meta name=\"robots\" content=\"index, follow, max-snippet:-1, max-image-preview:large, max-video-preview:-1\" \/>\n<link rel=\"canonical\" href=\"https:\/\/www.caudete.org\/ayuntamiento\/gala-de-entrega-de-premios-del-xxviii-certamen-literario-evaristo-banon-con-el-teatro-sueno-de-la-compania-criolla\/\" \/>\n<meta property=\"og:locale\" content=\"es_ES\" \/>\n<meta property=\"og:type\" content=\"article\" \/>\n<meta property=\"og:title\" content=\"Gala de entrega de premios del XXVIII Certamen Literario Evaristo Ba\u00f1\u00f3n con el teatro &quot;Sue\u00f1o&quot;, de la compa\u00f1\u00eda Criolla - MI Ayuntamiento de Caudete\" \/>\n<meta property=\"og:description\" content=\"P\u00e1gina Oficial del Ayuntamiento de Caudete (Albacete)\" \/>\n<meta property=\"og:url\" content=\"https:\/\/www.caudete.org\/ayuntamiento\/gala-de-entrega-de-premios-del-xxviii-certamen-literario-evaristo-banon-con-el-teatro-sueno-de-la-compania-criolla\/\" \/>\n<meta property=\"og:site_name\" content=\"MI Ayuntamiento de Caudete\" \/>\n<meta property=\"article:publisher\" content=\"https:\/\/www.facebook.com\/ayuntamientocaudete\/\" \/>\n<meta property=\"article:published_time\" content=\"2025-04-22T06:00:42+00:00\" \/>\n<meta property=\"article:modified_time\" content=\"2025-04-28T08:13:56+00:00\" \/>\n<meta property=\"og:image\" content=\"https:\/\/www.caudete.org\/ayuntamiento\/wp-content\/uploads\/2025\/04\/CARTEL-SUENO-port.png\" \/>\n\t<meta property=\"og:image:width\" content=\"1000\" \/>\n\t<meta property=\"og:image:height\" content=\"457\" \/>\n\t<meta property=\"og:image:type\" content=\"image\/png\" \/>\n<meta name=\"author\" content=\"Dpto Informatica MI Ayuntamiento de Caudete\" \/>\n<meta name=\"twitter:card\" content=\"summary_large_image\" \/>\n<meta name=\"twitter:label1\" content=\"Escrito por\" \/>\n\t<meta name=\"twitter:data1\" content=\"Dpto Informatica MI Ayuntamiento de Caudete\" \/>\n\t<meta name=\"twitter:label2\" content=\"Tiempo de lectura\" \/>\n\t<meta name=\"twitter:data2\" content=\"2 minutos\" \/>\n<script type=\"application\/ld+json\" class=\"yoast-schema-graph\">{\"@context\":\"https:\\\/\\\/schema.org\",\"@graph\":[{\"@type\":\"Article\",\"@id\":\"https:\\\/\\\/www.caudete.org\\\/ayuntamiento\\\/gala-de-entrega-de-premios-del-xxviii-certamen-literario-evaristo-banon-con-el-teatro-sueno-de-la-compania-criolla\\\/#article\",\"isPartOf\":{\"@id\":\"https:\\\/\\\/www.caudete.org\\\/ayuntamiento\\\/gala-de-entrega-de-premios-del-xxviii-certamen-literario-evaristo-banon-con-el-teatro-sueno-de-la-compania-criolla\\\/\"},\"author\":{\"name\":\"Dpto Informatica MI Ayuntamiento de Caudete\",\"@id\":\"https:\\\/\\\/www.caudete.org\\\/ayuntamiento\\\/#\\\/schema\\\/person\\\/4b9eab41761957db9b1bf9c418d1ef46\"},\"headline\":\"Gala de entrega de premios del XXVIII Certamen Literario Evaristo Ba\u00f1\u00f3n con el teatro &#8220;Sue\u00f1o&#8221;, de la compa\u00f1\u00eda Criolla\",\"datePublished\":\"2025-04-22T06:00:42+00:00\",\"dateModified\":\"2025-04-28T08:13:56+00:00\",\"mainEntityOfPage\":{\"@id\":\"https:\\\/\\\/www.caudete.org\\\/ayuntamiento\\\/gala-de-entrega-de-premios-del-xxviii-certamen-literario-evaristo-banon-con-el-teatro-sueno-de-la-compania-criolla\\\/\"},\"wordCount\":400,\"image\":{\"@id\":\"https:\\\/\\\/www.caudete.org\\\/ayuntamiento\\\/gala-de-entrega-de-premios-del-xxviii-certamen-literario-evaristo-banon-con-el-teatro-sueno-de-la-compania-criolla\\\/#primaryimage\"},\"thumbnailUrl\":\"https:\\\/\\\/www.caudete.org\\\/ayuntamiento\\\/wp-content\\\/uploads\\\/2025\\\/04\\\/CARTEL-SUENO-port.png\",\"articleSection\":[\"Cultura\"],\"inLanguage\":\"es\"},{\"@type\":\"WebPage\",\"@id\":\"https:\\\/\\\/www.caudete.org\\\/ayuntamiento\\\/gala-de-entrega-de-premios-del-xxviii-certamen-literario-evaristo-banon-con-el-teatro-sueno-de-la-compania-criolla\\\/\",\"url\":\"https:\\\/\\\/www.caudete.org\\\/ayuntamiento\\\/gala-de-entrega-de-premios-del-xxviii-certamen-literario-evaristo-banon-con-el-teatro-sueno-de-la-compania-criolla\\\/\",\"name\":\"Gala de entrega de premios del XXVIII Certamen Literario Evaristo Ba\u00f1\u00f3n con el teatro \\\"Sue\u00f1o\\\", de la compa\u00f1\u00eda Criolla - MI Ayuntamiento de Caudete\",\"isPartOf\":{\"@id\":\"https:\\\/\\\/www.caudete.org\\\/ayuntamiento\\\/#website\"},\"primaryImageOfPage\":{\"@id\":\"https:\\\/\\\/www.caudete.org\\\/ayuntamiento\\\/gala-de-entrega-de-premios-del-xxviii-certamen-literario-evaristo-banon-con-el-teatro-sueno-de-la-compania-criolla\\\/#primaryimage\"},\"image\":{\"@id\":\"https:\\\/\\\/www.caudete.org\\\/ayuntamiento\\\/gala-de-entrega-de-premios-del-xxviii-certamen-literario-evaristo-banon-con-el-teatro-sueno-de-la-compania-criolla\\\/#primaryimage\"},\"thumbnailUrl\":\"https:\\\/\\\/www.caudete.org\\\/ayuntamiento\\\/wp-content\\\/uploads\\\/2025\\\/04\\\/CARTEL-SUENO-port.png\",\"datePublished\":\"2025-04-22T06:00:42+00:00\",\"dateModified\":\"2025-04-28T08:13:56+00:00\",\"author\":{\"@id\":\"https:\\\/\\\/www.caudete.org\\\/ayuntamiento\\\/#\\\/schema\\\/person\\\/4b9eab41761957db9b1bf9c418d1ef46\"},\"description\":\"P\u00e1gina Oficial del Ayuntamiento de Caudete (Albacete)\",\"breadcrumb\":{\"@id\":\"https:\\\/\\\/www.caudete.org\\\/ayuntamiento\\\/gala-de-entrega-de-premios-del-xxviii-certamen-literario-evaristo-banon-con-el-teatro-sueno-de-la-compania-criolla\\\/#breadcrumb\"},\"inLanguage\":\"es\",\"potentialAction\":[{\"@type\":\"ReadAction\",\"target\":[\"https:\\\/\\\/www.caudete.org\\\/ayuntamiento\\\/gala-de-entrega-de-premios-del-xxviii-certamen-literario-evaristo-banon-con-el-teatro-sueno-de-la-compania-criolla\\\/\"]}]},{\"@type\":\"ImageObject\",\"inLanguage\":\"es\",\"@id\":\"https:\\\/\\\/www.caudete.org\\\/ayuntamiento\\\/gala-de-entrega-de-premios-del-xxviii-certamen-literario-evaristo-banon-con-el-teatro-sueno-de-la-compania-criolla\\\/#primaryimage\",\"url\":\"https:\\\/\\\/www.caudete.org\\\/ayuntamiento\\\/wp-content\\\/uploads\\\/2025\\\/04\\\/CARTEL-SUENO-port.png\",\"contentUrl\":\"https:\\\/\\\/www.caudete.org\\\/ayuntamiento\\\/wp-content\\\/uploads\\\/2025\\\/04\\\/CARTEL-SUENO-port.png\",\"width\":1000,\"height\":457},{\"@type\":\"BreadcrumbList\",\"@id\":\"https:\\\/\\\/www.caudete.org\\\/ayuntamiento\\\/gala-de-entrega-de-premios-del-xxviii-certamen-literario-evaristo-banon-con-el-teatro-sueno-de-la-compania-criolla\\\/#breadcrumb\",\"itemListElement\":[{\"@type\":\"ListItem\",\"position\":1,\"name\":\"Inicio\",\"item\":\"https:\\\/\\\/www.caudete.org\\\/ayuntamiento\\\/\"},{\"@type\":\"ListItem\",\"position\":2,\"name\":\"Gala de entrega de premios del XXVIII Certamen Literario Evaristo Ba\u00f1\u00f3n con el teatro &#8220;Sue\u00f1o&#8221;, de la compa\u00f1\u00eda Criolla\"}]},{\"@type\":\"WebSite\",\"@id\":\"https:\\\/\\\/www.caudete.org\\\/ayuntamiento\\\/#website\",\"url\":\"https:\\\/\\\/www.caudete.org\\\/ayuntamiento\\\/\",\"name\":\"MI Ayuntamiento de Caudete\",\"description\":\"P\u00e1gina Oficial del MI Ayuntamiento de Caudete\",\"potentialAction\":[{\"@type\":\"SearchAction\",\"target\":{\"@type\":\"EntryPoint\",\"urlTemplate\":\"https:\\\/\\\/www.caudete.org\\\/ayuntamiento\\\/?s={search_term_string}\"},\"query-input\":{\"@type\":\"PropertyValueSpecification\",\"valueRequired\":true,\"valueName\":\"search_term_string\"}}],\"inLanguage\":\"es\"},{\"@type\":\"Person\",\"@id\":\"https:\\\/\\\/www.caudete.org\\\/ayuntamiento\\\/#\\\/schema\\\/person\\\/4b9eab41761957db9b1bf9c418d1ef46\",\"name\":\"Dpto Informatica MI Ayuntamiento de Caudete\",\"image\":{\"@type\":\"ImageObject\",\"inLanguage\":\"es\",\"@id\":\"https:\\\/\\\/secure.gravatar.com\\\/avatar\\\/ac0321ee4a0a83e82a253e7b2d348ef539e2c8fe16d06b600bde04de1b364fa7?s=96&d=mm&r=g\",\"url\":\"https:\\\/\\\/secure.gravatar.com\\\/avatar\\\/ac0321ee4a0a83e82a253e7b2d348ef539e2c8fe16d06b600bde04de1b364fa7?s=96&d=mm&r=g\",\"contentUrl\":\"https:\\\/\\\/secure.gravatar.com\\\/avatar\\\/ac0321ee4a0a83e82a253e7b2d348ef539e2c8fe16d06b600bde04de1b364fa7?s=96&d=mm&r=g\",\"caption\":\"Dpto Informatica MI Ayuntamiento de Caudete\"},\"url\":\"https:\\\/\\\/www.caudete.org\\\/ayuntamiento\\\/author\\\/informatica\\\/\"}]}<\/script>\n<!-- \/ Yoast SEO plugin. -->","yoast_head_json":{"title":"Gala de entrega de premios del XXVIII Certamen Literario Evaristo Ba\u00f1\u00f3n con el teatro \"Sue\u00f1o\", de la compa\u00f1\u00eda Criolla - MI Ayuntamiento de Caudete","description":"P\u00e1gina Oficial del Ayuntamiento de Caudete (Albacete)","robots":{"index":"index","follow":"follow","max-snippet":"max-snippet:-1","max-image-preview":"max-image-preview:large","max-video-preview":"max-video-preview:-1"},"canonical":"https:\/\/www.caudete.org\/ayuntamiento\/gala-de-entrega-de-premios-del-xxviii-certamen-literario-evaristo-banon-con-el-teatro-sueno-de-la-compania-criolla\/","og_locale":"es_ES","og_type":"article","og_title":"Gala de entrega de premios del XXVIII Certamen Literario Evaristo Ba\u00f1\u00f3n con el teatro \"Sue\u00f1o\", de la compa\u00f1\u00eda Criolla - MI Ayuntamiento de Caudete","og_description":"P\u00e1gina Oficial del Ayuntamiento de Caudete (Albacete)","og_url":"https:\/\/www.caudete.org\/ayuntamiento\/gala-de-entrega-de-premios-del-xxviii-certamen-literario-evaristo-banon-con-el-teatro-sueno-de-la-compania-criolla\/","og_site_name":"MI Ayuntamiento de Caudete","article_publisher":"https:\/\/www.facebook.com\/ayuntamientocaudete\/","article_published_time":"2025-04-22T06:00:42+00:00","article_modified_time":"2025-04-28T08:13:56+00:00","og_image":[{"width":1000,"height":457,"url":"https:\/\/www.caudete.org\/ayuntamiento\/wp-content\/uploads\/2025\/04\/CARTEL-SUENO-port.png","type":"image\/png"}],"author":"Dpto Informatica MI Ayuntamiento de Caudete","twitter_card":"summary_large_image","twitter_misc":{"Escrito por":"Dpto Informatica MI Ayuntamiento de Caudete","Tiempo de lectura":"2 minutos"},"schema":{"@context":"https:\/\/schema.org","@graph":[{"@type":"Article","@id":"https:\/\/www.caudete.org\/ayuntamiento\/gala-de-entrega-de-premios-del-xxviii-certamen-literario-evaristo-banon-con-el-teatro-sueno-de-la-compania-criolla\/#article","isPartOf":{"@id":"https:\/\/www.caudete.org\/ayuntamiento\/gala-de-entrega-de-premios-del-xxviii-certamen-literario-evaristo-banon-con-el-teatro-sueno-de-la-compania-criolla\/"},"author":{"name":"Dpto Informatica MI Ayuntamiento de Caudete","@id":"https:\/\/www.caudete.org\/ayuntamiento\/#\/schema\/person\/4b9eab41761957db9b1bf9c418d1ef46"},"headline":"Gala de entrega de premios del XXVIII Certamen Literario Evaristo Ba\u00f1\u00f3n con el teatro &#8220;Sue\u00f1o&#8221;, de la compa\u00f1\u00eda Criolla","datePublished":"2025-04-22T06:00:42+00:00","dateModified":"2025-04-28T08:13:56+00:00","mainEntityOfPage":{"@id":"https:\/\/www.caudete.org\/ayuntamiento\/gala-de-entrega-de-premios-del-xxviii-certamen-literario-evaristo-banon-con-el-teatro-sueno-de-la-compania-criolla\/"},"wordCount":400,"image":{"@id":"https:\/\/www.caudete.org\/ayuntamiento\/gala-de-entrega-de-premios-del-xxviii-certamen-literario-evaristo-banon-con-el-teatro-sueno-de-la-compania-criolla\/#primaryimage"},"thumbnailUrl":"https:\/\/www.caudete.org\/ayuntamiento\/wp-content\/uploads\/2025\/04\/CARTEL-SUENO-port.png","articleSection":["Cultura"],"inLanguage":"es"},{"@type":"WebPage","@id":"https:\/\/www.caudete.org\/ayuntamiento\/gala-de-entrega-de-premios-del-xxviii-certamen-literario-evaristo-banon-con-el-teatro-sueno-de-la-compania-criolla\/","url":"https:\/\/www.caudete.org\/ayuntamiento\/gala-de-entrega-de-premios-del-xxviii-certamen-literario-evaristo-banon-con-el-teatro-sueno-de-la-compania-criolla\/","name":"Gala de entrega de premios del XXVIII Certamen Literario Evaristo Ba\u00f1\u00f3n con el teatro \"Sue\u00f1o\", de la compa\u00f1\u00eda Criolla - MI Ayuntamiento de Caudete","isPartOf":{"@id":"https:\/\/www.caudete.org\/ayuntamiento\/#website"},"primaryImageOfPage":{"@id":"https:\/\/www.caudete.org\/ayuntamiento\/gala-de-entrega-de-premios-del-xxviii-certamen-literario-evaristo-banon-con-el-teatro-sueno-de-la-compania-criolla\/#primaryimage"},"image":{"@id":"https:\/\/www.caudete.org\/ayuntamiento\/gala-de-entrega-de-premios-del-xxviii-certamen-literario-evaristo-banon-con-el-teatro-sueno-de-la-compania-criolla\/#primaryimage"},"thumbnailUrl":"https:\/\/www.caudete.org\/ayuntamiento\/wp-content\/uploads\/2025\/04\/CARTEL-SUENO-port.png","datePublished":"2025-04-22T06:00:42+00:00","dateModified":"2025-04-28T08:13:56+00:00","author":{"@id":"https:\/\/www.caudete.org\/ayuntamiento\/#\/schema\/person\/4b9eab41761957db9b1bf9c418d1ef46"},"description":"P\u00e1gina Oficial del Ayuntamiento de Caudete (Albacete)","breadcrumb":{"@id":"https:\/\/www.caudete.org\/ayuntamiento\/gala-de-entrega-de-premios-del-xxviii-certamen-literario-evaristo-banon-con-el-teatro-sueno-de-la-compania-criolla\/#breadcrumb"},"inLanguage":"es","potentialAction":[{"@type":"ReadAction","target":["https:\/\/www.caudete.org\/ayuntamiento\/gala-de-entrega-de-premios-del-xxviii-certamen-literario-evaristo-banon-con-el-teatro-sueno-de-la-compania-criolla\/"]}]},{"@type":"ImageObject","inLanguage":"es","@id":"https:\/\/www.caudete.org\/ayuntamiento\/gala-de-entrega-de-premios-del-xxviii-certamen-literario-evaristo-banon-con-el-teatro-sueno-de-la-compania-criolla\/#primaryimage","url":"https:\/\/www.caudete.org\/ayuntamiento\/wp-content\/uploads\/2025\/04\/CARTEL-SUENO-port.png","contentUrl":"https:\/\/www.caudete.org\/ayuntamiento\/wp-content\/uploads\/2025\/04\/CARTEL-SUENO-port.png","width":1000,"height":457},{"@type":"BreadcrumbList","@id":"https:\/\/www.caudete.org\/ayuntamiento\/gala-de-entrega-de-premios-del-xxviii-certamen-literario-evaristo-banon-con-el-teatro-sueno-de-la-compania-criolla\/#breadcrumb","itemListElement":[{"@type":"ListItem","position":1,"name":"Inicio","item":"https:\/\/www.caudete.org\/ayuntamiento\/"},{"@type":"ListItem","position":2,"name":"Gala de entrega de premios del XXVIII Certamen Literario Evaristo Ba\u00f1\u00f3n con el teatro &#8220;Sue\u00f1o&#8221;, de la compa\u00f1\u00eda Criolla"}]},{"@type":"WebSite","@id":"https:\/\/www.caudete.org\/ayuntamiento\/#website","url":"https:\/\/www.caudete.org\/ayuntamiento\/","name":"MI Ayuntamiento de Caudete","description":"P\u00e1gina Oficial del MI Ayuntamiento de Caudete","potentialAction":[{"@type":"SearchAction","target":{"@type":"EntryPoint","urlTemplate":"https:\/\/www.caudete.org\/ayuntamiento\/?s={search_term_string}"},"query-input":{"@type":"PropertyValueSpecification","valueRequired":true,"valueName":"search_term_string"}}],"inLanguage":"es"},{"@type":"Person","@id":"https:\/\/www.caudete.org\/ayuntamiento\/#\/schema\/person\/4b9eab41761957db9b1bf9c418d1ef46","name":"Dpto Informatica MI Ayuntamiento de Caudete","image":{"@type":"ImageObject","inLanguage":"es","@id":"https:\/\/secure.gravatar.com\/avatar\/ac0321ee4a0a83e82a253e7b2d348ef539e2c8fe16d06b600bde04de1b364fa7?s=96&d=mm&r=g","url":"https:\/\/secure.gravatar.com\/avatar\/ac0321ee4a0a83e82a253e7b2d348ef539e2c8fe16d06b600bde04de1b364fa7?s=96&d=mm&r=g","contentUrl":"https:\/\/secure.gravatar.com\/avatar\/ac0321ee4a0a83e82a253e7b2d348ef539e2c8fe16d06b600bde04de1b364fa7?s=96&d=mm&r=g","caption":"Dpto Informatica MI Ayuntamiento de Caudete"},"url":"https:\/\/www.caudete.org\/ayuntamiento\/author\/informatica\/"}]}},"_links":{"self":[{"href":"https:\/\/www.caudete.org\/ayuntamiento\/wp-json\/wp\/v2\/posts\/28294","targetHints":{"allow":["GET"]}}],"collection":[{"href":"https:\/\/www.caudete.org\/ayuntamiento\/wp-json\/wp\/v2\/posts"}],"about":[{"href":"https:\/\/www.caudete.org\/ayuntamiento\/wp-json\/wp\/v2\/types\/post"}],"author":[{"embeddable":true,"href":"https:\/\/www.caudete.org\/ayuntamiento\/wp-json\/wp\/v2\/users\/5"}],"replies":[{"embeddable":true,"href":"https:\/\/www.caudete.org\/ayuntamiento\/wp-json\/wp\/v2\/comments?post=28294"}],"version-history":[{"count":4,"href":"https:\/\/www.caudete.org\/ayuntamiento\/wp-json\/wp\/v2\/posts\/28294\/revisions"}],"predecessor-version":[{"id":28300,"href":"https:\/\/www.caudete.org\/ayuntamiento\/wp-json\/wp\/v2\/posts\/28294\/revisions\/28300"}],"wp:featuredmedia":[{"embeddable":true,"href":"https:\/\/www.caudete.org\/ayuntamiento\/wp-json\/wp\/v2\/media\/28297"}],"wp:attachment":[{"href":"https:\/\/www.caudete.org\/ayuntamiento\/wp-json\/wp\/v2\/media?parent=28294"}],"wp:term":[{"taxonomy":"category","embeddable":true,"href":"https:\/\/www.caudete.org\/ayuntamiento\/wp-json\/wp\/v2\/categories?post=28294"},{"taxonomy":"post_tag","embeddable":true,"href":"https:\/\/www.caudete.org\/ayuntamiento\/wp-json\/wp\/v2\/tags?post=28294"}],"curies":[{"name":"wp","href":"https:\/\/api.w.org\/{rel}","templated":true}]}}