{"id":28303,"date":"2025-04-15T20:00:18","date_gmt":"2025-04-15T18:00:18","guid":{"rendered":"https:\/\/www.caudete.org\/ayuntamiento\/?p=28303"},"modified":"2025-04-15T20:00:18","modified_gmt":"2025-04-15T18:00:18","slug":"las-terrazas-del-sector-hostelero-tendran-que-reactivar-sus-autorizaciones-para-continuar-funcionando","status":"publish","type":"post","link":"https:\/\/www.caudete.org\/ayuntamiento\/las-terrazas-del-sector-hostelero-tendran-que-reactivar-sus-autorizaciones-para-continuar-funcionando\/","title":{"rendered":"Las terrazas del sector hostelero tendr\u00e1n que reactivar sus autorizaciones para continuar funcionando"},"content":{"rendered":"<p style=\"text-align: justify;\">Tal y como ha comunicado el Concejal de Comercio Diego Cuenca, el 20 de Diciembre pasado, quedaba aprobada la Ordenanza Fiscal que regula la ocupaci\u00f3n de la v\u00eda p\u00fablica con mesas, sillas, veladores, etc. y que es cumplimiento para aquellos establecimientos de hosteler\u00eda que hacen uso de la misma con estas infraestructuras y medios como oferta para sus clientes.<\/p>\n<p style=\"text-align: justify;\">Con la entrada en vigor del texto al quedar publicada en el BOP, el paso siguiente fue adoptado la semana pasada por la Comisi\u00f3n Informativa de Urbanismo (pues se trata de una extensi\u00f3n de la licencia de actividad) y de la Junta de Gobierno, al aprobar el nuevo modelo de solicitud que los hosteleros han de presentar al Consistorio para obtener la referida autorizaci\u00f3n.<\/p>\n<p style=\"text-align: justify;\">Cabe destacar que la tasa fue suprimida con motivo de la crisis del Covid-19 en el a\u00f1o 2020 y fue recuperada el pasado ejercicio, siendo de aplicaci\u00f3n para el presente a\u00f1o 2025.<\/p>\n<p style=\"text-align: justify;\">El nuevo texto, a diferencia del anterior, establece que los interesados puedan optar por solicitar autorizaci\u00f3n y tasa anual, o por temporada alta (comprendida entre del 1 de abril hasta el 31 de octubre) o baja (entre el 1 de enero hasta el 31 de diciembre), diferenci\u00e1ndose entre los establecimientos localizados en la zona 1 (Plaza del Carmen, Plaza de la Iglesia, Paseo Luis Golf, dem\u00e1s Parques y Jardines) o en la zona 2 (el resto de v\u00edas).<\/p>\n<p style=\"text-align: justify;\">Dado que es una tasa de car\u00e1cter rogado, tienen que ser los propios interesados los que soliciten la ocupaci\u00f3n, tras lo cual girar\u00e1 visita en su caso el T\u00e9cnico competente o Polic\u00eda Local para recabar la informaci\u00f3n necesaria con la que completar el expediente, y una vez otorgada, se facilitar\u00e1 una autorizaci\u00f3n normalizada que todo hostelero tendr\u00e1 que tener en lugar visible para facilitar la comprobaci\u00f3n de la misma.<\/p>\n<p style=\"text-align: justify;\">De hecho, en los pr\u00f3ximos d\u00edas comenzar\u00e1 una visita a los establecimientos para trasladar la informaci\u00f3n y agilizar los tr\u00e1mites, ya que actualmente est\u00e1n en pleno funcionamiento las terrazas en su mayor\u00eda.<\/p>\n<p style=\"text-align: center;\"><a href=\"https:\/\/www.caudete.org\/ayuntamiento\/wp-content\/uploads\/2025\/04\/terrazas-anual.jpg\" rel='prettyPhoto'><img fetchpriority=\"high\" decoding=\"async\" class=\"alignnone wp-image-28304 size-full\" src=\"https:\/\/www.caudete.org\/ayuntamiento\/wp-content\/uploads\/2025\/04\/terrazas-anual.jpg\" alt=\"\" width=\"771\" height=\"267\" srcset=\"https:\/\/www.caudete.org\/ayuntamiento\/wp-content\/uploads\/2025\/04\/terrazas-anual.jpg 771w, https:\/\/www.caudete.org\/ayuntamiento\/wp-content\/uploads\/2025\/04\/terrazas-anual-600x208.jpg 600w, https:\/\/www.caudete.org\/ayuntamiento\/wp-content\/uploads\/2025\/04\/terrazas-anual-768x266.jpg 768w\" sizes=\"(max-width: 771px) 100vw, 771px\" \/><\/a> <a href=\"https:\/\/www.caudete.org\/ayuntamiento\/wp-content\/uploads\/2025\/04\/terrazas-temporada-baja.jpg\" rel='prettyPhoto'><img decoding=\"async\" class=\"alignnone wp-image-28305 size-full\" src=\"https:\/\/www.caudete.org\/ayuntamiento\/wp-content\/uploads\/2025\/04\/terrazas-temporada-baja.jpg\" alt=\"\" width=\"771\" height=\"262\" srcset=\"https:\/\/www.caudete.org\/ayuntamiento\/wp-content\/uploads\/2025\/04\/terrazas-temporada-baja.jpg 771w, https:\/\/www.caudete.org\/ayuntamiento\/wp-content\/uploads\/2025\/04\/terrazas-temporada-baja-600x204.jpg 600w, https:\/\/www.caudete.org\/ayuntamiento\/wp-content\/uploads\/2025\/04\/terrazas-temporada-baja-768x261.jpg 768w\" sizes=\"(max-width: 771px) 100vw, 771px\" \/><\/a> <a href=\"https:\/\/www.caudete.org\/ayuntamiento\/wp-content\/uploads\/2025\/04\/terrazas-temporada-alta.jpg\" rel='prettyPhoto'><img decoding=\"async\" class=\"alignnone wp-image-28306 size-full\" src=\"https:\/\/www.caudete.org\/ayuntamiento\/wp-content\/uploads\/2025\/04\/terrazas-temporada-alta.jpg\" alt=\"\" width=\"766\" height=\"262\" srcset=\"https:\/\/www.caudete.org\/ayuntamiento\/wp-content\/uploads\/2025\/04\/terrazas-temporada-alta.jpg 766w, https:\/\/www.caudete.org\/ayuntamiento\/wp-content\/uploads\/2025\/04\/terrazas-temporada-alta-600x205.jpg 600w\" sizes=\"(max-width: 766px) 100vw, 766px\" \/><\/a><\/p>\n","protected":false},"excerpt":{"rendered":"<p>Tal y como ha comunicado el Concejal de Comercio Diego Cuenca, el 20 de Diciembre pasado, quedaba aprobada la Ordenanza Fiscal que regula la ocupaci\u00f3n de la v\u00eda p\u00fablica con mesas, sillas, veladores, etc. y que es cumplimiento para aquellos establecimientos de hosteler\u00eda que hacen uso de la misma con estas infraestructuras y medios como &hellip;<\/p>\n","protected":false},"author":3,"featured_media":16792,"comment_status":"closed","ping_status":"open","sticky":false,"template":"","format":"standard","meta":{"ngg_post_thumbnail":0,"footnotes":""},"categories":[42],"tags":[],"class_list":["post-28303","post","type-post","status-publish","format-standard","has-post-thumbnail","hentry","category-comercio"],"yoast_head":"<!-- This site is optimized with the Yoast SEO plugin v27.5 - https:\/\/yoast.com\/product\/yoast-seo-wordpress\/ -->\n<title>Las terrazas del sector hostelero tendr\u00e1n que reactivar sus autorizaciones para continuar funcionando - MI Ayuntamiento de Caudete<\/title>\n<meta name=\"description\" content=\"P\u00e1gina Oficial del Ayuntamiento de Caudete (Albacete)\" \/>\n<meta name=\"robots\" content=\"index, follow, max-snippet:-1, max-image-preview:large, max-video-preview:-1\" \/>\n<link rel=\"canonical\" href=\"https:\/\/www.caudete.org\/ayuntamiento\/las-terrazas-del-sector-hostelero-tendran-que-reactivar-sus-autorizaciones-para-continuar-funcionando\/\" \/>\n<meta property=\"og:locale\" content=\"es_ES\" \/>\n<meta property=\"og:type\" content=\"article\" \/>\n<meta property=\"og:title\" content=\"Las terrazas del sector hostelero tendr\u00e1n que reactivar sus autorizaciones para continuar funcionando - MI Ayuntamiento de Caudete\" \/>\n<meta property=\"og:description\" content=\"P\u00e1gina Oficial del Ayuntamiento de Caudete (Albacete)\" \/>\n<meta property=\"og:url\" content=\"https:\/\/www.caudete.org\/ayuntamiento\/las-terrazas-del-sector-hostelero-tendran-que-reactivar-sus-autorizaciones-para-continuar-funcionando\/\" \/>\n<meta property=\"og:site_name\" content=\"MI Ayuntamiento de Caudete\" \/>\n<meta property=\"article:publisher\" content=\"https:\/\/www.facebook.com\/ayuntamientocaudete\/\" \/>\n<meta property=\"article:published_time\" content=\"2025-04-15T18:00:18+00:00\" \/>\n<meta property=\"og:image\" content=\"https:\/\/www.caudete.org\/ayuntamiento\/wp-content\/uploads\/2021\/11\/terraza.jpeg\" \/>\n\t<meta property=\"og:image:width\" content=\"656\" \/>\n\t<meta property=\"og:image:height\" content=\"370\" \/>\n\t<meta property=\"og:image:type\" content=\"image\/jpeg\" \/>\n<meta name=\"author\" content=\"alcalde\" \/>\n<meta name=\"twitter:card\" content=\"summary_large_image\" \/>\n<meta name=\"twitter:label1\" content=\"Escrito por\" \/>\n\t<meta name=\"twitter:data1\" content=\"alcalde\" \/>\n\t<meta name=\"twitter:label2\" content=\"Tiempo de lectura\" \/>\n\t<meta name=\"twitter:data2\" content=\"3 minutos\" \/>\n<script type=\"application\/ld+json\" class=\"yoast-schema-graph\">{\"@context\":\"https:\\\/\\\/schema.org\",\"@graph\":[{\"@type\":\"Article\",\"@id\":\"https:\\\/\\\/www.caudete.org\\\/ayuntamiento\\\/las-terrazas-del-sector-hostelero-tendran-que-reactivar-sus-autorizaciones-para-continuar-funcionando\\\/#article\",\"isPartOf\":{\"@id\":\"https:\\\/\\\/www.caudete.org\\\/ayuntamiento\\\/las-terrazas-del-sector-hostelero-tendran-que-reactivar-sus-autorizaciones-para-continuar-funcionando\\\/\"},\"author\":{\"name\":\"alcalde\",\"@id\":\"https:\\\/\\\/www.caudete.org\\\/ayuntamiento\\\/#\\\/schema\\\/person\\\/cc646da9133078ee4d8dd47457947253\"},\"headline\":\"Las terrazas del sector hostelero tendr\u00e1n que reactivar sus autorizaciones para continuar funcionando\",\"datePublished\":\"2025-04-15T18:00:18+00:00\",\"mainEntityOfPage\":{\"@id\":\"https:\\\/\\\/www.caudete.org\\\/ayuntamiento\\\/las-terrazas-del-sector-hostelero-tendran-que-reactivar-sus-autorizaciones-para-continuar-funcionando\\\/\"},\"wordCount\":366,\"image\":{\"@id\":\"https:\\\/\\\/www.caudete.org\\\/ayuntamiento\\\/las-terrazas-del-sector-hostelero-tendran-que-reactivar-sus-autorizaciones-para-continuar-funcionando\\\/#primaryimage\"},\"thumbnailUrl\":\"https:\\\/\\\/www.caudete.org\\\/ayuntamiento\\\/wp-content\\\/uploads\\\/2021\\\/11\\\/terraza.jpeg\",\"articleSection\":[\"Comercio\"],\"inLanguage\":\"es\"},{\"@type\":\"WebPage\",\"@id\":\"https:\\\/\\\/www.caudete.org\\\/ayuntamiento\\\/las-terrazas-del-sector-hostelero-tendran-que-reactivar-sus-autorizaciones-para-continuar-funcionando\\\/\",\"url\":\"https:\\\/\\\/www.caudete.org\\\/ayuntamiento\\\/las-terrazas-del-sector-hostelero-tendran-que-reactivar-sus-autorizaciones-para-continuar-funcionando\\\/\",\"name\":\"Las terrazas del sector hostelero tendr\u00e1n que reactivar sus autorizaciones para continuar funcionando - MI Ayuntamiento de Caudete\",\"isPartOf\":{\"@id\":\"https:\\\/\\\/www.caudete.org\\\/ayuntamiento\\\/#website\"},\"primaryImageOfPage\":{\"@id\":\"https:\\\/\\\/www.caudete.org\\\/ayuntamiento\\\/las-terrazas-del-sector-hostelero-tendran-que-reactivar-sus-autorizaciones-para-continuar-funcionando\\\/#primaryimage\"},\"image\":{\"@id\":\"https:\\\/\\\/www.caudete.org\\\/ayuntamiento\\\/las-terrazas-del-sector-hostelero-tendran-que-reactivar-sus-autorizaciones-para-continuar-funcionando\\\/#primaryimage\"},\"thumbnailUrl\":\"https:\\\/\\\/www.caudete.org\\\/ayuntamiento\\\/wp-content\\\/uploads\\\/2021\\\/11\\\/terraza.jpeg\",\"datePublished\":\"2025-04-15T18:00:18+00:00\",\"author\":{\"@id\":\"https:\\\/\\\/www.caudete.org\\\/ayuntamiento\\\/#\\\/schema\\\/person\\\/cc646da9133078ee4d8dd47457947253\"},\"description\":\"P\u00e1gina Oficial del Ayuntamiento de Caudete (Albacete)\",\"breadcrumb\":{\"@id\":\"https:\\\/\\\/www.caudete.org\\\/ayuntamiento\\\/las-terrazas-del-sector-hostelero-tendran-que-reactivar-sus-autorizaciones-para-continuar-funcionando\\\/#breadcrumb\"},\"inLanguage\":\"es\",\"potentialAction\":[{\"@type\":\"ReadAction\",\"target\":[\"https:\\\/\\\/www.caudete.org\\\/ayuntamiento\\\/las-terrazas-del-sector-hostelero-tendran-que-reactivar-sus-autorizaciones-para-continuar-funcionando\\\/\"]}]},{\"@type\":\"ImageObject\",\"inLanguage\":\"es\",\"@id\":\"https:\\\/\\\/www.caudete.org\\\/ayuntamiento\\\/las-terrazas-del-sector-hostelero-tendran-que-reactivar-sus-autorizaciones-para-continuar-funcionando\\\/#primaryimage\",\"url\":\"https:\\\/\\\/www.caudete.org\\\/ayuntamiento\\\/wp-content\\\/uploads\\\/2021\\\/11\\\/terraza.jpeg\",\"contentUrl\":\"https:\\\/\\\/www.caudete.org\\\/ayuntamiento\\\/wp-content\\\/uploads\\\/2021\\\/11\\\/terraza.jpeg\",\"width\":656,\"height\":370},{\"@type\":\"BreadcrumbList\",\"@id\":\"https:\\\/\\\/www.caudete.org\\\/ayuntamiento\\\/las-terrazas-del-sector-hostelero-tendran-que-reactivar-sus-autorizaciones-para-continuar-funcionando\\\/#breadcrumb\",\"itemListElement\":[{\"@type\":\"ListItem\",\"position\":1,\"name\":\"Inicio\",\"item\":\"https:\\\/\\\/www.caudete.org\\\/ayuntamiento\\\/\"},{\"@type\":\"ListItem\",\"position\":2,\"name\":\"Las terrazas del sector hostelero tendr\u00e1n que reactivar sus autorizaciones para continuar funcionando\"}]},{\"@type\":\"WebSite\",\"@id\":\"https:\\\/\\\/www.caudete.org\\\/ayuntamiento\\\/#website\",\"url\":\"https:\\\/\\\/www.caudete.org\\\/ayuntamiento\\\/\",\"name\":\"MI Ayuntamiento de Caudete\",\"description\":\"P\u00e1gina Oficial del MI Ayuntamiento de Caudete\",\"potentialAction\":[{\"@type\":\"SearchAction\",\"target\":{\"@type\":\"EntryPoint\",\"urlTemplate\":\"https:\\\/\\\/www.caudete.org\\\/ayuntamiento\\\/?s={search_term_string}\"},\"query-input\":{\"@type\":\"PropertyValueSpecification\",\"valueRequired\":true,\"valueName\":\"search_term_string\"}}],\"inLanguage\":\"es\"},{\"@type\":\"Person\",\"@id\":\"https:\\\/\\\/www.caudete.org\\\/ayuntamiento\\\/#\\\/schema\\\/person\\\/cc646da9133078ee4d8dd47457947253\",\"name\":\"alcalde\",\"image\":{\"@type\":\"ImageObject\",\"inLanguage\":\"es\",\"@id\":\"https:\\\/\\\/secure.gravatar.com\\\/avatar\\\/84a817ba065b29ff08d666b215a215f5c79186a645ccb25b14a663d48a130f77?s=96&d=mm&r=g\",\"url\":\"https:\\\/\\\/secure.gravatar.com\\\/avatar\\\/84a817ba065b29ff08d666b215a215f5c79186a645ccb25b14a663d48a130f77?s=96&d=mm&r=g\",\"contentUrl\":\"https:\\\/\\\/secure.gravatar.com\\\/avatar\\\/84a817ba065b29ff08d666b215a215f5c79186a645ccb25b14a663d48a130f77?s=96&d=mm&r=g\",\"caption\":\"alcalde\"},\"url\":\"https:\\\/\\\/www.caudete.org\\\/ayuntamiento\\\/author\\\/alcalde\\\/\"}]}<\/script>\n<!-- \/ Yoast SEO plugin. -->","yoast_head_json":{"title":"Las terrazas del sector hostelero tendr\u00e1n que reactivar sus autorizaciones para continuar funcionando - MI Ayuntamiento de Caudete","description":"P\u00e1gina Oficial del Ayuntamiento de Caudete (Albacete)","robots":{"index":"index","follow":"follow","max-snippet":"max-snippet:-1","max-image-preview":"max-image-preview:large","max-video-preview":"max-video-preview:-1"},"canonical":"https:\/\/www.caudete.org\/ayuntamiento\/las-terrazas-del-sector-hostelero-tendran-que-reactivar-sus-autorizaciones-para-continuar-funcionando\/","og_locale":"es_ES","og_type":"article","og_title":"Las terrazas del sector hostelero tendr\u00e1n que reactivar sus autorizaciones para continuar funcionando - MI Ayuntamiento de Caudete","og_description":"P\u00e1gina Oficial del Ayuntamiento de Caudete (Albacete)","og_url":"https:\/\/www.caudete.org\/ayuntamiento\/las-terrazas-del-sector-hostelero-tendran-que-reactivar-sus-autorizaciones-para-continuar-funcionando\/","og_site_name":"MI Ayuntamiento de Caudete","article_publisher":"https:\/\/www.facebook.com\/ayuntamientocaudete\/","article_published_time":"2025-04-15T18:00:18+00:00","og_image":[{"width":656,"height":370,"url":"https:\/\/www.caudete.org\/ayuntamiento\/wp-content\/uploads\/2021\/11\/terraza.jpeg","type":"image\/jpeg"}],"author":"alcalde","twitter_card":"summary_large_image","twitter_misc":{"Escrito por":"alcalde","Tiempo de lectura":"3 minutos"},"schema":{"@context":"https:\/\/schema.org","@graph":[{"@type":"Article","@id":"https:\/\/www.caudete.org\/ayuntamiento\/las-terrazas-del-sector-hostelero-tendran-que-reactivar-sus-autorizaciones-para-continuar-funcionando\/#article","isPartOf":{"@id":"https:\/\/www.caudete.org\/ayuntamiento\/las-terrazas-del-sector-hostelero-tendran-que-reactivar-sus-autorizaciones-para-continuar-funcionando\/"},"author":{"name":"alcalde","@id":"https:\/\/www.caudete.org\/ayuntamiento\/#\/schema\/person\/cc646da9133078ee4d8dd47457947253"},"headline":"Las terrazas del sector hostelero tendr\u00e1n que reactivar sus autorizaciones para continuar funcionando","datePublished":"2025-04-15T18:00:18+00:00","mainEntityOfPage":{"@id":"https:\/\/www.caudete.org\/ayuntamiento\/las-terrazas-del-sector-hostelero-tendran-que-reactivar-sus-autorizaciones-para-continuar-funcionando\/"},"wordCount":366,"image":{"@id":"https:\/\/www.caudete.org\/ayuntamiento\/las-terrazas-del-sector-hostelero-tendran-que-reactivar-sus-autorizaciones-para-continuar-funcionando\/#primaryimage"},"thumbnailUrl":"https:\/\/www.caudete.org\/ayuntamiento\/wp-content\/uploads\/2021\/11\/terraza.jpeg","articleSection":["Comercio"],"inLanguage":"es"},{"@type":"WebPage","@id":"https:\/\/www.caudete.org\/ayuntamiento\/las-terrazas-del-sector-hostelero-tendran-que-reactivar-sus-autorizaciones-para-continuar-funcionando\/","url":"https:\/\/www.caudete.org\/ayuntamiento\/las-terrazas-del-sector-hostelero-tendran-que-reactivar-sus-autorizaciones-para-continuar-funcionando\/","name":"Las terrazas del sector hostelero tendr\u00e1n que reactivar sus autorizaciones para continuar funcionando - MI Ayuntamiento de Caudete","isPartOf":{"@id":"https:\/\/www.caudete.org\/ayuntamiento\/#website"},"primaryImageOfPage":{"@id":"https:\/\/www.caudete.org\/ayuntamiento\/las-terrazas-del-sector-hostelero-tendran-que-reactivar-sus-autorizaciones-para-continuar-funcionando\/#primaryimage"},"image":{"@id":"https:\/\/www.caudete.org\/ayuntamiento\/las-terrazas-del-sector-hostelero-tendran-que-reactivar-sus-autorizaciones-para-continuar-funcionando\/#primaryimage"},"thumbnailUrl":"https:\/\/www.caudete.org\/ayuntamiento\/wp-content\/uploads\/2021\/11\/terraza.jpeg","datePublished":"2025-04-15T18:00:18+00:00","author":{"@id":"https:\/\/www.caudete.org\/ayuntamiento\/#\/schema\/person\/cc646da9133078ee4d8dd47457947253"},"description":"P\u00e1gina Oficial del Ayuntamiento de Caudete (Albacete)","breadcrumb":{"@id":"https:\/\/www.caudete.org\/ayuntamiento\/las-terrazas-del-sector-hostelero-tendran-que-reactivar-sus-autorizaciones-para-continuar-funcionando\/#breadcrumb"},"inLanguage":"es","potentialAction":[{"@type":"ReadAction","target":["https:\/\/www.caudete.org\/ayuntamiento\/las-terrazas-del-sector-hostelero-tendran-que-reactivar-sus-autorizaciones-para-continuar-funcionando\/"]}]},{"@type":"ImageObject","inLanguage":"es","@id":"https:\/\/www.caudete.org\/ayuntamiento\/las-terrazas-del-sector-hostelero-tendran-que-reactivar-sus-autorizaciones-para-continuar-funcionando\/#primaryimage","url":"https:\/\/www.caudete.org\/ayuntamiento\/wp-content\/uploads\/2021\/11\/terraza.jpeg","contentUrl":"https:\/\/www.caudete.org\/ayuntamiento\/wp-content\/uploads\/2021\/11\/terraza.jpeg","width":656,"height":370},{"@type":"BreadcrumbList","@id":"https:\/\/www.caudete.org\/ayuntamiento\/las-terrazas-del-sector-hostelero-tendran-que-reactivar-sus-autorizaciones-para-continuar-funcionando\/#breadcrumb","itemListElement":[{"@type":"ListItem","position":1,"name":"Inicio","item":"https:\/\/www.caudete.org\/ayuntamiento\/"},{"@type":"ListItem","position":2,"name":"Las terrazas del sector hostelero tendr\u00e1n que reactivar sus autorizaciones para continuar funcionando"}]},{"@type":"WebSite","@id":"https:\/\/www.caudete.org\/ayuntamiento\/#website","url":"https:\/\/www.caudete.org\/ayuntamiento\/","name":"MI Ayuntamiento de Caudete","description":"P\u00e1gina Oficial del MI Ayuntamiento de Caudete","potentialAction":[{"@type":"SearchAction","target":{"@type":"EntryPoint","urlTemplate":"https:\/\/www.caudete.org\/ayuntamiento\/?s={search_term_string}"},"query-input":{"@type":"PropertyValueSpecification","valueRequired":true,"valueName":"search_term_string"}}],"inLanguage":"es"},{"@type":"Person","@id":"https:\/\/www.caudete.org\/ayuntamiento\/#\/schema\/person\/cc646da9133078ee4d8dd47457947253","name":"alcalde","image":{"@type":"ImageObject","inLanguage":"es","@id":"https:\/\/secure.gravatar.com\/avatar\/84a817ba065b29ff08d666b215a215f5c79186a645ccb25b14a663d48a130f77?s=96&d=mm&r=g","url":"https:\/\/secure.gravatar.com\/avatar\/84a817ba065b29ff08d666b215a215f5c79186a645ccb25b14a663d48a130f77?s=96&d=mm&r=g","contentUrl":"https:\/\/secure.gravatar.com\/avatar\/84a817ba065b29ff08d666b215a215f5c79186a645ccb25b14a663d48a130f77?s=96&d=mm&r=g","caption":"alcalde"},"url":"https:\/\/www.caudete.org\/ayuntamiento\/author\/alcalde\/"}]}},"_links":{"self":[{"href":"https:\/\/www.caudete.org\/ayuntamiento\/wp-json\/wp\/v2\/posts\/28303","targetHints":{"allow":["GET"]}}],"collection":[{"href":"https:\/\/www.caudete.org\/ayuntamiento\/wp-json\/wp\/v2\/posts"}],"about":[{"href":"https:\/\/www.caudete.org\/ayuntamiento\/wp-json\/wp\/v2\/types\/post"}],"author":[{"embeddable":true,"href":"https:\/\/www.caudete.org\/ayuntamiento\/wp-json\/wp\/v2\/users\/3"}],"replies":[{"embeddable":true,"href":"https:\/\/www.caudete.org\/ayuntamiento\/wp-json\/wp\/v2\/comments?post=28303"}],"version-history":[{"count":1,"href":"https:\/\/www.caudete.org\/ayuntamiento\/wp-json\/wp\/v2\/posts\/28303\/revisions"}],"predecessor-version":[{"id":28307,"href":"https:\/\/www.caudete.org\/ayuntamiento\/wp-json\/wp\/v2\/posts\/28303\/revisions\/28307"}],"wp:featuredmedia":[{"embeddable":true,"href":"https:\/\/www.caudete.org\/ayuntamiento\/wp-json\/wp\/v2\/media\/16792"}],"wp:attachment":[{"href":"https:\/\/www.caudete.org\/ayuntamiento\/wp-json\/wp\/v2\/media?parent=28303"}],"wp:term":[{"taxonomy":"category","embeddable":true,"href":"https:\/\/www.caudete.org\/ayuntamiento\/wp-json\/wp\/v2\/categories?post=28303"},{"taxonomy":"post_tag","embeddable":true,"href":"https:\/\/www.caudete.org\/ayuntamiento\/wp-json\/wp\/v2\/tags?post=28303"}],"curies":[{"name":"wp","href":"https:\/\/api.w.org\/{rel}","templated":true}]}}