{"id":28311,"date":"2025-04-16T13:56:49","date_gmt":"2025-04-16T11:56:49","guid":{"rendered":"https:\/\/www.caudete.org\/ayuntamiento\/?p=28311"},"modified":"2025-04-16T14:03:24","modified_gmt":"2025-04-16T12:03:24","slug":"reparacion-y-mantenimiento-de-las-chapas-de-los-soterrados","status":"publish","type":"post","link":"https:\/\/www.caudete.org\/ayuntamiento\/reparacion-y-mantenimiento-de-las-chapas-de-los-soterrados\/","title":{"rendered":"Reparaci\u00f3n y mantenimiento de las chapas de los soterrados"},"content":{"rendered":"<p style=\"text-align: justify;\">Desde el Ayuntamiento de Caudete, a trav\u00e9s del Departamento de Medio Ambiente, informamos a la ciudadan\u00eda que se han llevado a cabo trabajos de reparaci\u00f3n y sustituci\u00f3n de las chapas met\u00e1licas de los contenedores soterrados ubicados en la <strong>Plaza del Carmen<\/strong> y en el <strong>Paseo Luis Golf.<\/strong><\/p>\n<p style=\"text-align: justify;\">Las antiguas chapas presentaban un avanzado estado de deterioro, con bordes afilados y v\u00e9rtices que pod\u00edan suponer un riesgo para las personas al depositar sus residuos. Por este motivo, han sido reemplazadas por <strong>chapas nuevas, seguras y resistentes<\/strong>, con el objetivo de evitar posibles accidentes y mejorar la funcionalidad de estos puntos de recogida.<\/p>\n<p style=\"text-align: justify;\">Estas actuaciones forman parte del plan de mantenimiento continuo que se seguir\u00e1 desarrollando desde el Departamento de Medio Ambiente, con el firme compromiso de tener <strong>un Caudete m\u00e1s cuidado y seguro para todos<\/strong>.<\/p>\n<p style=\"text-align: justify;\">Desde el Departamento de Medio Ambiente <strong>seguimos trabajando d\u00eda a d\u00eda para mejorar los servicios de nuestra localidad<\/strong>, garantizando un entorno m\u00e1s limpio, funcional y seguro para todos los vecinos.<\/p>\n<p style=\"text-align: center;\"><strong>Ayuntamiento de Caudete<\/strong><br \/>\n<strong>Departamento de Medio Ambiente<\/strong><\/p>\n<p><a href=\"https:\/\/www.caudete.org\/ayuntamiento\/wp-content\/uploads\/2025\/04\/ChapasSoterrados3.jpg\" rel='prettyPhoto'><img fetchpriority=\"high\" decoding=\"async\" class=\"alignnone size-full wp-image-28314\" src=\"https:\/\/www.caudete.org\/ayuntamiento\/wp-content\/uploads\/2025\/04\/ChapasSoterrados3.jpg\" alt=\"\" width=\"1000\" height=\"1000\" srcset=\"https:\/\/www.caudete.org\/ayuntamiento\/wp-content\/uploads\/2025\/04\/ChapasSoterrados3.jpg 1000w, https:\/\/www.caudete.org\/ayuntamiento\/wp-content\/uploads\/2025\/04\/ChapasSoterrados3-400x400.jpg 400w, https:\/\/www.caudete.org\/ayuntamiento\/wp-content\/uploads\/2025\/04\/ChapasSoterrados3-800x800.jpg 800w, https:\/\/www.caudete.org\/ayuntamiento\/wp-content\/uploads\/2025\/04\/ChapasSoterrados3-768x768.jpg 768w, https:\/\/www.caudete.org\/ayuntamiento\/wp-content\/uploads\/2025\/04\/ChapasSoterrados3-60x60.jpg 60w\" sizes=\"(max-width: 1000px) 100vw, 1000px\" \/><\/a> <a href=\"https:\/\/www.caudete.org\/ayuntamiento\/wp-content\/uploads\/2025\/04\/ChapasSoterrados2.jpg\" rel='prettyPhoto'><img decoding=\"async\" class=\"alignnone size-full wp-image-28315\" src=\"https:\/\/www.caudete.org\/ayuntamiento\/wp-content\/uploads\/2025\/04\/ChapasSoterrados2.jpg\" alt=\"\" width=\"1000\" height=\"1000\" srcset=\"https:\/\/www.caudete.org\/ayuntamiento\/wp-content\/uploads\/2025\/04\/ChapasSoterrados2.jpg 1000w, https:\/\/www.caudete.org\/ayuntamiento\/wp-content\/uploads\/2025\/04\/ChapasSoterrados2-400x400.jpg 400w, https:\/\/www.caudete.org\/ayuntamiento\/wp-content\/uploads\/2025\/04\/ChapasSoterrados2-800x800.jpg 800w, https:\/\/www.caudete.org\/ayuntamiento\/wp-content\/uploads\/2025\/04\/ChapasSoterrados2-768x768.jpg 768w, https:\/\/www.caudete.org\/ayuntamiento\/wp-content\/uploads\/2025\/04\/ChapasSoterrados2-60x60.jpg 60w\" sizes=\"(max-width: 1000px) 100vw, 1000px\" \/><\/a><\/p>\n","protected":false},"excerpt":{"rendered":"<p>Desde el Ayuntamiento de Caudete, a trav\u00e9s del Departamento de Medio Ambiente, informamos a la ciudadan\u00eda que se han llevado a cabo trabajos de reparaci\u00f3n y sustituci\u00f3n de las chapas met\u00e1licas de los contenedores soterrados ubicados en la Plaza del Carmen y en el Paseo Luis Golf. Las antiguas chapas presentaban un avanzado estado de &hellip;<\/p>\n","protected":false},"author":5,"featured_media":28312,"comment_status":"closed","ping_status":"open","sticky":false,"template":"","format":"standard","meta":{"ngg_post_thumbnail":0,"footnotes":""},"categories":[29],"tags":[],"class_list":["post-28311","post","type-post","status-publish","format-standard","has-post-thumbnail","hentry","category-medio-ambiente"],"yoast_head":"<!-- This site is optimized with the Yoast SEO plugin v27.5 - https:\/\/yoast.com\/product\/yoast-seo-wordpress\/ -->\n<title>Reparaci\u00f3n y mantenimiento de las chapas de los soterrados - MI Ayuntamiento de Caudete<\/title>\n<meta name=\"description\" content=\"P\u00e1gina Oficial del Ayuntamiento de Caudete (Albacete)\" \/>\n<meta name=\"robots\" content=\"index, follow, max-snippet:-1, max-image-preview:large, max-video-preview:-1\" \/>\n<link rel=\"canonical\" href=\"https:\/\/www.caudete.org\/ayuntamiento\/reparacion-y-mantenimiento-de-las-chapas-de-los-soterrados\/\" \/>\n<meta property=\"og:locale\" content=\"es_ES\" \/>\n<meta property=\"og:type\" content=\"article\" \/>\n<meta property=\"og:title\" content=\"Reparaci\u00f3n y mantenimiento de las chapas de los soterrados - MI Ayuntamiento de Caudete\" \/>\n<meta property=\"og:description\" content=\"P\u00e1gina Oficial del Ayuntamiento de Caudete (Albacete)\" \/>\n<meta property=\"og:url\" content=\"https:\/\/www.caudete.org\/ayuntamiento\/reparacion-y-mantenimiento-de-las-chapas-de-los-soterrados\/\" \/>\n<meta property=\"og:site_name\" content=\"MI Ayuntamiento de Caudete\" \/>\n<meta property=\"article:publisher\" content=\"https:\/\/www.facebook.com\/ayuntamientocaudete\/\" \/>\n<meta property=\"article:published_time\" content=\"2025-04-16T11:56:49+00:00\" \/>\n<meta property=\"article:modified_time\" content=\"2025-04-16T12:03:24+00:00\" \/>\n<meta property=\"og:image\" content=\"https:\/\/www.caudete.org\/ayuntamiento\/wp-content\/uploads\/2025\/04\/ChapasSoterrados1.jpg\" \/>\n\t<meta property=\"og:image:width\" content=\"1000\" \/>\n\t<meta property=\"og:image:height\" content=\"1000\" \/>\n\t<meta property=\"og:image:type\" content=\"image\/jpeg\" \/>\n<meta name=\"author\" content=\"Dpto Informatica MI Ayuntamiento de Caudete\" \/>\n<meta name=\"twitter:card\" content=\"summary_large_image\" \/>\n<meta name=\"twitter:label1\" content=\"Escrito por\" \/>\n\t<meta name=\"twitter:data1\" content=\"Dpto Informatica MI Ayuntamiento de Caudete\" \/>\n\t<meta name=\"twitter:label2\" content=\"Tiempo de lectura\" \/>\n\t<meta name=\"twitter:data2\" content=\"2 minutos\" \/>\n<script type=\"application\/ld+json\" class=\"yoast-schema-graph\">{\"@context\":\"https:\\\/\\\/schema.org\",\"@graph\":[{\"@type\":\"Article\",\"@id\":\"https:\\\/\\\/www.caudete.org\\\/ayuntamiento\\\/reparacion-y-mantenimiento-de-las-chapas-de-los-soterrados\\\/#article\",\"isPartOf\":{\"@id\":\"https:\\\/\\\/www.caudete.org\\\/ayuntamiento\\\/reparacion-y-mantenimiento-de-las-chapas-de-los-soterrados\\\/\"},\"author\":{\"name\":\"Dpto Informatica MI Ayuntamiento de Caudete\",\"@id\":\"https:\\\/\\\/www.caudete.org\\\/ayuntamiento\\\/#\\\/schema\\\/person\\\/4b9eab41761957db9b1bf9c418d1ef46\"},\"headline\":\"Reparaci\u00f3n y mantenimiento de las chapas de los soterrados\",\"datePublished\":\"2025-04-16T11:56:49+00:00\",\"dateModified\":\"2025-04-16T12:03:24+00:00\",\"mainEntityOfPage\":{\"@id\":\"https:\\\/\\\/www.caudete.org\\\/ayuntamiento\\\/reparacion-y-mantenimiento-de-las-chapas-de-los-soterrados\\\/\"},\"wordCount\":192,\"image\":{\"@id\":\"https:\\\/\\\/www.caudete.org\\\/ayuntamiento\\\/reparacion-y-mantenimiento-de-las-chapas-de-los-soterrados\\\/#primaryimage\"},\"thumbnailUrl\":\"https:\\\/\\\/www.caudete.org\\\/ayuntamiento\\\/wp-content\\\/uploads\\\/2025\\\/04\\\/ChapasSoterrados1.jpg\",\"articleSection\":[\"Medio Ambiente\"],\"inLanguage\":\"es\"},{\"@type\":\"WebPage\",\"@id\":\"https:\\\/\\\/www.caudete.org\\\/ayuntamiento\\\/reparacion-y-mantenimiento-de-las-chapas-de-los-soterrados\\\/\",\"url\":\"https:\\\/\\\/www.caudete.org\\\/ayuntamiento\\\/reparacion-y-mantenimiento-de-las-chapas-de-los-soterrados\\\/\",\"name\":\"Reparaci\u00f3n y mantenimiento de las chapas de los soterrados - MI Ayuntamiento de Caudete\",\"isPartOf\":{\"@id\":\"https:\\\/\\\/www.caudete.org\\\/ayuntamiento\\\/#website\"},\"primaryImageOfPage\":{\"@id\":\"https:\\\/\\\/www.caudete.org\\\/ayuntamiento\\\/reparacion-y-mantenimiento-de-las-chapas-de-los-soterrados\\\/#primaryimage\"},\"image\":{\"@id\":\"https:\\\/\\\/www.caudete.org\\\/ayuntamiento\\\/reparacion-y-mantenimiento-de-las-chapas-de-los-soterrados\\\/#primaryimage\"},\"thumbnailUrl\":\"https:\\\/\\\/www.caudete.org\\\/ayuntamiento\\\/wp-content\\\/uploads\\\/2025\\\/04\\\/ChapasSoterrados1.jpg\",\"datePublished\":\"2025-04-16T11:56:49+00:00\",\"dateModified\":\"2025-04-16T12:03:24+00:00\",\"author\":{\"@id\":\"https:\\\/\\\/www.caudete.org\\\/ayuntamiento\\\/#\\\/schema\\\/person\\\/4b9eab41761957db9b1bf9c418d1ef46\"},\"description\":\"P\u00e1gina Oficial del Ayuntamiento de Caudete (Albacete)\",\"breadcrumb\":{\"@id\":\"https:\\\/\\\/www.caudete.org\\\/ayuntamiento\\\/reparacion-y-mantenimiento-de-las-chapas-de-los-soterrados\\\/#breadcrumb\"},\"inLanguage\":\"es\",\"potentialAction\":[{\"@type\":\"ReadAction\",\"target\":[\"https:\\\/\\\/www.caudete.org\\\/ayuntamiento\\\/reparacion-y-mantenimiento-de-las-chapas-de-los-soterrados\\\/\"]}]},{\"@type\":\"ImageObject\",\"inLanguage\":\"es\",\"@id\":\"https:\\\/\\\/www.caudete.org\\\/ayuntamiento\\\/reparacion-y-mantenimiento-de-las-chapas-de-los-soterrados\\\/#primaryimage\",\"url\":\"https:\\\/\\\/www.caudete.org\\\/ayuntamiento\\\/wp-content\\\/uploads\\\/2025\\\/04\\\/ChapasSoterrados1.jpg\",\"contentUrl\":\"https:\\\/\\\/www.caudete.org\\\/ayuntamiento\\\/wp-content\\\/uploads\\\/2025\\\/04\\\/ChapasSoterrados1.jpg\",\"width\":1000,\"height\":1000},{\"@type\":\"BreadcrumbList\",\"@id\":\"https:\\\/\\\/www.caudete.org\\\/ayuntamiento\\\/reparacion-y-mantenimiento-de-las-chapas-de-los-soterrados\\\/#breadcrumb\",\"itemListElement\":[{\"@type\":\"ListItem\",\"position\":1,\"name\":\"Inicio\",\"item\":\"https:\\\/\\\/www.caudete.org\\\/ayuntamiento\\\/\"},{\"@type\":\"ListItem\",\"position\":2,\"name\":\"Reparaci\u00f3n y mantenimiento de las chapas de los soterrados\"}]},{\"@type\":\"WebSite\",\"@id\":\"https:\\\/\\\/www.caudete.org\\\/ayuntamiento\\\/#website\",\"url\":\"https:\\\/\\\/www.caudete.org\\\/ayuntamiento\\\/\",\"name\":\"MI Ayuntamiento de Caudete\",\"description\":\"P\u00e1gina Oficial del MI Ayuntamiento de Caudete\",\"potentialAction\":[{\"@type\":\"SearchAction\",\"target\":{\"@type\":\"EntryPoint\",\"urlTemplate\":\"https:\\\/\\\/www.caudete.org\\\/ayuntamiento\\\/?s={search_term_string}\"},\"query-input\":{\"@type\":\"PropertyValueSpecification\",\"valueRequired\":true,\"valueName\":\"search_term_string\"}}],\"inLanguage\":\"es\"},{\"@type\":\"Person\",\"@id\":\"https:\\\/\\\/www.caudete.org\\\/ayuntamiento\\\/#\\\/schema\\\/person\\\/4b9eab41761957db9b1bf9c418d1ef46\",\"name\":\"Dpto Informatica MI Ayuntamiento de Caudete\",\"image\":{\"@type\":\"ImageObject\",\"inLanguage\":\"es\",\"@id\":\"https:\\\/\\\/secure.gravatar.com\\\/avatar\\\/ac0321ee4a0a83e82a253e7b2d348ef539e2c8fe16d06b600bde04de1b364fa7?s=96&d=mm&r=g\",\"url\":\"https:\\\/\\\/secure.gravatar.com\\\/avatar\\\/ac0321ee4a0a83e82a253e7b2d348ef539e2c8fe16d06b600bde04de1b364fa7?s=96&d=mm&r=g\",\"contentUrl\":\"https:\\\/\\\/secure.gravatar.com\\\/avatar\\\/ac0321ee4a0a83e82a253e7b2d348ef539e2c8fe16d06b600bde04de1b364fa7?s=96&d=mm&r=g\",\"caption\":\"Dpto Informatica MI Ayuntamiento de Caudete\"},\"url\":\"https:\\\/\\\/www.caudete.org\\\/ayuntamiento\\\/author\\\/informatica\\\/\"}]}<\/script>\n<!-- \/ Yoast SEO plugin. -->","yoast_head_json":{"title":"Reparaci\u00f3n y mantenimiento de las chapas de los soterrados - MI Ayuntamiento de Caudete","description":"P\u00e1gina Oficial del Ayuntamiento de Caudete (Albacete)","robots":{"index":"index","follow":"follow","max-snippet":"max-snippet:-1","max-image-preview":"max-image-preview:large","max-video-preview":"max-video-preview:-1"},"canonical":"https:\/\/www.caudete.org\/ayuntamiento\/reparacion-y-mantenimiento-de-las-chapas-de-los-soterrados\/","og_locale":"es_ES","og_type":"article","og_title":"Reparaci\u00f3n y mantenimiento de las chapas de los soterrados - MI Ayuntamiento de Caudete","og_description":"P\u00e1gina Oficial del Ayuntamiento de Caudete (Albacete)","og_url":"https:\/\/www.caudete.org\/ayuntamiento\/reparacion-y-mantenimiento-de-las-chapas-de-los-soterrados\/","og_site_name":"MI Ayuntamiento de Caudete","article_publisher":"https:\/\/www.facebook.com\/ayuntamientocaudete\/","article_published_time":"2025-04-16T11:56:49+00:00","article_modified_time":"2025-04-16T12:03:24+00:00","og_image":[{"width":1000,"height":1000,"url":"https:\/\/www.caudete.org\/ayuntamiento\/wp-content\/uploads\/2025\/04\/ChapasSoterrados1.jpg","type":"image\/jpeg"}],"author":"Dpto Informatica MI Ayuntamiento de Caudete","twitter_card":"summary_large_image","twitter_misc":{"Escrito por":"Dpto Informatica MI Ayuntamiento de Caudete","Tiempo de lectura":"2 minutos"},"schema":{"@context":"https:\/\/schema.org","@graph":[{"@type":"Article","@id":"https:\/\/www.caudete.org\/ayuntamiento\/reparacion-y-mantenimiento-de-las-chapas-de-los-soterrados\/#article","isPartOf":{"@id":"https:\/\/www.caudete.org\/ayuntamiento\/reparacion-y-mantenimiento-de-las-chapas-de-los-soterrados\/"},"author":{"name":"Dpto Informatica MI Ayuntamiento de Caudete","@id":"https:\/\/www.caudete.org\/ayuntamiento\/#\/schema\/person\/4b9eab41761957db9b1bf9c418d1ef46"},"headline":"Reparaci\u00f3n y mantenimiento de las chapas de los soterrados","datePublished":"2025-04-16T11:56:49+00:00","dateModified":"2025-04-16T12:03:24+00:00","mainEntityOfPage":{"@id":"https:\/\/www.caudete.org\/ayuntamiento\/reparacion-y-mantenimiento-de-las-chapas-de-los-soterrados\/"},"wordCount":192,"image":{"@id":"https:\/\/www.caudete.org\/ayuntamiento\/reparacion-y-mantenimiento-de-las-chapas-de-los-soterrados\/#primaryimage"},"thumbnailUrl":"https:\/\/www.caudete.org\/ayuntamiento\/wp-content\/uploads\/2025\/04\/ChapasSoterrados1.jpg","articleSection":["Medio Ambiente"],"inLanguage":"es"},{"@type":"WebPage","@id":"https:\/\/www.caudete.org\/ayuntamiento\/reparacion-y-mantenimiento-de-las-chapas-de-los-soterrados\/","url":"https:\/\/www.caudete.org\/ayuntamiento\/reparacion-y-mantenimiento-de-las-chapas-de-los-soterrados\/","name":"Reparaci\u00f3n y mantenimiento de las chapas de los soterrados - MI Ayuntamiento de Caudete","isPartOf":{"@id":"https:\/\/www.caudete.org\/ayuntamiento\/#website"},"primaryImageOfPage":{"@id":"https:\/\/www.caudete.org\/ayuntamiento\/reparacion-y-mantenimiento-de-las-chapas-de-los-soterrados\/#primaryimage"},"image":{"@id":"https:\/\/www.caudete.org\/ayuntamiento\/reparacion-y-mantenimiento-de-las-chapas-de-los-soterrados\/#primaryimage"},"thumbnailUrl":"https:\/\/www.caudete.org\/ayuntamiento\/wp-content\/uploads\/2025\/04\/ChapasSoterrados1.jpg","datePublished":"2025-04-16T11:56:49+00:00","dateModified":"2025-04-16T12:03:24+00:00","author":{"@id":"https:\/\/www.caudete.org\/ayuntamiento\/#\/schema\/person\/4b9eab41761957db9b1bf9c418d1ef46"},"description":"P\u00e1gina Oficial del Ayuntamiento de Caudete (Albacete)","breadcrumb":{"@id":"https:\/\/www.caudete.org\/ayuntamiento\/reparacion-y-mantenimiento-de-las-chapas-de-los-soterrados\/#breadcrumb"},"inLanguage":"es","potentialAction":[{"@type":"ReadAction","target":["https:\/\/www.caudete.org\/ayuntamiento\/reparacion-y-mantenimiento-de-las-chapas-de-los-soterrados\/"]}]},{"@type":"ImageObject","inLanguage":"es","@id":"https:\/\/www.caudete.org\/ayuntamiento\/reparacion-y-mantenimiento-de-las-chapas-de-los-soterrados\/#primaryimage","url":"https:\/\/www.caudete.org\/ayuntamiento\/wp-content\/uploads\/2025\/04\/ChapasSoterrados1.jpg","contentUrl":"https:\/\/www.caudete.org\/ayuntamiento\/wp-content\/uploads\/2025\/04\/ChapasSoterrados1.jpg","width":1000,"height":1000},{"@type":"BreadcrumbList","@id":"https:\/\/www.caudete.org\/ayuntamiento\/reparacion-y-mantenimiento-de-las-chapas-de-los-soterrados\/#breadcrumb","itemListElement":[{"@type":"ListItem","position":1,"name":"Inicio","item":"https:\/\/www.caudete.org\/ayuntamiento\/"},{"@type":"ListItem","position":2,"name":"Reparaci\u00f3n y mantenimiento de las chapas de los soterrados"}]},{"@type":"WebSite","@id":"https:\/\/www.caudete.org\/ayuntamiento\/#website","url":"https:\/\/www.caudete.org\/ayuntamiento\/","name":"MI Ayuntamiento de Caudete","description":"P\u00e1gina Oficial del MI Ayuntamiento de Caudete","potentialAction":[{"@type":"SearchAction","target":{"@type":"EntryPoint","urlTemplate":"https:\/\/www.caudete.org\/ayuntamiento\/?s={search_term_string}"},"query-input":{"@type":"PropertyValueSpecification","valueRequired":true,"valueName":"search_term_string"}}],"inLanguage":"es"},{"@type":"Person","@id":"https:\/\/www.caudete.org\/ayuntamiento\/#\/schema\/person\/4b9eab41761957db9b1bf9c418d1ef46","name":"Dpto Informatica MI Ayuntamiento de Caudete","image":{"@type":"ImageObject","inLanguage":"es","@id":"https:\/\/secure.gravatar.com\/avatar\/ac0321ee4a0a83e82a253e7b2d348ef539e2c8fe16d06b600bde04de1b364fa7?s=96&d=mm&r=g","url":"https:\/\/secure.gravatar.com\/avatar\/ac0321ee4a0a83e82a253e7b2d348ef539e2c8fe16d06b600bde04de1b364fa7?s=96&d=mm&r=g","contentUrl":"https:\/\/secure.gravatar.com\/avatar\/ac0321ee4a0a83e82a253e7b2d348ef539e2c8fe16d06b600bde04de1b364fa7?s=96&d=mm&r=g","caption":"Dpto Informatica MI Ayuntamiento de Caudete"},"url":"https:\/\/www.caudete.org\/ayuntamiento\/author\/informatica\/"}]}},"_links":{"self":[{"href":"https:\/\/www.caudete.org\/ayuntamiento\/wp-json\/wp\/v2\/posts\/28311","targetHints":{"allow":["GET"]}}],"collection":[{"href":"https:\/\/www.caudete.org\/ayuntamiento\/wp-json\/wp\/v2\/posts"}],"about":[{"href":"https:\/\/www.caudete.org\/ayuntamiento\/wp-json\/wp\/v2\/types\/post"}],"author":[{"embeddable":true,"href":"https:\/\/www.caudete.org\/ayuntamiento\/wp-json\/wp\/v2\/users\/5"}],"replies":[{"embeddable":true,"href":"https:\/\/www.caudete.org\/ayuntamiento\/wp-json\/wp\/v2\/comments?post=28311"}],"version-history":[{"count":5,"href":"https:\/\/www.caudete.org\/ayuntamiento\/wp-json\/wp\/v2\/posts\/28311\/revisions"}],"predecessor-version":[{"id":28319,"href":"https:\/\/www.caudete.org\/ayuntamiento\/wp-json\/wp\/v2\/posts\/28311\/revisions\/28319"}],"wp:featuredmedia":[{"embeddable":true,"href":"https:\/\/www.caudete.org\/ayuntamiento\/wp-json\/wp\/v2\/media\/28312"}],"wp:attachment":[{"href":"https:\/\/www.caudete.org\/ayuntamiento\/wp-json\/wp\/v2\/media?parent=28311"}],"wp:term":[{"taxonomy":"category","embeddable":true,"href":"https:\/\/www.caudete.org\/ayuntamiento\/wp-json\/wp\/v2\/categories?post=28311"},{"taxonomy":"post_tag","embeddable":true,"href":"https:\/\/www.caudete.org\/ayuntamiento\/wp-json\/wp\/v2\/tags?post=28311"}],"curies":[{"name":"wp","href":"https:\/\/api.w.org\/{rel}","templated":true}]}}