{"id":28332,"date":"2025-04-22T09:00:15","date_gmt":"2025-04-22T07:00:15","guid":{"rendered":"https:\/\/www.caudete.org\/ayuntamiento\/?p=28332"},"modified":"2025-04-21T22:33:54","modified_gmt":"2025-04-21T20:33:54","slug":"el-cementerio-actualiza-las-tasas-por-servicios-y-concesiones-asumiendo-aun-asi-el-ayuntamiento-gran-parte-del-coste-real","status":"publish","type":"post","link":"https:\/\/www.caudete.org\/ayuntamiento\/el-cementerio-actualiza-las-tasas-por-servicios-y-concesiones-asumiendo-aun-asi-el-ayuntamiento-gran-parte-del-coste-real\/","title":{"rendered":"El Cementerio actualiza las tasas por servicios y concesiones, asumiendo a\u00fan as\u00ed el Ayuntamiento gran parte del coste real"},"content":{"rendered":"<p style=\"text-align: justify;\">El BOP de fecha 20\/12\/2024 publicaba el texto \u00edntegro y por tanto elevaba a definitivo el acuerdo de Pleno por el que se actualizaba la Ordenanza Fiscal que establece las tasas por la prestaci\u00f3n de servicios y concesiones en el Cementerio Municipal.<\/p>\n<p style=\"text-align: justify;\">Tras realizar un estudio de costes, se detecta que el servicio resulta deficitario, y ante ello se plantea una actualizaci\u00f3n de las tasas que aun deja lejos del equilibrio al servicio, no ingresando suficientemente el coste real del servicio y ni el coste de ejecuci\u00f3n de las concesiones que se ponen a disposici\u00f3n. Adem\u00e1s, un riguroso estudio de las tasas con otros municipios ponen de manifiesto que las adoptadas en Caudete est\u00e1n en la media.<\/p>\n<p style=\"text-align: justify;\">El nuevo texto, por ejemplo, simplifica el ep\u00edgrafe de actos administrativos, y elimina la tasa por transmisiones.<\/p>\n<p style=\"text-align: justify;\">En cuanto a servicios, cabe destacar que reduce considerablemente el coste por realizar una exhumaci\u00f3n en Sepultura, as\u00ed como el traslado dentro del mismo recinto, una medida demandada por quienes han tenido que hacer frente a exhumaciones con un n\u00famero elevado de difuntos, que ahora se tipifica por conjunto.<\/p>\n<p style=\"text-align: justify;\">Adem\u00e1s, actualiza la tasa por la concesi\u00f3n de Nichos de los 550 a los 640\u20ac, no alcanzando el coste real de ejecuci\u00f3n (841\u20ac), por lo que el Ayuntamiento asume parte de los mismos, y se tipifican precios m\u00e1s asequibles para determinadas UDES (usados en zona antigua, zona nueva y cuartos.<\/p>\n<p style=\"text-align: justify;\">Como novedad, incluye la tasa por la concesi\u00f3n de Osario, una nueva modalidad de UDE disponible para albergar restos \u00f3seos procedentes de mondas o permutas.<\/p>\n","protected":false},"excerpt":{"rendered":"<p>El BOP de fecha 20\/12\/2024 publicaba el texto \u00edntegro y por tanto elevaba a definitivo el acuerdo de Pleno por el que se actualizaba la Ordenanza Fiscal que establece las tasas por la prestaci\u00f3n de servicios y concesiones en el Cementerio Municipal. Tras realizar un estudio de costes, se detecta que el servicio resulta deficitario, &hellip;<\/p>\n","protected":false},"author":3,"featured_media":11818,"comment_status":"closed","ping_status":"open","sticky":false,"template":"","format":"standard","meta":{"ngg_post_thumbnail":0,"footnotes":""},"categories":[30],"tags":[],"class_list":["post-28332","post","type-post","status-publish","format-standard","has-post-thumbnail","hentry","category-cementerio"],"yoast_head":"<!-- This site is optimized with the Yoast SEO plugin v27.5 - https:\/\/yoast.com\/product\/yoast-seo-wordpress\/ -->\n<title>El Cementerio actualiza las tasas por servicios y concesiones, asumiendo a\u00fan as\u00ed el Ayuntamiento gran parte del coste real - MI Ayuntamiento de Caudete<\/title>\n<meta name=\"description\" content=\"P\u00e1gina Oficial del Ayuntamiento de Caudete (Albacete)\" \/>\n<meta name=\"robots\" content=\"index, follow, max-snippet:-1, max-image-preview:large, max-video-preview:-1\" \/>\n<link rel=\"canonical\" href=\"https:\/\/www.caudete.org\/ayuntamiento\/el-cementerio-actualiza-las-tasas-por-servicios-y-concesiones-asumiendo-aun-asi-el-ayuntamiento-gran-parte-del-coste-real\/\" \/>\n<meta property=\"og:locale\" content=\"es_ES\" \/>\n<meta property=\"og:type\" content=\"article\" \/>\n<meta property=\"og:title\" content=\"El Cementerio actualiza las tasas por servicios y concesiones, asumiendo a\u00fan as\u00ed el Ayuntamiento gran parte del coste real - MI Ayuntamiento de Caudete\" \/>\n<meta property=\"og:description\" content=\"P\u00e1gina Oficial del Ayuntamiento de Caudete (Albacete)\" \/>\n<meta property=\"og:url\" content=\"https:\/\/www.caudete.org\/ayuntamiento\/el-cementerio-actualiza-las-tasas-por-servicios-y-concesiones-asumiendo-aun-asi-el-ayuntamiento-gran-parte-del-coste-real\/\" \/>\n<meta property=\"og:site_name\" content=\"MI Ayuntamiento de Caudete\" \/>\n<meta property=\"article:publisher\" content=\"https:\/\/www.facebook.com\/ayuntamientocaudete\/\" \/>\n<meta property=\"article:published_time\" content=\"2025-04-22T07:00:15+00:00\" \/>\n<meta property=\"og:image\" content=\"https:\/\/www.caudete.org\/ayuntamiento\/wp-content\/uploads\/2021\/01\/cementerio_trasera_caudete.jpg\" \/>\n\t<meta property=\"og:image:width\" content=\"800\" \/>\n\t<meta property=\"og:image:height\" content=\"533\" \/>\n\t<meta property=\"og:image:type\" content=\"image\/jpeg\" \/>\n<meta name=\"author\" content=\"alcalde\" \/>\n<meta name=\"twitter:card\" content=\"summary_large_image\" \/>\n<meta name=\"twitter:label1\" content=\"Escrito por\" \/>\n\t<meta name=\"twitter:data1\" content=\"alcalde\" \/>\n\t<meta name=\"twitter:label2\" content=\"Tiempo de lectura\" \/>\n\t<meta name=\"twitter:data2\" content=\"2 minutos\" \/>\n<script type=\"application\/ld+json\" class=\"yoast-schema-graph\">{\"@context\":\"https:\\\/\\\/schema.org\",\"@graph\":[{\"@type\":\"Article\",\"@id\":\"https:\\\/\\\/www.caudete.org\\\/ayuntamiento\\\/el-cementerio-actualiza-las-tasas-por-servicios-y-concesiones-asumiendo-aun-asi-el-ayuntamiento-gran-parte-del-coste-real\\\/#article\",\"isPartOf\":{\"@id\":\"https:\\\/\\\/www.caudete.org\\\/ayuntamiento\\\/el-cementerio-actualiza-las-tasas-por-servicios-y-concesiones-asumiendo-aun-asi-el-ayuntamiento-gran-parte-del-coste-real\\\/\"},\"author\":{\"name\":\"alcalde\",\"@id\":\"https:\\\/\\\/www.caudete.org\\\/ayuntamiento\\\/#\\\/schema\\\/person\\\/cc646da9133078ee4d8dd47457947253\"},\"headline\":\"El Cementerio actualiza las tasas por servicios y concesiones, asumiendo a\u00fan as\u00ed el Ayuntamiento gran parte del coste real\",\"datePublished\":\"2025-04-22T07:00:15+00:00\",\"mainEntityOfPage\":{\"@id\":\"https:\\\/\\\/www.caudete.org\\\/ayuntamiento\\\/el-cementerio-actualiza-las-tasas-por-servicios-y-concesiones-asumiendo-aun-asi-el-ayuntamiento-gran-parte-del-coste-real\\\/\"},\"wordCount\":288,\"publisher\":{\"@id\":\"https:\\\/\\\/www.caudete.org\\\/ayuntamiento\\\/#organization\"},\"image\":{\"@id\":\"https:\\\/\\\/www.caudete.org\\\/ayuntamiento\\\/el-cementerio-actualiza-las-tasas-por-servicios-y-concesiones-asumiendo-aun-asi-el-ayuntamiento-gran-parte-del-coste-real\\\/#primaryimage\"},\"thumbnailUrl\":\"https:\\\/\\\/www.caudete.org\\\/ayuntamiento\\\/wp-content\\\/uploads\\\/2021\\\/01\\\/cementerio_trasera_caudete.jpg\",\"articleSection\":[\"Cementerio\"],\"inLanguage\":\"es\"},{\"@type\":\"WebPage\",\"@id\":\"https:\\\/\\\/www.caudete.org\\\/ayuntamiento\\\/el-cementerio-actualiza-las-tasas-por-servicios-y-concesiones-asumiendo-aun-asi-el-ayuntamiento-gran-parte-del-coste-real\\\/\",\"url\":\"https:\\\/\\\/www.caudete.org\\\/ayuntamiento\\\/el-cementerio-actualiza-las-tasas-por-servicios-y-concesiones-asumiendo-aun-asi-el-ayuntamiento-gran-parte-del-coste-real\\\/\",\"name\":\"El Cementerio actualiza las tasas por servicios y concesiones, asumiendo a\u00fan as\u00ed el Ayuntamiento gran parte del coste real - MI Ayuntamiento de Caudete\",\"isPartOf\":{\"@id\":\"https:\\\/\\\/www.caudete.org\\\/ayuntamiento\\\/#website\"},\"primaryImageOfPage\":{\"@id\":\"https:\\\/\\\/www.caudete.org\\\/ayuntamiento\\\/el-cementerio-actualiza-las-tasas-por-servicios-y-concesiones-asumiendo-aun-asi-el-ayuntamiento-gran-parte-del-coste-real\\\/#primaryimage\"},\"image\":{\"@id\":\"https:\\\/\\\/www.caudete.org\\\/ayuntamiento\\\/el-cementerio-actualiza-las-tasas-por-servicios-y-concesiones-asumiendo-aun-asi-el-ayuntamiento-gran-parte-del-coste-real\\\/#primaryimage\"},\"thumbnailUrl\":\"https:\\\/\\\/www.caudete.org\\\/ayuntamiento\\\/wp-content\\\/uploads\\\/2021\\\/01\\\/cementerio_trasera_caudete.jpg\",\"datePublished\":\"2025-04-22T07:00:15+00:00\",\"description\":\"P\u00e1gina Oficial del Ayuntamiento de Caudete (Albacete)\",\"breadcrumb\":{\"@id\":\"https:\\\/\\\/www.caudete.org\\\/ayuntamiento\\\/el-cementerio-actualiza-las-tasas-por-servicios-y-concesiones-asumiendo-aun-asi-el-ayuntamiento-gran-parte-del-coste-real\\\/#breadcrumb\"},\"inLanguage\":\"es\",\"potentialAction\":[{\"@type\":\"ReadAction\",\"target\":[\"https:\\\/\\\/www.caudete.org\\\/ayuntamiento\\\/el-cementerio-actualiza-las-tasas-por-servicios-y-concesiones-asumiendo-aun-asi-el-ayuntamiento-gran-parte-del-coste-real\\\/\"]}]},{\"@type\":\"ImageObject\",\"inLanguage\":\"es\",\"@id\":\"https:\\\/\\\/www.caudete.org\\\/ayuntamiento\\\/el-cementerio-actualiza-las-tasas-por-servicios-y-concesiones-asumiendo-aun-asi-el-ayuntamiento-gran-parte-del-coste-real\\\/#primaryimage\",\"url\":\"https:\\\/\\\/www.caudete.org\\\/ayuntamiento\\\/wp-content\\\/uploads\\\/2021\\\/01\\\/cementerio_trasera_caudete.jpg\",\"contentUrl\":\"https:\\\/\\\/www.caudete.org\\\/ayuntamiento\\\/wp-content\\\/uploads\\\/2021\\\/01\\\/cementerio_trasera_caudete.jpg\",\"width\":800,\"height\":533},{\"@type\":\"BreadcrumbList\",\"@id\":\"https:\\\/\\\/www.caudete.org\\\/ayuntamiento\\\/el-cementerio-actualiza-las-tasas-por-servicios-y-concesiones-asumiendo-aun-asi-el-ayuntamiento-gran-parte-del-coste-real\\\/#breadcrumb\",\"itemListElement\":[{\"@type\":\"ListItem\",\"position\":1,\"name\":\"Inicio\",\"item\":\"https:\\\/\\\/www.caudete.org\\\/ayuntamiento\\\/\"},{\"@type\":\"ListItem\",\"position\":2,\"name\":\"El Cementerio actualiza las tasas por servicios y concesiones, asumiendo a\u00fan as\u00ed el Ayuntamiento gran parte del coste real\"}]},{\"@type\":\"WebSite\",\"@id\":\"https:\\\/\\\/www.caudete.org\\\/ayuntamiento\\\/#website\",\"url\":\"https:\\\/\\\/www.caudete.org\\\/ayuntamiento\\\/\",\"name\":\"MI Ayuntamiento de Caudete\",\"description\":\"P\u00e1gina Oficial del MI Ayuntamiento de Caudete\",\"publisher\":{\"@id\":\"https:\\\/\\\/www.caudete.org\\\/ayuntamiento\\\/#organization\"},\"potentialAction\":[{\"@type\":\"SearchAction\",\"target\":{\"@type\":\"EntryPoint\",\"urlTemplate\":\"https:\\\/\\\/www.caudete.org\\\/ayuntamiento\\\/?s={search_term_string}\"},\"query-input\":{\"@type\":\"PropertyValueSpecification\",\"valueRequired\":true,\"valueName\":\"search_term_string\"}}],\"inLanguage\":\"es\"},{\"@type\":\"Organization\",\"@id\":\"https:\\\/\\\/www.caudete.org\\\/ayuntamiento\\\/#organization\",\"name\":\"Ayuntamiento de Caudete\",\"url\":\"https:\\\/\\\/www.caudete.org\\\/ayuntamiento\\\/\",\"logo\":{\"@type\":\"ImageObject\",\"inLanguage\":\"es\",\"@id\":\"https:\\\/\\\/www.caudete.org\\\/ayuntamiento\\\/#\\\/schema\\\/logo\\\/image\\\/\",\"url\":\"https:\\\/\\\/www.caudete.org\\\/ayuntamiento\\\/wp-content\\\/uploads\\\/2020\\\/11\\\/logo_ayuntamiento_caudete.jpg\",\"contentUrl\":\"https:\\\/\\\/www.caudete.org\\\/ayuntamiento\\\/wp-content\\\/uploads\\\/2020\\\/11\\\/logo_ayuntamiento_caudete.jpg\",\"width\":600,\"height\":150,\"caption\":\"Ayuntamiento de Caudete\"},\"image\":{\"@id\":\"https:\\\/\\\/www.caudete.org\\\/ayuntamiento\\\/#\\\/schema\\\/logo\\\/image\\\/\"},\"sameAs\":[\"https:\\\/\\\/www.facebook.com\\\/ayuntamientocaudete\\\/\",\"https:\\\/\\\/www.youtube.com\\\/channel\\\/UC6VztHaooNsGpw-tNoBEFnQ\"]},{\"@type\":\"Person\",\"@id\":\"https:\\\/\\\/www.caudete.org\\\/ayuntamiento\\\/#\\\/schema\\\/person\\\/cc646da9133078ee4d8dd47457947253\",\"name\":\"alcalde\",\"image\":{\"@type\":\"ImageObject\",\"inLanguage\":\"es\",\"@id\":\"https:\\\/\\\/secure.gravatar.com\\\/avatar\\\/84a817ba065b29ff08d666b215a215f5c79186a645ccb25b14a663d48a130f77?s=96&d=mm&r=g\",\"url\":\"https:\\\/\\\/secure.gravatar.com\\\/avatar\\\/84a817ba065b29ff08d666b215a215f5c79186a645ccb25b14a663d48a130f77?s=96&d=mm&r=g\",\"contentUrl\":\"https:\\\/\\\/secure.gravatar.com\\\/avatar\\\/84a817ba065b29ff08d666b215a215f5c79186a645ccb25b14a663d48a130f77?s=96&d=mm&r=g\",\"caption\":\"alcalde\"},\"url\":\"https:\\\/\\\/www.caudete.org\\\/ayuntamiento\\\/author\\\/alcalde\\\/\"}]}<\/script>\n<!-- \/ Yoast SEO plugin. -->","yoast_head_json":{"title":"El Cementerio actualiza las tasas por servicios y concesiones, asumiendo a\u00fan as\u00ed el Ayuntamiento gran parte del coste real - MI Ayuntamiento de Caudete","description":"P\u00e1gina Oficial del Ayuntamiento de Caudete (Albacete)","robots":{"index":"index","follow":"follow","max-snippet":"max-snippet:-1","max-image-preview":"max-image-preview:large","max-video-preview":"max-video-preview:-1"},"canonical":"https:\/\/www.caudete.org\/ayuntamiento\/el-cementerio-actualiza-las-tasas-por-servicios-y-concesiones-asumiendo-aun-asi-el-ayuntamiento-gran-parte-del-coste-real\/","og_locale":"es_ES","og_type":"article","og_title":"El Cementerio actualiza las tasas por servicios y concesiones, asumiendo a\u00fan as\u00ed el Ayuntamiento gran parte del coste real - MI Ayuntamiento de Caudete","og_description":"P\u00e1gina Oficial del Ayuntamiento de Caudete (Albacete)","og_url":"https:\/\/www.caudete.org\/ayuntamiento\/el-cementerio-actualiza-las-tasas-por-servicios-y-concesiones-asumiendo-aun-asi-el-ayuntamiento-gran-parte-del-coste-real\/","og_site_name":"MI Ayuntamiento de Caudete","article_publisher":"https:\/\/www.facebook.com\/ayuntamientocaudete\/","article_published_time":"2025-04-22T07:00:15+00:00","og_image":[{"width":800,"height":533,"url":"https:\/\/www.caudete.org\/ayuntamiento\/wp-content\/uploads\/2021\/01\/cementerio_trasera_caudete.jpg","type":"image\/jpeg"}],"author":"alcalde","twitter_card":"summary_large_image","twitter_misc":{"Escrito por":"alcalde","Tiempo de lectura":"2 minutos"},"schema":{"@context":"https:\/\/schema.org","@graph":[{"@type":"Article","@id":"https:\/\/www.caudete.org\/ayuntamiento\/el-cementerio-actualiza-las-tasas-por-servicios-y-concesiones-asumiendo-aun-asi-el-ayuntamiento-gran-parte-del-coste-real\/#article","isPartOf":{"@id":"https:\/\/www.caudete.org\/ayuntamiento\/el-cementerio-actualiza-las-tasas-por-servicios-y-concesiones-asumiendo-aun-asi-el-ayuntamiento-gran-parte-del-coste-real\/"},"author":{"name":"alcalde","@id":"https:\/\/www.caudete.org\/ayuntamiento\/#\/schema\/person\/cc646da9133078ee4d8dd47457947253"},"headline":"El Cementerio actualiza las tasas por servicios y concesiones, asumiendo a\u00fan as\u00ed el Ayuntamiento gran parte del coste real","datePublished":"2025-04-22T07:00:15+00:00","mainEntityOfPage":{"@id":"https:\/\/www.caudete.org\/ayuntamiento\/el-cementerio-actualiza-las-tasas-por-servicios-y-concesiones-asumiendo-aun-asi-el-ayuntamiento-gran-parte-del-coste-real\/"},"wordCount":288,"publisher":{"@id":"https:\/\/www.caudete.org\/ayuntamiento\/#organization"},"image":{"@id":"https:\/\/www.caudete.org\/ayuntamiento\/el-cementerio-actualiza-las-tasas-por-servicios-y-concesiones-asumiendo-aun-asi-el-ayuntamiento-gran-parte-del-coste-real\/#primaryimage"},"thumbnailUrl":"https:\/\/www.caudete.org\/ayuntamiento\/wp-content\/uploads\/2021\/01\/cementerio_trasera_caudete.jpg","articleSection":["Cementerio"],"inLanguage":"es"},{"@type":"WebPage","@id":"https:\/\/www.caudete.org\/ayuntamiento\/el-cementerio-actualiza-las-tasas-por-servicios-y-concesiones-asumiendo-aun-asi-el-ayuntamiento-gran-parte-del-coste-real\/","url":"https:\/\/www.caudete.org\/ayuntamiento\/el-cementerio-actualiza-las-tasas-por-servicios-y-concesiones-asumiendo-aun-asi-el-ayuntamiento-gran-parte-del-coste-real\/","name":"El Cementerio actualiza las tasas por servicios y concesiones, asumiendo a\u00fan as\u00ed el Ayuntamiento gran parte del coste real - MI Ayuntamiento de Caudete","isPartOf":{"@id":"https:\/\/www.caudete.org\/ayuntamiento\/#website"},"primaryImageOfPage":{"@id":"https:\/\/www.caudete.org\/ayuntamiento\/el-cementerio-actualiza-las-tasas-por-servicios-y-concesiones-asumiendo-aun-asi-el-ayuntamiento-gran-parte-del-coste-real\/#primaryimage"},"image":{"@id":"https:\/\/www.caudete.org\/ayuntamiento\/el-cementerio-actualiza-las-tasas-por-servicios-y-concesiones-asumiendo-aun-asi-el-ayuntamiento-gran-parte-del-coste-real\/#primaryimage"},"thumbnailUrl":"https:\/\/www.caudete.org\/ayuntamiento\/wp-content\/uploads\/2021\/01\/cementerio_trasera_caudete.jpg","datePublished":"2025-04-22T07:00:15+00:00","description":"P\u00e1gina Oficial del Ayuntamiento de Caudete (Albacete)","breadcrumb":{"@id":"https:\/\/www.caudete.org\/ayuntamiento\/el-cementerio-actualiza-las-tasas-por-servicios-y-concesiones-asumiendo-aun-asi-el-ayuntamiento-gran-parte-del-coste-real\/#breadcrumb"},"inLanguage":"es","potentialAction":[{"@type":"ReadAction","target":["https:\/\/www.caudete.org\/ayuntamiento\/el-cementerio-actualiza-las-tasas-por-servicios-y-concesiones-asumiendo-aun-asi-el-ayuntamiento-gran-parte-del-coste-real\/"]}]},{"@type":"ImageObject","inLanguage":"es","@id":"https:\/\/www.caudete.org\/ayuntamiento\/el-cementerio-actualiza-las-tasas-por-servicios-y-concesiones-asumiendo-aun-asi-el-ayuntamiento-gran-parte-del-coste-real\/#primaryimage","url":"https:\/\/www.caudete.org\/ayuntamiento\/wp-content\/uploads\/2021\/01\/cementerio_trasera_caudete.jpg","contentUrl":"https:\/\/www.caudete.org\/ayuntamiento\/wp-content\/uploads\/2021\/01\/cementerio_trasera_caudete.jpg","width":800,"height":533},{"@type":"BreadcrumbList","@id":"https:\/\/www.caudete.org\/ayuntamiento\/el-cementerio-actualiza-las-tasas-por-servicios-y-concesiones-asumiendo-aun-asi-el-ayuntamiento-gran-parte-del-coste-real\/#breadcrumb","itemListElement":[{"@type":"ListItem","position":1,"name":"Inicio","item":"https:\/\/www.caudete.org\/ayuntamiento\/"},{"@type":"ListItem","position":2,"name":"El Cementerio actualiza las tasas por servicios y concesiones, asumiendo a\u00fan as\u00ed el Ayuntamiento gran parte del coste real"}]},{"@type":"WebSite","@id":"https:\/\/www.caudete.org\/ayuntamiento\/#website","url":"https:\/\/www.caudete.org\/ayuntamiento\/","name":"MI Ayuntamiento de Caudete","description":"P\u00e1gina Oficial del MI Ayuntamiento de Caudete","publisher":{"@id":"https:\/\/www.caudete.org\/ayuntamiento\/#organization"},"potentialAction":[{"@type":"SearchAction","target":{"@type":"EntryPoint","urlTemplate":"https:\/\/www.caudete.org\/ayuntamiento\/?s={search_term_string}"},"query-input":{"@type":"PropertyValueSpecification","valueRequired":true,"valueName":"search_term_string"}}],"inLanguage":"es"},{"@type":"Organization","@id":"https:\/\/www.caudete.org\/ayuntamiento\/#organization","name":"Ayuntamiento de Caudete","url":"https:\/\/www.caudete.org\/ayuntamiento\/","logo":{"@type":"ImageObject","inLanguage":"es","@id":"https:\/\/www.caudete.org\/ayuntamiento\/#\/schema\/logo\/image\/","url":"https:\/\/www.caudete.org\/ayuntamiento\/wp-content\/uploads\/2020\/11\/logo_ayuntamiento_caudete.jpg","contentUrl":"https:\/\/www.caudete.org\/ayuntamiento\/wp-content\/uploads\/2020\/11\/logo_ayuntamiento_caudete.jpg","width":600,"height":150,"caption":"Ayuntamiento de Caudete"},"image":{"@id":"https:\/\/www.caudete.org\/ayuntamiento\/#\/schema\/logo\/image\/"},"sameAs":["https:\/\/www.facebook.com\/ayuntamientocaudete\/","https:\/\/www.youtube.com\/channel\/UC6VztHaooNsGpw-tNoBEFnQ"]},{"@type":"Person","@id":"https:\/\/www.caudete.org\/ayuntamiento\/#\/schema\/person\/cc646da9133078ee4d8dd47457947253","name":"alcalde","image":{"@type":"ImageObject","inLanguage":"es","@id":"https:\/\/secure.gravatar.com\/avatar\/84a817ba065b29ff08d666b215a215f5c79186a645ccb25b14a663d48a130f77?s=96&d=mm&r=g","url":"https:\/\/secure.gravatar.com\/avatar\/84a817ba065b29ff08d666b215a215f5c79186a645ccb25b14a663d48a130f77?s=96&d=mm&r=g","contentUrl":"https:\/\/secure.gravatar.com\/avatar\/84a817ba065b29ff08d666b215a215f5c79186a645ccb25b14a663d48a130f77?s=96&d=mm&r=g","caption":"alcalde"},"url":"https:\/\/www.caudete.org\/ayuntamiento\/author\/alcalde\/"}]}},"_links":{"self":[{"href":"https:\/\/www.caudete.org\/ayuntamiento\/wp-json\/wp\/v2\/posts\/28332","targetHints":{"allow":["GET"]}}],"collection":[{"href":"https:\/\/www.caudete.org\/ayuntamiento\/wp-json\/wp\/v2\/posts"}],"about":[{"href":"https:\/\/www.caudete.org\/ayuntamiento\/wp-json\/wp\/v2\/types\/post"}],"author":[{"embeddable":true,"href":"https:\/\/www.caudete.org\/ayuntamiento\/wp-json\/wp\/v2\/users\/3"}],"replies":[{"embeddable":true,"href":"https:\/\/www.caudete.org\/ayuntamiento\/wp-json\/wp\/v2\/comments?post=28332"}],"version-history":[{"count":1,"href":"https:\/\/www.caudete.org\/ayuntamiento\/wp-json\/wp\/v2\/posts\/28332\/revisions"}],"predecessor-version":[{"id":28333,"href":"https:\/\/www.caudete.org\/ayuntamiento\/wp-json\/wp\/v2\/posts\/28332\/revisions\/28333"}],"wp:featuredmedia":[{"embeddable":true,"href":"https:\/\/www.caudete.org\/ayuntamiento\/wp-json\/wp\/v2\/media\/11818"}],"wp:attachment":[{"href":"https:\/\/www.caudete.org\/ayuntamiento\/wp-json\/wp\/v2\/media?parent=28332"}],"wp:term":[{"taxonomy":"category","embeddable":true,"href":"https:\/\/www.caudete.org\/ayuntamiento\/wp-json\/wp\/v2\/categories?post=28332"},{"taxonomy":"post_tag","embeddable":true,"href":"https:\/\/www.caudete.org\/ayuntamiento\/wp-json\/wp\/v2\/tags?post=28332"}],"curies":[{"name":"wp","href":"https:\/\/api.w.org\/{rel}","templated":true}]}}