{"id":28341,"date":"2025-04-23T09:57:32","date_gmt":"2025-04-23T07:57:32","guid":{"rendered":"https:\/\/www.caudete.org\/ayuntamiento\/?p=28341"},"modified":"2025-04-23T10:00:42","modified_gmt":"2025-04-23T08:00:42","slug":"el-jugador-caudetano-adrian-cantos-se-proclama-subcampeon-en-el-prestigioso-warriors-tour-de-villena","status":"publish","type":"post","link":"https:\/\/www.caudete.org\/ayuntamiento\/el-jugador-caudetano-adrian-cantos-se-proclama-subcampeon-en-el-prestigioso-warriors-tour-de-villena\/","title":{"rendered":"El jugador caudetano Adri\u00e1n Cantos, se proclama subcampe\u00f3n en el prestigioso &#8220;Warriors Tour&#8221; de Villena"},"content":{"rendered":"<p>El joven tenista Adri\u00e1n Cantos, perteneciente a las <strong>Escuelas Deportivas de Tenis de Caudete<\/strong>, ha logrado un meritorio subcampeonato en la categor\u00eda infantil del &#8220;Warriors Tour&#8221;, un destacado torneo celebrado la semana pasada en las instalaciones de la &#8220;Juan Carlos Ferrero Tennis Academy&#8221; en Villena. La competici\u00f3n congreg\u00f3 a m\u00e1s de 500 jugadores de todas las categor\u00edas, procedentes de diversos puntos de la geograf\u00eda nacional.<\/p>\n<p>Este logro adquiere una relevancia a\u00fan mayor si se tiene en cuenta que este ha sido el primer torneo en el que Adri\u00e1n ha participado tras superar una importante lesi\u00f3n de cadera que lo mantuvo alejado de las pistas durante m\u00e1s de dos meses. Su regreso a la competici\u00f3n con este excelente resultado subraya su talento, perseverancia y la calidad de la formaci\u00f3n que recibe en las <strong>Escuelas Deportivas de Tenis de Caudete<\/strong>.<\/p>\n<p>La concejal de deportes, <strong>Pilar Egea<\/strong>, ha mostrado su satisfacci\u00f3n por el \u00e9xito de Adri\u00e1n, destacando &#8220;el gran trabajo que se realiza en las Escuelas Deportivas Municipales, fomentando el deporte base y cosechando importantes logros como este subcampeonato. Es un orgullo para Caudete contar con deportistas de la talla de Adri\u00e1n&#8221;.<\/p>\n<p>Este subcampeonato en el &#8220;Warriors Tour&#8221; de Villena supone un importante impulso en la trayectoria deportiva de Adri\u00e1n Cantos y un motivo de celebraci\u00f3n para las <strong>Escuelas Deportivas de Tenis de Caudete<\/strong> y toda la comunidad local.<\/p>\n<p><a href=\"https:\/\/www.caudete.org\/ayuntamiento\/wp-content\/uploads\/2025\/04\/Foto-Adrian-warriors.jpg\" rel='prettyPhoto'><img fetchpriority=\"high\" decoding=\"async\" class=\"alignnone size-full wp-image-28342\" src=\"https:\/\/www.caudete.org\/ayuntamiento\/wp-content\/uploads\/2025\/04\/Foto-Adrian-warriors.jpg\" alt=\"\" width=\"549\" height=\"1000\" srcset=\"https:\/\/www.caudete.org\/ayuntamiento\/wp-content\/uploads\/2025\/04\/Foto-Adrian-warriors.jpg 549w, https:\/\/www.caudete.org\/ayuntamiento\/wp-content\/uploads\/2025\/04\/Foto-Adrian-warriors-220x400.jpg 220w, https:\/\/www.caudete.org\/ayuntamiento\/wp-content\/uploads\/2025\/04\/Foto-Adrian-warriors-439x800.jpg 439w\" sizes=\"(max-width: 549px) 100vw, 549px\" \/><\/a><\/p>\n","protected":false},"excerpt":{"rendered":"<p>El joven tenista Adri\u00e1n Cantos, perteneciente a las Escuelas Deportivas de Tenis de Caudete, ha logrado un meritorio subcampeonato en la categor\u00eda infantil del &#8220;Warriors Tour&#8221;, un destacado torneo celebrado la semana pasada en las instalaciones de la &#8220;Juan Carlos Ferrero Tennis Academy&#8221; en Villena. La competici\u00f3n congreg\u00f3 a m\u00e1s de 500 jugadores de todas &hellip;<\/p>\n","protected":false},"author":5,"featured_media":28343,"comment_status":"closed","ping_status":"open","sticky":false,"template":"","format":"standard","meta":{"ngg_post_thumbnail":0,"footnotes":""},"categories":[23],"tags":[],"class_list":["post-28341","post","type-post","status-publish","format-standard","has-post-thumbnail","hentry","category-deportes"],"yoast_head":"<!-- This site is optimized with the Yoast SEO plugin v27.5 - https:\/\/yoast.com\/product\/yoast-seo-wordpress\/ -->\n<title>El jugador caudetano Adri\u00e1n Cantos, se proclama subcampe\u00f3n en el prestigioso &quot;Warriors Tour&quot; de Villena - MI Ayuntamiento de Caudete<\/title>\n<meta name=\"description\" content=\"P\u00e1gina Oficial del Ayuntamiento de Caudete (Albacete)\" \/>\n<meta name=\"robots\" content=\"index, follow, max-snippet:-1, max-image-preview:large, max-video-preview:-1\" \/>\n<link rel=\"canonical\" href=\"https:\/\/www.caudete.org\/ayuntamiento\/el-jugador-caudetano-adrian-cantos-se-proclama-subcampeon-en-el-prestigioso-warriors-tour-de-villena\/\" \/>\n<meta property=\"og:locale\" content=\"es_ES\" \/>\n<meta property=\"og:type\" content=\"article\" \/>\n<meta property=\"og:title\" content=\"El jugador caudetano Adri\u00e1n Cantos, se proclama subcampe\u00f3n en el prestigioso &quot;Warriors Tour&quot; de Villena - MI Ayuntamiento de Caudete\" \/>\n<meta property=\"og:description\" content=\"P\u00e1gina Oficial del Ayuntamiento de Caudete (Albacete)\" \/>\n<meta property=\"og:url\" content=\"https:\/\/www.caudete.org\/ayuntamiento\/el-jugador-caudetano-adrian-cantos-se-proclama-subcampeon-en-el-prestigioso-warriors-tour-de-villena\/\" \/>\n<meta property=\"og:site_name\" content=\"MI Ayuntamiento de Caudete\" \/>\n<meta property=\"article:publisher\" content=\"https:\/\/www.facebook.com\/ayuntamientocaudete\/\" \/>\n<meta property=\"article:published_time\" content=\"2025-04-23T07:57:32+00:00\" \/>\n<meta property=\"article:modified_time\" content=\"2025-04-23T08:00:42+00:00\" \/>\n<meta property=\"og:image\" content=\"https:\/\/www.caudete.org\/ayuntamiento\/wp-content\/uploads\/2025\/04\/Foto-Adrian-warriors-port.jpg\" \/>\n\t<meta property=\"og:image:width\" content=\"900\" \/>\n\t<meta property=\"og:image:height\" content=\"514\" \/>\n\t<meta property=\"og:image:type\" content=\"image\/jpeg\" \/>\n<meta name=\"author\" content=\"Dpto Informatica MI Ayuntamiento de Caudete\" \/>\n<meta name=\"twitter:card\" content=\"summary_large_image\" \/>\n<meta name=\"twitter:label1\" content=\"Escrito por\" \/>\n\t<meta name=\"twitter:data1\" content=\"Dpto Informatica MI Ayuntamiento de Caudete\" \/>\n\t<meta name=\"twitter:label2\" content=\"Tiempo de lectura\" \/>\n\t<meta name=\"twitter:data2\" content=\"2 minutos\" \/>\n<script type=\"application\/ld+json\" class=\"yoast-schema-graph\">{\"@context\":\"https:\\\/\\\/schema.org\",\"@graph\":[{\"@type\":\"Article\",\"@id\":\"https:\\\/\\\/www.caudete.org\\\/ayuntamiento\\\/el-jugador-caudetano-adrian-cantos-se-proclama-subcampeon-en-el-prestigioso-warriors-tour-de-villena\\\/#article\",\"isPartOf\":{\"@id\":\"https:\\\/\\\/www.caudete.org\\\/ayuntamiento\\\/el-jugador-caudetano-adrian-cantos-se-proclama-subcampeon-en-el-prestigioso-warriors-tour-de-villena\\\/\"},\"author\":{\"name\":\"Dpto Informatica MI Ayuntamiento de Caudete\",\"@id\":\"https:\\\/\\\/www.caudete.org\\\/ayuntamiento\\\/#\\\/schema\\\/person\\\/4b9eab41761957db9b1bf9c418d1ef46\"},\"headline\":\"El jugador caudetano Adri\u00e1n Cantos, se proclama subcampe\u00f3n en el prestigioso &#8220;Warriors Tour&#8221; de Villena\",\"datePublished\":\"2025-04-23T07:57:32+00:00\",\"dateModified\":\"2025-04-23T08:00:42+00:00\",\"mainEntityOfPage\":{\"@id\":\"https:\\\/\\\/www.caudete.org\\\/ayuntamiento\\\/el-jugador-caudetano-adrian-cantos-se-proclama-subcampeon-en-el-prestigioso-warriors-tour-de-villena\\\/\"},\"wordCount\":259,\"image\":{\"@id\":\"https:\\\/\\\/www.caudete.org\\\/ayuntamiento\\\/el-jugador-caudetano-adrian-cantos-se-proclama-subcampeon-en-el-prestigioso-warriors-tour-de-villena\\\/#primaryimage\"},\"thumbnailUrl\":\"https:\\\/\\\/www.caudete.org\\\/ayuntamiento\\\/wp-content\\\/uploads\\\/2025\\\/04\\\/Foto-Adrian-warriors-port.jpg\",\"articleSection\":[\"Deportes\"],\"inLanguage\":\"es\"},{\"@type\":\"WebPage\",\"@id\":\"https:\\\/\\\/www.caudete.org\\\/ayuntamiento\\\/el-jugador-caudetano-adrian-cantos-se-proclama-subcampeon-en-el-prestigioso-warriors-tour-de-villena\\\/\",\"url\":\"https:\\\/\\\/www.caudete.org\\\/ayuntamiento\\\/el-jugador-caudetano-adrian-cantos-se-proclama-subcampeon-en-el-prestigioso-warriors-tour-de-villena\\\/\",\"name\":\"El jugador caudetano Adri\u00e1n Cantos, se proclama subcampe\u00f3n en el prestigioso \\\"Warriors Tour\\\" de Villena - MI Ayuntamiento de Caudete\",\"isPartOf\":{\"@id\":\"https:\\\/\\\/www.caudete.org\\\/ayuntamiento\\\/#website\"},\"primaryImageOfPage\":{\"@id\":\"https:\\\/\\\/www.caudete.org\\\/ayuntamiento\\\/el-jugador-caudetano-adrian-cantos-se-proclama-subcampeon-en-el-prestigioso-warriors-tour-de-villena\\\/#primaryimage\"},\"image\":{\"@id\":\"https:\\\/\\\/www.caudete.org\\\/ayuntamiento\\\/el-jugador-caudetano-adrian-cantos-se-proclama-subcampeon-en-el-prestigioso-warriors-tour-de-villena\\\/#primaryimage\"},\"thumbnailUrl\":\"https:\\\/\\\/www.caudete.org\\\/ayuntamiento\\\/wp-content\\\/uploads\\\/2025\\\/04\\\/Foto-Adrian-warriors-port.jpg\",\"datePublished\":\"2025-04-23T07:57:32+00:00\",\"dateModified\":\"2025-04-23T08:00:42+00:00\",\"author\":{\"@id\":\"https:\\\/\\\/www.caudete.org\\\/ayuntamiento\\\/#\\\/schema\\\/person\\\/4b9eab41761957db9b1bf9c418d1ef46\"},\"description\":\"P\u00e1gina Oficial del Ayuntamiento de Caudete (Albacete)\",\"breadcrumb\":{\"@id\":\"https:\\\/\\\/www.caudete.org\\\/ayuntamiento\\\/el-jugador-caudetano-adrian-cantos-se-proclama-subcampeon-en-el-prestigioso-warriors-tour-de-villena\\\/#breadcrumb\"},\"inLanguage\":\"es\",\"potentialAction\":[{\"@type\":\"ReadAction\",\"target\":[\"https:\\\/\\\/www.caudete.org\\\/ayuntamiento\\\/el-jugador-caudetano-adrian-cantos-se-proclama-subcampeon-en-el-prestigioso-warriors-tour-de-villena\\\/\"]}]},{\"@type\":\"ImageObject\",\"inLanguage\":\"es\",\"@id\":\"https:\\\/\\\/www.caudete.org\\\/ayuntamiento\\\/el-jugador-caudetano-adrian-cantos-se-proclama-subcampeon-en-el-prestigioso-warriors-tour-de-villena\\\/#primaryimage\",\"url\":\"https:\\\/\\\/www.caudete.org\\\/ayuntamiento\\\/wp-content\\\/uploads\\\/2025\\\/04\\\/Foto-Adrian-warriors-port.jpg\",\"contentUrl\":\"https:\\\/\\\/www.caudete.org\\\/ayuntamiento\\\/wp-content\\\/uploads\\\/2025\\\/04\\\/Foto-Adrian-warriors-port.jpg\",\"width\":900,\"height\":514},{\"@type\":\"BreadcrumbList\",\"@id\":\"https:\\\/\\\/www.caudete.org\\\/ayuntamiento\\\/el-jugador-caudetano-adrian-cantos-se-proclama-subcampeon-en-el-prestigioso-warriors-tour-de-villena\\\/#breadcrumb\",\"itemListElement\":[{\"@type\":\"ListItem\",\"position\":1,\"name\":\"Inicio\",\"item\":\"https:\\\/\\\/www.caudete.org\\\/ayuntamiento\\\/\"},{\"@type\":\"ListItem\",\"position\":2,\"name\":\"El jugador caudetano Adri\u00e1n Cantos, se proclama subcampe\u00f3n en el prestigioso &#8220;Warriors Tour&#8221; de Villena\"}]},{\"@type\":\"WebSite\",\"@id\":\"https:\\\/\\\/www.caudete.org\\\/ayuntamiento\\\/#website\",\"url\":\"https:\\\/\\\/www.caudete.org\\\/ayuntamiento\\\/\",\"name\":\"MI Ayuntamiento de Caudete\",\"description\":\"P\u00e1gina Oficial del MI Ayuntamiento de Caudete\",\"potentialAction\":[{\"@type\":\"SearchAction\",\"target\":{\"@type\":\"EntryPoint\",\"urlTemplate\":\"https:\\\/\\\/www.caudete.org\\\/ayuntamiento\\\/?s={search_term_string}\"},\"query-input\":{\"@type\":\"PropertyValueSpecification\",\"valueRequired\":true,\"valueName\":\"search_term_string\"}}],\"inLanguage\":\"es\"},{\"@type\":\"Person\",\"@id\":\"https:\\\/\\\/www.caudete.org\\\/ayuntamiento\\\/#\\\/schema\\\/person\\\/4b9eab41761957db9b1bf9c418d1ef46\",\"name\":\"Dpto Informatica MI Ayuntamiento de Caudete\",\"image\":{\"@type\":\"ImageObject\",\"inLanguage\":\"es\",\"@id\":\"https:\\\/\\\/secure.gravatar.com\\\/avatar\\\/ac0321ee4a0a83e82a253e7b2d348ef539e2c8fe16d06b600bde04de1b364fa7?s=96&d=mm&r=g\",\"url\":\"https:\\\/\\\/secure.gravatar.com\\\/avatar\\\/ac0321ee4a0a83e82a253e7b2d348ef539e2c8fe16d06b600bde04de1b364fa7?s=96&d=mm&r=g\",\"contentUrl\":\"https:\\\/\\\/secure.gravatar.com\\\/avatar\\\/ac0321ee4a0a83e82a253e7b2d348ef539e2c8fe16d06b600bde04de1b364fa7?s=96&d=mm&r=g\",\"caption\":\"Dpto Informatica MI Ayuntamiento de Caudete\"},\"url\":\"https:\\\/\\\/www.caudete.org\\\/ayuntamiento\\\/author\\\/informatica\\\/\"}]}<\/script>\n<!-- \/ Yoast SEO plugin. -->","yoast_head_json":{"title":"El jugador caudetano Adri\u00e1n Cantos, se proclama subcampe\u00f3n en el prestigioso \"Warriors Tour\" de Villena - MI Ayuntamiento de Caudete","description":"P\u00e1gina Oficial del Ayuntamiento de Caudete (Albacete)","robots":{"index":"index","follow":"follow","max-snippet":"max-snippet:-1","max-image-preview":"max-image-preview:large","max-video-preview":"max-video-preview:-1"},"canonical":"https:\/\/www.caudete.org\/ayuntamiento\/el-jugador-caudetano-adrian-cantos-se-proclama-subcampeon-en-el-prestigioso-warriors-tour-de-villena\/","og_locale":"es_ES","og_type":"article","og_title":"El jugador caudetano Adri\u00e1n Cantos, se proclama subcampe\u00f3n en el prestigioso \"Warriors Tour\" de Villena - MI Ayuntamiento de Caudete","og_description":"P\u00e1gina Oficial del Ayuntamiento de Caudete (Albacete)","og_url":"https:\/\/www.caudete.org\/ayuntamiento\/el-jugador-caudetano-adrian-cantos-se-proclama-subcampeon-en-el-prestigioso-warriors-tour-de-villena\/","og_site_name":"MI Ayuntamiento de Caudete","article_publisher":"https:\/\/www.facebook.com\/ayuntamientocaudete\/","article_published_time":"2025-04-23T07:57:32+00:00","article_modified_time":"2025-04-23T08:00:42+00:00","og_image":[{"width":900,"height":514,"url":"https:\/\/www.caudete.org\/ayuntamiento\/wp-content\/uploads\/2025\/04\/Foto-Adrian-warriors-port.jpg","type":"image\/jpeg"}],"author":"Dpto Informatica MI Ayuntamiento de Caudete","twitter_card":"summary_large_image","twitter_misc":{"Escrito por":"Dpto Informatica MI Ayuntamiento de Caudete","Tiempo de lectura":"2 minutos"},"schema":{"@context":"https:\/\/schema.org","@graph":[{"@type":"Article","@id":"https:\/\/www.caudete.org\/ayuntamiento\/el-jugador-caudetano-adrian-cantos-se-proclama-subcampeon-en-el-prestigioso-warriors-tour-de-villena\/#article","isPartOf":{"@id":"https:\/\/www.caudete.org\/ayuntamiento\/el-jugador-caudetano-adrian-cantos-se-proclama-subcampeon-en-el-prestigioso-warriors-tour-de-villena\/"},"author":{"name":"Dpto Informatica MI Ayuntamiento de Caudete","@id":"https:\/\/www.caudete.org\/ayuntamiento\/#\/schema\/person\/4b9eab41761957db9b1bf9c418d1ef46"},"headline":"El jugador caudetano Adri\u00e1n Cantos, se proclama subcampe\u00f3n en el prestigioso &#8220;Warriors Tour&#8221; de Villena","datePublished":"2025-04-23T07:57:32+00:00","dateModified":"2025-04-23T08:00:42+00:00","mainEntityOfPage":{"@id":"https:\/\/www.caudete.org\/ayuntamiento\/el-jugador-caudetano-adrian-cantos-se-proclama-subcampeon-en-el-prestigioso-warriors-tour-de-villena\/"},"wordCount":259,"image":{"@id":"https:\/\/www.caudete.org\/ayuntamiento\/el-jugador-caudetano-adrian-cantos-se-proclama-subcampeon-en-el-prestigioso-warriors-tour-de-villena\/#primaryimage"},"thumbnailUrl":"https:\/\/www.caudete.org\/ayuntamiento\/wp-content\/uploads\/2025\/04\/Foto-Adrian-warriors-port.jpg","articleSection":["Deportes"],"inLanguage":"es"},{"@type":"WebPage","@id":"https:\/\/www.caudete.org\/ayuntamiento\/el-jugador-caudetano-adrian-cantos-se-proclama-subcampeon-en-el-prestigioso-warriors-tour-de-villena\/","url":"https:\/\/www.caudete.org\/ayuntamiento\/el-jugador-caudetano-adrian-cantos-se-proclama-subcampeon-en-el-prestigioso-warriors-tour-de-villena\/","name":"El jugador caudetano Adri\u00e1n Cantos, se proclama subcampe\u00f3n en el prestigioso \"Warriors Tour\" de Villena - MI Ayuntamiento de Caudete","isPartOf":{"@id":"https:\/\/www.caudete.org\/ayuntamiento\/#website"},"primaryImageOfPage":{"@id":"https:\/\/www.caudete.org\/ayuntamiento\/el-jugador-caudetano-adrian-cantos-se-proclama-subcampeon-en-el-prestigioso-warriors-tour-de-villena\/#primaryimage"},"image":{"@id":"https:\/\/www.caudete.org\/ayuntamiento\/el-jugador-caudetano-adrian-cantos-se-proclama-subcampeon-en-el-prestigioso-warriors-tour-de-villena\/#primaryimage"},"thumbnailUrl":"https:\/\/www.caudete.org\/ayuntamiento\/wp-content\/uploads\/2025\/04\/Foto-Adrian-warriors-port.jpg","datePublished":"2025-04-23T07:57:32+00:00","dateModified":"2025-04-23T08:00:42+00:00","author":{"@id":"https:\/\/www.caudete.org\/ayuntamiento\/#\/schema\/person\/4b9eab41761957db9b1bf9c418d1ef46"},"description":"P\u00e1gina Oficial del Ayuntamiento de Caudete (Albacete)","breadcrumb":{"@id":"https:\/\/www.caudete.org\/ayuntamiento\/el-jugador-caudetano-adrian-cantos-se-proclama-subcampeon-en-el-prestigioso-warriors-tour-de-villena\/#breadcrumb"},"inLanguage":"es","potentialAction":[{"@type":"ReadAction","target":["https:\/\/www.caudete.org\/ayuntamiento\/el-jugador-caudetano-adrian-cantos-se-proclama-subcampeon-en-el-prestigioso-warriors-tour-de-villena\/"]}]},{"@type":"ImageObject","inLanguage":"es","@id":"https:\/\/www.caudete.org\/ayuntamiento\/el-jugador-caudetano-adrian-cantos-se-proclama-subcampeon-en-el-prestigioso-warriors-tour-de-villena\/#primaryimage","url":"https:\/\/www.caudete.org\/ayuntamiento\/wp-content\/uploads\/2025\/04\/Foto-Adrian-warriors-port.jpg","contentUrl":"https:\/\/www.caudete.org\/ayuntamiento\/wp-content\/uploads\/2025\/04\/Foto-Adrian-warriors-port.jpg","width":900,"height":514},{"@type":"BreadcrumbList","@id":"https:\/\/www.caudete.org\/ayuntamiento\/el-jugador-caudetano-adrian-cantos-se-proclama-subcampeon-en-el-prestigioso-warriors-tour-de-villena\/#breadcrumb","itemListElement":[{"@type":"ListItem","position":1,"name":"Inicio","item":"https:\/\/www.caudete.org\/ayuntamiento\/"},{"@type":"ListItem","position":2,"name":"El jugador caudetano Adri\u00e1n Cantos, se proclama subcampe\u00f3n en el prestigioso &#8220;Warriors Tour&#8221; de Villena"}]},{"@type":"WebSite","@id":"https:\/\/www.caudete.org\/ayuntamiento\/#website","url":"https:\/\/www.caudete.org\/ayuntamiento\/","name":"MI Ayuntamiento de Caudete","description":"P\u00e1gina Oficial del MI Ayuntamiento de Caudete","potentialAction":[{"@type":"SearchAction","target":{"@type":"EntryPoint","urlTemplate":"https:\/\/www.caudete.org\/ayuntamiento\/?s={search_term_string}"},"query-input":{"@type":"PropertyValueSpecification","valueRequired":true,"valueName":"search_term_string"}}],"inLanguage":"es"},{"@type":"Person","@id":"https:\/\/www.caudete.org\/ayuntamiento\/#\/schema\/person\/4b9eab41761957db9b1bf9c418d1ef46","name":"Dpto Informatica MI Ayuntamiento de Caudete","image":{"@type":"ImageObject","inLanguage":"es","@id":"https:\/\/secure.gravatar.com\/avatar\/ac0321ee4a0a83e82a253e7b2d348ef539e2c8fe16d06b600bde04de1b364fa7?s=96&d=mm&r=g","url":"https:\/\/secure.gravatar.com\/avatar\/ac0321ee4a0a83e82a253e7b2d348ef539e2c8fe16d06b600bde04de1b364fa7?s=96&d=mm&r=g","contentUrl":"https:\/\/secure.gravatar.com\/avatar\/ac0321ee4a0a83e82a253e7b2d348ef539e2c8fe16d06b600bde04de1b364fa7?s=96&d=mm&r=g","caption":"Dpto Informatica MI Ayuntamiento de Caudete"},"url":"https:\/\/www.caudete.org\/ayuntamiento\/author\/informatica\/"}]}},"_links":{"self":[{"href":"https:\/\/www.caudete.org\/ayuntamiento\/wp-json\/wp\/v2\/posts\/28341","targetHints":{"allow":["GET"]}}],"collection":[{"href":"https:\/\/www.caudete.org\/ayuntamiento\/wp-json\/wp\/v2\/posts"}],"about":[{"href":"https:\/\/www.caudete.org\/ayuntamiento\/wp-json\/wp\/v2\/types\/post"}],"author":[{"embeddable":true,"href":"https:\/\/www.caudete.org\/ayuntamiento\/wp-json\/wp\/v2\/users\/5"}],"replies":[{"embeddable":true,"href":"https:\/\/www.caudete.org\/ayuntamiento\/wp-json\/wp\/v2\/comments?post=28341"}],"version-history":[{"count":1,"href":"https:\/\/www.caudete.org\/ayuntamiento\/wp-json\/wp\/v2\/posts\/28341\/revisions"}],"predecessor-version":[{"id":28344,"href":"https:\/\/www.caudete.org\/ayuntamiento\/wp-json\/wp\/v2\/posts\/28341\/revisions\/28344"}],"wp:featuredmedia":[{"embeddable":true,"href":"https:\/\/www.caudete.org\/ayuntamiento\/wp-json\/wp\/v2\/media\/28343"}],"wp:attachment":[{"href":"https:\/\/www.caudete.org\/ayuntamiento\/wp-json\/wp\/v2\/media?parent=28341"}],"wp:term":[{"taxonomy":"category","embeddable":true,"href":"https:\/\/www.caudete.org\/ayuntamiento\/wp-json\/wp\/v2\/categories?post=28341"},{"taxonomy":"post_tag","embeddable":true,"href":"https:\/\/www.caudete.org\/ayuntamiento\/wp-json\/wp\/v2\/tags?post=28341"}],"curies":[{"name":"wp","href":"https:\/\/api.w.org\/{rel}","templated":true}]}}