{"id":28350,"date":"2025-04-23T16:00:34","date_gmt":"2025-04-23T14:00:34","guid":{"rendered":"https:\/\/www.caudete.org\/ayuntamiento\/?p=28350"},"modified":"2025-04-23T14:06:27","modified_gmt":"2025-04-23T12:06:27","slug":"la-biblioteca-publica-ana-maria-matute-celebra-el-dia-del-libro-con-un-maraton-literario-en-homenaje-a-la-escritora-que-da-nombre-al-centro","status":"publish","type":"post","link":"https:\/\/www.caudete.org\/ayuntamiento\/la-biblioteca-publica-ana-maria-matute-celebra-el-dia-del-libro-con-un-maraton-literario-en-homenaje-a-la-escritora-que-da-nombre-al-centro\/","title":{"rendered":"La Biblioteca P\u00fablica Ana Mar\u00eda Matute celebra el D\u00eda del Libro con un Marat\u00f3n Literario en homenaje a la escritora que da nombre al centro"},"content":{"rendered":"<p>La Concejal\u00eda de Cultura del M.I. Ayuntamiento de Caudete, a trav\u00e9s de la Biblioteca P\u00fablica Municipal Ana Mar\u00eda Matute, informa de la celebraci\u00f3n del tradicional <strong>Marat\u00f3n Literario<\/strong> con motivo del <strong>D\u00eda Mundial del Libro<\/strong>, que tendr\u00e1 lugar este <strong>jueves 24 de abril<\/strong> en las instalaciones de la biblioteca.<\/p>\n<p>En esta edici\u00f3n tan especial, el marat\u00f3n rinde homenaje al <strong>centenario del nacimiento de Ana Mar\u00eda Matute,<\/strong> una de las autoras m\u00e1s relevantes de la literatura espa\u00f1ola del siglo XX y figura que da nombre a nuestra biblioteca. La actividad, inicialmente prevista para hoy 23 de abril ha sido pospuesta en se\u00f1al de respeto por los d\u00edas de luto oficial tras el fallecimiento del Papa Francisco.<\/p>\n<p>A partir de las 10:00 horas de la ma\u00f1ana y lo largo de toda la jornada, se suceder\u00e1n lecturas continuadas de textos literarios, con especial atenci\u00f3n a la obra de Matute, y con la participaci\u00f3n de representantes institucionales, alumnado de los centros educativos de Caudete, miembros de los clubes de lectura y numerosos vecinos y vecinas de la localidad.<\/p>\n<p>Desde la Biblioteca P\u00fablica Ana Mar\u00eda Matute se anima a toda la ciudadan\u00eda a formar parte de esta<strong> fiesta de las palabras, los libros y la memoria literaria<\/strong>, que quiere ser, adem\u00e1s de un homenaje, una oportunidad para seguir promoviendo la lectura como herramienta de crecimiento personal y colectivo.<\/p>\n<p><a href=\"https:\/\/www.caudete.org\/ayuntamiento\/wp-content\/uploads\/2025\/04\/maratonliterario2025.jpg\" rel='prettyPhoto'><img fetchpriority=\"high\" decoding=\"async\" class=\"alignnone size-full wp-image-28352\" src=\"https:\/\/www.caudete.org\/ayuntamiento\/wp-content\/uploads\/2025\/04\/maratonliterario2025.jpg\" alt=\"\" width=\"1000\" height=\"707\" srcset=\"https:\/\/www.caudete.org\/ayuntamiento\/wp-content\/uploads\/2025\/04\/maratonliterario2025.jpg 1000w, https:\/\/www.caudete.org\/ayuntamiento\/wp-content\/uploads\/2025\/04\/maratonliterario2025-566x400.jpg 566w, https:\/\/www.caudete.org\/ayuntamiento\/wp-content\/uploads\/2025\/04\/maratonliterario2025-768x543.jpg 768w\" sizes=\"(max-width: 1000px) 100vw, 1000px\" \/><\/a><\/p>\n<p><a href=\"https:\/\/www.caudete.org\/ayuntamiento\/wp-content\/uploads\/2025\/04\/diadellibro2025.jpg\" rel='prettyPhoto'><img decoding=\"async\" class=\"alignnone size-full wp-image-28354\" src=\"https:\/\/www.caudete.org\/ayuntamiento\/wp-content\/uploads\/2025\/04\/diadellibro2025.jpg\" alt=\"\" width=\"666\" height=\"1000\" srcset=\"https:\/\/www.caudete.org\/ayuntamiento\/wp-content\/uploads\/2025\/04\/diadellibro2025.jpg 666w, https:\/\/www.caudete.org\/ayuntamiento\/wp-content\/uploads\/2025\/04\/diadellibro2025-266x400.jpg 266w, https:\/\/www.caudete.org\/ayuntamiento\/wp-content\/uploads\/2025\/04\/diadellibro2025-533x800.jpg 533w\" sizes=\"(max-width: 666px) 100vw, 666px\" \/><\/a><\/p>\n","protected":false},"excerpt":{"rendered":"<p>La Concejal\u00eda de Cultura del M.I. Ayuntamiento de Caudete, a trav\u00e9s de la Biblioteca P\u00fablica Municipal Ana Mar\u00eda Matute, informa de la celebraci\u00f3n del tradicional Marat\u00f3n Literario con motivo del D\u00eda Mundial del Libro, que tendr\u00e1 lugar este jueves 24 de abril en las instalaciones de la biblioteca. En esta edici\u00f3n tan especial, el marat\u00f3n &hellip;<\/p>\n","protected":false},"author":5,"featured_media":28356,"comment_status":"closed","ping_status":"open","sticky":false,"template":"","format":"standard","meta":{"ngg_post_thumbnail":0,"footnotes":""},"categories":[14],"tags":[],"class_list":["post-28350","post","type-post","status-publish","format-standard","has-post-thumbnail","hentry","category-cultura"],"yoast_head":"<!-- This site is optimized with the Yoast SEO plugin v27.5 - https:\/\/yoast.com\/product\/yoast-seo-wordpress\/ -->\n<title>La Biblioteca P\u00fablica Ana Mar\u00eda Matute celebra el D\u00eda del Libro con un Marat\u00f3n Literario en homenaje a la escritora que da nombre al centro - MI Ayuntamiento de Caudete<\/title>\n<meta name=\"description\" content=\"P\u00e1gina Oficial del Ayuntamiento de Caudete (Albacete)\" \/>\n<meta name=\"robots\" content=\"index, follow, max-snippet:-1, max-image-preview:large, max-video-preview:-1\" \/>\n<link rel=\"canonical\" href=\"https:\/\/www.caudete.org\/ayuntamiento\/la-biblioteca-publica-ana-maria-matute-celebra-el-dia-del-libro-con-un-maraton-literario-en-homenaje-a-la-escritora-que-da-nombre-al-centro\/\" \/>\n<meta property=\"og:locale\" content=\"es_ES\" \/>\n<meta property=\"og:type\" content=\"article\" \/>\n<meta property=\"og:title\" content=\"La Biblioteca P\u00fablica Ana Mar\u00eda Matute celebra el D\u00eda del Libro con un Marat\u00f3n Literario en homenaje a la escritora que da nombre al centro - MI Ayuntamiento de Caudete\" \/>\n<meta property=\"og:description\" content=\"P\u00e1gina Oficial del Ayuntamiento de Caudete (Albacete)\" \/>\n<meta property=\"og:url\" content=\"https:\/\/www.caudete.org\/ayuntamiento\/la-biblioteca-publica-ana-maria-matute-celebra-el-dia-del-libro-con-un-maraton-literario-en-homenaje-a-la-escritora-que-da-nombre-al-centro\/\" \/>\n<meta property=\"og:site_name\" content=\"MI Ayuntamiento de Caudete\" \/>\n<meta property=\"article:publisher\" content=\"https:\/\/www.facebook.com\/ayuntamientocaudete\/\" \/>\n<meta property=\"article:published_time\" content=\"2025-04-23T14:00:34+00:00\" \/>\n<meta property=\"og:image\" content=\"https:\/\/www.caudete.org\/ayuntamiento\/wp-content\/uploads\/2025\/04\/maratonliterario2025-port.jpg\" \/>\n\t<meta property=\"og:image:width\" content=\"751\" \/>\n\t<meta property=\"og:image:height\" content=\"371\" \/>\n\t<meta property=\"og:image:type\" content=\"image\/jpeg\" \/>\n<meta name=\"author\" content=\"Dpto Informatica MI Ayuntamiento de Caudete\" \/>\n<meta name=\"twitter:card\" content=\"summary_large_image\" \/>\n<meta name=\"twitter:label1\" content=\"Escrito por\" \/>\n\t<meta name=\"twitter:data1\" content=\"Dpto Informatica MI Ayuntamiento de Caudete\" \/>\n\t<meta name=\"twitter:label2\" content=\"Tiempo de lectura\" \/>\n\t<meta name=\"twitter:data2\" content=\"2 minutos\" \/>\n<script type=\"application\/ld+json\" class=\"yoast-schema-graph\">{\"@context\":\"https:\\\/\\\/schema.org\",\"@graph\":[{\"@type\":\"Article\",\"@id\":\"https:\\\/\\\/www.caudete.org\\\/ayuntamiento\\\/la-biblioteca-publica-ana-maria-matute-celebra-el-dia-del-libro-con-un-maraton-literario-en-homenaje-a-la-escritora-que-da-nombre-al-centro\\\/#article\",\"isPartOf\":{\"@id\":\"https:\\\/\\\/www.caudete.org\\\/ayuntamiento\\\/la-biblioteca-publica-ana-maria-matute-celebra-el-dia-del-libro-con-un-maraton-literario-en-homenaje-a-la-escritora-que-da-nombre-al-centro\\\/\"},\"author\":{\"name\":\"Dpto Informatica MI Ayuntamiento de Caudete\",\"@id\":\"https:\\\/\\\/www.caudete.org\\\/ayuntamiento\\\/#\\\/schema\\\/person\\\/4b9eab41761957db9b1bf9c418d1ef46\"},\"headline\":\"La Biblioteca P\u00fablica Ana Mar\u00eda Matute celebra el D\u00eda del Libro con un Marat\u00f3n Literario en homenaje a la escritora que da nombre al centro\",\"datePublished\":\"2025-04-23T14:00:34+00:00\",\"mainEntityOfPage\":{\"@id\":\"https:\\\/\\\/www.caudete.org\\\/ayuntamiento\\\/la-biblioteca-publica-ana-maria-matute-celebra-el-dia-del-libro-con-un-maraton-literario-en-homenaje-a-la-escritora-que-da-nombre-al-centro\\\/\"},\"wordCount\":271,\"image\":{\"@id\":\"https:\\\/\\\/www.caudete.org\\\/ayuntamiento\\\/la-biblioteca-publica-ana-maria-matute-celebra-el-dia-del-libro-con-un-maraton-literario-en-homenaje-a-la-escritora-que-da-nombre-al-centro\\\/#primaryimage\"},\"thumbnailUrl\":\"https:\\\/\\\/www.caudete.org\\\/ayuntamiento\\\/wp-content\\\/uploads\\\/2025\\\/04\\\/maratonliterario2025-port.jpg\",\"articleSection\":[\"Cultura\"],\"inLanguage\":\"es\"},{\"@type\":\"WebPage\",\"@id\":\"https:\\\/\\\/www.caudete.org\\\/ayuntamiento\\\/la-biblioteca-publica-ana-maria-matute-celebra-el-dia-del-libro-con-un-maraton-literario-en-homenaje-a-la-escritora-que-da-nombre-al-centro\\\/\",\"url\":\"https:\\\/\\\/www.caudete.org\\\/ayuntamiento\\\/la-biblioteca-publica-ana-maria-matute-celebra-el-dia-del-libro-con-un-maraton-literario-en-homenaje-a-la-escritora-que-da-nombre-al-centro\\\/\",\"name\":\"La Biblioteca P\u00fablica Ana Mar\u00eda Matute celebra el D\u00eda del Libro con un Marat\u00f3n Literario en homenaje a la escritora que da nombre al centro - MI Ayuntamiento de Caudete\",\"isPartOf\":{\"@id\":\"https:\\\/\\\/www.caudete.org\\\/ayuntamiento\\\/#website\"},\"primaryImageOfPage\":{\"@id\":\"https:\\\/\\\/www.caudete.org\\\/ayuntamiento\\\/la-biblioteca-publica-ana-maria-matute-celebra-el-dia-del-libro-con-un-maraton-literario-en-homenaje-a-la-escritora-que-da-nombre-al-centro\\\/#primaryimage\"},\"image\":{\"@id\":\"https:\\\/\\\/www.caudete.org\\\/ayuntamiento\\\/la-biblioteca-publica-ana-maria-matute-celebra-el-dia-del-libro-con-un-maraton-literario-en-homenaje-a-la-escritora-que-da-nombre-al-centro\\\/#primaryimage\"},\"thumbnailUrl\":\"https:\\\/\\\/www.caudete.org\\\/ayuntamiento\\\/wp-content\\\/uploads\\\/2025\\\/04\\\/maratonliterario2025-port.jpg\",\"datePublished\":\"2025-04-23T14:00:34+00:00\",\"author\":{\"@id\":\"https:\\\/\\\/www.caudete.org\\\/ayuntamiento\\\/#\\\/schema\\\/person\\\/4b9eab41761957db9b1bf9c418d1ef46\"},\"description\":\"P\u00e1gina Oficial del Ayuntamiento de Caudete (Albacete)\",\"breadcrumb\":{\"@id\":\"https:\\\/\\\/www.caudete.org\\\/ayuntamiento\\\/la-biblioteca-publica-ana-maria-matute-celebra-el-dia-del-libro-con-un-maraton-literario-en-homenaje-a-la-escritora-que-da-nombre-al-centro\\\/#breadcrumb\"},\"inLanguage\":\"es\",\"potentialAction\":[{\"@type\":\"ReadAction\",\"target\":[\"https:\\\/\\\/www.caudete.org\\\/ayuntamiento\\\/la-biblioteca-publica-ana-maria-matute-celebra-el-dia-del-libro-con-un-maraton-literario-en-homenaje-a-la-escritora-que-da-nombre-al-centro\\\/\"]}]},{\"@type\":\"ImageObject\",\"inLanguage\":\"es\",\"@id\":\"https:\\\/\\\/www.caudete.org\\\/ayuntamiento\\\/la-biblioteca-publica-ana-maria-matute-celebra-el-dia-del-libro-con-un-maraton-literario-en-homenaje-a-la-escritora-que-da-nombre-al-centro\\\/#primaryimage\",\"url\":\"https:\\\/\\\/www.caudete.org\\\/ayuntamiento\\\/wp-content\\\/uploads\\\/2025\\\/04\\\/maratonliterario2025-port.jpg\",\"contentUrl\":\"https:\\\/\\\/www.caudete.org\\\/ayuntamiento\\\/wp-content\\\/uploads\\\/2025\\\/04\\\/maratonliterario2025-port.jpg\",\"width\":751,\"height\":371},{\"@type\":\"BreadcrumbList\",\"@id\":\"https:\\\/\\\/www.caudete.org\\\/ayuntamiento\\\/la-biblioteca-publica-ana-maria-matute-celebra-el-dia-del-libro-con-un-maraton-literario-en-homenaje-a-la-escritora-que-da-nombre-al-centro\\\/#breadcrumb\",\"itemListElement\":[{\"@type\":\"ListItem\",\"position\":1,\"name\":\"Inicio\",\"item\":\"https:\\\/\\\/www.caudete.org\\\/ayuntamiento\\\/\"},{\"@type\":\"ListItem\",\"position\":2,\"name\":\"La Biblioteca P\u00fablica Ana Mar\u00eda Matute celebra el D\u00eda del Libro con un Marat\u00f3n Literario en homenaje a la escritora que da nombre al centro\"}]},{\"@type\":\"WebSite\",\"@id\":\"https:\\\/\\\/www.caudete.org\\\/ayuntamiento\\\/#website\",\"url\":\"https:\\\/\\\/www.caudete.org\\\/ayuntamiento\\\/\",\"name\":\"MI Ayuntamiento de Caudete\",\"description\":\"P\u00e1gina Oficial del MI Ayuntamiento de Caudete\",\"potentialAction\":[{\"@type\":\"SearchAction\",\"target\":{\"@type\":\"EntryPoint\",\"urlTemplate\":\"https:\\\/\\\/www.caudete.org\\\/ayuntamiento\\\/?s={search_term_string}\"},\"query-input\":{\"@type\":\"PropertyValueSpecification\",\"valueRequired\":true,\"valueName\":\"search_term_string\"}}],\"inLanguage\":\"es\"},{\"@type\":\"Person\",\"@id\":\"https:\\\/\\\/www.caudete.org\\\/ayuntamiento\\\/#\\\/schema\\\/person\\\/4b9eab41761957db9b1bf9c418d1ef46\",\"name\":\"Dpto Informatica MI Ayuntamiento de Caudete\",\"image\":{\"@type\":\"ImageObject\",\"inLanguage\":\"es\",\"@id\":\"https:\\\/\\\/secure.gravatar.com\\\/avatar\\\/ac0321ee4a0a83e82a253e7b2d348ef539e2c8fe16d06b600bde04de1b364fa7?s=96&d=mm&r=g\",\"url\":\"https:\\\/\\\/secure.gravatar.com\\\/avatar\\\/ac0321ee4a0a83e82a253e7b2d348ef539e2c8fe16d06b600bde04de1b364fa7?s=96&d=mm&r=g\",\"contentUrl\":\"https:\\\/\\\/secure.gravatar.com\\\/avatar\\\/ac0321ee4a0a83e82a253e7b2d348ef539e2c8fe16d06b600bde04de1b364fa7?s=96&d=mm&r=g\",\"caption\":\"Dpto Informatica MI Ayuntamiento de Caudete\"},\"url\":\"https:\\\/\\\/www.caudete.org\\\/ayuntamiento\\\/author\\\/informatica\\\/\"}]}<\/script>\n<!-- \/ Yoast SEO plugin. -->","yoast_head_json":{"title":"La Biblioteca P\u00fablica Ana Mar\u00eda Matute celebra el D\u00eda del Libro con un Marat\u00f3n Literario en homenaje a la escritora que da nombre al centro - MI Ayuntamiento de Caudete","description":"P\u00e1gina Oficial del Ayuntamiento de Caudete (Albacete)","robots":{"index":"index","follow":"follow","max-snippet":"max-snippet:-1","max-image-preview":"max-image-preview:large","max-video-preview":"max-video-preview:-1"},"canonical":"https:\/\/www.caudete.org\/ayuntamiento\/la-biblioteca-publica-ana-maria-matute-celebra-el-dia-del-libro-con-un-maraton-literario-en-homenaje-a-la-escritora-que-da-nombre-al-centro\/","og_locale":"es_ES","og_type":"article","og_title":"La Biblioteca P\u00fablica Ana Mar\u00eda Matute celebra el D\u00eda del Libro con un Marat\u00f3n Literario en homenaje a la escritora que da nombre al centro - MI Ayuntamiento de Caudete","og_description":"P\u00e1gina Oficial del Ayuntamiento de Caudete (Albacete)","og_url":"https:\/\/www.caudete.org\/ayuntamiento\/la-biblioteca-publica-ana-maria-matute-celebra-el-dia-del-libro-con-un-maraton-literario-en-homenaje-a-la-escritora-que-da-nombre-al-centro\/","og_site_name":"MI Ayuntamiento de Caudete","article_publisher":"https:\/\/www.facebook.com\/ayuntamientocaudete\/","article_published_time":"2025-04-23T14:00:34+00:00","og_image":[{"width":751,"height":371,"url":"https:\/\/www.caudete.org\/ayuntamiento\/wp-content\/uploads\/2025\/04\/maratonliterario2025-port.jpg","type":"image\/jpeg"}],"author":"Dpto Informatica MI Ayuntamiento de Caudete","twitter_card":"summary_large_image","twitter_misc":{"Escrito por":"Dpto Informatica MI Ayuntamiento de Caudete","Tiempo de lectura":"2 minutos"},"schema":{"@context":"https:\/\/schema.org","@graph":[{"@type":"Article","@id":"https:\/\/www.caudete.org\/ayuntamiento\/la-biblioteca-publica-ana-maria-matute-celebra-el-dia-del-libro-con-un-maraton-literario-en-homenaje-a-la-escritora-que-da-nombre-al-centro\/#article","isPartOf":{"@id":"https:\/\/www.caudete.org\/ayuntamiento\/la-biblioteca-publica-ana-maria-matute-celebra-el-dia-del-libro-con-un-maraton-literario-en-homenaje-a-la-escritora-que-da-nombre-al-centro\/"},"author":{"name":"Dpto Informatica MI Ayuntamiento de Caudete","@id":"https:\/\/www.caudete.org\/ayuntamiento\/#\/schema\/person\/4b9eab41761957db9b1bf9c418d1ef46"},"headline":"La Biblioteca P\u00fablica Ana Mar\u00eda Matute celebra el D\u00eda del Libro con un Marat\u00f3n Literario en homenaje a la escritora que da nombre al centro","datePublished":"2025-04-23T14:00:34+00:00","mainEntityOfPage":{"@id":"https:\/\/www.caudete.org\/ayuntamiento\/la-biblioteca-publica-ana-maria-matute-celebra-el-dia-del-libro-con-un-maraton-literario-en-homenaje-a-la-escritora-que-da-nombre-al-centro\/"},"wordCount":271,"image":{"@id":"https:\/\/www.caudete.org\/ayuntamiento\/la-biblioteca-publica-ana-maria-matute-celebra-el-dia-del-libro-con-un-maraton-literario-en-homenaje-a-la-escritora-que-da-nombre-al-centro\/#primaryimage"},"thumbnailUrl":"https:\/\/www.caudete.org\/ayuntamiento\/wp-content\/uploads\/2025\/04\/maratonliterario2025-port.jpg","articleSection":["Cultura"],"inLanguage":"es"},{"@type":"WebPage","@id":"https:\/\/www.caudete.org\/ayuntamiento\/la-biblioteca-publica-ana-maria-matute-celebra-el-dia-del-libro-con-un-maraton-literario-en-homenaje-a-la-escritora-que-da-nombre-al-centro\/","url":"https:\/\/www.caudete.org\/ayuntamiento\/la-biblioteca-publica-ana-maria-matute-celebra-el-dia-del-libro-con-un-maraton-literario-en-homenaje-a-la-escritora-que-da-nombre-al-centro\/","name":"La Biblioteca P\u00fablica Ana Mar\u00eda Matute celebra el D\u00eda del Libro con un Marat\u00f3n Literario en homenaje a la escritora que da nombre al centro - MI Ayuntamiento de Caudete","isPartOf":{"@id":"https:\/\/www.caudete.org\/ayuntamiento\/#website"},"primaryImageOfPage":{"@id":"https:\/\/www.caudete.org\/ayuntamiento\/la-biblioteca-publica-ana-maria-matute-celebra-el-dia-del-libro-con-un-maraton-literario-en-homenaje-a-la-escritora-que-da-nombre-al-centro\/#primaryimage"},"image":{"@id":"https:\/\/www.caudete.org\/ayuntamiento\/la-biblioteca-publica-ana-maria-matute-celebra-el-dia-del-libro-con-un-maraton-literario-en-homenaje-a-la-escritora-que-da-nombre-al-centro\/#primaryimage"},"thumbnailUrl":"https:\/\/www.caudete.org\/ayuntamiento\/wp-content\/uploads\/2025\/04\/maratonliterario2025-port.jpg","datePublished":"2025-04-23T14:00:34+00:00","author":{"@id":"https:\/\/www.caudete.org\/ayuntamiento\/#\/schema\/person\/4b9eab41761957db9b1bf9c418d1ef46"},"description":"P\u00e1gina Oficial del Ayuntamiento de Caudete (Albacete)","breadcrumb":{"@id":"https:\/\/www.caudete.org\/ayuntamiento\/la-biblioteca-publica-ana-maria-matute-celebra-el-dia-del-libro-con-un-maraton-literario-en-homenaje-a-la-escritora-que-da-nombre-al-centro\/#breadcrumb"},"inLanguage":"es","potentialAction":[{"@type":"ReadAction","target":["https:\/\/www.caudete.org\/ayuntamiento\/la-biblioteca-publica-ana-maria-matute-celebra-el-dia-del-libro-con-un-maraton-literario-en-homenaje-a-la-escritora-que-da-nombre-al-centro\/"]}]},{"@type":"ImageObject","inLanguage":"es","@id":"https:\/\/www.caudete.org\/ayuntamiento\/la-biblioteca-publica-ana-maria-matute-celebra-el-dia-del-libro-con-un-maraton-literario-en-homenaje-a-la-escritora-que-da-nombre-al-centro\/#primaryimage","url":"https:\/\/www.caudete.org\/ayuntamiento\/wp-content\/uploads\/2025\/04\/maratonliterario2025-port.jpg","contentUrl":"https:\/\/www.caudete.org\/ayuntamiento\/wp-content\/uploads\/2025\/04\/maratonliterario2025-port.jpg","width":751,"height":371},{"@type":"BreadcrumbList","@id":"https:\/\/www.caudete.org\/ayuntamiento\/la-biblioteca-publica-ana-maria-matute-celebra-el-dia-del-libro-con-un-maraton-literario-en-homenaje-a-la-escritora-que-da-nombre-al-centro\/#breadcrumb","itemListElement":[{"@type":"ListItem","position":1,"name":"Inicio","item":"https:\/\/www.caudete.org\/ayuntamiento\/"},{"@type":"ListItem","position":2,"name":"La Biblioteca P\u00fablica Ana Mar\u00eda Matute celebra el D\u00eda del Libro con un Marat\u00f3n Literario en homenaje a la escritora que da nombre al centro"}]},{"@type":"WebSite","@id":"https:\/\/www.caudete.org\/ayuntamiento\/#website","url":"https:\/\/www.caudete.org\/ayuntamiento\/","name":"MI Ayuntamiento de Caudete","description":"P\u00e1gina Oficial del MI Ayuntamiento de Caudete","potentialAction":[{"@type":"SearchAction","target":{"@type":"EntryPoint","urlTemplate":"https:\/\/www.caudete.org\/ayuntamiento\/?s={search_term_string}"},"query-input":{"@type":"PropertyValueSpecification","valueRequired":true,"valueName":"search_term_string"}}],"inLanguage":"es"},{"@type":"Person","@id":"https:\/\/www.caudete.org\/ayuntamiento\/#\/schema\/person\/4b9eab41761957db9b1bf9c418d1ef46","name":"Dpto Informatica MI Ayuntamiento de Caudete","image":{"@type":"ImageObject","inLanguage":"es","@id":"https:\/\/secure.gravatar.com\/avatar\/ac0321ee4a0a83e82a253e7b2d348ef539e2c8fe16d06b600bde04de1b364fa7?s=96&d=mm&r=g","url":"https:\/\/secure.gravatar.com\/avatar\/ac0321ee4a0a83e82a253e7b2d348ef539e2c8fe16d06b600bde04de1b364fa7?s=96&d=mm&r=g","contentUrl":"https:\/\/secure.gravatar.com\/avatar\/ac0321ee4a0a83e82a253e7b2d348ef539e2c8fe16d06b600bde04de1b364fa7?s=96&d=mm&r=g","caption":"Dpto Informatica MI Ayuntamiento de Caudete"},"url":"https:\/\/www.caudete.org\/ayuntamiento\/author\/informatica\/"}]}},"_links":{"self":[{"href":"https:\/\/www.caudete.org\/ayuntamiento\/wp-json\/wp\/v2\/posts\/28350","targetHints":{"allow":["GET"]}}],"collection":[{"href":"https:\/\/www.caudete.org\/ayuntamiento\/wp-json\/wp\/v2\/posts"}],"about":[{"href":"https:\/\/www.caudete.org\/ayuntamiento\/wp-json\/wp\/v2\/types\/post"}],"author":[{"embeddable":true,"href":"https:\/\/www.caudete.org\/ayuntamiento\/wp-json\/wp\/v2\/users\/5"}],"replies":[{"embeddable":true,"href":"https:\/\/www.caudete.org\/ayuntamiento\/wp-json\/wp\/v2\/comments?post=28350"}],"version-history":[{"count":3,"href":"https:\/\/www.caudete.org\/ayuntamiento\/wp-json\/wp\/v2\/posts\/28350\/revisions"}],"predecessor-version":[{"id":28355,"href":"https:\/\/www.caudete.org\/ayuntamiento\/wp-json\/wp\/v2\/posts\/28350\/revisions\/28355"}],"wp:featuredmedia":[{"embeddable":true,"href":"https:\/\/www.caudete.org\/ayuntamiento\/wp-json\/wp\/v2\/media\/28356"}],"wp:attachment":[{"href":"https:\/\/www.caudete.org\/ayuntamiento\/wp-json\/wp\/v2\/media?parent=28350"}],"wp:term":[{"taxonomy":"category","embeddable":true,"href":"https:\/\/www.caudete.org\/ayuntamiento\/wp-json\/wp\/v2\/categories?post=28350"},{"taxonomy":"post_tag","embeddable":true,"href":"https:\/\/www.caudete.org\/ayuntamiento\/wp-json\/wp\/v2\/tags?post=28350"}],"curies":[{"name":"wp","href":"https:\/\/api.w.org\/{rel}","templated":true}]}}