{"id":28462,"date":"2025-04-24T08:53:33","date_gmt":"2025-04-24T06:53:33","guid":{"rendered":"https:\/\/www.caudete.org\/ayuntamiento\/?p=28462"},"modified":"2025-04-24T08:53:33","modified_gmt":"2025-04-24T06:53:33","slug":"se-inicia-el-proceso-de-expropiaciones-por-adif-para-la-implantacion-del-corredor-mediterraneo-a-su-paso-por-caudete","status":"publish","type":"post","link":"https:\/\/www.caudete.org\/ayuntamiento\/se-inicia-el-proceso-de-expropiaciones-por-adif-para-la-implantacion-del-corredor-mediterraneo-a-su-paso-por-caudete\/","title":{"rendered":"Se inicia el proceso de expropiaciones por ADIF para la implantaci\u00f3n del CORREDOR MEDITERRANEO a su paso por Caudete"},"content":{"rendered":"<p style=\"text-align: justify;\">El Alcalde Mois\u00e9s L\u00f3pez, traslada a los caudetanos informaci\u00f3n acerca del proyecto de <strong>Corredor Mediterr\u00e1neo<\/strong>, del que <strong>Caudete se ver\u00e1 beneficiado<\/strong>, pues hace unos d\u00edas, concretamente el pasado 10 de Abril <strong>ADIF<\/strong> remit\u00eda al Consistorio toda la documentaci\u00f3n de la nueva fase del proyecto, tras abrir expediente el <strong>Ministerio de Transportes<\/strong> para la <strong>expropiaci\u00f3n forzosa de los terrenos<\/strong> en los que se desarrollar\u00e1n las obras que deben permitir la implantaci\u00f3n del ancho de v\u00eda internacional <strong>entre La Encina y Alicante<\/strong>, para un tramo de <strong>75 km<\/strong> de longitud que beneficiar\u00e1 a 1<strong>0 municipios.<\/strong><\/p>\n<p style=\"text-align: justify;\">Hace un mes, el Ministerio anunciaba la <strong>adjudicaci\u00f3n de las obras, por casi 130 millones de euros<\/strong>, para conectar mediante ancho est\u00e1ndar el tramo de corredor entre La Encina y Alicante. Una actuaci\u00f3n que, en la pr\u00e1ctica, supondr\u00e1 la <strong>conexi\u00f3n del puerto de Alicante con el resto de Europa de forma ininterrumpida<\/strong>, lo que sin duda ser\u00e1 beneficioso para Caudete y las poblaciones que albergar\u00e1n esta infraestructura.<\/p>\n<p style=\"text-align: justify;\">El pasado mi\u00e9rcoles santo, <strong>16 abril<\/strong>, el Bolet\u00edn Oficial de la Provincia de Albacete (<strong>BOP<\/strong>) publicaba la resoluci\u00f3n de la Direcci\u00f3n General del Sector Ferroviario, por medio del cual se <strong>abre informaci\u00f3n p\u00fablica y se convoca a los propietarios de los bienes y derechos afectados al\u00a0levantamiento de las actas previas<\/strong>\u00a0correspondientes al expediente de expropiaci\u00f3n forzosa motivado por las obras proyectadas.<\/p>\n<p style=\"text-align: justify;\">Las actuaciones adjudicadas para la <strong>implantaci\u00f3n del tercer carril<\/strong> incluyen, <strong>junto con el nuevo ancho de v\u00eda<\/strong>, una nueva configuraci\u00f3n con <strong>apartaderos<\/strong>, que permitir\u00e1 el paso de trenes de hasta 750 metros de longitud. Estos trabajos, unidos a los que se desarrollan para conectar de igual forma La Encina y X\u00e0tiva, supondr\u00e1n otros 75 kil\u00f3metros de trazado con ancho mixto (tanto ib\u00e9rico como internacional) a trav\u00e9s de los municipios alicantinos afectados por las expropiaciones.<\/p>\n<p style=\"text-align: justify;\">El proyecto contempla la instalaci\u00f3n de nuevas traviesas, desplegando balasto y carril, as\u00ed como nuevos aparatos de v\u00eda de ancho mixto que dar\u00e1n servicio a las v\u00edas renovadas.<\/p>\n<p style=\"text-align: justify;\">Adem\u00e1s, tambi\u00e9n se ejecutar\u00e1n <strong>v\u00edas de apartado de trenes en la Estaci\u00f3n de Caudete<\/strong>, junto a la de Sax y Monforte del Cid, adecu\u00e1ndose la longitud, altura y anchura de los andenes.<\/p>\n","protected":false},"excerpt":{"rendered":"<p>El Alcalde Mois\u00e9s L\u00f3pez, traslada a los caudetanos informaci\u00f3n acerca del proyecto de Corredor Mediterr\u00e1neo, del que Caudete se ver\u00e1 beneficiado, pues hace unos d\u00edas, concretamente el pasado 10 de Abril ADIF remit\u00eda al Consistorio toda la documentaci\u00f3n de la nueva fase del proyecto, tras abrir expediente el Ministerio de Transportes para la expropiaci\u00f3n forzosa &hellip;<\/p>\n","protected":false},"author":3,"featured_media":28463,"comment_status":"closed","ping_status":"open","sticky":false,"template":"","format":"standard","meta":{"ngg_post_thumbnail":0,"footnotes":""},"categories":[46],"tags":[],"class_list":["post-28462","post","type-post","status-publish","format-standard","has-post-thumbnail","hentry","category-movilidad-urbana"],"yoast_head":"<!-- This site is optimized with the Yoast SEO plugin v27.4 - https:\/\/yoast.com\/product\/yoast-seo-wordpress\/ -->\n<title>Se inicia el proceso de expropiaciones por ADIF para la implantaci\u00f3n del CORREDOR MEDITERRANEO a su paso por Caudete - MI Ayuntamiento de Caudete<\/title>\n<meta name=\"description\" content=\"P\u00e1gina Oficial del Ayuntamiento de Caudete (Albacete)\" \/>\n<meta name=\"robots\" content=\"index, follow, max-snippet:-1, max-image-preview:large, max-video-preview:-1\" \/>\n<link rel=\"canonical\" href=\"https:\/\/www.caudete.org\/ayuntamiento\/se-inicia-el-proceso-de-expropiaciones-por-adif-para-la-implantacion-del-corredor-mediterraneo-a-su-paso-por-caudete\/\" \/>\n<meta property=\"og:locale\" content=\"es_ES\" \/>\n<meta property=\"og:type\" content=\"article\" \/>\n<meta property=\"og:title\" content=\"Se inicia el proceso de expropiaciones por ADIF para la implantaci\u00f3n del CORREDOR MEDITERRANEO a su paso por Caudete - MI Ayuntamiento de Caudete\" \/>\n<meta property=\"og:description\" content=\"P\u00e1gina Oficial del Ayuntamiento de Caudete (Albacete)\" \/>\n<meta property=\"og:url\" content=\"https:\/\/www.caudete.org\/ayuntamiento\/se-inicia-el-proceso-de-expropiaciones-por-adif-para-la-implantacion-del-corredor-mediterraneo-a-su-paso-por-caudete\/\" \/>\n<meta property=\"og:site_name\" content=\"MI Ayuntamiento de Caudete\" \/>\n<meta property=\"article:publisher\" content=\"https:\/\/www.facebook.com\/ayuntamientocaudete\/\" \/>\n<meta property=\"article:published_time\" content=\"2025-04-24T06:53:33+00:00\" \/>\n<meta property=\"og:image\" content=\"https:\/\/www.caudete.org\/ayuntamiento\/wp-content\/uploads\/2025\/04\/ADIF-CORREDOR-MEDITERRANEO.jpg\" \/>\n\t<meta property=\"og:image:width\" content=\"1297\" \/>\n\t<meta property=\"og:image:height\" content=\"892\" \/>\n\t<meta property=\"og:image:type\" content=\"image\/jpeg\" \/>\n<meta name=\"author\" content=\"alcalde\" \/>\n<meta name=\"twitter:card\" content=\"summary_large_image\" \/>\n<meta name=\"twitter:label1\" content=\"Escrito por\" \/>\n\t<meta name=\"twitter:data1\" content=\"alcalde\" \/>\n\t<meta name=\"twitter:label2\" content=\"Tiempo de lectura\" \/>\n\t<meta name=\"twitter:data2\" content=\"2 minutos\" \/>\n<script type=\"application\/ld+json\" class=\"yoast-schema-graph\">{\"@context\":\"https:\\\/\\\/schema.org\",\"@graph\":[{\"@type\":\"Article\",\"@id\":\"https:\\\/\\\/www.caudete.org\\\/ayuntamiento\\\/se-inicia-el-proceso-de-expropiaciones-por-adif-para-la-implantacion-del-corredor-mediterraneo-a-su-paso-por-caudete\\\/#article\",\"isPartOf\":{\"@id\":\"https:\\\/\\\/www.caudete.org\\\/ayuntamiento\\\/se-inicia-el-proceso-de-expropiaciones-por-adif-para-la-implantacion-del-corredor-mediterraneo-a-su-paso-por-caudete\\\/\"},\"author\":{\"name\":\"alcalde\",\"@id\":\"https:\\\/\\\/www.caudete.org\\\/ayuntamiento\\\/#\\\/schema\\\/person\\\/cc646da9133078ee4d8dd47457947253\"},\"headline\":\"Se inicia el proceso de expropiaciones por ADIF para la implantaci\u00f3n del CORREDOR MEDITERRANEO a su paso por Caudete\",\"datePublished\":\"2025-04-24T06:53:33+00:00\",\"mainEntityOfPage\":{\"@id\":\"https:\\\/\\\/www.caudete.org\\\/ayuntamiento\\\/se-inicia-el-proceso-de-expropiaciones-por-adif-para-la-implantacion-del-corredor-mediterraneo-a-su-paso-por-caudete\\\/\"},\"wordCount\":411,\"publisher\":{\"@id\":\"https:\\\/\\\/www.caudete.org\\\/ayuntamiento\\\/#organization\"},\"image\":{\"@id\":\"https:\\\/\\\/www.caudete.org\\\/ayuntamiento\\\/se-inicia-el-proceso-de-expropiaciones-por-adif-para-la-implantacion-del-corredor-mediterraneo-a-su-paso-por-caudete\\\/#primaryimage\"},\"thumbnailUrl\":\"https:\\\/\\\/www.caudete.org\\\/ayuntamiento\\\/wp-content\\\/uploads\\\/2025\\\/04\\\/ADIF-CORREDOR-MEDITERRANEO.jpg\",\"articleSection\":[\"Movilidad Urbana\"],\"inLanguage\":\"es\"},{\"@type\":\"WebPage\",\"@id\":\"https:\\\/\\\/www.caudete.org\\\/ayuntamiento\\\/se-inicia-el-proceso-de-expropiaciones-por-adif-para-la-implantacion-del-corredor-mediterraneo-a-su-paso-por-caudete\\\/\",\"url\":\"https:\\\/\\\/www.caudete.org\\\/ayuntamiento\\\/se-inicia-el-proceso-de-expropiaciones-por-adif-para-la-implantacion-del-corredor-mediterraneo-a-su-paso-por-caudete\\\/\",\"name\":\"Se inicia el proceso de expropiaciones por ADIF para la implantaci\u00f3n del CORREDOR MEDITERRANEO a su paso por Caudete - MI Ayuntamiento de Caudete\",\"isPartOf\":{\"@id\":\"https:\\\/\\\/www.caudete.org\\\/ayuntamiento\\\/#website\"},\"primaryImageOfPage\":{\"@id\":\"https:\\\/\\\/www.caudete.org\\\/ayuntamiento\\\/se-inicia-el-proceso-de-expropiaciones-por-adif-para-la-implantacion-del-corredor-mediterraneo-a-su-paso-por-caudete\\\/#primaryimage\"},\"image\":{\"@id\":\"https:\\\/\\\/www.caudete.org\\\/ayuntamiento\\\/se-inicia-el-proceso-de-expropiaciones-por-adif-para-la-implantacion-del-corredor-mediterraneo-a-su-paso-por-caudete\\\/#primaryimage\"},\"thumbnailUrl\":\"https:\\\/\\\/www.caudete.org\\\/ayuntamiento\\\/wp-content\\\/uploads\\\/2025\\\/04\\\/ADIF-CORREDOR-MEDITERRANEO.jpg\",\"datePublished\":\"2025-04-24T06:53:33+00:00\",\"description\":\"P\u00e1gina Oficial del Ayuntamiento de Caudete (Albacete)\",\"breadcrumb\":{\"@id\":\"https:\\\/\\\/www.caudete.org\\\/ayuntamiento\\\/se-inicia-el-proceso-de-expropiaciones-por-adif-para-la-implantacion-del-corredor-mediterraneo-a-su-paso-por-caudete\\\/#breadcrumb\"},\"inLanguage\":\"es\",\"potentialAction\":[{\"@type\":\"ReadAction\",\"target\":[\"https:\\\/\\\/www.caudete.org\\\/ayuntamiento\\\/se-inicia-el-proceso-de-expropiaciones-por-adif-para-la-implantacion-del-corredor-mediterraneo-a-su-paso-por-caudete\\\/\"]}]},{\"@type\":\"ImageObject\",\"inLanguage\":\"es\",\"@id\":\"https:\\\/\\\/www.caudete.org\\\/ayuntamiento\\\/se-inicia-el-proceso-de-expropiaciones-por-adif-para-la-implantacion-del-corredor-mediterraneo-a-su-paso-por-caudete\\\/#primaryimage\",\"url\":\"https:\\\/\\\/www.caudete.org\\\/ayuntamiento\\\/wp-content\\\/uploads\\\/2025\\\/04\\\/ADIF-CORREDOR-MEDITERRANEO.jpg\",\"contentUrl\":\"https:\\\/\\\/www.caudete.org\\\/ayuntamiento\\\/wp-content\\\/uploads\\\/2025\\\/04\\\/ADIF-CORREDOR-MEDITERRANEO.jpg\",\"width\":1297,\"height\":892},{\"@type\":\"BreadcrumbList\",\"@id\":\"https:\\\/\\\/www.caudete.org\\\/ayuntamiento\\\/se-inicia-el-proceso-de-expropiaciones-por-adif-para-la-implantacion-del-corredor-mediterraneo-a-su-paso-por-caudete\\\/#breadcrumb\",\"itemListElement\":[{\"@type\":\"ListItem\",\"position\":1,\"name\":\"Inicio\",\"item\":\"https:\\\/\\\/www.caudete.org\\\/ayuntamiento\\\/\"},{\"@type\":\"ListItem\",\"position\":2,\"name\":\"Se inicia el proceso de expropiaciones por ADIF para la implantaci\u00f3n del CORREDOR MEDITERRANEO a su paso por Caudete\"}]},{\"@type\":\"WebSite\",\"@id\":\"https:\\\/\\\/www.caudete.org\\\/ayuntamiento\\\/#website\",\"url\":\"https:\\\/\\\/www.caudete.org\\\/ayuntamiento\\\/\",\"name\":\"MI Ayuntamiento de Caudete\",\"description\":\"P\u00e1gina Oficial del MI Ayuntamiento de Caudete\",\"publisher\":{\"@id\":\"https:\\\/\\\/www.caudete.org\\\/ayuntamiento\\\/#organization\"},\"potentialAction\":[{\"@type\":\"SearchAction\",\"target\":{\"@type\":\"EntryPoint\",\"urlTemplate\":\"https:\\\/\\\/www.caudete.org\\\/ayuntamiento\\\/?s={search_term_string}\"},\"query-input\":{\"@type\":\"PropertyValueSpecification\",\"valueRequired\":true,\"valueName\":\"search_term_string\"}}],\"inLanguage\":\"es\"},{\"@type\":\"Organization\",\"@id\":\"https:\\\/\\\/www.caudete.org\\\/ayuntamiento\\\/#organization\",\"name\":\"Ayuntamiento de Caudete\",\"url\":\"https:\\\/\\\/www.caudete.org\\\/ayuntamiento\\\/\",\"logo\":{\"@type\":\"ImageObject\",\"inLanguage\":\"es\",\"@id\":\"https:\\\/\\\/www.caudete.org\\\/ayuntamiento\\\/#\\\/schema\\\/logo\\\/image\\\/\",\"url\":\"https:\\\/\\\/www.caudete.org\\\/ayuntamiento\\\/wp-content\\\/uploads\\\/2020\\\/11\\\/logo_ayuntamiento_caudete.jpg\",\"contentUrl\":\"https:\\\/\\\/www.caudete.org\\\/ayuntamiento\\\/wp-content\\\/uploads\\\/2020\\\/11\\\/logo_ayuntamiento_caudete.jpg\",\"width\":600,\"height\":150,\"caption\":\"Ayuntamiento de Caudete\"},\"image\":{\"@id\":\"https:\\\/\\\/www.caudete.org\\\/ayuntamiento\\\/#\\\/schema\\\/logo\\\/image\\\/\"},\"sameAs\":[\"https:\\\/\\\/www.facebook.com\\\/ayuntamientocaudete\\\/\",\"https:\\\/\\\/www.youtube.com\\\/channel\\\/UC6VztHaooNsGpw-tNoBEFnQ\"]},{\"@type\":\"Person\",\"@id\":\"https:\\\/\\\/www.caudete.org\\\/ayuntamiento\\\/#\\\/schema\\\/person\\\/cc646da9133078ee4d8dd47457947253\",\"name\":\"alcalde\",\"image\":{\"@type\":\"ImageObject\",\"inLanguage\":\"es\",\"@id\":\"https:\\\/\\\/secure.gravatar.com\\\/avatar\\\/84a817ba065b29ff08d666b215a215f5c79186a645ccb25b14a663d48a130f77?s=96&d=mm&r=g\",\"url\":\"https:\\\/\\\/secure.gravatar.com\\\/avatar\\\/84a817ba065b29ff08d666b215a215f5c79186a645ccb25b14a663d48a130f77?s=96&d=mm&r=g\",\"contentUrl\":\"https:\\\/\\\/secure.gravatar.com\\\/avatar\\\/84a817ba065b29ff08d666b215a215f5c79186a645ccb25b14a663d48a130f77?s=96&d=mm&r=g\",\"caption\":\"alcalde\"},\"url\":\"https:\\\/\\\/www.caudete.org\\\/ayuntamiento\\\/author\\\/alcalde\\\/\"}]}<\/script>\n<!-- \/ Yoast SEO plugin. -->","yoast_head_json":{"title":"Se inicia el proceso de expropiaciones por ADIF para la implantaci\u00f3n del CORREDOR MEDITERRANEO a su paso por Caudete - MI Ayuntamiento de Caudete","description":"P\u00e1gina Oficial del Ayuntamiento de Caudete (Albacete)","robots":{"index":"index","follow":"follow","max-snippet":"max-snippet:-1","max-image-preview":"max-image-preview:large","max-video-preview":"max-video-preview:-1"},"canonical":"https:\/\/www.caudete.org\/ayuntamiento\/se-inicia-el-proceso-de-expropiaciones-por-adif-para-la-implantacion-del-corredor-mediterraneo-a-su-paso-por-caudete\/","og_locale":"es_ES","og_type":"article","og_title":"Se inicia el proceso de expropiaciones por ADIF para la implantaci\u00f3n del CORREDOR MEDITERRANEO a su paso por Caudete - MI Ayuntamiento de Caudete","og_description":"P\u00e1gina Oficial del Ayuntamiento de Caudete (Albacete)","og_url":"https:\/\/www.caudete.org\/ayuntamiento\/se-inicia-el-proceso-de-expropiaciones-por-adif-para-la-implantacion-del-corredor-mediterraneo-a-su-paso-por-caudete\/","og_site_name":"MI Ayuntamiento de Caudete","article_publisher":"https:\/\/www.facebook.com\/ayuntamientocaudete\/","article_published_time":"2025-04-24T06:53:33+00:00","og_image":[{"width":1297,"height":892,"url":"https:\/\/www.caudete.org\/ayuntamiento\/wp-content\/uploads\/2025\/04\/ADIF-CORREDOR-MEDITERRANEO.jpg","type":"image\/jpeg"}],"author":"alcalde","twitter_card":"summary_large_image","twitter_misc":{"Escrito por":"alcalde","Tiempo de lectura":"2 minutos"},"schema":{"@context":"https:\/\/schema.org","@graph":[{"@type":"Article","@id":"https:\/\/www.caudete.org\/ayuntamiento\/se-inicia-el-proceso-de-expropiaciones-por-adif-para-la-implantacion-del-corredor-mediterraneo-a-su-paso-por-caudete\/#article","isPartOf":{"@id":"https:\/\/www.caudete.org\/ayuntamiento\/se-inicia-el-proceso-de-expropiaciones-por-adif-para-la-implantacion-del-corredor-mediterraneo-a-su-paso-por-caudete\/"},"author":{"name":"alcalde","@id":"https:\/\/www.caudete.org\/ayuntamiento\/#\/schema\/person\/cc646da9133078ee4d8dd47457947253"},"headline":"Se inicia el proceso de expropiaciones por ADIF para la implantaci\u00f3n del CORREDOR MEDITERRANEO a su paso por Caudete","datePublished":"2025-04-24T06:53:33+00:00","mainEntityOfPage":{"@id":"https:\/\/www.caudete.org\/ayuntamiento\/se-inicia-el-proceso-de-expropiaciones-por-adif-para-la-implantacion-del-corredor-mediterraneo-a-su-paso-por-caudete\/"},"wordCount":411,"publisher":{"@id":"https:\/\/www.caudete.org\/ayuntamiento\/#organization"},"image":{"@id":"https:\/\/www.caudete.org\/ayuntamiento\/se-inicia-el-proceso-de-expropiaciones-por-adif-para-la-implantacion-del-corredor-mediterraneo-a-su-paso-por-caudete\/#primaryimage"},"thumbnailUrl":"https:\/\/www.caudete.org\/ayuntamiento\/wp-content\/uploads\/2025\/04\/ADIF-CORREDOR-MEDITERRANEO.jpg","articleSection":["Movilidad Urbana"],"inLanguage":"es"},{"@type":"WebPage","@id":"https:\/\/www.caudete.org\/ayuntamiento\/se-inicia-el-proceso-de-expropiaciones-por-adif-para-la-implantacion-del-corredor-mediterraneo-a-su-paso-por-caudete\/","url":"https:\/\/www.caudete.org\/ayuntamiento\/se-inicia-el-proceso-de-expropiaciones-por-adif-para-la-implantacion-del-corredor-mediterraneo-a-su-paso-por-caudete\/","name":"Se inicia el proceso de expropiaciones por ADIF para la implantaci\u00f3n del CORREDOR MEDITERRANEO a su paso por Caudete - MI Ayuntamiento de Caudete","isPartOf":{"@id":"https:\/\/www.caudete.org\/ayuntamiento\/#website"},"primaryImageOfPage":{"@id":"https:\/\/www.caudete.org\/ayuntamiento\/se-inicia-el-proceso-de-expropiaciones-por-adif-para-la-implantacion-del-corredor-mediterraneo-a-su-paso-por-caudete\/#primaryimage"},"image":{"@id":"https:\/\/www.caudete.org\/ayuntamiento\/se-inicia-el-proceso-de-expropiaciones-por-adif-para-la-implantacion-del-corredor-mediterraneo-a-su-paso-por-caudete\/#primaryimage"},"thumbnailUrl":"https:\/\/www.caudete.org\/ayuntamiento\/wp-content\/uploads\/2025\/04\/ADIF-CORREDOR-MEDITERRANEO.jpg","datePublished":"2025-04-24T06:53:33+00:00","description":"P\u00e1gina Oficial del Ayuntamiento de Caudete (Albacete)","breadcrumb":{"@id":"https:\/\/www.caudete.org\/ayuntamiento\/se-inicia-el-proceso-de-expropiaciones-por-adif-para-la-implantacion-del-corredor-mediterraneo-a-su-paso-por-caudete\/#breadcrumb"},"inLanguage":"es","potentialAction":[{"@type":"ReadAction","target":["https:\/\/www.caudete.org\/ayuntamiento\/se-inicia-el-proceso-de-expropiaciones-por-adif-para-la-implantacion-del-corredor-mediterraneo-a-su-paso-por-caudete\/"]}]},{"@type":"ImageObject","inLanguage":"es","@id":"https:\/\/www.caudete.org\/ayuntamiento\/se-inicia-el-proceso-de-expropiaciones-por-adif-para-la-implantacion-del-corredor-mediterraneo-a-su-paso-por-caudete\/#primaryimage","url":"https:\/\/www.caudete.org\/ayuntamiento\/wp-content\/uploads\/2025\/04\/ADIF-CORREDOR-MEDITERRANEO.jpg","contentUrl":"https:\/\/www.caudete.org\/ayuntamiento\/wp-content\/uploads\/2025\/04\/ADIF-CORREDOR-MEDITERRANEO.jpg","width":1297,"height":892},{"@type":"BreadcrumbList","@id":"https:\/\/www.caudete.org\/ayuntamiento\/se-inicia-el-proceso-de-expropiaciones-por-adif-para-la-implantacion-del-corredor-mediterraneo-a-su-paso-por-caudete\/#breadcrumb","itemListElement":[{"@type":"ListItem","position":1,"name":"Inicio","item":"https:\/\/www.caudete.org\/ayuntamiento\/"},{"@type":"ListItem","position":2,"name":"Se inicia el proceso de expropiaciones por ADIF para la implantaci\u00f3n del CORREDOR MEDITERRANEO a su paso por Caudete"}]},{"@type":"WebSite","@id":"https:\/\/www.caudete.org\/ayuntamiento\/#website","url":"https:\/\/www.caudete.org\/ayuntamiento\/","name":"MI Ayuntamiento de Caudete","description":"P\u00e1gina Oficial del MI Ayuntamiento de Caudete","publisher":{"@id":"https:\/\/www.caudete.org\/ayuntamiento\/#organization"},"potentialAction":[{"@type":"SearchAction","target":{"@type":"EntryPoint","urlTemplate":"https:\/\/www.caudete.org\/ayuntamiento\/?s={search_term_string}"},"query-input":{"@type":"PropertyValueSpecification","valueRequired":true,"valueName":"search_term_string"}}],"inLanguage":"es"},{"@type":"Organization","@id":"https:\/\/www.caudete.org\/ayuntamiento\/#organization","name":"Ayuntamiento de Caudete","url":"https:\/\/www.caudete.org\/ayuntamiento\/","logo":{"@type":"ImageObject","inLanguage":"es","@id":"https:\/\/www.caudete.org\/ayuntamiento\/#\/schema\/logo\/image\/","url":"https:\/\/www.caudete.org\/ayuntamiento\/wp-content\/uploads\/2020\/11\/logo_ayuntamiento_caudete.jpg","contentUrl":"https:\/\/www.caudete.org\/ayuntamiento\/wp-content\/uploads\/2020\/11\/logo_ayuntamiento_caudete.jpg","width":600,"height":150,"caption":"Ayuntamiento de Caudete"},"image":{"@id":"https:\/\/www.caudete.org\/ayuntamiento\/#\/schema\/logo\/image\/"},"sameAs":["https:\/\/www.facebook.com\/ayuntamientocaudete\/","https:\/\/www.youtube.com\/channel\/UC6VztHaooNsGpw-tNoBEFnQ"]},{"@type":"Person","@id":"https:\/\/www.caudete.org\/ayuntamiento\/#\/schema\/person\/cc646da9133078ee4d8dd47457947253","name":"alcalde","image":{"@type":"ImageObject","inLanguage":"es","@id":"https:\/\/secure.gravatar.com\/avatar\/84a817ba065b29ff08d666b215a215f5c79186a645ccb25b14a663d48a130f77?s=96&d=mm&r=g","url":"https:\/\/secure.gravatar.com\/avatar\/84a817ba065b29ff08d666b215a215f5c79186a645ccb25b14a663d48a130f77?s=96&d=mm&r=g","contentUrl":"https:\/\/secure.gravatar.com\/avatar\/84a817ba065b29ff08d666b215a215f5c79186a645ccb25b14a663d48a130f77?s=96&d=mm&r=g","caption":"alcalde"},"url":"https:\/\/www.caudete.org\/ayuntamiento\/author\/alcalde\/"}]}},"_links":{"self":[{"href":"https:\/\/www.caudete.org\/ayuntamiento\/wp-json\/wp\/v2\/posts\/28462","targetHints":{"allow":["GET"]}}],"collection":[{"href":"https:\/\/www.caudete.org\/ayuntamiento\/wp-json\/wp\/v2\/posts"}],"about":[{"href":"https:\/\/www.caudete.org\/ayuntamiento\/wp-json\/wp\/v2\/types\/post"}],"author":[{"embeddable":true,"href":"https:\/\/www.caudete.org\/ayuntamiento\/wp-json\/wp\/v2\/users\/3"}],"replies":[{"embeddable":true,"href":"https:\/\/www.caudete.org\/ayuntamiento\/wp-json\/wp\/v2\/comments?post=28462"}],"version-history":[{"count":1,"href":"https:\/\/www.caudete.org\/ayuntamiento\/wp-json\/wp\/v2\/posts\/28462\/revisions"}],"predecessor-version":[{"id":28464,"href":"https:\/\/www.caudete.org\/ayuntamiento\/wp-json\/wp\/v2\/posts\/28462\/revisions\/28464"}],"wp:featuredmedia":[{"embeddable":true,"href":"https:\/\/www.caudete.org\/ayuntamiento\/wp-json\/wp\/v2\/media\/28463"}],"wp:attachment":[{"href":"https:\/\/www.caudete.org\/ayuntamiento\/wp-json\/wp\/v2\/media?parent=28462"}],"wp:term":[{"taxonomy":"category","embeddable":true,"href":"https:\/\/www.caudete.org\/ayuntamiento\/wp-json\/wp\/v2\/categories?post=28462"},{"taxonomy":"post_tag","embeddable":true,"href":"https:\/\/www.caudete.org\/ayuntamiento\/wp-json\/wp\/v2\/tags?post=28462"}],"curies":[{"name":"wp","href":"https:\/\/api.w.org\/{rel}","templated":true}]}}