{"id":28465,"date":"2025-04-30T09:00:03","date_gmt":"2025-04-30T07:00:03","guid":{"rendered":"https:\/\/www.caudete.org\/ayuntamiento\/?p=28465"},"modified":"2025-05-20T08:12:16","modified_gmt":"2025-05-20T06:12:16","slug":"letras-que-inspiran-moda-crea-tu-camiseta-literaria-en-la-biblioteca-de-caudete-el-5-de-mayo","status":"publish","type":"post","link":"https:\/\/www.caudete.org\/ayuntamiento\/letras-que-inspiran-moda-crea-tu-camiseta-literaria-en-la-biblioteca-de-caudete-el-5-de-mayo\/","title":{"rendered":"Letras que inspiran moda: crea tu camiseta literaria en la Biblioteca de Caudete el 19 de Mayo"},"content":{"rendered":"<p style=\"text-align: justify;\"><strong>La Concejal\u00eda de Cultura informa <\/strong><strong>del <\/strong><strong> Taller de camisetas literarias para j\u00f3venes dentro de la Semana del Libro<\/strong><\/p>\n<p style=\"text-align: justify;\">Con motivo de la celebraci\u00f3n de la Semana del Libro, la Concejal de Cultura Manoli Gonz\u00e1lez informa que a trav\u00e9s de la Biblioteca P\u00fablica Municipal, ha organizado una original y creativa actividad dirigida al p\u00fablico juvenil. El pr\u00f3ximo <strong>lunes 19 de mayo, a las 18:30 horas<\/strong>, se llevar\u00e1 a cabo un <strong>taller de camisetas literarias para j\u00f3venes<\/strong>, una propuesta que combina literatura, arte y expresi\u00f3n personal.<\/p>\n<p style=\"text-align: justify;\">Durante la actividad, los participantes podr\u00e1n dise\u00f1ar y personalizar sus propias camisetas inspir\u00e1ndose en frases, personajes o elementos de sus libros preferidos. Este taller pretende fomentar la lectura desde una perspectiva l\u00fadica, dando espacio a la creatividad y al v\u00ednculo afectivo que los j\u00f3venes establecen con las historias que leen.<\/p>\n<p style=\"text-align: justify;\">La actividad es gratuita y est\u00e1 dirigida a j\u00f3venes <strong>a partir de 12 a\u00f1os<\/strong>, cuenta con <strong>plazas limitadas<\/strong> y ser\u00e1 <strong>totalmente gratuita<\/strong>. <strong>Las inscripciones deben realizarse en la Biblioteca P\u00fablica Municipal<\/strong>, donde se entregar\u00e1 la invitaci\u00f3n necesaria para participar en el taller.<\/p>\n<p style=\"text-align: justify;\">El taller ser\u00e1 impartido por la <strong>Asociaci\u00f3n Caudetana de Familiares y Enfermos Mentales (ACAFEM)<\/strong>, en el marco de su compromiso con la inclusi\u00f3n, la participaci\u00f3n social y el trabajo colaborativo con entidades culturales del municipio.<\/p>\n<p style=\"text-align: justify;\">Con esta iniciativa, la Biblioteca y la Concejal\u00eda de Cultura reafirman su compromiso con la promoci\u00f3n de la lectura entre los m\u00e1s j\u00f3venes, apostando por propuestas din\u00e1micas que conectan el libro con el entorno cotidiano y creativo de la juventud, al tiempo que se apoya el trabajo de asociaciones locales como ACAFEM.<\/p>\n<p>&nbsp;<\/p>\n","protected":false},"excerpt":{"rendered":"<p>La Concejal\u00eda de Cultura informa del Taller de camisetas literarias para j\u00f3venes dentro de la Semana del Libro Con motivo de la celebraci\u00f3n de la Semana del Libro, la Concejal de Cultura Manoli Gonz\u00e1lez informa que a trav\u00e9s de la Biblioteca P\u00fablica Municipal, ha organizado una original y creativa actividad dirigida al p\u00fablico juvenil. El &hellip;<\/p>\n","protected":false},"author":3,"featured_media":28467,"comment_status":"closed","ping_status":"open","sticky":false,"template":"","format":"standard","meta":{"ngg_post_thumbnail":0,"footnotes":""},"categories":[14],"tags":[],"class_list":["post-28465","post","type-post","status-publish","format-standard","has-post-thumbnail","hentry","category-cultura"],"yoast_head":"<!-- This site is optimized with the Yoast SEO plugin v27.5 - https:\/\/yoast.com\/product\/yoast-seo-wordpress\/ -->\n<title>Letras que inspiran moda: crea tu camiseta literaria en la Biblioteca de Caudete el 19 de Mayo - MI Ayuntamiento de Caudete<\/title>\n<meta name=\"description\" content=\"P\u00e1gina Oficial del Ayuntamiento de Caudete (Albacete)\" \/>\n<meta name=\"robots\" content=\"index, follow, max-snippet:-1, max-image-preview:large, max-video-preview:-1\" \/>\n<link rel=\"canonical\" href=\"https:\/\/www.caudete.org\/ayuntamiento\/letras-que-inspiran-moda-crea-tu-camiseta-literaria-en-la-biblioteca-de-caudete-el-5-de-mayo\/\" \/>\n<meta property=\"og:locale\" content=\"es_ES\" \/>\n<meta property=\"og:type\" content=\"article\" \/>\n<meta property=\"og:title\" content=\"Letras que inspiran moda: crea tu camiseta literaria en la Biblioteca de Caudete el 19 de Mayo - MI Ayuntamiento de Caudete\" \/>\n<meta property=\"og:description\" content=\"P\u00e1gina Oficial del Ayuntamiento de Caudete (Albacete)\" \/>\n<meta property=\"og:url\" content=\"https:\/\/www.caudete.org\/ayuntamiento\/letras-que-inspiran-moda-crea-tu-camiseta-literaria-en-la-biblioteca-de-caudete-el-5-de-mayo\/\" \/>\n<meta property=\"og:site_name\" content=\"MI Ayuntamiento de Caudete\" \/>\n<meta property=\"article:publisher\" content=\"https:\/\/www.facebook.com\/ayuntamientocaudete\/\" \/>\n<meta property=\"article:published_time\" content=\"2025-04-30T07:00:03+00:00\" \/>\n<meta property=\"article:modified_time\" content=\"2025-05-20T06:12:16+00:00\" \/>\n<meta property=\"og:image\" content=\"https:\/\/www.caudete.org\/ayuntamiento\/wp-content\/uploads\/2025\/04\/taller-camisetas-1.jpg\" \/>\n\t<meta property=\"og:image:width\" content=\"1587\" \/>\n\t<meta property=\"og:image:height\" content=\"1130\" \/>\n\t<meta property=\"og:image:type\" content=\"image\/jpeg\" \/>\n<meta name=\"author\" content=\"alcalde\" \/>\n<meta name=\"twitter:card\" content=\"summary_large_image\" \/>\n<meta name=\"twitter:label1\" content=\"Escrito por\" \/>\n\t<meta name=\"twitter:data1\" content=\"alcalde\" \/>\n\t<meta name=\"twitter:label2\" content=\"Tiempo de lectura\" \/>\n\t<meta name=\"twitter:data2\" content=\"2 minutos\" \/>\n<script type=\"application\/ld+json\" class=\"yoast-schema-graph\">{\"@context\":\"https:\\\/\\\/schema.org\",\"@graph\":[{\"@type\":\"Article\",\"@id\":\"https:\\\/\\\/www.caudete.org\\\/ayuntamiento\\\/letras-que-inspiran-moda-crea-tu-camiseta-literaria-en-la-biblioteca-de-caudete-el-5-de-mayo\\\/#article\",\"isPartOf\":{\"@id\":\"https:\\\/\\\/www.caudete.org\\\/ayuntamiento\\\/letras-que-inspiran-moda-crea-tu-camiseta-literaria-en-la-biblioteca-de-caudete-el-5-de-mayo\\\/\"},\"author\":{\"name\":\"alcalde\",\"@id\":\"https:\\\/\\\/www.caudete.org\\\/ayuntamiento\\\/#\\\/schema\\\/person\\\/cc646da9133078ee4d8dd47457947253\"},\"headline\":\"Letras que inspiran moda: crea tu camiseta literaria en la Biblioteca de Caudete el 19 de Mayo\",\"datePublished\":\"2025-04-30T07:00:03+00:00\",\"dateModified\":\"2025-05-20T06:12:16+00:00\",\"mainEntityOfPage\":{\"@id\":\"https:\\\/\\\/www.caudete.org\\\/ayuntamiento\\\/letras-que-inspiran-moda-crea-tu-camiseta-literaria-en-la-biblioteca-de-caudete-el-5-de-mayo\\\/\"},\"wordCount\":305,\"publisher\":{\"@id\":\"https:\\\/\\\/www.caudete.org\\\/ayuntamiento\\\/#organization\"},\"image\":{\"@id\":\"https:\\\/\\\/www.caudete.org\\\/ayuntamiento\\\/letras-que-inspiran-moda-crea-tu-camiseta-literaria-en-la-biblioteca-de-caudete-el-5-de-mayo\\\/#primaryimage\"},\"thumbnailUrl\":\"https:\\\/\\\/www.caudete.org\\\/ayuntamiento\\\/wp-content\\\/uploads\\\/2025\\\/04\\\/taller-camisetas-1.jpg\",\"articleSection\":[\"Cultura\"],\"inLanguage\":\"es\"},{\"@type\":\"WebPage\",\"@id\":\"https:\\\/\\\/www.caudete.org\\\/ayuntamiento\\\/letras-que-inspiran-moda-crea-tu-camiseta-literaria-en-la-biblioteca-de-caudete-el-5-de-mayo\\\/\",\"url\":\"https:\\\/\\\/www.caudete.org\\\/ayuntamiento\\\/letras-que-inspiran-moda-crea-tu-camiseta-literaria-en-la-biblioteca-de-caudete-el-5-de-mayo\\\/\",\"name\":\"Letras que inspiran moda: crea tu camiseta literaria en la Biblioteca de Caudete el 19 de Mayo - MI Ayuntamiento de Caudete\",\"isPartOf\":{\"@id\":\"https:\\\/\\\/www.caudete.org\\\/ayuntamiento\\\/#website\"},\"primaryImageOfPage\":{\"@id\":\"https:\\\/\\\/www.caudete.org\\\/ayuntamiento\\\/letras-que-inspiran-moda-crea-tu-camiseta-literaria-en-la-biblioteca-de-caudete-el-5-de-mayo\\\/#primaryimage\"},\"image\":{\"@id\":\"https:\\\/\\\/www.caudete.org\\\/ayuntamiento\\\/letras-que-inspiran-moda-crea-tu-camiseta-literaria-en-la-biblioteca-de-caudete-el-5-de-mayo\\\/#primaryimage\"},\"thumbnailUrl\":\"https:\\\/\\\/www.caudete.org\\\/ayuntamiento\\\/wp-content\\\/uploads\\\/2025\\\/04\\\/taller-camisetas-1.jpg\",\"datePublished\":\"2025-04-30T07:00:03+00:00\",\"dateModified\":\"2025-05-20T06:12:16+00:00\",\"description\":\"P\u00e1gina Oficial del Ayuntamiento de Caudete (Albacete)\",\"breadcrumb\":{\"@id\":\"https:\\\/\\\/www.caudete.org\\\/ayuntamiento\\\/letras-que-inspiran-moda-crea-tu-camiseta-literaria-en-la-biblioteca-de-caudete-el-5-de-mayo\\\/#breadcrumb\"},\"inLanguage\":\"es\",\"potentialAction\":[{\"@type\":\"ReadAction\",\"target\":[\"https:\\\/\\\/www.caudete.org\\\/ayuntamiento\\\/letras-que-inspiran-moda-crea-tu-camiseta-literaria-en-la-biblioteca-de-caudete-el-5-de-mayo\\\/\"]}]},{\"@type\":\"ImageObject\",\"inLanguage\":\"es\",\"@id\":\"https:\\\/\\\/www.caudete.org\\\/ayuntamiento\\\/letras-que-inspiran-moda-crea-tu-camiseta-literaria-en-la-biblioteca-de-caudete-el-5-de-mayo\\\/#primaryimage\",\"url\":\"https:\\\/\\\/www.caudete.org\\\/ayuntamiento\\\/wp-content\\\/uploads\\\/2025\\\/04\\\/taller-camisetas-1.jpg\",\"contentUrl\":\"https:\\\/\\\/www.caudete.org\\\/ayuntamiento\\\/wp-content\\\/uploads\\\/2025\\\/04\\\/taller-camisetas-1.jpg\",\"width\":1587,\"height\":1130},{\"@type\":\"BreadcrumbList\",\"@id\":\"https:\\\/\\\/www.caudete.org\\\/ayuntamiento\\\/letras-que-inspiran-moda-crea-tu-camiseta-literaria-en-la-biblioteca-de-caudete-el-5-de-mayo\\\/#breadcrumb\",\"itemListElement\":[{\"@type\":\"ListItem\",\"position\":1,\"name\":\"Inicio\",\"item\":\"https:\\\/\\\/www.caudete.org\\\/ayuntamiento\\\/\"},{\"@type\":\"ListItem\",\"position\":2,\"name\":\"Letras que inspiran moda: crea tu camiseta literaria en la Biblioteca de Caudete el 19 de Mayo\"}]},{\"@type\":\"WebSite\",\"@id\":\"https:\\\/\\\/www.caudete.org\\\/ayuntamiento\\\/#website\",\"url\":\"https:\\\/\\\/www.caudete.org\\\/ayuntamiento\\\/\",\"name\":\"MI Ayuntamiento de Caudete\",\"description\":\"P\u00e1gina Oficial del MI Ayuntamiento de Caudete\",\"publisher\":{\"@id\":\"https:\\\/\\\/www.caudete.org\\\/ayuntamiento\\\/#organization\"},\"potentialAction\":[{\"@type\":\"SearchAction\",\"target\":{\"@type\":\"EntryPoint\",\"urlTemplate\":\"https:\\\/\\\/www.caudete.org\\\/ayuntamiento\\\/?s={search_term_string}\"},\"query-input\":{\"@type\":\"PropertyValueSpecification\",\"valueRequired\":true,\"valueName\":\"search_term_string\"}}],\"inLanguage\":\"es\"},{\"@type\":\"Organization\",\"@id\":\"https:\\\/\\\/www.caudete.org\\\/ayuntamiento\\\/#organization\",\"name\":\"Ayuntamiento de Caudete\",\"url\":\"https:\\\/\\\/www.caudete.org\\\/ayuntamiento\\\/\",\"logo\":{\"@type\":\"ImageObject\",\"inLanguage\":\"es\",\"@id\":\"https:\\\/\\\/www.caudete.org\\\/ayuntamiento\\\/#\\\/schema\\\/logo\\\/image\\\/\",\"url\":\"https:\\\/\\\/www.caudete.org\\\/ayuntamiento\\\/wp-content\\\/uploads\\\/2020\\\/11\\\/logo_ayuntamiento_caudete.jpg\",\"contentUrl\":\"https:\\\/\\\/www.caudete.org\\\/ayuntamiento\\\/wp-content\\\/uploads\\\/2020\\\/11\\\/logo_ayuntamiento_caudete.jpg\",\"width\":600,\"height\":150,\"caption\":\"Ayuntamiento de Caudete\"},\"image\":{\"@id\":\"https:\\\/\\\/www.caudete.org\\\/ayuntamiento\\\/#\\\/schema\\\/logo\\\/image\\\/\"},\"sameAs\":[\"https:\\\/\\\/www.facebook.com\\\/ayuntamientocaudete\\\/\",\"https:\\\/\\\/www.youtube.com\\\/channel\\\/UC6VztHaooNsGpw-tNoBEFnQ\"]},{\"@type\":\"Person\",\"@id\":\"https:\\\/\\\/www.caudete.org\\\/ayuntamiento\\\/#\\\/schema\\\/person\\\/cc646da9133078ee4d8dd47457947253\",\"name\":\"alcalde\",\"image\":{\"@type\":\"ImageObject\",\"inLanguage\":\"es\",\"@id\":\"https:\\\/\\\/secure.gravatar.com\\\/avatar\\\/84a817ba065b29ff08d666b215a215f5c79186a645ccb25b14a663d48a130f77?s=96&d=mm&r=g\",\"url\":\"https:\\\/\\\/secure.gravatar.com\\\/avatar\\\/84a817ba065b29ff08d666b215a215f5c79186a645ccb25b14a663d48a130f77?s=96&d=mm&r=g\",\"contentUrl\":\"https:\\\/\\\/secure.gravatar.com\\\/avatar\\\/84a817ba065b29ff08d666b215a215f5c79186a645ccb25b14a663d48a130f77?s=96&d=mm&r=g\",\"caption\":\"alcalde\"},\"url\":\"https:\\\/\\\/www.caudete.org\\\/ayuntamiento\\\/author\\\/alcalde\\\/\"}]}<\/script>\n<!-- \/ Yoast SEO plugin. -->","yoast_head_json":{"title":"Letras que inspiran moda: crea tu camiseta literaria en la Biblioteca de Caudete el 19 de Mayo - MI Ayuntamiento de Caudete","description":"P\u00e1gina Oficial del Ayuntamiento de Caudete (Albacete)","robots":{"index":"index","follow":"follow","max-snippet":"max-snippet:-1","max-image-preview":"max-image-preview:large","max-video-preview":"max-video-preview:-1"},"canonical":"https:\/\/www.caudete.org\/ayuntamiento\/letras-que-inspiran-moda-crea-tu-camiseta-literaria-en-la-biblioteca-de-caudete-el-5-de-mayo\/","og_locale":"es_ES","og_type":"article","og_title":"Letras que inspiran moda: crea tu camiseta literaria en la Biblioteca de Caudete el 19 de Mayo - MI Ayuntamiento de Caudete","og_description":"P\u00e1gina Oficial del Ayuntamiento de Caudete (Albacete)","og_url":"https:\/\/www.caudete.org\/ayuntamiento\/letras-que-inspiran-moda-crea-tu-camiseta-literaria-en-la-biblioteca-de-caudete-el-5-de-mayo\/","og_site_name":"MI Ayuntamiento de Caudete","article_publisher":"https:\/\/www.facebook.com\/ayuntamientocaudete\/","article_published_time":"2025-04-30T07:00:03+00:00","article_modified_time":"2025-05-20T06:12:16+00:00","og_image":[{"width":1587,"height":1130,"url":"https:\/\/www.caudete.org\/ayuntamiento\/wp-content\/uploads\/2025\/04\/taller-camisetas-1.jpg","type":"image\/jpeg"}],"author":"alcalde","twitter_card":"summary_large_image","twitter_misc":{"Escrito por":"alcalde","Tiempo de lectura":"2 minutos"},"schema":{"@context":"https:\/\/schema.org","@graph":[{"@type":"Article","@id":"https:\/\/www.caudete.org\/ayuntamiento\/letras-que-inspiran-moda-crea-tu-camiseta-literaria-en-la-biblioteca-de-caudete-el-5-de-mayo\/#article","isPartOf":{"@id":"https:\/\/www.caudete.org\/ayuntamiento\/letras-que-inspiran-moda-crea-tu-camiseta-literaria-en-la-biblioteca-de-caudete-el-5-de-mayo\/"},"author":{"name":"alcalde","@id":"https:\/\/www.caudete.org\/ayuntamiento\/#\/schema\/person\/cc646da9133078ee4d8dd47457947253"},"headline":"Letras que inspiran moda: crea tu camiseta literaria en la Biblioteca de Caudete el 19 de Mayo","datePublished":"2025-04-30T07:00:03+00:00","dateModified":"2025-05-20T06:12:16+00:00","mainEntityOfPage":{"@id":"https:\/\/www.caudete.org\/ayuntamiento\/letras-que-inspiran-moda-crea-tu-camiseta-literaria-en-la-biblioteca-de-caudete-el-5-de-mayo\/"},"wordCount":305,"publisher":{"@id":"https:\/\/www.caudete.org\/ayuntamiento\/#organization"},"image":{"@id":"https:\/\/www.caudete.org\/ayuntamiento\/letras-que-inspiran-moda-crea-tu-camiseta-literaria-en-la-biblioteca-de-caudete-el-5-de-mayo\/#primaryimage"},"thumbnailUrl":"https:\/\/www.caudete.org\/ayuntamiento\/wp-content\/uploads\/2025\/04\/taller-camisetas-1.jpg","articleSection":["Cultura"],"inLanguage":"es"},{"@type":"WebPage","@id":"https:\/\/www.caudete.org\/ayuntamiento\/letras-que-inspiran-moda-crea-tu-camiseta-literaria-en-la-biblioteca-de-caudete-el-5-de-mayo\/","url":"https:\/\/www.caudete.org\/ayuntamiento\/letras-que-inspiran-moda-crea-tu-camiseta-literaria-en-la-biblioteca-de-caudete-el-5-de-mayo\/","name":"Letras que inspiran moda: crea tu camiseta literaria en la Biblioteca de Caudete el 19 de Mayo - MI Ayuntamiento de Caudete","isPartOf":{"@id":"https:\/\/www.caudete.org\/ayuntamiento\/#website"},"primaryImageOfPage":{"@id":"https:\/\/www.caudete.org\/ayuntamiento\/letras-que-inspiran-moda-crea-tu-camiseta-literaria-en-la-biblioteca-de-caudete-el-5-de-mayo\/#primaryimage"},"image":{"@id":"https:\/\/www.caudete.org\/ayuntamiento\/letras-que-inspiran-moda-crea-tu-camiseta-literaria-en-la-biblioteca-de-caudete-el-5-de-mayo\/#primaryimage"},"thumbnailUrl":"https:\/\/www.caudete.org\/ayuntamiento\/wp-content\/uploads\/2025\/04\/taller-camisetas-1.jpg","datePublished":"2025-04-30T07:00:03+00:00","dateModified":"2025-05-20T06:12:16+00:00","description":"P\u00e1gina Oficial del Ayuntamiento de Caudete (Albacete)","breadcrumb":{"@id":"https:\/\/www.caudete.org\/ayuntamiento\/letras-que-inspiran-moda-crea-tu-camiseta-literaria-en-la-biblioteca-de-caudete-el-5-de-mayo\/#breadcrumb"},"inLanguage":"es","potentialAction":[{"@type":"ReadAction","target":["https:\/\/www.caudete.org\/ayuntamiento\/letras-que-inspiran-moda-crea-tu-camiseta-literaria-en-la-biblioteca-de-caudete-el-5-de-mayo\/"]}]},{"@type":"ImageObject","inLanguage":"es","@id":"https:\/\/www.caudete.org\/ayuntamiento\/letras-que-inspiran-moda-crea-tu-camiseta-literaria-en-la-biblioteca-de-caudete-el-5-de-mayo\/#primaryimage","url":"https:\/\/www.caudete.org\/ayuntamiento\/wp-content\/uploads\/2025\/04\/taller-camisetas-1.jpg","contentUrl":"https:\/\/www.caudete.org\/ayuntamiento\/wp-content\/uploads\/2025\/04\/taller-camisetas-1.jpg","width":1587,"height":1130},{"@type":"BreadcrumbList","@id":"https:\/\/www.caudete.org\/ayuntamiento\/letras-que-inspiran-moda-crea-tu-camiseta-literaria-en-la-biblioteca-de-caudete-el-5-de-mayo\/#breadcrumb","itemListElement":[{"@type":"ListItem","position":1,"name":"Inicio","item":"https:\/\/www.caudete.org\/ayuntamiento\/"},{"@type":"ListItem","position":2,"name":"Letras que inspiran moda: crea tu camiseta literaria en la Biblioteca de Caudete el 19 de Mayo"}]},{"@type":"WebSite","@id":"https:\/\/www.caudete.org\/ayuntamiento\/#website","url":"https:\/\/www.caudete.org\/ayuntamiento\/","name":"MI Ayuntamiento de Caudete","description":"P\u00e1gina Oficial del MI Ayuntamiento de Caudete","publisher":{"@id":"https:\/\/www.caudete.org\/ayuntamiento\/#organization"},"potentialAction":[{"@type":"SearchAction","target":{"@type":"EntryPoint","urlTemplate":"https:\/\/www.caudete.org\/ayuntamiento\/?s={search_term_string}"},"query-input":{"@type":"PropertyValueSpecification","valueRequired":true,"valueName":"search_term_string"}}],"inLanguage":"es"},{"@type":"Organization","@id":"https:\/\/www.caudete.org\/ayuntamiento\/#organization","name":"Ayuntamiento de Caudete","url":"https:\/\/www.caudete.org\/ayuntamiento\/","logo":{"@type":"ImageObject","inLanguage":"es","@id":"https:\/\/www.caudete.org\/ayuntamiento\/#\/schema\/logo\/image\/","url":"https:\/\/www.caudete.org\/ayuntamiento\/wp-content\/uploads\/2020\/11\/logo_ayuntamiento_caudete.jpg","contentUrl":"https:\/\/www.caudete.org\/ayuntamiento\/wp-content\/uploads\/2020\/11\/logo_ayuntamiento_caudete.jpg","width":600,"height":150,"caption":"Ayuntamiento de Caudete"},"image":{"@id":"https:\/\/www.caudete.org\/ayuntamiento\/#\/schema\/logo\/image\/"},"sameAs":["https:\/\/www.facebook.com\/ayuntamientocaudete\/","https:\/\/www.youtube.com\/channel\/UC6VztHaooNsGpw-tNoBEFnQ"]},{"@type":"Person","@id":"https:\/\/www.caudete.org\/ayuntamiento\/#\/schema\/person\/cc646da9133078ee4d8dd47457947253","name":"alcalde","image":{"@type":"ImageObject","inLanguage":"es","@id":"https:\/\/secure.gravatar.com\/avatar\/84a817ba065b29ff08d666b215a215f5c79186a645ccb25b14a663d48a130f77?s=96&d=mm&r=g","url":"https:\/\/secure.gravatar.com\/avatar\/84a817ba065b29ff08d666b215a215f5c79186a645ccb25b14a663d48a130f77?s=96&d=mm&r=g","contentUrl":"https:\/\/secure.gravatar.com\/avatar\/84a817ba065b29ff08d666b215a215f5c79186a645ccb25b14a663d48a130f77?s=96&d=mm&r=g","caption":"alcalde"},"url":"https:\/\/www.caudete.org\/ayuntamiento\/author\/alcalde\/"}]}},"_links":{"self":[{"href":"https:\/\/www.caudete.org\/ayuntamiento\/wp-json\/wp\/v2\/posts\/28465","targetHints":{"allow":["GET"]}}],"collection":[{"href":"https:\/\/www.caudete.org\/ayuntamiento\/wp-json\/wp\/v2\/posts"}],"about":[{"href":"https:\/\/www.caudete.org\/ayuntamiento\/wp-json\/wp\/v2\/types\/post"}],"author":[{"embeddable":true,"href":"https:\/\/www.caudete.org\/ayuntamiento\/wp-json\/wp\/v2\/users\/3"}],"replies":[{"embeddable":true,"href":"https:\/\/www.caudete.org\/ayuntamiento\/wp-json\/wp\/v2\/comments?post=28465"}],"version-history":[{"count":3,"href":"https:\/\/www.caudete.org\/ayuntamiento\/wp-json\/wp\/v2\/posts\/28465\/revisions"}],"predecessor-version":[{"id":28504,"href":"https:\/\/www.caudete.org\/ayuntamiento\/wp-json\/wp\/v2\/posts\/28465\/revisions\/28504"}],"wp:featuredmedia":[{"embeddable":true,"href":"https:\/\/www.caudete.org\/ayuntamiento\/wp-json\/wp\/v2\/media\/28467"}],"wp:attachment":[{"href":"https:\/\/www.caudete.org\/ayuntamiento\/wp-json\/wp\/v2\/media?parent=28465"}],"wp:term":[{"taxonomy":"category","embeddable":true,"href":"https:\/\/www.caudete.org\/ayuntamiento\/wp-json\/wp\/v2\/categories?post=28465"},{"taxonomy":"post_tag","embeddable":true,"href":"https:\/\/www.caudete.org\/ayuntamiento\/wp-json\/wp\/v2\/tags?post=28465"}],"curies":[{"name":"wp","href":"https:\/\/api.w.org\/{rel}","templated":true}]}}