{"id":28469,"date":"2025-04-25T14:26:53","date_gmt":"2025-04-25T12:26:53","guid":{"rendered":"https:\/\/www.caudete.org\/ayuntamiento\/?p=28469"},"modified":"2025-04-25T14:26:53","modified_gmt":"2025-04-25T12:26:53","slug":"los-equipos-de-futbol-infantil-a-y-b-de-las-edm-logran-la-clasificacion-para-la-fase-eliminatoria","status":"publish","type":"post","link":"https:\/\/www.caudete.org\/ayuntamiento\/los-equipos-de-futbol-infantil-a-y-b-de-las-edm-logran-la-clasificacion-para-la-fase-eliminatoria\/","title":{"rendered":"Los equipos de F\u00fatbol Infantil A y B de las EDM logran la clasificaci\u00f3n para la fase eliminatoria"},"content":{"rendered":"<p><a href=\"https:\/\/www.caudete.org\/ayuntamiento\/wp-content\/uploads\/2025\/04\/WhatsApp-Image-2025-04-25-at-12.06.50.jpeg\" rel='prettyPhoto'><img fetchpriority=\"high\" decoding=\"async\" class=\"alignnone wp-image-28470 size-full\" src=\"https:\/\/www.caudete.org\/ayuntamiento\/wp-content\/uploads\/2025\/04\/WhatsApp-Image-2025-04-25-at-12.06.50.jpeg\" alt=\"\" width=\"1536\" height=\"2048\" srcset=\"https:\/\/www.caudete.org\/ayuntamiento\/wp-content\/uploads\/2025\/04\/WhatsApp-Image-2025-04-25-at-12.06.50.jpeg 1536w, https:\/\/www.caudete.org\/ayuntamiento\/wp-content\/uploads\/2025\/04\/WhatsApp-Image-2025-04-25-at-12.06.50-300x400.jpeg 300w, https:\/\/www.caudete.org\/ayuntamiento\/wp-content\/uploads\/2025\/04\/WhatsApp-Image-2025-04-25-at-12.06.50-600x800.jpeg 600w, https:\/\/www.caudete.org\/ayuntamiento\/wp-content\/uploads\/2025\/04\/WhatsApp-Image-2025-04-25-at-12.06.50-768x1024.jpeg 768w, https:\/\/www.caudete.org\/ayuntamiento\/wp-content\/uploads\/2025\/04\/WhatsApp-Image-2025-04-25-at-12.06.50-1152x1536.jpeg 1152w\" sizes=\"(max-width: 1536px) 100vw, 1536px\" \/><\/a><\/p>\n<p style=\"text-align: justify;\">\n<p style=\"text-align: justify;\"><strong>Los equipos de f\u00fatbol, Infantil A e Infantil B, de las Escuelas Deportivas Municipales (EDM) de Caudete han finalizado una excelente temporada en la liga del Grupo B, logrando ambos su clasificaci\u00f3n para la esperada fase eliminatoria.<\/strong><\/p>\n<p style=\"text-align: justify;\">El <strong>Infantil A<\/strong>, dirigido por <strong>Antonio Agull\u00f3 Requena<\/strong>, ha cerrado la competici\u00f3n en una brillante <strong>2\u00aa posici\u00f3n<\/strong>, sumando un total de <strong>72 puntos<\/strong>, con <strong>157 goles a favor y tan solo 19 en contra<\/strong>. Una temporada espectacular en la que el equipo ha mostrado un juego s\u00f3lido, ofensivo y muy equilibrado, donde cabe destacar la implicaci\u00f3n de todos los jugadores.<\/p>\n<p style=\"text-align: justify;\">El <strong>Infantil B<\/strong>, bajo la direcci\u00f3n de <strong>David Cervera Soler<\/strong>, ha conseguido una meritoria <strong>5\u00aa plaza<\/strong> con <strong>49 puntos<\/strong>, anotando <strong>104 goles a favor<\/strong> y encajando <strong>73 en contra<\/strong>. A lo largo de la temporada, el equipo ha demostrado una gran progresi\u00f3n, destacando por su capacidad ofensiva y por competir con intensidad en cada encuentro. El rendimiento por parte de todos ha sido de sobresaliente.<\/p>\n<p style=\"text-align: justify;\">Ambos equipos ya tienen fecha y rival para la fase eliminatoria:<\/p>\n<ul style=\"text-align: justify;\">\n<li>El <strong>Infantil A<\/strong> se enfrentar\u00e1 al <strong>Elche de la Sierra<\/strong> el <strong>s\u00e1bado 26 de abril a las 11:30 horas<\/strong> en la <strong>Ciudad Deportiva<\/strong> <strong>Antonio Amor\u00f3s<\/strong> de Caudete.<\/li>\n<li>El <strong>Infantil B<\/strong> jugar\u00e1 contra <strong>Casas Ib\u00e1\u00f1ez<\/strong> el pr\u00f3ximo <strong>mi\u00e9rcoles 1 de mayo a las 10:30 horas<\/strong>, en el campo del conjunto local.<\/li>\n<\/ul>\n<p style=\"text-align: justify;\">La <strong>concejal de Deportes, Pilar Egea<\/strong>, ha querido felicitar personalmente a los equipos, se\u00f1alando que \u201cel gran trabajo realizado tanto por los entrenadores como por los jugadores es digno de admiraci\u00f3n. Estos resultados son fruto del esfuerzo, la constancia y la pasi\u00f3n por el deporte que se respira en nuestras escuelas\u201d.<\/p>\n<p style=\"text-align: justify;\">Desde las Escuelas Deportivas Municipales de Caudete queremos sumarnos a esa felicitaci\u00f3n y desear a ambos equipos mucha suerte en la fase eliminatoria.<\/p>\n<p>&nbsp;<\/p>\n<p><a href=\"https:\/\/www.caudete.org\/ayuntamiento\/wp-content\/uploads\/2025\/04\/WhatsApp-Image-2025-04-25-at-12.06.32.jpeg\" rel='prettyPhoto'><img decoding=\"async\" class=\"alignnone wp-image-28471 size-full\" src=\"https:\/\/www.caudete.org\/ayuntamiento\/wp-content\/uploads\/2025\/04\/WhatsApp-Image-2025-04-25-at-12.06.32.jpeg\" alt=\"\" width=\"1600\" height=\"1200\" srcset=\"https:\/\/www.caudete.org\/ayuntamiento\/wp-content\/uploads\/2025\/04\/WhatsApp-Image-2025-04-25-at-12.06.32.jpeg 1600w, https:\/\/www.caudete.org\/ayuntamiento\/wp-content\/uploads\/2025\/04\/WhatsApp-Image-2025-04-25-at-12.06.32-533x400.jpeg 533w, https:\/\/www.caudete.org\/ayuntamiento\/wp-content\/uploads\/2025\/04\/WhatsApp-Image-2025-04-25-at-12.06.32-1067x800.jpeg 1067w, https:\/\/www.caudete.org\/ayuntamiento\/wp-content\/uploads\/2025\/04\/WhatsApp-Image-2025-04-25-at-12.06.32-768x576.jpeg 768w, https:\/\/www.caudete.org\/ayuntamiento\/wp-content\/uploads\/2025\/04\/WhatsApp-Image-2025-04-25-at-12.06.32-1536x1152.jpeg 1536w\" sizes=\"(max-width: 1600px) 100vw, 1600px\" \/><\/a><\/p>\n","protected":false},"excerpt":{"rendered":"<p>Los equipos de f\u00fatbol, Infantil A e Infantil B, de las Escuelas Deportivas Municipales (EDM) de Caudete han finalizado una excelente temporada en la liga del Grupo B, logrando ambos su clasificaci\u00f3n para la esperada fase eliminatoria. El Infantil A, dirigido por Antonio Agull\u00f3 Requena, ha cerrado la competici\u00f3n en una brillante 2\u00aa posici\u00f3n, sumando &hellip;<\/p>\n","protected":false},"author":3,"featured_media":28471,"comment_status":"closed","ping_status":"open","sticky":false,"template":"","format":"standard","meta":{"ngg_post_thumbnail":0,"footnotes":""},"categories":[23],"tags":[],"class_list":["post-28469","post","type-post","status-publish","format-standard","has-post-thumbnail","hentry","category-deportes"],"yoast_head":"<!-- This site is optimized with the Yoast SEO plugin v27.5 - https:\/\/yoast.com\/product\/yoast-seo-wordpress\/ -->\n<title>Los equipos de F\u00fatbol Infantil A y B de las EDM logran la clasificaci\u00f3n para la fase eliminatoria - MI Ayuntamiento de Caudete<\/title>\n<meta name=\"description\" content=\"P\u00e1gina Oficial del Ayuntamiento de Caudete (Albacete)\" \/>\n<meta name=\"robots\" content=\"index, follow, max-snippet:-1, max-image-preview:large, max-video-preview:-1\" \/>\n<link rel=\"canonical\" href=\"https:\/\/www.caudete.org\/ayuntamiento\/los-equipos-de-futbol-infantil-a-y-b-de-las-edm-logran-la-clasificacion-para-la-fase-eliminatoria\/\" \/>\n<meta property=\"og:locale\" content=\"es_ES\" \/>\n<meta property=\"og:type\" content=\"article\" \/>\n<meta property=\"og:title\" content=\"Los equipos de F\u00fatbol Infantil A y B de las EDM logran la clasificaci\u00f3n para la fase eliminatoria - MI Ayuntamiento de Caudete\" \/>\n<meta property=\"og:description\" content=\"P\u00e1gina Oficial del Ayuntamiento de Caudete (Albacete)\" \/>\n<meta property=\"og:url\" content=\"https:\/\/www.caudete.org\/ayuntamiento\/los-equipos-de-futbol-infantil-a-y-b-de-las-edm-logran-la-clasificacion-para-la-fase-eliminatoria\/\" \/>\n<meta property=\"og:site_name\" content=\"MI Ayuntamiento de Caudete\" \/>\n<meta property=\"article:publisher\" content=\"https:\/\/www.facebook.com\/ayuntamientocaudete\/\" \/>\n<meta property=\"article:published_time\" content=\"2025-04-25T12:26:53+00:00\" \/>\n<meta property=\"og:image\" content=\"https:\/\/www.caudete.org\/ayuntamiento\/wp-content\/uploads\/2025\/04\/WhatsApp-Image-2025-04-25-at-12.06.32.jpeg\" \/>\n\t<meta property=\"og:image:width\" content=\"1600\" \/>\n\t<meta property=\"og:image:height\" content=\"1200\" \/>\n\t<meta property=\"og:image:type\" content=\"image\/jpeg\" \/>\n<meta name=\"author\" content=\"alcalde\" \/>\n<meta name=\"twitter:card\" content=\"summary_large_image\" \/>\n<meta name=\"twitter:label1\" content=\"Escrito por\" \/>\n\t<meta name=\"twitter:data1\" content=\"alcalde\" \/>\n\t<meta name=\"twitter:label2\" content=\"Tiempo de lectura\" \/>\n\t<meta name=\"twitter:data2\" content=\"2 minutos\" \/>\n<script type=\"application\/ld+json\" class=\"yoast-schema-graph\">{\"@context\":\"https:\\\/\\\/schema.org\",\"@graph\":[{\"@type\":\"Article\",\"@id\":\"https:\\\/\\\/www.caudete.org\\\/ayuntamiento\\\/los-equipos-de-futbol-infantil-a-y-b-de-las-edm-logran-la-clasificacion-para-la-fase-eliminatoria\\\/#article\",\"isPartOf\":{\"@id\":\"https:\\\/\\\/www.caudete.org\\\/ayuntamiento\\\/los-equipos-de-futbol-infantil-a-y-b-de-las-edm-logran-la-clasificacion-para-la-fase-eliminatoria\\\/\"},\"author\":{\"name\":\"alcalde\",\"@id\":\"https:\\\/\\\/www.caudete.org\\\/ayuntamiento\\\/#\\\/schema\\\/person\\\/cc646da9133078ee4d8dd47457947253\"},\"headline\":\"Los equipos de F\u00fatbol Infantil A y B de las EDM logran la clasificaci\u00f3n para la fase eliminatoria\",\"datePublished\":\"2025-04-25T12:26:53+00:00\",\"mainEntityOfPage\":{\"@id\":\"https:\\\/\\\/www.caudete.org\\\/ayuntamiento\\\/los-equipos-de-futbol-infantil-a-y-b-de-las-edm-logran-la-clasificacion-para-la-fase-eliminatoria\\\/\"},\"wordCount\":323,\"image\":{\"@id\":\"https:\\\/\\\/www.caudete.org\\\/ayuntamiento\\\/los-equipos-de-futbol-infantil-a-y-b-de-las-edm-logran-la-clasificacion-para-la-fase-eliminatoria\\\/#primaryimage\"},\"thumbnailUrl\":\"https:\\\/\\\/www.caudete.org\\\/ayuntamiento\\\/wp-content\\\/uploads\\\/2025\\\/04\\\/WhatsApp-Image-2025-04-25-at-12.06.32.jpeg\",\"articleSection\":[\"Deportes\"],\"inLanguage\":\"es\"},{\"@type\":\"WebPage\",\"@id\":\"https:\\\/\\\/www.caudete.org\\\/ayuntamiento\\\/los-equipos-de-futbol-infantil-a-y-b-de-las-edm-logran-la-clasificacion-para-la-fase-eliminatoria\\\/\",\"url\":\"https:\\\/\\\/www.caudete.org\\\/ayuntamiento\\\/los-equipos-de-futbol-infantil-a-y-b-de-las-edm-logran-la-clasificacion-para-la-fase-eliminatoria\\\/\",\"name\":\"Los equipos de F\u00fatbol Infantil A y B de las EDM logran la clasificaci\u00f3n para la fase eliminatoria - MI Ayuntamiento de Caudete\",\"isPartOf\":{\"@id\":\"https:\\\/\\\/www.caudete.org\\\/ayuntamiento\\\/#website\"},\"primaryImageOfPage\":{\"@id\":\"https:\\\/\\\/www.caudete.org\\\/ayuntamiento\\\/los-equipos-de-futbol-infantil-a-y-b-de-las-edm-logran-la-clasificacion-para-la-fase-eliminatoria\\\/#primaryimage\"},\"image\":{\"@id\":\"https:\\\/\\\/www.caudete.org\\\/ayuntamiento\\\/los-equipos-de-futbol-infantil-a-y-b-de-las-edm-logran-la-clasificacion-para-la-fase-eliminatoria\\\/#primaryimage\"},\"thumbnailUrl\":\"https:\\\/\\\/www.caudete.org\\\/ayuntamiento\\\/wp-content\\\/uploads\\\/2025\\\/04\\\/WhatsApp-Image-2025-04-25-at-12.06.32.jpeg\",\"datePublished\":\"2025-04-25T12:26:53+00:00\",\"author\":{\"@id\":\"https:\\\/\\\/www.caudete.org\\\/ayuntamiento\\\/#\\\/schema\\\/person\\\/cc646da9133078ee4d8dd47457947253\"},\"description\":\"P\u00e1gina Oficial del Ayuntamiento de Caudete (Albacete)\",\"breadcrumb\":{\"@id\":\"https:\\\/\\\/www.caudete.org\\\/ayuntamiento\\\/los-equipos-de-futbol-infantil-a-y-b-de-las-edm-logran-la-clasificacion-para-la-fase-eliminatoria\\\/#breadcrumb\"},\"inLanguage\":\"es\",\"potentialAction\":[{\"@type\":\"ReadAction\",\"target\":[\"https:\\\/\\\/www.caudete.org\\\/ayuntamiento\\\/los-equipos-de-futbol-infantil-a-y-b-de-las-edm-logran-la-clasificacion-para-la-fase-eliminatoria\\\/\"]}]},{\"@type\":\"ImageObject\",\"inLanguage\":\"es\",\"@id\":\"https:\\\/\\\/www.caudete.org\\\/ayuntamiento\\\/los-equipos-de-futbol-infantil-a-y-b-de-las-edm-logran-la-clasificacion-para-la-fase-eliminatoria\\\/#primaryimage\",\"url\":\"https:\\\/\\\/www.caudete.org\\\/ayuntamiento\\\/wp-content\\\/uploads\\\/2025\\\/04\\\/WhatsApp-Image-2025-04-25-at-12.06.32.jpeg\",\"contentUrl\":\"https:\\\/\\\/www.caudete.org\\\/ayuntamiento\\\/wp-content\\\/uploads\\\/2025\\\/04\\\/WhatsApp-Image-2025-04-25-at-12.06.32.jpeg\",\"width\":1600,\"height\":1200},{\"@type\":\"BreadcrumbList\",\"@id\":\"https:\\\/\\\/www.caudete.org\\\/ayuntamiento\\\/los-equipos-de-futbol-infantil-a-y-b-de-las-edm-logran-la-clasificacion-para-la-fase-eliminatoria\\\/#breadcrumb\",\"itemListElement\":[{\"@type\":\"ListItem\",\"position\":1,\"name\":\"Inicio\",\"item\":\"https:\\\/\\\/www.caudete.org\\\/ayuntamiento\\\/\"},{\"@type\":\"ListItem\",\"position\":2,\"name\":\"Los equipos de F\u00fatbol Infantil A y B de las EDM logran la clasificaci\u00f3n para la fase eliminatoria\"}]},{\"@type\":\"WebSite\",\"@id\":\"https:\\\/\\\/www.caudete.org\\\/ayuntamiento\\\/#website\",\"url\":\"https:\\\/\\\/www.caudete.org\\\/ayuntamiento\\\/\",\"name\":\"MI Ayuntamiento de Caudete\",\"description\":\"P\u00e1gina Oficial del MI Ayuntamiento de Caudete\",\"potentialAction\":[{\"@type\":\"SearchAction\",\"target\":{\"@type\":\"EntryPoint\",\"urlTemplate\":\"https:\\\/\\\/www.caudete.org\\\/ayuntamiento\\\/?s={search_term_string}\"},\"query-input\":{\"@type\":\"PropertyValueSpecification\",\"valueRequired\":true,\"valueName\":\"search_term_string\"}}],\"inLanguage\":\"es\"},{\"@type\":\"Person\",\"@id\":\"https:\\\/\\\/www.caudete.org\\\/ayuntamiento\\\/#\\\/schema\\\/person\\\/cc646da9133078ee4d8dd47457947253\",\"name\":\"alcalde\",\"image\":{\"@type\":\"ImageObject\",\"inLanguage\":\"es\",\"@id\":\"https:\\\/\\\/secure.gravatar.com\\\/avatar\\\/84a817ba065b29ff08d666b215a215f5c79186a645ccb25b14a663d48a130f77?s=96&d=mm&r=g\",\"url\":\"https:\\\/\\\/secure.gravatar.com\\\/avatar\\\/84a817ba065b29ff08d666b215a215f5c79186a645ccb25b14a663d48a130f77?s=96&d=mm&r=g\",\"contentUrl\":\"https:\\\/\\\/secure.gravatar.com\\\/avatar\\\/84a817ba065b29ff08d666b215a215f5c79186a645ccb25b14a663d48a130f77?s=96&d=mm&r=g\",\"caption\":\"alcalde\"},\"url\":\"https:\\\/\\\/www.caudete.org\\\/ayuntamiento\\\/author\\\/alcalde\\\/\"}]}<\/script>\n<!-- \/ Yoast SEO plugin. -->","yoast_head_json":{"title":"Los equipos de F\u00fatbol Infantil A y B de las EDM logran la clasificaci\u00f3n para la fase eliminatoria - MI Ayuntamiento de Caudete","description":"P\u00e1gina Oficial del Ayuntamiento de Caudete (Albacete)","robots":{"index":"index","follow":"follow","max-snippet":"max-snippet:-1","max-image-preview":"max-image-preview:large","max-video-preview":"max-video-preview:-1"},"canonical":"https:\/\/www.caudete.org\/ayuntamiento\/los-equipos-de-futbol-infantil-a-y-b-de-las-edm-logran-la-clasificacion-para-la-fase-eliminatoria\/","og_locale":"es_ES","og_type":"article","og_title":"Los equipos de F\u00fatbol Infantil A y B de las EDM logran la clasificaci\u00f3n para la fase eliminatoria - MI Ayuntamiento de Caudete","og_description":"P\u00e1gina Oficial del Ayuntamiento de Caudete (Albacete)","og_url":"https:\/\/www.caudete.org\/ayuntamiento\/los-equipos-de-futbol-infantil-a-y-b-de-las-edm-logran-la-clasificacion-para-la-fase-eliminatoria\/","og_site_name":"MI Ayuntamiento de Caudete","article_publisher":"https:\/\/www.facebook.com\/ayuntamientocaudete\/","article_published_time":"2025-04-25T12:26:53+00:00","og_image":[{"width":1600,"height":1200,"url":"https:\/\/www.caudete.org\/ayuntamiento\/wp-content\/uploads\/2025\/04\/WhatsApp-Image-2025-04-25-at-12.06.32.jpeg","type":"image\/jpeg"}],"author":"alcalde","twitter_card":"summary_large_image","twitter_misc":{"Escrito por":"alcalde","Tiempo de lectura":"2 minutos"},"schema":{"@context":"https:\/\/schema.org","@graph":[{"@type":"Article","@id":"https:\/\/www.caudete.org\/ayuntamiento\/los-equipos-de-futbol-infantil-a-y-b-de-las-edm-logran-la-clasificacion-para-la-fase-eliminatoria\/#article","isPartOf":{"@id":"https:\/\/www.caudete.org\/ayuntamiento\/los-equipos-de-futbol-infantil-a-y-b-de-las-edm-logran-la-clasificacion-para-la-fase-eliminatoria\/"},"author":{"name":"alcalde","@id":"https:\/\/www.caudete.org\/ayuntamiento\/#\/schema\/person\/cc646da9133078ee4d8dd47457947253"},"headline":"Los equipos de F\u00fatbol Infantil A y B de las EDM logran la clasificaci\u00f3n para la fase eliminatoria","datePublished":"2025-04-25T12:26:53+00:00","mainEntityOfPage":{"@id":"https:\/\/www.caudete.org\/ayuntamiento\/los-equipos-de-futbol-infantil-a-y-b-de-las-edm-logran-la-clasificacion-para-la-fase-eliminatoria\/"},"wordCount":323,"image":{"@id":"https:\/\/www.caudete.org\/ayuntamiento\/los-equipos-de-futbol-infantil-a-y-b-de-las-edm-logran-la-clasificacion-para-la-fase-eliminatoria\/#primaryimage"},"thumbnailUrl":"https:\/\/www.caudete.org\/ayuntamiento\/wp-content\/uploads\/2025\/04\/WhatsApp-Image-2025-04-25-at-12.06.32.jpeg","articleSection":["Deportes"],"inLanguage":"es"},{"@type":"WebPage","@id":"https:\/\/www.caudete.org\/ayuntamiento\/los-equipos-de-futbol-infantil-a-y-b-de-las-edm-logran-la-clasificacion-para-la-fase-eliminatoria\/","url":"https:\/\/www.caudete.org\/ayuntamiento\/los-equipos-de-futbol-infantil-a-y-b-de-las-edm-logran-la-clasificacion-para-la-fase-eliminatoria\/","name":"Los equipos de F\u00fatbol Infantil A y B de las EDM logran la clasificaci\u00f3n para la fase eliminatoria - MI Ayuntamiento de Caudete","isPartOf":{"@id":"https:\/\/www.caudete.org\/ayuntamiento\/#website"},"primaryImageOfPage":{"@id":"https:\/\/www.caudete.org\/ayuntamiento\/los-equipos-de-futbol-infantil-a-y-b-de-las-edm-logran-la-clasificacion-para-la-fase-eliminatoria\/#primaryimage"},"image":{"@id":"https:\/\/www.caudete.org\/ayuntamiento\/los-equipos-de-futbol-infantil-a-y-b-de-las-edm-logran-la-clasificacion-para-la-fase-eliminatoria\/#primaryimage"},"thumbnailUrl":"https:\/\/www.caudete.org\/ayuntamiento\/wp-content\/uploads\/2025\/04\/WhatsApp-Image-2025-04-25-at-12.06.32.jpeg","datePublished":"2025-04-25T12:26:53+00:00","author":{"@id":"https:\/\/www.caudete.org\/ayuntamiento\/#\/schema\/person\/cc646da9133078ee4d8dd47457947253"},"description":"P\u00e1gina Oficial del Ayuntamiento de Caudete (Albacete)","breadcrumb":{"@id":"https:\/\/www.caudete.org\/ayuntamiento\/los-equipos-de-futbol-infantil-a-y-b-de-las-edm-logran-la-clasificacion-para-la-fase-eliminatoria\/#breadcrumb"},"inLanguage":"es","potentialAction":[{"@type":"ReadAction","target":["https:\/\/www.caudete.org\/ayuntamiento\/los-equipos-de-futbol-infantil-a-y-b-de-las-edm-logran-la-clasificacion-para-la-fase-eliminatoria\/"]}]},{"@type":"ImageObject","inLanguage":"es","@id":"https:\/\/www.caudete.org\/ayuntamiento\/los-equipos-de-futbol-infantil-a-y-b-de-las-edm-logran-la-clasificacion-para-la-fase-eliminatoria\/#primaryimage","url":"https:\/\/www.caudete.org\/ayuntamiento\/wp-content\/uploads\/2025\/04\/WhatsApp-Image-2025-04-25-at-12.06.32.jpeg","contentUrl":"https:\/\/www.caudete.org\/ayuntamiento\/wp-content\/uploads\/2025\/04\/WhatsApp-Image-2025-04-25-at-12.06.32.jpeg","width":1600,"height":1200},{"@type":"BreadcrumbList","@id":"https:\/\/www.caudete.org\/ayuntamiento\/los-equipos-de-futbol-infantil-a-y-b-de-las-edm-logran-la-clasificacion-para-la-fase-eliminatoria\/#breadcrumb","itemListElement":[{"@type":"ListItem","position":1,"name":"Inicio","item":"https:\/\/www.caudete.org\/ayuntamiento\/"},{"@type":"ListItem","position":2,"name":"Los equipos de F\u00fatbol Infantil A y B de las EDM logran la clasificaci\u00f3n para la fase eliminatoria"}]},{"@type":"WebSite","@id":"https:\/\/www.caudete.org\/ayuntamiento\/#website","url":"https:\/\/www.caudete.org\/ayuntamiento\/","name":"MI Ayuntamiento de Caudete","description":"P\u00e1gina Oficial del MI Ayuntamiento de Caudete","potentialAction":[{"@type":"SearchAction","target":{"@type":"EntryPoint","urlTemplate":"https:\/\/www.caudete.org\/ayuntamiento\/?s={search_term_string}"},"query-input":{"@type":"PropertyValueSpecification","valueRequired":true,"valueName":"search_term_string"}}],"inLanguage":"es"},{"@type":"Person","@id":"https:\/\/www.caudete.org\/ayuntamiento\/#\/schema\/person\/cc646da9133078ee4d8dd47457947253","name":"alcalde","image":{"@type":"ImageObject","inLanguage":"es","@id":"https:\/\/secure.gravatar.com\/avatar\/84a817ba065b29ff08d666b215a215f5c79186a645ccb25b14a663d48a130f77?s=96&d=mm&r=g","url":"https:\/\/secure.gravatar.com\/avatar\/84a817ba065b29ff08d666b215a215f5c79186a645ccb25b14a663d48a130f77?s=96&d=mm&r=g","contentUrl":"https:\/\/secure.gravatar.com\/avatar\/84a817ba065b29ff08d666b215a215f5c79186a645ccb25b14a663d48a130f77?s=96&d=mm&r=g","caption":"alcalde"},"url":"https:\/\/www.caudete.org\/ayuntamiento\/author\/alcalde\/"}]}},"_links":{"self":[{"href":"https:\/\/www.caudete.org\/ayuntamiento\/wp-json\/wp\/v2\/posts\/28469","targetHints":{"allow":["GET"]}}],"collection":[{"href":"https:\/\/www.caudete.org\/ayuntamiento\/wp-json\/wp\/v2\/posts"}],"about":[{"href":"https:\/\/www.caudete.org\/ayuntamiento\/wp-json\/wp\/v2\/types\/post"}],"author":[{"embeddable":true,"href":"https:\/\/www.caudete.org\/ayuntamiento\/wp-json\/wp\/v2\/users\/3"}],"replies":[{"embeddable":true,"href":"https:\/\/www.caudete.org\/ayuntamiento\/wp-json\/wp\/v2\/comments?post=28469"}],"version-history":[{"count":1,"href":"https:\/\/www.caudete.org\/ayuntamiento\/wp-json\/wp\/v2\/posts\/28469\/revisions"}],"predecessor-version":[{"id":28473,"href":"https:\/\/www.caudete.org\/ayuntamiento\/wp-json\/wp\/v2\/posts\/28469\/revisions\/28473"}],"wp:featuredmedia":[{"embeddable":true,"href":"https:\/\/www.caudete.org\/ayuntamiento\/wp-json\/wp\/v2\/media\/28471"}],"wp:attachment":[{"href":"https:\/\/www.caudete.org\/ayuntamiento\/wp-json\/wp\/v2\/media?parent=28469"}],"wp:term":[{"taxonomy":"category","embeddable":true,"href":"https:\/\/www.caudete.org\/ayuntamiento\/wp-json\/wp\/v2\/categories?post=28469"},{"taxonomy":"post_tag","embeddable":true,"href":"https:\/\/www.caudete.org\/ayuntamiento\/wp-json\/wp\/v2\/tags?post=28469"}],"curies":[{"name":"wp","href":"https:\/\/api.w.org\/{rel}","templated":true}]}}