{"id":28474,"date":"2025-04-29T09:00:38","date_gmt":"2025-04-29T07:00:38","guid":{"rendered":"https:\/\/www.caudete.org\/ayuntamiento\/?p=28474"},"modified":"2025-05-05T08:46:34","modified_gmt":"2025-05-05T06:46:34","slug":"caudete-celebra-el-dia-de-la-danza-el-proximo-sabado-3-de-mayo","status":"publish","type":"post","link":"https:\/\/www.caudete.org\/ayuntamiento\/caudete-celebra-el-dia-de-la-danza-el-proximo-sabado-3-de-mayo\/","title":{"rendered":"Caudete celebra el D\u00eda de la Danza el pr\u00f3ximo s\u00e1bado 3 de Mayo"},"content":{"rendered":"<p><a href=\"https:\/\/www.caudete.org\/ayuntamiento\/wp-content\/uploads\/2025\/04\/2.png\" rel='prettyPhoto'><img fetchpriority=\"high\" decoding=\"async\" class=\"alignnone wp-image-28475 size-full\" src=\"https:\/\/www.caudete.org\/ayuntamiento\/wp-content\/uploads\/2025\/04\/2.png\" alt=\"\" width=\"1050\" height=\"600\" srcset=\"https:\/\/www.caudete.org\/ayuntamiento\/wp-content\/uploads\/2025\/04\/2.png 1050w, https:\/\/www.caudete.org\/ayuntamiento\/wp-content\/uploads\/2025\/04\/2-600x343.png 600w, https:\/\/www.caudete.org\/ayuntamiento\/wp-content\/uploads\/2025\/04\/2-768x439.png 768w\" sizes=\"(max-width: 1050px) 100vw, 1050px\" \/><\/a><\/p>\n<p style=\"text-align: justify;\">Hoy, 29 de abril se celebra el <strong>D\u00eda Internacional de la Danza<\/strong>, cuyo objetivo es homenajear a la danza como una disciplina de arte universal y diversa, reuniendo a todos los que han elegido esta forma de expresi\u00f3n sin barreras.<\/p>\n<p style=\"text-align: justify;\">Desde la Concejal\u00eda de Cultura, y en su nombre su titular Manoli Gonz\u00e1lez traslada que el M.I. Ayuntamiento de Caudete se une a esta celebraci\u00f3n con el siguiente programa:<\/p>\n<p style=\"text-align: justify;\"><strong>S\u00e1bado 3 de mayo<\/strong><\/p>\n<p style=\"text-align: justify;\">Lugares emblem\u00e1ticos de Caudete servir\u00e1n de escenario para las intervenciones danc\u00edsticas de nuestras bailarinas locales:<\/p>\n<p style=\"text-align: justify;\"><strong>11:00h<\/strong> Estudio de Danza Anabel y Curso Bailes de Sal\u00f3n Universidad Popular. Lugar: Muralla del Castillo<\/p>\n<p style=\"text-align: justify;\"><strong>11:30h<\/strong> Escuela Municipal de M\u00fasica y Danza. Lugar: Paseo Luis Golf<\/p>\n<p style=\"text-align: justify;\"><strong>12:00h<\/strong> Esc\u00e9nica Danza. Lugar: Paseo Luis Golf<\/p>\n<p style=\"text-align: justify;\">Adem\u00e1s, contamos con el espect\u00e1culo \u201cNANKURUNAISA\u201d de la Compa\u00f1\u00eda Estamos a tiempo a las 19:00h en el Auditorio Municipal.<\/p>\n<p style=\"text-align: justify;\">Estamos a tiempo es la primera compa\u00f1\u00eda de danza\/teatro inclusiva de Castilla La Mancha. Nace en 2022 gracias al apoyo de la Conserjer\u00eda de Cultura y Deporte y el Cultural Albacete. Tras el estreno de su primer espect\u00e1culo en 2022, la compa\u00f1\u00eda se ha volcado en una gira de m\u00e1s de 20 actuaciones en todo el territorio nacional, recibiendo gracias a su gran impacto en la regi\u00f3n en Premio Especial de Reconocimiento por parte de la Consejer\u00eda de Bienestar Social.<\/p>\n<p style=\"text-align: justify;\"><strong>NANKURUNAISA<\/strong> es un espect\u00e1culo compuesto por las piezas \u201cQuercus\u201d, \u201cComunicando\u201d y \u201cD\u00edas que fueron noches\u201d, la compa\u00f1\u00eda de danza\/teatro inclusiva que busca dar respuesta a las numerosas inquietudes y preguntas que surgen a lo largo de nuestra vida evocando esta frase como un mantra que nos recuerde que, especialmente en los momentos de naufragio, la vida siempre est\u00e1 esperando para abrazarnos de nuevo.<\/p>\n<p style=\"text-align: justify;\">Entradas ya disponibles en Casa de Cultura.<\/p>\n<p style=\"text-align: justify;\"><strong><em>Esperamos que este programa sirva para que la danza nos una a todos bajo su lenguaje universal.<\/em><\/strong><\/p>\n<p style=\"text-align: justify;\">Nuestro agradecimiento a todas las escuelas de Danza locales por su gran colaboraci\u00f3n e implicaci\u00f3n en este programa.<\/p>\n<p><a href=\"https:\/\/www.caudete.org\/ayuntamiento\/wp-content\/uploads\/2025\/04\/1.png\" rel='prettyPhoto'><img decoding=\"async\" class=\"alignnone wp-image-28476 size-full\" src=\"https:\/\/www.caudete.org\/ayuntamiento\/wp-content\/uploads\/2025\/04\/1.png\" alt=\"\" width=\"1050\" height=\"600\" srcset=\"https:\/\/www.caudete.org\/ayuntamiento\/wp-content\/uploads\/2025\/04\/1.png 1050w, https:\/\/www.caudete.org\/ayuntamiento\/wp-content\/uploads\/2025\/04\/1-600x343.png 600w, https:\/\/www.caudete.org\/ayuntamiento\/wp-content\/uploads\/2025\/04\/1-768x439.png 768w\" sizes=\"(max-width: 1050px) 100vw, 1050px\" \/><\/a><\/p>\n","protected":false},"excerpt":{"rendered":"<p>Hoy, 29 de abril se celebra el D\u00eda Internacional de la Danza, cuyo objetivo es homenajear a la danza como una disciplina de arte universal y diversa, reuniendo a todos los que han elegido esta forma de expresi\u00f3n sin barreras. Desde la Concejal\u00eda de Cultura, y en su nombre su titular Manoli Gonz\u00e1lez traslada que &hellip;<\/p>\n","protected":false},"author":3,"featured_media":28476,"comment_status":"closed","ping_status":"open","sticky":false,"template":"","format":"standard","meta":{"ngg_post_thumbnail":0,"footnotes":""},"categories":[14],"tags":[],"class_list":["post-28474","post","type-post","status-publish","format-standard","has-post-thumbnail","hentry","category-cultura"],"yoast_head":"<!-- This site is optimized with the Yoast SEO plugin v27.5 - https:\/\/yoast.com\/product\/yoast-seo-wordpress\/ -->\n<title>Caudete celebra el D\u00eda de la Danza el pr\u00f3ximo s\u00e1bado 3 de Mayo - MI Ayuntamiento de Caudete<\/title>\n<meta name=\"description\" content=\"P\u00e1gina Oficial del Ayuntamiento de Caudete (Albacete)\" \/>\n<meta name=\"robots\" content=\"index, follow, max-snippet:-1, max-image-preview:large, max-video-preview:-1\" \/>\n<link rel=\"canonical\" href=\"https:\/\/www.caudete.org\/ayuntamiento\/caudete-celebra-el-dia-de-la-danza-el-proximo-sabado-3-de-mayo\/\" \/>\n<meta property=\"og:locale\" content=\"es_ES\" \/>\n<meta property=\"og:type\" content=\"article\" \/>\n<meta property=\"og:title\" content=\"Caudete celebra el D\u00eda de la Danza el pr\u00f3ximo s\u00e1bado 3 de Mayo - MI Ayuntamiento de Caudete\" \/>\n<meta property=\"og:description\" content=\"P\u00e1gina Oficial del Ayuntamiento de Caudete (Albacete)\" \/>\n<meta property=\"og:url\" content=\"https:\/\/www.caudete.org\/ayuntamiento\/caudete-celebra-el-dia-de-la-danza-el-proximo-sabado-3-de-mayo\/\" \/>\n<meta property=\"og:site_name\" content=\"MI Ayuntamiento de Caudete\" \/>\n<meta property=\"article:publisher\" content=\"https:\/\/www.facebook.com\/ayuntamientocaudete\/\" \/>\n<meta property=\"article:published_time\" content=\"2025-04-29T07:00:38+00:00\" \/>\n<meta property=\"article:modified_time\" content=\"2025-05-05T06:46:34+00:00\" \/>\n<meta property=\"og:image\" content=\"https:\/\/www.caudete.org\/ayuntamiento\/wp-content\/uploads\/2025\/04\/1.png\" \/>\n\t<meta property=\"og:image:width\" content=\"1050\" \/>\n\t<meta property=\"og:image:height\" content=\"600\" \/>\n\t<meta property=\"og:image:type\" content=\"image\/png\" \/>\n<meta name=\"author\" content=\"alcalde\" \/>\n<meta name=\"twitter:card\" content=\"summary_large_image\" \/>\n<meta name=\"twitter:label1\" content=\"Escrito por\" \/>\n\t<meta name=\"twitter:data1\" content=\"alcalde\" \/>\n\t<meta name=\"twitter:label2\" content=\"Tiempo de lectura\" \/>\n\t<meta name=\"twitter:data2\" content=\"3 minutos\" \/>\n<script type=\"application\/ld+json\" class=\"yoast-schema-graph\">{\"@context\":\"https:\\\/\\\/schema.org\",\"@graph\":[{\"@type\":\"Article\",\"@id\":\"https:\\\/\\\/www.caudete.org\\\/ayuntamiento\\\/caudete-celebra-el-dia-de-la-danza-el-proximo-sabado-3-de-mayo\\\/#article\",\"isPartOf\":{\"@id\":\"https:\\\/\\\/www.caudete.org\\\/ayuntamiento\\\/caudete-celebra-el-dia-de-la-danza-el-proximo-sabado-3-de-mayo\\\/\"},\"author\":{\"name\":\"alcalde\",\"@id\":\"https:\\\/\\\/www.caudete.org\\\/ayuntamiento\\\/#\\\/schema\\\/person\\\/cc646da9133078ee4d8dd47457947253\"},\"headline\":\"Caudete celebra el D\u00eda de la Danza el pr\u00f3ximo s\u00e1bado 3 de Mayo\",\"datePublished\":\"2025-04-29T07:00:38+00:00\",\"dateModified\":\"2025-05-05T06:46:34+00:00\",\"mainEntityOfPage\":{\"@id\":\"https:\\\/\\\/www.caudete.org\\\/ayuntamiento\\\/caudete-celebra-el-dia-de-la-danza-el-proximo-sabado-3-de-mayo\\\/\"},\"wordCount\":366,\"image\":{\"@id\":\"https:\\\/\\\/www.caudete.org\\\/ayuntamiento\\\/caudete-celebra-el-dia-de-la-danza-el-proximo-sabado-3-de-mayo\\\/#primaryimage\"},\"thumbnailUrl\":\"https:\\\/\\\/www.caudete.org\\\/ayuntamiento\\\/wp-content\\\/uploads\\\/2025\\\/04\\\/1.png\",\"articleSection\":[\"Cultura\"],\"inLanguage\":\"es\"},{\"@type\":\"WebPage\",\"@id\":\"https:\\\/\\\/www.caudete.org\\\/ayuntamiento\\\/caudete-celebra-el-dia-de-la-danza-el-proximo-sabado-3-de-mayo\\\/\",\"url\":\"https:\\\/\\\/www.caudete.org\\\/ayuntamiento\\\/caudete-celebra-el-dia-de-la-danza-el-proximo-sabado-3-de-mayo\\\/\",\"name\":\"Caudete celebra el D\u00eda de la Danza el pr\u00f3ximo s\u00e1bado 3 de Mayo - MI Ayuntamiento de Caudete\",\"isPartOf\":{\"@id\":\"https:\\\/\\\/www.caudete.org\\\/ayuntamiento\\\/#website\"},\"primaryImageOfPage\":{\"@id\":\"https:\\\/\\\/www.caudete.org\\\/ayuntamiento\\\/caudete-celebra-el-dia-de-la-danza-el-proximo-sabado-3-de-mayo\\\/#primaryimage\"},\"image\":{\"@id\":\"https:\\\/\\\/www.caudete.org\\\/ayuntamiento\\\/caudete-celebra-el-dia-de-la-danza-el-proximo-sabado-3-de-mayo\\\/#primaryimage\"},\"thumbnailUrl\":\"https:\\\/\\\/www.caudete.org\\\/ayuntamiento\\\/wp-content\\\/uploads\\\/2025\\\/04\\\/1.png\",\"datePublished\":\"2025-04-29T07:00:38+00:00\",\"dateModified\":\"2025-05-05T06:46:34+00:00\",\"author\":{\"@id\":\"https:\\\/\\\/www.caudete.org\\\/ayuntamiento\\\/#\\\/schema\\\/person\\\/cc646da9133078ee4d8dd47457947253\"},\"description\":\"P\u00e1gina Oficial del Ayuntamiento de Caudete (Albacete)\",\"breadcrumb\":{\"@id\":\"https:\\\/\\\/www.caudete.org\\\/ayuntamiento\\\/caudete-celebra-el-dia-de-la-danza-el-proximo-sabado-3-de-mayo\\\/#breadcrumb\"},\"inLanguage\":\"es\",\"potentialAction\":[{\"@type\":\"ReadAction\",\"target\":[\"https:\\\/\\\/www.caudete.org\\\/ayuntamiento\\\/caudete-celebra-el-dia-de-la-danza-el-proximo-sabado-3-de-mayo\\\/\"]}]},{\"@type\":\"ImageObject\",\"inLanguage\":\"es\",\"@id\":\"https:\\\/\\\/www.caudete.org\\\/ayuntamiento\\\/caudete-celebra-el-dia-de-la-danza-el-proximo-sabado-3-de-mayo\\\/#primaryimage\",\"url\":\"https:\\\/\\\/www.caudete.org\\\/ayuntamiento\\\/wp-content\\\/uploads\\\/2025\\\/04\\\/1.png\",\"contentUrl\":\"https:\\\/\\\/www.caudete.org\\\/ayuntamiento\\\/wp-content\\\/uploads\\\/2025\\\/04\\\/1.png\",\"width\":1050,\"height\":600},{\"@type\":\"BreadcrumbList\",\"@id\":\"https:\\\/\\\/www.caudete.org\\\/ayuntamiento\\\/caudete-celebra-el-dia-de-la-danza-el-proximo-sabado-3-de-mayo\\\/#breadcrumb\",\"itemListElement\":[{\"@type\":\"ListItem\",\"position\":1,\"name\":\"Inicio\",\"item\":\"https:\\\/\\\/www.caudete.org\\\/ayuntamiento\\\/\"},{\"@type\":\"ListItem\",\"position\":2,\"name\":\"Caudete celebra el D\u00eda de la Danza el pr\u00f3ximo s\u00e1bado 3 de Mayo\"}]},{\"@type\":\"WebSite\",\"@id\":\"https:\\\/\\\/www.caudete.org\\\/ayuntamiento\\\/#website\",\"url\":\"https:\\\/\\\/www.caudete.org\\\/ayuntamiento\\\/\",\"name\":\"MI Ayuntamiento de Caudete\",\"description\":\"P\u00e1gina Oficial del MI Ayuntamiento de Caudete\",\"potentialAction\":[{\"@type\":\"SearchAction\",\"target\":{\"@type\":\"EntryPoint\",\"urlTemplate\":\"https:\\\/\\\/www.caudete.org\\\/ayuntamiento\\\/?s={search_term_string}\"},\"query-input\":{\"@type\":\"PropertyValueSpecification\",\"valueRequired\":true,\"valueName\":\"search_term_string\"}}],\"inLanguage\":\"es\"},{\"@type\":\"Person\",\"@id\":\"https:\\\/\\\/www.caudete.org\\\/ayuntamiento\\\/#\\\/schema\\\/person\\\/cc646da9133078ee4d8dd47457947253\",\"name\":\"alcalde\",\"image\":{\"@type\":\"ImageObject\",\"inLanguage\":\"es\",\"@id\":\"https:\\\/\\\/secure.gravatar.com\\\/avatar\\\/84a817ba065b29ff08d666b215a215f5c79186a645ccb25b14a663d48a130f77?s=96&d=mm&r=g\",\"url\":\"https:\\\/\\\/secure.gravatar.com\\\/avatar\\\/84a817ba065b29ff08d666b215a215f5c79186a645ccb25b14a663d48a130f77?s=96&d=mm&r=g\",\"contentUrl\":\"https:\\\/\\\/secure.gravatar.com\\\/avatar\\\/84a817ba065b29ff08d666b215a215f5c79186a645ccb25b14a663d48a130f77?s=96&d=mm&r=g\",\"caption\":\"alcalde\"},\"url\":\"https:\\\/\\\/www.caudete.org\\\/ayuntamiento\\\/author\\\/alcalde\\\/\"}]}<\/script>\n<!-- \/ Yoast SEO plugin. -->","yoast_head_json":{"title":"Caudete celebra el D\u00eda de la Danza el pr\u00f3ximo s\u00e1bado 3 de Mayo - MI Ayuntamiento de Caudete","description":"P\u00e1gina Oficial del Ayuntamiento de Caudete (Albacete)","robots":{"index":"index","follow":"follow","max-snippet":"max-snippet:-1","max-image-preview":"max-image-preview:large","max-video-preview":"max-video-preview:-1"},"canonical":"https:\/\/www.caudete.org\/ayuntamiento\/caudete-celebra-el-dia-de-la-danza-el-proximo-sabado-3-de-mayo\/","og_locale":"es_ES","og_type":"article","og_title":"Caudete celebra el D\u00eda de la Danza el pr\u00f3ximo s\u00e1bado 3 de Mayo - MI Ayuntamiento de Caudete","og_description":"P\u00e1gina Oficial del Ayuntamiento de Caudete (Albacete)","og_url":"https:\/\/www.caudete.org\/ayuntamiento\/caudete-celebra-el-dia-de-la-danza-el-proximo-sabado-3-de-mayo\/","og_site_name":"MI Ayuntamiento de Caudete","article_publisher":"https:\/\/www.facebook.com\/ayuntamientocaudete\/","article_published_time":"2025-04-29T07:00:38+00:00","article_modified_time":"2025-05-05T06:46:34+00:00","og_image":[{"width":1050,"height":600,"url":"https:\/\/www.caudete.org\/ayuntamiento\/wp-content\/uploads\/2025\/04\/1.png","type":"image\/png"}],"author":"alcalde","twitter_card":"summary_large_image","twitter_misc":{"Escrito por":"alcalde","Tiempo de lectura":"3 minutos"},"schema":{"@context":"https:\/\/schema.org","@graph":[{"@type":"Article","@id":"https:\/\/www.caudete.org\/ayuntamiento\/caudete-celebra-el-dia-de-la-danza-el-proximo-sabado-3-de-mayo\/#article","isPartOf":{"@id":"https:\/\/www.caudete.org\/ayuntamiento\/caudete-celebra-el-dia-de-la-danza-el-proximo-sabado-3-de-mayo\/"},"author":{"name":"alcalde","@id":"https:\/\/www.caudete.org\/ayuntamiento\/#\/schema\/person\/cc646da9133078ee4d8dd47457947253"},"headline":"Caudete celebra el D\u00eda de la Danza el pr\u00f3ximo s\u00e1bado 3 de Mayo","datePublished":"2025-04-29T07:00:38+00:00","dateModified":"2025-05-05T06:46:34+00:00","mainEntityOfPage":{"@id":"https:\/\/www.caudete.org\/ayuntamiento\/caudete-celebra-el-dia-de-la-danza-el-proximo-sabado-3-de-mayo\/"},"wordCount":366,"image":{"@id":"https:\/\/www.caudete.org\/ayuntamiento\/caudete-celebra-el-dia-de-la-danza-el-proximo-sabado-3-de-mayo\/#primaryimage"},"thumbnailUrl":"https:\/\/www.caudete.org\/ayuntamiento\/wp-content\/uploads\/2025\/04\/1.png","articleSection":["Cultura"],"inLanguage":"es"},{"@type":"WebPage","@id":"https:\/\/www.caudete.org\/ayuntamiento\/caudete-celebra-el-dia-de-la-danza-el-proximo-sabado-3-de-mayo\/","url":"https:\/\/www.caudete.org\/ayuntamiento\/caudete-celebra-el-dia-de-la-danza-el-proximo-sabado-3-de-mayo\/","name":"Caudete celebra el D\u00eda de la Danza el pr\u00f3ximo s\u00e1bado 3 de Mayo - MI Ayuntamiento de Caudete","isPartOf":{"@id":"https:\/\/www.caudete.org\/ayuntamiento\/#website"},"primaryImageOfPage":{"@id":"https:\/\/www.caudete.org\/ayuntamiento\/caudete-celebra-el-dia-de-la-danza-el-proximo-sabado-3-de-mayo\/#primaryimage"},"image":{"@id":"https:\/\/www.caudete.org\/ayuntamiento\/caudete-celebra-el-dia-de-la-danza-el-proximo-sabado-3-de-mayo\/#primaryimage"},"thumbnailUrl":"https:\/\/www.caudete.org\/ayuntamiento\/wp-content\/uploads\/2025\/04\/1.png","datePublished":"2025-04-29T07:00:38+00:00","dateModified":"2025-05-05T06:46:34+00:00","author":{"@id":"https:\/\/www.caudete.org\/ayuntamiento\/#\/schema\/person\/cc646da9133078ee4d8dd47457947253"},"description":"P\u00e1gina Oficial del Ayuntamiento de Caudete (Albacete)","breadcrumb":{"@id":"https:\/\/www.caudete.org\/ayuntamiento\/caudete-celebra-el-dia-de-la-danza-el-proximo-sabado-3-de-mayo\/#breadcrumb"},"inLanguage":"es","potentialAction":[{"@type":"ReadAction","target":["https:\/\/www.caudete.org\/ayuntamiento\/caudete-celebra-el-dia-de-la-danza-el-proximo-sabado-3-de-mayo\/"]}]},{"@type":"ImageObject","inLanguage":"es","@id":"https:\/\/www.caudete.org\/ayuntamiento\/caudete-celebra-el-dia-de-la-danza-el-proximo-sabado-3-de-mayo\/#primaryimage","url":"https:\/\/www.caudete.org\/ayuntamiento\/wp-content\/uploads\/2025\/04\/1.png","contentUrl":"https:\/\/www.caudete.org\/ayuntamiento\/wp-content\/uploads\/2025\/04\/1.png","width":1050,"height":600},{"@type":"BreadcrumbList","@id":"https:\/\/www.caudete.org\/ayuntamiento\/caudete-celebra-el-dia-de-la-danza-el-proximo-sabado-3-de-mayo\/#breadcrumb","itemListElement":[{"@type":"ListItem","position":1,"name":"Inicio","item":"https:\/\/www.caudete.org\/ayuntamiento\/"},{"@type":"ListItem","position":2,"name":"Caudete celebra el D\u00eda de la Danza el pr\u00f3ximo s\u00e1bado 3 de Mayo"}]},{"@type":"WebSite","@id":"https:\/\/www.caudete.org\/ayuntamiento\/#website","url":"https:\/\/www.caudete.org\/ayuntamiento\/","name":"MI Ayuntamiento de Caudete","description":"P\u00e1gina Oficial del MI Ayuntamiento de Caudete","potentialAction":[{"@type":"SearchAction","target":{"@type":"EntryPoint","urlTemplate":"https:\/\/www.caudete.org\/ayuntamiento\/?s={search_term_string}"},"query-input":{"@type":"PropertyValueSpecification","valueRequired":true,"valueName":"search_term_string"}}],"inLanguage":"es"},{"@type":"Person","@id":"https:\/\/www.caudete.org\/ayuntamiento\/#\/schema\/person\/cc646da9133078ee4d8dd47457947253","name":"alcalde","image":{"@type":"ImageObject","inLanguage":"es","@id":"https:\/\/secure.gravatar.com\/avatar\/84a817ba065b29ff08d666b215a215f5c79186a645ccb25b14a663d48a130f77?s=96&d=mm&r=g","url":"https:\/\/secure.gravatar.com\/avatar\/84a817ba065b29ff08d666b215a215f5c79186a645ccb25b14a663d48a130f77?s=96&d=mm&r=g","contentUrl":"https:\/\/secure.gravatar.com\/avatar\/84a817ba065b29ff08d666b215a215f5c79186a645ccb25b14a663d48a130f77?s=96&d=mm&r=g","caption":"alcalde"},"url":"https:\/\/www.caudete.org\/ayuntamiento\/author\/alcalde\/"}]}},"_links":{"self":[{"href":"https:\/\/www.caudete.org\/ayuntamiento\/wp-json\/wp\/v2\/posts\/28474","targetHints":{"allow":["GET"]}}],"collection":[{"href":"https:\/\/www.caudete.org\/ayuntamiento\/wp-json\/wp\/v2\/posts"}],"about":[{"href":"https:\/\/www.caudete.org\/ayuntamiento\/wp-json\/wp\/v2\/types\/post"}],"author":[{"embeddable":true,"href":"https:\/\/www.caudete.org\/ayuntamiento\/wp-json\/wp\/v2\/users\/3"}],"replies":[{"embeddable":true,"href":"https:\/\/www.caudete.org\/ayuntamiento\/wp-json\/wp\/v2\/comments?post=28474"}],"version-history":[{"count":1,"href":"https:\/\/www.caudete.org\/ayuntamiento\/wp-json\/wp\/v2\/posts\/28474\/revisions"}],"predecessor-version":[{"id":28479,"href":"https:\/\/www.caudete.org\/ayuntamiento\/wp-json\/wp\/v2\/posts\/28474\/revisions\/28479"}],"wp:featuredmedia":[{"embeddable":true,"href":"https:\/\/www.caudete.org\/ayuntamiento\/wp-json\/wp\/v2\/media\/28476"}],"wp:attachment":[{"href":"https:\/\/www.caudete.org\/ayuntamiento\/wp-json\/wp\/v2\/media?parent=28474"}],"wp:term":[{"taxonomy":"category","embeddable":true,"href":"https:\/\/www.caudete.org\/ayuntamiento\/wp-json\/wp\/v2\/categories?post=28474"},{"taxonomy":"post_tag","embeddable":true,"href":"https:\/\/www.caudete.org\/ayuntamiento\/wp-json\/wp\/v2\/tags?post=28474"}],"curies":[{"name":"wp","href":"https:\/\/api.w.org\/{rel}","templated":true}]}}