{"id":28481,"date":"2025-04-25T14:52:27","date_gmt":"2025-04-25T12:52:27","guid":{"rendered":"https:\/\/www.caudete.org\/ayuntamiento\/?p=28481"},"modified":"2025-04-25T14:52:27","modified_gmt":"2025-04-25T12:52:27","slug":"se-reajustan-los-pivotes-de-la-calle-mayor-para-mayor-garantia-de-seguridad-y-accesibilidad-al-peaton","status":"publish","type":"post","link":"https:\/\/www.caudete.org\/ayuntamiento\/se-reajustan-los-pivotes-de-la-calle-mayor-para-mayor-garantia-de-seguridad-y-accesibilidad-al-peaton\/","title":{"rendered":"Se reajustan los pivotes de la Calle Mayor, para mayor garant\u00eda de seguridad y accesibilidad al peat\u00f3n"},"content":{"rendered":"<p>&nbsp;<\/p>\n<p><a href=\"https:\/\/www.caudete.org\/ayuntamiento\/wp-content\/uploads\/2025\/04\/WhatsApp-Image-2025-04-25-at-09.47.38.jpeg\" rel='prettyPhoto'><img fetchpriority=\"high\" decoding=\"async\" class=\"alignnone wp-image-28482 size-full\" src=\"https:\/\/www.caudete.org\/ayuntamiento\/wp-content\/uploads\/2025\/04\/WhatsApp-Image-2025-04-25-at-09.47.38.jpeg\" alt=\"\" width=\"2040\" height=\"1530\" srcset=\"https:\/\/www.caudete.org\/ayuntamiento\/wp-content\/uploads\/2025\/04\/WhatsApp-Image-2025-04-25-at-09.47.38.jpeg 2040w, https:\/\/www.caudete.org\/ayuntamiento\/wp-content\/uploads\/2025\/04\/WhatsApp-Image-2025-04-25-at-09.47.38-533x400.jpeg 533w, https:\/\/www.caudete.org\/ayuntamiento\/wp-content\/uploads\/2025\/04\/WhatsApp-Image-2025-04-25-at-09.47.38-1067x800.jpeg 1067w, https:\/\/www.caudete.org\/ayuntamiento\/wp-content\/uploads\/2025\/04\/WhatsApp-Image-2025-04-25-at-09.47.38-768x576.jpeg 768w, https:\/\/www.caudete.org\/ayuntamiento\/wp-content\/uploads\/2025\/04\/WhatsApp-Image-2025-04-25-at-09.47.38-1536x1152.jpeg 1536w\" sizes=\"(max-width: 2040px) 100vw, 2040px\" \/><\/a><\/p>\n<p style=\"text-align: justify;\">El Alcalde Mois\u00e9s L\u00f3pez, encargado adem\u00e1s de diversas \u00e1reas de gesti\u00f3n entre las que se encuentra la Movilidad Urbana y la Accesibilidad, ha procedido al reajuste de pivotes existentes en la reci\u00e9n remodelada Calle Mayor.<\/p>\n<p style=\"text-align: justify;\">La medida busca mejorar la seguridad de los peatones, y de esta forma facilitarles el tr\u00e1nsito por dicha v\u00eda. Tras comprobar el funcionamiento de los pivotes, instalados en la Calle Mayor como parte del proyecto en conjunto de remodelaci\u00f3n llevado a cabo, se detect\u00f3 que era necesario realizar un peque\u00f1o ajuste, y proceder a retirar \u00fanicamente aquellos que dificultaban el tr\u00e1nsito.<\/p>\n<p style=\"text-align: justify;\">De hecho, cuando fueron instalados, el propio Alcalde expuso que si era necesario retirar o reubicar alguno por cuestiones de maniobras para el acceso a cocheras de vecinos, o para el tr\u00e1nsito de personas con movilidad reducida o portadores de alg\u00fan elemento m\u00f3vil, se llevar\u00eda a cabo sin ning\u00fan problema.<\/p>\n<p style=\"text-align: justify;\">As\u00ed, en d\u00edas pasados, se procedi\u00f3 con la colaboraci\u00f3n ciudadana altruista a comprobar los itinerarios, y se acord\u00f3 la retirada de un tramo de pivotes, para garantizar la continuidad del paso por la zona destinada a los peatones, sin tener obst\u00e1culo que lo impida o que pueda ser motivo de tropiezo o enganche al pasar.<\/p>\n<p style=\"text-align: justify;\">Aun as\u00ed, el Alcalde ha querido reincidir en que tanto la Calle Mayor, como la del Mercado, Virgen de Gracia (tramo de adoquines) y las Plazas del Carmen y de la Iglesia, son consideradas a todos los efectos &#8220;zona residencial&#8221;, lo que implica que el peat\u00f3n tiene preferencia en todo momento frente a los veh\u00edculo, y que la velocidad de \u00e9stos no puede rebasar los 20kmh, por lo que pide prudencia, respeto y responsabilidad para con los viandantes por parte de los conductores de cualquier tipo de veh\u00edculo.<\/p>\n<p><a href=\"https:\/\/www.caudete.org\/ayuntamiento\/wp-content\/uploads\/2025\/04\/WhatsApp-Image-2025-04-25-at-09.47.39.jpeg\" rel='prettyPhoto'><img decoding=\"async\" class=\"alignnone wp-image-28484 size-full\" src=\"https:\/\/www.caudete.org\/ayuntamiento\/wp-content\/uploads\/2025\/04\/WhatsApp-Image-2025-04-25-at-09.47.39.jpeg\" alt=\"\" width=\"2040\" height=\"1530\" srcset=\"https:\/\/www.caudete.org\/ayuntamiento\/wp-content\/uploads\/2025\/04\/WhatsApp-Image-2025-04-25-at-09.47.39.jpeg 2040w, https:\/\/www.caudete.org\/ayuntamiento\/wp-content\/uploads\/2025\/04\/WhatsApp-Image-2025-04-25-at-09.47.39-533x400.jpeg 533w, https:\/\/www.caudete.org\/ayuntamiento\/wp-content\/uploads\/2025\/04\/WhatsApp-Image-2025-04-25-at-09.47.39-1067x800.jpeg 1067w, https:\/\/www.caudete.org\/ayuntamiento\/wp-content\/uploads\/2025\/04\/WhatsApp-Image-2025-04-25-at-09.47.39-768x576.jpeg 768w, https:\/\/www.caudete.org\/ayuntamiento\/wp-content\/uploads\/2025\/04\/WhatsApp-Image-2025-04-25-at-09.47.39-1536x1152.jpeg 1536w\" sizes=\"(max-width: 2040px) 100vw, 2040px\" \/><\/a><\/p>\n","protected":false},"excerpt":{"rendered":"<p>&nbsp; El Alcalde Mois\u00e9s L\u00f3pez, encargado adem\u00e1s de diversas \u00e1reas de gesti\u00f3n entre las que se encuentra la Movilidad Urbana y la Accesibilidad, ha procedido al reajuste de pivotes existentes en la reci\u00e9n remodelada Calle Mayor. La medida busca mejorar la seguridad de los peatones, y de esta forma facilitarles el tr\u00e1nsito por dicha v\u00eda. &hellip;<\/p>\n","protected":false},"author":3,"featured_media":28484,"comment_status":"closed","ping_status":"open","sticky":false,"template":"","format":"standard","meta":{"ngg_post_thumbnail":0,"footnotes":""},"categories":[47],"tags":[],"class_list":["post-28481","post","type-post","status-publish","format-standard","has-post-thumbnail","hentry","category-accesibilidad"],"yoast_head":"<!-- This site is optimized with the Yoast SEO plugin v27.4 - https:\/\/yoast.com\/product\/yoast-seo-wordpress\/ -->\n<title>Se reajustan los pivotes de la Calle Mayor, para mayor garant\u00eda de seguridad y accesibilidad al peat\u00f3n - MI Ayuntamiento de Caudete<\/title>\n<meta name=\"description\" content=\"P\u00e1gina Oficial del Ayuntamiento de Caudete (Albacete)\" \/>\n<meta name=\"robots\" content=\"index, follow, max-snippet:-1, max-image-preview:large, max-video-preview:-1\" \/>\n<link rel=\"canonical\" href=\"https:\/\/www.caudete.org\/ayuntamiento\/se-reajustan-los-pivotes-de-la-calle-mayor-para-mayor-garantia-de-seguridad-y-accesibilidad-al-peaton\/\" \/>\n<meta property=\"og:locale\" content=\"es_ES\" \/>\n<meta property=\"og:type\" content=\"article\" \/>\n<meta property=\"og:title\" content=\"Se reajustan los pivotes de la Calle Mayor, para mayor garant\u00eda de seguridad y accesibilidad al peat\u00f3n - MI Ayuntamiento de Caudete\" \/>\n<meta property=\"og:description\" content=\"P\u00e1gina Oficial del Ayuntamiento de Caudete (Albacete)\" \/>\n<meta property=\"og:url\" content=\"https:\/\/www.caudete.org\/ayuntamiento\/se-reajustan-los-pivotes-de-la-calle-mayor-para-mayor-garantia-de-seguridad-y-accesibilidad-al-peaton\/\" \/>\n<meta property=\"og:site_name\" content=\"MI Ayuntamiento de Caudete\" \/>\n<meta property=\"article:publisher\" content=\"https:\/\/www.facebook.com\/ayuntamientocaudete\/\" \/>\n<meta property=\"article:published_time\" content=\"2025-04-25T12:52:27+00:00\" \/>\n<meta property=\"og:image\" content=\"https:\/\/www.caudete.org\/ayuntamiento\/wp-content\/uploads\/2025\/04\/WhatsApp-Image-2025-04-25-at-09.47.39.jpeg\" \/>\n\t<meta property=\"og:image:width\" content=\"2040\" \/>\n\t<meta property=\"og:image:height\" content=\"1530\" \/>\n\t<meta property=\"og:image:type\" content=\"image\/jpeg\" \/>\n<meta name=\"author\" content=\"alcalde\" \/>\n<meta name=\"twitter:card\" content=\"summary_large_image\" \/>\n<meta name=\"twitter:label1\" content=\"Escrito por\" \/>\n\t<meta name=\"twitter:data1\" content=\"alcalde\" \/>\n\t<meta name=\"twitter:label2\" content=\"Tiempo de lectura\" \/>\n\t<meta name=\"twitter:data2\" content=\"2 minutos\" \/>\n<script type=\"application\/ld+json\" class=\"yoast-schema-graph\">{\"@context\":\"https:\\\/\\\/schema.org\",\"@graph\":[{\"@type\":\"Article\",\"@id\":\"https:\\\/\\\/www.caudete.org\\\/ayuntamiento\\\/se-reajustan-los-pivotes-de-la-calle-mayor-para-mayor-garantia-de-seguridad-y-accesibilidad-al-peaton\\\/#article\",\"isPartOf\":{\"@id\":\"https:\\\/\\\/www.caudete.org\\\/ayuntamiento\\\/se-reajustan-los-pivotes-de-la-calle-mayor-para-mayor-garantia-de-seguridad-y-accesibilidad-al-peaton\\\/\"},\"author\":{\"name\":\"alcalde\",\"@id\":\"https:\\\/\\\/www.caudete.org\\\/ayuntamiento\\\/#\\\/schema\\\/person\\\/cc646da9133078ee4d8dd47457947253\"},\"headline\":\"Se reajustan los pivotes de la Calle Mayor, para mayor garant\u00eda de seguridad y accesibilidad al peat\u00f3n\",\"datePublished\":\"2025-04-25T12:52:27+00:00\",\"mainEntityOfPage\":{\"@id\":\"https:\\\/\\\/www.caudete.org\\\/ayuntamiento\\\/se-reajustan-los-pivotes-de-la-calle-mayor-para-mayor-garantia-de-seguridad-y-accesibilidad-al-peaton\\\/\"},\"wordCount\":330,\"publisher\":{\"@id\":\"https:\\\/\\\/www.caudete.org\\\/ayuntamiento\\\/#organization\"},\"image\":{\"@id\":\"https:\\\/\\\/www.caudete.org\\\/ayuntamiento\\\/se-reajustan-los-pivotes-de-la-calle-mayor-para-mayor-garantia-de-seguridad-y-accesibilidad-al-peaton\\\/#primaryimage\"},\"thumbnailUrl\":\"https:\\\/\\\/www.caudete.org\\\/ayuntamiento\\\/wp-content\\\/uploads\\\/2025\\\/04\\\/WhatsApp-Image-2025-04-25-at-09.47.39.jpeg\",\"articleSection\":[\"Accesibilidad\"],\"inLanguage\":\"es\"},{\"@type\":\"WebPage\",\"@id\":\"https:\\\/\\\/www.caudete.org\\\/ayuntamiento\\\/se-reajustan-los-pivotes-de-la-calle-mayor-para-mayor-garantia-de-seguridad-y-accesibilidad-al-peaton\\\/\",\"url\":\"https:\\\/\\\/www.caudete.org\\\/ayuntamiento\\\/se-reajustan-los-pivotes-de-la-calle-mayor-para-mayor-garantia-de-seguridad-y-accesibilidad-al-peaton\\\/\",\"name\":\"Se reajustan los pivotes de la Calle Mayor, para mayor garant\u00eda de seguridad y accesibilidad al peat\u00f3n - MI Ayuntamiento de Caudete\",\"isPartOf\":{\"@id\":\"https:\\\/\\\/www.caudete.org\\\/ayuntamiento\\\/#website\"},\"primaryImageOfPage\":{\"@id\":\"https:\\\/\\\/www.caudete.org\\\/ayuntamiento\\\/se-reajustan-los-pivotes-de-la-calle-mayor-para-mayor-garantia-de-seguridad-y-accesibilidad-al-peaton\\\/#primaryimage\"},\"image\":{\"@id\":\"https:\\\/\\\/www.caudete.org\\\/ayuntamiento\\\/se-reajustan-los-pivotes-de-la-calle-mayor-para-mayor-garantia-de-seguridad-y-accesibilidad-al-peaton\\\/#primaryimage\"},\"thumbnailUrl\":\"https:\\\/\\\/www.caudete.org\\\/ayuntamiento\\\/wp-content\\\/uploads\\\/2025\\\/04\\\/WhatsApp-Image-2025-04-25-at-09.47.39.jpeg\",\"datePublished\":\"2025-04-25T12:52:27+00:00\",\"description\":\"P\u00e1gina Oficial del Ayuntamiento de Caudete (Albacete)\",\"breadcrumb\":{\"@id\":\"https:\\\/\\\/www.caudete.org\\\/ayuntamiento\\\/se-reajustan-los-pivotes-de-la-calle-mayor-para-mayor-garantia-de-seguridad-y-accesibilidad-al-peaton\\\/#breadcrumb\"},\"inLanguage\":\"es\",\"potentialAction\":[{\"@type\":\"ReadAction\",\"target\":[\"https:\\\/\\\/www.caudete.org\\\/ayuntamiento\\\/se-reajustan-los-pivotes-de-la-calle-mayor-para-mayor-garantia-de-seguridad-y-accesibilidad-al-peaton\\\/\"]}]},{\"@type\":\"ImageObject\",\"inLanguage\":\"es\",\"@id\":\"https:\\\/\\\/www.caudete.org\\\/ayuntamiento\\\/se-reajustan-los-pivotes-de-la-calle-mayor-para-mayor-garantia-de-seguridad-y-accesibilidad-al-peaton\\\/#primaryimage\",\"url\":\"https:\\\/\\\/www.caudete.org\\\/ayuntamiento\\\/wp-content\\\/uploads\\\/2025\\\/04\\\/WhatsApp-Image-2025-04-25-at-09.47.39.jpeg\",\"contentUrl\":\"https:\\\/\\\/www.caudete.org\\\/ayuntamiento\\\/wp-content\\\/uploads\\\/2025\\\/04\\\/WhatsApp-Image-2025-04-25-at-09.47.39.jpeg\",\"width\":2040,\"height\":1530},{\"@type\":\"BreadcrumbList\",\"@id\":\"https:\\\/\\\/www.caudete.org\\\/ayuntamiento\\\/se-reajustan-los-pivotes-de-la-calle-mayor-para-mayor-garantia-de-seguridad-y-accesibilidad-al-peaton\\\/#breadcrumb\",\"itemListElement\":[{\"@type\":\"ListItem\",\"position\":1,\"name\":\"Inicio\",\"item\":\"https:\\\/\\\/www.caudete.org\\\/ayuntamiento\\\/\"},{\"@type\":\"ListItem\",\"position\":2,\"name\":\"Se reajustan los pivotes de la Calle Mayor, para mayor garant\u00eda de seguridad y accesibilidad al peat\u00f3n\"}]},{\"@type\":\"WebSite\",\"@id\":\"https:\\\/\\\/www.caudete.org\\\/ayuntamiento\\\/#website\",\"url\":\"https:\\\/\\\/www.caudete.org\\\/ayuntamiento\\\/\",\"name\":\"MI Ayuntamiento de Caudete\",\"description\":\"P\u00e1gina Oficial del MI Ayuntamiento de Caudete\",\"publisher\":{\"@id\":\"https:\\\/\\\/www.caudete.org\\\/ayuntamiento\\\/#organization\"},\"potentialAction\":[{\"@type\":\"SearchAction\",\"target\":{\"@type\":\"EntryPoint\",\"urlTemplate\":\"https:\\\/\\\/www.caudete.org\\\/ayuntamiento\\\/?s={search_term_string}\"},\"query-input\":{\"@type\":\"PropertyValueSpecification\",\"valueRequired\":true,\"valueName\":\"search_term_string\"}}],\"inLanguage\":\"es\"},{\"@type\":\"Organization\",\"@id\":\"https:\\\/\\\/www.caudete.org\\\/ayuntamiento\\\/#organization\",\"name\":\"Ayuntamiento de Caudete\",\"url\":\"https:\\\/\\\/www.caudete.org\\\/ayuntamiento\\\/\",\"logo\":{\"@type\":\"ImageObject\",\"inLanguage\":\"es\",\"@id\":\"https:\\\/\\\/www.caudete.org\\\/ayuntamiento\\\/#\\\/schema\\\/logo\\\/image\\\/\",\"url\":\"https:\\\/\\\/www.caudete.org\\\/ayuntamiento\\\/wp-content\\\/uploads\\\/2020\\\/11\\\/logo_ayuntamiento_caudete.jpg\",\"contentUrl\":\"https:\\\/\\\/www.caudete.org\\\/ayuntamiento\\\/wp-content\\\/uploads\\\/2020\\\/11\\\/logo_ayuntamiento_caudete.jpg\",\"width\":600,\"height\":150,\"caption\":\"Ayuntamiento de Caudete\"},\"image\":{\"@id\":\"https:\\\/\\\/www.caudete.org\\\/ayuntamiento\\\/#\\\/schema\\\/logo\\\/image\\\/\"},\"sameAs\":[\"https:\\\/\\\/www.facebook.com\\\/ayuntamientocaudete\\\/\",\"https:\\\/\\\/www.youtube.com\\\/channel\\\/UC6VztHaooNsGpw-tNoBEFnQ\"]},{\"@type\":\"Person\",\"@id\":\"https:\\\/\\\/www.caudete.org\\\/ayuntamiento\\\/#\\\/schema\\\/person\\\/cc646da9133078ee4d8dd47457947253\",\"name\":\"alcalde\",\"image\":{\"@type\":\"ImageObject\",\"inLanguage\":\"es\",\"@id\":\"https:\\\/\\\/secure.gravatar.com\\\/avatar\\\/84a817ba065b29ff08d666b215a215f5c79186a645ccb25b14a663d48a130f77?s=96&d=mm&r=g\",\"url\":\"https:\\\/\\\/secure.gravatar.com\\\/avatar\\\/84a817ba065b29ff08d666b215a215f5c79186a645ccb25b14a663d48a130f77?s=96&d=mm&r=g\",\"contentUrl\":\"https:\\\/\\\/secure.gravatar.com\\\/avatar\\\/84a817ba065b29ff08d666b215a215f5c79186a645ccb25b14a663d48a130f77?s=96&d=mm&r=g\",\"caption\":\"alcalde\"},\"url\":\"https:\\\/\\\/www.caudete.org\\\/ayuntamiento\\\/author\\\/alcalde\\\/\"}]}<\/script>\n<!-- \/ Yoast SEO plugin. -->","yoast_head_json":{"title":"Se reajustan los pivotes de la Calle Mayor, para mayor garant\u00eda de seguridad y accesibilidad al peat\u00f3n - MI Ayuntamiento de Caudete","description":"P\u00e1gina Oficial del Ayuntamiento de Caudete (Albacete)","robots":{"index":"index","follow":"follow","max-snippet":"max-snippet:-1","max-image-preview":"max-image-preview:large","max-video-preview":"max-video-preview:-1"},"canonical":"https:\/\/www.caudete.org\/ayuntamiento\/se-reajustan-los-pivotes-de-la-calle-mayor-para-mayor-garantia-de-seguridad-y-accesibilidad-al-peaton\/","og_locale":"es_ES","og_type":"article","og_title":"Se reajustan los pivotes de la Calle Mayor, para mayor garant\u00eda de seguridad y accesibilidad al peat\u00f3n - MI Ayuntamiento de Caudete","og_description":"P\u00e1gina Oficial del Ayuntamiento de Caudete (Albacete)","og_url":"https:\/\/www.caudete.org\/ayuntamiento\/se-reajustan-los-pivotes-de-la-calle-mayor-para-mayor-garantia-de-seguridad-y-accesibilidad-al-peaton\/","og_site_name":"MI Ayuntamiento de Caudete","article_publisher":"https:\/\/www.facebook.com\/ayuntamientocaudete\/","article_published_time":"2025-04-25T12:52:27+00:00","og_image":[{"width":2040,"height":1530,"url":"https:\/\/www.caudete.org\/ayuntamiento\/wp-content\/uploads\/2025\/04\/WhatsApp-Image-2025-04-25-at-09.47.39.jpeg","type":"image\/jpeg"}],"author":"alcalde","twitter_card":"summary_large_image","twitter_misc":{"Escrito por":"alcalde","Tiempo de lectura":"2 minutos"},"schema":{"@context":"https:\/\/schema.org","@graph":[{"@type":"Article","@id":"https:\/\/www.caudete.org\/ayuntamiento\/se-reajustan-los-pivotes-de-la-calle-mayor-para-mayor-garantia-de-seguridad-y-accesibilidad-al-peaton\/#article","isPartOf":{"@id":"https:\/\/www.caudete.org\/ayuntamiento\/se-reajustan-los-pivotes-de-la-calle-mayor-para-mayor-garantia-de-seguridad-y-accesibilidad-al-peaton\/"},"author":{"name":"alcalde","@id":"https:\/\/www.caudete.org\/ayuntamiento\/#\/schema\/person\/cc646da9133078ee4d8dd47457947253"},"headline":"Se reajustan los pivotes de la Calle Mayor, para mayor garant\u00eda de seguridad y accesibilidad al peat\u00f3n","datePublished":"2025-04-25T12:52:27+00:00","mainEntityOfPage":{"@id":"https:\/\/www.caudete.org\/ayuntamiento\/se-reajustan-los-pivotes-de-la-calle-mayor-para-mayor-garantia-de-seguridad-y-accesibilidad-al-peaton\/"},"wordCount":330,"publisher":{"@id":"https:\/\/www.caudete.org\/ayuntamiento\/#organization"},"image":{"@id":"https:\/\/www.caudete.org\/ayuntamiento\/se-reajustan-los-pivotes-de-la-calle-mayor-para-mayor-garantia-de-seguridad-y-accesibilidad-al-peaton\/#primaryimage"},"thumbnailUrl":"https:\/\/www.caudete.org\/ayuntamiento\/wp-content\/uploads\/2025\/04\/WhatsApp-Image-2025-04-25-at-09.47.39.jpeg","articleSection":["Accesibilidad"],"inLanguage":"es"},{"@type":"WebPage","@id":"https:\/\/www.caudete.org\/ayuntamiento\/se-reajustan-los-pivotes-de-la-calle-mayor-para-mayor-garantia-de-seguridad-y-accesibilidad-al-peaton\/","url":"https:\/\/www.caudete.org\/ayuntamiento\/se-reajustan-los-pivotes-de-la-calle-mayor-para-mayor-garantia-de-seguridad-y-accesibilidad-al-peaton\/","name":"Se reajustan los pivotes de la Calle Mayor, para mayor garant\u00eda de seguridad y accesibilidad al peat\u00f3n - MI Ayuntamiento de Caudete","isPartOf":{"@id":"https:\/\/www.caudete.org\/ayuntamiento\/#website"},"primaryImageOfPage":{"@id":"https:\/\/www.caudete.org\/ayuntamiento\/se-reajustan-los-pivotes-de-la-calle-mayor-para-mayor-garantia-de-seguridad-y-accesibilidad-al-peaton\/#primaryimage"},"image":{"@id":"https:\/\/www.caudete.org\/ayuntamiento\/se-reajustan-los-pivotes-de-la-calle-mayor-para-mayor-garantia-de-seguridad-y-accesibilidad-al-peaton\/#primaryimage"},"thumbnailUrl":"https:\/\/www.caudete.org\/ayuntamiento\/wp-content\/uploads\/2025\/04\/WhatsApp-Image-2025-04-25-at-09.47.39.jpeg","datePublished":"2025-04-25T12:52:27+00:00","description":"P\u00e1gina Oficial del Ayuntamiento de Caudete (Albacete)","breadcrumb":{"@id":"https:\/\/www.caudete.org\/ayuntamiento\/se-reajustan-los-pivotes-de-la-calle-mayor-para-mayor-garantia-de-seguridad-y-accesibilidad-al-peaton\/#breadcrumb"},"inLanguage":"es","potentialAction":[{"@type":"ReadAction","target":["https:\/\/www.caudete.org\/ayuntamiento\/se-reajustan-los-pivotes-de-la-calle-mayor-para-mayor-garantia-de-seguridad-y-accesibilidad-al-peaton\/"]}]},{"@type":"ImageObject","inLanguage":"es","@id":"https:\/\/www.caudete.org\/ayuntamiento\/se-reajustan-los-pivotes-de-la-calle-mayor-para-mayor-garantia-de-seguridad-y-accesibilidad-al-peaton\/#primaryimage","url":"https:\/\/www.caudete.org\/ayuntamiento\/wp-content\/uploads\/2025\/04\/WhatsApp-Image-2025-04-25-at-09.47.39.jpeg","contentUrl":"https:\/\/www.caudete.org\/ayuntamiento\/wp-content\/uploads\/2025\/04\/WhatsApp-Image-2025-04-25-at-09.47.39.jpeg","width":2040,"height":1530},{"@type":"BreadcrumbList","@id":"https:\/\/www.caudete.org\/ayuntamiento\/se-reajustan-los-pivotes-de-la-calle-mayor-para-mayor-garantia-de-seguridad-y-accesibilidad-al-peaton\/#breadcrumb","itemListElement":[{"@type":"ListItem","position":1,"name":"Inicio","item":"https:\/\/www.caudete.org\/ayuntamiento\/"},{"@type":"ListItem","position":2,"name":"Se reajustan los pivotes de la Calle Mayor, para mayor garant\u00eda de seguridad y accesibilidad al peat\u00f3n"}]},{"@type":"WebSite","@id":"https:\/\/www.caudete.org\/ayuntamiento\/#website","url":"https:\/\/www.caudete.org\/ayuntamiento\/","name":"MI Ayuntamiento de Caudete","description":"P\u00e1gina Oficial del MI Ayuntamiento de Caudete","publisher":{"@id":"https:\/\/www.caudete.org\/ayuntamiento\/#organization"},"potentialAction":[{"@type":"SearchAction","target":{"@type":"EntryPoint","urlTemplate":"https:\/\/www.caudete.org\/ayuntamiento\/?s={search_term_string}"},"query-input":{"@type":"PropertyValueSpecification","valueRequired":true,"valueName":"search_term_string"}}],"inLanguage":"es"},{"@type":"Organization","@id":"https:\/\/www.caudete.org\/ayuntamiento\/#organization","name":"Ayuntamiento de Caudete","url":"https:\/\/www.caudete.org\/ayuntamiento\/","logo":{"@type":"ImageObject","inLanguage":"es","@id":"https:\/\/www.caudete.org\/ayuntamiento\/#\/schema\/logo\/image\/","url":"https:\/\/www.caudete.org\/ayuntamiento\/wp-content\/uploads\/2020\/11\/logo_ayuntamiento_caudete.jpg","contentUrl":"https:\/\/www.caudete.org\/ayuntamiento\/wp-content\/uploads\/2020\/11\/logo_ayuntamiento_caudete.jpg","width":600,"height":150,"caption":"Ayuntamiento de Caudete"},"image":{"@id":"https:\/\/www.caudete.org\/ayuntamiento\/#\/schema\/logo\/image\/"},"sameAs":["https:\/\/www.facebook.com\/ayuntamientocaudete\/","https:\/\/www.youtube.com\/channel\/UC6VztHaooNsGpw-tNoBEFnQ"]},{"@type":"Person","@id":"https:\/\/www.caudete.org\/ayuntamiento\/#\/schema\/person\/cc646da9133078ee4d8dd47457947253","name":"alcalde","image":{"@type":"ImageObject","inLanguage":"es","@id":"https:\/\/secure.gravatar.com\/avatar\/84a817ba065b29ff08d666b215a215f5c79186a645ccb25b14a663d48a130f77?s=96&d=mm&r=g","url":"https:\/\/secure.gravatar.com\/avatar\/84a817ba065b29ff08d666b215a215f5c79186a645ccb25b14a663d48a130f77?s=96&d=mm&r=g","contentUrl":"https:\/\/secure.gravatar.com\/avatar\/84a817ba065b29ff08d666b215a215f5c79186a645ccb25b14a663d48a130f77?s=96&d=mm&r=g","caption":"alcalde"},"url":"https:\/\/www.caudete.org\/ayuntamiento\/author\/alcalde\/"}]}},"_links":{"self":[{"href":"https:\/\/www.caudete.org\/ayuntamiento\/wp-json\/wp\/v2\/posts\/28481","targetHints":{"allow":["GET"]}}],"collection":[{"href":"https:\/\/www.caudete.org\/ayuntamiento\/wp-json\/wp\/v2\/posts"}],"about":[{"href":"https:\/\/www.caudete.org\/ayuntamiento\/wp-json\/wp\/v2\/types\/post"}],"author":[{"embeddable":true,"href":"https:\/\/www.caudete.org\/ayuntamiento\/wp-json\/wp\/v2\/users\/3"}],"replies":[{"embeddable":true,"href":"https:\/\/www.caudete.org\/ayuntamiento\/wp-json\/wp\/v2\/comments?post=28481"}],"version-history":[{"count":1,"href":"https:\/\/www.caudete.org\/ayuntamiento\/wp-json\/wp\/v2\/posts\/28481\/revisions"}],"predecessor-version":[{"id":28485,"href":"https:\/\/www.caudete.org\/ayuntamiento\/wp-json\/wp\/v2\/posts\/28481\/revisions\/28485"}],"wp:featuredmedia":[{"embeddable":true,"href":"https:\/\/www.caudete.org\/ayuntamiento\/wp-json\/wp\/v2\/media\/28484"}],"wp:attachment":[{"href":"https:\/\/www.caudete.org\/ayuntamiento\/wp-json\/wp\/v2\/media?parent=28481"}],"wp:term":[{"taxonomy":"category","embeddable":true,"href":"https:\/\/www.caudete.org\/ayuntamiento\/wp-json\/wp\/v2\/categories?post=28481"},{"taxonomy":"post_tag","embeddable":true,"href":"https:\/\/www.caudete.org\/ayuntamiento\/wp-json\/wp\/v2\/tags?post=28481"}],"curies":[{"name":"wp","href":"https:\/\/api.w.org\/{rel}","templated":true}]}}