{"id":28490,"date":"2025-04-26T16:22:31","date_gmt":"2025-04-26T14:22:31","guid":{"rendered":"https:\/\/www.caudete.org\/ayuntamiento\/?p=28490"},"modified":"2025-04-26T16:22:31","modified_gmt":"2025-04-26T14:22:31","slug":"la-gala-del-xxviii-certamen-literario-evaristo-banon-celebra-el-talento-literario-de-caudete","status":"publish","type":"post","link":"https:\/\/www.caudete.org\/ayuntamiento\/la-gala-del-xxviii-certamen-literario-evaristo-banon-celebra-el-talento-literario-de-caudete\/","title":{"rendered":"La Gala del XXVIII Certamen Literario Evaristo Ba\u00f1\u00f3n celebra el talento literario de Caudete"},"content":{"rendered":"<p><a href=\"https:\/\/www.caudete.org\/ayuntamiento\/wp-content\/uploads\/2025\/04\/WhatsApp-Image-2025-04-25-at-20.56.45.jpeg\" rel='prettyPhoto'><img fetchpriority=\"high\" decoding=\"async\" class=\"alignnone wp-image-28491 size-full\" src=\"https:\/\/www.caudete.org\/ayuntamiento\/wp-content\/uploads\/2025\/04\/WhatsApp-Image-2025-04-25-at-20.56.45.jpeg\" alt=\"\" width=\"1599\" height=\"899\" srcset=\"https:\/\/www.caudete.org\/ayuntamiento\/wp-content\/uploads\/2025\/04\/WhatsApp-Image-2025-04-25-at-20.56.45.jpeg 1599w, https:\/\/www.caudete.org\/ayuntamiento\/wp-content\/uploads\/2025\/04\/WhatsApp-Image-2025-04-25-at-20.56.45-600x337.jpeg 600w, https:\/\/www.caudete.org\/ayuntamiento\/wp-content\/uploads\/2025\/04\/WhatsApp-Image-2025-04-25-at-20.56.45-1200x675.jpeg 1200w, https:\/\/www.caudete.org\/ayuntamiento\/wp-content\/uploads\/2025\/04\/WhatsApp-Image-2025-04-25-at-20.56.45-768x432.jpeg 768w, https:\/\/www.caudete.org\/ayuntamiento\/wp-content\/uploads\/2025\/04\/WhatsApp-Image-2025-04-25-at-20.56.45-1536x864.jpeg 1536w\" sizes=\"(max-width: 1599px) 100vw, 1599px\" \/><\/a><\/p>\n<h3 class=\"western\"><\/h3>\n<p style=\"text-align: justify;\">La Concejal de Cultura Manoli Gonz\u00e1lez informa de la Gala Literaria celebrada en el Auditorio Municipal y que acogi\u00f3 en la tarde del viernes la entrega de Premios del XXVIII Certamen Literario <em>Evaristo Ba\u00f1\u00f3n Medina<\/em>, un emotivo y esperado acto cultural organizado por la Biblioteca P\u00fablica Municipal \u201cAna Mar\u00eda Matute\u201d, con la colaboraci\u00f3n con la Casa de Cultura.<\/p>\n<p style=\"text-align: justify;\">La gala, enmarcada dentro de la programaci\u00f3n especial por el D\u00eda del Libro, reuni\u00f3 a numerosos vecinos y vecinas de todas las edades para celebrar la creatividad y el amor por la escritura. Durante el evento, se hizo entrega de los galardones correspondientes a las distintas categor\u00edas del certamen, reconociendo el esfuerzo y el talento de autores y autoras locales.<\/p>\n<p style=\"text-align: justify;\">Los premiados en esta vig\u00e9simo octava edici\u00f3n fueron:<\/p>\n<p style=\"text-align: justify;\"><strong>Categor\u00eda A<\/strong><\/p>\n<ul style=\"text-align: justify;\">\n<li>1.\u00ba Premio Narrativa: <em>Nadia, la ara\u00f1a miedosa<\/em>, de Rodrigo Clemente Carreira<\/li>\n<li>2.\u00ba Premio Narrativa: <em>Un viaje a la luna<\/em>, de Adriana Huesa S\u00e1nchez<\/li>\n<li>Premio Poes\u00eda: <em>Historias del mar<\/em>, de Samuel Tom\u00e1s S\u00e1ez<\/li>\n<\/ul>\n<p style=\"text-align: justify;\"><strong>Categor\u00eda B<\/strong><\/p>\n<ul style=\"text-align: justify;\">\n<li>1.\u00ba Premio Narrativa: <em>El erizo m\u00e1gico<\/em>, de Cristina D\u00edaz Navarro<\/li>\n<li>2.\u00ba Premio Narrativa: <em>La carrera de Liazard<\/em>, de Joaqu\u00edn Serna \u00c1ngel<\/li>\n<li>Premio Poes\u00eda: <em>Amo mi pa\u00eds<\/em>, de Martina Amor\u00f3s Aniorte<\/li>\n<\/ul>\n<p style=\"text-align: justify;\"><strong>Categor\u00eda C<\/strong><\/p>\n<ul style=\"text-align: justify;\">\n<li>1.\u00ba Premio Narrativa: <em>El vicio<\/em>, de Julia Ayuso Mart\u00ednez<\/li>\n<li>2.\u00ba Premio Narrativa: <em>La leyenda de los gigantes<\/em>, de Cayetano Tierraseca Cantero<\/li>\n<li>Premio Poes\u00eda: <em>Mi familia<\/em>, de Celia Agull\u00f3 Franc\u00e9s<\/li>\n<\/ul>\n<p style=\"text-align: justify;\"><strong>Categor\u00eda D<\/strong><\/p>\n<ul style=\"text-align: justify;\">\n<li>1.\u00ba Premio Narrativa: <em>El lago de los susurros y el p\u00e1jaro dorado<\/em>, de In\u00e9s Chicano Herrero<\/li>\n<li>2.\u00ba Premio Narrativa: <em>Luna plateada<\/em>, de Leire Teresa Requena Carrasco<\/li>\n<li>Premio Poes\u00eda: <em>Un paseo por la naturaleza<\/em>, de Nora Santos Cuenca<\/li>\n<\/ul>\n<p style=\"text-align: justify;\"><strong>Categor\u00eda E<\/strong><\/p>\n<ul style=\"text-align: justify;\">\n<li>1.\u00ba Premio Narrativa: <em>Mi historia<\/em>, de Eugenia Mart\u00ednez S\u00e1nchez<\/li>\n<li>2.\u00ba Premio Narrativa: <em>Un vac\u00edo en Marrakech<\/em>, de F\u00e1tima Ezzahra Afif<\/li>\n<li>Premio Poes\u00eda: <em>Mi mundo ideal<\/em>, de Mart\u00edn Herrero Gonz\u00e1lez<\/li>\n<\/ul>\n<p style=\"text-align: justify;\"><strong>Premio Categor\u00eda Clase<\/strong><\/p>\n<ul style=\"text-align: justify;\">\n<li><em>La vida de\u2026 Ana Mar\u00eda Matute<\/em> \u2013 Clase de 3 \u00baC de Primaria del Colegio Alc\u00e1zar y Serrano cuya tutora es Mercedes Carri\u00f3n Agull\u00f3.<\/li>\n<\/ul>\n<p style=\"text-align: justify;\"><strong>Premios Marcap\u00e1ginas<\/strong><\/p>\n<ul style=\"text-align: justify;\">\n<li>Escolar: Marta Franc\u00e9s Conejero<\/li>\n<li>Adulto: Mar\u00eda Victoria Requena Conejero<\/li>\n<\/ul>\n<p style=\"text-align: justify;\"><strong>Premio Trabajo de Investigaci\u00f3n<\/strong><\/p>\n<ul style=\"text-align: justify;\">\n<li><em>Desierto<\/em><\/li>\n<\/ul>\n<p style=\"text-align: justify;\"><strong>Categor\u00eda Especial<\/strong><\/p>\n<ul style=\"text-align: justify;\">\n<li>1.\u00ba Premio Narrativa: <em>Colores<\/em>, de Juan Lorenzo Collado G\u00f3mez\n<p><em>1.\u00ba Premio Poes\u00eda: Doy mi voz, de Mar\u00eda Jos\u00e9 Bas Albertos<\/em><\/li>\n<\/ul>\n<p style=\"text-align: justify;\">El acto incluy\u00f3 tambi\u00e9n la representaci\u00f3n teatral de la obra <em>Sue\u00f1o<\/em>, a cargo de la prestigiosa Compa\u00f1\u00eda Criolla. Esta puesta en escena, basada en <em>Sue\u00f1o de una noche de verano<\/em> de Shakespeare y adaptada al p\u00fablico familiar, fue galardonada con el Premio al Mejor Espect\u00e1culo Barroco Infantil en el Festival Internacional de Teatro Cl\u00e1sico de Almagro.<\/p>\n<p style=\"text-align: justify;\">Desde la Biblioteca P\u00fablica Municipal se traslada el agradecimiento a todos los centros educativos, profesorado y AMPAS de Caudete por su constante implicaci\u00f3n y colaboraci\u00f3n, fundamentales para el \u00e9xito y continuidad de este certamen literario que, desde 1997, sigue cultivando el talento local y fomentando el amor por la literatura.<\/p>\n<p style=\"text-align: justify;\">Una tarde inolvidable, en la que las letras y el teatro se unieron para celebrar el talento y la imaginaci\u00f3n de nuestro pueblo.<\/p>\n<p style=\"text-align: justify;\">\n","protected":false},"excerpt":{"rendered":"<p>La Concejal de Cultura Manoli Gonz\u00e1lez informa de la Gala Literaria celebrada en el Auditorio Municipal y que acogi\u00f3 en la tarde del viernes la entrega de Premios del XXVIII Certamen Literario Evaristo Ba\u00f1\u00f3n Medina, un emotivo y esperado acto cultural organizado por la Biblioteca P\u00fablica Municipal \u201cAna Mar\u00eda Matute\u201d, con la colaboraci\u00f3n con la &hellip;<\/p>\n","protected":false},"author":3,"featured_media":28491,"comment_status":"closed","ping_status":"open","sticky":false,"template":"","format":"standard","meta":{"ngg_post_thumbnail":0,"footnotes":""},"categories":[14],"tags":[],"class_list":["post-28490","post","type-post","status-publish","format-standard","has-post-thumbnail","hentry","category-cultura"],"yoast_head":"<!-- This site is optimized with the Yoast SEO plugin v27.5 - https:\/\/yoast.com\/product\/yoast-seo-wordpress\/ -->\n<title>La Gala del XXVIII Certamen Literario Evaristo Ba\u00f1\u00f3n celebra el talento literario de Caudete - MI Ayuntamiento de Caudete<\/title>\n<meta name=\"description\" content=\"P\u00e1gina Oficial del Ayuntamiento de Caudete (Albacete)\" \/>\n<meta name=\"robots\" content=\"index, follow, max-snippet:-1, max-image-preview:large, max-video-preview:-1\" \/>\n<link rel=\"canonical\" href=\"https:\/\/www.caudete.org\/ayuntamiento\/la-gala-del-xxviii-certamen-literario-evaristo-banon-celebra-el-talento-literario-de-caudete\/\" \/>\n<meta property=\"og:locale\" content=\"es_ES\" \/>\n<meta property=\"og:type\" content=\"article\" \/>\n<meta property=\"og:title\" content=\"La Gala del XXVIII Certamen Literario Evaristo Ba\u00f1\u00f3n celebra el talento literario de Caudete - MI Ayuntamiento de Caudete\" \/>\n<meta property=\"og:description\" content=\"P\u00e1gina Oficial del Ayuntamiento de Caudete (Albacete)\" \/>\n<meta property=\"og:url\" content=\"https:\/\/www.caudete.org\/ayuntamiento\/la-gala-del-xxviii-certamen-literario-evaristo-banon-celebra-el-talento-literario-de-caudete\/\" \/>\n<meta property=\"og:site_name\" content=\"MI Ayuntamiento de Caudete\" \/>\n<meta property=\"article:publisher\" content=\"https:\/\/www.facebook.com\/ayuntamientocaudete\/\" \/>\n<meta property=\"article:published_time\" content=\"2025-04-26T14:22:31+00:00\" \/>\n<meta property=\"og:image\" content=\"https:\/\/www.caudete.org\/ayuntamiento\/wp-content\/uploads\/2025\/04\/WhatsApp-Image-2025-04-25-at-20.56.45.jpeg\" \/>\n\t<meta property=\"og:image:width\" content=\"1599\" \/>\n\t<meta property=\"og:image:height\" content=\"899\" \/>\n\t<meta property=\"og:image:type\" content=\"image\/jpeg\" \/>\n<meta name=\"author\" content=\"alcalde\" \/>\n<meta name=\"twitter:card\" content=\"summary_large_image\" \/>\n<meta name=\"twitter:label1\" content=\"Escrito por\" \/>\n\t<meta name=\"twitter:data1\" content=\"alcalde\" \/>\n\t<meta name=\"twitter:label2\" content=\"Tiempo de lectura\" \/>\n\t<meta name=\"twitter:data2\" content=\"3 minutos\" \/>\n<script type=\"application\/ld+json\" class=\"yoast-schema-graph\">{\"@context\":\"https:\\\/\\\/schema.org\",\"@graph\":[{\"@type\":\"Article\",\"@id\":\"https:\\\/\\\/www.caudete.org\\\/ayuntamiento\\\/la-gala-del-xxviii-certamen-literario-evaristo-banon-celebra-el-talento-literario-de-caudete\\\/#article\",\"isPartOf\":{\"@id\":\"https:\\\/\\\/www.caudete.org\\\/ayuntamiento\\\/la-gala-del-xxviii-certamen-literario-evaristo-banon-celebra-el-talento-literario-de-caudete\\\/\"},\"author\":{\"name\":\"alcalde\",\"@id\":\"https:\\\/\\\/www.caudete.org\\\/ayuntamiento\\\/#\\\/schema\\\/person\\\/cc646da9133078ee4d8dd47457947253\"},\"headline\":\"La Gala del XXVIII Certamen Literario Evaristo Ba\u00f1\u00f3n celebra el talento literario de Caudete\",\"datePublished\":\"2025-04-26T14:22:31+00:00\",\"mainEntityOfPage\":{\"@id\":\"https:\\\/\\\/www.caudete.org\\\/ayuntamiento\\\/la-gala-del-xxviii-certamen-literario-evaristo-banon-celebra-el-talento-literario-de-caudete\\\/\"},\"wordCount\":550,\"image\":{\"@id\":\"https:\\\/\\\/www.caudete.org\\\/ayuntamiento\\\/la-gala-del-xxviii-certamen-literario-evaristo-banon-celebra-el-talento-literario-de-caudete\\\/#primaryimage\"},\"thumbnailUrl\":\"https:\\\/\\\/www.caudete.org\\\/ayuntamiento\\\/wp-content\\\/uploads\\\/2025\\\/04\\\/WhatsApp-Image-2025-04-25-at-20.56.45.jpeg\",\"articleSection\":[\"Cultura\"],\"inLanguage\":\"es\"},{\"@type\":\"WebPage\",\"@id\":\"https:\\\/\\\/www.caudete.org\\\/ayuntamiento\\\/la-gala-del-xxviii-certamen-literario-evaristo-banon-celebra-el-talento-literario-de-caudete\\\/\",\"url\":\"https:\\\/\\\/www.caudete.org\\\/ayuntamiento\\\/la-gala-del-xxviii-certamen-literario-evaristo-banon-celebra-el-talento-literario-de-caudete\\\/\",\"name\":\"La Gala del XXVIII Certamen Literario Evaristo Ba\u00f1\u00f3n celebra el talento literario de Caudete - MI Ayuntamiento de Caudete\",\"isPartOf\":{\"@id\":\"https:\\\/\\\/www.caudete.org\\\/ayuntamiento\\\/#website\"},\"primaryImageOfPage\":{\"@id\":\"https:\\\/\\\/www.caudete.org\\\/ayuntamiento\\\/la-gala-del-xxviii-certamen-literario-evaristo-banon-celebra-el-talento-literario-de-caudete\\\/#primaryimage\"},\"image\":{\"@id\":\"https:\\\/\\\/www.caudete.org\\\/ayuntamiento\\\/la-gala-del-xxviii-certamen-literario-evaristo-banon-celebra-el-talento-literario-de-caudete\\\/#primaryimage\"},\"thumbnailUrl\":\"https:\\\/\\\/www.caudete.org\\\/ayuntamiento\\\/wp-content\\\/uploads\\\/2025\\\/04\\\/WhatsApp-Image-2025-04-25-at-20.56.45.jpeg\",\"datePublished\":\"2025-04-26T14:22:31+00:00\",\"author\":{\"@id\":\"https:\\\/\\\/www.caudete.org\\\/ayuntamiento\\\/#\\\/schema\\\/person\\\/cc646da9133078ee4d8dd47457947253\"},\"description\":\"P\u00e1gina Oficial del Ayuntamiento de Caudete (Albacete)\",\"breadcrumb\":{\"@id\":\"https:\\\/\\\/www.caudete.org\\\/ayuntamiento\\\/la-gala-del-xxviii-certamen-literario-evaristo-banon-celebra-el-talento-literario-de-caudete\\\/#breadcrumb\"},\"inLanguage\":\"es\",\"potentialAction\":[{\"@type\":\"ReadAction\",\"target\":[\"https:\\\/\\\/www.caudete.org\\\/ayuntamiento\\\/la-gala-del-xxviii-certamen-literario-evaristo-banon-celebra-el-talento-literario-de-caudete\\\/\"]}]},{\"@type\":\"ImageObject\",\"inLanguage\":\"es\",\"@id\":\"https:\\\/\\\/www.caudete.org\\\/ayuntamiento\\\/la-gala-del-xxviii-certamen-literario-evaristo-banon-celebra-el-talento-literario-de-caudete\\\/#primaryimage\",\"url\":\"https:\\\/\\\/www.caudete.org\\\/ayuntamiento\\\/wp-content\\\/uploads\\\/2025\\\/04\\\/WhatsApp-Image-2025-04-25-at-20.56.45.jpeg\",\"contentUrl\":\"https:\\\/\\\/www.caudete.org\\\/ayuntamiento\\\/wp-content\\\/uploads\\\/2025\\\/04\\\/WhatsApp-Image-2025-04-25-at-20.56.45.jpeg\",\"width\":1599,\"height\":899},{\"@type\":\"BreadcrumbList\",\"@id\":\"https:\\\/\\\/www.caudete.org\\\/ayuntamiento\\\/la-gala-del-xxviii-certamen-literario-evaristo-banon-celebra-el-talento-literario-de-caudete\\\/#breadcrumb\",\"itemListElement\":[{\"@type\":\"ListItem\",\"position\":1,\"name\":\"Inicio\",\"item\":\"https:\\\/\\\/www.caudete.org\\\/ayuntamiento\\\/\"},{\"@type\":\"ListItem\",\"position\":2,\"name\":\"La Gala del XXVIII Certamen Literario Evaristo Ba\u00f1\u00f3n celebra el talento literario de Caudete\"}]},{\"@type\":\"WebSite\",\"@id\":\"https:\\\/\\\/www.caudete.org\\\/ayuntamiento\\\/#website\",\"url\":\"https:\\\/\\\/www.caudete.org\\\/ayuntamiento\\\/\",\"name\":\"MI Ayuntamiento de Caudete\",\"description\":\"P\u00e1gina Oficial del MI Ayuntamiento de Caudete\",\"potentialAction\":[{\"@type\":\"SearchAction\",\"target\":{\"@type\":\"EntryPoint\",\"urlTemplate\":\"https:\\\/\\\/www.caudete.org\\\/ayuntamiento\\\/?s={search_term_string}\"},\"query-input\":{\"@type\":\"PropertyValueSpecification\",\"valueRequired\":true,\"valueName\":\"search_term_string\"}}],\"inLanguage\":\"es\"},{\"@type\":\"Person\",\"@id\":\"https:\\\/\\\/www.caudete.org\\\/ayuntamiento\\\/#\\\/schema\\\/person\\\/cc646da9133078ee4d8dd47457947253\",\"name\":\"alcalde\",\"image\":{\"@type\":\"ImageObject\",\"inLanguage\":\"es\",\"@id\":\"https:\\\/\\\/secure.gravatar.com\\\/avatar\\\/84a817ba065b29ff08d666b215a215f5c79186a645ccb25b14a663d48a130f77?s=96&d=mm&r=g\",\"url\":\"https:\\\/\\\/secure.gravatar.com\\\/avatar\\\/84a817ba065b29ff08d666b215a215f5c79186a645ccb25b14a663d48a130f77?s=96&d=mm&r=g\",\"contentUrl\":\"https:\\\/\\\/secure.gravatar.com\\\/avatar\\\/84a817ba065b29ff08d666b215a215f5c79186a645ccb25b14a663d48a130f77?s=96&d=mm&r=g\",\"caption\":\"alcalde\"},\"url\":\"https:\\\/\\\/www.caudete.org\\\/ayuntamiento\\\/author\\\/alcalde\\\/\"}]}<\/script>\n<!-- \/ Yoast SEO plugin. -->","yoast_head_json":{"title":"La Gala del XXVIII Certamen Literario Evaristo Ba\u00f1\u00f3n celebra el talento literario de Caudete - MI Ayuntamiento de Caudete","description":"P\u00e1gina Oficial del Ayuntamiento de Caudete (Albacete)","robots":{"index":"index","follow":"follow","max-snippet":"max-snippet:-1","max-image-preview":"max-image-preview:large","max-video-preview":"max-video-preview:-1"},"canonical":"https:\/\/www.caudete.org\/ayuntamiento\/la-gala-del-xxviii-certamen-literario-evaristo-banon-celebra-el-talento-literario-de-caudete\/","og_locale":"es_ES","og_type":"article","og_title":"La Gala del XXVIII Certamen Literario Evaristo Ba\u00f1\u00f3n celebra el talento literario de Caudete - MI Ayuntamiento de Caudete","og_description":"P\u00e1gina Oficial del Ayuntamiento de Caudete (Albacete)","og_url":"https:\/\/www.caudete.org\/ayuntamiento\/la-gala-del-xxviii-certamen-literario-evaristo-banon-celebra-el-talento-literario-de-caudete\/","og_site_name":"MI Ayuntamiento de Caudete","article_publisher":"https:\/\/www.facebook.com\/ayuntamientocaudete\/","article_published_time":"2025-04-26T14:22:31+00:00","og_image":[{"width":1599,"height":899,"url":"https:\/\/www.caudete.org\/ayuntamiento\/wp-content\/uploads\/2025\/04\/WhatsApp-Image-2025-04-25-at-20.56.45.jpeg","type":"image\/jpeg"}],"author":"alcalde","twitter_card":"summary_large_image","twitter_misc":{"Escrito por":"alcalde","Tiempo de lectura":"3 minutos"},"schema":{"@context":"https:\/\/schema.org","@graph":[{"@type":"Article","@id":"https:\/\/www.caudete.org\/ayuntamiento\/la-gala-del-xxviii-certamen-literario-evaristo-banon-celebra-el-talento-literario-de-caudete\/#article","isPartOf":{"@id":"https:\/\/www.caudete.org\/ayuntamiento\/la-gala-del-xxviii-certamen-literario-evaristo-banon-celebra-el-talento-literario-de-caudete\/"},"author":{"name":"alcalde","@id":"https:\/\/www.caudete.org\/ayuntamiento\/#\/schema\/person\/cc646da9133078ee4d8dd47457947253"},"headline":"La Gala del XXVIII Certamen Literario Evaristo Ba\u00f1\u00f3n celebra el talento literario de Caudete","datePublished":"2025-04-26T14:22:31+00:00","mainEntityOfPage":{"@id":"https:\/\/www.caudete.org\/ayuntamiento\/la-gala-del-xxviii-certamen-literario-evaristo-banon-celebra-el-talento-literario-de-caudete\/"},"wordCount":550,"image":{"@id":"https:\/\/www.caudete.org\/ayuntamiento\/la-gala-del-xxviii-certamen-literario-evaristo-banon-celebra-el-talento-literario-de-caudete\/#primaryimage"},"thumbnailUrl":"https:\/\/www.caudete.org\/ayuntamiento\/wp-content\/uploads\/2025\/04\/WhatsApp-Image-2025-04-25-at-20.56.45.jpeg","articleSection":["Cultura"],"inLanguage":"es"},{"@type":"WebPage","@id":"https:\/\/www.caudete.org\/ayuntamiento\/la-gala-del-xxviii-certamen-literario-evaristo-banon-celebra-el-talento-literario-de-caudete\/","url":"https:\/\/www.caudete.org\/ayuntamiento\/la-gala-del-xxviii-certamen-literario-evaristo-banon-celebra-el-talento-literario-de-caudete\/","name":"La Gala del XXVIII Certamen Literario Evaristo Ba\u00f1\u00f3n celebra el talento literario de Caudete - MI Ayuntamiento de Caudete","isPartOf":{"@id":"https:\/\/www.caudete.org\/ayuntamiento\/#website"},"primaryImageOfPage":{"@id":"https:\/\/www.caudete.org\/ayuntamiento\/la-gala-del-xxviii-certamen-literario-evaristo-banon-celebra-el-talento-literario-de-caudete\/#primaryimage"},"image":{"@id":"https:\/\/www.caudete.org\/ayuntamiento\/la-gala-del-xxviii-certamen-literario-evaristo-banon-celebra-el-talento-literario-de-caudete\/#primaryimage"},"thumbnailUrl":"https:\/\/www.caudete.org\/ayuntamiento\/wp-content\/uploads\/2025\/04\/WhatsApp-Image-2025-04-25-at-20.56.45.jpeg","datePublished":"2025-04-26T14:22:31+00:00","author":{"@id":"https:\/\/www.caudete.org\/ayuntamiento\/#\/schema\/person\/cc646da9133078ee4d8dd47457947253"},"description":"P\u00e1gina Oficial del Ayuntamiento de Caudete (Albacete)","breadcrumb":{"@id":"https:\/\/www.caudete.org\/ayuntamiento\/la-gala-del-xxviii-certamen-literario-evaristo-banon-celebra-el-talento-literario-de-caudete\/#breadcrumb"},"inLanguage":"es","potentialAction":[{"@type":"ReadAction","target":["https:\/\/www.caudete.org\/ayuntamiento\/la-gala-del-xxviii-certamen-literario-evaristo-banon-celebra-el-talento-literario-de-caudete\/"]}]},{"@type":"ImageObject","inLanguage":"es","@id":"https:\/\/www.caudete.org\/ayuntamiento\/la-gala-del-xxviii-certamen-literario-evaristo-banon-celebra-el-talento-literario-de-caudete\/#primaryimage","url":"https:\/\/www.caudete.org\/ayuntamiento\/wp-content\/uploads\/2025\/04\/WhatsApp-Image-2025-04-25-at-20.56.45.jpeg","contentUrl":"https:\/\/www.caudete.org\/ayuntamiento\/wp-content\/uploads\/2025\/04\/WhatsApp-Image-2025-04-25-at-20.56.45.jpeg","width":1599,"height":899},{"@type":"BreadcrumbList","@id":"https:\/\/www.caudete.org\/ayuntamiento\/la-gala-del-xxviii-certamen-literario-evaristo-banon-celebra-el-talento-literario-de-caudete\/#breadcrumb","itemListElement":[{"@type":"ListItem","position":1,"name":"Inicio","item":"https:\/\/www.caudete.org\/ayuntamiento\/"},{"@type":"ListItem","position":2,"name":"La Gala del XXVIII Certamen Literario Evaristo Ba\u00f1\u00f3n celebra el talento literario de Caudete"}]},{"@type":"WebSite","@id":"https:\/\/www.caudete.org\/ayuntamiento\/#website","url":"https:\/\/www.caudete.org\/ayuntamiento\/","name":"MI Ayuntamiento de Caudete","description":"P\u00e1gina Oficial del MI Ayuntamiento de Caudete","potentialAction":[{"@type":"SearchAction","target":{"@type":"EntryPoint","urlTemplate":"https:\/\/www.caudete.org\/ayuntamiento\/?s={search_term_string}"},"query-input":{"@type":"PropertyValueSpecification","valueRequired":true,"valueName":"search_term_string"}}],"inLanguage":"es"},{"@type":"Person","@id":"https:\/\/www.caudete.org\/ayuntamiento\/#\/schema\/person\/cc646da9133078ee4d8dd47457947253","name":"alcalde","image":{"@type":"ImageObject","inLanguage":"es","@id":"https:\/\/secure.gravatar.com\/avatar\/84a817ba065b29ff08d666b215a215f5c79186a645ccb25b14a663d48a130f77?s=96&d=mm&r=g","url":"https:\/\/secure.gravatar.com\/avatar\/84a817ba065b29ff08d666b215a215f5c79186a645ccb25b14a663d48a130f77?s=96&d=mm&r=g","contentUrl":"https:\/\/secure.gravatar.com\/avatar\/84a817ba065b29ff08d666b215a215f5c79186a645ccb25b14a663d48a130f77?s=96&d=mm&r=g","caption":"alcalde"},"url":"https:\/\/www.caudete.org\/ayuntamiento\/author\/alcalde\/"}]}},"_links":{"self":[{"href":"https:\/\/www.caudete.org\/ayuntamiento\/wp-json\/wp\/v2\/posts\/28490","targetHints":{"allow":["GET"]}}],"collection":[{"href":"https:\/\/www.caudete.org\/ayuntamiento\/wp-json\/wp\/v2\/posts"}],"about":[{"href":"https:\/\/www.caudete.org\/ayuntamiento\/wp-json\/wp\/v2\/types\/post"}],"author":[{"embeddable":true,"href":"https:\/\/www.caudete.org\/ayuntamiento\/wp-json\/wp\/v2\/users\/3"}],"replies":[{"embeddable":true,"href":"https:\/\/www.caudete.org\/ayuntamiento\/wp-json\/wp\/v2\/comments?post=28490"}],"version-history":[{"count":1,"href":"https:\/\/www.caudete.org\/ayuntamiento\/wp-json\/wp\/v2\/posts\/28490\/revisions"}],"predecessor-version":[{"id":28492,"href":"https:\/\/www.caudete.org\/ayuntamiento\/wp-json\/wp\/v2\/posts\/28490\/revisions\/28492"}],"wp:featuredmedia":[{"embeddable":true,"href":"https:\/\/www.caudete.org\/ayuntamiento\/wp-json\/wp\/v2\/media\/28491"}],"wp:attachment":[{"href":"https:\/\/www.caudete.org\/ayuntamiento\/wp-json\/wp\/v2\/media?parent=28490"}],"wp:term":[{"taxonomy":"category","embeddable":true,"href":"https:\/\/www.caudete.org\/ayuntamiento\/wp-json\/wp\/v2\/categories?post=28490"},{"taxonomy":"post_tag","embeddable":true,"href":"https:\/\/www.caudete.org\/ayuntamiento\/wp-json\/wp\/v2\/tags?post=28490"}],"curies":[{"name":"wp","href":"https:\/\/api.w.org\/{rel}","templated":true}]}}