{"id":28493,"date":"2025-04-29T14:24:26","date_gmt":"2025-04-29T12:24:26","guid":{"rendered":"https:\/\/www.caudete.org\/ayuntamiento\/?p=28493"},"modified":"2025-04-29T14:27:33","modified_gmt":"2025-04-29T12:27:33","slug":"con-motivo-del-apagon-electrico-de-ayer-es-posible-que-el-agua-salga-turbia","status":"publish","type":"post","link":"https:\/\/www.caudete.org\/ayuntamiento\/con-motivo-del-apagon-electrico-de-ayer-es-posible-que-el-agua-salga-turbia\/","title":{"rendered":"Con motivo del apag\u00f3n el\u00e9ctrico de ayer es posible que el agua salga turbia"},"content":{"rendered":"<p>Como todos sabemos, en el d\u00eda de ayer se produjo un apag\u00f3n en el suministro el\u00e9ctrico que se mantuvo durante varias horas. Nunca antes hab\u00eda ocurrido un colapso tan importante y de tanta magnitud en un servicio esencial como es el el\u00e9ctrico.<\/p>\n<p>Esta situaci\u00f3n nos oblig\u00f3 a los responsables Municipales a tomar medidas dr\u00e1sticas encaminadas a garantizar, en la medida de lo posible y durante la mayor cantidad de horas posibles, el suministro de agua. Hay que tener en cuenta que debido al apag\u00f3n, los pozos de agua dejaron de funcionar y, por lo tanto, de extraer agua.<\/p>\n<p>Esta ma\u00f1ana, a las siete horas, se ha comenzado a, muy poco a poco, ir abriendo las llaves de paso con el fin de no provocar roturas en la red, pero no descartamos que puedan haberlas, como tambi\u00e9n puede ocurrir que <strong>el agua salga con algo de turvidez,<\/strong> cosa que queremos advertir para evitar falsas alarmas.<\/p>\n<p>Insisto como siempre. Para mejorar el servicio del agua necesitamos vuestra colaboraci\u00f3n, que cuando surja un problema, de cualquier \u00edndole, os pong\u00e1is en contacto con nosotros llamando al siguiente tel\u00e9fono: 96 582 58 69 y con la mayor brevedad posible se os atender\u00e1.<\/p>\n<p style=\"text-align: center;\">\u00a1\u00a1En la concejal\u00eda del Ciclo Integral del Agua nos esforzamos en dar un buen servicio y gestionar bien tu dinero!!<\/p>\n","protected":false},"excerpt":{"rendered":"<p>Como todos sabemos, en el d\u00eda de ayer se produjo un apag\u00f3n en el suministro el\u00e9ctrico que se mantuvo durante varias horas. Nunca antes hab\u00eda ocurrido un colapso tan importante y de tanta magnitud en un servicio esencial como es el el\u00e9ctrico. Esta situaci\u00f3n nos oblig\u00f3 a los responsables Municipales a tomar medidas dr\u00e1sticas encaminadas &hellip;<\/p>\n","protected":false},"author":5,"featured_media":16555,"comment_status":"closed","ping_status":"open","sticky":false,"template":"","format":"standard","meta":{"ngg_post_thumbnail":0,"footnotes":""},"categories":[49],"tags":[],"class_list":["post-28493","post","type-post","status-publish","format-standard","has-post-thumbnail","hentry","category-ciclo-integral-del-agua"],"yoast_head":"<!-- This site is optimized with the Yoast SEO plugin v27.5 - https:\/\/yoast.com\/product\/yoast-seo-wordpress\/ -->\n<title>Con motivo del apag\u00f3n el\u00e9ctrico de ayer es posible que el agua salga turbia - MI Ayuntamiento de Caudete<\/title>\n<meta name=\"description\" content=\"P\u00e1gina Oficial del Ayuntamiento de Caudete (Albacete)\" \/>\n<meta name=\"robots\" content=\"index, follow, max-snippet:-1, max-image-preview:large, max-video-preview:-1\" \/>\n<link rel=\"canonical\" href=\"https:\/\/www.caudete.org\/ayuntamiento\/con-motivo-del-apagon-electrico-de-ayer-es-posible-que-el-agua-salga-turbia\/\" \/>\n<meta property=\"og:locale\" content=\"es_ES\" \/>\n<meta property=\"og:type\" content=\"article\" \/>\n<meta property=\"og:title\" content=\"Con motivo del apag\u00f3n el\u00e9ctrico de ayer es posible que el agua salga turbia - MI Ayuntamiento de Caudete\" \/>\n<meta property=\"og:description\" content=\"P\u00e1gina Oficial del Ayuntamiento de Caudete (Albacete)\" \/>\n<meta property=\"og:url\" content=\"https:\/\/www.caudete.org\/ayuntamiento\/con-motivo-del-apagon-electrico-de-ayer-es-posible-que-el-agua-salga-turbia\/\" \/>\n<meta property=\"og:site_name\" content=\"MI Ayuntamiento de Caudete\" \/>\n<meta property=\"article:publisher\" content=\"https:\/\/www.facebook.com\/ayuntamientocaudete\/\" \/>\n<meta property=\"article:published_time\" content=\"2025-04-29T12:24:26+00:00\" \/>\n<meta property=\"article:modified_time\" content=\"2025-04-29T12:27:33+00:00\" \/>\n<meta property=\"og:image\" content=\"https:\/\/www.caudete.org\/ayuntamiento\/wp-content\/uploads\/2021\/10\/agua.jpg\" \/>\n\t<meta property=\"og:image:width\" content=\"800\" \/>\n\t<meta property=\"og:image:height\" content=\"397\" \/>\n\t<meta property=\"og:image:type\" content=\"image\/jpeg\" \/>\n<meta name=\"author\" content=\"Dpto Informatica MI Ayuntamiento de Caudete\" \/>\n<meta name=\"twitter:card\" content=\"summary_large_image\" \/>\n<meta name=\"twitter:label1\" content=\"Escrito por\" \/>\n\t<meta name=\"twitter:data1\" content=\"Dpto Informatica MI Ayuntamiento de Caudete\" \/>\n\t<meta name=\"twitter:label2\" content=\"Tiempo de lectura\" \/>\n\t<meta name=\"twitter:data2\" content=\"2 minutos\" \/>\n<script type=\"application\/ld+json\" class=\"yoast-schema-graph\">{\"@context\":\"https:\\\/\\\/schema.org\",\"@graph\":[{\"@type\":\"Article\",\"@id\":\"https:\\\/\\\/www.caudete.org\\\/ayuntamiento\\\/con-motivo-del-apagon-electrico-de-ayer-es-posible-que-el-agua-salga-turbia\\\/#article\",\"isPartOf\":{\"@id\":\"https:\\\/\\\/www.caudete.org\\\/ayuntamiento\\\/con-motivo-del-apagon-electrico-de-ayer-es-posible-que-el-agua-salga-turbia\\\/\"},\"author\":{\"name\":\"Dpto Informatica MI Ayuntamiento de Caudete\",\"@id\":\"https:\\\/\\\/www.caudete.org\\\/ayuntamiento\\\/#\\\/schema\\\/person\\\/4b9eab41761957db9b1bf9c418d1ef46\"},\"headline\":\"Con motivo del apag\u00f3n el\u00e9ctrico de ayer es posible que el agua salga turbia\",\"datePublished\":\"2025-04-29T12:24:26+00:00\",\"dateModified\":\"2025-04-29T12:27:33+00:00\",\"mainEntityOfPage\":{\"@id\":\"https:\\\/\\\/www.caudete.org\\\/ayuntamiento\\\/con-motivo-del-apagon-electrico-de-ayer-es-posible-que-el-agua-salga-turbia\\\/\"},\"wordCount\":243,\"image\":{\"@id\":\"https:\\\/\\\/www.caudete.org\\\/ayuntamiento\\\/con-motivo-del-apagon-electrico-de-ayer-es-posible-que-el-agua-salga-turbia\\\/#primaryimage\"},\"thumbnailUrl\":\"https:\\\/\\\/www.caudete.org\\\/ayuntamiento\\\/wp-content\\\/uploads\\\/2021\\\/10\\\/agua.jpg\",\"articleSection\":[\"Ciclo Integral del Agua\"],\"inLanguage\":\"es\"},{\"@type\":\"WebPage\",\"@id\":\"https:\\\/\\\/www.caudete.org\\\/ayuntamiento\\\/con-motivo-del-apagon-electrico-de-ayer-es-posible-que-el-agua-salga-turbia\\\/\",\"url\":\"https:\\\/\\\/www.caudete.org\\\/ayuntamiento\\\/con-motivo-del-apagon-electrico-de-ayer-es-posible-que-el-agua-salga-turbia\\\/\",\"name\":\"Con motivo del apag\u00f3n el\u00e9ctrico de ayer es posible que el agua salga turbia - MI Ayuntamiento de Caudete\",\"isPartOf\":{\"@id\":\"https:\\\/\\\/www.caudete.org\\\/ayuntamiento\\\/#website\"},\"primaryImageOfPage\":{\"@id\":\"https:\\\/\\\/www.caudete.org\\\/ayuntamiento\\\/con-motivo-del-apagon-electrico-de-ayer-es-posible-que-el-agua-salga-turbia\\\/#primaryimage\"},\"image\":{\"@id\":\"https:\\\/\\\/www.caudete.org\\\/ayuntamiento\\\/con-motivo-del-apagon-electrico-de-ayer-es-posible-que-el-agua-salga-turbia\\\/#primaryimage\"},\"thumbnailUrl\":\"https:\\\/\\\/www.caudete.org\\\/ayuntamiento\\\/wp-content\\\/uploads\\\/2021\\\/10\\\/agua.jpg\",\"datePublished\":\"2025-04-29T12:24:26+00:00\",\"dateModified\":\"2025-04-29T12:27:33+00:00\",\"author\":{\"@id\":\"https:\\\/\\\/www.caudete.org\\\/ayuntamiento\\\/#\\\/schema\\\/person\\\/4b9eab41761957db9b1bf9c418d1ef46\"},\"description\":\"P\u00e1gina Oficial del Ayuntamiento de Caudete (Albacete)\",\"breadcrumb\":{\"@id\":\"https:\\\/\\\/www.caudete.org\\\/ayuntamiento\\\/con-motivo-del-apagon-electrico-de-ayer-es-posible-que-el-agua-salga-turbia\\\/#breadcrumb\"},\"inLanguage\":\"es\",\"potentialAction\":[{\"@type\":\"ReadAction\",\"target\":[\"https:\\\/\\\/www.caudete.org\\\/ayuntamiento\\\/con-motivo-del-apagon-electrico-de-ayer-es-posible-que-el-agua-salga-turbia\\\/\"]}]},{\"@type\":\"ImageObject\",\"inLanguage\":\"es\",\"@id\":\"https:\\\/\\\/www.caudete.org\\\/ayuntamiento\\\/con-motivo-del-apagon-electrico-de-ayer-es-posible-que-el-agua-salga-turbia\\\/#primaryimage\",\"url\":\"https:\\\/\\\/www.caudete.org\\\/ayuntamiento\\\/wp-content\\\/uploads\\\/2021\\\/10\\\/agua.jpg\",\"contentUrl\":\"https:\\\/\\\/www.caudete.org\\\/ayuntamiento\\\/wp-content\\\/uploads\\\/2021\\\/10\\\/agua.jpg\",\"width\":800,\"height\":397,\"caption\":\"Corte agua\"},{\"@type\":\"BreadcrumbList\",\"@id\":\"https:\\\/\\\/www.caudete.org\\\/ayuntamiento\\\/con-motivo-del-apagon-electrico-de-ayer-es-posible-que-el-agua-salga-turbia\\\/#breadcrumb\",\"itemListElement\":[{\"@type\":\"ListItem\",\"position\":1,\"name\":\"Inicio\",\"item\":\"https:\\\/\\\/www.caudete.org\\\/ayuntamiento\\\/\"},{\"@type\":\"ListItem\",\"position\":2,\"name\":\"Con motivo del apag\u00f3n el\u00e9ctrico de ayer es posible que el agua salga turbia\"}]},{\"@type\":\"WebSite\",\"@id\":\"https:\\\/\\\/www.caudete.org\\\/ayuntamiento\\\/#website\",\"url\":\"https:\\\/\\\/www.caudete.org\\\/ayuntamiento\\\/\",\"name\":\"MI Ayuntamiento de Caudete\",\"description\":\"P\u00e1gina Oficial del MI Ayuntamiento de Caudete\",\"potentialAction\":[{\"@type\":\"SearchAction\",\"target\":{\"@type\":\"EntryPoint\",\"urlTemplate\":\"https:\\\/\\\/www.caudete.org\\\/ayuntamiento\\\/?s={search_term_string}\"},\"query-input\":{\"@type\":\"PropertyValueSpecification\",\"valueRequired\":true,\"valueName\":\"search_term_string\"}}],\"inLanguage\":\"es\"},{\"@type\":\"Person\",\"@id\":\"https:\\\/\\\/www.caudete.org\\\/ayuntamiento\\\/#\\\/schema\\\/person\\\/4b9eab41761957db9b1bf9c418d1ef46\",\"name\":\"Dpto Informatica MI Ayuntamiento de Caudete\",\"image\":{\"@type\":\"ImageObject\",\"inLanguage\":\"es\",\"@id\":\"https:\\\/\\\/secure.gravatar.com\\\/avatar\\\/ac0321ee4a0a83e82a253e7b2d348ef539e2c8fe16d06b600bde04de1b364fa7?s=96&d=mm&r=g\",\"url\":\"https:\\\/\\\/secure.gravatar.com\\\/avatar\\\/ac0321ee4a0a83e82a253e7b2d348ef539e2c8fe16d06b600bde04de1b364fa7?s=96&d=mm&r=g\",\"contentUrl\":\"https:\\\/\\\/secure.gravatar.com\\\/avatar\\\/ac0321ee4a0a83e82a253e7b2d348ef539e2c8fe16d06b600bde04de1b364fa7?s=96&d=mm&r=g\",\"caption\":\"Dpto Informatica MI Ayuntamiento de Caudete\"},\"url\":\"https:\\\/\\\/www.caudete.org\\\/ayuntamiento\\\/author\\\/informatica\\\/\"}]}<\/script>\n<!-- \/ Yoast SEO plugin. -->","yoast_head_json":{"title":"Con motivo del apag\u00f3n el\u00e9ctrico de ayer es posible que el agua salga turbia - MI Ayuntamiento de Caudete","description":"P\u00e1gina Oficial del Ayuntamiento de Caudete (Albacete)","robots":{"index":"index","follow":"follow","max-snippet":"max-snippet:-1","max-image-preview":"max-image-preview:large","max-video-preview":"max-video-preview:-1"},"canonical":"https:\/\/www.caudete.org\/ayuntamiento\/con-motivo-del-apagon-electrico-de-ayer-es-posible-que-el-agua-salga-turbia\/","og_locale":"es_ES","og_type":"article","og_title":"Con motivo del apag\u00f3n el\u00e9ctrico de ayer es posible que el agua salga turbia - MI Ayuntamiento de Caudete","og_description":"P\u00e1gina Oficial del Ayuntamiento de Caudete (Albacete)","og_url":"https:\/\/www.caudete.org\/ayuntamiento\/con-motivo-del-apagon-electrico-de-ayer-es-posible-que-el-agua-salga-turbia\/","og_site_name":"MI Ayuntamiento de Caudete","article_publisher":"https:\/\/www.facebook.com\/ayuntamientocaudete\/","article_published_time":"2025-04-29T12:24:26+00:00","article_modified_time":"2025-04-29T12:27:33+00:00","og_image":[{"width":800,"height":397,"url":"https:\/\/www.caudete.org\/ayuntamiento\/wp-content\/uploads\/2021\/10\/agua.jpg","type":"image\/jpeg"}],"author":"Dpto Informatica MI Ayuntamiento de Caudete","twitter_card":"summary_large_image","twitter_misc":{"Escrito por":"Dpto Informatica MI Ayuntamiento de Caudete","Tiempo de lectura":"2 minutos"},"schema":{"@context":"https:\/\/schema.org","@graph":[{"@type":"Article","@id":"https:\/\/www.caudete.org\/ayuntamiento\/con-motivo-del-apagon-electrico-de-ayer-es-posible-que-el-agua-salga-turbia\/#article","isPartOf":{"@id":"https:\/\/www.caudete.org\/ayuntamiento\/con-motivo-del-apagon-electrico-de-ayer-es-posible-que-el-agua-salga-turbia\/"},"author":{"name":"Dpto Informatica MI Ayuntamiento de Caudete","@id":"https:\/\/www.caudete.org\/ayuntamiento\/#\/schema\/person\/4b9eab41761957db9b1bf9c418d1ef46"},"headline":"Con motivo del apag\u00f3n el\u00e9ctrico de ayer es posible que el agua salga turbia","datePublished":"2025-04-29T12:24:26+00:00","dateModified":"2025-04-29T12:27:33+00:00","mainEntityOfPage":{"@id":"https:\/\/www.caudete.org\/ayuntamiento\/con-motivo-del-apagon-electrico-de-ayer-es-posible-que-el-agua-salga-turbia\/"},"wordCount":243,"image":{"@id":"https:\/\/www.caudete.org\/ayuntamiento\/con-motivo-del-apagon-electrico-de-ayer-es-posible-que-el-agua-salga-turbia\/#primaryimage"},"thumbnailUrl":"https:\/\/www.caudete.org\/ayuntamiento\/wp-content\/uploads\/2021\/10\/agua.jpg","articleSection":["Ciclo Integral del Agua"],"inLanguage":"es"},{"@type":"WebPage","@id":"https:\/\/www.caudete.org\/ayuntamiento\/con-motivo-del-apagon-electrico-de-ayer-es-posible-que-el-agua-salga-turbia\/","url":"https:\/\/www.caudete.org\/ayuntamiento\/con-motivo-del-apagon-electrico-de-ayer-es-posible-que-el-agua-salga-turbia\/","name":"Con motivo del apag\u00f3n el\u00e9ctrico de ayer es posible que el agua salga turbia - MI Ayuntamiento de Caudete","isPartOf":{"@id":"https:\/\/www.caudete.org\/ayuntamiento\/#website"},"primaryImageOfPage":{"@id":"https:\/\/www.caudete.org\/ayuntamiento\/con-motivo-del-apagon-electrico-de-ayer-es-posible-que-el-agua-salga-turbia\/#primaryimage"},"image":{"@id":"https:\/\/www.caudete.org\/ayuntamiento\/con-motivo-del-apagon-electrico-de-ayer-es-posible-que-el-agua-salga-turbia\/#primaryimage"},"thumbnailUrl":"https:\/\/www.caudete.org\/ayuntamiento\/wp-content\/uploads\/2021\/10\/agua.jpg","datePublished":"2025-04-29T12:24:26+00:00","dateModified":"2025-04-29T12:27:33+00:00","author":{"@id":"https:\/\/www.caudete.org\/ayuntamiento\/#\/schema\/person\/4b9eab41761957db9b1bf9c418d1ef46"},"description":"P\u00e1gina Oficial del Ayuntamiento de Caudete (Albacete)","breadcrumb":{"@id":"https:\/\/www.caudete.org\/ayuntamiento\/con-motivo-del-apagon-electrico-de-ayer-es-posible-que-el-agua-salga-turbia\/#breadcrumb"},"inLanguage":"es","potentialAction":[{"@type":"ReadAction","target":["https:\/\/www.caudete.org\/ayuntamiento\/con-motivo-del-apagon-electrico-de-ayer-es-posible-que-el-agua-salga-turbia\/"]}]},{"@type":"ImageObject","inLanguage":"es","@id":"https:\/\/www.caudete.org\/ayuntamiento\/con-motivo-del-apagon-electrico-de-ayer-es-posible-que-el-agua-salga-turbia\/#primaryimage","url":"https:\/\/www.caudete.org\/ayuntamiento\/wp-content\/uploads\/2021\/10\/agua.jpg","contentUrl":"https:\/\/www.caudete.org\/ayuntamiento\/wp-content\/uploads\/2021\/10\/agua.jpg","width":800,"height":397,"caption":"Corte agua"},{"@type":"BreadcrumbList","@id":"https:\/\/www.caudete.org\/ayuntamiento\/con-motivo-del-apagon-electrico-de-ayer-es-posible-que-el-agua-salga-turbia\/#breadcrumb","itemListElement":[{"@type":"ListItem","position":1,"name":"Inicio","item":"https:\/\/www.caudete.org\/ayuntamiento\/"},{"@type":"ListItem","position":2,"name":"Con motivo del apag\u00f3n el\u00e9ctrico de ayer es posible que el agua salga turbia"}]},{"@type":"WebSite","@id":"https:\/\/www.caudete.org\/ayuntamiento\/#website","url":"https:\/\/www.caudete.org\/ayuntamiento\/","name":"MI Ayuntamiento de Caudete","description":"P\u00e1gina Oficial del MI Ayuntamiento de Caudete","potentialAction":[{"@type":"SearchAction","target":{"@type":"EntryPoint","urlTemplate":"https:\/\/www.caudete.org\/ayuntamiento\/?s={search_term_string}"},"query-input":{"@type":"PropertyValueSpecification","valueRequired":true,"valueName":"search_term_string"}}],"inLanguage":"es"},{"@type":"Person","@id":"https:\/\/www.caudete.org\/ayuntamiento\/#\/schema\/person\/4b9eab41761957db9b1bf9c418d1ef46","name":"Dpto Informatica MI Ayuntamiento de Caudete","image":{"@type":"ImageObject","inLanguage":"es","@id":"https:\/\/secure.gravatar.com\/avatar\/ac0321ee4a0a83e82a253e7b2d348ef539e2c8fe16d06b600bde04de1b364fa7?s=96&d=mm&r=g","url":"https:\/\/secure.gravatar.com\/avatar\/ac0321ee4a0a83e82a253e7b2d348ef539e2c8fe16d06b600bde04de1b364fa7?s=96&d=mm&r=g","contentUrl":"https:\/\/secure.gravatar.com\/avatar\/ac0321ee4a0a83e82a253e7b2d348ef539e2c8fe16d06b600bde04de1b364fa7?s=96&d=mm&r=g","caption":"Dpto Informatica MI Ayuntamiento de Caudete"},"url":"https:\/\/www.caudete.org\/ayuntamiento\/author\/informatica\/"}]}},"_links":{"self":[{"href":"https:\/\/www.caudete.org\/ayuntamiento\/wp-json\/wp\/v2\/posts\/28493","targetHints":{"allow":["GET"]}}],"collection":[{"href":"https:\/\/www.caudete.org\/ayuntamiento\/wp-json\/wp\/v2\/posts"}],"about":[{"href":"https:\/\/www.caudete.org\/ayuntamiento\/wp-json\/wp\/v2\/types\/post"}],"author":[{"embeddable":true,"href":"https:\/\/www.caudete.org\/ayuntamiento\/wp-json\/wp\/v2\/users\/5"}],"replies":[{"embeddable":true,"href":"https:\/\/www.caudete.org\/ayuntamiento\/wp-json\/wp\/v2\/comments?post=28493"}],"version-history":[{"count":1,"href":"https:\/\/www.caudete.org\/ayuntamiento\/wp-json\/wp\/v2\/posts\/28493\/revisions"}],"predecessor-version":[{"id":28494,"href":"https:\/\/www.caudete.org\/ayuntamiento\/wp-json\/wp\/v2\/posts\/28493\/revisions\/28494"}],"wp:featuredmedia":[{"embeddable":true,"href":"https:\/\/www.caudete.org\/ayuntamiento\/wp-json\/wp\/v2\/media\/16555"}],"wp:attachment":[{"href":"https:\/\/www.caudete.org\/ayuntamiento\/wp-json\/wp\/v2\/media?parent=28493"}],"wp:term":[{"taxonomy":"category","embeddable":true,"href":"https:\/\/www.caudete.org\/ayuntamiento\/wp-json\/wp\/v2\/categories?post=28493"},{"taxonomy":"post_tag","embeddable":true,"href":"https:\/\/www.caudete.org\/ayuntamiento\/wp-json\/wp\/v2\/tags?post=28493"}],"curies":[{"name":"wp","href":"https:\/\/api.w.org\/{rel}","templated":true}]}}