{"id":28519,"date":"2025-05-06T08:00:28","date_gmt":"2025-05-06T06:00:28","guid":{"rendered":"https:\/\/www.caudete.org\/ayuntamiento\/?p=28519"},"modified":"2025-05-09T09:23:54","modified_gmt":"2025-05-09T07:23:54","slug":"el-joven-autor-eve-edgar-lopez-presenta-su-nuevo-libro-artista-autista-creatividad-en-el-espectro","status":"publish","type":"post","link":"https:\/\/www.caudete.org\/ayuntamiento\/el-joven-autor-eve-edgar-lopez-presenta-su-nuevo-libro-artista-autista-creatividad-en-el-espectro\/","title":{"rendered":"El joven autor Eve Edgar L\u00f3pez presenta su nuevo libro: Artista Autista: Creatividad en el Espectro"},"content":{"rendered":"<p>La Concejal\u00eda de Cultura del Ayuntamiento de Caudete invita a la ciudadan\u00eda a la presentaci\u00f3n del libro Artista Autista: Creatividad en el Espectro, del joven autor <strong>Eve Edgar L\u00f3pez<\/strong>, que tendr\u00e1 lugar el pr\u00f3ximo <strong>jueves 8 de mayo a las 19:30 horas,<\/strong> en el<strong> Museo de la Acuarela Rafael Requena<\/strong> de la Casa de Cultura. La entrada ser\u00e1 libre hasta completar aforo.<\/p>\n<p>A sus <strong>dieciocho a\u00f1os<\/strong>, Eve Edgar L\u00f3pez ya es una voz destacada en el \u00e1mbito de la neurodivergencia y la motivaci\u00f3n personal. Tras el \u00e9xito de su primera obra, La Gu\u00eda del Juego (2024), regresa con un libro que nace desde la autenticidad, la reflexi\u00f3n y el compromiso por visibilizar el autismo desde una mirada luminosa y esperanzadora.<\/p>\n<p>En Artista Autista: Creatividad en el Espectro, el autor se sumerge en su propia experiencia para explorar el potencial creativo de las personas dentro del espectro autista. A trav\u00e9s de sus vivencias y de un discurso claro y poderoso, comparte herramientas, motivaciones y claves para alcanzar el desarrollo personal y transformar las diferencias en fortalezas.<\/p>\n<p>Reconocido por su claridad comunicativa y su capacidad de conexi\u00f3n con el p\u00fablico, Eve ha participado como ponente en m\u00faltiples conferencias, tanto presenciales como en formato virtual, consolid\u00e1ndose como un joven con una voz propia que interpela y emociona.<\/p>\n<p>Esta segunda publicaci\u00f3n refuerza su compromiso con la inclusi\u00f3n y el cambio social, ofreciendo un testimonio valiente y constructivo que, sin duda, resonar\u00e1 entre lectores de todas las edades.<br \/>\n<strong>\ud83d\udd39 Una cita imprescindible para quienes creen en el poder de la palabra, la diversidad y la creatividad como motores de transformaci\u00f3n social.<br \/>\n<\/strong><br \/>\n\ud83d\udcd6 Artista Autista no es solo un libro: es una invitaci\u00f3n a mirar el mundo con otros ojos.<\/p>\n<p><a href=\"https:\/\/www.caudete.org\/ayuntamiento\/wp-content\/uploads\/2025\/05\/libro-de-Eve.jpg\" rel='prettyPhoto'><img fetchpriority=\"high\" decoding=\"async\" class=\"alignnone size-full wp-image-28521\" src=\"https:\/\/www.caudete.org\/ayuntamiento\/wp-content\/uploads\/2025\/05\/libro-de-Eve.jpg\" alt=\"\" width=\"707\" height=\"1000\" srcset=\"https:\/\/www.caudete.org\/ayuntamiento\/wp-content\/uploads\/2025\/05\/libro-de-Eve.jpg 707w, https:\/\/www.caudete.org\/ayuntamiento\/wp-content\/uploads\/2025\/05\/libro-de-Eve-283x400.jpg 283w, https:\/\/www.caudete.org\/ayuntamiento\/wp-content\/uploads\/2025\/05\/libro-de-Eve-566x800.jpg 566w\" sizes=\"(max-width: 707px) 100vw, 707px\" \/><\/a><\/p>\n","protected":false},"excerpt":{"rendered":"<p>La Concejal\u00eda de Cultura del Ayuntamiento de Caudete invita a la ciudadan\u00eda a la presentaci\u00f3n del libro Artista Autista: Creatividad en el Espectro, del joven autor Eve Edgar L\u00f3pez, que tendr\u00e1 lugar el pr\u00f3ximo jueves 8 de mayo a las 19:30 horas, en el Museo de la Acuarela Rafael Requena de la Casa de Cultura. &hellip;<\/p>\n","protected":false},"author":5,"featured_media":28522,"comment_status":"closed","ping_status":"open","sticky":false,"template":"","format":"standard","meta":{"ngg_post_thumbnail":0,"footnotes":""},"categories":[14],"tags":[],"class_list":["post-28519","post","type-post","status-publish","format-standard","has-post-thumbnail","hentry","category-cultura"],"yoast_head":"<!-- This site is optimized with the Yoast SEO plugin v27.5 - https:\/\/yoast.com\/product\/yoast-seo-wordpress\/ -->\n<title>El joven autor Eve Edgar L\u00f3pez presenta su nuevo libro: Artista Autista: Creatividad en el Espectro - MI Ayuntamiento de Caudete<\/title>\n<meta name=\"description\" content=\"P\u00e1gina Oficial del Ayuntamiento de Caudete (Albacete)\" \/>\n<meta name=\"robots\" content=\"index, follow, max-snippet:-1, max-image-preview:large, max-video-preview:-1\" \/>\n<link rel=\"canonical\" href=\"https:\/\/www.caudete.org\/ayuntamiento\/el-joven-autor-eve-edgar-lopez-presenta-su-nuevo-libro-artista-autista-creatividad-en-el-espectro\/\" \/>\n<meta property=\"og:locale\" content=\"es_ES\" \/>\n<meta property=\"og:type\" content=\"article\" \/>\n<meta property=\"og:title\" content=\"El joven autor Eve Edgar L\u00f3pez presenta su nuevo libro: Artista Autista: Creatividad en el Espectro - MI Ayuntamiento de Caudete\" \/>\n<meta property=\"og:description\" content=\"P\u00e1gina Oficial del Ayuntamiento de Caudete (Albacete)\" \/>\n<meta property=\"og:url\" content=\"https:\/\/www.caudete.org\/ayuntamiento\/el-joven-autor-eve-edgar-lopez-presenta-su-nuevo-libro-artista-autista-creatividad-en-el-espectro\/\" \/>\n<meta property=\"og:site_name\" content=\"MI Ayuntamiento de Caudete\" \/>\n<meta property=\"article:publisher\" content=\"https:\/\/www.facebook.com\/ayuntamientocaudete\/\" \/>\n<meta property=\"article:published_time\" content=\"2025-05-06T06:00:28+00:00\" \/>\n<meta property=\"article:modified_time\" content=\"2025-05-09T07:23:54+00:00\" \/>\n<meta property=\"og:image\" content=\"https:\/\/www.caudete.org\/ayuntamiento\/wp-content\/uploads\/2025\/05\/libro-de-Eve-port.jpg\" \/>\n\t<meta property=\"og:image:width\" content=\"668\" \/>\n\t<meta property=\"og:image:height\" content=\"249\" \/>\n\t<meta property=\"og:image:type\" content=\"image\/jpeg\" \/>\n<meta name=\"author\" content=\"Dpto Informatica MI Ayuntamiento de Caudete\" \/>\n<meta name=\"twitter:card\" content=\"summary_large_image\" \/>\n<meta name=\"twitter:label1\" content=\"Escrito por\" \/>\n\t<meta name=\"twitter:data1\" content=\"Dpto Informatica MI Ayuntamiento de Caudete\" \/>\n\t<meta name=\"twitter:label2\" content=\"Tiempo de lectura\" \/>\n\t<meta name=\"twitter:data2\" content=\"2 minutos\" \/>\n<script type=\"application\/ld+json\" class=\"yoast-schema-graph\">{\"@context\":\"https:\\\/\\\/schema.org\",\"@graph\":[{\"@type\":\"Article\",\"@id\":\"https:\\\/\\\/www.caudete.org\\\/ayuntamiento\\\/el-joven-autor-eve-edgar-lopez-presenta-su-nuevo-libro-artista-autista-creatividad-en-el-espectro\\\/#article\",\"isPartOf\":{\"@id\":\"https:\\\/\\\/www.caudete.org\\\/ayuntamiento\\\/el-joven-autor-eve-edgar-lopez-presenta-su-nuevo-libro-artista-autista-creatividad-en-el-espectro\\\/\"},\"author\":{\"name\":\"Dpto Informatica MI Ayuntamiento de Caudete\",\"@id\":\"https:\\\/\\\/www.caudete.org\\\/ayuntamiento\\\/#\\\/schema\\\/person\\\/4b9eab41761957db9b1bf9c418d1ef46\"},\"headline\":\"El joven autor Eve Edgar L\u00f3pez presenta su nuevo libro: Artista Autista: Creatividad en el Espectro\",\"datePublished\":\"2025-05-06T06:00:28+00:00\",\"dateModified\":\"2025-05-09T07:23:54+00:00\",\"mainEntityOfPage\":{\"@id\":\"https:\\\/\\\/www.caudete.org\\\/ayuntamiento\\\/el-joven-autor-eve-edgar-lopez-presenta-su-nuevo-libro-artista-autista-creatividad-en-el-espectro\\\/\"},\"wordCount\":315,\"publisher\":{\"@id\":\"https:\\\/\\\/www.caudete.org\\\/ayuntamiento\\\/#organization\"},\"image\":{\"@id\":\"https:\\\/\\\/www.caudete.org\\\/ayuntamiento\\\/el-joven-autor-eve-edgar-lopez-presenta-su-nuevo-libro-artista-autista-creatividad-en-el-espectro\\\/#primaryimage\"},\"thumbnailUrl\":\"https:\\\/\\\/www.caudete.org\\\/ayuntamiento\\\/wp-content\\\/uploads\\\/2025\\\/05\\\/libro-de-Eve-port.jpg\",\"articleSection\":[\"Cultura\"],\"inLanguage\":\"es\"},{\"@type\":\"WebPage\",\"@id\":\"https:\\\/\\\/www.caudete.org\\\/ayuntamiento\\\/el-joven-autor-eve-edgar-lopez-presenta-su-nuevo-libro-artista-autista-creatividad-en-el-espectro\\\/\",\"url\":\"https:\\\/\\\/www.caudete.org\\\/ayuntamiento\\\/el-joven-autor-eve-edgar-lopez-presenta-su-nuevo-libro-artista-autista-creatividad-en-el-espectro\\\/\",\"name\":\"El joven autor Eve Edgar L\u00f3pez presenta su nuevo libro: Artista Autista: Creatividad en el Espectro - MI Ayuntamiento de Caudete\",\"isPartOf\":{\"@id\":\"https:\\\/\\\/www.caudete.org\\\/ayuntamiento\\\/#website\"},\"primaryImageOfPage\":{\"@id\":\"https:\\\/\\\/www.caudete.org\\\/ayuntamiento\\\/el-joven-autor-eve-edgar-lopez-presenta-su-nuevo-libro-artista-autista-creatividad-en-el-espectro\\\/#primaryimage\"},\"image\":{\"@id\":\"https:\\\/\\\/www.caudete.org\\\/ayuntamiento\\\/el-joven-autor-eve-edgar-lopez-presenta-su-nuevo-libro-artista-autista-creatividad-en-el-espectro\\\/#primaryimage\"},\"thumbnailUrl\":\"https:\\\/\\\/www.caudete.org\\\/ayuntamiento\\\/wp-content\\\/uploads\\\/2025\\\/05\\\/libro-de-Eve-port.jpg\",\"datePublished\":\"2025-05-06T06:00:28+00:00\",\"dateModified\":\"2025-05-09T07:23:54+00:00\",\"description\":\"P\u00e1gina Oficial del Ayuntamiento de Caudete (Albacete)\",\"breadcrumb\":{\"@id\":\"https:\\\/\\\/www.caudete.org\\\/ayuntamiento\\\/el-joven-autor-eve-edgar-lopez-presenta-su-nuevo-libro-artista-autista-creatividad-en-el-espectro\\\/#breadcrumb\"},\"inLanguage\":\"es\",\"potentialAction\":[{\"@type\":\"ReadAction\",\"target\":[\"https:\\\/\\\/www.caudete.org\\\/ayuntamiento\\\/el-joven-autor-eve-edgar-lopez-presenta-su-nuevo-libro-artista-autista-creatividad-en-el-espectro\\\/\"]}]},{\"@type\":\"ImageObject\",\"inLanguage\":\"es\",\"@id\":\"https:\\\/\\\/www.caudete.org\\\/ayuntamiento\\\/el-joven-autor-eve-edgar-lopez-presenta-su-nuevo-libro-artista-autista-creatividad-en-el-espectro\\\/#primaryimage\",\"url\":\"https:\\\/\\\/www.caudete.org\\\/ayuntamiento\\\/wp-content\\\/uploads\\\/2025\\\/05\\\/libro-de-Eve-port.jpg\",\"contentUrl\":\"https:\\\/\\\/www.caudete.org\\\/ayuntamiento\\\/wp-content\\\/uploads\\\/2025\\\/05\\\/libro-de-Eve-port.jpg\",\"width\":668,\"height\":249},{\"@type\":\"BreadcrumbList\",\"@id\":\"https:\\\/\\\/www.caudete.org\\\/ayuntamiento\\\/el-joven-autor-eve-edgar-lopez-presenta-su-nuevo-libro-artista-autista-creatividad-en-el-espectro\\\/#breadcrumb\",\"itemListElement\":[{\"@type\":\"ListItem\",\"position\":1,\"name\":\"Inicio\",\"item\":\"https:\\\/\\\/www.caudete.org\\\/ayuntamiento\\\/\"},{\"@type\":\"ListItem\",\"position\":2,\"name\":\"El joven autor Eve Edgar L\u00f3pez presenta su nuevo libro: Artista Autista: Creatividad en el Espectro\"}]},{\"@type\":\"WebSite\",\"@id\":\"https:\\\/\\\/www.caudete.org\\\/ayuntamiento\\\/#website\",\"url\":\"https:\\\/\\\/www.caudete.org\\\/ayuntamiento\\\/\",\"name\":\"MI Ayuntamiento de Caudete\",\"description\":\"P\u00e1gina Oficial del MI Ayuntamiento de Caudete\",\"publisher\":{\"@id\":\"https:\\\/\\\/www.caudete.org\\\/ayuntamiento\\\/#organization\"},\"potentialAction\":[{\"@type\":\"SearchAction\",\"target\":{\"@type\":\"EntryPoint\",\"urlTemplate\":\"https:\\\/\\\/www.caudete.org\\\/ayuntamiento\\\/?s={search_term_string}\"},\"query-input\":{\"@type\":\"PropertyValueSpecification\",\"valueRequired\":true,\"valueName\":\"search_term_string\"}}],\"inLanguage\":\"es\"},{\"@type\":\"Organization\",\"@id\":\"https:\\\/\\\/www.caudete.org\\\/ayuntamiento\\\/#organization\",\"name\":\"Ayuntamiento de Caudete\",\"url\":\"https:\\\/\\\/www.caudete.org\\\/ayuntamiento\\\/\",\"logo\":{\"@type\":\"ImageObject\",\"inLanguage\":\"es\",\"@id\":\"https:\\\/\\\/www.caudete.org\\\/ayuntamiento\\\/#\\\/schema\\\/logo\\\/image\\\/\",\"url\":\"https:\\\/\\\/www.caudete.org\\\/ayuntamiento\\\/wp-content\\\/uploads\\\/2020\\\/11\\\/logo_ayuntamiento_caudete.jpg\",\"contentUrl\":\"https:\\\/\\\/www.caudete.org\\\/ayuntamiento\\\/wp-content\\\/uploads\\\/2020\\\/11\\\/logo_ayuntamiento_caudete.jpg\",\"width\":600,\"height\":150,\"caption\":\"Ayuntamiento de Caudete\"},\"image\":{\"@id\":\"https:\\\/\\\/www.caudete.org\\\/ayuntamiento\\\/#\\\/schema\\\/logo\\\/image\\\/\"},\"sameAs\":[\"https:\\\/\\\/www.facebook.com\\\/ayuntamientocaudete\\\/\",\"https:\\\/\\\/www.youtube.com\\\/channel\\\/UC6VztHaooNsGpw-tNoBEFnQ\"]},{\"@type\":\"Person\",\"@id\":\"https:\\\/\\\/www.caudete.org\\\/ayuntamiento\\\/#\\\/schema\\\/person\\\/4b9eab41761957db9b1bf9c418d1ef46\",\"name\":\"Dpto Informatica MI Ayuntamiento de Caudete\",\"image\":{\"@type\":\"ImageObject\",\"inLanguage\":\"es\",\"@id\":\"https:\\\/\\\/secure.gravatar.com\\\/avatar\\\/ac0321ee4a0a83e82a253e7b2d348ef539e2c8fe16d06b600bde04de1b364fa7?s=96&d=mm&r=g\",\"url\":\"https:\\\/\\\/secure.gravatar.com\\\/avatar\\\/ac0321ee4a0a83e82a253e7b2d348ef539e2c8fe16d06b600bde04de1b364fa7?s=96&d=mm&r=g\",\"contentUrl\":\"https:\\\/\\\/secure.gravatar.com\\\/avatar\\\/ac0321ee4a0a83e82a253e7b2d348ef539e2c8fe16d06b600bde04de1b364fa7?s=96&d=mm&r=g\",\"caption\":\"Dpto Informatica MI Ayuntamiento de Caudete\"},\"url\":\"https:\\\/\\\/www.caudete.org\\\/ayuntamiento\\\/author\\\/informatica\\\/\"}]}<\/script>\n<!-- \/ Yoast SEO plugin. -->","yoast_head_json":{"title":"El joven autor Eve Edgar L\u00f3pez presenta su nuevo libro: Artista Autista: Creatividad en el Espectro - MI Ayuntamiento de Caudete","description":"P\u00e1gina Oficial del Ayuntamiento de Caudete (Albacete)","robots":{"index":"index","follow":"follow","max-snippet":"max-snippet:-1","max-image-preview":"max-image-preview:large","max-video-preview":"max-video-preview:-1"},"canonical":"https:\/\/www.caudete.org\/ayuntamiento\/el-joven-autor-eve-edgar-lopez-presenta-su-nuevo-libro-artista-autista-creatividad-en-el-espectro\/","og_locale":"es_ES","og_type":"article","og_title":"El joven autor Eve Edgar L\u00f3pez presenta su nuevo libro: Artista Autista: Creatividad en el Espectro - MI Ayuntamiento de Caudete","og_description":"P\u00e1gina Oficial del Ayuntamiento de Caudete (Albacete)","og_url":"https:\/\/www.caudete.org\/ayuntamiento\/el-joven-autor-eve-edgar-lopez-presenta-su-nuevo-libro-artista-autista-creatividad-en-el-espectro\/","og_site_name":"MI Ayuntamiento de Caudete","article_publisher":"https:\/\/www.facebook.com\/ayuntamientocaudete\/","article_published_time":"2025-05-06T06:00:28+00:00","article_modified_time":"2025-05-09T07:23:54+00:00","og_image":[{"width":668,"height":249,"url":"https:\/\/www.caudete.org\/ayuntamiento\/wp-content\/uploads\/2025\/05\/libro-de-Eve-port.jpg","type":"image\/jpeg"}],"author":"Dpto Informatica MI Ayuntamiento de Caudete","twitter_card":"summary_large_image","twitter_misc":{"Escrito por":"Dpto Informatica MI Ayuntamiento de Caudete","Tiempo de lectura":"2 minutos"},"schema":{"@context":"https:\/\/schema.org","@graph":[{"@type":"Article","@id":"https:\/\/www.caudete.org\/ayuntamiento\/el-joven-autor-eve-edgar-lopez-presenta-su-nuevo-libro-artista-autista-creatividad-en-el-espectro\/#article","isPartOf":{"@id":"https:\/\/www.caudete.org\/ayuntamiento\/el-joven-autor-eve-edgar-lopez-presenta-su-nuevo-libro-artista-autista-creatividad-en-el-espectro\/"},"author":{"name":"Dpto Informatica MI Ayuntamiento de Caudete","@id":"https:\/\/www.caudete.org\/ayuntamiento\/#\/schema\/person\/4b9eab41761957db9b1bf9c418d1ef46"},"headline":"El joven autor Eve Edgar L\u00f3pez presenta su nuevo libro: Artista Autista: Creatividad en el Espectro","datePublished":"2025-05-06T06:00:28+00:00","dateModified":"2025-05-09T07:23:54+00:00","mainEntityOfPage":{"@id":"https:\/\/www.caudete.org\/ayuntamiento\/el-joven-autor-eve-edgar-lopez-presenta-su-nuevo-libro-artista-autista-creatividad-en-el-espectro\/"},"wordCount":315,"publisher":{"@id":"https:\/\/www.caudete.org\/ayuntamiento\/#organization"},"image":{"@id":"https:\/\/www.caudete.org\/ayuntamiento\/el-joven-autor-eve-edgar-lopez-presenta-su-nuevo-libro-artista-autista-creatividad-en-el-espectro\/#primaryimage"},"thumbnailUrl":"https:\/\/www.caudete.org\/ayuntamiento\/wp-content\/uploads\/2025\/05\/libro-de-Eve-port.jpg","articleSection":["Cultura"],"inLanguage":"es"},{"@type":"WebPage","@id":"https:\/\/www.caudete.org\/ayuntamiento\/el-joven-autor-eve-edgar-lopez-presenta-su-nuevo-libro-artista-autista-creatividad-en-el-espectro\/","url":"https:\/\/www.caudete.org\/ayuntamiento\/el-joven-autor-eve-edgar-lopez-presenta-su-nuevo-libro-artista-autista-creatividad-en-el-espectro\/","name":"El joven autor Eve Edgar L\u00f3pez presenta su nuevo libro: Artista Autista: Creatividad en el Espectro - MI Ayuntamiento de Caudete","isPartOf":{"@id":"https:\/\/www.caudete.org\/ayuntamiento\/#website"},"primaryImageOfPage":{"@id":"https:\/\/www.caudete.org\/ayuntamiento\/el-joven-autor-eve-edgar-lopez-presenta-su-nuevo-libro-artista-autista-creatividad-en-el-espectro\/#primaryimage"},"image":{"@id":"https:\/\/www.caudete.org\/ayuntamiento\/el-joven-autor-eve-edgar-lopez-presenta-su-nuevo-libro-artista-autista-creatividad-en-el-espectro\/#primaryimage"},"thumbnailUrl":"https:\/\/www.caudete.org\/ayuntamiento\/wp-content\/uploads\/2025\/05\/libro-de-Eve-port.jpg","datePublished":"2025-05-06T06:00:28+00:00","dateModified":"2025-05-09T07:23:54+00:00","description":"P\u00e1gina Oficial del Ayuntamiento de Caudete (Albacete)","breadcrumb":{"@id":"https:\/\/www.caudete.org\/ayuntamiento\/el-joven-autor-eve-edgar-lopez-presenta-su-nuevo-libro-artista-autista-creatividad-en-el-espectro\/#breadcrumb"},"inLanguage":"es","potentialAction":[{"@type":"ReadAction","target":["https:\/\/www.caudete.org\/ayuntamiento\/el-joven-autor-eve-edgar-lopez-presenta-su-nuevo-libro-artista-autista-creatividad-en-el-espectro\/"]}]},{"@type":"ImageObject","inLanguage":"es","@id":"https:\/\/www.caudete.org\/ayuntamiento\/el-joven-autor-eve-edgar-lopez-presenta-su-nuevo-libro-artista-autista-creatividad-en-el-espectro\/#primaryimage","url":"https:\/\/www.caudete.org\/ayuntamiento\/wp-content\/uploads\/2025\/05\/libro-de-Eve-port.jpg","contentUrl":"https:\/\/www.caudete.org\/ayuntamiento\/wp-content\/uploads\/2025\/05\/libro-de-Eve-port.jpg","width":668,"height":249},{"@type":"BreadcrumbList","@id":"https:\/\/www.caudete.org\/ayuntamiento\/el-joven-autor-eve-edgar-lopez-presenta-su-nuevo-libro-artista-autista-creatividad-en-el-espectro\/#breadcrumb","itemListElement":[{"@type":"ListItem","position":1,"name":"Inicio","item":"https:\/\/www.caudete.org\/ayuntamiento\/"},{"@type":"ListItem","position":2,"name":"El joven autor Eve Edgar L\u00f3pez presenta su nuevo libro: Artista Autista: Creatividad en el Espectro"}]},{"@type":"WebSite","@id":"https:\/\/www.caudete.org\/ayuntamiento\/#website","url":"https:\/\/www.caudete.org\/ayuntamiento\/","name":"MI Ayuntamiento de Caudete","description":"P\u00e1gina Oficial del MI Ayuntamiento de Caudete","publisher":{"@id":"https:\/\/www.caudete.org\/ayuntamiento\/#organization"},"potentialAction":[{"@type":"SearchAction","target":{"@type":"EntryPoint","urlTemplate":"https:\/\/www.caudete.org\/ayuntamiento\/?s={search_term_string}"},"query-input":{"@type":"PropertyValueSpecification","valueRequired":true,"valueName":"search_term_string"}}],"inLanguage":"es"},{"@type":"Organization","@id":"https:\/\/www.caudete.org\/ayuntamiento\/#organization","name":"Ayuntamiento de Caudete","url":"https:\/\/www.caudete.org\/ayuntamiento\/","logo":{"@type":"ImageObject","inLanguage":"es","@id":"https:\/\/www.caudete.org\/ayuntamiento\/#\/schema\/logo\/image\/","url":"https:\/\/www.caudete.org\/ayuntamiento\/wp-content\/uploads\/2020\/11\/logo_ayuntamiento_caudete.jpg","contentUrl":"https:\/\/www.caudete.org\/ayuntamiento\/wp-content\/uploads\/2020\/11\/logo_ayuntamiento_caudete.jpg","width":600,"height":150,"caption":"Ayuntamiento de Caudete"},"image":{"@id":"https:\/\/www.caudete.org\/ayuntamiento\/#\/schema\/logo\/image\/"},"sameAs":["https:\/\/www.facebook.com\/ayuntamientocaudete\/","https:\/\/www.youtube.com\/channel\/UC6VztHaooNsGpw-tNoBEFnQ"]},{"@type":"Person","@id":"https:\/\/www.caudete.org\/ayuntamiento\/#\/schema\/person\/4b9eab41761957db9b1bf9c418d1ef46","name":"Dpto Informatica MI Ayuntamiento de Caudete","image":{"@type":"ImageObject","inLanguage":"es","@id":"https:\/\/secure.gravatar.com\/avatar\/ac0321ee4a0a83e82a253e7b2d348ef539e2c8fe16d06b600bde04de1b364fa7?s=96&d=mm&r=g","url":"https:\/\/secure.gravatar.com\/avatar\/ac0321ee4a0a83e82a253e7b2d348ef539e2c8fe16d06b600bde04de1b364fa7?s=96&d=mm&r=g","contentUrl":"https:\/\/secure.gravatar.com\/avatar\/ac0321ee4a0a83e82a253e7b2d348ef539e2c8fe16d06b600bde04de1b364fa7?s=96&d=mm&r=g","caption":"Dpto Informatica MI Ayuntamiento de Caudete"},"url":"https:\/\/www.caudete.org\/ayuntamiento\/author\/informatica\/"}]}},"_links":{"self":[{"href":"https:\/\/www.caudete.org\/ayuntamiento\/wp-json\/wp\/v2\/posts\/28519","targetHints":{"allow":["GET"]}}],"collection":[{"href":"https:\/\/www.caudete.org\/ayuntamiento\/wp-json\/wp\/v2\/posts"}],"about":[{"href":"https:\/\/www.caudete.org\/ayuntamiento\/wp-json\/wp\/v2\/types\/post"}],"author":[{"embeddable":true,"href":"https:\/\/www.caudete.org\/ayuntamiento\/wp-json\/wp\/v2\/users\/5"}],"replies":[{"embeddable":true,"href":"https:\/\/www.caudete.org\/ayuntamiento\/wp-json\/wp\/v2\/comments?post=28519"}],"version-history":[{"count":2,"href":"https:\/\/www.caudete.org\/ayuntamiento\/wp-json\/wp\/v2\/posts\/28519\/revisions"}],"predecessor-version":[{"id":28556,"href":"https:\/\/www.caudete.org\/ayuntamiento\/wp-json\/wp\/v2\/posts\/28519\/revisions\/28556"}],"wp:featuredmedia":[{"embeddable":true,"href":"https:\/\/www.caudete.org\/ayuntamiento\/wp-json\/wp\/v2\/media\/28522"}],"wp:attachment":[{"href":"https:\/\/www.caudete.org\/ayuntamiento\/wp-json\/wp\/v2\/media?parent=28519"}],"wp:term":[{"taxonomy":"category","embeddable":true,"href":"https:\/\/www.caudete.org\/ayuntamiento\/wp-json\/wp\/v2\/categories?post=28519"},{"taxonomy":"post_tag","embeddable":true,"href":"https:\/\/www.caudete.org\/ayuntamiento\/wp-json\/wp\/v2\/tags?post=28519"}],"curies":[{"name":"wp","href":"https:\/\/api.w.org\/{rel}","templated":true}]}}