{"id":28527,"date":"2025-05-01T18:23:25","date_gmt":"2025-05-01T16:23:25","guid":{"rendered":"https:\/\/www.caudete.org\/ayuntamiento\/?p=28527"},"modified":"2025-05-01T22:23:44","modified_gmt":"2025-05-01T20:23:44","slug":"valoracion-del-cecopal-ante-el-apagon-del-pasado-lunes-28-de-abril","status":"publish","type":"post","link":"https:\/\/www.caudete.org\/ayuntamiento\/valoracion-del-cecopal-ante-el-apagon-del-pasado-lunes-28-de-abril\/","title":{"rendered":"Valoraci\u00f3n del CECOPAL ante el APAG\u00d3N del pasado lunes 28 de Abril"},"content":{"rendered":"<p style=\"text-align: justify;\">Ante el apag\u00f3n producido a las 12.33h del lunes 28 de Abril en todo el territorio espa\u00f1ol, el Ayuntamiento de Caudete por medio de las Concejal\u00edas de Emergencias y Seguridad Ciudadana activ\u00f3 el Plan Municipal de Emergencias (PLATENUM) entre las 14.00 y las 15.00h, convocando al CECOPAL (Centro de Coordinaci\u00f3n Municipal) bajo el mando del Alcalde y la inclusi\u00f3n de Polic\u00eda Local, Protecci\u00f3n Civil, Guardia Civil, Cruz Roja, Brigada de Obras y las Concejal\u00edas de Emergencias, Seguridad Ciudadana y Sanidad. As\u00ed, se incorporaron representantes de los grupos citados, m\u00e1s el Subinspector de Polic\u00eda y el Jefe del Servicio de la Protecci\u00f3n Civil Municipal.<\/p>\n<p style=\"text-align: justify;\">En un primer momento se procedi\u00f3 a identificar todos los puntos cr\u00edticos del municipio y de la poblaci\u00f3n ante la situaci\u00f3n generada, procedi\u00e9ndose a revisar los mismos, con el objetivo de asegurar el funcionamiento de todos ellos, y en especial del Centro de Salud (aun no siendo una competencia municipal), as\u00ed como las atenciones en la Residencia de Ancianos, adem\u00e1s de poder garantizar la seguridad ciudadana y la protecci\u00f3n civil de los caudetanos; para lo cual fue necesaria la coordinaci\u00f3n entre la administraci\u00f3n p\u00fablica, voluntarios y particulares que se ofrecieron a colaborar.<\/p>\n<p style=\"text-align: justify;\">Mientras tanto, se atendi\u00f3 a las demandas ciudadanas que se comunicaron, para lo cual se fij\u00f3 atenci\u00f3n continuada mientras durase la emergencia en la Comisar\u00eda de Polic\u00eda Local, al ser un punto c\u00e9ntrico, de f\u00e1cil acceso y completamente accesible, lo que adem\u00e1s supuso acoger al CECOPAL para la atenci\u00f3n continuada de la situaci\u00f3n, punto de encuentro y reuni\u00f3n y toma de decisiones, donde cada hora se reun\u00edan los miembros del mismo para actualizar la informaci\u00f3n disponible y continuar con las acciones establecidas.<\/p>\n<p style=\"text-align: justify;\">Fue necesario actuar de forma coordinada para al menos dos rescates de personas atrapadas en ascensor, para dotar de combustible al generador el\u00e9ctrico de emergencias del Centro de Salud (con el objetivo de que pudiesen funcionar las Urgencias durante la tarde y la noche), trasladar e instalar un grupo electr\u00f3geno en la Residencia de Ancianos para proveerlos de energ\u00eda el\u00e9ctrica con la que poder realizar tareas b\u00e1sicas de atenci\u00f3n a los residentes y coordinar la subida a mano de los 79 residentes desde la planta baja hasta sus habitaciones en plantas superiores, instalar generador el\u00e9ctrico en la Comisar\u00eda de Polic\u00eda Local para el funcionamiento del CECOPAL, la medici\u00f3n de los dep\u00f3sitos municipales de agua potable, y el patrullaje por las calles del municipio para la atenci\u00f3n ciudadana y la seguridad de los mismos y las propiedades.<\/p>\n<p style=\"text-align: justify;\">Se procedi\u00f3 igualmente a establecer los recursos materiales y humanos para continuar atendiendo la emergencia, donde fue esencial los medios de comunicaci\u00f3n por radiofrecuencia de Protecci\u00f3n Civil, as\u00ed como sus veh\u00edculos; a los que se sumaron efectivos, veh\u00edculos y medios de la Brigada de Obras; los dos coches patrulla de la Polic\u00eda Local y un refuerzo de su plantilla, movilizando en prealerta a todos los Agentes que residen en el municipio; y reforzando los agentes de la Guardia Civil; sum\u00e1ndose voluntarios y medios materiales de Cruz Roja en el dispositivo.<\/p>\n<p style=\"text-align: justify;\">Con el objetivo de poder asegurar el abastecimiento a la poblaci\u00f3n de agua potable al d\u00eda siguiente, se procedi\u00f3 al corte del suministro a las 23.00h, para lo cual Polic\u00eda Local y Protecci\u00f3n Civil procedieron a dar aviso mediante la megafon\u00eda de sus veh\u00edculos a la poblaci\u00f3n, lo que tuvieron adem\u00e1s que alternar con atender a veh\u00edculos que de paso por Caudete precisaban ayuda.<\/p>\n<p style=\"text-align: justify;\">Pasadas las 23.00h la prioridad se centr\u00f3 en el patrullaje del municipio, con el objetivo de asegurar las propiedades tanto en casco urbano como en zona industrial y periferia, as\u00ed como el tr\u00e1nsito de los ciudadanos por la calle, dado que el apag\u00f3n afect\u00f3 tambi\u00e9n a telecomunicaciones y sistemas de alarmas y similares.\u00a0 Lo que se coordin\u00f3 y llev\u00f3 a cabo con 6 patrullas.<\/p>\n<p style=\"text-align: justify;\">El suministro el\u00e9ctrico y las telecomunicaciones empezaron a restablecerse sobre las 02.20h de la madrugada, de forma parcial, y en concreto en 3 fases. Por tanto, el patrullaje se extendi\u00f3 hasta cerca de las 03.30h, tras asegurar el funcionamiento correcto, y comprobar todas las zonas del municipio, detect\u00e1ndose 3 intentos de robo en diferentes puntos del municipio.<\/p>\n<p style=\"text-align: justify;\">A las 03.45h reunido el CECOPAL, y analizada la situaci\u00f3n, se establece la siguiente reuni\u00f3n a las 07.00h, reduci\u00e9ndose el patrullaje a tres veh\u00edculos, y quedando en todo momento activo y con presencia policial la Comisar\u00eda de Polic\u00eda. Se comprueba que hasta dicho momento no ha existido comunicaci\u00f3n oficial ni aviso de ning\u00fan tipo por parte de las administraciones superiores ni del 112, y se confirma que la noticia que circulaba por redes de la suspensi\u00f3n lectiva en toda la regi\u00f3n manchega, es una medida oficial, procedi\u00e9ndose a poner en conocimiento a los diversos Centros Educativos.<\/p>\n<p style=\"text-align: justify;\">En la reuni\u00f3n de las 07.00h, se comprueba que el comportamiento de la ciudadan\u00eda ha sido ejemplar, y que durante las horas que han distado de la reuni\u00f3n anterior, no han existido avisos ni problemas en el municipio que atender; que el servicio de agua potable ha sido activado por el fontanero de guardia con total \u00e9xito, tal y como se acord\u00f3, y que las bombas de los pozos funcionan con total normalidad y llevan horas aportando caudal a los dep\u00f3sitos, teniendo \u00e9stos un volumen que aseguran el abastecimiento sin ning\u00fan problema, se advierte de la posibilidad de turbidez en el agua y de la entrada de aire en la red, lo que puede ocasionar presencia y roturas en la misma en horas sucesivas; que el servicio de recogida de basuras ha podido realizar su trabajo durante la noche con \u00e9xito, y que la empresa Elecnor encargada del alumbrado p\u00fablico se encuentra revisando toda la red de luminarias para detectar aver\u00edas. La Brigada de Obras se encarga de revisar accesos, y funcionamiento el\u00e9ctrico y de agua en todos los edificios municipales.<\/p>\n<p style=\"text-align: justify;\">Se contacta con los responsables de todos los servicios municipales, servicio de salud, etc. para comprobar el funcionamiento de sus instalaciones, y poder saber si van a funcionar con normalidad, y as\u00ed poder trasladarlo a la ciudadan\u00eda. Tan solo el Centro de Salud y Urgencias funcionan con algunas anomal\u00edas (al no poder expedir recetas electr\u00f3nicas y no poder acceder a historiales cl\u00ednicos), y la Piscina Cubierta suspende durante la ma\u00f1ana las actividades programadas (al haber bajado la temperatura del agua de los vasos) restableci\u00e9ndose por la tarde; y al igual que la actividad lectiva el Servicio Corresponsable no prestar\u00e1 servicio aunque si atender\u00e1 a padres.<\/p>\n<p style=\"text-align: justify;\">Tras ello, Alcalde y Concejales de Emergencias y Seguridad Ciudadana emprenden una ronda de reconocimiento por los establecimientos del municipio y hosteler\u00eda, para comprobar el funcionamiento y detectar posibles problemas surgidos, siendo el fallo de la red de telecomunicaciones el mayor problema surgido en algunos de ellos, lo que supone un obst\u00e1culo para su actividad.<\/p>\n<p style=\"text-align: justify;\">Sobre las 11.30h se procede a emitir comunicado oficial en la TV local para dar traslado a la poblaci\u00f3n sobre la situaci\u00f3n vivida, y el operativo dispuesto; donde se agradece el buen comportamiento de los caudetanos, el trabajo de efectivos de Polic\u00eda Local, Guardia Civil, trabajadores municipales implicados, voluntarios de Protecci\u00f3n Civil y Cruz Roja, ciudadanos an\u00f3nimos y empresas que pusieron a disposici\u00f3n sus conocimientos, medios y tiempo para colaborar en el inter\u00e9s general del municipio.<\/p>\n<p style=\"text-align: justify;\">No obstante, el CECOPAL sigue activo y atentos a las noticias que van dando los medios de comunicaci\u00f3n. Se traslada desde la Concejal\u00eda de Servicios que Elecnor comprueba todo el alumbrado municipal, y no detecta incidentes de ning\u00fan tipo.<\/p>\n<p style=\"text-align: justify;\">La primera comunicaci\u00f3n oficial por parte del 112 se recibe a las 21:02\u00a0 del martes 29 de Abril, para trasladar que cesa la emergencia de inter\u00e9s nacional y el Platecam queda activado en fase de Emergencia situaci\u00f3n operativa 1 en toda la regi\u00f3n. Un d\u00eda despu\u00e9s, el 30 de Abril, a las 12.42 recibimos una segunda comunicaci\u00f3n del 112 donde se traslada la desactivaci\u00f3n del Platecam, lo que se traslada al CECOPAL desactivando igualmente el Platenum.<\/p>\n<p style=\"text-align: justify;\">\n","protected":false},"excerpt":{"rendered":"<p>Ante el apag\u00f3n producido a las 12.33h del lunes 28 de Abril en todo el territorio espa\u00f1ol, el Ayuntamiento de Caudete por medio de las Concejal\u00edas de Emergencias y Seguridad Ciudadana activ\u00f3 el Plan Municipal de Emergencias (PLATENUM) entre las 14.00 y las 15.00h, convocando al CECOPAL (Centro de Coordinaci\u00f3n Municipal) bajo el mando del &hellip;<\/p>\n","protected":false},"author":3,"featured_media":28528,"comment_status":"closed","ping_status":"open","sticky":false,"template":"","format":"standard","meta":{"ngg_post_thumbnail":0,"footnotes":""},"categories":[41],"tags":[],"class_list":["post-28527","post","type-post","status-publish","format-standard","has-post-thumbnail","hentry","category-emergencias"],"yoast_head":"<!-- This site is optimized with the Yoast SEO plugin v27.5 - https:\/\/yoast.com\/product\/yoast-seo-wordpress\/ -->\n<title>Valoraci\u00f3n del CECOPAL ante el APAG\u00d3N del pasado lunes 28 de Abril - MI Ayuntamiento de Caudete<\/title>\n<meta name=\"description\" content=\"P\u00e1gina Oficial del Ayuntamiento de Caudete (Albacete)\" \/>\n<meta name=\"robots\" content=\"index, follow, max-snippet:-1, max-image-preview:large, max-video-preview:-1\" \/>\n<link rel=\"canonical\" href=\"https:\/\/www.caudete.org\/ayuntamiento\/valoracion-del-cecopal-ante-el-apagon-del-pasado-lunes-28-de-abril\/\" \/>\n<meta property=\"og:locale\" content=\"es_ES\" \/>\n<meta property=\"og:type\" content=\"article\" \/>\n<meta property=\"og:title\" content=\"Valoraci\u00f3n del CECOPAL ante el APAG\u00d3N del pasado lunes 28 de Abril - MI Ayuntamiento de Caudete\" \/>\n<meta property=\"og:description\" content=\"P\u00e1gina Oficial del Ayuntamiento de Caudete (Albacete)\" \/>\n<meta property=\"og:url\" content=\"https:\/\/www.caudete.org\/ayuntamiento\/valoracion-del-cecopal-ante-el-apagon-del-pasado-lunes-28-de-abril\/\" \/>\n<meta property=\"og:site_name\" content=\"MI Ayuntamiento de Caudete\" \/>\n<meta property=\"article:publisher\" content=\"https:\/\/www.facebook.com\/ayuntamientocaudete\/\" \/>\n<meta property=\"article:published_time\" content=\"2025-05-01T16:23:25+00:00\" \/>\n<meta property=\"article:modified_time\" content=\"2025-05-01T20:23:44+00:00\" \/>\n<meta property=\"og:image\" content=\"https:\/\/www.caudete.org\/ayuntamiento\/wp-content\/uploads\/2025\/05\/302_un-colosal-apagon-electrico.jpg\" \/>\n\t<meta property=\"og:image:width\" content=\"670\" \/>\n\t<meta property=\"og:image:height\" content=\"502\" \/>\n\t<meta property=\"og:image:type\" content=\"image\/jpeg\" \/>\n<meta name=\"author\" content=\"alcalde\" \/>\n<meta name=\"twitter:card\" content=\"summary_large_image\" \/>\n<meta name=\"twitter:label1\" content=\"Escrito por\" \/>\n\t<meta name=\"twitter:data1\" content=\"alcalde\" \/>\n\t<meta name=\"twitter:label2\" content=\"Tiempo de lectura\" \/>\n\t<meta name=\"twitter:data2\" content=\"7 minutos\" \/>\n<script type=\"application\/ld+json\" class=\"yoast-schema-graph\">{\"@context\":\"https:\\\/\\\/schema.org\",\"@graph\":[{\"@type\":\"Article\",\"@id\":\"https:\\\/\\\/www.caudete.org\\\/ayuntamiento\\\/valoracion-del-cecopal-ante-el-apagon-del-pasado-lunes-28-de-abril\\\/#article\",\"isPartOf\":{\"@id\":\"https:\\\/\\\/www.caudete.org\\\/ayuntamiento\\\/valoracion-del-cecopal-ante-el-apagon-del-pasado-lunes-28-de-abril\\\/\"},\"author\":{\"name\":\"alcalde\",\"@id\":\"https:\\\/\\\/www.caudete.org\\\/ayuntamiento\\\/#\\\/schema\\\/person\\\/cc646da9133078ee4d8dd47457947253\"},\"headline\":\"Valoraci\u00f3n del CECOPAL ante el APAG\u00d3N del pasado lunes 28 de Abril\",\"datePublished\":\"2025-05-01T16:23:25+00:00\",\"dateModified\":\"2025-05-01T20:23:44+00:00\",\"mainEntityOfPage\":{\"@id\":\"https:\\\/\\\/www.caudete.org\\\/ayuntamiento\\\/valoracion-del-cecopal-ante-el-apagon-del-pasado-lunes-28-de-abril\\\/\"},\"wordCount\":1423,\"image\":{\"@id\":\"https:\\\/\\\/www.caudete.org\\\/ayuntamiento\\\/valoracion-del-cecopal-ante-el-apagon-del-pasado-lunes-28-de-abril\\\/#primaryimage\"},\"thumbnailUrl\":\"https:\\\/\\\/www.caudete.org\\\/ayuntamiento\\\/wp-content\\\/uploads\\\/2025\\\/05\\\/302_un-colosal-apagon-electrico.jpg\",\"articleSection\":[\"Emergencias\"],\"inLanguage\":\"es\"},{\"@type\":\"WebPage\",\"@id\":\"https:\\\/\\\/www.caudete.org\\\/ayuntamiento\\\/valoracion-del-cecopal-ante-el-apagon-del-pasado-lunes-28-de-abril\\\/\",\"url\":\"https:\\\/\\\/www.caudete.org\\\/ayuntamiento\\\/valoracion-del-cecopal-ante-el-apagon-del-pasado-lunes-28-de-abril\\\/\",\"name\":\"Valoraci\u00f3n del CECOPAL ante el APAG\u00d3N del pasado lunes 28 de Abril - MI Ayuntamiento de Caudete\",\"isPartOf\":{\"@id\":\"https:\\\/\\\/www.caudete.org\\\/ayuntamiento\\\/#website\"},\"primaryImageOfPage\":{\"@id\":\"https:\\\/\\\/www.caudete.org\\\/ayuntamiento\\\/valoracion-del-cecopal-ante-el-apagon-del-pasado-lunes-28-de-abril\\\/#primaryimage\"},\"image\":{\"@id\":\"https:\\\/\\\/www.caudete.org\\\/ayuntamiento\\\/valoracion-del-cecopal-ante-el-apagon-del-pasado-lunes-28-de-abril\\\/#primaryimage\"},\"thumbnailUrl\":\"https:\\\/\\\/www.caudete.org\\\/ayuntamiento\\\/wp-content\\\/uploads\\\/2025\\\/05\\\/302_un-colosal-apagon-electrico.jpg\",\"datePublished\":\"2025-05-01T16:23:25+00:00\",\"dateModified\":\"2025-05-01T20:23:44+00:00\",\"author\":{\"@id\":\"https:\\\/\\\/www.caudete.org\\\/ayuntamiento\\\/#\\\/schema\\\/person\\\/cc646da9133078ee4d8dd47457947253\"},\"description\":\"P\u00e1gina Oficial del Ayuntamiento de Caudete (Albacete)\",\"breadcrumb\":{\"@id\":\"https:\\\/\\\/www.caudete.org\\\/ayuntamiento\\\/valoracion-del-cecopal-ante-el-apagon-del-pasado-lunes-28-de-abril\\\/#breadcrumb\"},\"inLanguage\":\"es\",\"potentialAction\":[{\"@type\":\"ReadAction\",\"target\":[\"https:\\\/\\\/www.caudete.org\\\/ayuntamiento\\\/valoracion-del-cecopal-ante-el-apagon-del-pasado-lunes-28-de-abril\\\/\"]}]},{\"@type\":\"ImageObject\",\"inLanguage\":\"es\",\"@id\":\"https:\\\/\\\/www.caudete.org\\\/ayuntamiento\\\/valoracion-del-cecopal-ante-el-apagon-del-pasado-lunes-28-de-abril\\\/#primaryimage\",\"url\":\"https:\\\/\\\/www.caudete.org\\\/ayuntamiento\\\/wp-content\\\/uploads\\\/2025\\\/05\\\/302_un-colosal-apagon-electrico.jpg\",\"contentUrl\":\"https:\\\/\\\/www.caudete.org\\\/ayuntamiento\\\/wp-content\\\/uploads\\\/2025\\\/05\\\/302_un-colosal-apagon-electrico.jpg\",\"width\":670,\"height\":502},{\"@type\":\"BreadcrumbList\",\"@id\":\"https:\\\/\\\/www.caudete.org\\\/ayuntamiento\\\/valoracion-del-cecopal-ante-el-apagon-del-pasado-lunes-28-de-abril\\\/#breadcrumb\",\"itemListElement\":[{\"@type\":\"ListItem\",\"position\":1,\"name\":\"Inicio\",\"item\":\"https:\\\/\\\/www.caudete.org\\\/ayuntamiento\\\/\"},{\"@type\":\"ListItem\",\"position\":2,\"name\":\"Valoraci\u00f3n del CECOPAL ante el APAG\u00d3N del pasado lunes 28 de Abril\"}]},{\"@type\":\"WebSite\",\"@id\":\"https:\\\/\\\/www.caudete.org\\\/ayuntamiento\\\/#website\",\"url\":\"https:\\\/\\\/www.caudete.org\\\/ayuntamiento\\\/\",\"name\":\"MI Ayuntamiento de Caudete\",\"description\":\"P\u00e1gina Oficial del MI Ayuntamiento de Caudete\",\"potentialAction\":[{\"@type\":\"SearchAction\",\"target\":{\"@type\":\"EntryPoint\",\"urlTemplate\":\"https:\\\/\\\/www.caudete.org\\\/ayuntamiento\\\/?s={search_term_string}\"},\"query-input\":{\"@type\":\"PropertyValueSpecification\",\"valueRequired\":true,\"valueName\":\"search_term_string\"}}],\"inLanguage\":\"es\"},{\"@type\":\"Person\",\"@id\":\"https:\\\/\\\/www.caudete.org\\\/ayuntamiento\\\/#\\\/schema\\\/person\\\/cc646da9133078ee4d8dd47457947253\",\"name\":\"alcalde\",\"image\":{\"@type\":\"ImageObject\",\"inLanguage\":\"es\",\"@id\":\"https:\\\/\\\/secure.gravatar.com\\\/avatar\\\/84a817ba065b29ff08d666b215a215f5c79186a645ccb25b14a663d48a130f77?s=96&d=mm&r=g\",\"url\":\"https:\\\/\\\/secure.gravatar.com\\\/avatar\\\/84a817ba065b29ff08d666b215a215f5c79186a645ccb25b14a663d48a130f77?s=96&d=mm&r=g\",\"contentUrl\":\"https:\\\/\\\/secure.gravatar.com\\\/avatar\\\/84a817ba065b29ff08d666b215a215f5c79186a645ccb25b14a663d48a130f77?s=96&d=mm&r=g\",\"caption\":\"alcalde\"},\"url\":\"https:\\\/\\\/www.caudete.org\\\/ayuntamiento\\\/author\\\/alcalde\\\/\"}]}<\/script>\n<!-- \/ Yoast SEO plugin. -->","yoast_head_json":{"title":"Valoraci\u00f3n del CECOPAL ante el APAG\u00d3N del pasado lunes 28 de Abril - MI Ayuntamiento de Caudete","description":"P\u00e1gina Oficial del Ayuntamiento de Caudete (Albacete)","robots":{"index":"index","follow":"follow","max-snippet":"max-snippet:-1","max-image-preview":"max-image-preview:large","max-video-preview":"max-video-preview:-1"},"canonical":"https:\/\/www.caudete.org\/ayuntamiento\/valoracion-del-cecopal-ante-el-apagon-del-pasado-lunes-28-de-abril\/","og_locale":"es_ES","og_type":"article","og_title":"Valoraci\u00f3n del CECOPAL ante el APAG\u00d3N del pasado lunes 28 de Abril - MI Ayuntamiento de Caudete","og_description":"P\u00e1gina Oficial del Ayuntamiento de Caudete (Albacete)","og_url":"https:\/\/www.caudete.org\/ayuntamiento\/valoracion-del-cecopal-ante-el-apagon-del-pasado-lunes-28-de-abril\/","og_site_name":"MI Ayuntamiento de Caudete","article_publisher":"https:\/\/www.facebook.com\/ayuntamientocaudete\/","article_published_time":"2025-05-01T16:23:25+00:00","article_modified_time":"2025-05-01T20:23:44+00:00","og_image":[{"width":670,"height":502,"url":"https:\/\/www.caudete.org\/ayuntamiento\/wp-content\/uploads\/2025\/05\/302_un-colosal-apagon-electrico.jpg","type":"image\/jpeg"}],"author":"alcalde","twitter_card":"summary_large_image","twitter_misc":{"Escrito por":"alcalde","Tiempo de lectura":"7 minutos"},"schema":{"@context":"https:\/\/schema.org","@graph":[{"@type":"Article","@id":"https:\/\/www.caudete.org\/ayuntamiento\/valoracion-del-cecopal-ante-el-apagon-del-pasado-lunes-28-de-abril\/#article","isPartOf":{"@id":"https:\/\/www.caudete.org\/ayuntamiento\/valoracion-del-cecopal-ante-el-apagon-del-pasado-lunes-28-de-abril\/"},"author":{"name":"alcalde","@id":"https:\/\/www.caudete.org\/ayuntamiento\/#\/schema\/person\/cc646da9133078ee4d8dd47457947253"},"headline":"Valoraci\u00f3n del CECOPAL ante el APAG\u00d3N del pasado lunes 28 de Abril","datePublished":"2025-05-01T16:23:25+00:00","dateModified":"2025-05-01T20:23:44+00:00","mainEntityOfPage":{"@id":"https:\/\/www.caudete.org\/ayuntamiento\/valoracion-del-cecopal-ante-el-apagon-del-pasado-lunes-28-de-abril\/"},"wordCount":1423,"image":{"@id":"https:\/\/www.caudete.org\/ayuntamiento\/valoracion-del-cecopal-ante-el-apagon-del-pasado-lunes-28-de-abril\/#primaryimage"},"thumbnailUrl":"https:\/\/www.caudete.org\/ayuntamiento\/wp-content\/uploads\/2025\/05\/302_un-colosal-apagon-electrico.jpg","articleSection":["Emergencias"],"inLanguage":"es"},{"@type":"WebPage","@id":"https:\/\/www.caudete.org\/ayuntamiento\/valoracion-del-cecopal-ante-el-apagon-del-pasado-lunes-28-de-abril\/","url":"https:\/\/www.caudete.org\/ayuntamiento\/valoracion-del-cecopal-ante-el-apagon-del-pasado-lunes-28-de-abril\/","name":"Valoraci\u00f3n del CECOPAL ante el APAG\u00d3N del pasado lunes 28 de Abril - MI Ayuntamiento de Caudete","isPartOf":{"@id":"https:\/\/www.caudete.org\/ayuntamiento\/#website"},"primaryImageOfPage":{"@id":"https:\/\/www.caudete.org\/ayuntamiento\/valoracion-del-cecopal-ante-el-apagon-del-pasado-lunes-28-de-abril\/#primaryimage"},"image":{"@id":"https:\/\/www.caudete.org\/ayuntamiento\/valoracion-del-cecopal-ante-el-apagon-del-pasado-lunes-28-de-abril\/#primaryimage"},"thumbnailUrl":"https:\/\/www.caudete.org\/ayuntamiento\/wp-content\/uploads\/2025\/05\/302_un-colosal-apagon-electrico.jpg","datePublished":"2025-05-01T16:23:25+00:00","dateModified":"2025-05-01T20:23:44+00:00","author":{"@id":"https:\/\/www.caudete.org\/ayuntamiento\/#\/schema\/person\/cc646da9133078ee4d8dd47457947253"},"description":"P\u00e1gina Oficial del Ayuntamiento de Caudete (Albacete)","breadcrumb":{"@id":"https:\/\/www.caudete.org\/ayuntamiento\/valoracion-del-cecopal-ante-el-apagon-del-pasado-lunes-28-de-abril\/#breadcrumb"},"inLanguage":"es","potentialAction":[{"@type":"ReadAction","target":["https:\/\/www.caudete.org\/ayuntamiento\/valoracion-del-cecopal-ante-el-apagon-del-pasado-lunes-28-de-abril\/"]}]},{"@type":"ImageObject","inLanguage":"es","@id":"https:\/\/www.caudete.org\/ayuntamiento\/valoracion-del-cecopal-ante-el-apagon-del-pasado-lunes-28-de-abril\/#primaryimage","url":"https:\/\/www.caudete.org\/ayuntamiento\/wp-content\/uploads\/2025\/05\/302_un-colosal-apagon-electrico.jpg","contentUrl":"https:\/\/www.caudete.org\/ayuntamiento\/wp-content\/uploads\/2025\/05\/302_un-colosal-apagon-electrico.jpg","width":670,"height":502},{"@type":"BreadcrumbList","@id":"https:\/\/www.caudete.org\/ayuntamiento\/valoracion-del-cecopal-ante-el-apagon-del-pasado-lunes-28-de-abril\/#breadcrumb","itemListElement":[{"@type":"ListItem","position":1,"name":"Inicio","item":"https:\/\/www.caudete.org\/ayuntamiento\/"},{"@type":"ListItem","position":2,"name":"Valoraci\u00f3n del CECOPAL ante el APAG\u00d3N del pasado lunes 28 de Abril"}]},{"@type":"WebSite","@id":"https:\/\/www.caudete.org\/ayuntamiento\/#website","url":"https:\/\/www.caudete.org\/ayuntamiento\/","name":"MI Ayuntamiento de Caudete","description":"P\u00e1gina Oficial del MI Ayuntamiento de Caudete","potentialAction":[{"@type":"SearchAction","target":{"@type":"EntryPoint","urlTemplate":"https:\/\/www.caudete.org\/ayuntamiento\/?s={search_term_string}"},"query-input":{"@type":"PropertyValueSpecification","valueRequired":true,"valueName":"search_term_string"}}],"inLanguage":"es"},{"@type":"Person","@id":"https:\/\/www.caudete.org\/ayuntamiento\/#\/schema\/person\/cc646da9133078ee4d8dd47457947253","name":"alcalde","image":{"@type":"ImageObject","inLanguage":"es","@id":"https:\/\/secure.gravatar.com\/avatar\/84a817ba065b29ff08d666b215a215f5c79186a645ccb25b14a663d48a130f77?s=96&d=mm&r=g","url":"https:\/\/secure.gravatar.com\/avatar\/84a817ba065b29ff08d666b215a215f5c79186a645ccb25b14a663d48a130f77?s=96&d=mm&r=g","contentUrl":"https:\/\/secure.gravatar.com\/avatar\/84a817ba065b29ff08d666b215a215f5c79186a645ccb25b14a663d48a130f77?s=96&d=mm&r=g","caption":"alcalde"},"url":"https:\/\/www.caudete.org\/ayuntamiento\/author\/alcalde\/"}]}},"_links":{"self":[{"href":"https:\/\/www.caudete.org\/ayuntamiento\/wp-json\/wp\/v2\/posts\/28527","targetHints":{"allow":["GET"]}}],"collection":[{"href":"https:\/\/www.caudete.org\/ayuntamiento\/wp-json\/wp\/v2\/posts"}],"about":[{"href":"https:\/\/www.caudete.org\/ayuntamiento\/wp-json\/wp\/v2\/types\/post"}],"author":[{"embeddable":true,"href":"https:\/\/www.caudete.org\/ayuntamiento\/wp-json\/wp\/v2\/users\/3"}],"replies":[{"embeddable":true,"href":"https:\/\/www.caudete.org\/ayuntamiento\/wp-json\/wp\/v2\/comments?post=28527"}],"version-history":[{"count":1,"href":"https:\/\/www.caudete.org\/ayuntamiento\/wp-json\/wp\/v2\/posts\/28527\/revisions"}],"predecessor-version":[{"id":28529,"href":"https:\/\/www.caudete.org\/ayuntamiento\/wp-json\/wp\/v2\/posts\/28527\/revisions\/28529"}],"wp:featuredmedia":[{"embeddable":true,"href":"https:\/\/www.caudete.org\/ayuntamiento\/wp-json\/wp\/v2\/media\/28528"}],"wp:attachment":[{"href":"https:\/\/www.caudete.org\/ayuntamiento\/wp-json\/wp\/v2\/media?parent=28527"}],"wp:term":[{"taxonomy":"category","embeddable":true,"href":"https:\/\/www.caudete.org\/ayuntamiento\/wp-json\/wp\/v2\/categories?post=28527"},{"taxonomy":"post_tag","embeddable":true,"href":"https:\/\/www.caudete.org\/ayuntamiento\/wp-json\/wp\/v2\/tags?post=28527"}],"curies":[{"name":"wp","href":"https:\/\/api.w.org\/{rel}","templated":true}]}}