{"id":28532,"date":"2025-05-02T10:21:35","date_gmt":"2025-05-02T08:21:35","guid":{"rendered":"https:\/\/www.caudete.org\/ayuntamiento\/?p=28532"},"modified":"2025-05-02T10:21:35","modified_gmt":"2025-05-02T08:21:35","slug":"actualizacion-decretado-aviso-nivel-naranja-por-tormentas-con-granizo-y-amarillo-por-lluvias","status":"publish","type":"post","link":"https:\/\/www.caudete.org\/ayuntamiento\/actualizacion-decretado-aviso-nivel-naranja-por-tormentas-con-granizo-y-amarillo-por-lluvias\/","title":{"rendered":"ACTUALIZACI\u00d3N: decretado Aviso Nivel NARANJA por tormentas con granizo y AMARILLO por lluvias"},"content":{"rendered":"<p style=\"text-align: justify;\">Desde el CECOPAL estamos atentos a la actualizaci\u00f3n de informaci\u00f3n que realiza AEMET ante el aviso dado en la tarde de ayer para nuestra poblaci\u00f3n y alrededores con aviso meteorol\u00f3gico nivel Amarillo por fen\u00f3meno de lluvias.<\/p>\n<p style=\"text-align: justify;\">Esta ma\u00f1ana, la alerta ha sido incrementada a Nivel NARANJA por tormentas con granizo para hoy y ma\u00f1ana, mientras que se mantiene en Amarillo por lluvias.<\/p>\n<p style=\"text-align: justify;\">El Alcalde, como Presidente del CECOPAL ha querido remarcar que esta actualizaci\u00f3n no ha sido comunicada hasta el momento por el 112, y que tan solo se ha recibido esta ma\u00f1ana a las 09.52h el aviso de la activaci\u00f3n del METEOCAM en fase de Alerta situaci\u00f3n operativa 0 en toda la regi\u00f3n, lo que pone de manifiesto que el Ayuntamiento de Caudete ha actuado con mayor diligencia al activar en la tarde de ayer el PLATENUM, y actuar por tanto con mayor previsi\u00f3n.<\/p>\n<p style=\"text-align: justify;\">Se ruega a la ciudadan\u00eda prudencia y responsabilidad, y estar atentos a la informaci\u00f3n oficial que se traslade en cada momento.<\/p>\n<p style=\"text-align: center;\"><a href=\"https:\/\/www.caudete.org\/ayuntamiento\/wp-content\/uploads\/2025\/05\/AVISOS.jpg\" rel='prettyPhoto'><img fetchpriority=\"high\" decoding=\"async\" class=\"alignnone wp-image-28534 size-full\" src=\"https:\/\/www.caudete.org\/ayuntamiento\/wp-content\/uploads\/2025\/05\/AVISOS.jpg\" alt=\"\" width=\"1087\" height=\"846\" srcset=\"https:\/\/www.caudete.org\/ayuntamiento\/wp-content\/uploads\/2025\/05\/AVISOS.jpg 1087w, https:\/\/www.caudete.org\/ayuntamiento\/wp-content\/uploads\/2025\/05\/AVISOS-514x400.jpg 514w, https:\/\/www.caudete.org\/ayuntamiento\/wp-content\/uploads\/2025\/05\/AVISOS-1028x800.jpg 1028w, https:\/\/www.caudete.org\/ayuntamiento\/wp-content\/uploads\/2025\/05\/AVISOS-768x598.jpg 768w\" sizes=\"(max-width: 1087px) 100vw, 1087px\" \/><\/a><\/p>\n<p>&nbsp;<\/p>\n<div class=\"x11i5rnm xat24cr x1mh8g0r x1vvkbs xtlvy1s x126k92a\">\n<div dir=\"auto\"><\/div>\n<\/div>\n","protected":false},"excerpt":{"rendered":"<p>Desde el CECOPAL estamos atentos a la actualizaci\u00f3n de informaci\u00f3n que realiza AEMET ante el aviso dado en la tarde de ayer para nuestra poblaci\u00f3n y alrededores con aviso meteorol\u00f3gico nivel Amarillo por fen\u00f3meno de lluvias. Esta ma\u00f1ana, la alerta ha sido incrementada a Nivel NARANJA por tormentas con granizo para hoy y ma\u00f1ana, mientras &hellip;<\/p>\n","protected":false},"author":3,"featured_media":28533,"comment_status":"closed","ping_status":"open","sticky":false,"template":"","format":"standard","meta":{"ngg_post_thumbnail":0,"footnotes":""},"categories":[41],"tags":[],"class_list":["post-28532","post","type-post","status-publish","format-standard","has-post-thumbnail","hentry","category-emergencias"],"yoast_head":"<!-- This site is optimized with the Yoast SEO plugin v27.5 - https:\/\/yoast.com\/product\/yoast-seo-wordpress\/ -->\n<title>ACTUALIZACI\u00d3N: decretado Aviso Nivel NARANJA por tormentas con granizo y AMARILLO por lluvias - MI Ayuntamiento de Caudete<\/title>\n<meta name=\"description\" content=\"P\u00e1gina Oficial del Ayuntamiento de Caudete (Albacete)\" \/>\n<meta name=\"robots\" content=\"index, follow, max-snippet:-1, max-image-preview:large, max-video-preview:-1\" \/>\n<link rel=\"canonical\" href=\"https:\/\/www.caudete.org\/ayuntamiento\/actualizacion-decretado-aviso-nivel-naranja-por-tormentas-con-granizo-y-amarillo-por-lluvias\/\" \/>\n<meta property=\"og:locale\" content=\"es_ES\" \/>\n<meta property=\"og:type\" content=\"article\" \/>\n<meta property=\"og:title\" content=\"ACTUALIZACI\u00d3N: decretado Aviso Nivel NARANJA por tormentas con granizo y AMARILLO por lluvias - MI Ayuntamiento de Caudete\" \/>\n<meta property=\"og:description\" content=\"P\u00e1gina Oficial del Ayuntamiento de Caudete (Albacete)\" \/>\n<meta property=\"og:url\" content=\"https:\/\/www.caudete.org\/ayuntamiento\/actualizacion-decretado-aviso-nivel-naranja-por-tormentas-con-granizo-y-amarillo-por-lluvias\/\" \/>\n<meta property=\"og:site_name\" content=\"MI Ayuntamiento de Caudete\" \/>\n<meta property=\"article:publisher\" content=\"https:\/\/www.facebook.com\/ayuntamientocaudete\/\" \/>\n<meta property=\"article:published_time\" content=\"2025-05-02T08:21:35+00:00\" \/>\n<meta property=\"og:image\" content=\"https:\/\/www.caudete.org\/ayuntamiento\/wp-content\/uploads\/2025\/05\/ALERTA-NARANJA.jpg\" \/>\n\t<meta property=\"og:image:width\" content=\"1082\" \/>\n\t<meta property=\"og:image:height\" content=\"847\" \/>\n\t<meta property=\"og:image:type\" content=\"image\/jpeg\" \/>\n<meta name=\"author\" content=\"alcalde\" \/>\n<meta name=\"twitter:card\" content=\"summary_large_image\" \/>\n<meta name=\"twitter:label1\" content=\"Escrito por\" \/>\n\t<meta name=\"twitter:data1\" content=\"alcalde\" \/>\n\t<meta name=\"twitter:label2\" content=\"Tiempo de lectura\" \/>\n\t<meta name=\"twitter:data2\" content=\"2 minutos\" \/>\n<script type=\"application\/ld+json\" class=\"yoast-schema-graph\">{\"@context\":\"https:\\\/\\\/schema.org\",\"@graph\":[{\"@type\":\"Article\",\"@id\":\"https:\\\/\\\/www.caudete.org\\\/ayuntamiento\\\/actualizacion-decretado-aviso-nivel-naranja-por-tormentas-con-granizo-y-amarillo-por-lluvias\\\/#article\",\"isPartOf\":{\"@id\":\"https:\\\/\\\/www.caudete.org\\\/ayuntamiento\\\/actualizacion-decretado-aviso-nivel-naranja-por-tormentas-con-granizo-y-amarillo-por-lluvias\\\/\"},\"author\":{\"name\":\"alcalde\",\"@id\":\"https:\\\/\\\/www.caudete.org\\\/ayuntamiento\\\/#\\\/schema\\\/person\\\/cc646da9133078ee4d8dd47457947253\"},\"headline\":\"ACTUALIZACI\u00d3N: decretado Aviso Nivel NARANJA por tormentas con granizo y AMARILLO por lluvias\",\"datePublished\":\"2025-05-02T08:21:35+00:00\",\"mainEntityOfPage\":{\"@id\":\"https:\\\/\\\/www.caudete.org\\\/ayuntamiento\\\/actualizacion-decretado-aviso-nivel-naranja-por-tormentas-con-granizo-y-amarillo-por-lluvias\\\/\"},\"wordCount\":194,\"image\":{\"@id\":\"https:\\\/\\\/www.caudete.org\\\/ayuntamiento\\\/actualizacion-decretado-aviso-nivel-naranja-por-tormentas-con-granizo-y-amarillo-por-lluvias\\\/#primaryimage\"},\"thumbnailUrl\":\"https:\\\/\\\/www.caudete.org\\\/ayuntamiento\\\/wp-content\\\/uploads\\\/2025\\\/05\\\/ALERTA-NARANJA.jpg\",\"articleSection\":[\"Emergencias\"],\"inLanguage\":\"es\"},{\"@type\":\"WebPage\",\"@id\":\"https:\\\/\\\/www.caudete.org\\\/ayuntamiento\\\/actualizacion-decretado-aviso-nivel-naranja-por-tormentas-con-granizo-y-amarillo-por-lluvias\\\/\",\"url\":\"https:\\\/\\\/www.caudete.org\\\/ayuntamiento\\\/actualizacion-decretado-aviso-nivel-naranja-por-tormentas-con-granizo-y-amarillo-por-lluvias\\\/\",\"name\":\"ACTUALIZACI\u00d3N: decretado Aviso Nivel NARANJA por tormentas con granizo y AMARILLO por lluvias - MI Ayuntamiento de Caudete\",\"isPartOf\":{\"@id\":\"https:\\\/\\\/www.caudete.org\\\/ayuntamiento\\\/#website\"},\"primaryImageOfPage\":{\"@id\":\"https:\\\/\\\/www.caudete.org\\\/ayuntamiento\\\/actualizacion-decretado-aviso-nivel-naranja-por-tormentas-con-granizo-y-amarillo-por-lluvias\\\/#primaryimage\"},\"image\":{\"@id\":\"https:\\\/\\\/www.caudete.org\\\/ayuntamiento\\\/actualizacion-decretado-aviso-nivel-naranja-por-tormentas-con-granizo-y-amarillo-por-lluvias\\\/#primaryimage\"},\"thumbnailUrl\":\"https:\\\/\\\/www.caudete.org\\\/ayuntamiento\\\/wp-content\\\/uploads\\\/2025\\\/05\\\/ALERTA-NARANJA.jpg\",\"datePublished\":\"2025-05-02T08:21:35+00:00\",\"author\":{\"@id\":\"https:\\\/\\\/www.caudete.org\\\/ayuntamiento\\\/#\\\/schema\\\/person\\\/cc646da9133078ee4d8dd47457947253\"},\"description\":\"P\u00e1gina Oficial del Ayuntamiento de Caudete (Albacete)\",\"breadcrumb\":{\"@id\":\"https:\\\/\\\/www.caudete.org\\\/ayuntamiento\\\/actualizacion-decretado-aviso-nivel-naranja-por-tormentas-con-granizo-y-amarillo-por-lluvias\\\/#breadcrumb\"},\"inLanguage\":\"es\",\"potentialAction\":[{\"@type\":\"ReadAction\",\"target\":[\"https:\\\/\\\/www.caudete.org\\\/ayuntamiento\\\/actualizacion-decretado-aviso-nivel-naranja-por-tormentas-con-granizo-y-amarillo-por-lluvias\\\/\"]}]},{\"@type\":\"ImageObject\",\"inLanguage\":\"es\",\"@id\":\"https:\\\/\\\/www.caudete.org\\\/ayuntamiento\\\/actualizacion-decretado-aviso-nivel-naranja-por-tormentas-con-granizo-y-amarillo-por-lluvias\\\/#primaryimage\",\"url\":\"https:\\\/\\\/www.caudete.org\\\/ayuntamiento\\\/wp-content\\\/uploads\\\/2025\\\/05\\\/ALERTA-NARANJA.jpg\",\"contentUrl\":\"https:\\\/\\\/www.caudete.org\\\/ayuntamiento\\\/wp-content\\\/uploads\\\/2025\\\/05\\\/ALERTA-NARANJA.jpg\",\"width\":1082,\"height\":847},{\"@type\":\"BreadcrumbList\",\"@id\":\"https:\\\/\\\/www.caudete.org\\\/ayuntamiento\\\/actualizacion-decretado-aviso-nivel-naranja-por-tormentas-con-granizo-y-amarillo-por-lluvias\\\/#breadcrumb\",\"itemListElement\":[{\"@type\":\"ListItem\",\"position\":1,\"name\":\"Inicio\",\"item\":\"https:\\\/\\\/www.caudete.org\\\/ayuntamiento\\\/\"},{\"@type\":\"ListItem\",\"position\":2,\"name\":\"ACTUALIZACI\u00d3N: decretado Aviso Nivel NARANJA por tormentas con granizo y AMARILLO por lluvias\"}]},{\"@type\":\"WebSite\",\"@id\":\"https:\\\/\\\/www.caudete.org\\\/ayuntamiento\\\/#website\",\"url\":\"https:\\\/\\\/www.caudete.org\\\/ayuntamiento\\\/\",\"name\":\"MI Ayuntamiento de Caudete\",\"description\":\"P\u00e1gina Oficial del MI Ayuntamiento de Caudete\",\"potentialAction\":[{\"@type\":\"SearchAction\",\"target\":{\"@type\":\"EntryPoint\",\"urlTemplate\":\"https:\\\/\\\/www.caudete.org\\\/ayuntamiento\\\/?s={search_term_string}\"},\"query-input\":{\"@type\":\"PropertyValueSpecification\",\"valueRequired\":true,\"valueName\":\"search_term_string\"}}],\"inLanguage\":\"es\"},{\"@type\":\"Person\",\"@id\":\"https:\\\/\\\/www.caudete.org\\\/ayuntamiento\\\/#\\\/schema\\\/person\\\/cc646da9133078ee4d8dd47457947253\",\"name\":\"alcalde\",\"image\":{\"@type\":\"ImageObject\",\"inLanguage\":\"es\",\"@id\":\"https:\\\/\\\/secure.gravatar.com\\\/avatar\\\/84a817ba065b29ff08d666b215a215f5c79186a645ccb25b14a663d48a130f77?s=96&d=mm&r=g\",\"url\":\"https:\\\/\\\/secure.gravatar.com\\\/avatar\\\/84a817ba065b29ff08d666b215a215f5c79186a645ccb25b14a663d48a130f77?s=96&d=mm&r=g\",\"contentUrl\":\"https:\\\/\\\/secure.gravatar.com\\\/avatar\\\/84a817ba065b29ff08d666b215a215f5c79186a645ccb25b14a663d48a130f77?s=96&d=mm&r=g\",\"caption\":\"alcalde\"},\"url\":\"https:\\\/\\\/www.caudete.org\\\/ayuntamiento\\\/author\\\/alcalde\\\/\"}]}<\/script>\n<!-- \/ Yoast SEO plugin. -->","yoast_head_json":{"title":"ACTUALIZACI\u00d3N: decretado Aviso Nivel NARANJA por tormentas con granizo y AMARILLO por lluvias - MI Ayuntamiento de Caudete","description":"P\u00e1gina Oficial del Ayuntamiento de Caudete (Albacete)","robots":{"index":"index","follow":"follow","max-snippet":"max-snippet:-1","max-image-preview":"max-image-preview:large","max-video-preview":"max-video-preview:-1"},"canonical":"https:\/\/www.caudete.org\/ayuntamiento\/actualizacion-decretado-aviso-nivel-naranja-por-tormentas-con-granizo-y-amarillo-por-lluvias\/","og_locale":"es_ES","og_type":"article","og_title":"ACTUALIZACI\u00d3N: decretado Aviso Nivel NARANJA por tormentas con granizo y AMARILLO por lluvias - MI Ayuntamiento de Caudete","og_description":"P\u00e1gina Oficial del Ayuntamiento de Caudete (Albacete)","og_url":"https:\/\/www.caudete.org\/ayuntamiento\/actualizacion-decretado-aviso-nivel-naranja-por-tormentas-con-granizo-y-amarillo-por-lluvias\/","og_site_name":"MI Ayuntamiento de Caudete","article_publisher":"https:\/\/www.facebook.com\/ayuntamientocaudete\/","article_published_time":"2025-05-02T08:21:35+00:00","og_image":[{"width":1082,"height":847,"url":"https:\/\/www.caudete.org\/ayuntamiento\/wp-content\/uploads\/2025\/05\/ALERTA-NARANJA.jpg","type":"image\/jpeg"}],"author":"alcalde","twitter_card":"summary_large_image","twitter_misc":{"Escrito por":"alcalde","Tiempo de lectura":"2 minutos"},"schema":{"@context":"https:\/\/schema.org","@graph":[{"@type":"Article","@id":"https:\/\/www.caudete.org\/ayuntamiento\/actualizacion-decretado-aviso-nivel-naranja-por-tormentas-con-granizo-y-amarillo-por-lluvias\/#article","isPartOf":{"@id":"https:\/\/www.caudete.org\/ayuntamiento\/actualizacion-decretado-aviso-nivel-naranja-por-tormentas-con-granizo-y-amarillo-por-lluvias\/"},"author":{"name":"alcalde","@id":"https:\/\/www.caudete.org\/ayuntamiento\/#\/schema\/person\/cc646da9133078ee4d8dd47457947253"},"headline":"ACTUALIZACI\u00d3N: decretado Aviso Nivel NARANJA por tormentas con granizo y AMARILLO por lluvias","datePublished":"2025-05-02T08:21:35+00:00","mainEntityOfPage":{"@id":"https:\/\/www.caudete.org\/ayuntamiento\/actualizacion-decretado-aviso-nivel-naranja-por-tormentas-con-granizo-y-amarillo-por-lluvias\/"},"wordCount":194,"image":{"@id":"https:\/\/www.caudete.org\/ayuntamiento\/actualizacion-decretado-aviso-nivel-naranja-por-tormentas-con-granizo-y-amarillo-por-lluvias\/#primaryimage"},"thumbnailUrl":"https:\/\/www.caudete.org\/ayuntamiento\/wp-content\/uploads\/2025\/05\/ALERTA-NARANJA.jpg","articleSection":["Emergencias"],"inLanguage":"es"},{"@type":"WebPage","@id":"https:\/\/www.caudete.org\/ayuntamiento\/actualizacion-decretado-aviso-nivel-naranja-por-tormentas-con-granizo-y-amarillo-por-lluvias\/","url":"https:\/\/www.caudete.org\/ayuntamiento\/actualizacion-decretado-aviso-nivel-naranja-por-tormentas-con-granizo-y-amarillo-por-lluvias\/","name":"ACTUALIZACI\u00d3N: decretado Aviso Nivel NARANJA por tormentas con granizo y AMARILLO por lluvias - MI Ayuntamiento de Caudete","isPartOf":{"@id":"https:\/\/www.caudete.org\/ayuntamiento\/#website"},"primaryImageOfPage":{"@id":"https:\/\/www.caudete.org\/ayuntamiento\/actualizacion-decretado-aviso-nivel-naranja-por-tormentas-con-granizo-y-amarillo-por-lluvias\/#primaryimage"},"image":{"@id":"https:\/\/www.caudete.org\/ayuntamiento\/actualizacion-decretado-aviso-nivel-naranja-por-tormentas-con-granizo-y-amarillo-por-lluvias\/#primaryimage"},"thumbnailUrl":"https:\/\/www.caudete.org\/ayuntamiento\/wp-content\/uploads\/2025\/05\/ALERTA-NARANJA.jpg","datePublished":"2025-05-02T08:21:35+00:00","author":{"@id":"https:\/\/www.caudete.org\/ayuntamiento\/#\/schema\/person\/cc646da9133078ee4d8dd47457947253"},"description":"P\u00e1gina Oficial del Ayuntamiento de Caudete (Albacete)","breadcrumb":{"@id":"https:\/\/www.caudete.org\/ayuntamiento\/actualizacion-decretado-aviso-nivel-naranja-por-tormentas-con-granizo-y-amarillo-por-lluvias\/#breadcrumb"},"inLanguage":"es","potentialAction":[{"@type":"ReadAction","target":["https:\/\/www.caudete.org\/ayuntamiento\/actualizacion-decretado-aviso-nivel-naranja-por-tormentas-con-granizo-y-amarillo-por-lluvias\/"]}]},{"@type":"ImageObject","inLanguage":"es","@id":"https:\/\/www.caudete.org\/ayuntamiento\/actualizacion-decretado-aviso-nivel-naranja-por-tormentas-con-granizo-y-amarillo-por-lluvias\/#primaryimage","url":"https:\/\/www.caudete.org\/ayuntamiento\/wp-content\/uploads\/2025\/05\/ALERTA-NARANJA.jpg","contentUrl":"https:\/\/www.caudete.org\/ayuntamiento\/wp-content\/uploads\/2025\/05\/ALERTA-NARANJA.jpg","width":1082,"height":847},{"@type":"BreadcrumbList","@id":"https:\/\/www.caudete.org\/ayuntamiento\/actualizacion-decretado-aviso-nivel-naranja-por-tormentas-con-granizo-y-amarillo-por-lluvias\/#breadcrumb","itemListElement":[{"@type":"ListItem","position":1,"name":"Inicio","item":"https:\/\/www.caudete.org\/ayuntamiento\/"},{"@type":"ListItem","position":2,"name":"ACTUALIZACI\u00d3N: decretado Aviso Nivel NARANJA por tormentas con granizo y AMARILLO por lluvias"}]},{"@type":"WebSite","@id":"https:\/\/www.caudete.org\/ayuntamiento\/#website","url":"https:\/\/www.caudete.org\/ayuntamiento\/","name":"MI Ayuntamiento de Caudete","description":"P\u00e1gina Oficial del MI Ayuntamiento de Caudete","potentialAction":[{"@type":"SearchAction","target":{"@type":"EntryPoint","urlTemplate":"https:\/\/www.caudete.org\/ayuntamiento\/?s={search_term_string}"},"query-input":{"@type":"PropertyValueSpecification","valueRequired":true,"valueName":"search_term_string"}}],"inLanguage":"es"},{"@type":"Person","@id":"https:\/\/www.caudete.org\/ayuntamiento\/#\/schema\/person\/cc646da9133078ee4d8dd47457947253","name":"alcalde","image":{"@type":"ImageObject","inLanguage":"es","@id":"https:\/\/secure.gravatar.com\/avatar\/84a817ba065b29ff08d666b215a215f5c79186a645ccb25b14a663d48a130f77?s=96&d=mm&r=g","url":"https:\/\/secure.gravatar.com\/avatar\/84a817ba065b29ff08d666b215a215f5c79186a645ccb25b14a663d48a130f77?s=96&d=mm&r=g","contentUrl":"https:\/\/secure.gravatar.com\/avatar\/84a817ba065b29ff08d666b215a215f5c79186a645ccb25b14a663d48a130f77?s=96&d=mm&r=g","caption":"alcalde"},"url":"https:\/\/www.caudete.org\/ayuntamiento\/author\/alcalde\/"}]}},"_links":{"self":[{"href":"https:\/\/www.caudete.org\/ayuntamiento\/wp-json\/wp\/v2\/posts\/28532","targetHints":{"allow":["GET"]}}],"collection":[{"href":"https:\/\/www.caudete.org\/ayuntamiento\/wp-json\/wp\/v2\/posts"}],"about":[{"href":"https:\/\/www.caudete.org\/ayuntamiento\/wp-json\/wp\/v2\/types\/post"}],"author":[{"embeddable":true,"href":"https:\/\/www.caudete.org\/ayuntamiento\/wp-json\/wp\/v2\/users\/3"}],"replies":[{"embeddable":true,"href":"https:\/\/www.caudete.org\/ayuntamiento\/wp-json\/wp\/v2\/comments?post=28532"}],"version-history":[{"count":1,"href":"https:\/\/www.caudete.org\/ayuntamiento\/wp-json\/wp\/v2\/posts\/28532\/revisions"}],"predecessor-version":[{"id":28535,"href":"https:\/\/www.caudete.org\/ayuntamiento\/wp-json\/wp\/v2\/posts\/28532\/revisions\/28535"}],"wp:featuredmedia":[{"embeddable":true,"href":"https:\/\/www.caudete.org\/ayuntamiento\/wp-json\/wp\/v2\/media\/28533"}],"wp:attachment":[{"href":"https:\/\/www.caudete.org\/ayuntamiento\/wp-json\/wp\/v2\/media?parent=28532"}],"wp:term":[{"taxonomy":"category","embeddable":true,"href":"https:\/\/www.caudete.org\/ayuntamiento\/wp-json\/wp\/v2\/categories?post=28532"},{"taxonomy":"post_tag","embeddable":true,"href":"https:\/\/www.caudete.org\/ayuntamiento\/wp-json\/wp\/v2\/tags?post=28532"}],"curies":[{"name":"wp","href":"https:\/\/api.w.org\/{rel}","templated":true}]}}