{"id":28551,"date":"2025-05-05T19:01:10","date_gmt":"2025-05-05T17:01:10","guid":{"rendered":"https:\/\/www.caudete.org\/ayuntamiento\/?p=28551"},"modified":"2025-05-05T19:01:10","modified_gmt":"2025-05-05T17:01:10","slug":"el-proximo-sabado-se-celebrara-el-cross-antonio-amoros-crisnova-vidrio","status":"publish","type":"post","link":"https:\/\/www.caudete.org\/ayuntamiento\/el-proximo-sabado-se-celebrara-el-cross-antonio-amoros-crisnova-vidrio\/","title":{"rendered":"El pr\u00f3ximo s\u00e1bado se celebrar\u00e1 el CROSS &#8220;Antonio Amor\u00f3s \u2013 Crisnova Vidrio&#8221;"},"content":{"rendered":"<p>&nbsp;<\/p>\n<p style=\"text-align: center;\"><a href=\"https:\/\/www.caudete.org\/ayuntamiento\/wp-content\/uploads\/2025\/05\/circuito.jpg\" rel='prettyPhoto'><img fetchpriority=\"high\" decoding=\"async\" class=\"alignnone wp-image-28553 size-full\" src=\"https:\/\/www.caudete.org\/ayuntamiento\/wp-content\/uploads\/2025\/05\/circuito.jpg\" alt=\"\" width=\"640\" height=\"677\" srcset=\"https:\/\/www.caudete.org\/ayuntamiento\/wp-content\/uploads\/2025\/05\/circuito.jpg 640w, https:\/\/www.caudete.org\/ayuntamiento\/wp-content\/uploads\/2025\/05\/circuito-378x400.jpg 378w\" sizes=\"(max-width: 640px) 100vw, 640px\" \/><\/a><\/p>\n<p style=\"text-align: left;\">El pr\u00f3ximo s\u00e1bado, 10 de mayo, se celebrar\u00e1 en Caudete el\u00a0XLIII Cross Antonio Amor\u00f3s \u2013 Crisnova Vidrio 2025, perteneciente al\u00a0XXIV Circuito Provincial de Carreras Populares\u00a0de la Diputaci\u00f3n de Albacete.<\/p>\n<p style=\"text-align: justify;\">La prueba se ha presentado hoy en el Ayuntamiento de Caudete, con la presencia del alcalde, Mois\u00e9s L\u00f3pez, la concejal de Deportes, Pilar Egea, el t\u00e9cnico de Deportes, Jos\u00e9 Bernab\u00e9 Ortu\u00f1o, y el presidente del Club de Atletismo \u00abAntonio Amor\u00f3s\u00bb, Juan Antonio Gil.<\/p>\n<p style=\"text-align: justify;\">Cabe recordar que esta prueba es la m\u00e1s veterana del Circuito de Carreras Populares de Albacete, y est\u00e1 organizada por la Concejal\u00eda de Deportes de Caudete y el Club de Atletismo\u00a0<em>Antonio Amor\u00f3s<\/em>. Sin duda, una cita obligada para los amantes del atletismo popular.<\/p>\n<p style=\"text-align: justify;\">Las\u00a0carreras infantiles dar\u00e1n comienzo a las 17:00 horas, y la\u00a0carrera absoluta empezar\u00e1 a las 18:30 horas.<\/p>\n<p style=\"text-align: justify;\">El\u00a0XLIII Cross Antonio Amor\u00f3s \u2013 Crisnova Vidrio 2025\u00a0destaca por su exigente y espectacular recorrido, que discurre por los lugares m\u00e1s emblem\u00e1ticos de Caudete. Los participantes podr\u00e1n disfrutar de un trazado variado, con subidas y bajadas que pondr\u00e1n a prueba su resistencia y velocidad. La distancia del recorrido es 10 kil\u00f3metros para la carera absoluta y 6 para la de iniciaci\u00f3n, lo que la convierte en una prueba apta tanto para corredores experimentados como para aquellos que se inician en el mundo del running.<\/p>\n<h2 style=\"text-align: justify;\">Para todas las categor\u00edas<\/h2>\n<p style=\"text-align: justify;\">Con el objetivo de fomentar la participaci\u00f3n y la inclusi\u00f3n, el\u00a0XLIII Cross Antonio Amor\u00f3s \u2013 Crisnova Vidrio 2025\u00a0ofrece categor\u00edas para todas las edades y niveles. Desde los m\u00e1s peque\u00f1os, que podr\u00e1n disfrutar de carreras adaptadas a su edad, hasta los veteranos, pasando por otras categor\u00edas como junior, senior\u2026 Adem\u00e1s, la prueba cuenta con categor\u00edas masculina y femenina, garantizando la igualdad de oportunidades para todos los participantes.<\/p>\n<p style=\"text-align: justify;\">El\u00a0XLIII Cross Antonio Amor\u00f3s \u2013 Crisnova Vidrio 2025\u00a0es mucho m\u00e1s que una simple carrera. Se trata de un evento con una larga historia y tradici\u00f3n, que se ha consolidado como uno de los referentes del atletismo popular en la provincia de Albacete. A\u00f1o tras a\u00f1o, la prueba re\u00fane a cientos de corredores procedentes de toda la geograf\u00eda espa\u00f1ola, que acuden a Caudete para disfrutar de un ambiente \u00fanico y una organizaci\u00f3n impecable.<\/p>\n<h2 style=\"text-align: justify;\">Servicios<\/h2>\n<ul style=\"text-align: justify;\">\n<li>Ludoteca infantil<\/li>\n<li>Servicio de guardarropas<\/li>\n<li>Parking vigilado junto a la Ciudad Deportiva<\/li>\n<li>Servicio de vestuarios<\/li>\n<li>4 avituallamientos l\u00edquidos en carrera<\/li>\n<li>\u00c1gape fin de carrera<\/li>\n<li>Servicio de masajes a cargo de Centro Albertina Garc\u00eda Llor\u00e9ns<\/li>\n<li>Bolsa de obsequio con camiseta t\u00e9cnica y botella de aceite de oliva de Almazara Agull\u00f3<\/li>\n<\/ul>\n<h2 style=\"text-align: justify;\">Animaci\u00f3n en las calles<\/h2>\n<ul style=\"text-align: justify;\">\n<li>Intersecci\u00f3n calle Echegaray con calle Luis Pascual \u2013\u00a0<em>F\u00e9nix Batukada<\/em><\/li>\n<li>Plaza de la Iglesia \u2013 Banda Juvenil de la Sociedad Uni\u00f3n Musical \u00abSanta Cecilia\u00bb de Caudete<\/li>\n<li>Muralla del Castillo \u2013 Sonorizaci\u00f3n basada en marchas cristianas<\/li>\n<li>Plaza del Carmen \u2013 Actuaci\u00f3n en directo de\u00a0<em>Manu y la Guerrilla<\/em><\/li>\n<li>Calle de la Piscina Cubierta \u2013 Decoraci\u00f3n especial<\/li>\n<li>Calle Luis Pascual \u2013 Exhibici\u00f3n de danza a cargo de\u00a0<em>Esc\u00e9nica Danza<\/em><\/li>\n<li>Calle Luis Pascual \u2013 Escenograf\u00eda y sonorizaci\u00f3n basada en\u00a0<em>El Se\u00f1or de los Anillos<\/em><\/li>\n<\/ul>\n<h2 style=\"text-align: justify;\">Inscripciones<\/h2>\n<p style=\"text-align: justify;\">Las inscripciones para la carrera absoluta estar\u00e1n abiertas hasta el 8 de mayo, a las 14:00 horas, a trav\u00e9s de la p\u00e1gina web\u00a0<a href=\"http:\/\/www.deportes.dipualba.es\/deportes\/carreras-populares\" rel=\"noopener nofollow\" target=\"_blank\">www.deportes.dipualba.es\/deportes\/carreras-populares<\/a>\u00a0. Para las pruebas infantiles, las inscripciones se realizar\u00e1n en\u00a0<a href=\"http:\/\/www.deportes.caudete.org\/cross\/carrera-infantil\" rel=\"noopener nofollow\" target=\"_blank\">www.deportes.caudete.org\/cross\/carrera-infantil<\/a>.<\/p>\n<p style=\"text-align: justify;\">Para los inscritos en el\u00a0XXIV Circuito Provincial de Carreras Populares\u00a0el precio de la inscripci\u00f3n al Cross ser\u00e1 de tan s\u00f3lo 7 euros, y para los no inscritos, de 10 euros, siendo gratuita para las categor\u00edas infantiles.<\/p>\n<p style=\"text-align: center;\"><a href=\"https:\/\/www.caudete.org\/ayuntamiento\/wp-content\/uploads\/2025\/05\/cross-antonio-amoros-crisnova-vidrio-2025-caudete-digital.jpg\" rel='prettyPhoto'><img decoding=\"async\" class=\"alignnone wp-image-28552 size-full\" src=\"https:\/\/www.caudete.org\/ayuntamiento\/wp-content\/uploads\/2025\/05\/cross-antonio-amoros-crisnova-vidrio-2025-caudete-digital.jpg\" alt=\"\" width=\"1024\" height=\"600\" srcset=\"https:\/\/www.caudete.org\/ayuntamiento\/wp-content\/uploads\/2025\/05\/cross-antonio-amoros-crisnova-vidrio-2025-caudete-digital.jpg 1024w, https:\/\/www.caudete.org\/ayuntamiento\/wp-content\/uploads\/2025\/05\/cross-antonio-amoros-crisnova-vidrio-2025-caudete-digital-600x352.jpg 600w, https:\/\/www.caudete.org\/ayuntamiento\/wp-content\/uploads\/2025\/05\/cross-antonio-amoros-crisnova-vidrio-2025-caudete-digital-768x450.jpg 768w\" sizes=\"(max-width: 1024px) 100vw, 1024px\" \/><\/a><\/p>\n","protected":false},"excerpt":{"rendered":"<p>&nbsp; El pr\u00f3ximo s\u00e1bado, 10 de mayo, se celebrar\u00e1 en Caudete el\u00a0XLIII Cross Antonio Amor\u00f3s \u2013 Crisnova Vidrio 2025, perteneciente al\u00a0XXIV Circuito Provincial de Carreras Populares\u00a0de la Diputaci\u00f3n de Albacete. La prueba se ha presentado hoy en el Ayuntamiento de Caudete, con la presencia del alcalde, Mois\u00e9s L\u00f3pez, la concejal de Deportes, Pilar Egea, el &hellip;<\/p>\n","protected":false},"author":3,"featured_media":28554,"comment_status":"closed","ping_status":"open","sticky":false,"template":"","format":"standard","meta":{"ngg_post_thumbnail":0,"footnotes":""},"categories":[23],"tags":[],"class_list":["post-28551","post","type-post","status-publish","format-standard","has-post-thumbnail","hentry","category-deportes"],"yoast_head":"<!-- This site is optimized with the Yoast SEO plugin v27.5 - https:\/\/yoast.com\/product\/yoast-seo-wordpress\/ -->\n<title>El pr\u00f3ximo s\u00e1bado se celebrar\u00e1 el CROSS &quot;Antonio Amor\u00f3s \u2013 Crisnova Vidrio&quot; - MI Ayuntamiento de Caudete<\/title>\n<meta name=\"description\" content=\"P\u00e1gina Oficial del Ayuntamiento de Caudete (Albacete)\" \/>\n<meta name=\"robots\" content=\"index, follow, max-snippet:-1, max-image-preview:large, max-video-preview:-1\" \/>\n<link rel=\"canonical\" href=\"https:\/\/www.caudete.org\/ayuntamiento\/el-proximo-sabado-se-celebrara-el-cross-antonio-amoros-crisnova-vidrio\/\" \/>\n<meta property=\"og:locale\" content=\"es_ES\" \/>\n<meta property=\"og:type\" content=\"article\" \/>\n<meta property=\"og:title\" content=\"El pr\u00f3ximo s\u00e1bado se celebrar\u00e1 el CROSS &quot;Antonio Amor\u00f3s \u2013 Crisnova Vidrio&quot; - MI Ayuntamiento de Caudete\" \/>\n<meta property=\"og:description\" content=\"P\u00e1gina Oficial del Ayuntamiento de Caudete (Albacete)\" \/>\n<meta property=\"og:url\" content=\"https:\/\/www.caudete.org\/ayuntamiento\/el-proximo-sabado-se-celebrara-el-cross-antonio-amoros-crisnova-vidrio\/\" \/>\n<meta property=\"og:site_name\" content=\"MI Ayuntamiento de Caudete\" \/>\n<meta property=\"article:publisher\" content=\"https:\/\/www.facebook.com\/ayuntamientocaudete\/\" \/>\n<meta property=\"article:published_time\" content=\"2025-05-05T17:01:10+00:00\" \/>\n<meta property=\"og:image\" content=\"https:\/\/www.caudete.org\/ayuntamiento\/wp-content\/uploads\/2025\/05\/moises-cross-jose-berna-pilar-juan-caudete-digital-1.jpg\" \/>\n\t<meta property=\"og:image:width\" content=\"1200\" \/>\n\t<meta property=\"og:image:height\" content=\"674\" \/>\n\t<meta property=\"og:image:type\" content=\"image\/jpeg\" \/>\n<meta name=\"author\" content=\"alcalde\" \/>\n<meta name=\"twitter:card\" content=\"summary_large_image\" \/>\n<meta name=\"twitter:label1\" content=\"Escrito por\" \/>\n\t<meta name=\"twitter:data1\" content=\"alcalde\" \/>\n\t<meta name=\"twitter:label2\" content=\"Tiempo de lectura\" \/>\n\t<meta name=\"twitter:data2\" content=\"4 minutos\" \/>\n<script type=\"application\/ld+json\" class=\"yoast-schema-graph\">{\"@context\":\"https:\\\/\\\/schema.org\",\"@graph\":[{\"@type\":\"Article\",\"@id\":\"https:\\\/\\\/www.caudete.org\\\/ayuntamiento\\\/el-proximo-sabado-se-celebrara-el-cross-antonio-amoros-crisnova-vidrio\\\/#article\",\"isPartOf\":{\"@id\":\"https:\\\/\\\/www.caudete.org\\\/ayuntamiento\\\/el-proximo-sabado-se-celebrara-el-cross-antonio-amoros-crisnova-vidrio\\\/\"},\"author\":{\"name\":\"alcalde\",\"@id\":\"https:\\\/\\\/www.caudete.org\\\/ayuntamiento\\\/#\\\/schema\\\/person\\\/cc646da9133078ee4d8dd47457947253\"},\"headline\":\"El pr\u00f3ximo s\u00e1bado se celebrar\u00e1 el CROSS &#8220;Antonio Amor\u00f3s \u2013 Crisnova Vidrio&#8221;\",\"datePublished\":\"2025-05-05T17:01:10+00:00\",\"mainEntityOfPage\":{\"@id\":\"https:\\\/\\\/www.caudete.org\\\/ayuntamiento\\\/el-proximo-sabado-se-celebrara-el-cross-antonio-amoros-crisnova-vidrio\\\/\"},\"wordCount\":639,\"image\":{\"@id\":\"https:\\\/\\\/www.caudete.org\\\/ayuntamiento\\\/el-proximo-sabado-se-celebrara-el-cross-antonio-amoros-crisnova-vidrio\\\/#primaryimage\"},\"thumbnailUrl\":\"https:\\\/\\\/www.caudete.org\\\/ayuntamiento\\\/wp-content\\\/uploads\\\/2025\\\/05\\\/moises-cross-jose-berna-pilar-juan-caudete-digital-1.jpg\",\"articleSection\":[\"Deportes\"],\"inLanguage\":\"es\"},{\"@type\":\"WebPage\",\"@id\":\"https:\\\/\\\/www.caudete.org\\\/ayuntamiento\\\/el-proximo-sabado-se-celebrara-el-cross-antonio-amoros-crisnova-vidrio\\\/\",\"url\":\"https:\\\/\\\/www.caudete.org\\\/ayuntamiento\\\/el-proximo-sabado-se-celebrara-el-cross-antonio-amoros-crisnova-vidrio\\\/\",\"name\":\"El pr\u00f3ximo s\u00e1bado se celebrar\u00e1 el CROSS \\\"Antonio Amor\u00f3s \u2013 Crisnova Vidrio\\\" - MI Ayuntamiento de Caudete\",\"isPartOf\":{\"@id\":\"https:\\\/\\\/www.caudete.org\\\/ayuntamiento\\\/#website\"},\"primaryImageOfPage\":{\"@id\":\"https:\\\/\\\/www.caudete.org\\\/ayuntamiento\\\/el-proximo-sabado-se-celebrara-el-cross-antonio-amoros-crisnova-vidrio\\\/#primaryimage\"},\"image\":{\"@id\":\"https:\\\/\\\/www.caudete.org\\\/ayuntamiento\\\/el-proximo-sabado-se-celebrara-el-cross-antonio-amoros-crisnova-vidrio\\\/#primaryimage\"},\"thumbnailUrl\":\"https:\\\/\\\/www.caudete.org\\\/ayuntamiento\\\/wp-content\\\/uploads\\\/2025\\\/05\\\/moises-cross-jose-berna-pilar-juan-caudete-digital-1.jpg\",\"datePublished\":\"2025-05-05T17:01:10+00:00\",\"author\":{\"@id\":\"https:\\\/\\\/www.caudete.org\\\/ayuntamiento\\\/#\\\/schema\\\/person\\\/cc646da9133078ee4d8dd47457947253\"},\"description\":\"P\u00e1gina Oficial del Ayuntamiento de Caudete (Albacete)\",\"breadcrumb\":{\"@id\":\"https:\\\/\\\/www.caudete.org\\\/ayuntamiento\\\/el-proximo-sabado-se-celebrara-el-cross-antonio-amoros-crisnova-vidrio\\\/#breadcrumb\"},\"inLanguage\":\"es\",\"potentialAction\":[{\"@type\":\"ReadAction\",\"target\":[\"https:\\\/\\\/www.caudete.org\\\/ayuntamiento\\\/el-proximo-sabado-se-celebrara-el-cross-antonio-amoros-crisnova-vidrio\\\/\"]}]},{\"@type\":\"ImageObject\",\"inLanguage\":\"es\",\"@id\":\"https:\\\/\\\/www.caudete.org\\\/ayuntamiento\\\/el-proximo-sabado-se-celebrara-el-cross-antonio-amoros-crisnova-vidrio\\\/#primaryimage\",\"url\":\"https:\\\/\\\/www.caudete.org\\\/ayuntamiento\\\/wp-content\\\/uploads\\\/2025\\\/05\\\/moises-cross-jose-berna-pilar-juan-caudete-digital-1.jpg\",\"contentUrl\":\"https:\\\/\\\/www.caudete.org\\\/ayuntamiento\\\/wp-content\\\/uploads\\\/2025\\\/05\\\/moises-cross-jose-berna-pilar-juan-caudete-digital-1.jpg\",\"width\":1200,\"height\":674},{\"@type\":\"BreadcrumbList\",\"@id\":\"https:\\\/\\\/www.caudete.org\\\/ayuntamiento\\\/el-proximo-sabado-se-celebrara-el-cross-antonio-amoros-crisnova-vidrio\\\/#breadcrumb\",\"itemListElement\":[{\"@type\":\"ListItem\",\"position\":1,\"name\":\"Inicio\",\"item\":\"https:\\\/\\\/www.caudete.org\\\/ayuntamiento\\\/\"},{\"@type\":\"ListItem\",\"position\":2,\"name\":\"El pr\u00f3ximo s\u00e1bado se celebrar\u00e1 el CROSS &#8220;Antonio Amor\u00f3s \u2013 Crisnova Vidrio&#8221;\"}]},{\"@type\":\"WebSite\",\"@id\":\"https:\\\/\\\/www.caudete.org\\\/ayuntamiento\\\/#website\",\"url\":\"https:\\\/\\\/www.caudete.org\\\/ayuntamiento\\\/\",\"name\":\"MI Ayuntamiento de Caudete\",\"description\":\"P\u00e1gina Oficial del MI Ayuntamiento de Caudete\",\"potentialAction\":[{\"@type\":\"SearchAction\",\"target\":{\"@type\":\"EntryPoint\",\"urlTemplate\":\"https:\\\/\\\/www.caudete.org\\\/ayuntamiento\\\/?s={search_term_string}\"},\"query-input\":{\"@type\":\"PropertyValueSpecification\",\"valueRequired\":true,\"valueName\":\"search_term_string\"}}],\"inLanguage\":\"es\"},{\"@type\":\"Person\",\"@id\":\"https:\\\/\\\/www.caudete.org\\\/ayuntamiento\\\/#\\\/schema\\\/person\\\/cc646da9133078ee4d8dd47457947253\",\"name\":\"alcalde\",\"image\":{\"@type\":\"ImageObject\",\"inLanguage\":\"es\",\"@id\":\"https:\\\/\\\/secure.gravatar.com\\\/avatar\\\/84a817ba065b29ff08d666b215a215f5c79186a645ccb25b14a663d48a130f77?s=96&d=mm&r=g\",\"url\":\"https:\\\/\\\/secure.gravatar.com\\\/avatar\\\/84a817ba065b29ff08d666b215a215f5c79186a645ccb25b14a663d48a130f77?s=96&d=mm&r=g\",\"contentUrl\":\"https:\\\/\\\/secure.gravatar.com\\\/avatar\\\/84a817ba065b29ff08d666b215a215f5c79186a645ccb25b14a663d48a130f77?s=96&d=mm&r=g\",\"caption\":\"alcalde\"},\"url\":\"https:\\\/\\\/www.caudete.org\\\/ayuntamiento\\\/author\\\/alcalde\\\/\"}]}<\/script>\n<!-- \/ Yoast SEO plugin. -->","yoast_head_json":{"title":"El pr\u00f3ximo s\u00e1bado se celebrar\u00e1 el CROSS \"Antonio Amor\u00f3s \u2013 Crisnova Vidrio\" - MI Ayuntamiento de Caudete","description":"P\u00e1gina Oficial del Ayuntamiento de Caudete (Albacete)","robots":{"index":"index","follow":"follow","max-snippet":"max-snippet:-1","max-image-preview":"max-image-preview:large","max-video-preview":"max-video-preview:-1"},"canonical":"https:\/\/www.caudete.org\/ayuntamiento\/el-proximo-sabado-se-celebrara-el-cross-antonio-amoros-crisnova-vidrio\/","og_locale":"es_ES","og_type":"article","og_title":"El pr\u00f3ximo s\u00e1bado se celebrar\u00e1 el CROSS \"Antonio Amor\u00f3s \u2013 Crisnova Vidrio\" - MI Ayuntamiento de Caudete","og_description":"P\u00e1gina Oficial del Ayuntamiento de Caudete (Albacete)","og_url":"https:\/\/www.caudete.org\/ayuntamiento\/el-proximo-sabado-se-celebrara-el-cross-antonio-amoros-crisnova-vidrio\/","og_site_name":"MI Ayuntamiento de Caudete","article_publisher":"https:\/\/www.facebook.com\/ayuntamientocaudete\/","article_published_time":"2025-05-05T17:01:10+00:00","og_image":[{"width":1200,"height":674,"url":"https:\/\/www.caudete.org\/ayuntamiento\/wp-content\/uploads\/2025\/05\/moises-cross-jose-berna-pilar-juan-caudete-digital-1.jpg","type":"image\/jpeg"}],"author":"alcalde","twitter_card":"summary_large_image","twitter_misc":{"Escrito por":"alcalde","Tiempo de lectura":"4 minutos"},"schema":{"@context":"https:\/\/schema.org","@graph":[{"@type":"Article","@id":"https:\/\/www.caudete.org\/ayuntamiento\/el-proximo-sabado-se-celebrara-el-cross-antonio-amoros-crisnova-vidrio\/#article","isPartOf":{"@id":"https:\/\/www.caudete.org\/ayuntamiento\/el-proximo-sabado-se-celebrara-el-cross-antonio-amoros-crisnova-vidrio\/"},"author":{"name":"alcalde","@id":"https:\/\/www.caudete.org\/ayuntamiento\/#\/schema\/person\/cc646da9133078ee4d8dd47457947253"},"headline":"El pr\u00f3ximo s\u00e1bado se celebrar\u00e1 el CROSS &#8220;Antonio Amor\u00f3s \u2013 Crisnova Vidrio&#8221;","datePublished":"2025-05-05T17:01:10+00:00","mainEntityOfPage":{"@id":"https:\/\/www.caudete.org\/ayuntamiento\/el-proximo-sabado-se-celebrara-el-cross-antonio-amoros-crisnova-vidrio\/"},"wordCount":639,"image":{"@id":"https:\/\/www.caudete.org\/ayuntamiento\/el-proximo-sabado-se-celebrara-el-cross-antonio-amoros-crisnova-vidrio\/#primaryimage"},"thumbnailUrl":"https:\/\/www.caudete.org\/ayuntamiento\/wp-content\/uploads\/2025\/05\/moises-cross-jose-berna-pilar-juan-caudete-digital-1.jpg","articleSection":["Deportes"],"inLanguage":"es"},{"@type":"WebPage","@id":"https:\/\/www.caudete.org\/ayuntamiento\/el-proximo-sabado-se-celebrara-el-cross-antonio-amoros-crisnova-vidrio\/","url":"https:\/\/www.caudete.org\/ayuntamiento\/el-proximo-sabado-se-celebrara-el-cross-antonio-amoros-crisnova-vidrio\/","name":"El pr\u00f3ximo s\u00e1bado se celebrar\u00e1 el CROSS \"Antonio Amor\u00f3s \u2013 Crisnova Vidrio\" - MI Ayuntamiento de Caudete","isPartOf":{"@id":"https:\/\/www.caudete.org\/ayuntamiento\/#website"},"primaryImageOfPage":{"@id":"https:\/\/www.caudete.org\/ayuntamiento\/el-proximo-sabado-se-celebrara-el-cross-antonio-amoros-crisnova-vidrio\/#primaryimage"},"image":{"@id":"https:\/\/www.caudete.org\/ayuntamiento\/el-proximo-sabado-se-celebrara-el-cross-antonio-amoros-crisnova-vidrio\/#primaryimage"},"thumbnailUrl":"https:\/\/www.caudete.org\/ayuntamiento\/wp-content\/uploads\/2025\/05\/moises-cross-jose-berna-pilar-juan-caudete-digital-1.jpg","datePublished":"2025-05-05T17:01:10+00:00","author":{"@id":"https:\/\/www.caudete.org\/ayuntamiento\/#\/schema\/person\/cc646da9133078ee4d8dd47457947253"},"description":"P\u00e1gina Oficial del Ayuntamiento de Caudete (Albacete)","breadcrumb":{"@id":"https:\/\/www.caudete.org\/ayuntamiento\/el-proximo-sabado-se-celebrara-el-cross-antonio-amoros-crisnova-vidrio\/#breadcrumb"},"inLanguage":"es","potentialAction":[{"@type":"ReadAction","target":["https:\/\/www.caudete.org\/ayuntamiento\/el-proximo-sabado-se-celebrara-el-cross-antonio-amoros-crisnova-vidrio\/"]}]},{"@type":"ImageObject","inLanguage":"es","@id":"https:\/\/www.caudete.org\/ayuntamiento\/el-proximo-sabado-se-celebrara-el-cross-antonio-amoros-crisnova-vidrio\/#primaryimage","url":"https:\/\/www.caudete.org\/ayuntamiento\/wp-content\/uploads\/2025\/05\/moises-cross-jose-berna-pilar-juan-caudete-digital-1.jpg","contentUrl":"https:\/\/www.caudete.org\/ayuntamiento\/wp-content\/uploads\/2025\/05\/moises-cross-jose-berna-pilar-juan-caudete-digital-1.jpg","width":1200,"height":674},{"@type":"BreadcrumbList","@id":"https:\/\/www.caudete.org\/ayuntamiento\/el-proximo-sabado-se-celebrara-el-cross-antonio-amoros-crisnova-vidrio\/#breadcrumb","itemListElement":[{"@type":"ListItem","position":1,"name":"Inicio","item":"https:\/\/www.caudete.org\/ayuntamiento\/"},{"@type":"ListItem","position":2,"name":"El pr\u00f3ximo s\u00e1bado se celebrar\u00e1 el CROSS &#8220;Antonio Amor\u00f3s \u2013 Crisnova Vidrio&#8221;"}]},{"@type":"WebSite","@id":"https:\/\/www.caudete.org\/ayuntamiento\/#website","url":"https:\/\/www.caudete.org\/ayuntamiento\/","name":"MI Ayuntamiento de Caudete","description":"P\u00e1gina Oficial del MI Ayuntamiento de Caudete","potentialAction":[{"@type":"SearchAction","target":{"@type":"EntryPoint","urlTemplate":"https:\/\/www.caudete.org\/ayuntamiento\/?s={search_term_string}"},"query-input":{"@type":"PropertyValueSpecification","valueRequired":true,"valueName":"search_term_string"}}],"inLanguage":"es"},{"@type":"Person","@id":"https:\/\/www.caudete.org\/ayuntamiento\/#\/schema\/person\/cc646da9133078ee4d8dd47457947253","name":"alcalde","image":{"@type":"ImageObject","inLanguage":"es","@id":"https:\/\/secure.gravatar.com\/avatar\/84a817ba065b29ff08d666b215a215f5c79186a645ccb25b14a663d48a130f77?s=96&d=mm&r=g","url":"https:\/\/secure.gravatar.com\/avatar\/84a817ba065b29ff08d666b215a215f5c79186a645ccb25b14a663d48a130f77?s=96&d=mm&r=g","contentUrl":"https:\/\/secure.gravatar.com\/avatar\/84a817ba065b29ff08d666b215a215f5c79186a645ccb25b14a663d48a130f77?s=96&d=mm&r=g","caption":"alcalde"},"url":"https:\/\/www.caudete.org\/ayuntamiento\/author\/alcalde\/"}]}},"_links":{"self":[{"href":"https:\/\/www.caudete.org\/ayuntamiento\/wp-json\/wp\/v2\/posts\/28551","targetHints":{"allow":["GET"]}}],"collection":[{"href":"https:\/\/www.caudete.org\/ayuntamiento\/wp-json\/wp\/v2\/posts"}],"about":[{"href":"https:\/\/www.caudete.org\/ayuntamiento\/wp-json\/wp\/v2\/types\/post"}],"author":[{"embeddable":true,"href":"https:\/\/www.caudete.org\/ayuntamiento\/wp-json\/wp\/v2\/users\/3"}],"replies":[{"embeddable":true,"href":"https:\/\/www.caudete.org\/ayuntamiento\/wp-json\/wp\/v2\/comments?post=28551"}],"version-history":[{"count":1,"href":"https:\/\/www.caudete.org\/ayuntamiento\/wp-json\/wp\/v2\/posts\/28551\/revisions"}],"predecessor-version":[{"id":28555,"href":"https:\/\/www.caudete.org\/ayuntamiento\/wp-json\/wp\/v2\/posts\/28551\/revisions\/28555"}],"wp:featuredmedia":[{"embeddable":true,"href":"https:\/\/www.caudete.org\/ayuntamiento\/wp-json\/wp\/v2\/media\/28554"}],"wp:attachment":[{"href":"https:\/\/www.caudete.org\/ayuntamiento\/wp-json\/wp\/v2\/media?parent=28551"}],"wp:term":[{"taxonomy":"category","embeddable":true,"href":"https:\/\/www.caudete.org\/ayuntamiento\/wp-json\/wp\/v2\/categories?post=28551"},{"taxonomy":"post_tag","embeddable":true,"href":"https:\/\/www.caudete.org\/ayuntamiento\/wp-json\/wp\/v2\/tags?post=28551"}],"curies":[{"name":"wp","href":"https:\/\/api.w.org\/{rel}","templated":true}]}}