{"id":28558,"date":"2025-05-06T09:00:56","date_gmt":"2025-05-06T07:00:56","guid":{"rendered":"https:\/\/www.caudete.org\/ayuntamiento\/?p=28558"},"modified":"2025-05-06T09:35:32","modified_gmt":"2025-05-06T07:35:32","slug":"presentadas-las-bases-del-xviii-certamen-nacional-de-acuarela","status":"publish","type":"post","link":"https:\/\/www.caudete.org\/ayuntamiento\/presentadas-las-bases-del-xviii-certamen-nacional-de-acuarela\/","title":{"rendered":"Presentadas las bases del XVIII Certamen Nacional de Acuarela"},"content":{"rendered":"<p style=\"text-align: justify;\">La Sala de Prensa del Ayuntamiento de Caudete acog\u00eda en la ma\u00f1ana de ayer la presentaci\u00f3n de las bases del <strong>XVIII Certamen Nacional de Acuarela \u00abVilla de Caudete\u00bb 2025<\/strong>, que se celebrar\u00e1 en el pr\u00f3ximo mes de octubre.<\/p>\n<p style=\"text-align: justify;\">Durante la presentaci\u00f3n han estado presentes el alcalde, Mois\u00e9s L\u00f3pez, la concejal de Cultura, Manoli Gonz\u00e1lez, y representantes de M\u00e1rmoles Bolmax, Globalcaja y Camacho Recycling, patrocinadores de este evento art\u00edstico, junto a Kaudex. Tambi\u00e9n colabora en el mismo la Diputaci\u00f3n Provincial de Albacete.<\/p>\n<p style=\"text-align: justify;\">La concejal de Cultura ha dado a conocer las Bases del Certamen, cuya\u00a0<strong>preselecci\u00f3n<\/strong>\u00a0tendr\u00e1 lugar del 9 al 30 de junio.<\/p>\n<p style=\"text-align: justify;\">La\u00a0<strong>selecci\u00f3n<\/strong>\u00a0se realizar\u00e1 del 1 al 18 de julio, y en la misma se elegir\u00e1n 70 obras, que es la capacidad de la\u00a0<strong>Sala de Exposiciones \u00abJos\u00e9 P\u00e9rezgil\u00bb<\/strong>\u00a0de Caudete.<\/p>\n<p style=\"text-align: justify;\">Con las obras seleccionadas se organizar\u00e1 una\u00a0<strong>exposici\u00f3n<\/strong>\u00a0que permanecer\u00e1 abierta del 11 de octubre al 8 de noviembre de 2025.<\/p>\n<p style=\"text-align: justify;\">El alcalde ha destacado la importancia de este Certamen, y ha agradecido la colaboraci\u00f3n de las empresas patrocinadoras. \u00abCaudete es la ciudad de la acuarela\u00bb, ha afirmado, y ha recordado que \u00abeste evento naci\u00f3 gracias al maestro de la acuarela Rafael Requena\u00bb.<\/p>\n<h2 style=\"text-align: justify;\"><span style=\"text-decoration: underline;\">Premios<\/span><\/h2>\n<p style=\"text-align: justify;\">Primer Premio.-\u00a0<strong>3.000 euros<\/strong>\u00a0(aportados por la Concejal\u00eda de Cultura del Ayuntamiento de Caudete) y Diploma del Ayuntamiento de Caudete<\/p>\n<p style=\"text-align: justify;\">Segundo Premio.-\u00a0<strong>2.500 euros<\/strong>\u00a0(donados por Fundaci\u00f3n Caja Rural Albacete Globalcaja) y Diploma del Ayuntamiento de Caudete<\/p>\n<p style=\"text-align: justify;\">Tercer Premio.-\u00a0<strong>2.000 euros<\/strong>\u00a0(donados por M\u00e1rmoles Bolmax) y Diploma del Ayuntamiento de Caudete<\/p>\n<p style=\"text-align: justify;\">Cuarto Premio.-\u00a0<strong>1.000 euros<\/strong>\u00a0(donados por Camacho Recycling) y Diploma del Ayuntamiento de Caudete<\/p>\n<p style=\"text-align: justify;\">Quinto Premio.-\u00a0<strong>800 euros<\/strong>\u00a0(donados por Kaudex) y Diploma del Ayuntamiento de Caudete<\/p>\n<p><a href=\"https:\/\/www.caudete.org\/ayuntamiento\/wp-content\/uploads\/2025\/05\/BASES-XVIII-CERTAMEN-NACIONAL-DE-ACUARELA-2025-.pdf\" class=\"mtli_attachment mtli_pdf\">BASES XVIII CERTAMEN NACIONAL DE ACUARELA 2025<\/a><\/p>\n<p style=\"text-align: center;\"><a href=\"https:\/\/www.caudete.org\/ayuntamiento\/wp-content\/uploads\/2025\/05\/BASES-XVIII-CERTAMEN-NACIONAL-DE-ACUARELA-2025-.pdf\" class=\"mtli_attachment mtli_pdf\"><img fetchpriority=\"high\" decoding=\"async\" class=\"alignnone wp-image-28562 size-full\" src=\"https:\/\/www.caudete.org\/ayuntamiento\/wp-content\/uploads\/2025\/05\/Certamen-Acuarela-2025.jpg\" rel='prettyPhoto' alt=\"\" width=\"707\" height=\"1000\" srcset=\"https:\/\/www.caudete.org\/ayuntamiento\/wp-content\/uploads\/2025\/05\/Certamen-Acuarela-2025.jpg 707w, https:\/\/www.caudete.org\/ayuntamiento\/wp-content\/uploads\/2025\/05\/Certamen-Acuarela-2025-283x400.jpg 283w, https:\/\/www.caudete.org\/ayuntamiento\/wp-content\/uploads\/2025\/05\/Certamen-Acuarela-2025-566x800.jpg 566w\" sizes=\"(max-width: 707px) 100vw, 707px\" \/><\/a><\/p>\n","protected":false},"excerpt":{"rendered":"<p>La Sala de Prensa del Ayuntamiento de Caudete acog\u00eda en la ma\u00f1ana de ayer la presentaci\u00f3n de las bases del XVIII Certamen Nacional de Acuarela \u00abVilla de Caudete\u00bb 2025, que se celebrar\u00e1 en el pr\u00f3ximo mes de octubre. Durante la presentaci\u00f3n han estado presentes el alcalde, Mois\u00e9s L\u00f3pez, la concejal de Cultura, Manoli Gonz\u00e1lez, y &hellip;<\/p>\n","protected":false},"author":3,"featured_media":28560,"comment_status":"closed","ping_status":"open","sticky":false,"template":"","format":"standard","meta":{"ngg_post_thumbnail":0,"footnotes":""},"categories":[14],"tags":[],"class_list":["post-28558","post","type-post","status-publish","format-standard","has-post-thumbnail","hentry","category-cultura"],"yoast_head":"<!-- This site is optimized with the Yoast SEO plugin v27.5 - https:\/\/yoast.com\/product\/yoast-seo-wordpress\/ -->\n<title>Presentadas las bases del XVIII Certamen Nacional de Acuarela - MI Ayuntamiento de Caudete<\/title>\n<meta name=\"description\" content=\"P\u00e1gina Oficial del Ayuntamiento de Caudete (Albacete)\" \/>\n<meta name=\"robots\" content=\"index, follow, max-snippet:-1, max-image-preview:large, max-video-preview:-1\" \/>\n<link rel=\"canonical\" href=\"https:\/\/www.caudete.org\/ayuntamiento\/presentadas-las-bases-del-xviii-certamen-nacional-de-acuarela\/\" \/>\n<meta property=\"og:locale\" content=\"es_ES\" \/>\n<meta property=\"og:type\" content=\"article\" \/>\n<meta property=\"og:title\" content=\"Presentadas las bases del XVIII Certamen Nacional de Acuarela - MI Ayuntamiento de Caudete\" \/>\n<meta property=\"og:description\" content=\"P\u00e1gina Oficial del Ayuntamiento de Caudete (Albacete)\" \/>\n<meta property=\"og:url\" content=\"https:\/\/www.caudete.org\/ayuntamiento\/presentadas-las-bases-del-xviii-certamen-nacional-de-acuarela\/\" \/>\n<meta property=\"og:site_name\" content=\"MI Ayuntamiento de Caudete\" \/>\n<meta property=\"article:publisher\" content=\"https:\/\/www.facebook.com\/ayuntamientocaudete\/\" \/>\n<meta property=\"article:published_time\" content=\"2025-05-06T07:00:56+00:00\" \/>\n<meta property=\"article:modified_time\" content=\"2025-05-06T07:35:32+00:00\" \/>\n<meta property=\"og:image\" content=\"https:\/\/www.caudete.org\/ayuntamiento\/wp-content\/uploads\/2025\/05\/xviii-certamen-nacional-acuarela-presentacion-caudete-digital.jpg\" \/>\n\t<meta property=\"og:image:width\" content=\"1200\" \/>\n\t<meta property=\"og:image:height\" content=\"674\" \/>\n\t<meta property=\"og:image:type\" content=\"image\/jpeg\" \/>\n<meta name=\"author\" content=\"alcalde\" \/>\n<meta name=\"twitter:card\" content=\"summary_large_image\" \/>\n<meta name=\"twitter:label1\" content=\"Escrito por\" \/>\n\t<meta name=\"twitter:data1\" content=\"alcalde\" \/>\n\t<meta name=\"twitter:label2\" content=\"Tiempo de lectura\" \/>\n\t<meta name=\"twitter:data2\" content=\"2 minutos\" \/>\n<script type=\"application\/ld+json\" class=\"yoast-schema-graph\">{\"@context\":\"https:\\\/\\\/schema.org\",\"@graph\":[{\"@type\":\"Article\",\"@id\":\"https:\\\/\\\/www.caudete.org\\\/ayuntamiento\\\/presentadas-las-bases-del-xviii-certamen-nacional-de-acuarela\\\/#article\",\"isPartOf\":{\"@id\":\"https:\\\/\\\/www.caudete.org\\\/ayuntamiento\\\/presentadas-las-bases-del-xviii-certamen-nacional-de-acuarela\\\/\"},\"author\":{\"name\":\"alcalde\",\"@id\":\"https:\\\/\\\/www.caudete.org\\\/ayuntamiento\\\/#\\\/schema\\\/person\\\/cc646da9133078ee4d8dd47457947253\"},\"headline\":\"Presentadas las bases del XVIII Certamen Nacional de Acuarela\",\"datePublished\":\"2025-05-06T07:00:56+00:00\",\"dateModified\":\"2025-05-06T07:35:32+00:00\",\"mainEntityOfPage\":{\"@id\":\"https:\\\/\\\/www.caudete.org\\\/ayuntamiento\\\/presentadas-las-bases-del-xviii-certamen-nacional-de-acuarela\\\/\"},\"wordCount\":303,\"publisher\":{\"@id\":\"https:\\\/\\\/www.caudete.org\\\/ayuntamiento\\\/#organization\"},\"image\":{\"@id\":\"https:\\\/\\\/www.caudete.org\\\/ayuntamiento\\\/presentadas-las-bases-del-xviii-certamen-nacional-de-acuarela\\\/#primaryimage\"},\"thumbnailUrl\":\"https:\\\/\\\/www.caudete.org\\\/ayuntamiento\\\/wp-content\\\/uploads\\\/2025\\\/05\\\/xviii-certamen-nacional-acuarela-presentacion-caudete-digital.jpg\",\"articleSection\":[\"Cultura\"],\"inLanguage\":\"es\"},{\"@type\":\"WebPage\",\"@id\":\"https:\\\/\\\/www.caudete.org\\\/ayuntamiento\\\/presentadas-las-bases-del-xviii-certamen-nacional-de-acuarela\\\/\",\"url\":\"https:\\\/\\\/www.caudete.org\\\/ayuntamiento\\\/presentadas-las-bases-del-xviii-certamen-nacional-de-acuarela\\\/\",\"name\":\"Presentadas las bases del XVIII Certamen Nacional de Acuarela - MI Ayuntamiento de Caudete\",\"isPartOf\":{\"@id\":\"https:\\\/\\\/www.caudete.org\\\/ayuntamiento\\\/#website\"},\"primaryImageOfPage\":{\"@id\":\"https:\\\/\\\/www.caudete.org\\\/ayuntamiento\\\/presentadas-las-bases-del-xviii-certamen-nacional-de-acuarela\\\/#primaryimage\"},\"image\":{\"@id\":\"https:\\\/\\\/www.caudete.org\\\/ayuntamiento\\\/presentadas-las-bases-del-xviii-certamen-nacional-de-acuarela\\\/#primaryimage\"},\"thumbnailUrl\":\"https:\\\/\\\/www.caudete.org\\\/ayuntamiento\\\/wp-content\\\/uploads\\\/2025\\\/05\\\/xviii-certamen-nacional-acuarela-presentacion-caudete-digital.jpg\",\"datePublished\":\"2025-05-06T07:00:56+00:00\",\"dateModified\":\"2025-05-06T07:35:32+00:00\",\"description\":\"P\u00e1gina Oficial del Ayuntamiento de Caudete (Albacete)\",\"breadcrumb\":{\"@id\":\"https:\\\/\\\/www.caudete.org\\\/ayuntamiento\\\/presentadas-las-bases-del-xviii-certamen-nacional-de-acuarela\\\/#breadcrumb\"},\"inLanguage\":\"es\",\"potentialAction\":[{\"@type\":\"ReadAction\",\"target\":[\"https:\\\/\\\/www.caudete.org\\\/ayuntamiento\\\/presentadas-las-bases-del-xviii-certamen-nacional-de-acuarela\\\/\"]}]},{\"@type\":\"ImageObject\",\"inLanguage\":\"es\",\"@id\":\"https:\\\/\\\/www.caudete.org\\\/ayuntamiento\\\/presentadas-las-bases-del-xviii-certamen-nacional-de-acuarela\\\/#primaryimage\",\"url\":\"https:\\\/\\\/www.caudete.org\\\/ayuntamiento\\\/wp-content\\\/uploads\\\/2025\\\/05\\\/xviii-certamen-nacional-acuarela-presentacion-caudete-digital.jpg\",\"contentUrl\":\"https:\\\/\\\/www.caudete.org\\\/ayuntamiento\\\/wp-content\\\/uploads\\\/2025\\\/05\\\/xviii-certamen-nacional-acuarela-presentacion-caudete-digital.jpg\",\"width\":1200,\"height\":674},{\"@type\":\"BreadcrumbList\",\"@id\":\"https:\\\/\\\/www.caudete.org\\\/ayuntamiento\\\/presentadas-las-bases-del-xviii-certamen-nacional-de-acuarela\\\/#breadcrumb\",\"itemListElement\":[{\"@type\":\"ListItem\",\"position\":1,\"name\":\"Inicio\",\"item\":\"https:\\\/\\\/www.caudete.org\\\/ayuntamiento\\\/\"},{\"@type\":\"ListItem\",\"position\":2,\"name\":\"Presentadas las bases del XVIII Certamen Nacional de Acuarela\"}]},{\"@type\":\"WebSite\",\"@id\":\"https:\\\/\\\/www.caudete.org\\\/ayuntamiento\\\/#website\",\"url\":\"https:\\\/\\\/www.caudete.org\\\/ayuntamiento\\\/\",\"name\":\"MI Ayuntamiento de Caudete\",\"description\":\"P\u00e1gina Oficial del MI Ayuntamiento de Caudete\",\"publisher\":{\"@id\":\"https:\\\/\\\/www.caudete.org\\\/ayuntamiento\\\/#organization\"},\"potentialAction\":[{\"@type\":\"SearchAction\",\"target\":{\"@type\":\"EntryPoint\",\"urlTemplate\":\"https:\\\/\\\/www.caudete.org\\\/ayuntamiento\\\/?s={search_term_string}\"},\"query-input\":{\"@type\":\"PropertyValueSpecification\",\"valueRequired\":true,\"valueName\":\"search_term_string\"}}],\"inLanguage\":\"es\"},{\"@type\":\"Organization\",\"@id\":\"https:\\\/\\\/www.caudete.org\\\/ayuntamiento\\\/#organization\",\"name\":\"Ayuntamiento de Caudete\",\"url\":\"https:\\\/\\\/www.caudete.org\\\/ayuntamiento\\\/\",\"logo\":{\"@type\":\"ImageObject\",\"inLanguage\":\"es\",\"@id\":\"https:\\\/\\\/www.caudete.org\\\/ayuntamiento\\\/#\\\/schema\\\/logo\\\/image\\\/\",\"url\":\"https:\\\/\\\/www.caudete.org\\\/ayuntamiento\\\/wp-content\\\/uploads\\\/2020\\\/11\\\/logo_ayuntamiento_caudete.jpg\",\"contentUrl\":\"https:\\\/\\\/www.caudete.org\\\/ayuntamiento\\\/wp-content\\\/uploads\\\/2020\\\/11\\\/logo_ayuntamiento_caudete.jpg\",\"width\":600,\"height\":150,\"caption\":\"Ayuntamiento de Caudete\"},\"image\":{\"@id\":\"https:\\\/\\\/www.caudete.org\\\/ayuntamiento\\\/#\\\/schema\\\/logo\\\/image\\\/\"},\"sameAs\":[\"https:\\\/\\\/www.facebook.com\\\/ayuntamientocaudete\\\/\",\"https:\\\/\\\/www.youtube.com\\\/channel\\\/UC6VztHaooNsGpw-tNoBEFnQ\"]},{\"@type\":\"Person\",\"@id\":\"https:\\\/\\\/www.caudete.org\\\/ayuntamiento\\\/#\\\/schema\\\/person\\\/cc646da9133078ee4d8dd47457947253\",\"name\":\"alcalde\",\"image\":{\"@type\":\"ImageObject\",\"inLanguage\":\"es\",\"@id\":\"https:\\\/\\\/secure.gravatar.com\\\/avatar\\\/84a817ba065b29ff08d666b215a215f5c79186a645ccb25b14a663d48a130f77?s=96&d=mm&r=g\",\"url\":\"https:\\\/\\\/secure.gravatar.com\\\/avatar\\\/84a817ba065b29ff08d666b215a215f5c79186a645ccb25b14a663d48a130f77?s=96&d=mm&r=g\",\"contentUrl\":\"https:\\\/\\\/secure.gravatar.com\\\/avatar\\\/84a817ba065b29ff08d666b215a215f5c79186a645ccb25b14a663d48a130f77?s=96&d=mm&r=g\",\"caption\":\"alcalde\"},\"url\":\"https:\\\/\\\/www.caudete.org\\\/ayuntamiento\\\/author\\\/alcalde\\\/\"}]}<\/script>\n<!-- \/ Yoast SEO plugin. -->","yoast_head_json":{"title":"Presentadas las bases del XVIII Certamen Nacional de Acuarela - MI Ayuntamiento de Caudete","description":"P\u00e1gina Oficial del Ayuntamiento de Caudete (Albacete)","robots":{"index":"index","follow":"follow","max-snippet":"max-snippet:-1","max-image-preview":"max-image-preview:large","max-video-preview":"max-video-preview:-1"},"canonical":"https:\/\/www.caudete.org\/ayuntamiento\/presentadas-las-bases-del-xviii-certamen-nacional-de-acuarela\/","og_locale":"es_ES","og_type":"article","og_title":"Presentadas las bases del XVIII Certamen Nacional de Acuarela - MI Ayuntamiento de Caudete","og_description":"P\u00e1gina Oficial del Ayuntamiento de Caudete (Albacete)","og_url":"https:\/\/www.caudete.org\/ayuntamiento\/presentadas-las-bases-del-xviii-certamen-nacional-de-acuarela\/","og_site_name":"MI Ayuntamiento de Caudete","article_publisher":"https:\/\/www.facebook.com\/ayuntamientocaudete\/","article_published_time":"2025-05-06T07:00:56+00:00","article_modified_time":"2025-05-06T07:35:32+00:00","og_image":[{"width":1200,"height":674,"url":"https:\/\/www.caudete.org\/ayuntamiento\/wp-content\/uploads\/2025\/05\/xviii-certamen-nacional-acuarela-presentacion-caudete-digital.jpg","type":"image\/jpeg"}],"author":"alcalde","twitter_card":"summary_large_image","twitter_misc":{"Escrito por":"alcalde","Tiempo de lectura":"2 minutos"},"schema":{"@context":"https:\/\/schema.org","@graph":[{"@type":"Article","@id":"https:\/\/www.caudete.org\/ayuntamiento\/presentadas-las-bases-del-xviii-certamen-nacional-de-acuarela\/#article","isPartOf":{"@id":"https:\/\/www.caudete.org\/ayuntamiento\/presentadas-las-bases-del-xviii-certamen-nacional-de-acuarela\/"},"author":{"name":"alcalde","@id":"https:\/\/www.caudete.org\/ayuntamiento\/#\/schema\/person\/cc646da9133078ee4d8dd47457947253"},"headline":"Presentadas las bases del XVIII Certamen Nacional de Acuarela","datePublished":"2025-05-06T07:00:56+00:00","dateModified":"2025-05-06T07:35:32+00:00","mainEntityOfPage":{"@id":"https:\/\/www.caudete.org\/ayuntamiento\/presentadas-las-bases-del-xviii-certamen-nacional-de-acuarela\/"},"wordCount":303,"publisher":{"@id":"https:\/\/www.caudete.org\/ayuntamiento\/#organization"},"image":{"@id":"https:\/\/www.caudete.org\/ayuntamiento\/presentadas-las-bases-del-xviii-certamen-nacional-de-acuarela\/#primaryimage"},"thumbnailUrl":"https:\/\/www.caudete.org\/ayuntamiento\/wp-content\/uploads\/2025\/05\/xviii-certamen-nacional-acuarela-presentacion-caudete-digital.jpg","articleSection":["Cultura"],"inLanguage":"es"},{"@type":"WebPage","@id":"https:\/\/www.caudete.org\/ayuntamiento\/presentadas-las-bases-del-xviii-certamen-nacional-de-acuarela\/","url":"https:\/\/www.caudete.org\/ayuntamiento\/presentadas-las-bases-del-xviii-certamen-nacional-de-acuarela\/","name":"Presentadas las bases del XVIII Certamen Nacional de Acuarela - MI Ayuntamiento de Caudete","isPartOf":{"@id":"https:\/\/www.caudete.org\/ayuntamiento\/#website"},"primaryImageOfPage":{"@id":"https:\/\/www.caudete.org\/ayuntamiento\/presentadas-las-bases-del-xviii-certamen-nacional-de-acuarela\/#primaryimage"},"image":{"@id":"https:\/\/www.caudete.org\/ayuntamiento\/presentadas-las-bases-del-xviii-certamen-nacional-de-acuarela\/#primaryimage"},"thumbnailUrl":"https:\/\/www.caudete.org\/ayuntamiento\/wp-content\/uploads\/2025\/05\/xviii-certamen-nacional-acuarela-presentacion-caudete-digital.jpg","datePublished":"2025-05-06T07:00:56+00:00","dateModified":"2025-05-06T07:35:32+00:00","description":"P\u00e1gina Oficial del Ayuntamiento de Caudete (Albacete)","breadcrumb":{"@id":"https:\/\/www.caudete.org\/ayuntamiento\/presentadas-las-bases-del-xviii-certamen-nacional-de-acuarela\/#breadcrumb"},"inLanguage":"es","potentialAction":[{"@type":"ReadAction","target":["https:\/\/www.caudete.org\/ayuntamiento\/presentadas-las-bases-del-xviii-certamen-nacional-de-acuarela\/"]}]},{"@type":"ImageObject","inLanguage":"es","@id":"https:\/\/www.caudete.org\/ayuntamiento\/presentadas-las-bases-del-xviii-certamen-nacional-de-acuarela\/#primaryimage","url":"https:\/\/www.caudete.org\/ayuntamiento\/wp-content\/uploads\/2025\/05\/xviii-certamen-nacional-acuarela-presentacion-caudete-digital.jpg","contentUrl":"https:\/\/www.caudete.org\/ayuntamiento\/wp-content\/uploads\/2025\/05\/xviii-certamen-nacional-acuarela-presentacion-caudete-digital.jpg","width":1200,"height":674},{"@type":"BreadcrumbList","@id":"https:\/\/www.caudete.org\/ayuntamiento\/presentadas-las-bases-del-xviii-certamen-nacional-de-acuarela\/#breadcrumb","itemListElement":[{"@type":"ListItem","position":1,"name":"Inicio","item":"https:\/\/www.caudete.org\/ayuntamiento\/"},{"@type":"ListItem","position":2,"name":"Presentadas las bases del XVIII Certamen Nacional de Acuarela"}]},{"@type":"WebSite","@id":"https:\/\/www.caudete.org\/ayuntamiento\/#website","url":"https:\/\/www.caudete.org\/ayuntamiento\/","name":"MI Ayuntamiento de Caudete","description":"P\u00e1gina Oficial del MI Ayuntamiento de Caudete","publisher":{"@id":"https:\/\/www.caudete.org\/ayuntamiento\/#organization"},"potentialAction":[{"@type":"SearchAction","target":{"@type":"EntryPoint","urlTemplate":"https:\/\/www.caudete.org\/ayuntamiento\/?s={search_term_string}"},"query-input":{"@type":"PropertyValueSpecification","valueRequired":true,"valueName":"search_term_string"}}],"inLanguage":"es"},{"@type":"Organization","@id":"https:\/\/www.caudete.org\/ayuntamiento\/#organization","name":"Ayuntamiento de Caudete","url":"https:\/\/www.caudete.org\/ayuntamiento\/","logo":{"@type":"ImageObject","inLanguage":"es","@id":"https:\/\/www.caudete.org\/ayuntamiento\/#\/schema\/logo\/image\/","url":"https:\/\/www.caudete.org\/ayuntamiento\/wp-content\/uploads\/2020\/11\/logo_ayuntamiento_caudete.jpg","contentUrl":"https:\/\/www.caudete.org\/ayuntamiento\/wp-content\/uploads\/2020\/11\/logo_ayuntamiento_caudete.jpg","width":600,"height":150,"caption":"Ayuntamiento de Caudete"},"image":{"@id":"https:\/\/www.caudete.org\/ayuntamiento\/#\/schema\/logo\/image\/"},"sameAs":["https:\/\/www.facebook.com\/ayuntamientocaudete\/","https:\/\/www.youtube.com\/channel\/UC6VztHaooNsGpw-tNoBEFnQ"]},{"@type":"Person","@id":"https:\/\/www.caudete.org\/ayuntamiento\/#\/schema\/person\/cc646da9133078ee4d8dd47457947253","name":"alcalde","image":{"@type":"ImageObject","inLanguage":"es","@id":"https:\/\/secure.gravatar.com\/avatar\/84a817ba065b29ff08d666b215a215f5c79186a645ccb25b14a663d48a130f77?s=96&d=mm&r=g","url":"https:\/\/secure.gravatar.com\/avatar\/84a817ba065b29ff08d666b215a215f5c79186a645ccb25b14a663d48a130f77?s=96&d=mm&r=g","contentUrl":"https:\/\/secure.gravatar.com\/avatar\/84a817ba065b29ff08d666b215a215f5c79186a645ccb25b14a663d48a130f77?s=96&d=mm&r=g","caption":"alcalde"},"url":"https:\/\/www.caudete.org\/ayuntamiento\/author\/alcalde\/"}]}},"_links":{"self":[{"href":"https:\/\/www.caudete.org\/ayuntamiento\/wp-json\/wp\/v2\/posts\/28558","targetHints":{"allow":["GET"]}}],"collection":[{"href":"https:\/\/www.caudete.org\/ayuntamiento\/wp-json\/wp\/v2\/posts"}],"about":[{"href":"https:\/\/www.caudete.org\/ayuntamiento\/wp-json\/wp\/v2\/types\/post"}],"author":[{"embeddable":true,"href":"https:\/\/www.caudete.org\/ayuntamiento\/wp-json\/wp\/v2\/users\/3"}],"replies":[{"embeddable":true,"href":"https:\/\/www.caudete.org\/ayuntamiento\/wp-json\/wp\/v2\/comments?post=28558"}],"version-history":[{"count":5,"href":"https:\/\/www.caudete.org\/ayuntamiento\/wp-json\/wp\/v2\/posts\/28558\/revisions"}],"predecessor-version":[{"id":28567,"href":"https:\/\/www.caudete.org\/ayuntamiento\/wp-json\/wp\/v2\/posts\/28558\/revisions\/28567"}],"wp:featuredmedia":[{"embeddable":true,"href":"https:\/\/www.caudete.org\/ayuntamiento\/wp-json\/wp\/v2\/media\/28560"}],"wp:attachment":[{"href":"https:\/\/www.caudete.org\/ayuntamiento\/wp-json\/wp\/v2\/media?parent=28558"}],"wp:term":[{"taxonomy":"category","embeddable":true,"href":"https:\/\/www.caudete.org\/ayuntamiento\/wp-json\/wp\/v2\/categories?post=28558"},{"taxonomy":"post_tag","embeddable":true,"href":"https:\/\/www.caudete.org\/ayuntamiento\/wp-json\/wp\/v2\/tags?post=28558"}],"curies":[{"name":"wp","href":"https:\/\/api.w.org\/{rel}","templated":true}]}}