{"id":28576,"date":"2025-05-09T09:00:51","date_gmt":"2025-05-09T07:00:51","guid":{"rendered":"https:\/\/www.caudete.org\/ayuntamiento\/?p=28576"},"modified":"2025-05-16T08:01:13","modified_gmt":"2025-05-16T06:01:13","slug":"encuentro-literario-con-la-periodista-y-escritora-ana-requena-aguilar-el-proximo-15-de-mayo","status":"publish","type":"post","link":"https:\/\/www.caudete.org\/ayuntamiento\/encuentro-literario-con-la-periodista-y-escritora-ana-requena-aguilar-el-proximo-15-de-mayo\/","title":{"rendered":"Encuentro literario con la periodista y escritora Ana Requena Aguilar el pr\u00f3ximo 15 de Mayo"},"content":{"rendered":"<p style=\"text-align: justify;\">La Concejal de Cultura Manuela Gonz\u00e1lez informa de que el pr\u00f3ximo 15 de mayo, a las 19:00 horas, el Museo de la Acuarela Rafael Requena ser\u00e1 escenario de un encuentro literario muy especial con Ana Requena Aguilar, periodista y escritora feminista, autora de obras como Feminismo vibrante e Intensas.<\/p>\n<p style=\"text-align: justify;\">Organizado por la Biblioteca P\u00fablica Municipal Ana Mar\u00eda Matute, con el impulso de la Concejal\u00eda de Cultura del Ayuntamiento de Caudete, el acto ser\u00e1 de entrada libre y contar\u00e1 con la presencia de una autora muy ligada a nuestro municipio: Ana Requena Aguilar tiene ra\u00edces caudetanas, y el lugar escogido para la presentaci\u00f3n, el Museo de la Acuarela Rafael Requena, guarda una estrecha relaci\u00f3n con su historia familiar, lo que aporta un valor emocional a\u00f1adido al evento.<\/p>\n<p style=\"text-align: justify;\">En su \u00faltimo libro, Intensas, Requena reivindica el valor de las emociones tradicionalmente feminizadas y combate los estigmas sociales que tildan de \u201cexcesivas\u201d a las personas que sienten y expresan con intensidad. A trav\u00e9s de an\u00e1lisis, testimonios y vivencias, propone una mirada emp\u00e1tica y transformadora sobre la salud mental, la emocionalidad y el feminismo contempor\u00e1neo.<\/p>\n<p style=\"text-align: justify;\">Sobre Ana Requena Aguilar (Madrid, 1984) es periodista especializada en igualdad y feminismo. Licenciada en Periodismo por la Universidad Complutense de Madrid, realiz\u00f3 su tesina sobre periodismo con perspectiva de g\u00e9nero. Inici\u00f3 su carrera en medios como Radio Nacional de Espa\u00f1a en Albacete, AmecoPress y el diario P\u00fablico, donde se centr\u00f3 en temas econ\u00f3micos y sociales.<\/p>\n<p style=\"text-align: justify;\">En 2012, fue cofundadora de eldiario.es, donde actualmente ejerce como redactora jefa de G\u00e9nero. En 2014, cre\u00f3 el blog &#8220;Micromachismos&#8221;, una iniciativa pionera para visibilizar y denunciar el machismo cotidiano, que le vali\u00f3 reconocimientos como el Premio de Comunicaci\u00f3n no Sexista 2015 de la Asociaci\u00f3n de Mujeres Periodistas de Catalu\u00f1a. En 2018, fue una de las impulsoras del movimiento &#8220;Las periodistas paramos&#8221;, en el marco del Paro Internacional de Mujeres del 8 de marzo.<\/p>\n<p style=\"text-align: justify;\">Es autora de los libros: C\u00f3mo identificar los micromachismos (2018), Feminismo vibrante. Si no hay placer no es nuestra revoluci\u00f3n (2020), e Intensas (2023).<\/p>\n<p style=\"text-align: justify;\">Su trabajo ha sido reconocido con diversos premios, entre ellos el Premio Pilar Blanco a la Comunicaci\u00f3n Sociolaboral 2019 y el Premio Mujeres a Seguir en la categor\u00eda de Comunicaci\u00f3n en 2020.<\/p>\n<p style=\"text-align: justify;\">La actividad forma parte del compromiso de la Concejal\u00eda de Cultura y de la Biblioteca P\u00fablica con la promoci\u00f3n de la igualdad, el pensamiento cr\u00edtico y el acceso a referentes literarios actuales, en un formato accesible y participativo. Las personas asistentes tendr\u00e1n la oportunidad de conversar con la autora, plantear preguntas y compartir reflexiones en un ambiente cercano.<\/p>\n<p style=\"text-align: justify;\">\n<a href=\"https:\/\/www.caudete.org\/ayuntamiento\/wp-content\/uploads\/2025\/05\/ana-requena-1.jpg\" rel='prettyPhoto'><img fetchpriority=\"high\" decoding=\"async\" class=\"wp-image-28577 size-full aligncenter\" src=\"https:\/\/www.caudete.org\/ayuntamiento\/wp-content\/uploads\/2025\/05\/ana-requena-1.jpg\" alt=\"\" width=\"707\" height=\"1000\" srcset=\"https:\/\/www.caudete.org\/ayuntamiento\/wp-content\/uploads\/2025\/05\/ana-requena-1.jpg 707w, https:\/\/www.caudete.org\/ayuntamiento\/wp-content\/uploads\/2025\/05\/ana-requena-1-283x400.jpg 283w, https:\/\/www.caudete.org\/ayuntamiento\/wp-content\/uploads\/2025\/05\/ana-requena-1-566x800.jpg 566w\" sizes=\"(max-width: 707px) 100vw, 707px\" \/><\/a><\/p>\n","protected":false},"excerpt":{"rendered":"<p>La Concejal de Cultura Manuela Gonz\u00e1lez informa de que el pr\u00f3ximo 15 de mayo, a las 19:00 horas, el Museo de la Acuarela Rafael Requena ser\u00e1 escenario de un encuentro literario muy especial con Ana Requena Aguilar, periodista y escritora feminista, autora de obras como Feminismo vibrante e Intensas. Organizado por la Biblioteca P\u00fablica Municipal &hellip;<\/p>\n","protected":false},"author":5,"featured_media":28582,"comment_status":"closed","ping_status":"open","sticky":false,"template":"","format":"standard","meta":{"ngg_post_thumbnail":0,"footnotes":""},"categories":[14],"tags":[],"class_list":["post-28576","post","type-post","status-publish","format-standard","has-post-thumbnail","hentry","category-cultura"],"yoast_head":"<!-- This site is optimized with the Yoast SEO plugin v27.5 - https:\/\/yoast.com\/product\/yoast-seo-wordpress\/ -->\n<title>Encuentro literario con la periodista y escritora Ana Requena Aguilar el pr\u00f3ximo 15 de Mayo - MI Ayuntamiento de Caudete<\/title>\n<meta name=\"description\" content=\"P\u00e1gina Oficial del Ayuntamiento de Caudete (Albacete)\" \/>\n<meta name=\"robots\" content=\"index, follow, max-snippet:-1, max-image-preview:large, max-video-preview:-1\" \/>\n<link rel=\"canonical\" href=\"https:\/\/www.caudete.org\/ayuntamiento\/encuentro-literario-con-la-periodista-y-escritora-ana-requena-aguilar-el-proximo-15-de-mayo\/\" \/>\n<meta property=\"og:locale\" content=\"es_ES\" \/>\n<meta property=\"og:type\" content=\"article\" \/>\n<meta property=\"og:title\" content=\"Encuentro literario con la periodista y escritora Ana Requena Aguilar el pr\u00f3ximo 15 de Mayo - MI Ayuntamiento de Caudete\" \/>\n<meta property=\"og:description\" content=\"P\u00e1gina Oficial del Ayuntamiento de Caudete (Albacete)\" \/>\n<meta property=\"og:url\" content=\"https:\/\/www.caudete.org\/ayuntamiento\/encuentro-literario-con-la-periodista-y-escritora-ana-requena-aguilar-el-proximo-15-de-mayo\/\" \/>\n<meta property=\"og:site_name\" content=\"MI Ayuntamiento de Caudete\" \/>\n<meta property=\"article:publisher\" content=\"https:\/\/www.facebook.com\/ayuntamientocaudete\/\" \/>\n<meta property=\"article:published_time\" content=\"2025-05-09T07:00:51+00:00\" \/>\n<meta property=\"article:modified_time\" content=\"2025-05-16T06:01:13+00:00\" \/>\n<meta property=\"og:image\" content=\"https:\/\/www.caudete.org\/ayuntamiento\/wp-content\/uploads\/2025\/05\/ana-requena-port-2.jpg\" \/>\n\t<meta property=\"og:image:width\" content=\"1000\" \/>\n\t<meta property=\"og:image:height\" content=\"342\" \/>\n\t<meta property=\"og:image:type\" content=\"image\/jpeg\" \/>\n<meta name=\"author\" content=\"Dpto Informatica MI Ayuntamiento de Caudete\" \/>\n<meta name=\"twitter:card\" content=\"summary_large_image\" \/>\n<meta name=\"twitter:label1\" content=\"Escrito por\" \/>\n\t<meta name=\"twitter:data1\" content=\"Dpto Informatica MI Ayuntamiento de Caudete\" \/>\n\t<meta name=\"twitter:label2\" content=\"Tiempo de lectura\" \/>\n\t<meta name=\"twitter:data2\" content=\"3 minutos\" \/>\n<script type=\"application\/ld+json\" class=\"yoast-schema-graph\">{\"@context\":\"https:\\\/\\\/schema.org\",\"@graph\":[{\"@type\":\"Article\",\"@id\":\"https:\\\/\\\/www.caudete.org\\\/ayuntamiento\\\/encuentro-literario-con-la-periodista-y-escritora-ana-requena-aguilar-el-proximo-15-de-mayo\\\/#article\",\"isPartOf\":{\"@id\":\"https:\\\/\\\/www.caudete.org\\\/ayuntamiento\\\/encuentro-literario-con-la-periodista-y-escritora-ana-requena-aguilar-el-proximo-15-de-mayo\\\/\"},\"author\":{\"name\":\"Dpto Informatica MI Ayuntamiento de Caudete\",\"@id\":\"https:\\\/\\\/www.caudete.org\\\/ayuntamiento\\\/#\\\/schema\\\/person\\\/4b9eab41761957db9b1bf9c418d1ef46\"},\"headline\":\"Encuentro literario con la periodista y escritora Ana Requena Aguilar el pr\u00f3ximo 15 de Mayo\",\"datePublished\":\"2025-05-09T07:00:51+00:00\",\"dateModified\":\"2025-05-16T06:01:13+00:00\",\"mainEntityOfPage\":{\"@id\":\"https:\\\/\\\/www.caudete.org\\\/ayuntamiento\\\/encuentro-literario-con-la-periodista-y-escritora-ana-requena-aguilar-el-proximo-15-de-mayo\\\/\"},\"wordCount\":459,\"publisher\":{\"@id\":\"https:\\\/\\\/www.caudete.org\\\/ayuntamiento\\\/#organization\"},\"image\":{\"@id\":\"https:\\\/\\\/www.caudete.org\\\/ayuntamiento\\\/encuentro-literario-con-la-periodista-y-escritora-ana-requena-aguilar-el-proximo-15-de-mayo\\\/#primaryimage\"},\"thumbnailUrl\":\"https:\\\/\\\/www.caudete.org\\\/ayuntamiento\\\/wp-content\\\/uploads\\\/2025\\\/05\\\/ana-requena-port-2.jpg\",\"articleSection\":[\"Cultura\"],\"inLanguage\":\"es\"},{\"@type\":\"WebPage\",\"@id\":\"https:\\\/\\\/www.caudete.org\\\/ayuntamiento\\\/encuentro-literario-con-la-periodista-y-escritora-ana-requena-aguilar-el-proximo-15-de-mayo\\\/\",\"url\":\"https:\\\/\\\/www.caudete.org\\\/ayuntamiento\\\/encuentro-literario-con-la-periodista-y-escritora-ana-requena-aguilar-el-proximo-15-de-mayo\\\/\",\"name\":\"Encuentro literario con la periodista y escritora Ana Requena Aguilar el pr\u00f3ximo 15 de Mayo - MI Ayuntamiento de Caudete\",\"isPartOf\":{\"@id\":\"https:\\\/\\\/www.caudete.org\\\/ayuntamiento\\\/#website\"},\"primaryImageOfPage\":{\"@id\":\"https:\\\/\\\/www.caudete.org\\\/ayuntamiento\\\/encuentro-literario-con-la-periodista-y-escritora-ana-requena-aguilar-el-proximo-15-de-mayo\\\/#primaryimage\"},\"image\":{\"@id\":\"https:\\\/\\\/www.caudete.org\\\/ayuntamiento\\\/encuentro-literario-con-la-periodista-y-escritora-ana-requena-aguilar-el-proximo-15-de-mayo\\\/#primaryimage\"},\"thumbnailUrl\":\"https:\\\/\\\/www.caudete.org\\\/ayuntamiento\\\/wp-content\\\/uploads\\\/2025\\\/05\\\/ana-requena-port-2.jpg\",\"datePublished\":\"2025-05-09T07:00:51+00:00\",\"dateModified\":\"2025-05-16T06:01:13+00:00\",\"description\":\"P\u00e1gina Oficial del Ayuntamiento de Caudete (Albacete)\",\"breadcrumb\":{\"@id\":\"https:\\\/\\\/www.caudete.org\\\/ayuntamiento\\\/encuentro-literario-con-la-periodista-y-escritora-ana-requena-aguilar-el-proximo-15-de-mayo\\\/#breadcrumb\"},\"inLanguage\":\"es\",\"potentialAction\":[{\"@type\":\"ReadAction\",\"target\":[\"https:\\\/\\\/www.caudete.org\\\/ayuntamiento\\\/encuentro-literario-con-la-periodista-y-escritora-ana-requena-aguilar-el-proximo-15-de-mayo\\\/\"]}]},{\"@type\":\"ImageObject\",\"inLanguage\":\"es\",\"@id\":\"https:\\\/\\\/www.caudete.org\\\/ayuntamiento\\\/encuentro-literario-con-la-periodista-y-escritora-ana-requena-aguilar-el-proximo-15-de-mayo\\\/#primaryimage\",\"url\":\"https:\\\/\\\/www.caudete.org\\\/ayuntamiento\\\/wp-content\\\/uploads\\\/2025\\\/05\\\/ana-requena-port-2.jpg\",\"contentUrl\":\"https:\\\/\\\/www.caudete.org\\\/ayuntamiento\\\/wp-content\\\/uploads\\\/2025\\\/05\\\/ana-requena-port-2.jpg\",\"width\":1000,\"height\":342},{\"@type\":\"BreadcrumbList\",\"@id\":\"https:\\\/\\\/www.caudete.org\\\/ayuntamiento\\\/encuentro-literario-con-la-periodista-y-escritora-ana-requena-aguilar-el-proximo-15-de-mayo\\\/#breadcrumb\",\"itemListElement\":[{\"@type\":\"ListItem\",\"position\":1,\"name\":\"Inicio\",\"item\":\"https:\\\/\\\/www.caudete.org\\\/ayuntamiento\\\/\"},{\"@type\":\"ListItem\",\"position\":2,\"name\":\"Encuentro literario con la periodista y escritora Ana Requena Aguilar el pr\u00f3ximo 15 de Mayo\"}]},{\"@type\":\"WebSite\",\"@id\":\"https:\\\/\\\/www.caudete.org\\\/ayuntamiento\\\/#website\",\"url\":\"https:\\\/\\\/www.caudete.org\\\/ayuntamiento\\\/\",\"name\":\"MI Ayuntamiento de Caudete\",\"description\":\"P\u00e1gina Oficial del MI Ayuntamiento de Caudete\",\"publisher\":{\"@id\":\"https:\\\/\\\/www.caudete.org\\\/ayuntamiento\\\/#organization\"},\"potentialAction\":[{\"@type\":\"SearchAction\",\"target\":{\"@type\":\"EntryPoint\",\"urlTemplate\":\"https:\\\/\\\/www.caudete.org\\\/ayuntamiento\\\/?s={search_term_string}\"},\"query-input\":{\"@type\":\"PropertyValueSpecification\",\"valueRequired\":true,\"valueName\":\"search_term_string\"}}],\"inLanguage\":\"es\"},{\"@type\":\"Organization\",\"@id\":\"https:\\\/\\\/www.caudete.org\\\/ayuntamiento\\\/#organization\",\"name\":\"Ayuntamiento de Caudete\",\"url\":\"https:\\\/\\\/www.caudete.org\\\/ayuntamiento\\\/\",\"logo\":{\"@type\":\"ImageObject\",\"inLanguage\":\"es\",\"@id\":\"https:\\\/\\\/www.caudete.org\\\/ayuntamiento\\\/#\\\/schema\\\/logo\\\/image\\\/\",\"url\":\"https:\\\/\\\/www.caudete.org\\\/ayuntamiento\\\/wp-content\\\/uploads\\\/2020\\\/11\\\/logo_ayuntamiento_caudete.jpg\",\"contentUrl\":\"https:\\\/\\\/www.caudete.org\\\/ayuntamiento\\\/wp-content\\\/uploads\\\/2020\\\/11\\\/logo_ayuntamiento_caudete.jpg\",\"width\":600,\"height\":150,\"caption\":\"Ayuntamiento de Caudete\"},\"image\":{\"@id\":\"https:\\\/\\\/www.caudete.org\\\/ayuntamiento\\\/#\\\/schema\\\/logo\\\/image\\\/\"},\"sameAs\":[\"https:\\\/\\\/www.facebook.com\\\/ayuntamientocaudete\\\/\",\"https:\\\/\\\/www.youtube.com\\\/channel\\\/UC6VztHaooNsGpw-tNoBEFnQ\"]},{\"@type\":\"Person\",\"@id\":\"https:\\\/\\\/www.caudete.org\\\/ayuntamiento\\\/#\\\/schema\\\/person\\\/4b9eab41761957db9b1bf9c418d1ef46\",\"name\":\"Dpto Informatica MI Ayuntamiento de Caudete\",\"image\":{\"@type\":\"ImageObject\",\"inLanguage\":\"es\",\"@id\":\"https:\\\/\\\/secure.gravatar.com\\\/avatar\\\/ac0321ee4a0a83e82a253e7b2d348ef539e2c8fe16d06b600bde04de1b364fa7?s=96&d=mm&r=g\",\"url\":\"https:\\\/\\\/secure.gravatar.com\\\/avatar\\\/ac0321ee4a0a83e82a253e7b2d348ef539e2c8fe16d06b600bde04de1b364fa7?s=96&d=mm&r=g\",\"contentUrl\":\"https:\\\/\\\/secure.gravatar.com\\\/avatar\\\/ac0321ee4a0a83e82a253e7b2d348ef539e2c8fe16d06b600bde04de1b364fa7?s=96&d=mm&r=g\",\"caption\":\"Dpto Informatica MI Ayuntamiento de Caudete\"},\"url\":\"https:\\\/\\\/www.caudete.org\\\/ayuntamiento\\\/author\\\/informatica\\\/\"}]}<\/script>\n<!-- \/ Yoast SEO plugin. -->","yoast_head_json":{"title":"Encuentro literario con la periodista y escritora Ana Requena Aguilar el pr\u00f3ximo 15 de Mayo - MI Ayuntamiento de Caudete","description":"P\u00e1gina Oficial del Ayuntamiento de Caudete (Albacete)","robots":{"index":"index","follow":"follow","max-snippet":"max-snippet:-1","max-image-preview":"max-image-preview:large","max-video-preview":"max-video-preview:-1"},"canonical":"https:\/\/www.caudete.org\/ayuntamiento\/encuentro-literario-con-la-periodista-y-escritora-ana-requena-aguilar-el-proximo-15-de-mayo\/","og_locale":"es_ES","og_type":"article","og_title":"Encuentro literario con la periodista y escritora Ana Requena Aguilar el pr\u00f3ximo 15 de Mayo - MI Ayuntamiento de Caudete","og_description":"P\u00e1gina Oficial del Ayuntamiento de Caudete (Albacete)","og_url":"https:\/\/www.caudete.org\/ayuntamiento\/encuentro-literario-con-la-periodista-y-escritora-ana-requena-aguilar-el-proximo-15-de-mayo\/","og_site_name":"MI Ayuntamiento de Caudete","article_publisher":"https:\/\/www.facebook.com\/ayuntamientocaudete\/","article_published_time":"2025-05-09T07:00:51+00:00","article_modified_time":"2025-05-16T06:01:13+00:00","og_image":[{"width":1000,"height":342,"url":"https:\/\/www.caudete.org\/ayuntamiento\/wp-content\/uploads\/2025\/05\/ana-requena-port-2.jpg","type":"image\/jpeg"}],"author":"Dpto Informatica MI Ayuntamiento de Caudete","twitter_card":"summary_large_image","twitter_misc":{"Escrito por":"Dpto Informatica MI Ayuntamiento de Caudete","Tiempo de lectura":"3 minutos"},"schema":{"@context":"https:\/\/schema.org","@graph":[{"@type":"Article","@id":"https:\/\/www.caudete.org\/ayuntamiento\/encuentro-literario-con-la-periodista-y-escritora-ana-requena-aguilar-el-proximo-15-de-mayo\/#article","isPartOf":{"@id":"https:\/\/www.caudete.org\/ayuntamiento\/encuentro-literario-con-la-periodista-y-escritora-ana-requena-aguilar-el-proximo-15-de-mayo\/"},"author":{"name":"Dpto Informatica MI Ayuntamiento de Caudete","@id":"https:\/\/www.caudete.org\/ayuntamiento\/#\/schema\/person\/4b9eab41761957db9b1bf9c418d1ef46"},"headline":"Encuentro literario con la periodista y escritora Ana Requena Aguilar el pr\u00f3ximo 15 de Mayo","datePublished":"2025-05-09T07:00:51+00:00","dateModified":"2025-05-16T06:01:13+00:00","mainEntityOfPage":{"@id":"https:\/\/www.caudete.org\/ayuntamiento\/encuentro-literario-con-la-periodista-y-escritora-ana-requena-aguilar-el-proximo-15-de-mayo\/"},"wordCount":459,"publisher":{"@id":"https:\/\/www.caudete.org\/ayuntamiento\/#organization"},"image":{"@id":"https:\/\/www.caudete.org\/ayuntamiento\/encuentro-literario-con-la-periodista-y-escritora-ana-requena-aguilar-el-proximo-15-de-mayo\/#primaryimage"},"thumbnailUrl":"https:\/\/www.caudete.org\/ayuntamiento\/wp-content\/uploads\/2025\/05\/ana-requena-port-2.jpg","articleSection":["Cultura"],"inLanguage":"es"},{"@type":"WebPage","@id":"https:\/\/www.caudete.org\/ayuntamiento\/encuentro-literario-con-la-periodista-y-escritora-ana-requena-aguilar-el-proximo-15-de-mayo\/","url":"https:\/\/www.caudete.org\/ayuntamiento\/encuentro-literario-con-la-periodista-y-escritora-ana-requena-aguilar-el-proximo-15-de-mayo\/","name":"Encuentro literario con la periodista y escritora Ana Requena Aguilar el pr\u00f3ximo 15 de Mayo - MI Ayuntamiento de Caudete","isPartOf":{"@id":"https:\/\/www.caudete.org\/ayuntamiento\/#website"},"primaryImageOfPage":{"@id":"https:\/\/www.caudete.org\/ayuntamiento\/encuentro-literario-con-la-periodista-y-escritora-ana-requena-aguilar-el-proximo-15-de-mayo\/#primaryimage"},"image":{"@id":"https:\/\/www.caudete.org\/ayuntamiento\/encuentro-literario-con-la-periodista-y-escritora-ana-requena-aguilar-el-proximo-15-de-mayo\/#primaryimage"},"thumbnailUrl":"https:\/\/www.caudete.org\/ayuntamiento\/wp-content\/uploads\/2025\/05\/ana-requena-port-2.jpg","datePublished":"2025-05-09T07:00:51+00:00","dateModified":"2025-05-16T06:01:13+00:00","description":"P\u00e1gina Oficial del Ayuntamiento de Caudete (Albacete)","breadcrumb":{"@id":"https:\/\/www.caudete.org\/ayuntamiento\/encuentro-literario-con-la-periodista-y-escritora-ana-requena-aguilar-el-proximo-15-de-mayo\/#breadcrumb"},"inLanguage":"es","potentialAction":[{"@type":"ReadAction","target":["https:\/\/www.caudete.org\/ayuntamiento\/encuentro-literario-con-la-periodista-y-escritora-ana-requena-aguilar-el-proximo-15-de-mayo\/"]}]},{"@type":"ImageObject","inLanguage":"es","@id":"https:\/\/www.caudete.org\/ayuntamiento\/encuentro-literario-con-la-periodista-y-escritora-ana-requena-aguilar-el-proximo-15-de-mayo\/#primaryimage","url":"https:\/\/www.caudete.org\/ayuntamiento\/wp-content\/uploads\/2025\/05\/ana-requena-port-2.jpg","contentUrl":"https:\/\/www.caudete.org\/ayuntamiento\/wp-content\/uploads\/2025\/05\/ana-requena-port-2.jpg","width":1000,"height":342},{"@type":"BreadcrumbList","@id":"https:\/\/www.caudete.org\/ayuntamiento\/encuentro-literario-con-la-periodista-y-escritora-ana-requena-aguilar-el-proximo-15-de-mayo\/#breadcrumb","itemListElement":[{"@type":"ListItem","position":1,"name":"Inicio","item":"https:\/\/www.caudete.org\/ayuntamiento\/"},{"@type":"ListItem","position":2,"name":"Encuentro literario con la periodista y escritora Ana Requena Aguilar el pr\u00f3ximo 15 de Mayo"}]},{"@type":"WebSite","@id":"https:\/\/www.caudete.org\/ayuntamiento\/#website","url":"https:\/\/www.caudete.org\/ayuntamiento\/","name":"MI Ayuntamiento de Caudete","description":"P\u00e1gina Oficial del MI Ayuntamiento de Caudete","publisher":{"@id":"https:\/\/www.caudete.org\/ayuntamiento\/#organization"},"potentialAction":[{"@type":"SearchAction","target":{"@type":"EntryPoint","urlTemplate":"https:\/\/www.caudete.org\/ayuntamiento\/?s={search_term_string}"},"query-input":{"@type":"PropertyValueSpecification","valueRequired":true,"valueName":"search_term_string"}}],"inLanguage":"es"},{"@type":"Organization","@id":"https:\/\/www.caudete.org\/ayuntamiento\/#organization","name":"Ayuntamiento de Caudete","url":"https:\/\/www.caudete.org\/ayuntamiento\/","logo":{"@type":"ImageObject","inLanguage":"es","@id":"https:\/\/www.caudete.org\/ayuntamiento\/#\/schema\/logo\/image\/","url":"https:\/\/www.caudete.org\/ayuntamiento\/wp-content\/uploads\/2020\/11\/logo_ayuntamiento_caudete.jpg","contentUrl":"https:\/\/www.caudete.org\/ayuntamiento\/wp-content\/uploads\/2020\/11\/logo_ayuntamiento_caudete.jpg","width":600,"height":150,"caption":"Ayuntamiento de Caudete"},"image":{"@id":"https:\/\/www.caudete.org\/ayuntamiento\/#\/schema\/logo\/image\/"},"sameAs":["https:\/\/www.facebook.com\/ayuntamientocaudete\/","https:\/\/www.youtube.com\/channel\/UC6VztHaooNsGpw-tNoBEFnQ"]},{"@type":"Person","@id":"https:\/\/www.caudete.org\/ayuntamiento\/#\/schema\/person\/4b9eab41761957db9b1bf9c418d1ef46","name":"Dpto Informatica MI Ayuntamiento de Caudete","image":{"@type":"ImageObject","inLanguage":"es","@id":"https:\/\/secure.gravatar.com\/avatar\/ac0321ee4a0a83e82a253e7b2d348ef539e2c8fe16d06b600bde04de1b364fa7?s=96&d=mm&r=g","url":"https:\/\/secure.gravatar.com\/avatar\/ac0321ee4a0a83e82a253e7b2d348ef539e2c8fe16d06b600bde04de1b364fa7?s=96&d=mm&r=g","contentUrl":"https:\/\/secure.gravatar.com\/avatar\/ac0321ee4a0a83e82a253e7b2d348ef539e2c8fe16d06b600bde04de1b364fa7?s=96&d=mm&r=g","caption":"Dpto Informatica MI Ayuntamiento de Caudete"},"url":"https:\/\/www.caudete.org\/ayuntamiento\/author\/informatica\/"}]}},"_links":{"self":[{"href":"https:\/\/www.caudete.org\/ayuntamiento\/wp-json\/wp\/v2\/posts\/28576","targetHints":{"allow":["GET"]}}],"collection":[{"href":"https:\/\/www.caudete.org\/ayuntamiento\/wp-json\/wp\/v2\/posts"}],"about":[{"href":"https:\/\/www.caudete.org\/ayuntamiento\/wp-json\/wp\/v2\/types\/post"}],"author":[{"embeddable":true,"href":"https:\/\/www.caudete.org\/ayuntamiento\/wp-json\/wp\/v2\/users\/5"}],"replies":[{"embeddable":true,"href":"https:\/\/www.caudete.org\/ayuntamiento\/wp-json\/wp\/v2\/comments?post=28576"}],"version-history":[{"count":3,"href":"https:\/\/www.caudete.org\/ayuntamiento\/wp-json\/wp\/v2\/posts\/28576\/revisions"}],"predecessor-version":[{"id":28589,"href":"https:\/\/www.caudete.org\/ayuntamiento\/wp-json\/wp\/v2\/posts\/28576\/revisions\/28589"}],"wp:featuredmedia":[{"embeddable":true,"href":"https:\/\/www.caudete.org\/ayuntamiento\/wp-json\/wp\/v2\/media\/28582"}],"wp:attachment":[{"href":"https:\/\/www.caudete.org\/ayuntamiento\/wp-json\/wp\/v2\/media?parent=28576"}],"wp:term":[{"taxonomy":"category","embeddable":true,"href":"https:\/\/www.caudete.org\/ayuntamiento\/wp-json\/wp\/v2\/categories?post=28576"},{"taxonomy":"post_tag","embeddable":true,"href":"https:\/\/www.caudete.org\/ayuntamiento\/wp-json\/wp\/v2\/tags?post=28576"}],"curies":[{"name":"wp","href":"https:\/\/api.w.org\/{rel}","templated":true}]}}