{"id":28597,"date":"2025-05-19T09:00:17","date_gmt":"2025-05-19T07:00:17","guid":{"rendered":"https:\/\/www.caudete.org\/ayuntamiento\/?p=28597"},"modified":"2025-05-26T09:20:07","modified_gmt":"2025-05-26T07:20:07","slug":"minecraft-y-un-funeral-de-locos-se-proyectaran-en-el-auditorio-los-dias-24-y-25-de-mayo","status":"publish","type":"post","link":"https:\/\/www.caudete.org\/ayuntamiento\/minecraft-y-un-funeral-de-locos-se-proyectaran-en-el-auditorio-los-dias-24-y-25-de-mayo\/","title":{"rendered":"MINECRAFT y UN FUNERAL DE LOCOS se proyectar\u00e1n en el Auditorio los d\u00edas 24 y 25 de mayo"},"content":{"rendered":"<p style=\"text-align: justify;\">Manoli Gonz\u00e1lez, Concejal de Cultura, presenta la cartelera que acoger\u00e1 el Auditorio Municipal para el pr\u00f3ximo fin de semana, dentro de la programaci\u00f3n de Cine que desde la Casa de Cultura se ha programado de forma mensual.<\/p>\n<p style=\"text-align: justify;\">Los d\u00edas 24 y 25 de mayo se van a proyectar dos pel\u00edculas en el Auditorio Municipal de Caudete: <strong>Minecraft<\/strong>\u00a0y\u00a0<strong>Un funeral de locos<\/strong>.<\/p>\n<p style=\"text-align: justify;\">Las entradas, que tienen un precio \u00fanico de 5 euros, se vender\u00e1n 40 minutos antes de la funci\u00f3n.<\/p>\n<p style=\"text-align: justify;\">\n<h4 style=\"text-align: justify;\"><span style=\"text-decoration: underline; font-size: 18pt;\">Minecraft<\/span><\/h4>\n<p style=\"text-align: justify;\">S\u00e1bado 24 y domingo 25 de mayo | 17:00 horas<\/p>\n<p style=\"text-align: justify;\"><strong>Sinopsis<\/strong><\/p>\n<p style=\"text-align: justify;\">Bienvenido al mundo de Minecraft, donde la creatividad no s\u00f3lo ayuda a crear, sino que es esencial para la supervivencia. Cuatro inadaptados -Garrett \u00abEl Basurero\u00bb Garrison (Momoa), Henry (Hansen), Natalie (Myers) y Dawn (Brooks)- se encuentran luchando con problemas ordinarios cuando de repente se ven arrastrados a trav\u00e9s de un misterioso portal al Mundo Exterior: un extra\u00f1o pa\u00eds de las maravillas c\u00fabico que se nutre de la imaginaci\u00f3n. Para volver a casa, tendr\u00e1n que dominar este mundo (y protegerlo de cosas malvadas como Piglins y Zombies, tambi\u00e9n) mientras se embarcan en una b\u00fasqueda m\u00e1gica con un inesperado experto artesano, Steve (Black). Juntos, su aventura desafiar\u00e1 a los cinco a ser audaces y a volver a conectar con las cualidades que hacen que cada uno de ellos sea \u00fanico y creativo\u2026 las mismas habilidades que necesitan para prosperar en el mundo real.<\/p>\n<h4 style=\"text-align: justify;\"><\/h4>\n<h4 style=\"text-align: justify;\"><span style=\"text-decoration: underline;\"><span style=\"font-size: 18pt;\">Un funeral de locos<\/span><\/span><\/h4>\n<p style=\"text-align: justify;\">S\u00e1bado 24 y domingo 25 de mayo | 19:00 horas<\/p>\n<p style=\"text-align: justify;\"><strong>Sinopsis<\/strong><\/p>\n<p style=\"text-align: justify;\">Los miembros de una familia acuden a despedir al patriarca, reci\u00e9n fallecido. Pero lo que deber\u00eda ser un sentido velatorio se convierte en una reuni\u00f3n enloquecida cuando uno de los asistentes saca a la luz el secreto mejor guardado del difunto.<\/p>\n","protected":false},"excerpt":{"rendered":"<p>Manoli Gonz\u00e1lez, Concejal de Cultura, presenta la cartelera que acoger\u00e1 el Auditorio Municipal para el pr\u00f3ximo fin de semana, dentro de la programaci\u00f3n de Cine que desde la Casa de Cultura se ha programado de forma mensual. Los d\u00edas 24 y 25 de mayo se van a proyectar dos pel\u00edculas en el Auditorio Municipal de &hellip;<\/p>\n","protected":false},"author":3,"featured_media":28598,"comment_status":"closed","ping_status":"open","sticky":false,"template":"","format":"standard","meta":{"ngg_post_thumbnail":0,"footnotes":""},"categories":[14],"tags":[],"class_list":["post-28597","post","type-post","status-publish","format-standard","has-post-thumbnail","hentry","category-cultura"],"yoast_head":"<!-- This site is optimized with the Yoast SEO plugin v27.4 - https:\/\/yoast.com\/product\/yoast-seo-wordpress\/ -->\n<title>MINECRAFT y UN FUNERAL DE LOCOS se proyectar\u00e1n en el Auditorio los d\u00edas 24 y 25 de mayo - MI Ayuntamiento de Caudete<\/title>\n<meta name=\"description\" content=\"P\u00e1gina Oficial del Ayuntamiento de Caudete (Albacete)\" \/>\n<meta name=\"robots\" content=\"index, follow, max-snippet:-1, max-image-preview:large, max-video-preview:-1\" \/>\n<link rel=\"canonical\" href=\"https:\/\/www.caudete.org\/ayuntamiento\/minecraft-y-un-funeral-de-locos-se-proyectaran-en-el-auditorio-los-dias-24-y-25-de-mayo\/\" \/>\n<meta property=\"og:locale\" content=\"es_ES\" \/>\n<meta property=\"og:type\" content=\"article\" \/>\n<meta property=\"og:title\" content=\"MINECRAFT y UN FUNERAL DE LOCOS se proyectar\u00e1n en el Auditorio los d\u00edas 24 y 25 de mayo - MI Ayuntamiento de Caudete\" \/>\n<meta property=\"og:description\" content=\"P\u00e1gina Oficial del Ayuntamiento de Caudete (Albacete)\" \/>\n<meta property=\"og:url\" content=\"https:\/\/www.caudete.org\/ayuntamiento\/minecraft-y-un-funeral-de-locos-se-proyectaran-en-el-auditorio-los-dias-24-y-25-de-mayo\/\" \/>\n<meta property=\"og:site_name\" content=\"MI Ayuntamiento de Caudete\" \/>\n<meta property=\"article:publisher\" content=\"https:\/\/www.facebook.com\/ayuntamientocaudete\/\" \/>\n<meta property=\"article:published_time\" content=\"2025-05-19T07:00:17+00:00\" \/>\n<meta property=\"article:modified_time\" content=\"2025-05-26T07:20:07+00:00\" \/>\n<meta property=\"og:image\" content=\"https:\/\/www.caudete.org\/ayuntamiento\/wp-content\/uploads\/2025\/05\/minecraft-funeral-caudete-digital.jpg\" \/>\n\t<meta property=\"og:image:width\" content=\"1024\" \/>\n\t<meta property=\"og:image:height\" content=\"600\" \/>\n\t<meta property=\"og:image:type\" content=\"image\/jpeg\" \/>\n<meta name=\"author\" content=\"alcalde\" \/>\n<meta name=\"twitter:card\" content=\"summary_large_image\" \/>\n<meta name=\"twitter:label1\" content=\"Escrito por\" \/>\n\t<meta name=\"twitter:data1\" content=\"alcalde\" \/>\n\t<meta name=\"twitter:label2\" content=\"Tiempo de lectura\" \/>\n\t<meta name=\"twitter:data2\" content=\"2 minutos\" \/>\n<script type=\"application\/ld+json\" class=\"yoast-schema-graph\">{\"@context\":\"https:\\\/\\\/schema.org\",\"@graph\":[{\"@type\":\"Article\",\"@id\":\"https:\\\/\\\/www.caudete.org\\\/ayuntamiento\\\/minecraft-y-un-funeral-de-locos-se-proyectaran-en-el-auditorio-los-dias-24-y-25-de-mayo\\\/#article\",\"isPartOf\":{\"@id\":\"https:\\\/\\\/www.caudete.org\\\/ayuntamiento\\\/minecraft-y-un-funeral-de-locos-se-proyectaran-en-el-auditorio-los-dias-24-y-25-de-mayo\\\/\"},\"author\":{\"name\":\"alcalde\",\"@id\":\"https:\\\/\\\/www.caudete.org\\\/ayuntamiento\\\/#\\\/schema\\\/person\\\/cc646da9133078ee4d8dd47457947253\"},\"headline\":\"MINECRAFT y UN FUNERAL DE LOCOS se proyectar\u00e1n en el Auditorio los d\u00edas 24 y 25 de mayo\",\"datePublished\":\"2025-05-19T07:00:17+00:00\",\"dateModified\":\"2025-05-26T07:20:07+00:00\",\"mainEntityOfPage\":{\"@id\":\"https:\\\/\\\/www.caudete.org\\\/ayuntamiento\\\/minecraft-y-un-funeral-de-locos-se-proyectaran-en-el-auditorio-los-dias-24-y-25-de-mayo\\\/\"},\"wordCount\":318,\"publisher\":{\"@id\":\"https:\\\/\\\/www.caudete.org\\\/ayuntamiento\\\/#organization\"},\"image\":{\"@id\":\"https:\\\/\\\/www.caudete.org\\\/ayuntamiento\\\/minecraft-y-un-funeral-de-locos-se-proyectaran-en-el-auditorio-los-dias-24-y-25-de-mayo\\\/#primaryimage\"},\"thumbnailUrl\":\"https:\\\/\\\/www.caudete.org\\\/ayuntamiento\\\/wp-content\\\/uploads\\\/2025\\\/05\\\/minecraft-funeral-caudete-digital.jpg\",\"articleSection\":[\"Cultura\"],\"inLanguage\":\"es\"},{\"@type\":\"WebPage\",\"@id\":\"https:\\\/\\\/www.caudete.org\\\/ayuntamiento\\\/minecraft-y-un-funeral-de-locos-se-proyectaran-en-el-auditorio-los-dias-24-y-25-de-mayo\\\/\",\"url\":\"https:\\\/\\\/www.caudete.org\\\/ayuntamiento\\\/minecraft-y-un-funeral-de-locos-se-proyectaran-en-el-auditorio-los-dias-24-y-25-de-mayo\\\/\",\"name\":\"MINECRAFT y UN FUNERAL DE LOCOS se proyectar\u00e1n en el Auditorio los d\u00edas 24 y 25 de mayo - MI Ayuntamiento de Caudete\",\"isPartOf\":{\"@id\":\"https:\\\/\\\/www.caudete.org\\\/ayuntamiento\\\/#website\"},\"primaryImageOfPage\":{\"@id\":\"https:\\\/\\\/www.caudete.org\\\/ayuntamiento\\\/minecraft-y-un-funeral-de-locos-se-proyectaran-en-el-auditorio-los-dias-24-y-25-de-mayo\\\/#primaryimage\"},\"image\":{\"@id\":\"https:\\\/\\\/www.caudete.org\\\/ayuntamiento\\\/minecraft-y-un-funeral-de-locos-se-proyectaran-en-el-auditorio-los-dias-24-y-25-de-mayo\\\/#primaryimage\"},\"thumbnailUrl\":\"https:\\\/\\\/www.caudete.org\\\/ayuntamiento\\\/wp-content\\\/uploads\\\/2025\\\/05\\\/minecraft-funeral-caudete-digital.jpg\",\"datePublished\":\"2025-05-19T07:00:17+00:00\",\"dateModified\":\"2025-05-26T07:20:07+00:00\",\"description\":\"P\u00e1gina Oficial del Ayuntamiento de Caudete (Albacete)\",\"breadcrumb\":{\"@id\":\"https:\\\/\\\/www.caudete.org\\\/ayuntamiento\\\/minecraft-y-un-funeral-de-locos-se-proyectaran-en-el-auditorio-los-dias-24-y-25-de-mayo\\\/#breadcrumb\"},\"inLanguage\":\"es\",\"potentialAction\":[{\"@type\":\"ReadAction\",\"target\":[\"https:\\\/\\\/www.caudete.org\\\/ayuntamiento\\\/minecraft-y-un-funeral-de-locos-se-proyectaran-en-el-auditorio-los-dias-24-y-25-de-mayo\\\/\"]}]},{\"@type\":\"ImageObject\",\"inLanguage\":\"es\",\"@id\":\"https:\\\/\\\/www.caudete.org\\\/ayuntamiento\\\/minecraft-y-un-funeral-de-locos-se-proyectaran-en-el-auditorio-los-dias-24-y-25-de-mayo\\\/#primaryimage\",\"url\":\"https:\\\/\\\/www.caudete.org\\\/ayuntamiento\\\/wp-content\\\/uploads\\\/2025\\\/05\\\/minecraft-funeral-caudete-digital.jpg\",\"contentUrl\":\"https:\\\/\\\/www.caudete.org\\\/ayuntamiento\\\/wp-content\\\/uploads\\\/2025\\\/05\\\/minecraft-funeral-caudete-digital.jpg\",\"width\":1024,\"height\":600},{\"@type\":\"BreadcrumbList\",\"@id\":\"https:\\\/\\\/www.caudete.org\\\/ayuntamiento\\\/minecraft-y-un-funeral-de-locos-se-proyectaran-en-el-auditorio-los-dias-24-y-25-de-mayo\\\/#breadcrumb\",\"itemListElement\":[{\"@type\":\"ListItem\",\"position\":1,\"name\":\"Inicio\",\"item\":\"https:\\\/\\\/www.caudete.org\\\/ayuntamiento\\\/\"},{\"@type\":\"ListItem\",\"position\":2,\"name\":\"MINECRAFT y UN FUNERAL DE LOCOS se proyectar\u00e1n en el Auditorio los d\u00edas 24 y 25 de mayo\"}]},{\"@type\":\"WebSite\",\"@id\":\"https:\\\/\\\/www.caudete.org\\\/ayuntamiento\\\/#website\",\"url\":\"https:\\\/\\\/www.caudete.org\\\/ayuntamiento\\\/\",\"name\":\"MI Ayuntamiento de Caudete\",\"description\":\"P\u00e1gina Oficial del MI Ayuntamiento de Caudete\",\"publisher\":{\"@id\":\"https:\\\/\\\/www.caudete.org\\\/ayuntamiento\\\/#organization\"},\"potentialAction\":[{\"@type\":\"SearchAction\",\"target\":{\"@type\":\"EntryPoint\",\"urlTemplate\":\"https:\\\/\\\/www.caudete.org\\\/ayuntamiento\\\/?s={search_term_string}\"},\"query-input\":{\"@type\":\"PropertyValueSpecification\",\"valueRequired\":true,\"valueName\":\"search_term_string\"}}],\"inLanguage\":\"es\"},{\"@type\":\"Organization\",\"@id\":\"https:\\\/\\\/www.caudete.org\\\/ayuntamiento\\\/#organization\",\"name\":\"Ayuntamiento de Caudete\",\"url\":\"https:\\\/\\\/www.caudete.org\\\/ayuntamiento\\\/\",\"logo\":{\"@type\":\"ImageObject\",\"inLanguage\":\"es\",\"@id\":\"https:\\\/\\\/www.caudete.org\\\/ayuntamiento\\\/#\\\/schema\\\/logo\\\/image\\\/\",\"url\":\"https:\\\/\\\/www.caudete.org\\\/ayuntamiento\\\/wp-content\\\/uploads\\\/2020\\\/11\\\/logo_ayuntamiento_caudete.jpg\",\"contentUrl\":\"https:\\\/\\\/www.caudete.org\\\/ayuntamiento\\\/wp-content\\\/uploads\\\/2020\\\/11\\\/logo_ayuntamiento_caudete.jpg\",\"width\":600,\"height\":150,\"caption\":\"Ayuntamiento de Caudete\"},\"image\":{\"@id\":\"https:\\\/\\\/www.caudete.org\\\/ayuntamiento\\\/#\\\/schema\\\/logo\\\/image\\\/\"},\"sameAs\":[\"https:\\\/\\\/www.facebook.com\\\/ayuntamientocaudete\\\/\",\"https:\\\/\\\/www.youtube.com\\\/channel\\\/UC6VztHaooNsGpw-tNoBEFnQ\"]},{\"@type\":\"Person\",\"@id\":\"https:\\\/\\\/www.caudete.org\\\/ayuntamiento\\\/#\\\/schema\\\/person\\\/cc646da9133078ee4d8dd47457947253\",\"name\":\"alcalde\",\"image\":{\"@type\":\"ImageObject\",\"inLanguage\":\"es\",\"@id\":\"https:\\\/\\\/secure.gravatar.com\\\/avatar\\\/84a817ba065b29ff08d666b215a215f5c79186a645ccb25b14a663d48a130f77?s=96&d=mm&r=g\",\"url\":\"https:\\\/\\\/secure.gravatar.com\\\/avatar\\\/84a817ba065b29ff08d666b215a215f5c79186a645ccb25b14a663d48a130f77?s=96&d=mm&r=g\",\"contentUrl\":\"https:\\\/\\\/secure.gravatar.com\\\/avatar\\\/84a817ba065b29ff08d666b215a215f5c79186a645ccb25b14a663d48a130f77?s=96&d=mm&r=g\",\"caption\":\"alcalde\"},\"url\":\"https:\\\/\\\/www.caudete.org\\\/ayuntamiento\\\/author\\\/alcalde\\\/\"}]}<\/script>\n<!-- \/ Yoast SEO plugin. -->","yoast_head_json":{"title":"MINECRAFT y UN FUNERAL DE LOCOS se proyectar\u00e1n en el Auditorio los d\u00edas 24 y 25 de mayo - MI Ayuntamiento de Caudete","description":"P\u00e1gina Oficial del Ayuntamiento de Caudete (Albacete)","robots":{"index":"index","follow":"follow","max-snippet":"max-snippet:-1","max-image-preview":"max-image-preview:large","max-video-preview":"max-video-preview:-1"},"canonical":"https:\/\/www.caudete.org\/ayuntamiento\/minecraft-y-un-funeral-de-locos-se-proyectaran-en-el-auditorio-los-dias-24-y-25-de-mayo\/","og_locale":"es_ES","og_type":"article","og_title":"MINECRAFT y UN FUNERAL DE LOCOS se proyectar\u00e1n en el Auditorio los d\u00edas 24 y 25 de mayo - MI Ayuntamiento de Caudete","og_description":"P\u00e1gina Oficial del Ayuntamiento de Caudete (Albacete)","og_url":"https:\/\/www.caudete.org\/ayuntamiento\/minecraft-y-un-funeral-de-locos-se-proyectaran-en-el-auditorio-los-dias-24-y-25-de-mayo\/","og_site_name":"MI Ayuntamiento de Caudete","article_publisher":"https:\/\/www.facebook.com\/ayuntamientocaudete\/","article_published_time":"2025-05-19T07:00:17+00:00","article_modified_time":"2025-05-26T07:20:07+00:00","og_image":[{"width":1024,"height":600,"url":"https:\/\/www.caudete.org\/ayuntamiento\/wp-content\/uploads\/2025\/05\/minecraft-funeral-caudete-digital.jpg","type":"image\/jpeg"}],"author":"alcalde","twitter_card":"summary_large_image","twitter_misc":{"Escrito por":"alcalde","Tiempo de lectura":"2 minutos"},"schema":{"@context":"https:\/\/schema.org","@graph":[{"@type":"Article","@id":"https:\/\/www.caudete.org\/ayuntamiento\/minecraft-y-un-funeral-de-locos-se-proyectaran-en-el-auditorio-los-dias-24-y-25-de-mayo\/#article","isPartOf":{"@id":"https:\/\/www.caudete.org\/ayuntamiento\/minecraft-y-un-funeral-de-locos-se-proyectaran-en-el-auditorio-los-dias-24-y-25-de-mayo\/"},"author":{"name":"alcalde","@id":"https:\/\/www.caudete.org\/ayuntamiento\/#\/schema\/person\/cc646da9133078ee4d8dd47457947253"},"headline":"MINECRAFT y UN FUNERAL DE LOCOS se proyectar\u00e1n en el Auditorio los d\u00edas 24 y 25 de mayo","datePublished":"2025-05-19T07:00:17+00:00","dateModified":"2025-05-26T07:20:07+00:00","mainEntityOfPage":{"@id":"https:\/\/www.caudete.org\/ayuntamiento\/minecraft-y-un-funeral-de-locos-se-proyectaran-en-el-auditorio-los-dias-24-y-25-de-mayo\/"},"wordCount":318,"publisher":{"@id":"https:\/\/www.caudete.org\/ayuntamiento\/#organization"},"image":{"@id":"https:\/\/www.caudete.org\/ayuntamiento\/minecraft-y-un-funeral-de-locos-se-proyectaran-en-el-auditorio-los-dias-24-y-25-de-mayo\/#primaryimage"},"thumbnailUrl":"https:\/\/www.caudete.org\/ayuntamiento\/wp-content\/uploads\/2025\/05\/minecraft-funeral-caudete-digital.jpg","articleSection":["Cultura"],"inLanguage":"es"},{"@type":"WebPage","@id":"https:\/\/www.caudete.org\/ayuntamiento\/minecraft-y-un-funeral-de-locos-se-proyectaran-en-el-auditorio-los-dias-24-y-25-de-mayo\/","url":"https:\/\/www.caudete.org\/ayuntamiento\/minecraft-y-un-funeral-de-locos-se-proyectaran-en-el-auditorio-los-dias-24-y-25-de-mayo\/","name":"MINECRAFT y UN FUNERAL DE LOCOS se proyectar\u00e1n en el Auditorio los d\u00edas 24 y 25 de mayo - MI Ayuntamiento de Caudete","isPartOf":{"@id":"https:\/\/www.caudete.org\/ayuntamiento\/#website"},"primaryImageOfPage":{"@id":"https:\/\/www.caudete.org\/ayuntamiento\/minecraft-y-un-funeral-de-locos-se-proyectaran-en-el-auditorio-los-dias-24-y-25-de-mayo\/#primaryimage"},"image":{"@id":"https:\/\/www.caudete.org\/ayuntamiento\/minecraft-y-un-funeral-de-locos-se-proyectaran-en-el-auditorio-los-dias-24-y-25-de-mayo\/#primaryimage"},"thumbnailUrl":"https:\/\/www.caudete.org\/ayuntamiento\/wp-content\/uploads\/2025\/05\/minecraft-funeral-caudete-digital.jpg","datePublished":"2025-05-19T07:00:17+00:00","dateModified":"2025-05-26T07:20:07+00:00","description":"P\u00e1gina Oficial del Ayuntamiento de Caudete (Albacete)","breadcrumb":{"@id":"https:\/\/www.caudete.org\/ayuntamiento\/minecraft-y-un-funeral-de-locos-se-proyectaran-en-el-auditorio-los-dias-24-y-25-de-mayo\/#breadcrumb"},"inLanguage":"es","potentialAction":[{"@type":"ReadAction","target":["https:\/\/www.caudete.org\/ayuntamiento\/minecraft-y-un-funeral-de-locos-se-proyectaran-en-el-auditorio-los-dias-24-y-25-de-mayo\/"]}]},{"@type":"ImageObject","inLanguage":"es","@id":"https:\/\/www.caudete.org\/ayuntamiento\/minecraft-y-un-funeral-de-locos-se-proyectaran-en-el-auditorio-los-dias-24-y-25-de-mayo\/#primaryimage","url":"https:\/\/www.caudete.org\/ayuntamiento\/wp-content\/uploads\/2025\/05\/minecraft-funeral-caudete-digital.jpg","contentUrl":"https:\/\/www.caudete.org\/ayuntamiento\/wp-content\/uploads\/2025\/05\/minecraft-funeral-caudete-digital.jpg","width":1024,"height":600},{"@type":"BreadcrumbList","@id":"https:\/\/www.caudete.org\/ayuntamiento\/minecraft-y-un-funeral-de-locos-se-proyectaran-en-el-auditorio-los-dias-24-y-25-de-mayo\/#breadcrumb","itemListElement":[{"@type":"ListItem","position":1,"name":"Inicio","item":"https:\/\/www.caudete.org\/ayuntamiento\/"},{"@type":"ListItem","position":2,"name":"MINECRAFT y UN FUNERAL DE LOCOS se proyectar\u00e1n en el Auditorio los d\u00edas 24 y 25 de mayo"}]},{"@type":"WebSite","@id":"https:\/\/www.caudete.org\/ayuntamiento\/#website","url":"https:\/\/www.caudete.org\/ayuntamiento\/","name":"MI Ayuntamiento de Caudete","description":"P\u00e1gina Oficial del MI Ayuntamiento de Caudete","publisher":{"@id":"https:\/\/www.caudete.org\/ayuntamiento\/#organization"},"potentialAction":[{"@type":"SearchAction","target":{"@type":"EntryPoint","urlTemplate":"https:\/\/www.caudete.org\/ayuntamiento\/?s={search_term_string}"},"query-input":{"@type":"PropertyValueSpecification","valueRequired":true,"valueName":"search_term_string"}}],"inLanguage":"es"},{"@type":"Organization","@id":"https:\/\/www.caudete.org\/ayuntamiento\/#organization","name":"Ayuntamiento de Caudete","url":"https:\/\/www.caudete.org\/ayuntamiento\/","logo":{"@type":"ImageObject","inLanguage":"es","@id":"https:\/\/www.caudete.org\/ayuntamiento\/#\/schema\/logo\/image\/","url":"https:\/\/www.caudete.org\/ayuntamiento\/wp-content\/uploads\/2020\/11\/logo_ayuntamiento_caudete.jpg","contentUrl":"https:\/\/www.caudete.org\/ayuntamiento\/wp-content\/uploads\/2020\/11\/logo_ayuntamiento_caudete.jpg","width":600,"height":150,"caption":"Ayuntamiento de Caudete"},"image":{"@id":"https:\/\/www.caudete.org\/ayuntamiento\/#\/schema\/logo\/image\/"},"sameAs":["https:\/\/www.facebook.com\/ayuntamientocaudete\/","https:\/\/www.youtube.com\/channel\/UC6VztHaooNsGpw-tNoBEFnQ"]},{"@type":"Person","@id":"https:\/\/www.caudete.org\/ayuntamiento\/#\/schema\/person\/cc646da9133078ee4d8dd47457947253","name":"alcalde","image":{"@type":"ImageObject","inLanguage":"es","@id":"https:\/\/secure.gravatar.com\/avatar\/84a817ba065b29ff08d666b215a215f5c79186a645ccb25b14a663d48a130f77?s=96&d=mm&r=g","url":"https:\/\/secure.gravatar.com\/avatar\/84a817ba065b29ff08d666b215a215f5c79186a645ccb25b14a663d48a130f77?s=96&d=mm&r=g","contentUrl":"https:\/\/secure.gravatar.com\/avatar\/84a817ba065b29ff08d666b215a215f5c79186a645ccb25b14a663d48a130f77?s=96&d=mm&r=g","caption":"alcalde"},"url":"https:\/\/www.caudete.org\/ayuntamiento\/author\/alcalde\/"}]}},"_links":{"self":[{"href":"https:\/\/www.caudete.org\/ayuntamiento\/wp-json\/wp\/v2\/posts\/28597","targetHints":{"allow":["GET"]}}],"collection":[{"href":"https:\/\/www.caudete.org\/ayuntamiento\/wp-json\/wp\/v2\/posts"}],"about":[{"href":"https:\/\/www.caudete.org\/ayuntamiento\/wp-json\/wp\/v2\/types\/post"}],"author":[{"embeddable":true,"href":"https:\/\/www.caudete.org\/ayuntamiento\/wp-json\/wp\/v2\/users\/3"}],"replies":[{"embeddable":true,"href":"https:\/\/www.caudete.org\/ayuntamiento\/wp-json\/wp\/v2\/comments?post=28597"}],"version-history":[{"count":1,"href":"https:\/\/www.caudete.org\/ayuntamiento\/wp-json\/wp\/v2\/posts\/28597\/revisions"}],"predecessor-version":[{"id":28599,"href":"https:\/\/www.caudete.org\/ayuntamiento\/wp-json\/wp\/v2\/posts\/28597\/revisions\/28599"}],"wp:featuredmedia":[{"embeddable":true,"href":"https:\/\/www.caudete.org\/ayuntamiento\/wp-json\/wp\/v2\/media\/28598"}],"wp:attachment":[{"href":"https:\/\/www.caudete.org\/ayuntamiento\/wp-json\/wp\/v2\/media?parent=28597"}],"wp:term":[{"taxonomy":"category","embeddable":true,"href":"https:\/\/www.caudete.org\/ayuntamiento\/wp-json\/wp\/v2\/categories?post=28597"},{"taxonomy":"post_tag","embeddable":true,"href":"https:\/\/www.caudete.org\/ayuntamiento\/wp-json\/wp\/v2\/tags?post=28597"}],"curies":[{"name":"wp","href":"https:\/\/api.w.org\/{rel}","templated":true}]}}