{"id":28612,"date":"2025-05-08T16:27:32","date_gmt":"2025-05-08T14:27:32","guid":{"rendered":"https:\/\/www.caudete.org\/ayuntamiento\/?p=28612"},"modified":"2025-05-08T16:27:32","modified_gmt":"2025-05-08T14:27:32","slug":"jose-calero-toma-posesion-como-tecnico-de-administracion-general-tag","status":"publish","type":"post","link":"https:\/\/www.caudete.org\/ayuntamiento\/jose-calero-toma-posesion-como-tecnico-de-administracion-general-tag\/","title":{"rendered":"Jos\u00e9 Calero, toma posesi\u00f3n como T\u00c9CNICO DE ADMINISTRACI\u00d3N GENERAL (TAG)"},"content":{"rendered":"<p style=\"text-align: justify;\">A primera hora del mi\u00e9rcoles 8 de Mayo acog\u00eda de nuevo el Sal\u00f3n de Plenos una <em>Toma de Posesi\u00f3n<\/em>, en este caso del T\u00e9cnico de Administraci\u00f3n General (conocido popularmente como TAG), Jos\u00e9 Calero, quien viene a ocupar la plaza tras un proceso selectivo en el que han participado m\u00e1s de una treintena de aspirantes.<\/p>\n<p style=\"text-align: justify;\">La plaza formaba parte de la Oferta de Empleo P\u00fablico de 2022, y desde entonces ha estado cubierta de forma interina mediante una Bolsa, hasta que quien la ocupaba renunci\u00f3 por acceder a una plaza en otra administraci\u00f3n.<\/p>\n<p style=\"text-align: justify;\">En el acto, celebrado de forma solemne como es habitual, han estado presentes el Alcalde, Mois\u00e9s L\u00f3pez, y la Secretaria Municipal, Mercedes Buend\u00eda, adem\u00e1s de una parte del Gobierno Municipal, y una Concejal de la oposici\u00f3n.<\/p>\n<p style=\"text-align: justify;\">El Alcalde, destacaba que el Sal\u00f3n de Sesiones acoge los principales actos y reuniones de trascendencia para el municipio, y el de hoy era uno de ellos, donde se reforzaba el compromiso del servicio p\u00fablico hacia los ciudadanos, y la absoluta profesionalidad para contribuir al desarrollo y beneficio de Caudete. Esta vez, sumamos un joven muy bien formado y con experiencia, con trayectoria profesional en los Ayuntamientos de Almansa y Bogarra.<\/p>\n<p style=\"text-align: justify;\">Cabe destacar que la funci\u00f3n que desempe\u00f1ar\u00e1 est\u00e1 ligada al Departamento de Secretar\u00eda y al \u00e1rea de Contrataci\u00f3n, principalmente.<\/p>\n<p><a href=\"https:\/\/www.caudete.org\/ayuntamiento\/wp-content\/uploads\/2025\/05\/WhatsApp-Image-2025-05-07-at-10.22.00.jpeg\" rel='prettyPhoto'><img fetchpriority=\"high\" decoding=\"async\" class=\"alignnone wp-image-28613 size-full\" src=\"https:\/\/www.caudete.org\/ayuntamiento\/wp-content\/uploads\/2025\/05\/WhatsApp-Image-2025-05-07-at-10.22.00.jpeg\" alt=\"\" width=\"2040\" height=\"920\" srcset=\"https:\/\/www.caudete.org\/ayuntamiento\/wp-content\/uploads\/2025\/05\/WhatsApp-Image-2025-05-07-at-10.22.00.jpeg 2040w, https:\/\/www.caudete.org\/ayuntamiento\/wp-content\/uploads\/2025\/05\/WhatsApp-Image-2025-05-07-at-10.22.00-600x271.jpeg 600w, https:\/\/www.caudete.org\/ayuntamiento\/wp-content\/uploads\/2025\/05\/WhatsApp-Image-2025-05-07-at-10.22.00-1200x541.jpeg 1200w, https:\/\/www.caudete.org\/ayuntamiento\/wp-content\/uploads\/2025\/05\/WhatsApp-Image-2025-05-07-at-10.22.00-768x346.jpeg 768w, https:\/\/www.caudete.org\/ayuntamiento\/wp-content\/uploads\/2025\/05\/WhatsApp-Image-2025-05-07-at-10.22.00-1536x693.jpeg 1536w\" sizes=\"(max-width: 2040px) 100vw, 2040px\" \/><\/a><\/p>\n","protected":false},"excerpt":{"rendered":"<p>A primera hora del mi\u00e9rcoles 8 de Mayo acog\u00eda de nuevo el Sal\u00f3n de Plenos una Toma de Posesi\u00f3n, en este caso del T\u00e9cnico de Administraci\u00f3n General (conocido popularmente como TAG), Jos\u00e9 Calero, quien viene a ocupar la plaza tras un proceso selectivo en el que han participado m\u00e1s de una treintena de aspirantes. La &hellip;<\/p>\n","protected":false},"author":3,"featured_media":28613,"comment_status":"closed","ping_status":"open","sticky":false,"template":"","format":"standard","meta":{"ngg_post_thumbnail":0,"footnotes":""},"categories":[33],"tags":[],"class_list":["post-28612","post","type-post","status-publish","format-standard","has-post-thumbnail","hentry","category-recursos-humanos"],"yoast_head":"<!-- This site is optimized with the Yoast SEO plugin v27.5 - https:\/\/yoast.com\/product\/yoast-seo-wordpress\/ -->\n<title>Jos\u00e9 Calero, toma posesi\u00f3n como T\u00c9CNICO DE ADMINISTRACI\u00d3N GENERAL (TAG) - MI Ayuntamiento de Caudete<\/title>\n<meta name=\"description\" content=\"P\u00e1gina Oficial del Ayuntamiento de Caudete (Albacete)\" \/>\n<meta name=\"robots\" content=\"index, follow, max-snippet:-1, max-image-preview:large, max-video-preview:-1\" \/>\n<link rel=\"canonical\" href=\"https:\/\/www.caudete.org\/ayuntamiento\/jose-calero-toma-posesion-como-tecnico-de-administracion-general-tag\/\" \/>\n<meta property=\"og:locale\" content=\"es_ES\" \/>\n<meta property=\"og:type\" content=\"article\" \/>\n<meta property=\"og:title\" content=\"Jos\u00e9 Calero, toma posesi\u00f3n como T\u00c9CNICO DE ADMINISTRACI\u00d3N GENERAL (TAG) - MI Ayuntamiento de Caudete\" \/>\n<meta property=\"og:description\" content=\"P\u00e1gina Oficial del Ayuntamiento de Caudete (Albacete)\" \/>\n<meta property=\"og:url\" content=\"https:\/\/www.caudete.org\/ayuntamiento\/jose-calero-toma-posesion-como-tecnico-de-administracion-general-tag\/\" \/>\n<meta property=\"og:site_name\" content=\"MI Ayuntamiento de Caudete\" \/>\n<meta property=\"article:publisher\" content=\"https:\/\/www.facebook.com\/ayuntamientocaudete\/\" \/>\n<meta property=\"article:published_time\" content=\"2025-05-08T14:27:32+00:00\" \/>\n<meta property=\"og:image\" content=\"https:\/\/www.caudete.org\/ayuntamiento\/wp-content\/uploads\/2025\/05\/WhatsApp-Image-2025-05-07-at-10.22.00.jpeg\" \/>\n\t<meta property=\"og:image:width\" content=\"2040\" \/>\n\t<meta property=\"og:image:height\" content=\"920\" \/>\n\t<meta property=\"og:image:type\" content=\"image\/jpeg\" \/>\n<meta name=\"author\" content=\"alcalde\" \/>\n<meta name=\"twitter:card\" content=\"summary_large_image\" \/>\n<meta name=\"twitter:label1\" content=\"Escrito por\" \/>\n\t<meta name=\"twitter:data1\" content=\"alcalde\" \/>\n\t<meta name=\"twitter:label2\" content=\"Tiempo de lectura\" \/>\n\t<meta name=\"twitter:data2\" content=\"2 minutos\" \/>\n<script type=\"application\/ld+json\" class=\"yoast-schema-graph\">{\"@context\":\"https:\\\/\\\/schema.org\",\"@graph\":[{\"@type\":\"Article\",\"@id\":\"https:\\\/\\\/www.caudete.org\\\/ayuntamiento\\\/jose-calero-toma-posesion-como-tecnico-de-administracion-general-tag\\\/#article\",\"isPartOf\":{\"@id\":\"https:\\\/\\\/www.caudete.org\\\/ayuntamiento\\\/jose-calero-toma-posesion-como-tecnico-de-administracion-general-tag\\\/\"},\"author\":{\"name\":\"alcalde\",\"@id\":\"https:\\\/\\\/www.caudete.org\\\/ayuntamiento\\\/#\\\/schema\\\/person\\\/cc646da9133078ee4d8dd47457947253\"},\"headline\":\"Jos\u00e9 Calero, toma posesi\u00f3n como T\u00c9CNICO DE ADMINISTRACI\u00d3N GENERAL (TAG)\",\"datePublished\":\"2025-05-08T14:27:32+00:00\",\"mainEntityOfPage\":{\"@id\":\"https:\\\/\\\/www.caudete.org\\\/ayuntamiento\\\/jose-calero-toma-posesion-como-tecnico-de-administracion-general-tag\\\/\"},\"wordCount\":249,\"image\":{\"@id\":\"https:\\\/\\\/www.caudete.org\\\/ayuntamiento\\\/jose-calero-toma-posesion-como-tecnico-de-administracion-general-tag\\\/#primaryimage\"},\"thumbnailUrl\":\"https:\\\/\\\/www.caudete.org\\\/ayuntamiento\\\/wp-content\\\/uploads\\\/2025\\\/05\\\/WhatsApp-Image-2025-05-07-at-10.22.00.jpeg\",\"articleSection\":[\"Recursos Humanos\"],\"inLanguage\":\"es\"},{\"@type\":\"WebPage\",\"@id\":\"https:\\\/\\\/www.caudete.org\\\/ayuntamiento\\\/jose-calero-toma-posesion-como-tecnico-de-administracion-general-tag\\\/\",\"url\":\"https:\\\/\\\/www.caudete.org\\\/ayuntamiento\\\/jose-calero-toma-posesion-como-tecnico-de-administracion-general-tag\\\/\",\"name\":\"Jos\u00e9 Calero, toma posesi\u00f3n como T\u00c9CNICO DE ADMINISTRACI\u00d3N GENERAL (TAG) - MI Ayuntamiento de Caudete\",\"isPartOf\":{\"@id\":\"https:\\\/\\\/www.caudete.org\\\/ayuntamiento\\\/#website\"},\"primaryImageOfPage\":{\"@id\":\"https:\\\/\\\/www.caudete.org\\\/ayuntamiento\\\/jose-calero-toma-posesion-como-tecnico-de-administracion-general-tag\\\/#primaryimage\"},\"image\":{\"@id\":\"https:\\\/\\\/www.caudete.org\\\/ayuntamiento\\\/jose-calero-toma-posesion-como-tecnico-de-administracion-general-tag\\\/#primaryimage\"},\"thumbnailUrl\":\"https:\\\/\\\/www.caudete.org\\\/ayuntamiento\\\/wp-content\\\/uploads\\\/2025\\\/05\\\/WhatsApp-Image-2025-05-07-at-10.22.00.jpeg\",\"datePublished\":\"2025-05-08T14:27:32+00:00\",\"author\":{\"@id\":\"https:\\\/\\\/www.caudete.org\\\/ayuntamiento\\\/#\\\/schema\\\/person\\\/cc646da9133078ee4d8dd47457947253\"},\"description\":\"P\u00e1gina Oficial del Ayuntamiento de Caudete (Albacete)\",\"breadcrumb\":{\"@id\":\"https:\\\/\\\/www.caudete.org\\\/ayuntamiento\\\/jose-calero-toma-posesion-como-tecnico-de-administracion-general-tag\\\/#breadcrumb\"},\"inLanguage\":\"es\",\"potentialAction\":[{\"@type\":\"ReadAction\",\"target\":[\"https:\\\/\\\/www.caudete.org\\\/ayuntamiento\\\/jose-calero-toma-posesion-como-tecnico-de-administracion-general-tag\\\/\"]}]},{\"@type\":\"ImageObject\",\"inLanguage\":\"es\",\"@id\":\"https:\\\/\\\/www.caudete.org\\\/ayuntamiento\\\/jose-calero-toma-posesion-como-tecnico-de-administracion-general-tag\\\/#primaryimage\",\"url\":\"https:\\\/\\\/www.caudete.org\\\/ayuntamiento\\\/wp-content\\\/uploads\\\/2025\\\/05\\\/WhatsApp-Image-2025-05-07-at-10.22.00.jpeg\",\"contentUrl\":\"https:\\\/\\\/www.caudete.org\\\/ayuntamiento\\\/wp-content\\\/uploads\\\/2025\\\/05\\\/WhatsApp-Image-2025-05-07-at-10.22.00.jpeg\",\"width\":2040,\"height\":920},{\"@type\":\"BreadcrumbList\",\"@id\":\"https:\\\/\\\/www.caudete.org\\\/ayuntamiento\\\/jose-calero-toma-posesion-como-tecnico-de-administracion-general-tag\\\/#breadcrumb\",\"itemListElement\":[{\"@type\":\"ListItem\",\"position\":1,\"name\":\"Inicio\",\"item\":\"https:\\\/\\\/www.caudete.org\\\/ayuntamiento\\\/\"},{\"@type\":\"ListItem\",\"position\":2,\"name\":\"Jos\u00e9 Calero, toma posesi\u00f3n como T\u00c9CNICO DE ADMINISTRACI\u00d3N GENERAL (TAG)\"}]},{\"@type\":\"WebSite\",\"@id\":\"https:\\\/\\\/www.caudete.org\\\/ayuntamiento\\\/#website\",\"url\":\"https:\\\/\\\/www.caudete.org\\\/ayuntamiento\\\/\",\"name\":\"MI Ayuntamiento de Caudete\",\"description\":\"P\u00e1gina Oficial del MI Ayuntamiento de Caudete\",\"potentialAction\":[{\"@type\":\"SearchAction\",\"target\":{\"@type\":\"EntryPoint\",\"urlTemplate\":\"https:\\\/\\\/www.caudete.org\\\/ayuntamiento\\\/?s={search_term_string}\"},\"query-input\":{\"@type\":\"PropertyValueSpecification\",\"valueRequired\":true,\"valueName\":\"search_term_string\"}}],\"inLanguage\":\"es\"},{\"@type\":\"Person\",\"@id\":\"https:\\\/\\\/www.caudete.org\\\/ayuntamiento\\\/#\\\/schema\\\/person\\\/cc646da9133078ee4d8dd47457947253\",\"name\":\"alcalde\",\"image\":{\"@type\":\"ImageObject\",\"inLanguage\":\"es\",\"@id\":\"https:\\\/\\\/secure.gravatar.com\\\/avatar\\\/84a817ba065b29ff08d666b215a215f5c79186a645ccb25b14a663d48a130f77?s=96&d=mm&r=g\",\"url\":\"https:\\\/\\\/secure.gravatar.com\\\/avatar\\\/84a817ba065b29ff08d666b215a215f5c79186a645ccb25b14a663d48a130f77?s=96&d=mm&r=g\",\"contentUrl\":\"https:\\\/\\\/secure.gravatar.com\\\/avatar\\\/84a817ba065b29ff08d666b215a215f5c79186a645ccb25b14a663d48a130f77?s=96&d=mm&r=g\",\"caption\":\"alcalde\"},\"url\":\"https:\\\/\\\/www.caudete.org\\\/ayuntamiento\\\/author\\\/alcalde\\\/\"}]}<\/script>\n<!-- \/ Yoast SEO plugin. -->","yoast_head_json":{"title":"Jos\u00e9 Calero, toma posesi\u00f3n como T\u00c9CNICO DE ADMINISTRACI\u00d3N GENERAL (TAG) - MI Ayuntamiento de Caudete","description":"P\u00e1gina Oficial del Ayuntamiento de Caudete (Albacete)","robots":{"index":"index","follow":"follow","max-snippet":"max-snippet:-1","max-image-preview":"max-image-preview:large","max-video-preview":"max-video-preview:-1"},"canonical":"https:\/\/www.caudete.org\/ayuntamiento\/jose-calero-toma-posesion-como-tecnico-de-administracion-general-tag\/","og_locale":"es_ES","og_type":"article","og_title":"Jos\u00e9 Calero, toma posesi\u00f3n como T\u00c9CNICO DE ADMINISTRACI\u00d3N GENERAL (TAG) - MI Ayuntamiento de Caudete","og_description":"P\u00e1gina Oficial del Ayuntamiento de Caudete (Albacete)","og_url":"https:\/\/www.caudete.org\/ayuntamiento\/jose-calero-toma-posesion-como-tecnico-de-administracion-general-tag\/","og_site_name":"MI Ayuntamiento de Caudete","article_publisher":"https:\/\/www.facebook.com\/ayuntamientocaudete\/","article_published_time":"2025-05-08T14:27:32+00:00","og_image":[{"width":2040,"height":920,"url":"https:\/\/www.caudete.org\/ayuntamiento\/wp-content\/uploads\/2025\/05\/WhatsApp-Image-2025-05-07-at-10.22.00.jpeg","type":"image\/jpeg"}],"author":"alcalde","twitter_card":"summary_large_image","twitter_misc":{"Escrito por":"alcalde","Tiempo de lectura":"2 minutos"},"schema":{"@context":"https:\/\/schema.org","@graph":[{"@type":"Article","@id":"https:\/\/www.caudete.org\/ayuntamiento\/jose-calero-toma-posesion-como-tecnico-de-administracion-general-tag\/#article","isPartOf":{"@id":"https:\/\/www.caudete.org\/ayuntamiento\/jose-calero-toma-posesion-como-tecnico-de-administracion-general-tag\/"},"author":{"name":"alcalde","@id":"https:\/\/www.caudete.org\/ayuntamiento\/#\/schema\/person\/cc646da9133078ee4d8dd47457947253"},"headline":"Jos\u00e9 Calero, toma posesi\u00f3n como T\u00c9CNICO DE ADMINISTRACI\u00d3N GENERAL (TAG)","datePublished":"2025-05-08T14:27:32+00:00","mainEntityOfPage":{"@id":"https:\/\/www.caudete.org\/ayuntamiento\/jose-calero-toma-posesion-como-tecnico-de-administracion-general-tag\/"},"wordCount":249,"image":{"@id":"https:\/\/www.caudete.org\/ayuntamiento\/jose-calero-toma-posesion-como-tecnico-de-administracion-general-tag\/#primaryimage"},"thumbnailUrl":"https:\/\/www.caudete.org\/ayuntamiento\/wp-content\/uploads\/2025\/05\/WhatsApp-Image-2025-05-07-at-10.22.00.jpeg","articleSection":["Recursos Humanos"],"inLanguage":"es"},{"@type":"WebPage","@id":"https:\/\/www.caudete.org\/ayuntamiento\/jose-calero-toma-posesion-como-tecnico-de-administracion-general-tag\/","url":"https:\/\/www.caudete.org\/ayuntamiento\/jose-calero-toma-posesion-como-tecnico-de-administracion-general-tag\/","name":"Jos\u00e9 Calero, toma posesi\u00f3n como T\u00c9CNICO DE ADMINISTRACI\u00d3N GENERAL (TAG) - MI Ayuntamiento de Caudete","isPartOf":{"@id":"https:\/\/www.caudete.org\/ayuntamiento\/#website"},"primaryImageOfPage":{"@id":"https:\/\/www.caudete.org\/ayuntamiento\/jose-calero-toma-posesion-como-tecnico-de-administracion-general-tag\/#primaryimage"},"image":{"@id":"https:\/\/www.caudete.org\/ayuntamiento\/jose-calero-toma-posesion-como-tecnico-de-administracion-general-tag\/#primaryimage"},"thumbnailUrl":"https:\/\/www.caudete.org\/ayuntamiento\/wp-content\/uploads\/2025\/05\/WhatsApp-Image-2025-05-07-at-10.22.00.jpeg","datePublished":"2025-05-08T14:27:32+00:00","author":{"@id":"https:\/\/www.caudete.org\/ayuntamiento\/#\/schema\/person\/cc646da9133078ee4d8dd47457947253"},"description":"P\u00e1gina Oficial del Ayuntamiento de Caudete (Albacete)","breadcrumb":{"@id":"https:\/\/www.caudete.org\/ayuntamiento\/jose-calero-toma-posesion-como-tecnico-de-administracion-general-tag\/#breadcrumb"},"inLanguage":"es","potentialAction":[{"@type":"ReadAction","target":["https:\/\/www.caudete.org\/ayuntamiento\/jose-calero-toma-posesion-como-tecnico-de-administracion-general-tag\/"]}]},{"@type":"ImageObject","inLanguage":"es","@id":"https:\/\/www.caudete.org\/ayuntamiento\/jose-calero-toma-posesion-como-tecnico-de-administracion-general-tag\/#primaryimage","url":"https:\/\/www.caudete.org\/ayuntamiento\/wp-content\/uploads\/2025\/05\/WhatsApp-Image-2025-05-07-at-10.22.00.jpeg","contentUrl":"https:\/\/www.caudete.org\/ayuntamiento\/wp-content\/uploads\/2025\/05\/WhatsApp-Image-2025-05-07-at-10.22.00.jpeg","width":2040,"height":920},{"@type":"BreadcrumbList","@id":"https:\/\/www.caudete.org\/ayuntamiento\/jose-calero-toma-posesion-como-tecnico-de-administracion-general-tag\/#breadcrumb","itemListElement":[{"@type":"ListItem","position":1,"name":"Inicio","item":"https:\/\/www.caudete.org\/ayuntamiento\/"},{"@type":"ListItem","position":2,"name":"Jos\u00e9 Calero, toma posesi\u00f3n como T\u00c9CNICO DE ADMINISTRACI\u00d3N GENERAL (TAG)"}]},{"@type":"WebSite","@id":"https:\/\/www.caudete.org\/ayuntamiento\/#website","url":"https:\/\/www.caudete.org\/ayuntamiento\/","name":"MI Ayuntamiento de Caudete","description":"P\u00e1gina Oficial del MI Ayuntamiento de Caudete","potentialAction":[{"@type":"SearchAction","target":{"@type":"EntryPoint","urlTemplate":"https:\/\/www.caudete.org\/ayuntamiento\/?s={search_term_string}"},"query-input":{"@type":"PropertyValueSpecification","valueRequired":true,"valueName":"search_term_string"}}],"inLanguage":"es"},{"@type":"Person","@id":"https:\/\/www.caudete.org\/ayuntamiento\/#\/schema\/person\/cc646da9133078ee4d8dd47457947253","name":"alcalde","image":{"@type":"ImageObject","inLanguage":"es","@id":"https:\/\/secure.gravatar.com\/avatar\/84a817ba065b29ff08d666b215a215f5c79186a645ccb25b14a663d48a130f77?s=96&d=mm&r=g","url":"https:\/\/secure.gravatar.com\/avatar\/84a817ba065b29ff08d666b215a215f5c79186a645ccb25b14a663d48a130f77?s=96&d=mm&r=g","contentUrl":"https:\/\/secure.gravatar.com\/avatar\/84a817ba065b29ff08d666b215a215f5c79186a645ccb25b14a663d48a130f77?s=96&d=mm&r=g","caption":"alcalde"},"url":"https:\/\/www.caudete.org\/ayuntamiento\/author\/alcalde\/"}]}},"_links":{"self":[{"href":"https:\/\/www.caudete.org\/ayuntamiento\/wp-json\/wp\/v2\/posts\/28612","targetHints":{"allow":["GET"]}}],"collection":[{"href":"https:\/\/www.caudete.org\/ayuntamiento\/wp-json\/wp\/v2\/posts"}],"about":[{"href":"https:\/\/www.caudete.org\/ayuntamiento\/wp-json\/wp\/v2\/types\/post"}],"author":[{"embeddable":true,"href":"https:\/\/www.caudete.org\/ayuntamiento\/wp-json\/wp\/v2\/users\/3"}],"replies":[{"embeddable":true,"href":"https:\/\/www.caudete.org\/ayuntamiento\/wp-json\/wp\/v2\/comments?post=28612"}],"version-history":[{"count":1,"href":"https:\/\/www.caudete.org\/ayuntamiento\/wp-json\/wp\/v2\/posts\/28612\/revisions"}],"predecessor-version":[{"id":28614,"href":"https:\/\/www.caudete.org\/ayuntamiento\/wp-json\/wp\/v2\/posts\/28612\/revisions\/28614"}],"wp:featuredmedia":[{"embeddable":true,"href":"https:\/\/www.caudete.org\/ayuntamiento\/wp-json\/wp\/v2\/media\/28613"}],"wp:attachment":[{"href":"https:\/\/www.caudete.org\/ayuntamiento\/wp-json\/wp\/v2\/media?parent=28612"}],"wp:term":[{"taxonomy":"category","embeddable":true,"href":"https:\/\/www.caudete.org\/ayuntamiento\/wp-json\/wp\/v2\/categories?post=28612"},{"taxonomy":"post_tag","embeddable":true,"href":"https:\/\/www.caudete.org\/ayuntamiento\/wp-json\/wp\/v2\/tags?post=28612"}],"curies":[{"name":"wp","href":"https:\/\/api.w.org\/{rel}","templated":true}]}}