{"id":28626,"date":"2025-05-10T10:53:55","date_gmt":"2025-05-10T08:53:55","guid":{"rendered":"https:\/\/www.caudete.org\/ayuntamiento\/?p=28626"},"modified":"2025-05-10T10:53:55","modified_gmt":"2025-05-10T08:53:55","slug":"activado-el-platenum-al-decretarse-nivel-naranja-por-lluvias-y-tormentas-con-granizo","status":"publish","type":"post","link":"https:\/\/www.caudete.org\/ayuntamiento\/activado-el-platenum-al-decretarse-nivel-naranja-por-lluvias-y-tormentas-con-granizo\/","title":{"rendered":"Activado el PLATENUM al decretarse nivel NARANJA por lluvias y tormentas con granizo"},"content":{"rendered":"<p>En la tarde de ayer se comunicaba la activaci\u00f3n por parte del 112 de CLM de alerta nivel amarillo por fen\u00f3menos meteorol\u00f3gicos para el d\u00eda de hoy.<\/p>\n<p style=\"text-align: justify;\">A las 09.30h se ha recibido <strong>informaci\u00f3n actualizada<\/strong>, por la que <strong>se intensifica la situaci\u00f3n meteorol\u00f3gica<\/strong> y se establece el <strong>Nivel NARANJA por lluvias<\/strong> que pueden alcanzar los 30 litros\/m<sup>2\u00a0<\/sup>en una hora, el doble de la previsi\u00f3n dictada en el d\u00eda de ayer.<\/p>\n<p style=\"text-align: justify;\">Ante tal situaci\u00f3n, el Alcalde ha decretado la <strong>activaci\u00f3n del PLATENUM<\/strong> (Plan Municipal de Emergencias) en fase de Alerta Nivel 0, que supone la situaci\u00f3n de prealerta para todos los servicios de emergencias municipales.<\/p>\n<p style=\"text-align: justify;\">La decisi\u00f3n ha sido trasladada a los miembros del CECOPAL, quienes desde ayer estaban de forma oficiosa en preaviso ante la evoluci\u00f3n de la situaci\u00f3n meteorol\u00f3gica.<\/p>\n<p style=\"text-align: justify;\">El aviso queda por tanto como sigue:<\/p>\n<ol style=\"text-align: justify;\">\n<li><strong>LLUVIAS<\/strong>. Precipitaci\u00f3n acumulada en una hora: <strong>30 mm en 1hora<\/strong>. Inicio 12.00h y Fin 21.00 del d\u00eda 10\/05\/2025<\/li>\n<li><strong>TORMENTAS<\/strong>. Afectando principalmente a la zona m\u00e1s oriental de Hell\u00edn y Almansa, donde es <strong>probable que vengan acompa\u00f1adas de granizo grande y rachas muy fuertes asociadas<\/strong>. Inicio 12.00h y Fin 21.00h del d\u00eda 10\/05\/2025<\/li>\n<\/ol>\n<p style=\"text-align: justify;\">Ante dicha situaci\u00f3n se incide a la poblaci\u00f3n responsabilidad y prudencia, evitando transitar por zonas inundables y cauces naturales, y teniendo despejados sumideros y dem\u00e1s salidas de agua, as\u00ed como retirar de terrazas y balcones todo objeto que pueda ser desprendido; e informarse siempre por fuentes oficiales.<\/p>\n<p><a href=\"https:\/\/www.caudete.org\/ayuntamiento\/wp-content\/uploads\/2025\/05\/WhatsApp-Image-2025-05-10-at-10.17.55.jpeg\" rel='prettyPhoto'><img fetchpriority=\"high\" decoding=\"async\" class=\"alignnone wp-image-28627 size-full\" src=\"https:\/\/www.caudete.org\/ayuntamiento\/wp-content\/uploads\/2025\/05\/WhatsApp-Image-2025-05-10-at-10.17.55.jpeg\" alt=\"\" width=\"1080\" height=\"791\" srcset=\"https:\/\/www.caudete.org\/ayuntamiento\/wp-content\/uploads\/2025\/05\/WhatsApp-Image-2025-05-10-at-10.17.55.jpeg 1080w, https:\/\/www.caudete.org\/ayuntamiento\/wp-content\/uploads\/2025\/05\/WhatsApp-Image-2025-05-10-at-10.17.55-546x400.jpeg 546w, https:\/\/www.caudete.org\/ayuntamiento\/wp-content\/uploads\/2025\/05\/WhatsApp-Image-2025-05-10-at-10.17.55-768x562.jpeg 768w\" sizes=\"(max-width: 1080px) 100vw, 1080px\" \/><\/a><\/p>\n<p>&nbsp;<\/p>\n<p>&nbsp;<\/p>\n","protected":false},"excerpt":{"rendered":"<p>En la tarde de ayer se comunicaba la activaci\u00f3n por parte del 112 de CLM de alerta nivel amarillo por fen\u00f3menos meteorol\u00f3gicos para el d\u00eda de hoy. A las 09.30h se ha recibido informaci\u00f3n actualizada, por la que se intensifica la situaci\u00f3n meteorol\u00f3gica y se establece el Nivel NARANJA por lluvias que pueden alcanzar los &hellip;<\/p>\n","protected":false},"author":3,"featured_media":28627,"comment_status":"closed","ping_status":"open","sticky":false,"template":"","format":"standard","meta":{"ngg_post_thumbnail":0,"footnotes":""},"categories":[41],"tags":[],"class_list":["post-28626","post","type-post","status-publish","format-standard","has-post-thumbnail","hentry","category-emergencias"],"yoast_head":"<!-- This site is optimized with the Yoast SEO plugin v27.5 - https:\/\/yoast.com\/product\/yoast-seo-wordpress\/ -->\n<title>Activado el PLATENUM al decretarse nivel NARANJA por lluvias y tormentas con granizo - MI Ayuntamiento de Caudete<\/title>\n<meta name=\"description\" content=\"P\u00e1gina Oficial del Ayuntamiento de Caudete (Albacete)\" \/>\n<meta name=\"robots\" content=\"index, follow, max-snippet:-1, max-image-preview:large, max-video-preview:-1\" \/>\n<link rel=\"canonical\" href=\"https:\/\/www.caudete.org\/ayuntamiento\/activado-el-platenum-al-decretarse-nivel-naranja-por-lluvias-y-tormentas-con-granizo\/\" \/>\n<meta property=\"og:locale\" content=\"es_ES\" \/>\n<meta property=\"og:type\" content=\"article\" \/>\n<meta property=\"og:title\" content=\"Activado el PLATENUM al decretarse nivel NARANJA por lluvias y tormentas con granizo - MI Ayuntamiento de Caudete\" \/>\n<meta property=\"og:description\" content=\"P\u00e1gina Oficial del Ayuntamiento de Caudete (Albacete)\" \/>\n<meta property=\"og:url\" content=\"https:\/\/www.caudete.org\/ayuntamiento\/activado-el-platenum-al-decretarse-nivel-naranja-por-lluvias-y-tormentas-con-granizo\/\" \/>\n<meta property=\"og:site_name\" content=\"MI Ayuntamiento de Caudete\" \/>\n<meta property=\"article:publisher\" content=\"https:\/\/www.facebook.com\/ayuntamientocaudete\/\" \/>\n<meta property=\"article:published_time\" content=\"2025-05-10T08:53:55+00:00\" \/>\n<meta property=\"og:image\" content=\"https:\/\/www.caudete.org\/ayuntamiento\/wp-content\/uploads\/2025\/05\/WhatsApp-Image-2025-05-10-at-10.17.55.jpeg\" \/>\n\t<meta property=\"og:image:width\" content=\"1080\" \/>\n\t<meta property=\"og:image:height\" content=\"791\" \/>\n\t<meta property=\"og:image:type\" content=\"image\/jpeg\" \/>\n<meta name=\"author\" content=\"alcalde\" \/>\n<meta name=\"twitter:card\" content=\"summary_large_image\" \/>\n<meta name=\"twitter:label1\" content=\"Escrito por\" \/>\n\t<meta name=\"twitter:data1\" content=\"alcalde\" \/>\n\t<meta name=\"twitter:label2\" content=\"Tiempo de lectura\" \/>\n\t<meta name=\"twitter:data2\" content=\"2 minutos\" \/>\n<script type=\"application\/ld+json\" class=\"yoast-schema-graph\">{\"@context\":\"https:\\\/\\\/schema.org\",\"@graph\":[{\"@type\":\"Article\",\"@id\":\"https:\\\/\\\/www.caudete.org\\\/ayuntamiento\\\/activado-el-platenum-al-decretarse-nivel-naranja-por-lluvias-y-tormentas-con-granizo\\\/#article\",\"isPartOf\":{\"@id\":\"https:\\\/\\\/www.caudete.org\\\/ayuntamiento\\\/activado-el-platenum-al-decretarse-nivel-naranja-por-lluvias-y-tormentas-con-granizo\\\/\"},\"author\":{\"name\":\"alcalde\",\"@id\":\"https:\\\/\\\/www.caudete.org\\\/ayuntamiento\\\/#\\\/schema\\\/person\\\/cc646da9133078ee4d8dd47457947253\"},\"headline\":\"Activado el PLATENUM al decretarse nivel NARANJA por lluvias y tormentas con granizo\",\"datePublished\":\"2025-05-10T08:53:55+00:00\",\"mainEntityOfPage\":{\"@id\":\"https:\\\/\\\/www.caudete.org\\\/ayuntamiento\\\/activado-el-platenum-al-decretarse-nivel-naranja-por-lluvias-y-tormentas-con-granizo\\\/\"},\"wordCount\":271,\"image\":{\"@id\":\"https:\\\/\\\/www.caudete.org\\\/ayuntamiento\\\/activado-el-platenum-al-decretarse-nivel-naranja-por-lluvias-y-tormentas-con-granizo\\\/#primaryimage\"},\"thumbnailUrl\":\"https:\\\/\\\/www.caudete.org\\\/ayuntamiento\\\/wp-content\\\/uploads\\\/2025\\\/05\\\/WhatsApp-Image-2025-05-10-at-10.17.55.jpeg\",\"articleSection\":[\"Emergencias\"],\"inLanguage\":\"es\"},{\"@type\":\"WebPage\",\"@id\":\"https:\\\/\\\/www.caudete.org\\\/ayuntamiento\\\/activado-el-platenum-al-decretarse-nivel-naranja-por-lluvias-y-tormentas-con-granizo\\\/\",\"url\":\"https:\\\/\\\/www.caudete.org\\\/ayuntamiento\\\/activado-el-platenum-al-decretarse-nivel-naranja-por-lluvias-y-tormentas-con-granizo\\\/\",\"name\":\"Activado el PLATENUM al decretarse nivel NARANJA por lluvias y tormentas con granizo - MI Ayuntamiento de Caudete\",\"isPartOf\":{\"@id\":\"https:\\\/\\\/www.caudete.org\\\/ayuntamiento\\\/#website\"},\"primaryImageOfPage\":{\"@id\":\"https:\\\/\\\/www.caudete.org\\\/ayuntamiento\\\/activado-el-platenum-al-decretarse-nivel-naranja-por-lluvias-y-tormentas-con-granizo\\\/#primaryimage\"},\"image\":{\"@id\":\"https:\\\/\\\/www.caudete.org\\\/ayuntamiento\\\/activado-el-platenum-al-decretarse-nivel-naranja-por-lluvias-y-tormentas-con-granizo\\\/#primaryimage\"},\"thumbnailUrl\":\"https:\\\/\\\/www.caudete.org\\\/ayuntamiento\\\/wp-content\\\/uploads\\\/2025\\\/05\\\/WhatsApp-Image-2025-05-10-at-10.17.55.jpeg\",\"datePublished\":\"2025-05-10T08:53:55+00:00\",\"author\":{\"@id\":\"https:\\\/\\\/www.caudete.org\\\/ayuntamiento\\\/#\\\/schema\\\/person\\\/cc646da9133078ee4d8dd47457947253\"},\"description\":\"P\u00e1gina Oficial del Ayuntamiento de Caudete (Albacete)\",\"breadcrumb\":{\"@id\":\"https:\\\/\\\/www.caudete.org\\\/ayuntamiento\\\/activado-el-platenum-al-decretarse-nivel-naranja-por-lluvias-y-tormentas-con-granizo\\\/#breadcrumb\"},\"inLanguage\":\"es\",\"potentialAction\":[{\"@type\":\"ReadAction\",\"target\":[\"https:\\\/\\\/www.caudete.org\\\/ayuntamiento\\\/activado-el-platenum-al-decretarse-nivel-naranja-por-lluvias-y-tormentas-con-granizo\\\/\"]}]},{\"@type\":\"ImageObject\",\"inLanguage\":\"es\",\"@id\":\"https:\\\/\\\/www.caudete.org\\\/ayuntamiento\\\/activado-el-platenum-al-decretarse-nivel-naranja-por-lluvias-y-tormentas-con-granizo\\\/#primaryimage\",\"url\":\"https:\\\/\\\/www.caudete.org\\\/ayuntamiento\\\/wp-content\\\/uploads\\\/2025\\\/05\\\/WhatsApp-Image-2025-05-10-at-10.17.55.jpeg\",\"contentUrl\":\"https:\\\/\\\/www.caudete.org\\\/ayuntamiento\\\/wp-content\\\/uploads\\\/2025\\\/05\\\/WhatsApp-Image-2025-05-10-at-10.17.55.jpeg\",\"width\":1080,\"height\":791},{\"@type\":\"BreadcrumbList\",\"@id\":\"https:\\\/\\\/www.caudete.org\\\/ayuntamiento\\\/activado-el-platenum-al-decretarse-nivel-naranja-por-lluvias-y-tormentas-con-granizo\\\/#breadcrumb\",\"itemListElement\":[{\"@type\":\"ListItem\",\"position\":1,\"name\":\"Inicio\",\"item\":\"https:\\\/\\\/www.caudete.org\\\/ayuntamiento\\\/\"},{\"@type\":\"ListItem\",\"position\":2,\"name\":\"Activado el PLATENUM al decretarse nivel NARANJA por lluvias y tormentas con granizo\"}]},{\"@type\":\"WebSite\",\"@id\":\"https:\\\/\\\/www.caudete.org\\\/ayuntamiento\\\/#website\",\"url\":\"https:\\\/\\\/www.caudete.org\\\/ayuntamiento\\\/\",\"name\":\"MI Ayuntamiento de Caudete\",\"description\":\"P\u00e1gina Oficial del MI Ayuntamiento de Caudete\",\"potentialAction\":[{\"@type\":\"SearchAction\",\"target\":{\"@type\":\"EntryPoint\",\"urlTemplate\":\"https:\\\/\\\/www.caudete.org\\\/ayuntamiento\\\/?s={search_term_string}\"},\"query-input\":{\"@type\":\"PropertyValueSpecification\",\"valueRequired\":true,\"valueName\":\"search_term_string\"}}],\"inLanguage\":\"es\"},{\"@type\":\"Person\",\"@id\":\"https:\\\/\\\/www.caudete.org\\\/ayuntamiento\\\/#\\\/schema\\\/person\\\/cc646da9133078ee4d8dd47457947253\",\"name\":\"alcalde\",\"image\":{\"@type\":\"ImageObject\",\"inLanguage\":\"es\",\"@id\":\"https:\\\/\\\/secure.gravatar.com\\\/avatar\\\/84a817ba065b29ff08d666b215a215f5c79186a645ccb25b14a663d48a130f77?s=96&d=mm&r=g\",\"url\":\"https:\\\/\\\/secure.gravatar.com\\\/avatar\\\/84a817ba065b29ff08d666b215a215f5c79186a645ccb25b14a663d48a130f77?s=96&d=mm&r=g\",\"contentUrl\":\"https:\\\/\\\/secure.gravatar.com\\\/avatar\\\/84a817ba065b29ff08d666b215a215f5c79186a645ccb25b14a663d48a130f77?s=96&d=mm&r=g\",\"caption\":\"alcalde\"},\"url\":\"https:\\\/\\\/www.caudete.org\\\/ayuntamiento\\\/author\\\/alcalde\\\/\"}]}<\/script>\n<!-- \/ Yoast SEO plugin. -->","yoast_head_json":{"title":"Activado el PLATENUM al decretarse nivel NARANJA por lluvias y tormentas con granizo - MI Ayuntamiento de Caudete","description":"P\u00e1gina Oficial del Ayuntamiento de Caudete (Albacete)","robots":{"index":"index","follow":"follow","max-snippet":"max-snippet:-1","max-image-preview":"max-image-preview:large","max-video-preview":"max-video-preview:-1"},"canonical":"https:\/\/www.caudete.org\/ayuntamiento\/activado-el-platenum-al-decretarse-nivel-naranja-por-lluvias-y-tormentas-con-granizo\/","og_locale":"es_ES","og_type":"article","og_title":"Activado el PLATENUM al decretarse nivel NARANJA por lluvias y tormentas con granizo - MI Ayuntamiento de Caudete","og_description":"P\u00e1gina Oficial del Ayuntamiento de Caudete (Albacete)","og_url":"https:\/\/www.caudete.org\/ayuntamiento\/activado-el-platenum-al-decretarse-nivel-naranja-por-lluvias-y-tormentas-con-granizo\/","og_site_name":"MI Ayuntamiento de Caudete","article_publisher":"https:\/\/www.facebook.com\/ayuntamientocaudete\/","article_published_time":"2025-05-10T08:53:55+00:00","og_image":[{"width":1080,"height":791,"url":"https:\/\/www.caudete.org\/ayuntamiento\/wp-content\/uploads\/2025\/05\/WhatsApp-Image-2025-05-10-at-10.17.55.jpeg","type":"image\/jpeg"}],"author":"alcalde","twitter_card":"summary_large_image","twitter_misc":{"Escrito por":"alcalde","Tiempo de lectura":"2 minutos"},"schema":{"@context":"https:\/\/schema.org","@graph":[{"@type":"Article","@id":"https:\/\/www.caudete.org\/ayuntamiento\/activado-el-platenum-al-decretarse-nivel-naranja-por-lluvias-y-tormentas-con-granizo\/#article","isPartOf":{"@id":"https:\/\/www.caudete.org\/ayuntamiento\/activado-el-platenum-al-decretarse-nivel-naranja-por-lluvias-y-tormentas-con-granizo\/"},"author":{"name":"alcalde","@id":"https:\/\/www.caudete.org\/ayuntamiento\/#\/schema\/person\/cc646da9133078ee4d8dd47457947253"},"headline":"Activado el PLATENUM al decretarse nivel NARANJA por lluvias y tormentas con granizo","datePublished":"2025-05-10T08:53:55+00:00","mainEntityOfPage":{"@id":"https:\/\/www.caudete.org\/ayuntamiento\/activado-el-platenum-al-decretarse-nivel-naranja-por-lluvias-y-tormentas-con-granizo\/"},"wordCount":271,"image":{"@id":"https:\/\/www.caudete.org\/ayuntamiento\/activado-el-platenum-al-decretarse-nivel-naranja-por-lluvias-y-tormentas-con-granizo\/#primaryimage"},"thumbnailUrl":"https:\/\/www.caudete.org\/ayuntamiento\/wp-content\/uploads\/2025\/05\/WhatsApp-Image-2025-05-10-at-10.17.55.jpeg","articleSection":["Emergencias"],"inLanguage":"es"},{"@type":"WebPage","@id":"https:\/\/www.caudete.org\/ayuntamiento\/activado-el-platenum-al-decretarse-nivel-naranja-por-lluvias-y-tormentas-con-granizo\/","url":"https:\/\/www.caudete.org\/ayuntamiento\/activado-el-platenum-al-decretarse-nivel-naranja-por-lluvias-y-tormentas-con-granizo\/","name":"Activado el PLATENUM al decretarse nivel NARANJA por lluvias y tormentas con granizo - MI Ayuntamiento de Caudete","isPartOf":{"@id":"https:\/\/www.caudete.org\/ayuntamiento\/#website"},"primaryImageOfPage":{"@id":"https:\/\/www.caudete.org\/ayuntamiento\/activado-el-platenum-al-decretarse-nivel-naranja-por-lluvias-y-tormentas-con-granizo\/#primaryimage"},"image":{"@id":"https:\/\/www.caudete.org\/ayuntamiento\/activado-el-platenum-al-decretarse-nivel-naranja-por-lluvias-y-tormentas-con-granizo\/#primaryimage"},"thumbnailUrl":"https:\/\/www.caudete.org\/ayuntamiento\/wp-content\/uploads\/2025\/05\/WhatsApp-Image-2025-05-10-at-10.17.55.jpeg","datePublished":"2025-05-10T08:53:55+00:00","author":{"@id":"https:\/\/www.caudete.org\/ayuntamiento\/#\/schema\/person\/cc646da9133078ee4d8dd47457947253"},"description":"P\u00e1gina Oficial del Ayuntamiento de Caudete (Albacete)","breadcrumb":{"@id":"https:\/\/www.caudete.org\/ayuntamiento\/activado-el-platenum-al-decretarse-nivel-naranja-por-lluvias-y-tormentas-con-granizo\/#breadcrumb"},"inLanguage":"es","potentialAction":[{"@type":"ReadAction","target":["https:\/\/www.caudete.org\/ayuntamiento\/activado-el-platenum-al-decretarse-nivel-naranja-por-lluvias-y-tormentas-con-granizo\/"]}]},{"@type":"ImageObject","inLanguage":"es","@id":"https:\/\/www.caudete.org\/ayuntamiento\/activado-el-platenum-al-decretarse-nivel-naranja-por-lluvias-y-tormentas-con-granizo\/#primaryimage","url":"https:\/\/www.caudete.org\/ayuntamiento\/wp-content\/uploads\/2025\/05\/WhatsApp-Image-2025-05-10-at-10.17.55.jpeg","contentUrl":"https:\/\/www.caudete.org\/ayuntamiento\/wp-content\/uploads\/2025\/05\/WhatsApp-Image-2025-05-10-at-10.17.55.jpeg","width":1080,"height":791},{"@type":"BreadcrumbList","@id":"https:\/\/www.caudete.org\/ayuntamiento\/activado-el-platenum-al-decretarse-nivel-naranja-por-lluvias-y-tormentas-con-granizo\/#breadcrumb","itemListElement":[{"@type":"ListItem","position":1,"name":"Inicio","item":"https:\/\/www.caudete.org\/ayuntamiento\/"},{"@type":"ListItem","position":2,"name":"Activado el PLATENUM al decretarse nivel NARANJA por lluvias y tormentas con granizo"}]},{"@type":"WebSite","@id":"https:\/\/www.caudete.org\/ayuntamiento\/#website","url":"https:\/\/www.caudete.org\/ayuntamiento\/","name":"MI Ayuntamiento de Caudete","description":"P\u00e1gina Oficial del MI Ayuntamiento de Caudete","potentialAction":[{"@type":"SearchAction","target":{"@type":"EntryPoint","urlTemplate":"https:\/\/www.caudete.org\/ayuntamiento\/?s={search_term_string}"},"query-input":{"@type":"PropertyValueSpecification","valueRequired":true,"valueName":"search_term_string"}}],"inLanguage":"es"},{"@type":"Person","@id":"https:\/\/www.caudete.org\/ayuntamiento\/#\/schema\/person\/cc646da9133078ee4d8dd47457947253","name":"alcalde","image":{"@type":"ImageObject","inLanguage":"es","@id":"https:\/\/secure.gravatar.com\/avatar\/84a817ba065b29ff08d666b215a215f5c79186a645ccb25b14a663d48a130f77?s=96&d=mm&r=g","url":"https:\/\/secure.gravatar.com\/avatar\/84a817ba065b29ff08d666b215a215f5c79186a645ccb25b14a663d48a130f77?s=96&d=mm&r=g","contentUrl":"https:\/\/secure.gravatar.com\/avatar\/84a817ba065b29ff08d666b215a215f5c79186a645ccb25b14a663d48a130f77?s=96&d=mm&r=g","caption":"alcalde"},"url":"https:\/\/www.caudete.org\/ayuntamiento\/author\/alcalde\/"}]}},"_links":{"self":[{"href":"https:\/\/www.caudete.org\/ayuntamiento\/wp-json\/wp\/v2\/posts\/28626","targetHints":{"allow":["GET"]}}],"collection":[{"href":"https:\/\/www.caudete.org\/ayuntamiento\/wp-json\/wp\/v2\/posts"}],"about":[{"href":"https:\/\/www.caudete.org\/ayuntamiento\/wp-json\/wp\/v2\/types\/post"}],"author":[{"embeddable":true,"href":"https:\/\/www.caudete.org\/ayuntamiento\/wp-json\/wp\/v2\/users\/3"}],"replies":[{"embeddable":true,"href":"https:\/\/www.caudete.org\/ayuntamiento\/wp-json\/wp\/v2\/comments?post=28626"}],"version-history":[{"count":1,"href":"https:\/\/www.caudete.org\/ayuntamiento\/wp-json\/wp\/v2\/posts\/28626\/revisions"}],"predecessor-version":[{"id":28628,"href":"https:\/\/www.caudete.org\/ayuntamiento\/wp-json\/wp\/v2\/posts\/28626\/revisions\/28628"}],"wp:featuredmedia":[{"embeddable":true,"href":"https:\/\/www.caudete.org\/ayuntamiento\/wp-json\/wp\/v2\/media\/28627"}],"wp:attachment":[{"href":"https:\/\/www.caudete.org\/ayuntamiento\/wp-json\/wp\/v2\/media?parent=28626"}],"wp:term":[{"taxonomy":"category","embeddable":true,"href":"https:\/\/www.caudete.org\/ayuntamiento\/wp-json\/wp\/v2\/categories?post=28626"},{"taxonomy":"post_tag","embeddable":true,"href":"https:\/\/www.caudete.org\/ayuntamiento\/wp-json\/wp\/v2\/tags?post=28626"}],"curies":[{"name":"wp","href":"https:\/\/api.w.org\/{rel}","templated":true}]}}