{"id":28629,"date":"2025-05-10T11:05:46","date_gmt":"2025-05-10T09:05:46","guid":{"rendered":"https:\/\/www.caudete.org\/ayuntamiento\/?p=28629"},"modified":"2025-05-10T11:06:15","modified_gmt":"2025-05-10T09:06:15","slug":"aplazado-el-cross-antonio-amoros-ante-la-situacion-meteorologica","status":"publish","type":"post","link":"https:\/\/www.caudete.org\/ayuntamiento\/aplazado-el-cross-antonio-amoros-ante-la-situacion-meteorologica\/","title":{"rendered":"Aplazado el CROSS ANTONIO AMOROS ante la situaci\u00f3n meteorol\u00f3gica"},"content":{"rendered":"<p style=\"text-align: justify;\">Dadas las previsiones meteorol\u00f3gicas previstas para el d\u00eda de hoy, la activaci\u00f3n del Platenum (Plan Municipal de Emergencias) y la previsi\u00f3n de activaci\u00f3n del Meteocam (a nivel regional), se ha realizado una reuni\u00f3n entre el CECOPAL con el Alcalde al frente y el \u00e1rea de Deportes con su T\u00e9cnico y Concejal al frente.<\/p>\n<p style=\"text-align: justify;\">Valorada la situaci\u00f3n, se ha tomado la decisi\u00f3n de aplazar la prueba del Cross Antonio Amor\u00f3s-Crisnova Vidrio, lo que se ha trasladado a la Diputaci\u00f3n de Albacete para su conocimiento.<\/p>\n<p style=\"text-align: justify;\">En d\u00edas sucesivos se buscar\u00e1 la opci\u00f3n de poder realizar la prueba en otras fechas, y en caso de no ser posible, quedar completamente suspendida, lo cual se anunciar\u00e1 en su momento.<\/p>\n","protected":false},"excerpt":{"rendered":"<p>Dadas las previsiones meteorol\u00f3gicas previstas para el d\u00eda de hoy, la activaci\u00f3n del Platenum (Plan Municipal de Emergencias) y la previsi\u00f3n de activaci\u00f3n del Meteocam (a nivel regional), se ha realizado una reuni\u00f3n entre el CECOPAL con el Alcalde al frente y el \u00e1rea de Deportes con su T\u00e9cnico y Concejal al frente. Valorada la &hellip;<\/p>\n","protected":false},"author":3,"featured_media":28630,"comment_status":"closed","ping_status":"open","sticky":false,"template":"","format":"standard","meta":{"ngg_post_thumbnail":0,"footnotes":""},"categories":[23],"tags":[],"class_list":["post-28629","post","type-post","status-publish","format-standard","has-post-thumbnail","hentry","category-deportes"],"yoast_head":"<!-- This site is optimized with the Yoast SEO plugin v27.5 - https:\/\/yoast.com\/product\/yoast-seo-wordpress\/ -->\n<title>Aplazado el CROSS ANTONIO AMOROS ante la situaci\u00f3n meteorol\u00f3gica - MI Ayuntamiento de Caudete<\/title>\n<meta name=\"description\" content=\"P\u00e1gina Oficial del Ayuntamiento de Caudete (Albacete)\" \/>\n<meta name=\"robots\" content=\"index, follow, max-snippet:-1, max-image-preview:large, max-video-preview:-1\" \/>\n<link rel=\"canonical\" href=\"https:\/\/www.caudete.org\/ayuntamiento\/aplazado-el-cross-antonio-amoros-ante-la-situacion-meteorologica\/\" \/>\n<meta property=\"og:locale\" content=\"es_ES\" \/>\n<meta property=\"og:type\" content=\"article\" \/>\n<meta property=\"og:title\" content=\"Aplazado el CROSS ANTONIO AMOROS ante la situaci\u00f3n meteorol\u00f3gica - MI Ayuntamiento de Caudete\" \/>\n<meta property=\"og:description\" content=\"P\u00e1gina Oficial del Ayuntamiento de Caudete (Albacete)\" \/>\n<meta property=\"og:url\" content=\"https:\/\/www.caudete.org\/ayuntamiento\/aplazado-el-cross-antonio-amoros-ante-la-situacion-meteorologica\/\" \/>\n<meta property=\"og:site_name\" content=\"MI Ayuntamiento de Caudete\" \/>\n<meta property=\"article:publisher\" content=\"https:\/\/www.facebook.com\/ayuntamientocaudete\/\" \/>\n<meta property=\"article:published_time\" content=\"2025-05-10T09:05:46+00:00\" \/>\n<meta property=\"article:modified_time\" content=\"2025-05-10T09:06:15+00:00\" \/>\n<meta property=\"og:image\" content=\"https:\/\/www.caudete.org\/ayuntamiento\/wp-content\/uploads\/2025\/05\/cross-antonio-amoros-crisnova-vidrio-2025-caudete-digital-1.jpg\" \/>\n\t<meta property=\"og:image:width\" content=\"1024\" \/>\n\t<meta property=\"og:image:height\" content=\"600\" \/>\n\t<meta property=\"og:image:type\" content=\"image\/jpeg\" \/>\n<meta name=\"author\" content=\"alcalde\" \/>\n<meta name=\"twitter:card\" content=\"summary_large_image\" \/>\n<meta name=\"twitter:label1\" content=\"Escrito por\" \/>\n\t<meta name=\"twitter:data1\" content=\"alcalde\" \/>\n\t<meta name=\"twitter:label2\" content=\"Tiempo de lectura\" \/>\n\t<meta name=\"twitter:data2\" content=\"1 minuto\" \/>\n<script type=\"application\/ld+json\" class=\"yoast-schema-graph\">{\"@context\":\"https:\\\/\\\/schema.org\",\"@graph\":[{\"@type\":\"Article\",\"@id\":\"https:\\\/\\\/www.caudete.org\\\/ayuntamiento\\\/aplazado-el-cross-antonio-amoros-ante-la-situacion-meteorologica\\\/#article\",\"isPartOf\":{\"@id\":\"https:\\\/\\\/www.caudete.org\\\/ayuntamiento\\\/aplazado-el-cross-antonio-amoros-ante-la-situacion-meteorologica\\\/\"},\"author\":{\"name\":\"alcalde\",\"@id\":\"https:\\\/\\\/www.caudete.org\\\/ayuntamiento\\\/#\\\/schema\\\/person\\\/cc646da9133078ee4d8dd47457947253\"},\"headline\":\"Aplazado el CROSS ANTONIO AMOROS ante la situaci\u00f3n meteorol\u00f3gica\",\"datePublished\":\"2025-05-10T09:05:46+00:00\",\"dateModified\":\"2025-05-10T09:06:15+00:00\",\"mainEntityOfPage\":{\"@id\":\"https:\\\/\\\/www.caudete.org\\\/ayuntamiento\\\/aplazado-el-cross-antonio-amoros-ante-la-situacion-meteorologica\\\/\"},\"wordCount\":139,\"image\":{\"@id\":\"https:\\\/\\\/www.caudete.org\\\/ayuntamiento\\\/aplazado-el-cross-antonio-amoros-ante-la-situacion-meteorologica\\\/#primaryimage\"},\"thumbnailUrl\":\"https:\\\/\\\/www.caudete.org\\\/ayuntamiento\\\/wp-content\\\/uploads\\\/2025\\\/05\\\/cross-antonio-amoros-crisnova-vidrio-2025-caudete-digital-1.jpg\",\"articleSection\":[\"Deportes\"],\"inLanguage\":\"es\"},{\"@type\":\"WebPage\",\"@id\":\"https:\\\/\\\/www.caudete.org\\\/ayuntamiento\\\/aplazado-el-cross-antonio-amoros-ante-la-situacion-meteorologica\\\/\",\"url\":\"https:\\\/\\\/www.caudete.org\\\/ayuntamiento\\\/aplazado-el-cross-antonio-amoros-ante-la-situacion-meteorologica\\\/\",\"name\":\"Aplazado el CROSS ANTONIO AMOROS ante la situaci\u00f3n meteorol\u00f3gica - MI Ayuntamiento de Caudete\",\"isPartOf\":{\"@id\":\"https:\\\/\\\/www.caudete.org\\\/ayuntamiento\\\/#website\"},\"primaryImageOfPage\":{\"@id\":\"https:\\\/\\\/www.caudete.org\\\/ayuntamiento\\\/aplazado-el-cross-antonio-amoros-ante-la-situacion-meteorologica\\\/#primaryimage\"},\"image\":{\"@id\":\"https:\\\/\\\/www.caudete.org\\\/ayuntamiento\\\/aplazado-el-cross-antonio-amoros-ante-la-situacion-meteorologica\\\/#primaryimage\"},\"thumbnailUrl\":\"https:\\\/\\\/www.caudete.org\\\/ayuntamiento\\\/wp-content\\\/uploads\\\/2025\\\/05\\\/cross-antonio-amoros-crisnova-vidrio-2025-caudete-digital-1.jpg\",\"datePublished\":\"2025-05-10T09:05:46+00:00\",\"dateModified\":\"2025-05-10T09:06:15+00:00\",\"author\":{\"@id\":\"https:\\\/\\\/www.caudete.org\\\/ayuntamiento\\\/#\\\/schema\\\/person\\\/cc646da9133078ee4d8dd47457947253\"},\"description\":\"P\u00e1gina Oficial del Ayuntamiento de Caudete (Albacete)\",\"breadcrumb\":{\"@id\":\"https:\\\/\\\/www.caudete.org\\\/ayuntamiento\\\/aplazado-el-cross-antonio-amoros-ante-la-situacion-meteorologica\\\/#breadcrumb\"},\"inLanguage\":\"es\",\"potentialAction\":[{\"@type\":\"ReadAction\",\"target\":[\"https:\\\/\\\/www.caudete.org\\\/ayuntamiento\\\/aplazado-el-cross-antonio-amoros-ante-la-situacion-meteorologica\\\/\"]}]},{\"@type\":\"ImageObject\",\"inLanguage\":\"es\",\"@id\":\"https:\\\/\\\/www.caudete.org\\\/ayuntamiento\\\/aplazado-el-cross-antonio-amoros-ante-la-situacion-meteorologica\\\/#primaryimage\",\"url\":\"https:\\\/\\\/www.caudete.org\\\/ayuntamiento\\\/wp-content\\\/uploads\\\/2025\\\/05\\\/cross-antonio-amoros-crisnova-vidrio-2025-caudete-digital-1.jpg\",\"contentUrl\":\"https:\\\/\\\/www.caudete.org\\\/ayuntamiento\\\/wp-content\\\/uploads\\\/2025\\\/05\\\/cross-antonio-amoros-crisnova-vidrio-2025-caudete-digital-1.jpg\",\"width\":1024,\"height\":600},{\"@type\":\"BreadcrumbList\",\"@id\":\"https:\\\/\\\/www.caudete.org\\\/ayuntamiento\\\/aplazado-el-cross-antonio-amoros-ante-la-situacion-meteorologica\\\/#breadcrumb\",\"itemListElement\":[{\"@type\":\"ListItem\",\"position\":1,\"name\":\"Inicio\",\"item\":\"https:\\\/\\\/www.caudete.org\\\/ayuntamiento\\\/\"},{\"@type\":\"ListItem\",\"position\":2,\"name\":\"Aplazado el CROSS ANTONIO AMOROS ante la situaci\u00f3n meteorol\u00f3gica\"}]},{\"@type\":\"WebSite\",\"@id\":\"https:\\\/\\\/www.caudete.org\\\/ayuntamiento\\\/#website\",\"url\":\"https:\\\/\\\/www.caudete.org\\\/ayuntamiento\\\/\",\"name\":\"MI Ayuntamiento de Caudete\",\"description\":\"P\u00e1gina Oficial del MI Ayuntamiento de Caudete\",\"potentialAction\":[{\"@type\":\"SearchAction\",\"target\":{\"@type\":\"EntryPoint\",\"urlTemplate\":\"https:\\\/\\\/www.caudete.org\\\/ayuntamiento\\\/?s={search_term_string}\"},\"query-input\":{\"@type\":\"PropertyValueSpecification\",\"valueRequired\":true,\"valueName\":\"search_term_string\"}}],\"inLanguage\":\"es\"},{\"@type\":\"Person\",\"@id\":\"https:\\\/\\\/www.caudete.org\\\/ayuntamiento\\\/#\\\/schema\\\/person\\\/cc646da9133078ee4d8dd47457947253\",\"name\":\"alcalde\",\"image\":{\"@type\":\"ImageObject\",\"inLanguage\":\"es\",\"@id\":\"https:\\\/\\\/secure.gravatar.com\\\/avatar\\\/84a817ba065b29ff08d666b215a215f5c79186a645ccb25b14a663d48a130f77?s=96&d=mm&r=g\",\"url\":\"https:\\\/\\\/secure.gravatar.com\\\/avatar\\\/84a817ba065b29ff08d666b215a215f5c79186a645ccb25b14a663d48a130f77?s=96&d=mm&r=g\",\"contentUrl\":\"https:\\\/\\\/secure.gravatar.com\\\/avatar\\\/84a817ba065b29ff08d666b215a215f5c79186a645ccb25b14a663d48a130f77?s=96&d=mm&r=g\",\"caption\":\"alcalde\"},\"url\":\"https:\\\/\\\/www.caudete.org\\\/ayuntamiento\\\/author\\\/alcalde\\\/\"}]}<\/script>\n<!-- \/ Yoast SEO plugin. -->","yoast_head_json":{"title":"Aplazado el CROSS ANTONIO AMOROS ante la situaci\u00f3n meteorol\u00f3gica - MI Ayuntamiento de Caudete","description":"P\u00e1gina Oficial del Ayuntamiento de Caudete (Albacete)","robots":{"index":"index","follow":"follow","max-snippet":"max-snippet:-1","max-image-preview":"max-image-preview:large","max-video-preview":"max-video-preview:-1"},"canonical":"https:\/\/www.caudete.org\/ayuntamiento\/aplazado-el-cross-antonio-amoros-ante-la-situacion-meteorologica\/","og_locale":"es_ES","og_type":"article","og_title":"Aplazado el CROSS ANTONIO AMOROS ante la situaci\u00f3n meteorol\u00f3gica - MI Ayuntamiento de Caudete","og_description":"P\u00e1gina Oficial del Ayuntamiento de Caudete (Albacete)","og_url":"https:\/\/www.caudete.org\/ayuntamiento\/aplazado-el-cross-antonio-amoros-ante-la-situacion-meteorologica\/","og_site_name":"MI Ayuntamiento de Caudete","article_publisher":"https:\/\/www.facebook.com\/ayuntamientocaudete\/","article_published_time":"2025-05-10T09:05:46+00:00","article_modified_time":"2025-05-10T09:06:15+00:00","og_image":[{"width":1024,"height":600,"url":"https:\/\/www.caudete.org\/ayuntamiento\/wp-content\/uploads\/2025\/05\/cross-antonio-amoros-crisnova-vidrio-2025-caudete-digital-1.jpg","type":"image\/jpeg"}],"author":"alcalde","twitter_card":"summary_large_image","twitter_misc":{"Escrito por":"alcalde","Tiempo de lectura":"1 minuto"},"schema":{"@context":"https:\/\/schema.org","@graph":[{"@type":"Article","@id":"https:\/\/www.caudete.org\/ayuntamiento\/aplazado-el-cross-antonio-amoros-ante-la-situacion-meteorologica\/#article","isPartOf":{"@id":"https:\/\/www.caudete.org\/ayuntamiento\/aplazado-el-cross-antonio-amoros-ante-la-situacion-meteorologica\/"},"author":{"name":"alcalde","@id":"https:\/\/www.caudete.org\/ayuntamiento\/#\/schema\/person\/cc646da9133078ee4d8dd47457947253"},"headline":"Aplazado el CROSS ANTONIO AMOROS ante la situaci\u00f3n meteorol\u00f3gica","datePublished":"2025-05-10T09:05:46+00:00","dateModified":"2025-05-10T09:06:15+00:00","mainEntityOfPage":{"@id":"https:\/\/www.caudete.org\/ayuntamiento\/aplazado-el-cross-antonio-amoros-ante-la-situacion-meteorologica\/"},"wordCount":139,"image":{"@id":"https:\/\/www.caudete.org\/ayuntamiento\/aplazado-el-cross-antonio-amoros-ante-la-situacion-meteorologica\/#primaryimage"},"thumbnailUrl":"https:\/\/www.caudete.org\/ayuntamiento\/wp-content\/uploads\/2025\/05\/cross-antonio-amoros-crisnova-vidrio-2025-caudete-digital-1.jpg","articleSection":["Deportes"],"inLanguage":"es"},{"@type":"WebPage","@id":"https:\/\/www.caudete.org\/ayuntamiento\/aplazado-el-cross-antonio-amoros-ante-la-situacion-meteorologica\/","url":"https:\/\/www.caudete.org\/ayuntamiento\/aplazado-el-cross-antonio-amoros-ante-la-situacion-meteorologica\/","name":"Aplazado el CROSS ANTONIO AMOROS ante la situaci\u00f3n meteorol\u00f3gica - MI Ayuntamiento de Caudete","isPartOf":{"@id":"https:\/\/www.caudete.org\/ayuntamiento\/#website"},"primaryImageOfPage":{"@id":"https:\/\/www.caudete.org\/ayuntamiento\/aplazado-el-cross-antonio-amoros-ante-la-situacion-meteorologica\/#primaryimage"},"image":{"@id":"https:\/\/www.caudete.org\/ayuntamiento\/aplazado-el-cross-antonio-amoros-ante-la-situacion-meteorologica\/#primaryimage"},"thumbnailUrl":"https:\/\/www.caudete.org\/ayuntamiento\/wp-content\/uploads\/2025\/05\/cross-antonio-amoros-crisnova-vidrio-2025-caudete-digital-1.jpg","datePublished":"2025-05-10T09:05:46+00:00","dateModified":"2025-05-10T09:06:15+00:00","author":{"@id":"https:\/\/www.caudete.org\/ayuntamiento\/#\/schema\/person\/cc646da9133078ee4d8dd47457947253"},"description":"P\u00e1gina Oficial del Ayuntamiento de Caudete (Albacete)","breadcrumb":{"@id":"https:\/\/www.caudete.org\/ayuntamiento\/aplazado-el-cross-antonio-amoros-ante-la-situacion-meteorologica\/#breadcrumb"},"inLanguage":"es","potentialAction":[{"@type":"ReadAction","target":["https:\/\/www.caudete.org\/ayuntamiento\/aplazado-el-cross-antonio-amoros-ante-la-situacion-meteorologica\/"]}]},{"@type":"ImageObject","inLanguage":"es","@id":"https:\/\/www.caudete.org\/ayuntamiento\/aplazado-el-cross-antonio-amoros-ante-la-situacion-meteorologica\/#primaryimage","url":"https:\/\/www.caudete.org\/ayuntamiento\/wp-content\/uploads\/2025\/05\/cross-antonio-amoros-crisnova-vidrio-2025-caudete-digital-1.jpg","contentUrl":"https:\/\/www.caudete.org\/ayuntamiento\/wp-content\/uploads\/2025\/05\/cross-antonio-amoros-crisnova-vidrio-2025-caudete-digital-1.jpg","width":1024,"height":600},{"@type":"BreadcrumbList","@id":"https:\/\/www.caudete.org\/ayuntamiento\/aplazado-el-cross-antonio-amoros-ante-la-situacion-meteorologica\/#breadcrumb","itemListElement":[{"@type":"ListItem","position":1,"name":"Inicio","item":"https:\/\/www.caudete.org\/ayuntamiento\/"},{"@type":"ListItem","position":2,"name":"Aplazado el CROSS ANTONIO AMOROS ante la situaci\u00f3n meteorol\u00f3gica"}]},{"@type":"WebSite","@id":"https:\/\/www.caudete.org\/ayuntamiento\/#website","url":"https:\/\/www.caudete.org\/ayuntamiento\/","name":"MI Ayuntamiento de Caudete","description":"P\u00e1gina Oficial del MI Ayuntamiento de Caudete","potentialAction":[{"@type":"SearchAction","target":{"@type":"EntryPoint","urlTemplate":"https:\/\/www.caudete.org\/ayuntamiento\/?s={search_term_string}"},"query-input":{"@type":"PropertyValueSpecification","valueRequired":true,"valueName":"search_term_string"}}],"inLanguage":"es"},{"@type":"Person","@id":"https:\/\/www.caudete.org\/ayuntamiento\/#\/schema\/person\/cc646da9133078ee4d8dd47457947253","name":"alcalde","image":{"@type":"ImageObject","inLanguage":"es","@id":"https:\/\/secure.gravatar.com\/avatar\/84a817ba065b29ff08d666b215a215f5c79186a645ccb25b14a663d48a130f77?s=96&d=mm&r=g","url":"https:\/\/secure.gravatar.com\/avatar\/84a817ba065b29ff08d666b215a215f5c79186a645ccb25b14a663d48a130f77?s=96&d=mm&r=g","contentUrl":"https:\/\/secure.gravatar.com\/avatar\/84a817ba065b29ff08d666b215a215f5c79186a645ccb25b14a663d48a130f77?s=96&d=mm&r=g","caption":"alcalde"},"url":"https:\/\/www.caudete.org\/ayuntamiento\/author\/alcalde\/"}]}},"_links":{"self":[{"href":"https:\/\/www.caudete.org\/ayuntamiento\/wp-json\/wp\/v2\/posts\/28629","targetHints":{"allow":["GET"]}}],"collection":[{"href":"https:\/\/www.caudete.org\/ayuntamiento\/wp-json\/wp\/v2\/posts"}],"about":[{"href":"https:\/\/www.caudete.org\/ayuntamiento\/wp-json\/wp\/v2\/types\/post"}],"author":[{"embeddable":true,"href":"https:\/\/www.caudete.org\/ayuntamiento\/wp-json\/wp\/v2\/users\/3"}],"replies":[{"embeddable":true,"href":"https:\/\/www.caudete.org\/ayuntamiento\/wp-json\/wp\/v2\/comments?post=28629"}],"version-history":[{"count":1,"href":"https:\/\/www.caudete.org\/ayuntamiento\/wp-json\/wp\/v2\/posts\/28629\/revisions"}],"predecessor-version":[{"id":28631,"href":"https:\/\/www.caudete.org\/ayuntamiento\/wp-json\/wp\/v2\/posts\/28629\/revisions\/28631"}],"wp:featuredmedia":[{"embeddable":true,"href":"https:\/\/www.caudete.org\/ayuntamiento\/wp-json\/wp\/v2\/media\/28630"}],"wp:attachment":[{"href":"https:\/\/www.caudete.org\/ayuntamiento\/wp-json\/wp\/v2\/media?parent=28629"}],"wp:term":[{"taxonomy":"category","embeddable":true,"href":"https:\/\/www.caudete.org\/ayuntamiento\/wp-json\/wp\/v2\/categories?post=28629"},{"taxonomy":"post_tag","embeddable":true,"href":"https:\/\/www.caudete.org\/ayuntamiento\/wp-json\/wp\/v2\/tags?post=28629"}],"curies":[{"name":"wp","href":"https:\/\/api.w.org\/{rel}","templated":true}]}}