{"id":28640,"date":"2025-05-12T12:41:25","date_gmt":"2025-05-12T10:41:25","guid":{"rendered":"https:\/\/www.caudete.org\/ayuntamiento\/?p=28640"},"modified":"2025-05-12T13:42:42","modified_gmt":"2025-05-12T11:42:42","slug":"28640-2","status":"publish","type":"post","link":"https:\/\/www.caudete.org\/ayuntamiento\/28640-2\/","title":{"rendered":"Convocatoria de ayudas para proyectos particulares, aut\u00f3nomos, micro y peque\u00f1as empresas"},"content":{"rendered":"<p align=\"justify\"><a href=\"https:\/\/www.caudete.org\/ayuntamiento\/wp-content\/uploads\/2025\/05\/convocatoria-linea-1-mancomunidad.jpg\" rel='prettyPhoto'><img fetchpriority=\"high\" decoding=\"async\" class=\"alignnone wp-image-28641 size-full\" src=\"https:\/\/www.caudete.org\/ayuntamiento\/wp-content\/uploads\/2025\/05\/convocatoria-linea-1-mancomunidad.jpg\" alt=\"\" width=\"1648\" height=\"656\" srcset=\"https:\/\/www.caudete.org\/ayuntamiento\/wp-content\/uploads\/2025\/05\/convocatoria-linea-1-mancomunidad.jpg 1648w, https:\/\/www.caudete.org\/ayuntamiento\/wp-content\/uploads\/2025\/05\/convocatoria-linea-1-mancomunidad-600x239.jpg 600w, https:\/\/www.caudete.org\/ayuntamiento\/wp-content\/uploads\/2025\/05\/convocatoria-linea-1-mancomunidad-1200x478.jpg 1200w, https:\/\/www.caudete.org\/ayuntamiento\/wp-content\/uploads\/2025\/05\/convocatoria-linea-1-mancomunidad-768x306.jpg 768w, https:\/\/www.caudete.org\/ayuntamiento\/wp-content\/uploads\/2025\/05\/convocatoria-linea-1-mancomunidad-1536x611.jpg 1536w\" sizes=\"(max-width: 1648px) 100vw, 1648px\" \/><\/a><\/p>\n<p align=\"justify\"><span style=\"color: #535353;\"><span style=\"font-family: Liberation Serif, serif;\"><span style=\"font-size: large;\">La Concejal de Promoci\u00f3n y\u00a0 Desarrollo Econ\u00f3mico, M\u00aa Dolores Requena, integrante a su vez del Grupo de Desarrollo Rural Monte Ib\u00e9rico \u2013 Corredor de Almansa en representaci\u00f3n d<\/span><\/span><\/span><span style=\"color: #535353;\"><span style=\"font-family: Liberation Serif, serif;\"><span style=\"font-size: large;\">el Ayuntamiento de Caudete, informa de la apertura de<\/span><\/span><\/span><span style=\"color: #535353;\"><span style=\"font-family: Liberation Serif, serif;\"><span style=\"font-size: large;\"> tres nuevas convocatorias de ayudas por un importe t<\/span><\/span><\/span><span style=\"color: #535353;\"><span style=\"font-family: Liberation Serif, serif;\"><span style=\"font-size: large;\">otal<\/span><\/span><\/span><span style=\"color: #535353;\"><span style=\"font-family: Liberation Serif, serif;\"><span style=\"font-size: large;\"> que supera los 800.000 euros, <\/span><\/span><\/span><span style=\"color: #535353;\"><span style=\"font-family: Liberation Serif, serif;\"><span style=\"font-size: large;\">que van<\/span><\/span><\/span><span style=\"color: #535353;\"><span style=\"font-family: Liberation Serif, serif;\"><span style=\"font-size: large;\"> dirigidas a particulares, empresas, personas emprendedoras y administraciones p\u00fablicas de la comarca. <\/span><\/span><\/span><\/p>\n<p align=\"justify\"><span style=\"color: #535353;\"><span style=\"font-family: Liberation Serif, serif;\"><span style=\"font-size: large;\">Cofinanciadas a trav\u00e9s de los fondos europeos Leader, tienen como objetivo impulsar el desarrollo econ\u00f3mico y social en los municipios m\u00e1s afectados por la despoblaci\u00f3n.<\/span><\/span><\/span><\/p>\n<p align=\"justify\"><span style=\"color: #535353;\"><span style=\"font-family: Liberation Serif, serif;\"><span style=\"font-size: large;\">Las tres l\u00edneas de ayudas publicadas son las siguientes:<\/span><\/span><\/span><\/p>\n<p align=\"justify\"><strong><span style=\"color: #e67e22;\"><span style=\"font-family: Liberation Serif, serif;\"><span style=\"font-size: large;\">1. Ayudas a proyectos de particulares, aut\u00f3nomos, micro y peque\u00f1as empresas (convocatoria 1\/2025)<\/span><\/span><\/span><\/strong><\/p>\n<p align=\"justify\"><span style=\"color: #535353;\"><span style=\"font-family: Liberation Serif, serif;\"><span style=\"font-size: large;\">Destinadas a apoyar iniciativas diferentes del emprendimiento, fijan e<\/span><\/span><\/span><span style=\"color: #535353;\"><span style=\"font-family: Liberation Serif, serif;\"><span style=\"font-size: large;\">l \u00e1mbito de actuaci\u00f3n de esta ayuda <\/span><\/span><\/span><span style=\"color: #535353;\"><span style=\"font-family: Liberation Serif, serif;\"><span style=\"font-size: large;\">en las siguientes localidades <\/span><\/span><\/span><span style=\"color: #535353;\"><span style=\"font-family: Liberation Serif, serif;\"><span style=\"font-size: large;\">(con diferente porcentaje seg\u00fan localidades de intensa despoblaci\u00f3n entre un 65% o un 45% ): Alpera, Bonete, Corral Rubio, Higueruela, Hoya Gonzalo, Montealegre del Castillo, P\u00e9trola, Pozo Ca\u00f1ada, Caudete y Chinchilla de Montearag\u00f3n.<\/span><\/span><\/span><\/p>\n<p align=\"justify\"><span style=\"color: #535353;\"><span style=\"font-family: Liberation Serif, serif;\"><span style=\"font-size: large;\">Adem\u00e1s, se respaldar\u00e1n operaciones de apoyo a industrias agroalimentarias cuyo presupuesto de inversi\u00f3n sea inferior a 100.000 euros (sin incluir iva), donde <\/span><\/span><\/span><span style=\"color: #535353;\"><span style=\"font-family: Liberation Serif, serif;\"><span style=\"font-size: large;\">es importante resaltar que los proyectos para las que se solicite la ayuda, no deben estar iniciados o adquiridas en su caso, en el momento de solicitarla.<\/span><\/span><\/span><\/p>\n<p align=\"justify\"><a href=\"https:\/\/adcmi.sedipualba.es\/tablondeanuncios\/anuncio.aspx?id=62182\" target=\"_blank\" rel=\"nofollow\">las bases de la convocatoria<\/a><span style=\"font-family: 'Liberation Serif', serif; color: #808080;\"> <span style=\"font-size: large;\">pueden consultarse en el tabl\u00f3n de anuncios de la sede electr\u00f3nica de la entidad convocante.<\/span><\/span><\/p>\n<p align=\"justify\"><strong><span style=\"color: #e67e22;\"><span style=\"font-family: Liberation Serif, serif;\"><span style=\"font-size: large;\">2. Ayudas a proyectos de emprendimiento para personas desempleadas (convocatoria 2\/2025)<\/span><\/span><\/span><\/strong><\/p>\n<p align=\"justify\"><span style=\"color: #535353;\"><span style=\"font-family: Liberation Serif, serif;\"><span style=\"font-size: large;\">Esta l\u00ednea espec\u00edfica, <\/span><\/span><\/span><span style=\"color: #535353;\"><span style=\"font-family: Liberation Serif, serif;\"><span style=\"font-size: large;\">va<\/span><\/span><\/span><span style=\"color: #535353;\"><span style=\"font-family: Liberation Serif, serif;\"><span style=\"font-size: large;\"> dirigida a personas f\u00edsicas desempleadas que deseen poner en marcha un proyecto emprendedor. <\/span><\/span><\/span><\/p>\n<p align=\"justify\"><span style=\"color: #535353;\"><span style=\"font-family: Liberation Serif, serif;\"><span style=\"font-size: large;\">El importe de ayuda asciende a 27.000 euros, y el \u00e1mbito de actuaci\u00f3n incluye los municipios de Alpera, Bonete, Corral Rubio, Higueruela, Hoya Gonzalo, Montealegre del Castillo y P\u00e9trola. Caudete queda exclu\u00edda de esta convocatoria.<\/span><\/span><\/span><\/p>\n<p align=\"justify\"><a href=\"https:\/\/adcmi.sedipualba.es\/tablondeanuncios\/anuncio.aspx?id=62182\" target=\"_blank\" rel=\"nofollow\">Las bases de la convocatoria<\/a> <span style=\"color: #808080;\"><span style=\"font-family: Liberation Serif, serif;\"><span style=\"font-size: large;\">pueden consultarse en el tabl\u00f3n de anuncios de la sede electr\u00f3nica de la entidad convocante.<\/span><\/span><\/span><\/p>\n<p align=\"justify\"><strong><span style=\"color: #e67e22;\"><span style=\"font-family: Liberation Serif, serif;\"><span style=\"font-size: large;\">3. Ayudas a proyectos y operaciones de la administraci\u00f3n p\u00fablica (convocatoria 3\/2025)<\/span><\/span><\/span><\/strong><\/p>\n<p align=\"justify\"><span style=\"color: #535353;\"><span style=\"font-family: Liberation Serif, serif;\"><span style=\"font-size: large;\">Destinadas a apoyar actuaciones impulsadas por ayuntamientos y otras entidades p\u00fablicas de la comarca, con una financiaci\u00f3n de hasta el 90% del coste elegible. <\/span><\/span><\/span><\/p>\n<p align=\"justify\"><span style=\"color: #535353;\"><span style=\"font-family: Liberation Serif, serif;\"><span style=\"font-size: large;\">La intensidad de la ayuda estar\u00e1 vinculada a la puntuaci\u00f3n obtenida en la evaluaci\u00f3n del proyecto, siendo el m\u00e1ximo de 80 puntos equivalente al 90% de ayuda. Almansa queda excluida de esta convocatoria.<\/span><\/span><\/span><\/p>\n<p align=\"justify\"><a href=\"https:\/\/adcmi.sedipualba.es\/tablondeanuncios\/anuncio.aspx?id=62182\" target=\"_blank\" rel=\"nofollow\">Las bases de la convocatoria<\/a> <span style=\"color: #808080;\"><span style=\"font-family: Liberation Serif, serif;\"><span style=\"font-size: large;\">pueden consultarse en el tabl\u00f3n de anuncios de la sede electr\u00f3nica de la entidad convocante.<\/span><\/span><\/span><\/p>\n<p style=\"text-align: justify;\" align=\"justify\"><span style=\"color: #535353;\"><span style=\"font-family: Liberation Serif, serif;\"><span style=\"font-size: large;\">El plazo de solicitud para todas ellas ya est\u00e1 abierto, y desde el Grupo de Desarrollo Rural Monte Ib\u00e9rico \u2013 Corredor de Almansa animamos a particulares, empresas, emprendedores y administraciones locales a aprovechar esta oportunidad \u00fanica para dinamizar la comarca, fomentar el emprendimiento y apostar por el futuro del medio rural.<\/span><\/span><\/span><\/p>\n<p style=\"text-align: justify;\" align=\"justify\"><span style=\"color: #535353;\"><span style=\"font-family: Liberation Serif, serif;\"><span style=\"font-size: large;\">Para m\u00e1s informaci\u00f3n o asesoramiento en la tramitaci\u00f3n de las ayudas, puedes contactar con <\/span><\/span><\/span><span style=\"color: #535353;\"><span style=\"font-family: Liberation Serif, serif;\"><span style=\"font-size: large;\">el<\/span><\/span><\/span><span style=\"color: #535353;\"><span style=\"font-family: Liberation Serif, serif;\"><span style=\"font-size: large;\"> equipo t\u00e9cnico <\/span><\/span><\/span><span style=\"color: #535353;\"><span style=\"font-family: Liberation Serif, serif;\"><span style=\"font-size: large;\">de la entidad convocante cuyos datos de contacto aparecen en su web <\/span><\/span><\/span><span style=\"color: #535353;\"><span style=\"font-family: Liberation Serif, serif;\"><span style=\"font-size: large;\"><i>www.cedermonteiberico.com<\/i><\/span><\/span><\/span><\/p>\n","protected":false},"excerpt":{"rendered":"<p>La Concejal de Promoci\u00f3n y\u00a0 Desarrollo Econ\u00f3mico, M\u00aa Dolores Requena, integrante a su vez del Grupo de Desarrollo Rural Monte Ib\u00e9rico \u2013 Corredor de Almansa en representaci\u00f3n del Ayuntamiento de Caudete, informa de la apertura de tres nuevas convocatorias de ayudas por un importe total que supera los 800.000 euros, que van dirigidas a particulares, &hellip;<\/p>\n","protected":false},"author":3,"featured_media":28642,"comment_status":"closed","ping_status":"open","sticky":false,"template":"","format":"standard","meta":{"ngg_post_thumbnail":0,"footnotes":""},"categories":[851],"tags":[],"class_list":["post-28640","post","type-post","status-publish","format-standard","has-post-thumbnail","hentry","category-promocion-y-desarrollo-economico"],"yoast_head":"<!-- This site is optimized with the Yoast SEO plugin v27.4 - https:\/\/yoast.com\/product\/yoast-seo-wordpress\/ -->\n<title>Convocatoria de ayudas para proyectos particulares, aut\u00f3nomos, micro y peque\u00f1as empresas - MI Ayuntamiento de Caudete<\/title>\n<meta name=\"description\" content=\"P\u00e1gina Oficial del Ayuntamiento de Caudete (Albacete)\" \/>\n<meta name=\"robots\" content=\"index, follow, max-snippet:-1, max-image-preview:large, max-video-preview:-1\" \/>\n<link rel=\"canonical\" href=\"https:\/\/www.caudete.org\/ayuntamiento\/28640-2\/\" \/>\n<meta property=\"og:locale\" content=\"es_ES\" \/>\n<meta property=\"og:type\" content=\"article\" \/>\n<meta property=\"og:title\" content=\"Convocatoria de ayudas para proyectos particulares, aut\u00f3nomos, micro y peque\u00f1as empresas - MI Ayuntamiento de Caudete\" \/>\n<meta property=\"og:description\" content=\"P\u00e1gina Oficial del Ayuntamiento de Caudete (Albacete)\" \/>\n<meta property=\"og:url\" content=\"https:\/\/www.caudete.org\/ayuntamiento\/28640-2\/\" \/>\n<meta property=\"og:site_name\" content=\"MI Ayuntamiento de Caudete\" \/>\n<meta property=\"article:publisher\" content=\"https:\/\/www.facebook.com\/ayuntamientocaudete\/\" \/>\n<meta property=\"article:published_time\" content=\"2025-05-12T10:41:25+00:00\" \/>\n<meta property=\"article:modified_time\" content=\"2025-05-12T11:42:42+00:00\" \/>\n<meta property=\"og:image\" content=\"https:\/\/www.caudete.org\/ayuntamiento\/wp-content\/uploads\/2025\/05\/ayudas-leader.jpg\" \/>\n\t<meta property=\"og:image:width\" content=\"920\" \/>\n\t<meta property=\"og:image:height\" content=\"707\" \/>\n\t<meta property=\"og:image:type\" content=\"image\/jpeg\" \/>\n<meta name=\"author\" content=\"alcalde\" \/>\n<meta name=\"twitter:card\" content=\"summary_large_image\" \/>\n<meta name=\"twitter:label1\" content=\"Escrito por\" \/>\n\t<meta name=\"twitter:data1\" content=\"alcalde\" \/>\n\t<meta name=\"twitter:label2\" content=\"Tiempo de lectura\" \/>\n\t<meta name=\"twitter:data2\" content=\"3 minutos\" \/>\n<script type=\"application\/ld+json\" class=\"yoast-schema-graph\">{\"@context\":\"https:\\\/\\\/schema.org\",\"@graph\":[{\"@type\":\"Article\",\"@id\":\"https:\\\/\\\/www.caudete.org\\\/ayuntamiento\\\/28640-2\\\/#article\",\"isPartOf\":{\"@id\":\"https:\\\/\\\/www.caudete.org\\\/ayuntamiento\\\/28640-2\\\/\"},\"author\":{\"name\":\"alcalde\",\"@id\":\"https:\\\/\\\/www.caudete.org\\\/ayuntamiento\\\/#\\\/schema\\\/person\\\/cc646da9133078ee4d8dd47457947253\"},\"headline\":\"Convocatoria de ayudas para proyectos particulares, aut\u00f3nomos, micro y peque\u00f1as empresas\",\"datePublished\":\"2025-05-12T10:41:25+00:00\",\"dateModified\":\"2025-05-12T11:42:42+00:00\",\"mainEntityOfPage\":{\"@id\":\"https:\\\/\\\/www.caudete.org\\\/ayuntamiento\\\/28640-2\\\/\"},\"wordCount\":531,\"publisher\":{\"@id\":\"https:\\\/\\\/www.caudete.org\\\/ayuntamiento\\\/#organization\"},\"image\":{\"@id\":\"https:\\\/\\\/www.caudete.org\\\/ayuntamiento\\\/28640-2\\\/#primaryimage\"},\"thumbnailUrl\":\"https:\\\/\\\/www.caudete.org\\\/ayuntamiento\\\/wp-content\\\/uploads\\\/2025\\\/05\\\/ayudas-leader.jpg\",\"articleSection\":[\"Promoci\u00f3n y Desarrollo Econ\u00f3mico\"],\"inLanguage\":\"es\"},{\"@type\":\"WebPage\",\"@id\":\"https:\\\/\\\/www.caudete.org\\\/ayuntamiento\\\/28640-2\\\/\",\"url\":\"https:\\\/\\\/www.caudete.org\\\/ayuntamiento\\\/28640-2\\\/\",\"name\":\"Convocatoria de ayudas para proyectos particulares, aut\u00f3nomos, micro y peque\u00f1as empresas - MI Ayuntamiento de Caudete\",\"isPartOf\":{\"@id\":\"https:\\\/\\\/www.caudete.org\\\/ayuntamiento\\\/#website\"},\"primaryImageOfPage\":{\"@id\":\"https:\\\/\\\/www.caudete.org\\\/ayuntamiento\\\/28640-2\\\/#primaryimage\"},\"image\":{\"@id\":\"https:\\\/\\\/www.caudete.org\\\/ayuntamiento\\\/28640-2\\\/#primaryimage\"},\"thumbnailUrl\":\"https:\\\/\\\/www.caudete.org\\\/ayuntamiento\\\/wp-content\\\/uploads\\\/2025\\\/05\\\/ayudas-leader.jpg\",\"datePublished\":\"2025-05-12T10:41:25+00:00\",\"dateModified\":\"2025-05-12T11:42:42+00:00\",\"description\":\"P\u00e1gina Oficial del Ayuntamiento de Caudete (Albacete)\",\"breadcrumb\":{\"@id\":\"https:\\\/\\\/www.caudete.org\\\/ayuntamiento\\\/28640-2\\\/#breadcrumb\"},\"inLanguage\":\"es\",\"potentialAction\":[{\"@type\":\"ReadAction\",\"target\":[\"https:\\\/\\\/www.caudete.org\\\/ayuntamiento\\\/28640-2\\\/\"]}]},{\"@type\":\"ImageObject\",\"inLanguage\":\"es\",\"@id\":\"https:\\\/\\\/www.caudete.org\\\/ayuntamiento\\\/28640-2\\\/#primaryimage\",\"url\":\"https:\\\/\\\/www.caudete.org\\\/ayuntamiento\\\/wp-content\\\/uploads\\\/2025\\\/05\\\/ayudas-leader.jpg\",\"contentUrl\":\"https:\\\/\\\/www.caudete.org\\\/ayuntamiento\\\/wp-content\\\/uploads\\\/2025\\\/05\\\/ayudas-leader.jpg\",\"width\":920,\"height\":707},{\"@type\":\"BreadcrumbList\",\"@id\":\"https:\\\/\\\/www.caudete.org\\\/ayuntamiento\\\/28640-2\\\/#breadcrumb\",\"itemListElement\":[{\"@type\":\"ListItem\",\"position\":1,\"name\":\"Inicio\",\"item\":\"https:\\\/\\\/www.caudete.org\\\/ayuntamiento\\\/\"},{\"@type\":\"ListItem\",\"position\":2,\"name\":\"Convocatoria de ayudas para proyectos particulares, aut\u00f3nomos, micro y peque\u00f1as empresas\"}]},{\"@type\":\"WebSite\",\"@id\":\"https:\\\/\\\/www.caudete.org\\\/ayuntamiento\\\/#website\",\"url\":\"https:\\\/\\\/www.caudete.org\\\/ayuntamiento\\\/\",\"name\":\"MI Ayuntamiento de Caudete\",\"description\":\"P\u00e1gina Oficial del MI Ayuntamiento de Caudete\",\"publisher\":{\"@id\":\"https:\\\/\\\/www.caudete.org\\\/ayuntamiento\\\/#organization\"},\"potentialAction\":[{\"@type\":\"SearchAction\",\"target\":{\"@type\":\"EntryPoint\",\"urlTemplate\":\"https:\\\/\\\/www.caudete.org\\\/ayuntamiento\\\/?s={search_term_string}\"},\"query-input\":{\"@type\":\"PropertyValueSpecification\",\"valueRequired\":true,\"valueName\":\"search_term_string\"}}],\"inLanguage\":\"es\"},{\"@type\":\"Organization\",\"@id\":\"https:\\\/\\\/www.caudete.org\\\/ayuntamiento\\\/#organization\",\"name\":\"Ayuntamiento de Caudete\",\"url\":\"https:\\\/\\\/www.caudete.org\\\/ayuntamiento\\\/\",\"logo\":{\"@type\":\"ImageObject\",\"inLanguage\":\"es\",\"@id\":\"https:\\\/\\\/www.caudete.org\\\/ayuntamiento\\\/#\\\/schema\\\/logo\\\/image\\\/\",\"url\":\"https:\\\/\\\/www.caudete.org\\\/ayuntamiento\\\/wp-content\\\/uploads\\\/2020\\\/11\\\/logo_ayuntamiento_caudete.jpg\",\"contentUrl\":\"https:\\\/\\\/www.caudete.org\\\/ayuntamiento\\\/wp-content\\\/uploads\\\/2020\\\/11\\\/logo_ayuntamiento_caudete.jpg\",\"width\":600,\"height\":150,\"caption\":\"Ayuntamiento de Caudete\"},\"image\":{\"@id\":\"https:\\\/\\\/www.caudete.org\\\/ayuntamiento\\\/#\\\/schema\\\/logo\\\/image\\\/\"},\"sameAs\":[\"https:\\\/\\\/www.facebook.com\\\/ayuntamientocaudete\\\/\",\"https:\\\/\\\/www.youtube.com\\\/channel\\\/UC6VztHaooNsGpw-tNoBEFnQ\"]},{\"@type\":\"Person\",\"@id\":\"https:\\\/\\\/www.caudete.org\\\/ayuntamiento\\\/#\\\/schema\\\/person\\\/cc646da9133078ee4d8dd47457947253\",\"name\":\"alcalde\",\"image\":{\"@type\":\"ImageObject\",\"inLanguage\":\"es\",\"@id\":\"https:\\\/\\\/secure.gravatar.com\\\/avatar\\\/84a817ba065b29ff08d666b215a215f5c79186a645ccb25b14a663d48a130f77?s=96&d=mm&r=g\",\"url\":\"https:\\\/\\\/secure.gravatar.com\\\/avatar\\\/84a817ba065b29ff08d666b215a215f5c79186a645ccb25b14a663d48a130f77?s=96&d=mm&r=g\",\"contentUrl\":\"https:\\\/\\\/secure.gravatar.com\\\/avatar\\\/84a817ba065b29ff08d666b215a215f5c79186a645ccb25b14a663d48a130f77?s=96&d=mm&r=g\",\"caption\":\"alcalde\"},\"url\":\"https:\\\/\\\/www.caudete.org\\\/ayuntamiento\\\/author\\\/alcalde\\\/\"}]}<\/script>\n<!-- \/ Yoast SEO plugin. -->","yoast_head_json":{"title":"Convocatoria de ayudas para proyectos particulares, aut\u00f3nomos, micro y peque\u00f1as empresas - MI Ayuntamiento de Caudete","description":"P\u00e1gina Oficial del Ayuntamiento de Caudete (Albacete)","robots":{"index":"index","follow":"follow","max-snippet":"max-snippet:-1","max-image-preview":"max-image-preview:large","max-video-preview":"max-video-preview:-1"},"canonical":"https:\/\/www.caudete.org\/ayuntamiento\/28640-2\/","og_locale":"es_ES","og_type":"article","og_title":"Convocatoria de ayudas para proyectos particulares, aut\u00f3nomos, micro y peque\u00f1as empresas - MI Ayuntamiento de Caudete","og_description":"P\u00e1gina Oficial del Ayuntamiento de Caudete (Albacete)","og_url":"https:\/\/www.caudete.org\/ayuntamiento\/28640-2\/","og_site_name":"MI Ayuntamiento de Caudete","article_publisher":"https:\/\/www.facebook.com\/ayuntamientocaudete\/","article_published_time":"2025-05-12T10:41:25+00:00","article_modified_time":"2025-05-12T11:42:42+00:00","og_image":[{"width":920,"height":707,"url":"https:\/\/www.caudete.org\/ayuntamiento\/wp-content\/uploads\/2025\/05\/ayudas-leader.jpg","type":"image\/jpeg"}],"author":"alcalde","twitter_card":"summary_large_image","twitter_misc":{"Escrito por":"alcalde","Tiempo de lectura":"3 minutos"},"schema":{"@context":"https:\/\/schema.org","@graph":[{"@type":"Article","@id":"https:\/\/www.caudete.org\/ayuntamiento\/28640-2\/#article","isPartOf":{"@id":"https:\/\/www.caudete.org\/ayuntamiento\/28640-2\/"},"author":{"name":"alcalde","@id":"https:\/\/www.caudete.org\/ayuntamiento\/#\/schema\/person\/cc646da9133078ee4d8dd47457947253"},"headline":"Convocatoria de ayudas para proyectos particulares, aut\u00f3nomos, micro y peque\u00f1as empresas","datePublished":"2025-05-12T10:41:25+00:00","dateModified":"2025-05-12T11:42:42+00:00","mainEntityOfPage":{"@id":"https:\/\/www.caudete.org\/ayuntamiento\/28640-2\/"},"wordCount":531,"publisher":{"@id":"https:\/\/www.caudete.org\/ayuntamiento\/#organization"},"image":{"@id":"https:\/\/www.caudete.org\/ayuntamiento\/28640-2\/#primaryimage"},"thumbnailUrl":"https:\/\/www.caudete.org\/ayuntamiento\/wp-content\/uploads\/2025\/05\/ayudas-leader.jpg","articleSection":["Promoci\u00f3n y Desarrollo Econ\u00f3mico"],"inLanguage":"es"},{"@type":"WebPage","@id":"https:\/\/www.caudete.org\/ayuntamiento\/28640-2\/","url":"https:\/\/www.caudete.org\/ayuntamiento\/28640-2\/","name":"Convocatoria de ayudas para proyectos particulares, aut\u00f3nomos, micro y peque\u00f1as empresas - MI Ayuntamiento de Caudete","isPartOf":{"@id":"https:\/\/www.caudete.org\/ayuntamiento\/#website"},"primaryImageOfPage":{"@id":"https:\/\/www.caudete.org\/ayuntamiento\/28640-2\/#primaryimage"},"image":{"@id":"https:\/\/www.caudete.org\/ayuntamiento\/28640-2\/#primaryimage"},"thumbnailUrl":"https:\/\/www.caudete.org\/ayuntamiento\/wp-content\/uploads\/2025\/05\/ayudas-leader.jpg","datePublished":"2025-05-12T10:41:25+00:00","dateModified":"2025-05-12T11:42:42+00:00","description":"P\u00e1gina Oficial del Ayuntamiento de Caudete (Albacete)","breadcrumb":{"@id":"https:\/\/www.caudete.org\/ayuntamiento\/28640-2\/#breadcrumb"},"inLanguage":"es","potentialAction":[{"@type":"ReadAction","target":["https:\/\/www.caudete.org\/ayuntamiento\/28640-2\/"]}]},{"@type":"ImageObject","inLanguage":"es","@id":"https:\/\/www.caudete.org\/ayuntamiento\/28640-2\/#primaryimage","url":"https:\/\/www.caudete.org\/ayuntamiento\/wp-content\/uploads\/2025\/05\/ayudas-leader.jpg","contentUrl":"https:\/\/www.caudete.org\/ayuntamiento\/wp-content\/uploads\/2025\/05\/ayudas-leader.jpg","width":920,"height":707},{"@type":"BreadcrumbList","@id":"https:\/\/www.caudete.org\/ayuntamiento\/28640-2\/#breadcrumb","itemListElement":[{"@type":"ListItem","position":1,"name":"Inicio","item":"https:\/\/www.caudete.org\/ayuntamiento\/"},{"@type":"ListItem","position":2,"name":"Convocatoria de ayudas para proyectos particulares, aut\u00f3nomos, micro y peque\u00f1as empresas"}]},{"@type":"WebSite","@id":"https:\/\/www.caudete.org\/ayuntamiento\/#website","url":"https:\/\/www.caudete.org\/ayuntamiento\/","name":"MI Ayuntamiento de Caudete","description":"P\u00e1gina Oficial del MI Ayuntamiento de Caudete","publisher":{"@id":"https:\/\/www.caudete.org\/ayuntamiento\/#organization"},"potentialAction":[{"@type":"SearchAction","target":{"@type":"EntryPoint","urlTemplate":"https:\/\/www.caudete.org\/ayuntamiento\/?s={search_term_string}"},"query-input":{"@type":"PropertyValueSpecification","valueRequired":true,"valueName":"search_term_string"}}],"inLanguage":"es"},{"@type":"Organization","@id":"https:\/\/www.caudete.org\/ayuntamiento\/#organization","name":"Ayuntamiento de Caudete","url":"https:\/\/www.caudete.org\/ayuntamiento\/","logo":{"@type":"ImageObject","inLanguage":"es","@id":"https:\/\/www.caudete.org\/ayuntamiento\/#\/schema\/logo\/image\/","url":"https:\/\/www.caudete.org\/ayuntamiento\/wp-content\/uploads\/2020\/11\/logo_ayuntamiento_caudete.jpg","contentUrl":"https:\/\/www.caudete.org\/ayuntamiento\/wp-content\/uploads\/2020\/11\/logo_ayuntamiento_caudete.jpg","width":600,"height":150,"caption":"Ayuntamiento de Caudete"},"image":{"@id":"https:\/\/www.caudete.org\/ayuntamiento\/#\/schema\/logo\/image\/"},"sameAs":["https:\/\/www.facebook.com\/ayuntamientocaudete\/","https:\/\/www.youtube.com\/channel\/UC6VztHaooNsGpw-tNoBEFnQ"]},{"@type":"Person","@id":"https:\/\/www.caudete.org\/ayuntamiento\/#\/schema\/person\/cc646da9133078ee4d8dd47457947253","name":"alcalde","image":{"@type":"ImageObject","inLanguage":"es","@id":"https:\/\/secure.gravatar.com\/avatar\/84a817ba065b29ff08d666b215a215f5c79186a645ccb25b14a663d48a130f77?s=96&d=mm&r=g","url":"https:\/\/secure.gravatar.com\/avatar\/84a817ba065b29ff08d666b215a215f5c79186a645ccb25b14a663d48a130f77?s=96&d=mm&r=g","contentUrl":"https:\/\/secure.gravatar.com\/avatar\/84a817ba065b29ff08d666b215a215f5c79186a645ccb25b14a663d48a130f77?s=96&d=mm&r=g","caption":"alcalde"},"url":"https:\/\/www.caudete.org\/ayuntamiento\/author\/alcalde\/"}]}},"_links":{"self":[{"href":"https:\/\/www.caudete.org\/ayuntamiento\/wp-json\/wp\/v2\/posts\/28640","targetHints":{"allow":["GET"]}}],"collection":[{"href":"https:\/\/www.caudete.org\/ayuntamiento\/wp-json\/wp\/v2\/posts"}],"about":[{"href":"https:\/\/www.caudete.org\/ayuntamiento\/wp-json\/wp\/v2\/types\/post"}],"author":[{"embeddable":true,"href":"https:\/\/www.caudete.org\/ayuntamiento\/wp-json\/wp\/v2\/users\/3"}],"replies":[{"embeddable":true,"href":"https:\/\/www.caudete.org\/ayuntamiento\/wp-json\/wp\/v2\/comments?post=28640"}],"version-history":[{"count":2,"href":"https:\/\/www.caudete.org\/ayuntamiento\/wp-json\/wp\/v2\/posts\/28640\/revisions"}],"predecessor-version":[{"id":28644,"href":"https:\/\/www.caudete.org\/ayuntamiento\/wp-json\/wp\/v2\/posts\/28640\/revisions\/28644"}],"wp:featuredmedia":[{"embeddable":true,"href":"https:\/\/www.caudete.org\/ayuntamiento\/wp-json\/wp\/v2\/media\/28642"}],"wp:attachment":[{"href":"https:\/\/www.caudete.org\/ayuntamiento\/wp-json\/wp\/v2\/media?parent=28640"}],"wp:term":[{"taxonomy":"category","embeddable":true,"href":"https:\/\/www.caudete.org\/ayuntamiento\/wp-json\/wp\/v2\/categories?post=28640"},{"taxonomy":"post_tag","embeddable":true,"href":"https:\/\/www.caudete.org\/ayuntamiento\/wp-json\/wp\/v2\/tags?post=28640"}],"curies":[{"name":"wp","href":"https:\/\/api.w.org\/{rel}","templated":true}]}}