{"id":28673,"date":"2025-05-15T10:06:21","date_gmt":"2025-05-15T08:06:21","guid":{"rendered":"https:\/\/www.caudete.org\/ayuntamiento\/?p=28673"},"modified":"2025-05-15T10:06:21","modified_gmt":"2025-05-15T08:06:21","slug":"aviso-meteorologico-de-nivel-amarillo-para-esta-tarde-por-lluvias-y-tormentas","status":"publish","type":"post","link":"https:\/\/www.caudete.org\/ayuntamiento\/aviso-meteorologico-de-nivel-amarillo-para-esta-tarde-por-lluvias-y-tormentas\/","title":{"rendered":"Aviso meteorol\u00f3gico de Nivel Amarillo para esta tarde por lluvias y tormentas"},"content":{"rendered":"<p>Hace unos minutos se ha comunicado la activaci\u00f3n por parte del 112 de CLM de \ud835\udc1a\ud835\udc2f\ud835\udc22\ud835\udc2c\ud835\udc28 \ud835\udc26\ud835\udc1e\ud835\udc2d\ud835\udc1e\ud835\udc28\ud835\udc2b\ud835\udc28\ud835\udc25\ud835\udc28\u0301\ud835\udc20\ud835\udc22\ud835\udc1c\ud835\udc28 \ud835\udc27\ud835\udc22\ud835\udc2f\ud835\udc1e\ud835\udc25 \ud835\udc00\ud835\udc0c\ud835\udc00\ud835\udc11\ud835\udc08\ud835\udc0b\ud835\udc0b\ud835\udc0e por Lluvias y Tormentas \ud835\udc29\ud835\udc1a\ud835\udc2b\ud835\udc1a \ud835\udc1e\ud835\udc25 \ud835\udc1d\ud835\udc22\u0301\ud835\udc1a \ud835\udc1d\ud835\udc1e \ud835\udc21\ud835\udc28\ud835\udc32 \ud835\udc1e\ud835\udc27 \ud835\udc27\ud835\udc2e\ud835\udc1e\ud835\udc2c\ud835\udc2d\ud835\udc2b\ud835\udc28 \ud835\udc26\ud835\udc2e\ud835\udc27\ud835\udc22\ud835\udc1c\ud835\udc22\ud835\udc29\ud835\udc22\ud835\udc28, dentro de una zona m\u00e1s amplia de la provincia y territorios lim\u00edtrofes.<\/p>\n<p>\ud835\udc05\ud835\udc04\ud835\udc0d\ud835\udc0e\u0301\ud835\udc0c\ud835\udc04\ud835\udc0d\ud835\udc0e\ud835\udc12 \ud835\udc0f\ud835\udc11\ud835\udc04\ud835\udc15\ud835\udc08\ud835\udc12\ud835\udc13\ud835\udc0e\ud835\udc12<\/p>\n<p>\ud835\udfcf. \ud835\udc0b\ud835\udc0b\ud835\udc14\ud835\udc15\ud835\udc08\ud835\udc00\ud835\udc12, con Nivel AMARILLO y una precipitaci\u00f3n acumulada en una hora: 15 mm.<br \/>\n\u00c1mbito geogr\u00e1fico: Hellin y Almansa.<br \/>\nHora de comienzo: 12:00 hora oficial del 15\/05\/2025.<br \/>\nHora de finalizaci\u00f3n: 20:00 hora oficial del 15\/05\/2025.<\/p>\n<p>\ud835\udfd0. \ud835\udc13\ud835\udc0e\ud835\udc11\ud835\udc0c\ud835\udc04\ud835\udc0d\ud835\udc13\ud835\udc00\ud835\udc12,\u00a0 con Nivel AMARILLO, con posibilidad de que vayan acompa\u00f1adas de granizo.<br \/>\n\u00c1mbito geogr\u00e1fico: Hellin y Almansa.<br \/>\nHora de comienzo: 12:00 hora oficial del 15\/05\/2025.<br \/>\nHora de finalizaci\u00f3n: 20:00 hora oficial del 15\/05\/2025.<\/p>\n<p>\ud835\udc02\ud835\udc28\ud835\udc26\ud835\udc1e\ud835\udc27\ud835\udc2d\ud835\udc1a\ud835\udc2b\ud835\udc22\ud835\udc28<\/p>\n<p>Un aviso de nivel amarillo por tormentas indica que en la zona de aviso afectada se prev\u00e9n tormentas fuertes. Dado el car\u00e1cter de estos fen\u00f3menos existe la posibilidad de que se puedan producir tormentas de intensidad superior de forma puntual.<\/p>\n","protected":false},"excerpt":{"rendered":"<p>Hace unos minutos se ha comunicado la activaci\u00f3n por parte del 112 de CLM de \ud835\udc1a\ud835\udc2f\ud835\udc22\ud835\udc2c\ud835\udc28 \ud835\udc26\ud835\udc1e\ud835\udc2d\ud835\udc1e\ud835\udc28\ud835\udc2b\ud835\udc28\ud835\udc25\ud835\udc28\u0301\ud835\udc20\ud835\udc22\ud835\udc1c\ud835\udc28 \ud835\udc27\ud835\udc22\ud835\udc2f\ud835\udc1e\ud835\udc25 \ud835\udc00\ud835\udc0c\ud835\udc00\ud835\udc11\ud835\udc08\ud835\udc0b\ud835\udc0b\ud835\udc0e por Lluvias y Tormentas \ud835\udc29\ud835\udc1a\ud835\udc2b\ud835\udc1a \ud835\udc1e\ud835\udc25 \ud835\udc1d\ud835\udc22\u0301\ud835\udc1a \ud835\udc1d\ud835\udc1e \ud835\udc21\ud835\udc28\ud835\udc32 \ud835\udc1e\ud835\udc27 \ud835\udc27\ud835\udc2e\ud835\udc1e\ud835\udc2c\ud835\udc2d\ud835\udc2b\ud835\udc28 \ud835\udc26\ud835\udc2e\ud835\udc27\ud835\udc22\ud835\udc1c\ud835\udc22\ud835\udc29\ud835\udc22\ud835\udc28, dentro de una zona m\u00e1s amplia de la provincia y territorios lim\u00edtrofes. \ud835\udc05\ud835\udc04\ud835\udc0d\ud835\udc0e\u0301\ud835\udc0c\ud835\udc04\ud835\udc0d\ud835\udc0e\ud835\udc12 \ud835\udc0f\ud835\udc11\ud835\udc04\ud835\udc15\ud835\udc08\ud835\udc12\ud835\udc13\ud835\udc0e\ud835\udc12 \ud835\udfcf. \ud835\udc0b\ud835\udc0b\ud835\udc14\ud835\udc15\ud835\udc08\ud835\udc00\ud835\udc12, con Nivel AMARILLO y una precipitaci\u00f3n acumulada en &hellip;<\/p>\n","protected":false},"author":1,"featured_media":28674,"comment_status":"closed","ping_status":"open","sticky":false,"template":"","format":"standard","meta":{"ngg_post_thumbnail":0,"footnotes":""},"categories":[41],"tags":[],"class_list":["post-28673","post","type-post","status-publish","format-standard","has-post-thumbnail","hentry","category-emergencias"],"yoast_head":"<!-- This site is optimized with the Yoast SEO plugin v27.5 - https:\/\/yoast.com\/product\/yoast-seo-wordpress\/ -->\n<title>Aviso meteorol\u00f3gico de Nivel Amarillo para esta tarde por lluvias y tormentas - MI Ayuntamiento de Caudete<\/title>\n<meta name=\"description\" content=\"P\u00e1gina Oficial del Ayuntamiento de Caudete (Albacete)\" \/>\n<meta name=\"robots\" content=\"index, follow, max-snippet:-1, max-image-preview:large, max-video-preview:-1\" \/>\n<link rel=\"canonical\" href=\"https:\/\/www.caudete.org\/ayuntamiento\/aviso-meteorologico-de-nivel-amarillo-para-esta-tarde-por-lluvias-y-tormentas\/\" \/>\n<meta property=\"og:locale\" content=\"es_ES\" \/>\n<meta property=\"og:type\" content=\"article\" \/>\n<meta property=\"og:title\" content=\"Aviso meteorol\u00f3gico de Nivel Amarillo para esta tarde por lluvias y tormentas - MI Ayuntamiento de Caudete\" \/>\n<meta property=\"og:description\" content=\"P\u00e1gina Oficial del Ayuntamiento de Caudete (Albacete)\" \/>\n<meta property=\"og:url\" content=\"https:\/\/www.caudete.org\/ayuntamiento\/aviso-meteorologico-de-nivel-amarillo-para-esta-tarde-por-lluvias-y-tormentas\/\" \/>\n<meta property=\"og:site_name\" content=\"MI Ayuntamiento de Caudete\" \/>\n<meta property=\"article:publisher\" content=\"https:\/\/www.facebook.com\/ayuntamientocaudete\/\" \/>\n<meta property=\"article:published_time\" content=\"2025-05-15T08:06:21+00:00\" \/>\n<meta property=\"og:image\" content=\"https:\/\/www.caudete.org\/ayuntamiento\/wp-content\/uploads\/2025\/05\/aemet-15052025.jpg\" \/>\n\t<meta property=\"og:image:width\" content=\"1080\" \/>\n\t<meta property=\"og:image:height\" content=\"690\" \/>\n\t<meta property=\"og:image:type\" content=\"image\/jpeg\" \/>\n<meta name=\"author\" content=\"ayun\" \/>\n<meta name=\"twitter:card\" content=\"summary_large_image\" \/>\n<meta name=\"twitter:label1\" content=\"Escrito por\" \/>\n\t<meta name=\"twitter:data1\" content=\"ayun\" \/>\n\t<meta name=\"twitter:label2\" content=\"Tiempo de lectura\" \/>\n\t<meta name=\"twitter:data2\" content=\"1 minuto\" \/>\n<script type=\"application\/ld+json\" class=\"yoast-schema-graph\">{\"@context\":\"https:\\\/\\\/schema.org\",\"@graph\":[{\"@type\":\"Article\",\"@id\":\"https:\\\/\\\/www.caudete.org\\\/ayuntamiento\\\/aviso-meteorologico-de-nivel-amarillo-para-esta-tarde-por-lluvias-y-tormentas\\\/#article\",\"isPartOf\":{\"@id\":\"https:\\\/\\\/www.caudete.org\\\/ayuntamiento\\\/aviso-meteorologico-de-nivel-amarillo-para-esta-tarde-por-lluvias-y-tormentas\\\/\"},\"author\":{\"name\":\"ayun\",\"@id\":\"https:\\\/\\\/www.caudete.org\\\/ayuntamiento\\\/#\\\/schema\\\/person\\\/79f7e19fdd176fc2bc7a289013dc2056\"},\"headline\":\"Aviso meteorol\u00f3gico de Nivel Amarillo para esta tarde por lluvias y tormentas\",\"datePublished\":\"2025-05-15T08:06:21+00:00\",\"mainEntityOfPage\":{\"@id\":\"https:\\\/\\\/www.caudete.org\\\/ayuntamiento\\\/aviso-meteorologico-de-nivel-amarillo-para-esta-tarde-por-lluvias-y-tormentas\\\/\"},\"wordCount\":151,\"image\":{\"@id\":\"https:\\\/\\\/www.caudete.org\\\/ayuntamiento\\\/aviso-meteorologico-de-nivel-amarillo-para-esta-tarde-por-lluvias-y-tormentas\\\/#primaryimage\"},\"thumbnailUrl\":\"https:\\\/\\\/www.caudete.org\\\/ayuntamiento\\\/wp-content\\\/uploads\\\/2025\\\/05\\\/aemet-15052025.jpg\",\"articleSection\":[\"Emergencias\"],\"inLanguage\":\"es\"},{\"@type\":\"WebPage\",\"@id\":\"https:\\\/\\\/www.caudete.org\\\/ayuntamiento\\\/aviso-meteorologico-de-nivel-amarillo-para-esta-tarde-por-lluvias-y-tormentas\\\/\",\"url\":\"https:\\\/\\\/www.caudete.org\\\/ayuntamiento\\\/aviso-meteorologico-de-nivel-amarillo-para-esta-tarde-por-lluvias-y-tormentas\\\/\",\"name\":\"Aviso meteorol\u00f3gico de Nivel Amarillo para esta tarde por lluvias y tormentas - MI Ayuntamiento de Caudete\",\"isPartOf\":{\"@id\":\"https:\\\/\\\/www.caudete.org\\\/ayuntamiento\\\/#website\"},\"primaryImageOfPage\":{\"@id\":\"https:\\\/\\\/www.caudete.org\\\/ayuntamiento\\\/aviso-meteorologico-de-nivel-amarillo-para-esta-tarde-por-lluvias-y-tormentas\\\/#primaryimage\"},\"image\":{\"@id\":\"https:\\\/\\\/www.caudete.org\\\/ayuntamiento\\\/aviso-meteorologico-de-nivel-amarillo-para-esta-tarde-por-lluvias-y-tormentas\\\/#primaryimage\"},\"thumbnailUrl\":\"https:\\\/\\\/www.caudete.org\\\/ayuntamiento\\\/wp-content\\\/uploads\\\/2025\\\/05\\\/aemet-15052025.jpg\",\"datePublished\":\"2025-05-15T08:06:21+00:00\",\"author\":{\"@id\":\"https:\\\/\\\/www.caudete.org\\\/ayuntamiento\\\/#\\\/schema\\\/person\\\/79f7e19fdd176fc2bc7a289013dc2056\"},\"description\":\"P\u00e1gina Oficial del Ayuntamiento de Caudete (Albacete)\",\"breadcrumb\":{\"@id\":\"https:\\\/\\\/www.caudete.org\\\/ayuntamiento\\\/aviso-meteorologico-de-nivel-amarillo-para-esta-tarde-por-lluvias-y-tormentas\\\/#breadcrumb\"},\"inLanguage\":\"es\",\"potentialAction\":[{\"@type\":\"ReadAction\",\"target\":[\"https:\\\/\\\/www.caudete.org\\\/ayuntamiento\\\/aviso-meteorologico-de-nivel-amarillo-para-esta-tarde-por-lluvias-y-tormentas\\\/\"]}]},{\"@type\":\"ImageObject\",\"inLanguage\":\"es\",\"@id\":\"https:\\\/\\\/www.caudete.org\\\/ayuntamiento\\\/aviso-meteorologico-de-nivel-amarillo-para-esta-tarde-por-lluvias-y-tormentas\\\/#primaryimage\",\"url\":\"https:\\\/\\\/www.caudete.org\\\/ayuntamiento\\\/wp-content\\\/uploads\\\/2025\\\/05\\\/aemet-15052025.jpg\",\"contentUrl\":\"https:\\\/\\\/www.caudete.org\\\/ayuntamiento\\\/wp-content\\\/uploads\\\/2025\\\/05\\\/aemet-15052025.jpg\",\"width\":1080,\"height\":690},{\"@type\":\"BreadcrumbList\",\"@id\":\"https:\\\/\\\/www.caudete.org\\\/ayuntamiento\\\/aviso-meteorologico-de-nivel-amarillo-para-esta-tarde-por-lluvias-y-tormentas\\\/#breadcrumb\",\"itemListElement\":[{\"@type\":\"ListItem\",\"position\":1,\"name\":\"Inicio\",\"item\":\"https:\\\/\\\/www.caudete.org\\\/ayuntamiento\\\/\"},{\"@type\":\"ListItem\",\"position\":2,\"name\":\"Aviso meteorol\u00f3gico de Nivel Amarillo para esta tarde por lluvias y tormentas\"}]},{\"@type\":\"WebSite\",\"@id\":\"https:\\\/\\\/www.caudete.org\\\/ayuntamiento\\\/#website\",\"url\":\"https:\\\/\\\/www.caudete.org\\\/ayuntamiento\\\/\",\"name\":\"MI Ayuntamiento de Caudete\",\"description\":\"P\u00e1gina Oficial del MI Ayuntamiento de Caudete\",\"potentialAction\":[{\"@type\":\"SearchAction\",\"target\":{\"@type\":\"EntryPoint\",\"urlTemplate\":\"https:\\\/\\\/www.caudete.org\\\/ayuntamiento\\\/?s={search_term_string}\"},\"query-input\":{\"@type\":\"PropertyValueSpecification\",\"valueRequired\":true,\"valueName\":\"search_term_string\"}}],\"inLanguage\":\"es\"},{\"@type\":\"Person\",\"@id\":\"https:\\\/\\\/www.caudete.org\\\/ayuntamiento\\\/#\\\/schema\\\/person\\\/79f7e19fdd176fc2bc7a289013dc2056\",\"name\":\"ayun\",\"image\":{\"@type\":\"ImageObject\",\"inLanguage\":\"es\",\"@id\":\"https:\\\/\\\/secure.gravatar.com\\\/avatar\\\/4ce797ee07c943e7e592f8cd648e503e6cd571387558ed07135799c2bd2847df?s=96&d=mm&r=g\",\"url\":\"https:\\\/\\\/secure.gravatar.com\\\/avatar\\\/4ce797ee07c943e7e592f8cd648e503e6cd571387558ed07135799c2bd2847df?s=96&d=mm&r=g\",\"contentUrl\":\"https:\\\/\\\/secure.gravatar.com\\\/avatar\\\/4ce797ee07c943e7e592f8cd648e503e6cd571387558ed07135799c2bd2847df?s=96&d=mm&r=g\",\"caption\":\"ayun\"},\"sameAs\":[\"http:\\\/\\\/www.caudete.org\\\/ayuntamiento\"],\"url\":\"https:\\\/\\\/www.caudete.org\\\/ayuntamiento\\\/author\\\/ayun\\\/\"}]}<\/script>\n<!-- \/ Yoast SEO plugin. -->","yoast_head_json":{"title":"Aviso meteorol\u00f3gico de Nivel Amarillo para esta tarde por lluvias y tormentas - MI Ayuntamiento de Caudete","description":"P\u00e1gina Oficial del Ayuntamiento de Caudete (Albacete)","robots":{"index":"index","follow":"follow","max-snippet":"max-snippet:-1","max-image-preview":"max-image-preview:large","max-video-preview":"max-video-preview:-1"},"canonical":"https:\/\/www.caudete.org\/ayuntamiento\/aviso-meteorologico-de-nivel-amarillo-para-esta-tarde-por-lluvias-y-tormentas\/","og_locale":"es_ES","og_type":"article","og_title":"Aviso meteorol\u00f3gico de Nivel Amarillo para esta tarde por lluvias y tormentas - MI Ayuntamiento de Caudete","og_description":"P\u00e1gina Oficial del Ayuntamiento de Caudete (Albacete)","og_url":"https:\/\/www.caudete.org\/ayuntamiento\/aviso-meteorologico-de-nivel-amarillo-para-esta-tarde-por-lluvias-y-tormentas\/","og_site_name":"MI Ayuntamiento de Caudete","article_publisher":"https:\/\/www.facebook.com\/ayuntamientocaudete\/","article_published_time":"2025-05-15T08:06:21+00:00","og_image":[{"width":1080,"height":690,"url":"https:\/\/www.caudete.org\/ayuntamiento\/wp-content\/uploads\/2025\/05\/aemet-15052025.jpg","type":"image\/jpeg"}],"author":"ayun","twitter_card":"summary_large_image","twitter_misc":{"Escrito por":"ayun","Tiempo de lectura":"1 minuto"},"schema":{"@context":"https:\/\/schema.org","@graph":[{"@type":"Article","@id":"https:\/\/www.caudete.org\/ayuntamiento\/aviso-meteorologico-de-nivel-amarillo-para-esta-tarde-por-lluvias-y-tormentas\/#article","isPartOf":{"@id":"https:\/\/www.caudete.org\/ayuntamiento\/aviso-meteorologico-de-nivel-amarillo-para-esta-tarde-por-lluvias-y-tormentas\/"},"author":{"name":"ayun","@id":"https:\/\/www.caudete.org\/ayuntamiento\/#\/schema\/person\/79f7e19fdd176fc2bc7a289013dc2056"},"headline":"Aviso meteorol\u00f3gico de Nivel Amarillo para esta tarde por lluvias y tormentas","datePublished":"2025-05-15T08:06:21+00:00","mainEntityOfPage":{"@id":"https:\/\/www.caudete.org\/ayuntamiento\/aviso-meteorologico-de-nivel-amarillo-para-esta-tarde-por-lluvias-y-tormentas\/"},"wordCount":151,"image":{"@id":"https:\/\/www.caudete.org\/ayuntamiento\/aviso-meteorologico-de-nivel-amarillo-para-esta-tarde-por-lluvias-y-tormentas\/#primaryimage"},"thumbnailUrl":"https:\/\/www.caudete.org\/ayuntamiento\/wp-content\/uploads\/2025\/05\/aemet-15052025.jpg","articleSection":["Emergencias"],"inLanguage":"es"},{"@type":"WebPage","@id":"https:\/\/www.caudete.org\/ayuntamiento\/aviso-meteorologico-de-nivel-amarillo-para-esta-tarde-por-lluvias-y-tormentas\/","url":"https:\/\/www.caudete.org\/ayuntamiento\/aviso-meteorologico-de-nivel-amarillo-para-esta-tarde-por-lluvias-y-tormentas\/","name":"Aviso meteorol\u00f3gico de Nivel Amarillo para esta tarde por lluvias y tormentas - MI Ayuntamiento de Caudete","isPartOf":{"@id":"https:\/\/www.caudete.org\/ayuntamiento\/#website"},"primaryImageOfPage":{"@id":"https:\/\/www.caudete.org\/ayuntamiento\/aviso-meteorologico-de-nivel-amarillo-para-esta-tarde-por-lluvias-y-tormentas\/#primaryimage"},"image":{"@id":"https:\/\/www.caudete.org\/ayuntamiento\/aviso-meteorologico-de-nivel-amarillo-para-esta-tarde-por-lluvias-y-tormentas\/#primaryimage"},"thumbnailUrl":"https:\/\/www.caudete.org\/ayuntamiento\/wp-content\/uploads\/2025\/05\/aemet-15052025.jpg","datePublished":"2025-05-15T08:06:21+00:00","author":{"@id":"https:\/\/www.caudete.org\/ayuntamiento\/#\/schema\/person\/79f7e19fdd176fc2bc7a289013dc2056"},"description":"P\u00e1gina Oficial del Ayuntamiento de Caudete (Albacete)","breadcrumb":{"@id":"https:\/\/www.caudete.org\/ayuntamiento\/aviso-meteorologico-de-nivel-amarillo-para-esta-tarde-por-lluvias-y-tormentas\/#breadcrumb"},"inLanguage":"es","potentialAction":[{"@type":"ReadAction","target":["https:\/\/www.caudete.org\/ayuntamiento\/aviso-meteorologico-de-nivel-amarillo-para-esta-tarde-por-lluvias-y-tormentas\/"]}]},{"@type":"ImageObject","inLanguage":"es","@id":"https:\/\/www.caudete.org\/ayuntamiento\/aviso-meteorologico-de-nivel-amarillo-para-esta-tarde-por-lluvias-y-tormentas\/#primaryimage","url":"https:\/\/www.caudete.org\/ayuntamiento\/wp-content\/uploads\/2025\/05\/aemet-15052025.jpg","contentUrl":"https:\/\/www.caudete.org\/ayuntamiento\/wp-content\/uploads\/2025\/05\/aemet-15052025.jpg","width":1080,"height":690},{"@type":"BreadcrumbList","@id":"https:\/\/www.caudete.org\/ayuntamiento\/aviso-meteorologico-de-nivel-amarillo-para-esta-tarde-por-lluvias-y-tormentas\/#breadcrumb","itemListElement":[{"@type":"ListItem","position":1,"name":"Inicio","item":"https:\/\/www.caudete.org\/ayuntamiento\/"},{"@type":"ListItem","position":2,"name":"Aviso meteorol\u00f3gico de Nivel Amarillo para esta tarde por lluvias y tormentas"}]},{"@type":"WebSite","@id":"https:\/\/www.caudete.org\/ayuntamiento\/#website","url":"https:\/\/www.caudete.org\/ayuntamiento\/","name":"MI Ayuntamiento de Caudete","description":"P\u00e1gina Oficial del MI Ayuntamiento de Caudete","potentialAction":[{"@type":"SearchAction","target":{"@type":"EntryPoint","urlTemplate":"https:\/\/www.caudete.org\/ayuntamiento\/?s={search_term_string}"},"query-input":{"@type":"PropertyValueSpecification","valueRequired":true,"valueName":"search_term_string"}}],"inLanguage":"es"},{"@type":"Person","@id":"https:\/\/www.caudete.org\/ayuntamiento\/#\/schema\/person\/79f7e19fdd176fc2bc7a289013dc2056","name":"ayun","image":{"@type":"ImageObject","inLanguage":"es","@id":"https:\/\/secure.gravatar.com\/avatar\/4ce797ee07c943e7e592f8cd648e503e6cd571387558ed07135799c2bd2847df?s=96&d=mm&r=g","url":"https:\/\/secure.gravatar.com\/avatar\/4ce797ee07c943e7e592f8cd648e503e6cd571387558ed07135799c2bd2847df?s=96&d=mm&r=g","contentUrl":"https:\/\/secure.gravatar.com\/avatar\/4ce797ee07c943e7e592f8cd648e503e6cd571387558ed07135799c2bd2847df?s=96&d=mm&r=g","caption":"ayun"},"sameAs":["http:\/\/www.caudete.org\/ayuntamiento"],"url":"https:\/\/www.caudete.org\/ayuntamiento\/author\/ayun\/"}]}},"_links":{"self":[{"href":"https:\/\/www.caudete.org\/ayuntamiento\/wp-json\/wp\/v2\/posts\/28673","targetHints":{"allow":["GET"]}}],"collection":[{"href":"https:\/\/www.caudete.org\/ayuntamiento\/wp-json\/wp\/v2\/posts"}],"about":[{"href":"https:\/\/www.caudete.org\/ayuntamiento\/wp-json\/wp\/v2\/types\/post"}],"author":[{"embeddable":true,"href":"https:\/\/www.caudete.org\/ayuntamiento\/wp-json\/wp\/v2\/users\/1"}],"replies":[{"embeddable":true,"href":"https:\/\/www.caudete.org\/ayuntamiento\/wp-json\/wp\/v2\/comments?post=28673"}],"version-history":[{"count":1,"href":"https:\/\/www.caudete.org\/ayuntamiento\/wp-json\/wp\/v2\/posts\/28673\/revisions"}],"predecessor-version":[{"id":28675,"href":"https:\/\/www.caudete.org\/ayuntamiento\/wp-json\/wp\/v2\/posts\/28673\/revisions\/28675"}],"wp:featuredmedia":[{"embeddable":true,"href":"https:\/\/www.caudete.org\/ayuntamiento\/wp-json\/wp\/v2\/media\/28674"}],"wp:attachment":[{"href":"https:\/\/www.caudete.org\/ayuntamiento\/wp-json\/wp\/v2\/media?parent=28673"}],"wp:term":[{"taxonomy":"category","embeddable":true,"href":"https:\/\/www.caudete.org\/ayuntamiento\/wp-json\/wp\/v2\/categories?post=28673"},{"taxonomy":"post_tag","embeddable":true,"href":"https:\/\/www.caudete.org\/ayuntamiento\/wp-json\/wp\/v2\/tags?post=28673"}],"curies":[{"name":"wp","href":"https:\/\/api.w.org\/{rel}","templated":true}]}}