{"id":28712,"date":"2025-05-20T09:07:29","date_gmt":"2025-05-20T07:07:29","guid":{"rendered":"https:\/\/www.caudete.org\/ayuntamiento\/?p=28712"},"modified":"2025-05-19T10:15:24","modified_gmt":"2025-05-19T08:15:24","slug":"la-agente-de-policia-gabaldon-convocada-para-el-campeonato-de-espana-de-trail-por-la-seleccion-de-la-comunidad-valenciana","status":"publish","type":"post","link":"https:\/\/www.caudete.org\/ayuntamiento\/la-agente-de-policia-gabaldon-convocada-para-el-campeonato-de-espana-de-trail-por-la-seleccion-de-la-comunidad-valenciana\/","title":{"rendered":"La Agente de Polic\u00eda Gabald\u00f3n, convocada para el Campeonato de Espa\u00f1a de Trail por la selecci\u00f3n de la Comunidad Valenciana"},"content":{"rendered":"<p style=\"text-align: justify;\">M\u00aa Dolores Requena, Concejal de Seguridad Ciudadana ha querido trasladar la felicitaci\u00f3n en nombre del Gobierno Municipal a la Agente de Polic\u00eda Local de Caudete, M\u00aa \u00c1ngeles Gabald\u00f3n, al ser convocada a participar en el Campeonato de Espa\u00f1a de Trail, dentro de la selecci\u00f3n de la Comunidad Valenciana.<\/p>\n<p style=\"text-align: justify;\">El excelente palmar\u00e9s en las \u00faltimas competiciones en las que ha participado M\u00aa \u00c1ngeles le han hecho recibir la propuesta para formar parte del equipo valenciano en la Ultra Trail Bosques del Sur, carrera de monta\u00f1a que tiene salida y meta en esta poblaci\u00f3n de la provincia de Jaen, y que recorre el Parque Natural de Cazorla, Segura y Las Villas, a finales de Mayo.<\/p>\n<p style=\"text-align: justify;\">En esta ocasi\u00f3n la prueba ser\u00e1 especialmente dura, por cuanto hablamos de 70 km con cerca de 3.800 metros de desnivel, siendo puntuable para la Ultra Trail Du Mont Blanc, clasificatoria tambi\u00e9n para la Western States Endurance Race.<\/p>\n","protected":false},"excerpt":{"rendered":"<p>M\u00aa Dolores Requena, Concejal de Seguridad Ciudadana ha querido trasladar la felicitaci\u00f3n en nombre del Gobierno Municipal a la Agente de Polic\u00eda Local de Caudete, M\u00aa \u00c1ngeles Gabald\u00f3n, al ser convocada a participar en el Campeonato de Espa\u00f1a de Trail, dentro de la selecci\u00f3n de la Comunidad Valenciana. El excelente palmar\u00e9s en las \u00faltimas competiciones &hellip;<\/p>\n","protected":false},"author":3,"featured_media":28713,"comment_status":"closed","ping_status":"open","sticky":false,"template":"","format":"standard","meta":{"ngg_post_thumbnail":0,"footnotes":""},"categories":[35],"tags":[],"class_list":["post-28712","post","type-post","status-publish","format-standard","has-post-thumbnail","hentry","category-policia-local"],"yoast_head":"<!-- This site is optimized with the Yoast SEO plugin v27.5 - https:\/\/yoast.com\/product\/yoast-seo-wordpress\/ -->\n<title>La Agente de Polic\u00eda Gabald\u00f3n, convocada para el Campeonato de Espa\u00f1a de Trail por la selecci\u00f3n de la Comunidad Valenciana - MI Ayuntamiento de Caudete<\/title>\n<meta name=\"description\" content=\"P\u00e1gina Oficial del Ayuntamiento de Caudete (Albacete)\" \/>\n<meta name=\"robots\" content=\"index, follow, max-snippet:-1, max-image-preview:large, max-video-preview:-1\" \/>\n<link rel=\"canonical\" href=\"https:\/\/www.caudete.org\/ayuntamiento\/la-agente-de-policia-gabaldon-convocada-para-el-campeonato-de-espana-de-trail-por-la-seleccion-de-la-comunidad-valenciana\/\" \/>\n<meta property=\"og:locale\" content=\"es_ES\" \/>\n<meta property=\"og:type\" content=\"article\" \/>\n<meta property=\"og:title\" content=\"La Agente de Polic\u00eda Gabald\u00f3n, convocada para el Campeonato de Espa\u00f1a de Trail por la selecci\u00f3n de la Comunidad Valenciana - MI Ayuntamiento de Caudete\" \/>\n<meta property=\"og:description\" content=\"P\u00e1gina Oficial del Ayuntamiento de Caudete (Albacete)\" \/>\n<meta property=\"og:url\" content=\"https:\/\/www.caudete.org\/ayuntamiento\/la-agente-de-policia-gabaldon-convocada-para-el-campeonato-de-espana-de-trail-por-la-seleccion-de-la-comunidad-valenciana\/\" \/>\n<meta property=\"og:site_name\" content=\"MI Ayuntamiento de Caudete\" \/>\n<meta property=\"article:publisher\" content=\"https:\/\/www.facebook.com\/ayuntamientocaudete\/\" \/>\n<meta property=\"article:published_time\" content=\"2025-05-20T07:07:29+00:00\" \/>\n<meta property=\"og:image\" content=\"https:\/\/www.caudete.org\/ayuntamiento\/wp-content\/uploads\/2025\/05\/gabaldon.jpg\" \/>\n\t<meta property=\"og:image:width\" content=\"945\" \/>\n\t<meta property=\"og:image:height\" content=\"707\" \/>\n\t<meta property=\"og:image:type\" content=\"image\/jpeg\" \/>\n<meta name=\"author\" content=\"alcalde\" \/>\n<meta name=\"twitter:card\" content=\"summary_large_image\" \/>\n<meta name=\"twitter:label1\" content=\"Escrito por\" \/>\n\t<meta name=\"twitter:data1\" content=\"alcalde\" \/>\n\t<meta name=\"twitter:label2\" content=\"Tiempo de lectura\" \/>\n\t<meta name=\"twitter:data2\" content=\"1 minuto\" \/>\n<script type=\"application\/ld+json\" class=\"yoast-schema-graph\">{\"@context\":\"https:\\\/\\\/schema.org\",\"@graph\":[{\"@type\":\"Article\",\"@id\":\"https:\\\/\\\/www.caudete.org\\\/ayuntamiento\\\/la-agente-de-policia-gabaldon-convocada-para-el-campeonato-de-espana-de-trail-por-la-seleccion-de-la-comunidad-valenciana\\\/#article\",\"isPartOf\":{\"@id\":\"https:\\\/\\\/www.caudete.org\\\/ayuntamiento\\\/la-agente-de-policia-gabaldon-convocada-para-el-campeonato-de-espana-de-trail-por-la-seleccion-de-la-comunidad-valenciana\\\/\"},\"author\":{\"name\":\"alcalde\",\"@id\":\"https:\\\/\\\/www.caudete.org\\\/ayuntamiento\\\/#\\\/schema\\\/person\\\/cc646da9133078ee4d8dd47457947253\"},\"headline\":\"La Agente de Polic\u00eda Gabald\u00f3n, convocada para el Campeonato de Espa\u00f1a de Trail por la selecci\u00f3n de la Comunidad Valenciana\",\"datePublished\":\"2025-05-20T07:07:29+00:00\",\"mainEntityOfPage\":{\"@id\":\"https:\\\/\\\/www.caudete.org\\\/ayuntamiento\\\/la-agente-de-policia-gabaldon-convocada-para-el-campeonato-de-espana-de-trail-por-la-seleccion-de-la-comunidad-valenciana\\\/\"},\"wordCount\":183,\"image\":{\"@id\":\"https:\\\/\\\/www.caudete.org\\\/ayuntamiento\\\/la-agente-de-policia-gabaldon-convocada-para-el-campeonato-de-espana-de-trail-por-la-seleccion-de-la-comunidad-valenciana\\\/#primaryimage\"},\"thumbnailUrl\":\"https:\\\/\\\/www.caudete.org\\\/ayuntamiento\\\/wp-content\\\/uploads\\\/2025\\\/05\\\/gabaldon.jpg\",\"articleSection\":[\"Polic\u00eda Local\"],\"inLanguage\":\"es\"},{\"@type\":\"WebPage\",\"@id\":\"https:\\\/\\\/www.caudete.org\\\/ayuntamiento\\\/la-agente-de-policia-gabaldon-convocada-para-el-campeonato-de-espana-de-trail-por-la-seleccion-de-la-comunidad-valenciana\\\/\",\"url\":\"https:\\\/\\\/www.caudete.org\\\/ayuntamiento\\\/la-agente-de-policia-gabaldon-convocada-para-el-campeonato-de-espana-de-trail-por-la-seleccion-de-la-comunidad-valenciana\\\/\",\"name\":\"La Agente de Polic\u00eda Gabald\u00f3n, convocada para el Campeonato de Espa\u00f1a de Trail por la selecci\u00f3n de la Comunidad Valenciana - MI Ayuntamiento de Caudete\",\"isPartOf\":{\"@id\":\"https:\\\/\\\/www.caudete.org\\\/ayuntamiento\\\/#website\"},\"primaryImageOfPage\":{\"@id\":\"https:\\\/\\\/www.caudete.org\\\/ayuntamiento\\\/la-agente-de-policia-gabaldon-convocada-para-el-campeonato-de-espana-de-trail-por-la-seleccion-de-la-comunidad-valenciana\\\/#primaryimage\"},\"image\":{\"@id\":\"https:\\\/\\\/www.caudete.org\\\/ayuntamiento\\\/la-agente-de-policia-gabaldon-convocada-para-el-campeonato-de-espana-de-trail-por-la-seleccion-de-la-comunidad-valenciana\\\/#primaryimage\"},\"thumbnailUrl\":\"https:\\\/\\\/www.caudete.org\\\/ayuntamiento\\\/wp-content\\\/uploads\\\/2025\\\/05\\\/gabaldon.jpg\",\"datePublished\":\"2025-05-20T07:07:29+00:00\",\"author\":{\"@id\":\"https:\\\/\\\/www.caudete.org\\\/ayuntamiento\\\/#\\\/schema\\\/person\\\/cc646da9133078ee4d8dd47457947253\"},\"description\":\"P\u00e1gina Oficial del Ayuntamiento de Caudete (Albacete)\",\"breadcrumb\":{\"@id\":\"https:\\\/\\\/www.caudete.org\\\/ayuntamiento\\\/la-agente-de-policia-gabaldon-convocada-para-el-campeonato-de-espana-de-trail-por-la-seleccion-de-la-comunidad-valenciana\\\/#breadcrumb\"},\"inLanguage\":\"es\",\"potentialAction\":[{\"@type\":\"ReadAction\",\"target\":[\"https:\\\/\\\/www.caudete.org\\\/ayuntamiento\\\/la-agente-de-policia-gabaldon-convocada-para-el-campeonato-de-espana-de-trail-por-la-seleccion-de-la-comunidad-valenciana\\\/\"]}]},{\"@type\":\"ImageObject\",\"inLanguage\":\"es\",\"@id\":\"https:\\\/\\\/www.caudete.org\\\/ayuntamiento\\\/la-agente-de-policia-gabaldon-convocada-para-el-campeonato-de-espana-de-trail-por-la-seleccion-de-la-comunidad-valenciana\\\/#primaryimage\",\"url\":\"https:\\\/\\\/www.caudete.org\\\/ayuntamiento\\\/wp-content\\\/uploads\\\/2025\\\/05\\\/gabaldon.jpg\",\"contentUrl\":\"https:\\\/\\\/www.caudete.org\\\/ayuntamiento\\\/wp-content\\\/uploads\\\/2025\\\/05\\\/gabaldon.jpg\",\"width\":945,\"height\":707},{\"@type\":\"BreadcrumbList\",\"@id\":\"https:\\\/\\\/www.caudete.org\\\/ayuntamiento\\\/la-agente-de-policia-gabaldon-convocada-para-el-campeonato-de-espana-de-trail-por-la-seleccion-de-la-comunidad-valenciana\\\/#breadcrumb\",\"itemListElement\":[{\"@type\":\"ListItem\",\"position\":1,\"name\":\"Inicio\",\"item\":\"https:\\\/\\\/www.caudete.org\\\/ayuntamiento\\\/\"},{\"@type\":\"ListItem\",\"position\":2,\"name\":\"La Agente de Polic\u00eda Gabald\u00f3n, convocada para el Campeonato de Espa\u00f1a de Trail por la selecci\u00f3n de la Comunidad Valenciana\"}]},{\"@type\":\"WebSite\",\"@id\":\"https:\\\/\\\/www.caudete.org\\\/ayuntamiento\\\/#website\",\"url\":\"https:\\\/\\\/www.caudete.org\\\/ayuntamiento\\\/\",\"name\":\"MI Ayuntamiento de Caudete\",\"description\":\"P\u00e1gina Oficial del MI Ayuntamiento de Caudete\",\"potentialAction\":[{\"@type\":\"SearchAction\",\"target\":{\"@type\":\"EntryPoint\",\"urlTemplate\":\"https:\\\/\\\/www.caudete.org\\\/ayuntamiento\\\/?s={search_term_string}\"},\"query-input\":{\"@type\":\"PropertyValueSpecification\",\"valueRequired\":true,\"valueName\":\"search_term_string\"}}],\"inLanguage\":\"es\"},{\"@type\":\"Person\",\"@id\":\"https:\\\/\\\/www.caudete.org\\\/ayuntamiento\\\/#\\\/schema\\\/person\\\/cc646da9133078ee4d8dd47457947253\",\"name\":\"alcalde\",\"image\":{\"@type\":\"ImageObject\",\"inLanguage\":\"es\",\"@id\":\"https:\\\/\\\/secure.gravatar.com\\\/avatar\\\/84a817ba065b29ff08d666b215a215f5c79186a645ccb25b14a663d48a130f77?s=96&d=mm&r=g\",\"url\":\"https:\\\/\\\/secure.gravatar.com\\\/avatar\\\/84a817ba065b29ff08d666b215a215f5c79186a645ccb25b14a663d48a130f77?s=96&d=mm&r=g\",\"contentUrl\":\"https:\\\/\\\/secure.gravatar.com\\\/avatar\\\/84a817ba065b29ff08d666b215a215f5c79186a645ccb25b14a663d48a130f77?s=96&d=mm&r=g\",\"caption\":\"alcalde\"},\"url\":\"https:\\\/\\\/www.caudete.org\\\/ayuntamiento\\\/author\\\/alcalde\\\/\"}]}<\/script>\n<!-- \/ Yoast SEO plugin. -->","yoast_head_json":{"title":"La Agente de Polic\u00eda Gabald\u00f3n, convocada para el Campeonato de Espa\u00f1a de Trail por la selecci\u00f3n de la Comunidad Valenciana - MI Ayuntamiento de Caudete","description":"P\u00e1gina Oficial del Ayuntamiento de Caudete (Albacete)","robots":{"index":"index","follow":"follow","max-snippet":"max-snippet:-1","max-image-preview":"max-image-preview:large","max-video-preview":"max-video-preview:-1"},"canonical":"https:\/\/www.caudete.org\/ayuntamiento\/la-agente-de-policia-gabaldon-convocada-para-el-campeonato-de-espana-de-trail-por-la-seleccion-de-la-comunidad-valenciana\/","og_locale":"es_ES","og_type":"article","og_title":"La Agente de Polic\u00eda Gabald\u00f3n, convocada para el Campeonato de Espa\u00f1a de Trail por la selecci\u00f3n de la Comunidad Valenciana - MI Ayuntamiento de Caudete","og_description":"P\u00e1gina Oficial del Ayuntamiento de Caudete (Albacete)","og_url":"https:\/\/www.caudete.org\/ayuntamiento\/la-agente-de-policia-gabaldon-convocada-para-el-campeonato-de-espana-de-trail-por-la-seleccion-de-la-comunidad-valenciana\/","og_site_name":"MI Ayuntamiento de Caudete","article_publisher":"https:\/\/www.facebook.com\/ayuntamientocaudete\/","article_published_time":"2025-05-20T07:07:29+00:00","og_image":[{"width":945,"height":707,"url":"https:\/\/www.caudete.org\/ayuntamiento\/wp-content\/uploads\/2025\/05\/gabaldon.jpg","type":"image\/jpeg"}],"author":"alcalde","twitter_card":"summary_large_image","twitter_misc":{"Escrito por":"alcalde","Tiempo de lectura":"1 minuto"},"schema":{"@context":"https:\/\/schema.org","@graph":[{"@type":"Article","@id":"https:\/\/www.caudete.org\/ayuntamiento\/la-agente-de-policia-gabaldon-convocada-para-el-campeonato-de-espana-de-trail-por-la-seleccion-de-la-comunidad-valenciana\/#article","isPartOf":{"@id":"https:\/\/www.caudete.org\/ayuntamiento\/la-agente-de-policia-gabaldon-convocada-para-el-campeonato-de-espana-de-trail-por-la-seleccion-de-la-comunidad-valenciana\/"},"author":{"name":"alcalde","@id":"https:\/\/www.caudete.org\/ayuntamiento\/#\/schema\/person\/cc646da9133078ee4d8dd47457947253"},"headline":"La Agente de Polic\u00eda Gabald\u00f3n, convocada para el Campeonato de Espa\u00f1a de Trail por la selecci\u00f3n de la Comunidad Valenciana","datePublished":"2025-05-20T07:07:29+00:00","mainEntityOfPage":{"@id":"https:\/\/www.caudete.org\/ayuntamiento\/la-agente-de-policia-gabaldon-convocada-para-el-campeonato-de-espana-de-trail-por-la-seleccion-de-la-comunidad-valenciana\/"},"wordCount":183,"image":{"@id":"https:\/\/www.caudete.org\/ayuntamiento\/la-agente-de-policia-gabaldon-convocada-para-el-campeonato-de-espana-de-trail-por-la-seleccion-de-la-comunidad-valenciana\/#primaryimage"},"thumbnailUrl":"https:\/\/www.caudete.org\/ayuntamiento\/wp-content\/uploads\/2025\/05\/gabaldon.jpg","articleSection":["Polic\u00eda Local"],"inLanguage":"es"},{"@type":"WebPage","@id":"https:\/\/www.caudete.org\/ayuntamiento\/la-agente-de-policia-gabaldon-convocada-para-el-campeonato-de-espana-de-trail-por-la-seleccion-de-la-comunidad-valenciana\/","url":"https:\/\/www.caudete.org\/ayuntamiento\/la-agente-de-policia-gabaldon-convocada-para-el-campeonato-de-espana-de-trail-por-la-seleccion-de-la-comunidad-valenciana\/","name":"La Agente de Polic\u00eda Gabald\u00f3n, convocada para el Campeonato de Espa\u00f1a de Trail por la selecci\u00f3n de la Comunidad Valenciana - MI Ayuntamiento de Caudete","isPartOf":{"@id":"https:\/\/www.caudete.org\/ayuntamiento\/#website"},"primaryImageOfPage":{"@id":"https:\/\/www.caudete.org\/ayuntamiento\/la-agente-de-policia-gabaldon-convocada-para-el-campeonato-de-espana-de-trail-por-la-seleccion-de-la-comunidad-valenciana\/#primaryimage"},"image":{"@id":"https:\/\/www.caudete.org\/ayuntamiento\/la-agente-de-policia-gabaldon-convocada-para-el-campeonato-de-espana-de-trail-por-la-seleccion-de-la-comunidad-valenciana\/#primaryimage"},"thumbnailUrl":"https:\/\/www.caudete.org\/ayuntamiento\/wp-content\/uploads\/2025\/05\/gabaldon.jpg","datePublished":"2025-05-20T07:07:29+00:00","author":{"@id":"https:\/\/www.caudete.org\/ayuntamiento\/#\/schema\/person\/cc646da9133078ee4d8dd47457947253"},"description":"P\u00e1gina Oficial del Ayuntamiento de Caudete (Albacete)","breadcrumb":{"@id":"https:\/\/www.caudete.org\/ayuntamiento\/la-agente-de-policia-gabaldon-convocada-para-el-campeonato-de-espana-de-trail-por-la-seleccion-de-la-comunidad-valenciana\/#breadcrumb"},"inLanguage":"es","potentialAction":[{"@type":"ReadAction","target":["https:\/\/www.caudete.org\/ayuntamiento\/la-agente-de-policia-gabaldon-convocada-para-el-campeonato-de-espana-de-trail-por-la-seleccion-de-la-comunidad-valenciana\/"]}]},{"@type":"ImageObject","inLanguage":"es","@id":"https:\/\/www.caudete.org\/ayuntamiento\/la-agente-de-policia-gabaldon-convocada-para-el-campeonato-de-espana-de-trail-por-la-seleccion-de-la-comunidad-valenciana\/#primaryimage","url":"https:\/\/www.caudete.org\/ayuntamiento\/wp-content\/uploads\/2025\/05\/gabaldon.jpg","contentUrl":"https:\/\/www.caudete.org\/ayuntamiento\/wp-content\/uploads\/2025\/05\/gabaldon.jpg","width":945,"height":707},{"@type":"BreadcrumbList","@id":"https:\/\/www.caudete.org\/ayuntamiento\/la-agente-de-policia-gabaldon-convocada-para-el-campeonato-de-espana-de-trail-por-la-seleccion-de-la-comunidad-valenciana\/#breadcrumb","itemListElement":[{"@type":"ListItem","position":1,"name":"Inicio","item":"https:\/\/www.caudete.org\/ayuntamiento\/"},{"@type":"ListItem","position":2,"name":"La Agente de Polic\u00eda Gabald\u00f3n, convocada para el Campeonato de Espa\u00f1a de Trail por la selecci\u00f3n de la Comunidad Valenciana"}]},{"@type":"WebSite","@id":"https:\/\/www.caudete.org\/ayuntamiento\/#website","url":"https:\/\/www.caudete.org\/ayuntamiento\/","name":"MI Ayuntamiento de Caudete","description":"P\u00e1gina Oficial del MI Ayuntamiento de Caudete","potentialAction":[{"@type":"SearchAction","target":{"@type":"EntryPoint","urlTemplate":"https:\/\/www.caudete.org\/ayuntamiento\/?s={search_term_string}"},"query-input":{"@type":"PropertyValueSpecification","valueRequired":true,"valueName":"search_term_string"}}],"inLanguage":"es"},{"@type":"Person","@id":"https:\/\/www.caudete.org\/ayuntamiento\/#\/schema\/person\/cc646da9133078ee4d8dd47457947253","name":"alcalde","image":{"@type":"ImageObject","inLanguage":"es","@id":"https:\/\/secure.gravatar.com\/avatar\/84a817ba065b29ff08d666b215a215f5c79186a645ccb25b14a663d48a130f77?s=96&d=mm&r=g","url":"https:\/\/secure.gravatar.com\/avatar\/84a817ba065b29ff08d666b215a215f5c79186a645ccb25b14a663d48a130f77?s=96&d=mm&r=g","contentUrl":"https:\/\/secure.gravatar.com\/avatar\/84a817ba065b29ff08d666b215a215f5c79186a645ccb25b14a663d48a130f77?s=96&d=mm&r=g","caption":"alcalde"},"url":"https:\/\/www.caudete.org\/ayuntamiento\/author\/alcalde\/"}]}},"_links":{"self":[{"href":"https:\/\/www.caudete.org\/ayuntamiento\/wp-json\/wp\/v2\/posts\/28712","targetHints":{"allow":["GET"]}}],"collection":[{"href":"https:\/\/www.caudete.org\/ayuntamiento\/wp-json\/wp\/v2\/posts"}],"about":[{"href":"https:\/\/www.caudete.org\/ayuntamiento\/wp-json\/wp\/v2\/types\/post"}],"author":[{"embeddable":true,"href":"https:\/\/www.caudete.org\/ayuntamiento\/wp-json\/wp\/v2\/users\/3"}],"replies":[{"embeddable":true,"href":"https:\/\/www.caudete.org\/ayuntamiento\/wp-json\/wp\/v2\/comments?post=28712"}],"version-history":[{"count":1,"href":"https:\/\/www.caudete.org\/ayuntamiento\/wp-json\/wp\/v2\/posts\/28712\/revisions"}],"predecessor-version":[{"id":28714,"href":"https:\/\/www.caudete.org\/ayuntamiento\/wp-json\/wp\/v2\/posts\/28712\/revisions\/28714"}],"wp:featuredmedia":[{"embeddable":true,"href":"https:\/\/www.caudete.org\/ayuntamiento\/wp-json\/wp\/v2\/media\/28713"}],"wp:attachment":[{"href":"https:\/\/www.caudete.org\/ayuntamiento\/wp-json\/wp\/v2\/media?parent=28712"}],"wp:term":[{"taxonomy":"category","embeddable":true,"href":"https:\/\/www.caudete.org\/ayuntamiento\/wp-json\/wp\/v2\/categories?post=28712"},{"taxonomy":"post_tag","embeddable":true,"href":"https:\/\/www.caudete.org\/ayuntamiento\/wp-json\/wp\/v2\/tags?post=28712"}],"curies":[{"name":"wp","href":"https:\/\/api.w.org\/{rel}","templated":true}]}}