{"id":28726,"date":"2025-05-20T09:12:00","date_gmt":"2025-05-20T07:12:00","guid":{"rendered":"https:\/\/www.caudete.org\/ayuntamiento\/?p=28726"},"modified":"2025-06-01T10:18:02","modified_gmt":"2025-06-01T08:18:02","slug":"abierto-el-plazo-para-participar-en-el-plan-de-empleo-hasta-el-viernes-30-de-mayo","status":"publish","type":"post","link":"https:\/\/www.caudete.org\/ayuntamiento\/abierto-el-plazo-para-participar-en-el-plan-de-empleo-hasta-el-viernes-30-de-mayo\/","title":{"rendered":"Abierto el plazo para participar en el PLAN DE EMPLEO hasta el viernes 30 de Mayo"},"content":{"rendered":"<p style=\"text-align: justify;\">La Concejal de Promoci\u00f3n y Desarrollo Econ\u00f3mico, M\u00aa Dolores Requena, quien gestiona dentro de sus competencias el Empleo y la Formaci\u00f3n (entre otras) ha informado que ya est\u00e1 abierto el proceso para participar en el Plan de Empleo 2025-2026.<\/p>\n<p style=\"text-align: justify;\">Las Bases Reguladoras, disponibles en el\u00a0<a href=\"https:\/\/caudete.sedipualba.es\/tablondeanuncios\/anuncio.aspx?id=62763\" target=\"_blank\" rel=\"nofollow\">tabl\u00f3n de anuncios<\/a> establecen los requisitos que deben de reunir los interesados, quienes podr\u00e1n presentar la documentaci\u00f3n por Registro General de Entrada hasta el pr\u00f3ximo d\u00eda 30 de Mayo de 2025 (viernes), \u00a0pudiendo presentarse de forma presencial o telem\u00e1tica.<\/p>\n<p style=\"text-align: justify;\">Para esta edici\u00f3n, al Ayuntamiento de Caudete se le han otorgado un total de 46 contratos, con una duraci\u00f3n temporal cada uno de ellos de 6 meses, a jornada completa y que estar\u00e1n repartidos en diferentes \u00e1reas municipales, mas 1 coordinador.<\/p>\n","protected":false},"excerpt":{"rendered":"<p>La Concejal de Promoci\u00f3n y Desarrollo Econ\u00f3mico, M\u00aa Dolores Requena, quien gestiona dentro de sus competencias el Empleo y la Formaci\u00f3n (entre otras) ha informado que ya est\u00e1 abierto el proceso para participar en el Plan de Empleo 2025-2026. Las Bases Reguladoras, disponibles en el\u00a0tabl\u00f3n de anuncios establecen los requisitos que deben de reunir los &hellip;<\/p>\n","protected":false},"author":3,"featured_media":28727,"comment_status":"closed","ping_status":"open","sticky":false,"template":"","format":"standard","meta":{"ngg_post_thumbnail":0,"footnotes":""},"categories":[851],"tags":[],"class_list":["post-28726","post","type-post","status-publish","format-standard","has-post-thumbnail","hentry","category-promocion-y-desarrollo-economico"],"yoast_head":"<!-- This site is optimized with the Yoast SEO plugin v27.4 - https:\/\/yoast.com\/product\/yoast-seo-wordpress\/ -->\n<title>Abierto el plazo para participar en el PLAN DE EMPLEO hasta el viernes 30 de Mayo - MI Ayuntamiento de Caudete<\/title>\n<meta name=\"description\" content=\"P\u00e1gina Oficial del Ayuntamiento de Caudete (Albacete)\" \/>\n<meta name=\"robots\" content=\"index, follow, max-snippet:-1, max-image-preview:large, max-video-preview:-1\" \/>\n<link rel=\"canonical\" href=\"https:\/\/www.caudete.org\/ayuntamiento\/abierto-el-plazo-para-participar-en-el-plan-de-empleo-hasta-el-viernes-30-de-mayo\/\" \/>\n<meta property=\"og:locale\" content=\"es_ES\" \/>\n<meta property=\"og:type\" content=\"article\" \/>\n<meta property=\"og:title\" content=\"Abierto el plazo para participar en el PLAN DE EMPLEO hasta el viernes 30 de Mayo - MI Ayuntamiento de Caudete\" \/>\n<meta property=\"og:description\" content=\"P\u00e1gina Oficial del Ayuntamiento de Caudete (Albacete)\" \/>\n<meta property=\"og:url\" content=\"https:\/\/www.caudete.org\/ayuntamiento\/abierto-el-plazo-para-participar-en-el-plan-de-empleo-hasta-el-viernes-30-de-mayo\/\" \/>\n<meta property=\"og:site_name\" content=\"MI Ayuntamiento de Caudete\" \/>\n<meta property=\"article:publisher\" content=\"https:\/\/www.facebook.com\/ayuntamientocaudete\/\" \/>\n<meta property=\"article:published_time\" content=\"2025-05-20T07:12:00+00:00\" \/>\n<meta property=\"article:modified_time\" content=\"2025-06-01T08:18:02+00:00\" \/>\n<meta property=\"og:image\" content=\"https:\/\/www.caudete.org\/ayuntamiento\/wp-content\/uploads\/2025\/05\/WhatsApp-Image-2025-05-19-at-15.29.46.jpeg\" \/>\n\t<meta property=\"og:image:width\" content=\"2040\" \/>\n\t<meta property=\"og:image:height\" content=\"1530\" \/>\n\t<meta property=\"og:image:type\" content=\"image\/jpeg\" \/>\n<meta name=\"author\" content=\"alcalde\" \/>\n<meta name=\"twitter:card\" content=\"summary_large_image\" \/>\n<meta name=\"twitter:label1\" content=\"Escrito por\" \/>\n\t<meta name=\"twitter:data1\" content=\"alcalde\" \/>\n\t<meta name=\"twitter:label2\" content=\"Tiempo de lectura\" \/>\n\t<meta name=\"twitter:data2\" content=\"1 minuto\" \/>\n<script type=\"application\/ld+json\" class=\"yoast-schema-graph\">{\"@context\":\"https:\\\/\\\/schema.org\",\"@graph\":[{\"@type\":\"Article\",\"@id\":\"https:\\\/\\\/www.caudete.org\\\/ayuntamiento\\\/abierto-el-plazo-para-participar-en-el-plan-de-empleo-hasta-el-viernes-30-de-mayo\\\/#article\",\"isPartOf\":{\"@id\":\"https:\\\/\\\/www.caudete.org\\\/ayuntamiento\\\/abierto-el-plazo-para-participar-en-el-plan-de-empleo-hasta-el-viernes-30-de-mayo\\\/\"},\"author\":{\"name\":\"alcalde\",\"@id\":\"https:\\\/\\\/www.caudete.org\\\/ayuntamiento\\\/#\\\/schema\\\/person\\\/cc646da9133078ee4d8dd47457947253\"},\"headline\":\"Abierto el plazo para participar en el PLAN DE EMPLEO hasta el viernes 30 de Mayo\",\"datePublished\":\"2025-05-20T07:12:00+00:00\",\"dateModified\":\"2025-06-01T08:18:02+00:00\",\"mainEntityOfPage\":{\"@id\":\"https:\\\/\\\/www.caudete.org\\\/ayuntamiento\\\/abierto-el-plazo-para-participar-en-el-plan-de-empleo-hasta-el-viernes-30-de-mayo\\\/\"},\"wordCount\":147,\"publisher\":{\"@id\":\"https:\\\/\\\/www.caudete.org\\\/ayuntamiento\\\/#organization\"},\"image\":{\"@id\":\"https:\\\/\\\/www.caudete.org\\\/ayuntamiento\\\/abierto-el-plazo-para-participar-en-el-plan-de-empleo-hasta-el-viernes-30-de-mayo\\\/#primaryimage\"},\"thumbnailUrl\":\"https:\\\/\\\/www.caudete.org\\\/ayuntamiento\\\/wp-content\\\/uploads\\\/2025\\\/05\\\/WhatsApp-Image-2025-05-19-at-15.29.46.jpeg\",\"articleSection\":[\"Promoci\u00f3n y Desarrollo Econ\u00f3mico\"],\"inLanguage\":\"es\"},{\"@type\":\"WebPage\",\"@id\":\"https:\\\/\\\/www.caudete.org\\\/ayuntamiento\\\/abierto-el-plazo-para-participar-en-el-plan-de-empleo-hasta-el-viernes-30-de-mayo\\\/\",\"url\":\"https:\\\/\\\/www.caudete.org\\\/ayuntamiento\\\/abierto-el-plazo-para-participar-en-el-plan-de-empleo-hasta-el-viernes-30-de-mayo\\\/\",\"name\":\"Abierto el plazo para participar en el PLAN DE EMPLEO hasta el viernes 30 de Mayo - MI Ayuntamiento de Caudete\",\"isPartOf\":{\"@id\":\"https:\\\/\\\/www.caudete.org\\\/ayuntamiento\\\/#website\"},\"primaryImageOfPage\":{\"@id\":\"https:\\\/\\\/www.caudete.org\\\/ayuntamiento\\\/abierto-el-plazo-para-participar-en-el-plan-de-empleo-hasta-el-viernes-30-de-mayo\\\/#primaryimage\"},\"image\":{\"@id\":\"https:\\\/\\\/www.caudete.org\\\/ayuntamiento\\\/abierto-el-plazo-para-participar-en-el-plan-de-empleo-hasta-el-viernes-30-de-mayo\\\/#primaryimage\"},\"thumbnailUrl\":\"https:\\\/\\\/www.caudete.org\\\/ayuntamiento\\\/wp-content\\\/uploads\\\/2025\\\/05\\\/WhatsApp-Image-2025-05-19-at-15.29.46.jpeg\",\"datePublished\":\"2025-05-20T07:12:00+00:00\",\"dateModified\":\"2025-06-01T08:18:02+00:00\",\"description\":\"P\u00e1gina Oficial del Ayuntamiento de Caudete (Albacete)\",\"breadcrumb\":{\"@id\":\"https:\\\/\\\/www.caudete.org\\\/ayuntamiento\\\/abierto-el-plazo-para-participar-en-el-plan-de-empleo-hasta-el-viernes-30-de-mayo\\\/#breadcrumb\"},\"inLanguage\":\"es\",\"potentialAction\":[{\"@type\":\"ReadAction\",\"target\":[\"https:\\\/\\\/www.caudete.org\\\/ayuntamiento\\\/abierto-el-plazo-para-participar-en-el-plan-de-empleo-hasta-el-viernes-30-de-mayo\\\/\"]}]},{\"@type\":\"ImageObject\",\"inLanguage\":\"es\",\"@id\":\"https:\\\/\\\/www.caudete.org\\\/ayuntamiento\\\/abierto-el-plazo-para-participar-en-el-plan-de-empleo-hasta-el-viernes-30-de-mayo\\\/#primaryimage\",\"url\":\"https:\\\/\\\/www.caudete.org\\\/ayuntamiento\\\/wp-content\\\/uploads\\\/2025\\\/05\\\/WhatsApp-Image-2025-05-19-at-15.29.46.jpeg\",\"contentUrl\":\"https:\\\/\\\/www.caudete.org\\\/ayuntamiento\\\/wp-content\\\/uploads\\\/2025\\\/05\\\/WhatsApp-Image-2025-05-19-at-15.29.46.jpeg\",\"width\":2040,\"height\":1530},{\"@type\":\"BreadcrumbList\",\"@id\":\"https:\\\/\\\/www.caudete.org\\\/ayuntamiento\\\/abierto-el-plazo-para-participar-en-el-plan-de-empleo-hasta-el-viernes-30-de-mayo\\\/#breadcrumb\",\"itemListElement\":[{\"@type\":\"ListItem\",\"position\":1,\"name\":\"Inicio\",\"item\":\"https:\\\/\\\/www.caudete.org\\\/ayuntamiento\\\/\"},{\"@type\":\"ListItem\",\"position\":2,\"name\":\"Abierto el plazo para participar en el PLAN DE EMPLEO hasta el viernes 30 de Mayo\"}]},{\"@type\":\"WebSite\",\"@id\":\"https:\\\/\\\/www.caudete.org\\\/ayuntamiento\\\/#website\",\"url\":\"https:\\\/\\\/www.caudete.org\\\/ayuntamiento\\\/\",\"name\":\"MI Ayuntamiento de Caudete\",\"description\":\"P\u00e1gina Oficial del MI Ayuntamiento de Caudete\",\"publisher\":{\"@id\":\"https:\\\/\\\/www.caudete.org\\\/ayuntamiento\\\/#organization\"},\"potentialAction\":[{\"@type\":\"SearchAction\",\"target\":{\"@type\":\"EntryPoint\",\"urlTemplate\":\"https:\\\/\\\/www.caudete.org\\\/ayuntamiento\\\/?s={search_term_string}\"},\"query-input\":{\"@type\":\"PropertyValueSpecification\",\"valueRequired\":true,\"valueName\":\"search_term_string\"}}],\"inLanguage\":\"es\"},{\"@type\":\"Organization\",\"@id\":\"https:\\\/\\\/www.caudete.org\\\/ayuntamiento\\\/#organization\",\"name\":\"Ayuntamiento de Caudete\",\"url\":\"https:\\\/\\\/www.caudete.org\\\/ayuntamiento\\\/\",\"logo\":{\"@type\":\"ImageObject\",\"inLanguage\":\"es\",\"@id\":\"https:\\\/\\\/www.caudete.org\\\/ayuntamiento\\\/#\\\/schema\\\/logo\\\/image\\\/\",\"url\":\"https:\\\/\\\/www.caudete.org\\\/ayuntamiento\\\/wp-content\\\/uploads\\\/2020\\\/11\\\/logo_ayuntamiento_caudete.jpg\",\"contentUrl\":\"https:\\\/\\\/www.caudete.org\\\/ayuntamiento\\\/wp-content\\\/uploads\\\/2020\\\/11\\\/logo_ayuntamiento_caudete.jpg\",\"width\":600,\"height\":150,\"caption\":\"Ayuntamiento de Caudete\"},\"image\":{\"@id\":\"https:\\\/\\\/www.caudete.org\\\/ayuntamiento\\\/#\\\/schema\\\/logo\\\/image\\\/\"},\"sameAs\":[\"https:\\\/\\\/www.facebook.com\\\/ayuntamientocaudete\\\/\",\"https:\\\/\\\/www.youtube.com\\\/channel\\\/UC6VztHaooNsGpw-tNoBEFnQ\"]},{\"@type\":\"Person\",\"@id\":\"https:\\\/\\\/www.caudete.org\\\/ayuntamiento\\\/#\\\/schema\\\/person\\\/cc646da9133078ee4d8dd47457947253\",\"name\":\"alcalde\",\"image\":{\"@type\":\"ImageObject\",\"inLanguage\":\"es\",\"@id\":\"https:\\\/\\\/secure.gravatar.com\\\/avatar\\\/84a817ba065b29ff08d666b215a215f5c79186a645ccb25b14a663d48a130f77?s=96&d=mm&r=g\",\"url\":\"https:\\\/\\\/secure.gravatar.com\\\/avatar\\\/84a817ba065b29ff08d666b215a215f5c79186a645ccb25b14a663d48a130f77?s=96&d=mm&r=g\",\"contentUrl\":\"https:\\\/\\\/secure.gravatar.com\\\/avatar\\\/84a817ba065b29ff08d666b215a215f5c79186a645ccb25b14a663d48a130f77?s=96&d=mm&r=g\",\"caption\":\"alcalde\"},\"url\":\"https:\\\/\\\/www.caudete.org\\\/ayuntamiento\\\/author\\\/alcalde\\\/\"}]}<\/script>\n<!-- \/ Yoast SEO plugin. -->","yoast_head_json":{"title":"Abierto el plazo para participar en el PLAN DE EMPLEO hasta el viernes 30 de Mayo - MI Ayuntamiento de Caudete","description":"P\u00e1gina Oficial del Ayuntamiento de Caudete (Albacete)","robots":{"index":"index","follow":"follow","max-snippet":"max-snippet:-1","max-image-preview":"max-image-preview:large","max-video-preview":"max-video-preview:-1"},"canonical":"https:\/\/www.caudete.org\/ayuntamiento\/abierto-el-plazo-para-participar-en-el-plan-de-empleo-hasta-el-viernes-30-de-mayo\/","og_locale":"es_ES","og_type":"article","og_title":"Abierto el plazo para participar en el PLAN DE EMPLEO hasta el viernes 30 de Mayo - MI Ayuntamiento de Caudete","og_description":"P\u00e1gina Oficial del Ayuntamiento de Caudete (Albacete)","og_url":"https:\/\/www.caudete.org\/ayuntamiento\/abierto-el-plazo-para-participar-en-el-plan-de-empleo-hasta-el-viernes-30-de-mayo\/","og_site_name":"MI Ayuntamiento de Caudete","article_publisher":"https:\/\/www.facebook.com\/ayuntamientocaudete\/","article_published_time":"2025-05-20T07:12:00+00:00","article_modified_time":"2025-06-01T08:18:02+00:00","og_image":[{"width":2040,"height":1530,"url":"https:\/\/www.caudete.org\/ayuntamiento\/wp-content\/uploads\/2025\/05\/WhatsApp-Image-2025-05-19-at-15.29.46.jpeg","type":"image\/jpeg"}],"author":"alcalde","twitter_card":"summary_large_image","twitter_misc":{"Escrito por":"alcalde","Tiempo de lectura":"1 minuto"},"schema":{"@context":"https:\/\/schema.org","@graph":[{"@type":"Article","@id":"https:\/\/www.caudete.org\/ayuntamiento\/abierto-el-plazo-para-participar-en-el-plan-de-empleo-hasta-el-viernes-30-de-mayo\/#article","isPartOf":{"@id":"https:\/\/www.caudete.org\/ayuntamiento\/abierto-el-plazo-para-participar-en-el-plan-de-empleo-hasta-el-viernes-30-de-mayo\/"},"author":{"name":"alcalde","@id":"https:\/\/www.caudete.org\/ayuntamiento\/#\/schema\/person\/cc646da9133078ee4d8dd47457947253"},"headline":"Abierto el plazo para participar en el PLAN DE EMPLEO hasta el viernes 30 de Mayo","datePublished":"2025-05-20T07:12:00+00:00","dateModified":"2025-06-01T08:18:02+00:00","mainEntityOfPage":{"@id":"https:\/\/www.caudete.org\/ayuntamiento\/abierto-el-plazo-para-participar-en-el-plan-de-empleo-hasta-el-viernes-30-de-mayo\/"},"wordCount":147,"publisher":{"@id":"https:\/\/www.caudete.org\/ayuntamiento\/#organization"},"image":{"@id":"https:\/\/www.caudete.org\/ayuntamiento\/abierto-el-plazo-para-participar-en-el-plan-de-empleo-hasta-el-viernes-30-de-mayo\/#primaryimage"},"thumbnailUrl":"https:\/\/www.caudete.org\/ayuntamiento\/wp-content\/uploads\/2025\/05\/WhatsApp-Image-2025-05-19-at-15.29.46.jpeg","articleSection":["Promoci\u00f3n y Desarrollo Econ\u00f3mico"],"inLanguage":"es"},{"@type":"WebPage","@id":"https:\/\/www.caudete.org\/ayuntamiento\/abierto-el-plazo-para-participar-en-el-plan-de-empleo-hasta-el-viernes-30-de-mayo\/","url":"https:\/\/www.caudete.org\/ayuntamiento\/abierto-el-plazo-para-participar-en-el-plan-de-empleo-hasta-el-viernes-30-de-mayo\/","name":"Abierto el plazo para participar en el PLAN DE EMPLEO hasta el viernes 30 de Mayo - MI Ayuntamiento de Caudete","isPartOf":{"@id":"https:\/\/www.caudete.org\/ayuntamiento\/#website"},"primaryImageOfPage":{"@id":"https:\/\/www.caudete.org\/ayuntamiento\/abierto-el-plazo-para-participar-en-el-plan-de-empleo-hasta-el-viernes-30-de-mayo\/#primaryimage"},"image":{"@id":"https:\/\/www.caudete.org\/ayuntamiento\/abierto-el-plazo-para-participar-en-el-plan-de-empleo-hasta-el-viernes-30-de-mayo\/#primaryimage"},"thumbnailUrl":"https:\/\/www.caudete.org\/ayuntamiento\/wp-content\/uploads\/2025\/05\/WhatsApp-Image-2025-05-19-at-15.29.46.jpeg","datePublished":"2025-05-20T07:12:00+00:00","dateModified":"2025-06-01T08:18:02+00:00","description":"P\u00e1gina Oficial del Ayuntamiento de Caudete (Albacete)","breadcrumb":{"@id":"https:\/\/www.caudete.org\/ayuntamiento\/abierto-el-plazo-para-participar-en-el-plan-de-empleo-hasta-el-viernes-30-de-mayo\/#breadcrumb"},"inLanguage":"es","potentialAction":[{"@type":"ReadAction","target":["https:\/\/www.caudete.org\/ayuntamiento\/abierto-el-plazo-para-participar-en-el-plan-de-empleo-hasta-el-viernes-30-de-mayo\/"]}]},{"@type":"ImageObject","inLanguage":"es","@id":"https:\/\/www.caudete.org\/ayuntamiento\/abierto-el-plazo-para-participar-en-el-plan-de-empleo-hasta-el-viernes-30-de-mayo\/#primaryimage","url":"https:\/\/www.caudete.org\/ayuntamiento\/wp-content\/uploads\/2025\/05\/WhatsApp-Image-2025-05-19-at-15.29.46.jpeg","contentUrl":"https:\/\/www.caudete.org\/ayuntamiento\/wp-content\/uploads\/2025\/05\/WhatsApp-Image-2025-05-19-at-15.29.46.jpeg","width":2040,"height":1530},{"@type":"BreadcrumbList","@id":"https:\/\/www.caudete.org\/ayuntamiento\/abierto-el-plazo-para-participar-en-el-plan-de-empleo-hasta-el-viernes-30-de-mayo\/#breadcrumb","itemListElement":[{"@type":"ListItem","position":1,"name":"Inicio","item":"https:\/\/www.caudete.org\/ayuntamiento\/"},{"@type":"ListItem","position":2,"name":"Abierto el plazo para participar en el PLAN DE EMPLEO hasta el viernes 30 de Mayo"}]},{"@type":"WebSite","@id":"https:\/\/www.caudete.org\/ayuntamiento\/#website","url":"https:\/\/www.caudete.org\/ayuntamiento\/","name":"MI Ayuntamiento de Caudete","description":"P\u00e1gina Oficial del MI Ayuntamiento de Caudete","publisher":{"@id":"https:\/\/www.caudete.org\/ayuntamiento\/#organization"},"potentialAction":[{"@type":"SearchAction","target":{"@type":"EntryPoint","urlTemplate":"https:\/\/www.caudete.org\/ayuntamiento\/?s={search_term_string}"},"query-input":{"@type":"PropertyValueSpecification","valueRequired":true,"valueName":"search_term_string"}}],"inLanguage":"es"},{"@type":"Organization","@id":"https:\/\/www.caudete.org\/ayuntamiento\/#organization","name":"Ayuntamiento de Caudete","url":"https:\/\/www.caudete.org\/ayuntamiento\/","logo":{"@type":"ImageObject","inLanguage":"es","@id":"https:\/\/www.caudete.org\/ayuntamiento\/#\/schema\/logo\/image\/","url":"https:\/\/www.caudete.org\/ayuntamiento\/wp-content\/uploads\/2020\/11\/logo_ayuntamiento_caudete.jpg","contentUrl":"https:\/\/www.caudete.org\/ayuntamiento\/wp-content\/uploads\/2020\/11\/logo_ayuntamiento_caudete.jpg","width":600,"height":150,"caption":"Ayuntamiento de Caudete"},"image":{"@id":"https:\/\/www.caudete.org\/ayuntamiento\/#\/schema\/logo\/image\/"},"sameAs":["https:\/\/www.facebook.com\/ayuntamientocaudete\/","https:\/\/www.youtube.com\/channel\/UC6VztHaooNsGpw-tNoBEFnQ"]},{"@type":"Person","@id":"https:\/\/www.caudete.org\/ayuntamiento\/#\/schema\/person\/cc646da9133078ee4d8dd47457947253","name":"alcalde","image":{"@type":"ImageObject","inLanguage":"es","@id":"https:\/\/secure.gravatar.com\/avatar\/84a817ba065b29ff08d666b215a215f5c79186a645ccb25b14a663d48a130f77?s=96&d=mm&r=g","url":"https:\/\/secure.gravatar.com\/avatar\/84a817ba065b29ff08d666b215a215f5c79186a645ccb25b14a663d48a130f77?s=96&d=mm&r=g","contentUrl":"https:\/\/secure.gravatar.com\/avatar\/84a817ba065b29ff08d666b215a215f5c79186a645ccb25b14a663d48a130f77?s=96&d=mm&r=g","caption":"alcalde"},"url":"https:\/\/www.caudete.org\/ayuntamiento\/author\/alcalde\/"}]}},"_links":{"self":[{"href":"https:\/\/www.caudete.org\/ayuntamiento\/wp-json\/wp\/v2\/posts\/28726","targetHints":{"allow":["GET"]}}],"collection":[{"href":"https:\/\/www.caudete.org\/ayuntamiento\/wp-json\/wp\/v2\/posts"}],"about":[{"href":"https:\/\/www.caudete.org\/ayuntamiento\/wp-json\/wp\/v2\/types\/post"}],"author":[{"embeddable":true,"href":"https:\/\/www.caudete.org\/ayuntamiento\/wp-json\/wp\/v2\/users\/3"}],"replies":[{"embeddable":true,"href":"https:\/\/www.caudete.org\/ayuntamiento\/wp-json\/wp\/v2\/comments?post=28726"}],"version-history":[{"count":1,"href":"https:\/\/www.caudete.org\/ayuntamiento\/wp-json\/wp\/v2\/posts\/28726\/revisions"}],"predecessor-version":[{"id":28728,"href":"https:\/\/www.caudete.org\/ayuntamiento\/wp-json\/wp\/v2\/posts\/28726\/revisions\/28728"}],"wp:featuredmedia":[{"embeddable":true,"href":"https:\/\/www.caudete.org\/ayuntamiento\/wp-json\/wp\/v2\/media\/28727"}],"wp:attachment":[{"href":"https:\/\/www.caudete.org\/ayuntamiento\/wp-json\/wp\/v2\/media?parent=28726"}],"wp:term":[{"taxonomy":"category","embeddable":true,"href":"https:\/\/www.caudete.org\/ayuntamiento\/wp-json\/wp\/v2\/categories?post=28726"},{"taxonomy":"post_tag","embeddable":true,"href":"https:\/\/www.caudete.org\/ayuntamiento\/wp-json\/wp\/v2\/tags?post=28726"}],"curies":[{"name":"wp","href":"https:\/\/api.w.org\/{rel}","templated":true}]}}